{"id":51789,"date":"2023-05-17T05:38:02","date_gmt":"2023-05-17T08:38:02","guid":{"rendered":"https:\/\/www.mundoacuicola.cl\/new\/?p=51789"},"modified":"2023-05-18T09:37:07","modified_gmt":"2023-05-18T12:37:07","slug":"fiordo-quitralco-reporta-condiciones-de-anoxia-profunda-en-su-cabecera-nunca-registrada-en-la-patagonia-norte","status":"publish","type":"post","link":"https:\/\/www.mundoacuicola.cl\/new\/fiordo-quitralco-reporta-condiciones-de-anoxia-profunda-en-su-cabecera-nunca-registrada-en-la-patagonia-norte\/","title":{"rendered":"Fiordo Quitralco reporta condiciones de anoxia profunda en su cabecera, nunca registrada en la Patagonia norte"},"content":{"rendered":"<p><span style=\"font-weight: 400;\"><a href=\"https:\/\/www.mundoacuicola.cl\/medios\/?url_camp=26\" target=\"_blank\" rel=\"https:\/\/www.mundoacuicola.cl\/medios\/?url_camp=26 noopener\"><img fetchpriority=\"high\" decoding=\"async\" class=\"alignright\" src=\"https:\/\/www.mundoacuicola.cl\/medios\/?camp=26\" alt=\"\" width=\"300\" height=\"250\" \/><\/a>Desde el comienzo de las investigaciones oceanogr\u00e1ficas en la Patagonia norte en 1970 por la expedici\u00f3n Hudson, cient\u00edficos canadienses y chilenos reportaron el comportamiento del ox\u00edgeno disuelto, detectando zonas profundas, bajo los 100 metros, con presencia de hipoxia. La hipoxia se origina cuando el ox\u00edgeno desciende por debajo de los 2.8 mg\/L o 30% de saturaci\u00f3n y su origen se debe tanto a procesos naturales como antr\u00f3picos. Entre los principales procesos naturales se destacan, por ejemplo, el consumo de ox\u00edgeno por los organismos marinos, el transporte de aguas pobres de ox\u00edgeno desde otras zonas y el uso del ox\u00edgeno en la degradaci\u00f3n de la materia org\u00e1nica, as\u00ed como en su remineralizaci\u00f3n. Por otro lado, la contaminaci\u00f3n marina, los aportes org\u00e1nicos de actividades industriales y la eutrofizaci\u00f3n de las aguas, contribuyen igualmente con la disminuci\u00f3n del ox\u00edgeno generando hipoxia en muchas regiones costeras del mundo.<\/span><\/p>\n<p><span style=\"font-weight: 400;\">Investigaciones recientes entre el Centro i~mar de la Universidad de Los Lagos y el Instituto de Fomento Pesquero (IFOP) han permitido medir nuevamente las concentraciones de ox\u00edgeno desde el fiordo Reloncav\u00ed hasta la Laguna San Rafael. En estos estudios que se realizan de forma estacional desde 2016 hasta la actualidad, el fiordo Quitralco ha sido la regi\u00f3n de la Patagonia norte donde se han registrado los valores m\u00e1s bajos de ox\u00edgeno. <\/span><\/p>\n<p><span style=\"font-weight: 400;\">En la red de estaciones realizadas desde la boca hacia la cabecera del fiordo Quitralco, siempre han sido las estaciones ubicadas en la parte final del fiordo, las que han mostrado hipoxia por debajo de los 100 metros de profundidad hasta el fondo. Sin embargo, en los muestreos de 2022 y 2023 estos registros han sido cercanos a cero, registr\u00e1ndose anoxia. Por ejemplo, el 13 marzo 2023, el ox\u00edgeno disuelto fue de 0.029 mg\/L y 0.3 % desde los 100 metros hasta los 160 metros de profundidad (Figura 2).\u00a0<\/span><\/p>\n<p><img decoding=\"async\" class=\"wp-image-51804 alignleft\" src=\"https:\/\/www.mundoacuicola.cl\/new\/wp-content\/uploads\/2023\/05\/Imagen-2-Mapas-de-la-distribucion-del-oxigeno-en-el-fiordo-Quitralco-1-309x400.jpg\" alt=\"\" width=\"402\" height=\"521\" srcset=\"https:\/\/www.mundoacuicola.cl\/new\/wp-content\/uploads\/2023\/05\/Imagen-2-Mapas-de-la-distribucion-del-oxigeno-en-el-fiordo-Quitralco-1-309x400.jpg 309w, https:\/\/www.mundoacuicola.cl\/new\/wp-content\/uploads\/2023\/05\/Imagen-2-Mapas-de-la-distribucion-del-oxigeno-en-el-fiordo-Quitralco-1-scaled-500x647.jpg 500w, https:\/\/www.mundoacuicola.cl\/new\/wp-content\/uploads\/2023\/05\/Imagen-2-Mapas-de-la-distribucion-del-oxigeno-en-el-fiordo-Quitralco-1-103x133.jpg 103w, https:\/\/www.mundoacuicola.cl\/new\/wp-content\/uploads\/2023\/05\/Imagen-2-Mapas-de-la-distribucion-del-oxigeno-en-el-fiordo-Quitralco-1-768x994.jpg 768w, https:\/\/www.mundoacuicola.cl\/new\/wp-content\/uploads\/2023\/05\/Imagen-2-Mapas-de-la-distribucion-del-oxigeno-en-el-fiordo-Quitralco-1-1187x1536.jpg 1187w, https:\/\/www.mundoacuicola.cl\/new\/wp-content\/uploads\/2023\/05\/Imagen-2-Mapas-de-la-distribucion-del-oxigeno-en-el-fiordo-Quitralco-1-1583x2048.jpg 1583w, https:\/\/www.mundoacuicola.cl\/new\/wp-content\/uploads\/2023\/05\/Imagen-2-Mapas-de-la-distribucion-del-oxigeno-en-el-fiordo-Quitralco-1-scaled.jpg 1582w\" sizes=\"(max-width: 402px) 100vw, 402px\" \/><\/p>\n<p><span style=\"font-weight: 400;\">En otros fiordos de la Patagonia norte como el fiordo Puyuhuapi, la hipoxia profunda es atribuida al transporte de aguas oce\u00e1nicas de origen Ecuatorial, al alto consumo de la materia org\u00e1nica y a la d\u00e9bil circulaci\u00f3n marina. Sin embargo, al fiordo Quitralco no llegan las aguas Ecuatoriales profundas con bajo ox\u00edgeno, pero si es alto el consumo de oxigeno por los organismos marinos y el periodo de retenci\u00f3n de las aguas es muy alto. <\/span><\/p>\n<p><span style=\"font-weight: 400;\">Adem\u00e1s, debemos adicionar las actividades econ\u00f3micas que all\u00ed se realizan como la salmonicultura, contribuyendo con el aporte de m\u00e1s materia org\u00e1nica al fiordo, que es degrada por los organismos marinos, favoreciendo la disminuci\u00f3n de ox\u00edgeno.\u00a0<\/span><\/p>\n<p><span style=\"font-weight: 400;\"><strong><a href=\"https:\/\/www.mundoacuicola.cl\/medios\/?url_camp=192\"><img decoding=\"async\" class=\"alignright\" src=\"https:\/\/www.mundoacuicola.cl\/medios\/?camp=192\" alt=\"\" width=\"300\" height=\"250\" \/><\/a><\/strong>La presente nota tiene la finalidad de llamar la atenci\u00f3n a la comunidad cient\u00edfica nacional sobre una nueva regi\u00f3n de la Patagonia donde se est\u00e1n registrando condiciones de anoxia, como en el Golfo Almirante Montt en la Regi\u00f3n de Magallanes. Es tambi\u00e9n una llamada de atenci\u00f3n a las actividades econ\u00f3micas que en el fiordo Quitralco se realizan, para seguir haciendo un uso sustentable de los servicios ecosist\u00e9micos que brinda esta regi\u00f3n de la Patagonia. Su protecci\u00f3n y futuro uso demanda investigaciones detalladas y continuas de los procesos naturales y\/o antr\u00f3picos que en este lugar ocurren, con el objetivo de detener la extensi\u00f3n de las zonas de bajo ox\u00edgeno hacia otros fiordos y canales de la Patagonia.<\/span><\/p>\n<p>*Nota realizada por Por Iv\u00e1n P\u00e9rez-Santos (Centro i-mar), El\u00edas Pinilla (IFOP) y Gabriel Soto (IFOP).<\/p>\n","protected":false},"excerpt":{"rendered":"<p>Investigadores realizan llamado de atenci\u00f3n a la comunidad cient\u00edfica sobre una nueva regi\u00f3n de la Patagonia donde se est\u00e1n registrando condiciones de anoxia, instando a continuar con un uso sustentable de los servicios ecosist\u00e9micos que brinda esta regi\u00f3n. <\/p>\n","protected":false},"author":8,"featured_media":51790,"comment_status":"closed","ping_status":"closed","sticky":false,"template":"","format":"standard","meta":{"footnotes":""},"categories":[63],"tags":[143,17132,1795,17133,132,8762,197,16518],"class_list":["post-51789","post","type-post","status-publish","format-standard","has-post-thumbnail","hentry","category-ciencia","tag-acuicultura","tag-anoxia","tag-centro-i-mar","tag-fiordo-quitralco","tag-ifop","tag-ivan-perez-santos","tag-salmonicultura","tag-servicios-ecosistemicos"],"yoast_head":"<!-- This site is optimized with the Yoast SEO plugin v27.5 - https:\/\/yoast.com\/product\/yoast-seo-wordpress\/ -->\n<title>Fiordo Quitralco reporta condiciones de anoxia profunda en su cabecera, nunca registrada en la Patagonia norte - Mundoacuicola<\/title>\n<meta name=\"robots\" content=\"index, follow, max-snippet:-1, max-image-preview:large, max-video-preview:-1\" \/>\n<link rel=\"canonical\" href=\"https:\/\/www.mundoacuicola.cl\/new\/fiordo-quitralco-reporta-condiciones-de-anoxia-profunda-en-su-cabecera-nunca-registrada-en-la-patagonia-norte\/\" \/>\n<meta property=\"og:locale\" content=\"es_ES\" \/>\n<meta property=\"og:type\" content=\"article\" \/>\n<meta property=\"og:title\" content=\"Fiordo Quitralco reporta condiciones de anoxia profunda en su cabecera, nunca registrada en la Patagonia norte - Mundoacuicola\" \/>\n<meta property=\"og:description\" content=\"Investigadores realizan llamado de atenci\u00f3n a la comunidad cient\u00edfica sobre una nueva regi\u00f3n de la Patagonia donde se est\u00e1n registrando condiciones de anoxia, instando a continuar con un uso sustentable de los servicios ecosist\u00e9micos que brinda esta regi\u00f3n.\" \/>\n<meta property=\"og:url\" content=\"https:\/\/www.mundoacuicola.cl\/new\/fiordo-quitralco-reporta-condiciones-de-anoxia-profunda-en-su-cabecera-nunca-registrada-en-la-patagonia-norte\/\" \/>\n<meta property=\"og:site_name\" content=\"Mundoacuicola\" \/>\n<meta property=\"article:publisher\" content=\"https:\/\/www.facebook.com\/mundo.acuicola\/\" \/>\n<meta property=\"article:published_time\" content=\"2023-05-17T08:38:02+00:00\" \/>\n<meta property=\"article:modified_time\" content=\"2023-05-18T12:37:07+00:00\" \/>\n<meta property=\"og:image\" content=\"https:\/\/www.mundoacuicola.cl\/new\/wp-content\/uploads\/2023\/05\/FiordoQuitralco.jpg\" \/>\n\t<meta property=\"og:image:width\" content=\"750\" \/>\n\t<meta property=\"og:image:height\" content=\"400\" \/>\n\t<meta property=\"og:image:type\" content=\"image\/jpeg\" \/>\n<meta name=\"author\" content=\"Ricardo Alvarez\" \/>\n<meta name=\"twitter:card\" content=\"summary_large_image\" \/>\n<meta name=\"twitter:creator\" content=\"@mundoacuicola\" \/>\n<meta name=\"twitter:site\" content=\"@mundoacuicola\" \/>\n<meta name=\"twitter:label1\" content=\"Escrito por\" \/>\n\t<meta name=\"twitter:data1\" content=\"Ricardo Alvarez\" \/>\n\t<meta name=\"twitter:label2\" content=\"Tiempo de lectura\" \/>\n\t<meta name=\"twitter:data2\" content=\"3 minutos\" \/>\n<script type=\"application\/ld+json\" class=\"yoast-schema-graph\">{\"@context\":\"https:\\\/\\\/schema.org\",\"@graph\":[{\"@type\":\"Article\",\"@id\":\"https:\\\/\\\/www.mundoacuicola.cl\\\/new\\\/fiordo-quitralco-reporta-condiciones-de-anoxia-profunda-en-su-cabecera-nunca-registrada-en-la-patagonia-norte\\\/#article\",\"isPartOf\":{\"@id\":\"https:\\\/\\\/www.mundoacuicola.cl\\\/new\\\/fiordo-quitralco-reporta-condiciones-de-anoxia-profunda-en-su-cabecera-nunca-registrada-en-la-patagonia-norte\\\/\"},\"author\":{\"name\":\"Ricardo Alvarez\",\"@id\":\"https:\\\/\\\/www.mundoacuicola.cl\\\/new\\\/#\\\/schema\\\/person\\\/52cfe7e461eb2d30484965350ee34bdd\"},\"headline\":\"Fiordo Quitralco reporta condiciones de anoxia profunda en su cabecera, nunca registrada en la Patagonia norte\",\"datePublished\":\"2023-05-17T08:38:02+00:00\",\"dateModified\":\"2023-05-18T12:37:07+00:00\",\"mainEntityOfPage\":{\"@id\":\"https:\\\/\\\/www.mundoacuicola.cl\\\/new\\\/fiordo-quitralco-reporta-condiciones-de-anoxia-profunda-en-su-cabecera-nunca-registrada-en-la-patagonia-norte\\\/\"},\"wordCount\":601,\"publisher\":{\"@id\":\"https:\\\/\\\/www.mundoacuicola.cl\\\/new\\\/#organization\"},\"image\":{\"@id\":\"https:\\\/\\\/www.mundoacuicola.cl\\\/new\\\/fiordo-quitralco-reporta-condiciones-de-anoxia-profunda-en-su-cabecera-nunca-registrada-en-la-patagonia-norte\\\/#primaryimage\"},\"thumbnailUrl\":\"https:\\\/\\\/www.mundoacuicola.cl\\\/new\\\/wp-content\\\/uploads\\\/2023\\\/05\\\/FiordoQuitralco.jpg\",\"keywords\":[\"Acuicultura\",\"anoxia\",\"Centro i-mar\",\"fiordo Quitralco\",\"IFOP\",\"Iv\u00e1n P\u00e9rez-Santos\",\"salmonicultura\",\"servicios ecosist\u00e9micos\"],\"articleSection\":[\"Ciencia\"],\"inLanguage\":\"es\"},{\"@type\":\"WebPage\",\"@id\":\"https:\\\/\\\/www.mundoacuicola.cl\\\/new\\\/fiordo-quitralco-reporta-condiciones-de-anoxia-profunda-en-su-cabecera-nunca-registrada-en-la-patagonia-norte\\\/\",\"url\":\"https:\\\/\\\/www.mundoacuicola.cl\\\/new\\\/fiordo-quitralco-reporta-condiciones-de-anoxia-profunda-en-su-cabecera-nunca-registrada-en-la-patagonia-norte\\\/\",\"name\":\"Fiordo Quitralco reporta condiciones de anoxia profunda en su cabecera, nunca registrada en la Patagonia norte - Mundoacuicola\",\"isPartOf\":{\"@id\":\"https:\\\/\\\/www.mundoacuicola.cl\\\/new\\\/#website\"},\"primaryImageOfPage\":{\"@id\":\"https:\\\/\\\/www.mundoacuicola.cl\\\/new\\\/fiordo-quitralco-reporta-condiciones-de-anoxia-profunda-en-su-cabecera-nunca-registrada-en-la-patagonia-norte\\\/#primaryimage\"},\"image\":{\"@id\":\"https:\\\/\\\/www.mundoacuicola.cl\\\/new\\\/fiordo-quitralco-reporta-condiciones-de-anoxia-profunda-en-su-cabecera-nunca-registrada-en-la-patagonia-norte\\\/#primaryimage\"},\"thumbnailUrl\":\"https:\\\/\\\/www.mundoacuicola.cl\\\/new\\\/wp-content\\\/uploads\\\/2023\\\/05\\\/FiordoQuitralco.jpg\",\"datePublished\":\"2023-05-17T08:38:02+00:00\",\"dateModified\":\"2023-05-18T12:37:07+00:00\",\"breadcrumb\":{\"@id\":\"https:\\\/\\\/www.mundoacuicola.cl\\\/new\\\/fiordo-quitralco-reporta-condiciones-de-anoxia-profunda-en-su-cabecera-nunca-registrada-en-la-patagonia-norte\\\/#breadcrumb\"},\"inLanguage\":\"es\",\"potentialAction\":[{\"@type\":\"ReadAction\",\"target\":[\"https:\\\/\\\/www.mundoacuicola.cl\\\/new\\\/fiordo-quitralco-reporta-condiciones-de-anoxia-profunda-en-su-cabecera-nunca-registrada-en-la-patagonia-norte\\\/\"]}]},{\"@type\":\"ImageObject\",\"inLanguage\":\"es\",\"@id\":\"https:\\\/\\\/www.mundoacuicola.cl\\\/new\\\/fiordo-quitralco-reporta-condiciones-de-anoxia-profunda-en-su-cabecera-nunca-registrada-en-la-patagonia-norte\\\/#primaryimage\",\"url\":\"https:\\\/\\\/www.mundoacuicola.cl\\\/new\\\/wp-content\\\/uploads\\\/2023\\\/05\\\/FiordoQuitralco.jpg\",\"contentUrl\":\"https:\\\/\\\/www.mundoacuicola.cl\\\/new\\\/wp-content\\\/uploads\\\/2023\\\/05\\\/FiordoQuitralco.jpg\",\"width\":750,\"height\":400},{\"@type\":\"BreadcrumbList\",\"@id\":\"https:\\\/\\\/www.mundoacuicola.cl\\\/new\\\/fiordo-quitralco-reporta-condiciones-de-anoxia-profunda-en-su-cabecera-nunca-registrada-en-la-patagonia-norte\\\/#breadcrumb\",\"itemListElement\":[{\"@type\":\"ListItem\",\"position\":1,\"name\":\"Portada\",\"item\":\"https:\\\/\\\/www.mundoacuicola.cl\\\/new\\\/\"},{\"@type\":\"ListItem\",\"position\":2,\"name\":\"Fiordo Quitralco reporta condiciones de anoxia profunda en su cabecera, nunca registrada en la Patagonia norte\"}]},{\"@type\":\"WebSite\",\"@id\":\"https:\\\/\\\/www.mundoacuicola.cl\\\/new\\\/#website\",\"url\":\"https:\\\/\\\/www.mundoacuicola.cl\\\/new\\\/\",\"name\":\"Mundoacuicola\",\"description\":\"Revista de Acuicultura.\",\"publisher\":{\"@id\":\"https:\\\/\\\/www.mundoacuicola.cl\\\/new\\\/#organization\"},\"potentialAction\":[{\"@type\":\"SearchAction\",\"target\":{\"@type\":\"EntryPoint\",\"urlTemplate\":\"https:\\\/\\\/www.mundoacuicola.cl\\\/new\\\/?s={search_term_string}\"},\"query-input\":{\"@type\":\"PropertyValueSpecification\",\"valueRequired\":true,\"valueName\":\"search_term_string\"}}],\"inLanguage\":\"es\"},{\"@type\":\"Organization\",\"@id\":\"https:\\\/\\\/www.mundoacuicola.cl\\\/new\\\/#organization\",\"name\":\"Mundoacuicola\",\"url\":\"https:\\\/\\\/www.mundoacuicola.cl\\\/new\\\/\",\"logo\":{\"@type\":\"ImageObject\",\"inLanguage\":\"es\",\"@id\":\"https:\\\/\\\/www.mundoacuicola.cl\\\/new\\\/#\\\/schema\\\/logo\\\/image\\\/\",\"url\":\"https:\\\/\\\/www.mundoacuicola.cl\\\/new\\\/wp-content\\\/uploads\\\/2026\\\/01\\\/cropped-LOGO-Mundo-Acuicola-2026.png\",\"contentUrl\":\"https:\\\/\\\/www.mundoacuicola.cl\\\/new\\\/wp-content\\\/uploads\\\/2026\\\/01\\\/cropped-LOGO-Mundo-Acuicola-2026.png\",\"width\":1252,\"height\":296,\"caption\":\"Mundoacuicola\"},\"image\":{\"@id\":\"https:\\\/\\\/www.mundoacuicola.cl\\\/new\\\/#\\\/schema\\\/logo\\\/image\\\/\"},\"sameAs\":[\"https:\\\/\\\/www.facebook.com\\\/mundo.acuicola\\\/\",\"https:\\\/\\\/x.com\\\/mundoacuicola\",\"https:\\\/\\\/www.linkedin.com\\\/in\\\/mundo-acuicola\"]},{\"@type\":\"Person\",\"@id\":\"https:\\\/\\\/www.mundoacuicola.cl\\\/new\\\/#\\\/schema\\\/person\\\/52cfe7e461eb2d30484965350ee34bdd\",\"name\":\"Ricardo Alvarez\",\"url\":\"https:\\\/\\\/www.mundoacuicola.cl\\\/new\\\/author\\\/ricardo\\\/\"}]}<\/script>\n<!-- \/ Yoast SEO plugin. -->","yoast_head_json":{"title":"Fiordo Quitralco reporta condiciones de anoxia profunda en su cabecera, nunca registrada en la Patagonia norte - Mundoacuicola","robots":{"index":"index","follow":"follow","max-snippet":"max-snippet:-1","max-image-preview":"max-image-preview:large","max-video-preview":"max-video-preview:-1"},"canonical":"https:\/\/www.mundoacuicola.cl\/new\/fiordo-quitralco-reporta-condiciones-de-anoxia-profunda-en-su-cabecera-nunca-registrada-en-la-patagonia-norte\/","og_locale":"es_ES","og_type":"article","og_title":"Fiordo Quitralco reporta condiciones de anoxia profunda en su cabecera, nunca registrada en la Patagonia norte - Mundoacuicola","og_description":"Investigadores realizan llamado de atenci\u00f3n a la comunidad cient\u00edfica sobre una nueva regi\u00f3n de la Patagonia donde se est\u00e1n registrando condiciones de anoxia, instando a continuar con un uso sustentable de los servicios ecosist\u00e9micos que brinda esta regi\u00f3n.","og_url":"https:\/\/www.mundoacuicola.cl\/new\/fiordo-quitralco-reporta-condiciones-de-anoxia-profunda-en-su-cabecera-nunca-registrada-en-la-patagonia-norte\/","og_site_name":"Mundoacuicola","article_publisher":"https:\/\/www.facebook.com\/mundo.acuicola\/","article_published_time":"2023-05-17T08:38:02+00:00","article_modified_time":"2023-05-18T12:37:07+00:00","og_image":[{"width":750,"height":400,"url":"https:\/\/www.mundoacuicola.cl\/new\/wp-content\/uploads\/2023\/05\/FiordoQuitralco.jpg","type":"image\/jpeg"}],"author":"Ricardo Alvarez","twitter_card":"summary_large_image","twitter_creator":"@mundoacuicola","twitter_site":"@mundoacuicola","twitter_misc":{"Escrito por":"Ricardo Alvarez","Tiempo de lectura":"3 minutos"},"schema":{"@context":"https:\/\/schema.org","@graph":[{"@type":"Article","@id":"https:\/\/www.mundoacuicola.cl\/new\/fiordo-quitralco-reporta-condiciones-de-anoxia-profunda-en-su-cabecera-nunca-registrada-en-la-patagonia-norte\/#article","isPartOf":{"@id":"https:\/\/www.mundoacuicola.cl\/new\/fiordo-quitralco-reporta-condiciones-de-anoxia-profunda-en-su-cabecera-nunca-registrada-en-la-patagonia-norte\/"},"author":{"name":"Ricardo Alvarez","@id":"https:\/\/www.mundoacuicola.cl\/new\/#\/schema\/person\/52cfe7e461eb2d30484965350ee34bdd"},"headline":"Fiordo Quitralco reporta condiciones de anoxia profunda en su cabecera, nunca registrada en la Patagonia norte","datePublished":"2023-05-17T08:38:02+00:00","dateModified":"2023-05-18T12:37:07+00:00","mainEntityOfPage":{"@id":"https:\/\/www.mundoacuicola.cl\/new\/fiordo-quitralco-reporta-condiciones-de-anoxia-profunda-en-su-cabecera-nunca-registrada-en-la-patagonia-norte\/"},"wordCount":601,"publisher":{"@id":"https:\/\/www.mundoacuicola.cl\/new\/#organization"},"image":{"@id":"https:\/\/www.mundoacuicola.cl\/new\/fiordo-quitralco-reporta-condiciones-de-anoxia-profunda-en-su-cabecera-nunca-registrada-en-la-patagonia-norte\/#primaryimage"},"thumbnailUrl":"https:\/\/www.mundoacuicola.cl\/new\/wp-content\/uploads\/2023\/05\/FiordoQuitralco.jpg","keywords":["Acuicultura","anoxia","Centro i-mar","fiordo Quitralco","IFOP","Iv\u00e1n P\u00e9rez-Santos","salmonicultura","servicios ecosist\u00e9micos"],"articleSection":["Ciencia"],"inLanguage":"es"},{"@type":"WebPage","@id":"https:\/\/www.mundoacuicola.cl\/new\/fiordo-quitralco-reporta-condiciones-de-anoxia-profunda-en-su-cabecera-nunca-registrada-en-la-patagonia-norte\/","url":"https:\/\/www.mundoacuicola.cl\/new\/fiordo-quitralco-reporta-condiciones-de-anoxia-profunda-en-su-cabecera-nunca-registrada-en-la-patagonia-norte\/","name":"Fiordo Quitralco reporta condiciones de anoxia profunda en su cabecera, nunca registrada en la Patagonia norte - Mundoacuicola","isPartOf":{"@id":"https:\/\/www.mundoacuicola.cl\/new\/#website"},"primaryImageOfPage":{"@id":"https:\/\/www.mundoacuicola.cl\/new\/fiordo-quitralco-reporta-condiciones-de-anoxia-profunda-en-su-cabecera-nunca-registrada-en-la-patagonia-norte\/#primaryimage"},"image":{"@id":"https:\/\/www.mundoacuicola.cl\/new\/fiordo-quitralco-reporta-condiciones-de-anoxia-profunda-en-su-cabecera-nunca-registrada-en-la-patagonia-norte\/#primaryimage"},"thumbnailUrl":"https:\/\/www.mundoacuicola.cl\/new\/wp-content\/uploads\/2023\/05\/FiordoQuitralco.jpg","datePublished":"2023-05-17T08:38:02+00:00","dateModified":"2023-05-18T12:37:07+00:00","breadcrumb":{"@id":"https:\/\/www.mundoacuicola.cl\/new\/fiordo-quitralco-reporta-condiciones-de-anoxia-profunda-en-su-cabecera-nunca-registrada-en-la-patagonia-norte\/#breadcrumb"},"inLanguage":"es","potentialAction":[{"@type":"ReadAction","target":["https:\/\/www.mundoacuicola.cl\/new\/fiordo-quitralco-reporta-condiciones-de-anoxia-profunda-en-su-cabecera-nunca-registrada-en-la-patagonia-norte\/"]}]},{"@type":"ImageObject","inLanguage":"es","@id":"https:\/\/www.mundoacuicola.cl\/new\/fiordo-quitralco-reporta-condiciones-de-anoxia-profunda-en-su-cabecera-nunca-registrada-en-la-patagonia-norte\/#primaryimage","url":"https:\/\/www.mundoacuicola.cl\/new\/wp-content\/uploads\/2023\/05\/FiordoQuitralco.jpg","contentUrl":"https:\/\/www.mundoacuicola.cl\/new\/wp-content\/uploads\/2023\/05\/FiordoQuitralco.jpg","width":750,"height":400},{"@type":"BreadcrumbList","@id":"https:\/\/www.mundoacuicola.cl\/new\/fiordo-quitralco-reporta-condiciones-de-anoxia-profunda-en-su-cabecera-nunca-registrada-en-la-patagonia-norte\/#breadcrumb","itemListElement":[{"@type":"ListItem","position":1,"name":"Portada","item":"https:\/\/www.mundoacuicola.cl\/new\/"},{"@type":"ListItem","position":2,"name":"Fiordo Quitralco reporta condiciones de anoxia profunda en su cabecera, nunca registrada en la Patagonia norte"}]},{"@type":"WebSite","@id":"https:\/\/www.mundoacuicola.cl\/new\/#website","url":"https:\/\/www.mundoacuicola.cl\/new\/","name":"Mundoacuicola","description":"Revista de Acuicultura.","publisher":{"@id":"https:\/\/www.mundoacuicola.cl\/new\/#organization"},"potentialAction":[{"@type":"SearchAction","target":{"@type":"EntryPoint","urlTemplate":"https:\/\/www.mundoacuicola.cl\/new\/?s={search_term_string}"},"query-input":{"@type":"PropertyValueSpecification","valueRequired":true,"valueName":"search_term_string"}}],"inLanguage":"es"},{"@type":"Organization","@id":"https:\/\/www.mundoacuicola.cl\/new\/#organization","name":"Mundoacuicola","url":"https:\/\/www.mundoacuicola.cl\/new\/","logo":{"@type":"ImageObject","inLanguage":"es","@id":"https:\/\/www.mundoacuicola.cl\/new\/#\/schema\/logo\/image\/","url":"https:\/\/www.mundoacuicola.cl\/new\/wp-content\/uploads\/2026\/01\/cropped-LOGO-Mundo-Acuicola-2026.png","contentUrl":"https:\/\/www.mundoacuicola.cl\/new\/wp-content\/uploads\/2026\/01\/cropped-LOGO-Mundo-Acuicola-2026.png","width":1252,"height":296,"caption":"Mundoacuicola"},"image":{"@id":"https:\/\/www.mundoacuicola.cl\/new\/#\/schema\/logo\/image\/"},"sameAs":["https:\/\/www.facebook.com\/mundo.acuicola\/","https:\/\/x.com\/mundoacuicola","https:\/\/www.linkedin.com\/in\/mundo-acuicola"]},{"@type":"Person","@id":"https:\/\/www.mundoacuicola.cl\/new\/#\/schema\/person\/52cfe7e461eb2d30484965350ee34bdd","name":"Ricardo Alvarez","url":"https:\/\/www.mundoacuicola.cl\/new\/author\/ricardo\/"}]}},"_links":{"self":[{"href":"https:\/\/www.mundoacuicola.cl\/new\/wp-json\/wp\/v2\/posts\/51789","targetHints":{"allow":["GET"]}}],"collection":[{"href":"https:\/\/www.mundoacuicola.cl\/new\/wp-json\/wp\/v2\/posts"}],"about":[{"href":"https:\/\/www.mundoacuicola.cl\/new\/wp-json\/wp\/v2\/types\/post"}],"author":[{"embeddable":true,"href":"https:\/\/www.mundoacuicola.cl\/new\/wp-json\/wp\/v2\/users\/8"}],"replies":[{"embeddable":true,"href":"https:\/\/www.mundoacuicola.cl\/new\/wp-json\/wp\/v2\/comments?post=51789"}],"version-history":[{"count":0,"href":"https:\/\/www.mundoacuicola.cl\/new\/wp-json\/wp\/v2\/posts\/51789\/revisions"}],"wp:featuredmedia":[{"embeddable":true,"href":"https:\/\/www.mundoacuicola.cl\/new\/wp-json\/wp\/v2\/media\/51790"}],"wp:attachment":[{"href":"https:\/\/www.mundoacuicola.cl\/new\/wp-json\/wp\/v2\/media?parent=51789"}],"wp:term":[{"taxonomy":"category","embeddable":true,"href":"https:\/\/www.mundoacuicola.cl\/new\/wp-json\/wp\/v2\/categories?post=51789"},{"taxonomy":"post_tag","embeddable":true,"href":"https:\/\/www.mundoacuicola.cl\/new\/wp-json\/wp\/v2\/tags?post=51789"}],"curies":[{"name":"wp","href":"https:\/\/api.w.org\/{rel}","templated":true}]}}