{"id":55967,"date":"2023-09-20T06:25:17","date_gmt":"2023-09-20T09:25:17","guid":{"rendered":"https:\/\/www.mundoacuicola.cl\/new\/?p=55967"},"modified":"2023-09-21T08:38:44","modified_gmt":"2023-09-21T11:38:44","slug":"menos-de-una-semana-para-innaqua-2023-mirando-la-acuicultura-del-futuro","status":"publish","type":"post","link":"https:\/\/www.mundoacuicola.cl\/new\/menos-de-una-semana-para-innaqua-2023-mirando-la-acuicultura-del-futuro\/","title":{"rendered":"Menos de una semana para \u00abInnAqua 2023: Mirando la acuicultura del futuro\u00bb"},"content":{"rendered":"<p><span style=\"font-weight: 400;\"><strong><a href=\"https:\/\/www.alloyingenieria.com\/\"><img fetchpriority=\"high\" decoding=\"async\" class=\"wp-image-55815 size-full alignright\" src=\"https:\/\/www.mundoacuicola.cl\/new\/wp-content\/uploads\/2023\/09\/Gif-Alloy.gif\" alt=\"\" width=\"300\" height=\"300\" \/><\/a><\/strong><\/span>Ad portas de la segunda versi\u00f3n de la Aquaculture Innovation Conference, InnAqua 2023, organizada por el Club Innovaci\u00f3n Acu\u00edcola de Chile, est\u00e1 pr\u00e1cticamente todo listo para el encuentro que convocar\u00e1 en el pa\u00eds a m\u00e1s de 400 participantes, nacionales y extranjeros, entre los d\u00edas 26 y 28 de septiembre en el Hotel Enjoy de Puerto Varas, regi\u00f3n de Los Lagos.<\/p>\n<p>InnAqua ser\u00e1 una oportunidad \u00fanica para visualizar la acuicultura del futuro y sumergirse en aquellos \u00e1mbitos en que m\u00e1s se requiere I+D+i. Para cumplir con este objetivo, la conferencia contar\u00e1 este a\u00f1o con connotados expositores, l\u00edderes en sus \u00e1reas de investigaci\u00f3n, desarrollo e innovaci\u00f3n, quienes durante las diez sesiones tem\u00e1ticas abordar\u00e1n los desaf\u00edos y \u00e1reas de innovaci\u00f3n que ser\u00e1n cruciales para la acuicultura del futuro.<\/p>\n<h2>El abc de la innovaci\u00f3n<\/h2>\n<p>Inmediatamente despu\u00e9s de la inauguraci\u00f3n de InnAqua, que se realizar\u00e1 el 26 de septiembre a las 14.55 horas, se dar\u00e1 paso a la primera sesi\u00f3n de la conferencia titulada \u201cInnovaci\u00f3n para el futuro de la acuicultura\u201d, donde se abordar\u00e1n tem\u00e1ticas sobre la dimensi\u00f3n socioambiental en innovaci\u00f3n acu\u00edcola; las oportunidades y desaf\u00edos que presenta la visi\u00f3n artificial e inteligencia artificial (IA) como factores cr\u00edticos para una acuicultura sostenible, adem\u00e1s del bienestar de especies acu\u00e1ticas.<\/p>\n<p>La segunda y tercera sesiones, que abrir\u00e1n la jornada del d\u00eda siguiente, estar\u00e1n enfocadas en \u201cVariabilidad ambiental y cambio clim\u00e1tico\u201d y contar\u00e1n con interesantes exposiciones sobre los avances en rob\u00f3tica submarina, la modelaci\u00f3n hidrodin\u00e1mica y su aplicaci\u00f3n; mantenci\u00f3n de calidad ambiental de fondos marinos; y un an\u00e1lisis del caso la salmonicultura chilena sobre la gesti\u00f3n integrada basada en riesgos ambientales y sanitarios. Asimismo, se abordar\u00e1 el tema cambio clim\u00e1tico y acuicultura, orientado a pron\u00f3sticos, mitigaci\u00f3n y adaptaci\u00f3n.<\/p>\n<p>\u201cAlimentos y alimentaci\u00f3n del futuro\u201d ser\u00e1 el tema central de la cuarta sesi\u00f3n, donde se presentar\u00e1n interesantes novedades sobre alimentos eficientes y sostenibles; el futuro de ingredientes naturales, y\u00a0 el caso del krill ant\u00e1rtico; junto con la llamada alimentaci\u00f3n inteligente y el bienestar animal.<\/p>\n<p>Las siguientes dos sesiones se concentrar\u00e1n en la \u201cPrevenci\u00f3n y control sostenible de enfermedades\u201d. Se dar\u00e1n a conocer incentivos para la innovaci\u00f3n en la salud y bienestar animal; buenas pr\u00e1cticas para la reducci\u00f3n en el uso de f\u00e1rmacos en acuicultura, junto con las nuevas tendencias en esta \u00e1rea, espec\u00edficamente en el caso del\u00a0 piojo de mar; adem\u00e1s de la utilizaci\u00f3n de\u00a0 tecnolog\u00edas para la reducci\u00f3n del uso de antibacterianos y antiparasitarios y de su impacto ambiental, donde se expondr\u00e1 el caso de un barco-cl\u00ednica.<\/p>\n<p><span style=\"font-weight: 400;\"><b><a href=\"https:\/\/www.mundoacuicola.cl\/medios\/?url_camp=26\" target=\"_blank\" rel=\"https:\/\/www.mundoacuicola.cl\/medios\/?url_camp=26 noopener\"><img decoding=\"async\" class=\"alignleft\" src=\"https:\/\/www.mundoacuicola.cl\/medios\/?camp=26\" alt=\"\" width=\"300\" height=\"250\" \/><\/a><\/b><\/span>La \u201cBioingener\u00eda y bioinform\u00e1tica\u201d se tomar\u00e1n la s\u00e9ptima sesi\u00f3n del congreso. Expertos nacionales y extranjeros abordar\u00e1n el futuro de las tecnolog\u00edas gen\u00f3micas y la ingenier\u00eda gen\u00e9tica, junto con los desarrollos y perspectivas en selecci\u00f3n gen\u00e9tica en especies acu\u00edcolas de alto valor. Asimismo, se presentar\u00e1 el impacto de una plataforma de trazabilidad de alta precisi\u00f3n que ayuda a salvaguardar y fortalecer la integridad de la cadena de suministros en la acuicultura y sus perspectivas futuras.<\/p>\n<p>La jornada continuar\u00e1 con la sesi\u00f3n \u201cCamino a la sostenibilidad\u201d, donde se analizar\u00e1 el desaf\u00edo de desarrollar capital humano para una acuicultura sostenible; junto con la integraci\u00f3n digital de biolog\u00eda, ambiente y operaci\u00f3n in situ, esenciales para el conocimiento y gesti\u00f3n con base biol\u00f3gica; para cerrar con la revisi\u00f3n de las plataformas de integraci\u00f3n tecnol\u00f3gica para una acuicultura eficiente y sostenible.<\/p>\n<p>La \u00faltimas dos sesiones de InnAqua 2023 estar\u00e1n dirigidas a las \u201cTecnolog\u00edas transformadoras\u201d, donde se concentrar\u00e1n temas relevantes en materia de innovaci\u00f3n tales como: Seafood de cultivo celular: Estado del arte y oportunidades para el involucramiento de expertos acu\u00edcolas; Innovaciones aceleradoras de alimentos en base a algas; Perspectivas de la nanotecnolog\u00eda en acuicultura; Perspectivas de la eficiencia energ\u00e9tica y tecnolog\u00edas renovables; C\u00f3mo acelerar la transformaci\u00f3n digital para una evoluci\u00f3n al metaverso industrial; y Optimizaci\u00f3n de procesos con apoyo de IA: Una mirada desde la industria<span style=\"font-weight: 400;\"> (<\/span><a href=\"https:\/\/www.innaquaconference.cl\/programa\/\"><span style=\"font-weight: 400;\">https:\/\/www.innaquaconference.cl\/programa\/<\/span><\/a><span style=\"font-weight: 400;\">).<\/span><\/p>\n<p><span style=\"font-weight: 400;\">M\u00e1s informaci\u00f3n e inscripciones en <\/span><a href=\"https:\/\/www.innaquaconference.cl\/\"><span style=\"font-weight: 400;\">www.innaquaconference.cl\/<\/span><\/a><\/p>\n","protected":false},"excerpt":{"rendered":"<p>La conferencia InnAqua 2023, organizada por el Club Innovaci\u00f3n Acu\u00edcola de Chile, se llevar\u00e1 a cabo en el Hotel Enjoy de Puerto Varas entre el 26 y el 28 de septiembre.<\/p>\n","protected":false},"author":8,"featured_media":55587,"comment_status":"closed","ping_status":"closed","sticky":false,"template":"","format":"standard","meta":{"footnotes":""},"categories":[112],"tags":[143,3117,18702,542,7143,6058,5590,1232,16789,2100,1859,18703,133,525,3477,346,6104],"class_list":["post-55967","post","type-post","status-publish","format-standard","has-post-thumbnail","hentry","category-eventos","tag-acuicultura","tag-alimentacion","tag-bioingenieria","tag-cambio-climatico","tag-desarrollo","tag-eficiencia-energetica","tag-enfermedades","tag-idi","tag-innaqua-2023","tag-innovacion","tag-investigacion","tag-metaverso-industrial","tag-nanotecnologia","tag-puerto-varas","tag-sostenibilidad","tag-tecnologia","tag-transformacion-digital"],"yoast_head":"<!-- This site is optimized with the Yoast SEO plugin v27.5 - https:\/\/yoast.com\/product\/yoast-seo-wordpress\/ -->\n<title>Menos de una semana para &quot;InnAqua 2023: Mirando la acuicultura del futuro&quot; - Mundoacuicola<\/title>\n<meta name=\"description\" content=\"Organizada por el Club Innovaci\u00f3n Acu\u00edcola de Chile, InnAqua se llevar\u00e1 a cabo en el Hotel Enjoy de Puerto Varas del 26 al 28 de septiembre.\" \/>\n<meta name=\"robots\" content=\"index, follow, max-snippet:-1, max-image-preview:large, max-video-preview:-1\" \/>\n<link rel=\"canonical\" href=\"https:\/\/www.mundoacuicola.cl\/new\/menos-de-una-semana-para-innaqua-2023-mirando-la-acuicultura-del-futuro\/\" \/>\n<meta property=\"og:locale\" content=\"es_ES\" \/>\n<meta property=\"og:type\" content=\"article\" \/>\n<meta property=\"og:title\" content=\"Menos de una semana para &quot;InnAqua 2023: Mirando la acuicultura del futuro&quot; - Mundoacuicola\" \/>\n<meta property=\"og:description\" content=\"Organizada por el Club Innovaci\u00f3n Acu\u00edcola de Chile, InnAqua se llevar\u00e1 a cabo en el Hotel Enjoy de Puerto Varas del 26 al 28 de septiembre.\" \/>\n<meta property=\"og:url\" content=\"https:\/\/www.mundoacuicola.cl\/new\/menos-de-una-semana-para-innaqua-2023-mirando-la-acuicultura-del-futuro\/\" \/>\n<meta property=\"og:site_name\" content=\"Mundoacuicola\" \/>\n<meta property=\"article:publisher\" content=\"https:\/\/www.facebook.com\/mundo.acuicola\/\" \/>\n<meta property=\"article:published_time\" content=\"2023-09-20T09:25:17+00:00\" \/>\n<meta property=\"article:modified_time\" content=\"2023-09-21T11:38:44+00:00\" \/>\n<meta property=\"og:image\" content=\"https:\/\/www.mundoacuicola.cl\/new\/wp-content\/uploads\/2023\/09\/InnAqua2023.jpg\" \/>\n\t<meta property=\"og:image:width\" content=\"750\" \/>\n\t<meta property=\"og:image:height\" content=\"400\" \/>\n\t<meta property=\"og:image:type\" content=\"image\/jpeg\" \/>\n<meta name=\"author\" content=\"Ricardo Alvarez\" \/>\n<meta name=\"twitter:card\" content=\"summary_large_image\" \/>\n<meta name=\"twitter:creator\" content=\"@mundoacuicola\" \/>\n<meta name=\"twitter:site\" content=\"@mundoacuicola\" \/>\n<meta name=\"twitter:label1\" content=\"Escrito por\" \/>\n\t<meta name=\"twitter:data1\" content=\"Ricardo Alvarez\" \/>\n\t<meta name=\"twitter:label2\" content=\"Tiempo de lectura\" \/>\n\t<meta name=\"twitter:data2\" content=\"4 minutos\" \/>\n<script type=\"application\/ld+json\" class=\"yoast-schema-graph\">{\"@context\":\"https:\\\/\\\/schema.org\",\"@graph\":[{\"@type\":\"Article\",\"@id\":\"https:\\\/\\\/www.mundoacuicola.cl\\\/new\\\/menos-de-una-semana-para-innaqua-2023-mirando-la-acuicultura-del-futuro\\\/#article\",\"isPartOf\":{\"@id\":\"https:\\\/\\\/www.mundoacuicola.cl\\\/new\\\/menos-de-una-semana-para-innaqua-2023-mirando-la-acuicultura-del-futuro\\\/\"},\"author\":{\"name\":\"Ricardo Alvarez\",\"@id\":\"https:\\\/\\\/www.mundoacuicola.cl\\\/new\\\/#\\\/schema\\\/person\\\/52cfe7e461eb2d30484965350ee34bdd\"},\"headline\":\"Menos de una semana para \u00abInnAqua 2023: Mirando la acuicultura del futuro\u00bb\",\"datePublished\":\"2023-09-20T09:25:17+00:00\",\"dateModified\":\"2023-09-21T11:38:44+00:00\",\"mainEntityOfPage\":{\"@id\":\"https:\\\/\\\/www.mundoacuicola.cl\\\/new\\\/menos-de-una-semana-para-innaqua-2023-mirando-la-acuicultura-del-futuro\\\/\"},\"wordCount\":752,\"publisher\":{\"@id\":\"https:\\\/\\\/www.mundoacuicola.cl\\\/new\\\/#organization\"},\"image\":{\"@id\":\"https:\\\/\\\/www.mundoacuicola.cl\\\/new\\\/menos-de-una-semana-para-innaqua-2023-mirando-la-acuicultura-del-futuro\\\/#primaryimage\"},\"thumbnailUrl\":\"https:\\\/\\\/www.mundoacuicola.cl\\\/new\\\/wp-content\\\/uploads\\\/2023\\\/09\\\/InnAqua2023.jpg\",\"keywords\":[\"Acuicultura\",\"alimentaci\u00f3n\",\"bioingenier\u00eda\",\"Cambio clim\u00e1tico\",\"desarrollo\",\"eficiencia energ\u00e9tica\",\"enfermedades\",\"I+D+i\",\"INNAQUA 2023\",\"Innovaci\u00f3n\",\"Investigaci\u00f3n\",\"metaverso industrial\",\"nanotecnolog\u00eda\",\"Puerto Varas\",\"sostenibilidad\",\"Tecnolog\u00eda\",\"Transformaci\u00f3n digital\"],\"articleSection\":[\"Eventos\"],\"inLanguage\":\"es\"},{\"@type\":\"WebPage\",\"@id\":\"https:\\\/\\\/www.mundoacuicola.cl\\\/new\\\/menos-de-una-semana-para-innaqua-2023-mirando-la-acuicultura-del-futuro\\\/\",\"url\":\"https:\\\/\\\/www.mundoacuicola.cl\\\/new\\\/menos-de-una-semana-para-innaqua-2023-mirando-la-acuicultura-del-futuro\\\/\",\"name\":\"Menos de una semana para \\\"InnAqua 2023: Mirando la acuicultura del futuro\\\" - Mundoacuicola\",\"isPartOf\":{\"@id\":\"https:\\\/\\\/www.mundoacuicola.cl\\\/new\\\/#website\"},\"primaryImageOfPage\":{\"@id\":\"https:\\\/\\\/www.mundoacuicola.cl\\\/new\\\/menos-de-una-semana-para-innaqua-2023-mirando-la-acuicultura-del-futuro\\\/#primaryimage\"},\"image\":{\"@id\":\"https:\\\/\\\/www.mundoacuicola.cl\\\/new\\\/menos-de-una-semana-para-innaqua-2023-mirando-la-acuicultura-del-futuro\\\/#primaryimage\"},\"thumbnailUrl\":\"https:\\\/\\\/www.mundoacuicola.cl\\\/new\\\/wp-content\\\/uploads\\\/2023\\\/09\\\/InnAqua2023.jpg\",\"datePublished\":\"2023-09-20T09:25:17+00:00\",\"dateModified\":\"2023-09-21T11:38:44+00:00\",\"description\":\"Organizada por el Club Innovaci\u00f3n Acu\u00edcola de Chile, InnAqua se llevar\u00e1 a cabo en el Hotel Enjoy de Puerto Varas del 26 al 28 de septiembre.\",\"breadcrumb\":{\"@id\":\"https:\\\/\\\/www.mundoacuicola.cl\\\/new\\\/menos-de-una-semana-para-innaqua-2023-mirando-la-acuicultura-del-futuro\\\/#breadcrumb\"},\"inLanguage\":\"es\",\"potentialAction\":[{\"@type\":\"ReadAction\",\"target\":[\"https:\\\/\\\/www.mundoacuicola.cl\\\/new\\\/menos-de-una-semana-para-innaqua-2023-mirando-la-acuicultura-del-futuro\\\/\"]}]},{\"@type\":\"ImageObject\",\"inLanguage\":\"es\",\"@id\":\"https:\\\/\\\/www.mundoacuicola.cl\\\/new\\\/menos-de-una-semana-para-innaqua-2023-mirando-la-acuicultura-del-futuro\\\/#primaryimage\",\"url\":\"https:\\\/\\\/www.mundoacuicola.cl\\\/new\\\/wp-content\\\/uploads\\\/2023\\\/09\\\/InnAqua2023.jpg\",\"contentUrl\":\"https:\\\/\\\/www.mundoacuicola.cl\\\/new\\\/wp-content\\\/uploads\\\/2023\\\/09\\\/InnAqua2023.jpg\",\"width\":750,\"height\":400},{\"@type\":\"BreadcrumbList\",\"@id\":\"https:\\\/\\\/www.mundoacuicola.cl\\\/new\\\/menos-de-una-semana-para-innaqua-2023-mirando-la-acuicultura-del-futuro\\\/#breadcrumb\",\"itemListElement\":[{\"@type\":\"ListItem\",\"position\":1,\"name\":\"Portada\",\"item\":\"https:\\\/\\\/www.mundoacuicola.cl\\\/new\\\/\"},{\"@type\":\"ListItem\",\"position\":2,\"name\":\"Menos de una semana para \u00abInnAqua 2023: Mirando la acuicultura del futuro\u00bb\"}]},{\"@type\":\"WebSite\",\"@id\":\"https:\\\/\\\/www.mundoacuicola.cl\\\/new\\\/#website\",\"url\":\"https:\\\/\\\/www.mundoacuicola.cl\\\/new\\\/\",\"name\":\"Mundoacuicola\",\"description\":\"Revista de Acuicultura.\",\"publisher\":{\"@id\":\"https:\\\/\\\/www.mundoacuicola.cl\\\/new\\\/#organization\"},\"potentialAction\":[{\"@type\":\"SearchAction\",\"target\":{\"@type\":\"EntryPoint\",\"urlTemplate\":\"https:\\\/\\\/www.mundoacuicola.cl\\\/new\\\/?s={search_term_string}\"},\"query-input\":{\"@type\":\"PropertyValueSpecification\",\"valueRequired\":true,\"valueName\":\"search_term_string\"}}],\"inLanguage\":\"es\"},{\"@type\":\"Organization\",\"@id\":\"https:\\\/\\\/www.mundoacuicola.cl\\\/new\\\/#organization\",\"name\":\"Mundoacuicola\",\"url\":\"https:\\\/\\\/www.mundoacuicola.cl\\\/new\\\/\",\"logo\":{\"@type\":\"ImageObject\",\"inLanguage\":\"es\",\"@id\":\"https:\\\/\\\/www.mundoacuicola.cl\\\/new\\\/#\\\/schema\\\/logo\\\/image\\\/\",\"url\":\"https:\\\/\\\/www.mundoacuicola.cl\\\/new\\\/wp-content\\\/uploads\\\/2026\\\/01\\\/cropped-LOGO-Mundo-Acuicola-2026.png\",\"contentUrl\":\"https:\\\/\\\/www.mundoacuicola.cl\\\/new\\\/wp-content\\\/uploads\\\/2026\\\/01\\\/cropped-LOGO-Mundo-Acuicola-2026.png\",\"width\":1252,\"height\":296,\"caption\":\"Mundoacuicola\"},\"image\":{\"@id\":\"https:\\\/\\\/www.mundoacuicola.cl\\\/new\\\/#\\\/schema\\\/logo\\\/image\\\/\"},\"sameAs\":[\"https:\\\/\\\/www.facebook.com\\\/mundo.acuicola\\\/\",\"https:\\\/\\\/x.com\\\/mundoacuicola\",\"https:\\\/\\\/www.linkedin.com\\\/in\\\/mundo-acuicola\"]},{\"@type\":\"Person\",\"@id\":\"https:\\\/\\\/www.mundoacuicola.cl\\\/new\\\/#\\\/schema\\\/person\\\/52cfe7e461eb2d30484965350ee34bdd\",\"name\":\"Ricardo Alvarez\",\"url\":\"https:\\\/\\\/www.mundoacuicola.cl\\\/new\\\/author\\\/ricardo\\\/\"}]}<\/script>\n<!-- \/ Yoast SEO plugin. -->","yoast_head_json":{"title":"Menos de una semana para \"InnAqua 2023: Mirando la acuicultura del futuro\" - Mundoacuicola","description":"Organizada por el Club Innovaci\u00f3n Acu\u00edcola de Chile, InnAqua se llevar\u00e1 a cabo en el Hotel Enjoy de Puerto Varas del 26 al 28 de septiembre.","robots":{"index":"index","follow":"follow","max-snippet":"max-snippet:-1","max-image-preview":"max-image-preview:large","max-video-preview":"max-video-preview:-1"},"canonical":"https:\/\/www.mundoacuicola.cl\/new\/menos-de-una-semana-para-innaqua-2023-mirando-la-acuicultura-del-futuro\/","og_locale":"es_ES","og_type":"article","og_title":"Menos de una semana para \"InnAqua 2023: Mirando la acuicultura del futuro\" - Mundoacuicola","og_description":"Organizada por el Club Innovaci\u00f3n Acu\u00edcola de Chile, InnAqua se llevar\u00e1 a cabo en el Hotel Enjoy de Puerto Varas del 26 al 28 de septiembre.","og_url":"https:\/\/www.mundoacuicola.cl\/new\/menos-de-una-semana-para-innaqua-2023-mirando-la-acuicultura-del-futuro\/","og_site_name":"Mundoacuicola","article_publisher":"https:\/\/www.facebook.com\/mundo.acuicola\/","article_published_time":"2023-09-20T09:25:17+00:00","article_modified_time":"2023-09-21T11:38:44+00:00","og_image":[{"width":750,"height":400,"url":"https:\/\/www.mundoacuicola.cl\/new\/wp-content\/uploads\/2023\/09\/InnAqua2023.jpg","type":"image\/jpeg"}],"author":"Ricardo Alvarez","twitter_card":"summary_large_image","twitter_creator":"@mundoacuicola","twitter_site":"@mundoacuicola","twitter_misc":{"Escrito por":"Ricardo Alvarez","Tiempo de lectura":"4 minutos"},"schema":{"@context":"https:\/\/schema.org","@graph":[{"@type":"Article","@id":"https:\/\/www.mundoacuicola.cl\/new\/menos-de-una-semana-para-innaqua-2023-mirando-la-acuicultura-del-futuro\/#article","isPartOf":{"@id":"https:\/\/www.mundoacuicola.cl\/new\/menos-de-una-semana-para-innaqua-2023-mirando-la-acuicultura-del-futuro\/"},"author":{"name":"Ricardo Alvarez","@id":"https:\/\/www.mundoacuicola.cl\/new\/#\/schema\/person\/52cfe7e461eb2d30484965350ee34bdd"},"headline":"Menos de una semana para \u00abInnAqua 2023: Mirando la acuicultura del futuro\u00bb","datePublished":"2023-09-20T09:25:17+00:00","dateModified":"2023-09-21T11:38:44+00:00","mainEntityOfPage":{"@id":"https:\/\/www.mundoacuicola.cl\/new\/menos-de-una-semana-para-innaqua-2023-mirando-la-acuicultura-del-futuro\/"},"wordCount":752,"publisher":{"@id":"https:\/\/www.mundoacuicola.cl\/new\/#organization"},"image":{"@id":"https:\/\/www.mundoacuicola.cl\/new\/menos-de-una-semana-para-innaqua-2023-mirando-la-acuicultura-del-futuro\/#primaryimage"},"thumbnailUrl":"https:\/\/www.mundoacuicola.cl\/new\/wp-content\/uploads\/2023\/09\/InnAqua2023.jpg","keywords":["Acuicultura","alimentaci\u00f3n","bioingenier\u00eda","Cambio clim\u00e1tico","desarrollo","eficiencia energ\u00e9tica","enfermedades","I+D+i","INNAQUA 2023","Innovaci\u00f3n","Investigaci\u00f3n","metaverso industrial","nanotecnolog\u00eda","Puerto Varas","sostenibilidad","Tecnolog\u00eda","Transformaci\u00f3n digital"],"articleSection":["Eventos"],"inLanguage":"es"},{"@type":"WebPage","@id":"https:\/\/www.mundoacuicola.cl\/new\/menos-de-una-semana-para-innaqua-2023-mirando-la-acuicultura-del-futuro\/","url":"https:\/\/www.mundoacuicola.cl\/new\/menos-de-una-semana-para-innaqua-2023-mirando-la-acuicultura-del-futuro\/","name":"Menos de una semana para \"InnAqua 2023: Mirando la acuicultura del futuro\" - Mundoacuicola","isPartOf":{"@id":"https:\/\/www.mundoacuicola.cl\/new\/#website"},"primaryImageOfPage":{"@id":"https:\/\/www.mundoacuicola.cl\/new\/menos-de-una-semana-para-innaqua-2023-mirando-la-acuicultura-del-futuro\/#primaryimage"},"image":{"@id":"https:\/\/www.mundoacuicola.cl\/new\/menos-de-una-semana-para-innaqua-2023-mirando-la-acuicultura-del-futuro\/#primaryimage"},"thumbnailUrl":"https:\/\/www.mundoacuicola.cl\/new\/wp-content\/uploads\/2023\/09\/InnAqua2023.jpg","datePublished":"2023-09-20T09:25:17+00:00","dateModified":"2023-09-21T11:38:44+00:00","description":"Organizada por el Club Innovaci\u00f3n Acu\u00edcola de Chile, InnAqua se llevar\u00e1 a cabo en el Hotel Enjoy de Puerto Varas del 26 al 28 de septiembre.","breadcrumb":{"@id":"https:\/\/www.mundoacuicola.cl\/new\/menos-de-una-semana-para-innaqua-2023-mirando-la-acuicultura-del-futuro\/#breadcrumb"},"inLanguage":"es","potentialAction":[{"@type":"ReadAction","target":["https:\/\/www.mundoacuicola.cl\/new\/menos-de-una-semana-para-innaqua-2023-mirando-la-acuicultura-del-futuro\/"]}]},{"@type":"ImageObject","inLanguage":"es","@id":"https:\/\/www.mundoacuicola.cl\/new\/menos-de-una-semana-para-innaqua-2023-mirando-la-acuicultura-del-futuro\/#primaryimage","url":"https:\/\/www.mundoacuicola.cl\/new\/wp-content\/uploads\/2023\/09\/InnAqua2023.jpg","contentUrl":"https:\/\/www.mundoacuicola.cl\/new\/wp-content\/uploads\/2023\/09\/InnAqua2023.jpg","width":750,"height":400},{"@type":"BreadcrumbList","@id":"https:\/\/www.mundoacuicola.cl\/new\/menos-de-una-semana-para-innaqua-2023-mirando-la-acuicultura-del-futuro\/#breadcrumb","itemListElement":[{"@type":"ListItem","position":1,"name":"Portada","item":"https:\/\/www.mundoacuicola.cl\/new\/"},{"@type":"ListItem","position":2,"name":"Menos de una semana para \u00abInnAqua 2023: Mirando la acuicultura del futuro\u00bb"}]},{"@type":"WebSite","@id":"https:\/\/www.mundoacuicola.cl\/new\/#website","url":"https:\/\/www.mundoacuicola.cl\/new\/","name":"Mundoacuicola","description":"Revista de Acuicultura.","publisher":{"@id":"https:\/\/www.mundoacuicola.cl\/new\/#organization"},"potentialAction":[{"@type":"SearchAction","target":{"@type":"EntryPoint","urlTemplate":"https:\/\/www.mundoacuicola.cl\/new\/?s={search_term_string}"},"query-input":{"@type":"PropertyValueSpecification","valueRequired":true,"valueName":"search_term_string"}}],"inLanguage":"es"},{"@type":"Organization","@id":"https:\/\/www.mundoacuicola.cl\/new\/#organization","name":"Mundoacuicola","url":"https:\/\/www.mundoacuicola.cl\/new\/","logo":{"@type":"ImageObject","inLanguage":"es","@id":"https:\/\/www.mundoacuicola.cl\/new\/#\/schema\/logo\/image\/","url":"https:\/\/www.mundoacuicola.cl\/new\/wp-content\/uploads\/2026\/01\/cropped-LOGO-Mundo-Acuicola-2026.png","contentUrl":"https:\/\/www.mundoacuicola.cl\/new\/wp-content\/uploads\/2026\/01\/cropped-LOGO-Mundo-Acuicola-2026.png","width":1252,"height":296,"caption":"Mundoacuicola"},"image":{"@id":"https:\/\/www.mundoacuicola.cl\/new\/#\/schema\/logo\/image\/"},"sameAs":["https:\/\/www.facebook.com\/mundo.acuicola\/","https:\/\/x.com\/mundoacuicola","https:\/\/www.linkedin.com\/in\/mundo-acuicola"]},{"@type":"Person","@id":"https:\/\/www.mundoacuicola.cl\/new\/#\/schema\/person\/52cfe7e461eb2d30484965350ee34bdd","name":"Ricardo Alvarez","url":"https:\/\/www.mundoacuicola.cl\/new\/author\/ricardo\/"}]}},"_links":{"self":[{"href":"https:\/\/www.mundoacuicola.cl\/new\/wp-json\/wp\/v2\/posts\/55967","targetHints":{"allow":["GET"]}}],"collection":[{"href":"https:\/\/www.mundoacuicola.cl\/new\/wp-json\/wp\/v2\/posts"}],"about":[{"href":"https:\/\/www.mundoacuicola.cl\/new\/wp-json\/wp\/v2\/types\/post"}],"author":[{"embeddable":true,"href":"https:\/\/www.mundoacuicola.cl\/new\/wp-json\/wp\/v2\/users\/8"}],"replies":[{"embeddable":true,"href":"https:\/\/www.mundoacuicola.cl\/new\/wp-json\/wp\/v2\/comments?post=55967"}],"version-history":[{"count":0,"href":"https:\/\/www.mundoacuicola.cl\/new\/wp-json\/wp\/v2\/posts\/55967\/revisions"}],"wp:featuredmedia":[{"embeddable":true,"href":"https:\/\/www.mundoacuicola.cl\/new\/wp-json\/wp\/v2\/media\/55587"}],"wp:attachment":[{"href":"https:\/\/www.mundoacuicola.cl\/new\/wp-json\/wp\/v2\/media?parent=55967"}],"wp:term":[{"taxonomy":"category","embeddable":true,"href":"https:\/\/www.mundoacuicola.cl\/new\/wp-json\/wp\/v2\/categories?post=55967"},{"taxonomy":"post_tag","embeddable":true,"href":"https:\/\/www.mundoacuicola.cl\/new\/wp-json\/wp\/v2\/tags?post=55967"}],"curies":[{"name":"wp","href":"https:\/\/api.w.org\/{rel}","templated":true}]}}