{"id":57307,"date":"2023-10-25T20:43:14","date_gmt":"2023-10-25T23:43:14","guid":{"rendered":"https:\/\/www.mundoacuicola.cl\/new\/?p=57307"},"modified":"2023-10-29T18:34:27","modified_gmt":"2023-10-29T21:34:27","slug":"los-lagos-amichile-invita-a-ser-parte-de-la-gestacion-del-segundo-apl-para-la-sustentabilidad","status":"publish","type":"post","link":"https:\/\/www.mundoacuicola.cl\/new\/los-lagos-amichile-invita-a-ser-parte-de-la-gestacion-del-segundo-apl-para-la-sustentabilidad\/","title":{"rendered":"Los Lagos: AmiChile invita a ser parte de la gestaci\u00f3n del segundo APL para la sustentabilidad"},"content":{"rendered":"<p><span style=\"font-weight: 400;\"><a href=\"https:\/\/www.alloyingenieria.com\/\"><img fetchpriority=\"high\" decoding=\"async\" class=\"wp-image-55815 size-full alignright\" src=\"https:\/\/www.mundoacuicola.cl\/new\/wp-content\/uploads\/2023\/09\/Gif-Alloy.gif\" alt=\"\" width=\"300\" height=\"300\" \/><\/a>En 2019, se estableci\u00f3 el primer APL para la sustentabilidad de empresas del sector mitilicultor de la Regi\u00f3n de Los Lagos, con un fuerte respaldo de instituciones gubernamentales y autoridades locales.\u00a0<\/span><\/p>\n<p><span style=\"font-weight: 400;\">El APL brinda a las empresas de la industria de la mitilicultura la oportunidad de adoptar pr\u00e1cticas de producci\u00f3n m\u00e1s sostenibles, permiti\u00e9ndoles cumplir con las crecientes expectativas del mercado internacional. A trav\u00e9s de los Acuerdos de Producci\u00f3n Limpia, tanto empresas como MiPymes pueden optimizar su gesti\u00f3n de residuos. En el primer proceso, se logr\u00f3 hasta el 99% de valorizaci\u00f3n de conchillas en los centros de cultivos, lo que equivale a 8,977 toneladas. Las plantas de procesamiento que participaron en el APL experimentaron reducciones significativas del 3% en el consumo de electricidad por tonelada de materia prima producida, gracias a inversiones en eficiencia energ\u00e9tica que promedian m\u00e1s de $48 millones.\u00a0\u00a0<\/span><\/p>\n<p><span style=\"font-weight: 400;\">Actualmente, las empresas que obtienen la certificaci\u00f3n del APL pueden acceder a tasas preferenciales en cr\u00e9ditos, facilitando la inversi\u00f3n en tecnolog\u00eda y pr\u00e1cticas sostenibles. El Banco Estado ofrece tasas preferenciales a las empresas que obtienen la certificaci\u00f3n, lo que representa una ventaja adicional para los participantes.\u00a0<\/span><\/p>\n<p><span style=\"font-weight: 400;\">A ra\u00edz de ello, el equipo del Centro de Extensionismo para el Mitilicultor (CEM) ha estado trabajando activamente en la etapa de diagn\u00f3stico del APL 2, que est\u00e1 a punto de concluir. Este es el momento propicio para que los mitilicultores se unan a esta iniciativa y se beneficien de los avances tecnol\u00f3gicos y sostenibles en el sector. El CEM, bajo el alero de Intemit, est\u00e1 comprometido en promover activamente esta iniciativa en la regi\u00f3n y est\u00e1 dispuesto a brindar asistencia a los interesados.\u00a0<\/span><\/p>\n<p><span style=\"font-weight: 400;\"><strong><b><a href=\"https:\/\/www.mundoacuicola.cl\/medios\/?url_camp=26\" target=\"_blank\" rel=\"https:\/\/www.mundoacuicola.cl\/medios\/?url_camp=26 noopener\"><img decoding=\"async\" class=\"alignleft\" src=\"https:\/\/www.mundoacuicola.cl\/medios\/?camp=26\" alt=\"\" width=\"300\" height=\"250\" \/><\/a><\/b><\/strong>Todos los mitilicultores de la Regi\u00f3n de Los Lagos est\u00e1n invitados a unirse a la etapa de diagn\u00f3stico que est\u00e1 pr\u00f3xima a finalizar. Es importante recordar que la participaci\u00f3n en el APL es esencial, ya que se est\u00e1n gestionando fondos de inversi\u00f3n destinados a mejorar la tecnolog\u00eda relacionada con la gesti\u00f3n sostenible del sector.\u00a0<\/span><\/p>\n<p><span style=\"font-weight: 400;\">Unirse al proceso de diagn\u00f3stico en gestaci\u00f3n del segundo Acuerdo de Producci\u00f3n Limpia (APL) para la sustentabilidad de la mitilicultura en la regi\u00f3n de Los Lagos es una oportunidad para fomentar la optimizaci\u00f3n de recursos en la actividad.\u00a0 \u00a0 \u00a0<\/span><\/p>\n","protected":false},"excerpt":{"rendered":"<p>Esta iniciativa ha logrado importantes avances, incluyendo un notable aumento en la valorizaci\u00f3n de residuos s\u00f3lidos y mejoras significativas en la eficiencia energ\u00e9tica.\u00a0<\/p>\n","protected":false},"author":8,"featured_media":57308,"comment_status":"closed","ping_status":"closed","sticky":false,"template":"","format":"standard","meta":{"footnotes":""},"categories":[89],"tags":[1261,3043,19407,19409,19408,19406,206],"class_list":["post-57307","post","type-post","status-publish","format-standard","has-post-thumbnail","hentry","category-instituciones","tag-acuicola","tag-apl","tag-apl-para-la-sustentabilidad","tag-el-cem","tag-extensionismo-para-el-mitilicultor","tag-los-lagos-amichile","tag-pesca"],"yoast_head":"<!-- This site is optimized with the Yoast SEO plugin v27.5 - https:\/\/yoast.com\/product\/yoast-seo-wordpress\/ -->\n<title>Los Lagos: AmiChile invita a ser parte de la gestaci\u00f3n del segundo APL para la sustentabilidad - Mundoacuicola<\/title>\n<meta name=\"description\" content=\"Esta iniciativa ha logrado importantes avances, incluyendo un notable aumento en la valorizaci\u00f3n de residuos s\u00f3lidos y mejoras significativas\" \/>\n<meta name=\"robots\" content=\"index, follow, max-snippet:-1, max-image-preview:large, max-video-preview:-1\" \/>\n<link rel=\"canonical\" href=\"https:\/\/www.mundoacuicola.cl\/new\/los-lagos-amichile-invita-a-ser-parte-de-la-gestacion-del-segundo-apl-para-la-sustentabilidad\/\" \/>\n<meta property=\"og:locale\" content=\"es_ES\" \/>\n<meta property=\"og:type\" content=\"article\" \/>\n<meta property=\"og:title\" content=\"Los Lagos: AmiChile invita a ser parte de la gestaci\u00f3n del segundo APL para la sustentabilidad - Mundoacuicola\" \/>\n<meta property=\"og:description\" content=\"Esta iniciativa ha logrado importantes avances, incluyendo un notable aumento en la valorizaci\u00f3n de residuos s\u00f3lidos y mejoras significativas\" \/>\n<meta property=\"og:url\" content=\"https:\/\/www.mundoacuicola.cl\/new\/los-lagos-amichile-invita-a-ser-parte-de-la-gestacion-del-segundo-apl-para-la-sustentabilidad\/\" \/>\n<meta property=\"og:site_name\" content=\"Mundoacuicola\" \/>\n<meta property=\"article:publisher\" content=\"https:\/\/www.facebook.com\/mundo.acuicola\/\" \/>\n<meta property=\"article:published_time\" content=\"2023-10-25T23:43:14+00:00\" \/>\n<meta property=\"article:modified_time\" content=\"2023-10-29T21:34:27+00:00\" \/>\n<meta property=\"og:image\" content=\"https:\/\/www.mundoacuicola.cl\/new\/wp-content\/uploads\/2023\/10\/APLamichile.jpg\" \/>\n\t<meta property=\"og:image:width\" content=\"750\" \/>\n\t<meta property=\"og:image:height\" content=\"400\" \/>\n\t<meta property=\"og:image:type\" content=\"image\/jpeg\" \/>\n<meta name=\"author\" content=\"Ricardo Alvarez\" \/>\n<meta name=\"twitter:card\" content=\"summary_large_image\" \/>\n<meta name=\"twitter:creator\" content=\"@mundoacuicola\" \/>\n<meta name=\"twitter:site\" content=\"@mundoacuicola\" \/>\n<meta name=\"twitter:label1\" content=\"Escrito por\" \/>\n\t<meta name=\"twitter:data1\" content=\"Ricardo Alvarez\" \/>\n\t<meta name=\"twitter:label2\" content=\"Tiempo de lectura\" \/>\n\t<meta name=\"twitter:data2\" content=\"3 minutos\" \/>\n<script type=\"application\/ld+json\" class=\"yoast-schema-graph\">{\"@context\":\"https:\\\/\\\/schema.org\",\"@graph\":[{\"@type\":\"Article\",\"@id\":\"https:\\\/\\\/www.mundoacuicola.cl\\\/new\\\/los-lagos-amichile-invita-a-ser-parte-de-la-gestacion-del-segundo-apl-para-la-sustentabilidad\\\/#article\",\"isPartOf\":{\"@id\":\"https:\\\/\\\/www.mundoacuicola.cl\\\/new\\\/los-lagos-amichile-invita-a-ser-parte-de-la-gestacion-del-segundo-apl-para-la-sustentabilidad\\\/\"},\"author\":{\"name\":\"Ricardo Alvarez\",\"@id\":\"https:\\\/\\\/www.mundoacuicola.cl\\\/new\\\/#\\\/schema\\\/person\\\/52cfe7e461eb2d30484965350ee34bdd\"},\"headline\":\"Los Lagos: AmiChile invita a ser parte de la gestaci\u00f3n del segundo APL para la sustentabilidad\",\"datePublished\":\"2023-10-25T23:43:14+00:00\",\"dateModified\":\"2023-10-29T21:34:27+00:00\",\"mainEntityOfPage\":{\"@id\":\"https:\\\/\\\/www.mundoacuicola.cl\\\/new\\\/los-lagos-amichile-invita-a-ser-parte-de-la-gestacion-del-segundo-apl-para-la-sustentabilidad\\\/\"},\"wordCount\":408,\"publisher\":{\"@id\":\"https:\\\/\\\/www.mundoacuicola.cl\\\/new\\\/#organization\"},\"image\":{\"@id\":\"https:\\\/\\\/www.mundoacuicola.cl\\\/new\\\/los-lagos-amichile-invita-a-ser-parte-de-la-gestacion-del-segundo-apl-para-la-sustentabilidad\\\/#primaryimage\"},\"thumbnailUrl\":\"https:\\\/\\\/www.mundoacuicola.cl\\\/new\\\/wp-content\\\/uploads\\\/2023\\\/10\\\/APLamichile.jpg\",\"keywords\":[\"Acu\u00edcola\",\"APL\",\"APL para la sustentabilidad\",\"El CEM\",\"Extensionismo para el Mitilicultor\",\"Los Lagos: AmiChile\",\"Pesca\"],\"articleSection\":[\"Instituciones\"],\"inLanguage\":\"es\"},{\"@type\":\"WebPage\",\"@id\":\"https:\\\/\\\/www.mundoacuicola.cl\\\/new\\\/los-lagos-amichile-invita-a-ser-parte-de-la-gestacion-del-segundo-apl-para-la-sustentabilidad\\\/\",\"url\":\"https:\\\/\\\/www.mundoacuicola.cl\\\/new\\\/los-lagos-amichile-invita-a-ser-parte-de-la-gestacion-del-segundo-apl-para-la-sustentabilidad\\\/\",\"name\":\"Los Lagos: AmiChile invita a ser parte de la gestaci\u00f3n del segundo APL para la sustentabilidad - Mundoacuicola\",\"isPartOf\":{\"@id\":\"https:\\\/\\\/www.mundoacuicola.cl\\\/new\\\/#website\"},\"primaryImageOfPage\":{\"@id\":\"https:\\\/\\\/www.mundoacuicola.cl\\\/new\\\/los-lagos-amichile-invita-a-ser-parte-de-la-gestacion-del-segundo-apl-para-la-sustentabilidad\\\/#primaryimage\"},\"image\":{\"@id\":\"https:\\\/\\\/www.mundoacuicola.cl\\\/new\\\/los-lagos-amichile-invita-a-ser-parte-de-la-gestacion-del-segundo-apl-para-la-sustentabilidad\\\/#primaryimage\"},\"thumbnailUrl\":\"https:\\\/\\\/www.mundoacuicola.cl\\\/new\\\/wp-content\\\/uploads\\\/2023\\\/10\\\/APLamichile.jpg\",\"datePublished\":\"2023-10-25T23:43:14+00:00\",\"dateModified\":\"2023-10-29T21:34:27+00:00\",\"description\":\"Esta iniciativa ha logrado importantes avances, incluyendo un notable aumento en la valorizaci\u00f3n de residuos s\u00f3lidos y mejoras significativas\",\"breadcrumb\":{\"@id\":\"https:\\\/\\\/www.mundoacuicola.cl\\\/new\\\/los-lagos-amichile-invita-a-ser-parte-de-la-gestacion-del-segundo-apl-para-la-sustentabilidad\\\/#breadcrumb\"},\"inLanguage\":\"es\",\"potentialAction\":[{\"@type\":\"ReadAction\",\"target\":[\"https:\\\/\\\/www.mundoacuicola.cl\\\/new\\\/los-lagos-amichile-invita-a-ser-parte-de-la-gestacion-del-segundo-apl-para-la-sustentabilidad\\\/\"]}]},{\"@type\":\"ImageObject\",\"inLanguage\":\"es\",\"@id\":\"https:\\\/\\\/www.mundoacuicola.cl\\\/new\\\/los-lagos-amichile-invita-a-ser-parte-de-la-gestacion-del-segundo-apl-para-la-sustentabilidad\\\/#primaryimage\",\"url\":\"https:\\\/\\\/www.mundoacuicola.cl\\\/new\\\/wp-content\\\/uploads\\\/2023\\\/10\\\/APLamichile.jpg\",\"contentUrl\":\"https:\\\/\\\/www.mundoacuicola.cl\\\/new\\\/wp-content\\\/uploads\\\/2023\\\/10\\\/APLamichile.jpg\",\"width\":750,\"height\":400},{\"@type\":\"BreadcrumbList\",\"@id\":\"https:\\\/\\\/www.mundoacuicola.cl\\\/new\\\/los-lagos-amichile-invita-a-ser-parte-de-la-gestacion-del-segundo-apl-para-la-sustentabilidad\\\/#breadcrumb\",\"itemListElement\":[{\"@type\":\"ListItem\",\"position\":1,\"name\":\"Portada\",\"item\":\"https:\\\/\\\/www.mundoacuicola.cl\\\/new\\\/\"},{\"@type\":\"ListItem\",\"position\":2,\"name\":\"Los Lagos: AmiChile invita a ser parte de la gestaci\u00f3n del segundo APL para la sustentabilidad\"}]},{\"@type\":\"WebSite\",\"@id\":\"https:\\\/\\\/www.mundoacuicola.cl\\\/new\\\/#website\",\"url\":\"https:\\\/\\\/www.mundoacuicola.cl\\\/new\\\/\",\"name\":\"Mundoacuicola\",\"description\":\"Revista de Acuicultura.\",\"publisher\":{\"@id\":\"https:\\\/\\\/www.mundoacuicola.cl\\\/new\\\/#organization\"},\"potentialAction\":[{\"@type\":\"SearchAction\",\"target\":{\"@type\":\"EntryPoint\",\"urlTemplate\":\"https:\\\/\\\/www.mundoacuicola.cl\\\/new\\\/?s={search_term_string}\"},\"query-input\":{\"@type\":\"PropertyValueSpecification\",\"valueRequired\":true,\"valueName\":\"search_term_string\"}}],\"inLanguage\":\"es\"},{\"@type\":\"Organization\",\"@id\":\"https:\\\/\\\/www.mundoacuicola.cl\\\/new\\\/#organization\",\"name\":\"Mundoacuicola\",\"url\":\"https:\\\/\\\/www.mundoacuicola.cl\\\/new\\\/\",\"logo\":{\"@type\":\"ImageObject\",\"inLanguage\":\"es\",\"@id\":\"https:\\\/\\\/www.mundoacuicola.cl\\\/new\\\/#\\\/schema\\\/logo\\\/image\\\/\",\"url\":\"https:\\\/\\\/www.mundoacuicola.cl\\\/new\\\/wp-content\\\/uploads\\\/2026\\\/01\\\/cropped-LOGO-Mundo-Acuicola-2026.png\",\"contentUrl\":\"https:\\\/\\\/www.mundoacuicola.cl\\\/new\\\/wp-content\\\/uploads\\\/2026\\\/01\\\/cropped-LOGO-Mundo-Acuicola-2026.png\",\"width\":1252,\"height\":296,\"caption\":\"Mundoacuicola\"},\"image\":{\"@id\":\"https:\\\/\\\/www.mundoacuicola.cl\\\/new\\\/#\\\/schema\\\/logo\\\/image\\\/\"},\"sameAs\":[\"https:\\\/\\\/www.facebook.com\\\/mundo.acuicola\\\/\",\"https:\\\/\\\/x.com\\\/mundoacuicola\",\"https:\\\/\\\/www.linkedin.com\\\/in\\\/mundo-acuicola\"]},{\"@type\":\"Person\",\"@id\":\"https:\\\/\\\/www.mundoacuicola.cl\\\/new\\\/#\\\/schema\\\/person\\\/52cfe7e461eb2d30484965350ee34bdd\",\"name\":\"Ricardo Alvarez\",\"url\":\"https:\\\/\\\/www.mundoacuicola.cl\\\/new\\\/author\\\/ricardo\\\/\"}]}<\/script>\n<!-- \/ Yoast SEO plugin. -->","yoast_head_json":{"title":"Los Lagos: AmiChile invita a ser parte de la gestaci\u00f3n del segundo APL para la sustentabilidad - Mundoacuicola","description":"Esta iniciativa ha logrado importantes avances, incluyendo un notable aumento en la valorizaci\u00f3n de residuos s\u00f3lidos y mejoras significativas","robots":{"index":"index","follow":"follow","max-snippet":"max-snippet:-1","max-image-preview":"max-image-preview:large","max-video-preview":"max-video-preview:-1"},"canonical":"https:\/\/www.mundoacuicola.cl\/new\/los-lagos-amichile-invita-a-ser-parte-de-la-gestacion-del-segundo-apl-para-la-sustentabilidad\/","og_locale":"es_ES","og_type":"article","og_title":"Los Lagos: AmiChile invita a ser parte de la gestaci\u00f3n del segundo APL para la sustentabilidad - Mundoacuicola","og_description":"Esta iniciativa ha logrado importantes avances, incluyendo un notable aumento en la valorizaci\u00f3n de residuos s\u00f3lidos y mejoras significativas","og_url":"https:\/\/www.mundoacuicola.cl\/new\/los-lagos-amichile-invita-a-ser-parte-de-la-gestacion-del-segundo-apl-para-la-sustentabilidad\/","og_site_name":"Mundoacuicola","article_publisher":"https:\/\/www.facebook.com\/mundo.acuicola\/","article_published_time":"2023-10-25T23:43:14+00:00","article_modified_time":"2023-10-29T21:34:27+00:00","og_image":[{"width":750,"height":400,"url":"https:\/\/www.mundoacuicola.cl\/new\/wp-content\/uploads\/2023\/10\/APLamichile.jpg","type":"image\/jpeg"}],"author":"Ricardo Alvarez","twitter_card":"summary_large_image","twitter_creator":"@mundoacuicola","twitter_site":"@mundoacuicola","twitter_misc":{"Escrito por":"Ricardo Alvarez","Tiempo de lectura":"3 minutos"},"schema":{"@context":"https:\/\/schema.org","@graph":[{"@type":"Article","@id":"https:\/\/www.mundoacuicola.cl\/new\/los-lagos-amichile-invita-a-ser-parte-de-la-gestacion-del-segundo-apl-para-la-sustentabilidad\/#article","isPartOf":{"@id":"https:\/\/www.mundoacuicola.cl\/new\/los-lagos-amichile-invita-a-ser-parte-de-la-gestacion-del-segundo-apl-para-la-sustentabilidad\/"},"author":{"name":"Ricardo Alvarez","@id":"https:\/\/www.mundoacuicola.cl\/new\/#\/schema\/person\/52cfe7e461eb2d30484965350ee34bdd"},"headline":"Los Lagos: AmiChile invita a ser parte de la gestaci\u00f3n del segundo APL para la sustentabilidad","datePublished":"2023-10-25T23:43:14+00:00","dateModified":"2023-10-29T21:34:27+00:00","mainEntityOfPage":{"@id":"https:\/\/www.mundoacuicola.cl\/new\/los-lagos-amichile-invita-a-ser-parte-de-la-gestacion-del-segundo-apl-para-la-sustentabilidad\/"},"wordCount":408,"publisher":{"@id":"https:\/\/www.mundoacuicola.cl\/new\/#organization"},"image":{"@id":"https:\/\/www.mundoacuicola.cl\/new\/los-lagos-amichile-invita-a-ser-parte-de-la-gestacion-del-segundo-apl-para-la-sustentabilidad\/#primaryimage"},"thumbnailUrl":"https:\/\/www.mundoacuicola.cl\/new\/wp-content\/uploads\/2023\/10\/APLamichile.jpg","keywords":["Acu\u00edcola","APL","APL para la sustentabilidad","El CEM","Extensionismo para el Mitilicultor","Los Lagos: AmiChile","Pesca"],"articleSection":["Instituciones"],"inLanguage":"es"},{"@type":"WebPage","@id":"https:\/\/www.mundoacuicola.cl\/new\/los-lagos-amichile-invita-a-ser-parte-de-la-gestacion-del-segundo-apl-para-la-sustentabilidad\/","url":"https:\/\/www.mundoacuicola.cl\/new\/los-lagos-amichile-invita-a-ser-parte-de-la-gestacion-del-segundo-apl-para-la-sustentabilidad\/","name":"Los Lagos: AmiChile invita a ser parte de la gestaci\u00f3n del segundo APL para la sustentabilidad - Mundoacuicola","isPartOf":{"@id":"https:\/\/www.mundoacuicola.cl\/new\/#website"},"primaryImageOfPage":{"@id":"https:\/\/www.mundoacuicola.cl\/new\/los-lagos-amichile-invita-a-ser-parte-de-la-gestacion-del-segundo-apl-para-la-sustentabilidad\/#primaryimage"},"image":{"@id":"https:\/\/www.mundoacuicola.cl\/new\/los-lagos-amichile-invita-a-ser-parte-de-la-gestacion-del-segundo-apl-para-la-sustentabilidad\/#primaryimage"},"thumbnailUrl":"https:\/\/www.mundoacuicola.cl\/new\/wp-content\/uploads\/2023\/10\/APLamichile.jpg","datePublished":"2023-10-25T23:43:14+00:00","dateModified":"2023-10-29T21:34:27+00:00","description":"Esta iniciativa ha logrado importantes avances, incluyendo un notable aumento en la valorizaci\u00f3n de residuos s\u00f3lidos y mejoras significativas","breadcrumb":{"@id":"https:\/\/www.mundoacuicola.cl\/new\/los-lagos-amichile-invita-a-ser-parte-de-la-gestacion-del-segundo-apl-para-la-sustentabilidad\/#breadcrumb"},"inLanguage":"es","potentialAction":[{"@type":"ReadAction","target":["https:\/\/www.mundoacuicola.cl\/new\/los-lagos-amichile-invita-a-ser-parte-de-la-gestacion-del-segundo-apl-para-la-sustentabilidad\/"]}]},{"@type":"ImageObject","inLanguage":"es","@id":"https:\/\/www.mundoacuicola.cl\/new\/los-lagos-amichile-invita-a-ser-parte-de-la-gestacion-del-segundo-apl-para-la-sustentabilidad\/#primaryimage","url":"https:\/\/www.mundoacuicola.cl\/new\/wp-content\/uploads\/2023\/10\/APLamichile.jpg","contentUrl":"https:\/\/www.mundoacuicola.cl\/new\/wp-content\/uploads\/2023\/10\/APLamichile.jpg","width":750,"height":400},{"@type":"BreadcrumbList","@id":"https:\/\/www.mundoacuicola.cl\/new\/los-lagos-amichile-invita-a-ser-parte-de-la-gestacion-del-segundo-apl-para-la-sustentabilidad\/#breadcrumb","itemListElement":[{"@type":"ListItem","position":1,"name":"Portada","item":"https:\/\/www.mundoacuicola.cl\/new\/"},{"@type":"ListItem","position":2,"name":"Los Lagos: AmiChile invita a ser parte de la gestaci\u00f3n del segundo APL para la sustentabilidad"}]},{"@type":"WebSite","@id":"https:\/\/www.mundoacuicola.cl\/new\/#website","url":"https:\/\/www.mundoacuicola.cl\/new\/","name":"Mundoacuicola","description":"Revista de Acuicultura.","publisher":{"@id":"https:\/\/www.mundoacuicola.cl\/new\/#organization"},"potentialAction":[{"@type":"SearchAction","target":{"@type":"EntryPoint","urlTemplate":"https:\/\/www.mundoacuicola.cl\/new\/?s={search_term_string}"},"query-input":{"@type":"PropertyValueSpecification","valueRequired":true,"valueName":"search_term_string"}}],"inLanguage":"es"},{"@type":"Organization","@id":"https:\/\/www.mundoacuicola.cl\/new\/#organization","name":"Mundoacuicola","url":"https:\/\/www.mundoacuicola.cl\/new\/","logo":{"@type":"ImageObject","inLanguage":"es","@id":"https:\/\/www.mundoacuicola.cl\/new\/#\/schema\/logo\/image\/","url":"https:\/\/www.mundoacuicola.cl\/new\/wp-content\/uploads\/2026\/01\/cropped-LOGO-Mundo-Acuicola-2026.png","contentUrl":"https:\/\/www.mundoacuicola.cl\/new\/wp-content\/uploads\/2026\/01\/cropped-LOGO-Mundo-Acuicola-2026.png","width":1252,"height":296,"caption":"Mundoacuicola"},"image":{"@id":"https:\/\/www.mundoacuicola.cl\/new\/#\/schema\/logo\/image\/"},"sameAs":["https:\/\/www.facebook.com\/mundo.acuicola\/","https:\/\/x.com\/mundoacuicola","https:\/\/www.linkedin.com\/in\/mundo-acuicola"]},{"@type":"Person","@id":"https:\/\/www.mundoacuicola.cl\/new\/#\/schema\/person\/52cfe7e461eb2d30484965350ee34bdd","name":"Ricardo Alvarez","url":"https:\/\/www.mundoacuicola.cl\/new\/author\/ricardo\/"}]}},"_links":{"self":[{"href":"https:\/\/www.mundoacuicola.cl\/new\/wp-json\/wp\/v2\/posts\/57307","targetHints":{"allow":["GET"]}}],"collection":[{"href":"https:\/\/www.mundoacuicola.cl\/new\/wp-json\/wp\/v2\/posts"}],"about":[{"href":"https:\/\/www.mundoacuicola.cl\/new\/wp-json\/wp\/v2\/types\/post"}],"author":[{"embeddable":true,"href":"https:\/\/www.mundoacuicola.cl\/new\/wp-json\/wp\/v2\/users\/8"}],"replies":[{"embeddable":true,"href":"https:\/\/www.mundoacuicola.cl\/new\/wp-json\/wp\/v2\/comments?post=57307"}],"version-history":[{"count":0,"href":"https:\/\/www.mundoacuicola.cl\/new\/wp-json\/wp\/v2\/posts\/57307\/revisions"}],"wp:featuredmedia":[{"embeddable":true,"href":"https:\/\/www.mundoacuicola.cl\/new\/wp-json\/wp\/v2\/media\/57308"}],"wp:attachment":[{"href":"https:\/\/www.mundoacuicola.cl\/new\/wp-json\/wp\/v2\/media?parent=57307"}],"wp:term":[{"taxonomy":"category","embeddable":true,"href":"https:\/\/www.mundoacuicola.cl\/new\/wp-json\/wp\/v2\/categories?post=57307"},{"taxonomy":"post_tag","embeddable":true,"href":"https:\/\/www.mundoacuicola.cl\/new\/wp-json\/wp\/v2\/tags?post=57307"}],"curies":[{"name":"wp","href":"https:\/\/api.w.org\/{rel}","templated":true}]}}