{"id":59017,"date":"2023-12-15T06:11:59","date_gmt":"2023-12-15T09:11:59","guid":{"rendered":"https:\/\/www.mundoacuicola.cl\/new\/?p=59017"},"modified":"2023-12-18T08:15:58","modified_gmt":"2023-12-18T11:15:58","slug":"plus-industrial-obtiene-premio-nacional-inclusion-achs-2023","status":"publish","type":"post","link":"https:\/\/www.mundoacuicola.cl\/new\/plus-industrial-obtiene-premio-nacional-inclusion-achs-2023\/","title":{"rendered":"Plus Industrial obtiene Premio Nacional Inclusi\u00f3n ACHS 2023"},"content":{"rendered":"<p><b><span style=\"font-weight: 400;\"><a href=\"https:\/\/www.alloyingenieria.com\/\"><img fetchpriority=\"high\" decoding=\"async\" class=\"wp-image-55815 size-full alignright\" src=\"https:\/\/www.mundoacuicola.cl\/new\/wp-content\/uploads\/2023\/09\/Gif-Alloy.gif\" alt=\"\" width=\"300\" height=\"300\" \/><\/a><\/span><\/b>La Asociaci\u00f3n Chilena de Seguridad (ACHS), referente en rehabilitaci\u00f3n y reinserci\u00f3n, entrega anualmente el \u201cPremio Inclusi\u00f3n\u201d, a las entidades empleadoras adheridas que contribuyen a la inclusi\u00f3n de personas con discapacidad. Con dicho reconocimiento, la ACHS ha buscado generar un incentivo social, que reconozca buenas pr\u00e1cticas para hacer de Chile una sociedad m\u00e1s inclusiva y diversa.<\/p>\n<p>En esta oportunidad Durante la ceremonia de premiaci\u00f3n de la 35\u00b0 versi\u00f3n del premio Inclusi\u00f3n Achs 2023, que se realiz\u00f3 el d\u00eda martes 05 de diciembre en dependencias del Centros de Eventos Metropolitan Santiago, El gerente General de Plus Industrial, Egon Kiessling Sandoval, recibi\u00f3 el premio correspondiente a la categor\u00eda peque\u00f1a empresa.\u00a0 En esta velada tambi\u00e9n asistieron como autoridades Jeannette Jara, Ministra del Trabajo y Previsi\u00f3n Social, Pamela Gana, Superintendenta de Seguridad Social, Daniel Concha, Director Nacional del Servicio Nacional de la Discapacidad, entre otros actores del mundo p\u00fablico y privado.<\/p>\n<p>Egon Kiessling, gerente general de Plus Industrial, destac\u00f3 \u201cen nuestra empresa estamos altamente comprometidos con la inclusi\u00f3n, creemos m\u00e1s en potenciar las capacidades de los alumnos que hacen su pr\u00e1ctica con nosotros, que en ver sus discapacidades. Es un trabajo en conjunto en donde cada colaborador pone un granito de arena y acoge a los ni\u00f1os que llegan a nuestra empresa. Este premio viene a respaldar nuestro trabajo de seis a\u00f1os y estamos muy orgullosos\u201d<\/p>\n<h2>Convenio con Coanil<\/h2>\n<p>En la actualidad, Plus Industrial cuenta con un convenio vigente de Pr\u00e1cticas profesionales con La escuela Especial Andr\u00e9s Bello fundaci\u00f3n Coanil Puerto Montt, cuyo objetivo es potenciar las habilidades de las personas con discapacidad intelectual para lograr su inclusi\u00f3n social. Esta Alianza nace a inicios del a\u00f1o 2017 con la incorporaci\u00f3n del primer alumno practicante, quien actualmente es parte del staff Plus Industrial de manera estable.<\/p>\n<p>\u201cDesde el \u00e1rea de Recursos Humanos podemos decir que el \u00e9xito obtenido en materia de Inclusi\u00f3n Laboral, es un \u00e9xito compartido entre todos los que participamos, ya sea nosotros como empresa, colegio, colegas y familia del alumno. Nos hace sentir que contribuimos en un futuro m\u00e1s inclusivo, a trav\u00e9s de la\u00a0 creaci\u00f3n de pol\u00edticas, conciencia y dedicaci\u00f3n para marcar un <span style=\"font-weight: 400;\"><strong><b><a href=\"https:\/\/www.mundoacuicola.cl\/medios\/?url_camp=26\" target=\"_blank\" rel=\"https:\/\/www.mundoacuicola.cl\/medios\/?url_camp=26 noopener\"><img decoding=\"async\" class=\"alignleft\" src=\"https:\/\/www.mundoacuicola.cl\/medios\/?camp=26\" alt=\"\" width=\"300\" height=\"250\" \/><\/a><\/b><\/strong><\/span>camino de igualdad y diversidad, en Plus Industrial, esto no es una iniciativa puntual, es una forma de trabajo que esperamos poder seguir replicando y lo m\u00e1s importante, entregar un mensaje a las empresas de nuestra comuna, a atreverse, van a ver que los resultados de esta integraci\u00f3n son muy satisfactorios\u201d coment\u00f3 Luis Oyarzo Lambert, Jefe de Personal de Plus Industrial.<\/p>\n<p>Si bien la Ley 21.015 de Inclusi\u00f3n laboral obliga hoy a las entidades por sobre 100 colaboradores a contratar el 1% de su plantilla con personas con discapacidad, as\u00ed como la Ley 21.275, obliga a contar con un gestor en el \u00e1rea de personas de las empresas con m\u00e1s de 100 trabajadores, la empresa est\u00e1 exenta de esta obligaci\u00f3n, dando cuenta que la real inclusi\u00f3n depende de un cambio cultural tanto en ellas como la sociedad en su conjunto, cuesti\u00f3n a la que apunta este reconocimiento.<\/p>\n","protected":false},"excerpt":{"rendered":"<p>Plus Industrial recibi\u00f3 reconocimiento por su compromiso con la inclusi\u00f3n. Destacaron su colaboraci\u00f3n con la Escuela Especial Andr\u00e9s Bello de Coanil, fomentando habilidades e inclusi\u00f3n social. <\/p>\n","protected":false},"author":8,"featured_media":59027,"comment_status":"closed","ping_status":"closed","sticky":false,"template":"","format":"standard","meta":{"footnotes":""},"categories":[2],"tags":[1509,17805,6124,20195,6220,11726,11720,17473,20196,19764,17903,20194,11922],"class_list":["post-59017","post","type-post","status-publish","format-standard","has-post-thumbnail","hentry","category-negocios","tag-achs","tag-ceremonia","tag-colaboradores","tag-discapacidad","tag-diversidad","tag-empresa","tag-igualdad","tag-inclusion-laboral","tag-leyes-de-inclusion","tag-politicas","tag-practicas-profesionales","tag-premio-inclusion","tag-sociedad"],"yoast_head":"<!-- This site is optimized with the Yoast SEO plugin v27.4 - https:\/\/yoast.com\/product\/yoast-seo-wordpress\/ -->\n<title>Plus Industrial obtiene Premio Nacional Inclusi\u00f3n ACHS 2023 - Mundoacuicola<\/title>\n<meta name=\"description\" content=\"Plus Industrial recibi\u00f3 reconocimiento por su compromiso, destacando su colaboraci\u00f3n con la Escuela Especial Andr\u00e9s Bello de Coanil.\" \/>\n<meta name=\"robots\" content=\"index, follow, max-snippet:-1, max-image-preview:large, max-video-preview:-1\" \/>\n<link rel=\"canonical\" href=\"https:\/\/www.mundoacuicola.cl\/new\/plus-industrial-obtiene-premio-nacional-inclusion-achs-2023\/\" \/>\n<meta property=\"og:locale\" content=\"es_ES\" \/>\n<meta property=\"og:type\" content=\"article\" \/>\n<meta property=\"og:title\" content=\"Plus Industrial obtiene Premio Nacional Inclusi\u00f3n ACHS 2023 - Mundoacuicola\" \/>\n<meta property=\"og:description\" content=\"Plus Industrial recibi\u00f3 reconocimiento por su compromiso, destacando su colaboraci\u00f3n con la Escuela Especial Andr\u00e9s Bello de Coanil.\" \/>\n<meta property=\"og:url\" content=\"https:\/\/www.mundoacuicola.cl\/new\/plus-industrial-obtiene-premio-nacional-inclusion-achs-2023\/\" \/>\n<meta property=\"og:site_name\" content=\"Mundoacuicola\" \/>\n<meta property=\"article:publisher\" content=\"https:\/\/www.facebook.com\/mundo.acuicola\/\" \/>\n<meta property=\"article:published_time\" content=\"2023-12-15T09:11:59+00:00\" \/>\n<meta property=\"article:modified_time\" content=\"2023-12-18T11:15:58+00:00\" \/>\n<meta property=\"og:image\" content=\"https:\/\/www.mundoacuicola.cl\/new\/wp-content\/uploads\/2023\/12\/PlusIndustrialPremioACHS.jpg\" \/>\n\t<meta property=\"og:image:width\" content=\"750\" \/>\n\t<meta property=\"og:image:height\" content=\"400\" \/>\n\t<meta property=\"og:image:type\" content=\"image\/jpeg\" \/>\n<meta name=\"author\" content=\"Ricardo Alvarez\" \/>\n<meta name=\"twitter:card\" content=\"summary_large_image\" \/>\n<meta name=\"twitter:creator\" content=\"@mundoacuicola\" \/>\n<meta name=\"twitter:site\" content=\"@mundoacuicola\" \/>\n<meta name=\"twitter:label1\" content=\"Escrito por\" \/>\n\t<meta name=\"twitter:data1\" content=\"Ricardo Alvarez\" \/>\n\t<meta name=\"twitter:label2\" content=\"Tiempo de lectura\" \/>\n\t<meta name=\"twitter:data2\" content=\"3 minutos\" \/>\n<script type=\"application\/ld+json\" class=\"yoast-schema-graph\">{\"@context\":\"https:\\\/\\\/schema.org\",\"@graph\":[{\"@type\":\"Article\",\"@id\":\"https:\\\/\\\/www.mundoacuicola.cl\\\/new\\\/plus-industrial-obtiene-premio-nacional-inclusion-achs-2023\\\/#article\",\"isPartOf\":{\"@id\":\"https:\\\/\\\/www.mundoacuicola.cl\\\/new\\\/plus-industrial-obtiene-premio-nacional-inclusion-achs-2023\\\/\"},\"author\":{\"name\":\"Ricardo Alvarez\",\"@id\":\"https:\\\/\\\/www.mundoacuicola.cl\\\/new\\\/#\\\/schema\\\/person\\\/52cfe7e461eb2d30484965350ee34bdd\"},\"headline\":\"Plus Industrial obtiene Premio Nacional Inclusi\u00f3n ACHS 2023\",\"datePublished\":\"2023-12-15T09:11:59+00:00\",\"dateModified\":\"2023-12-18T11:15:58+00:00\",\"mainEntityOfPage\":{\"@id\":\"https:\\\/\\\/www.mundoacuicola.cl\\\/new\\\/plus-industrial-obtiene-premio-nacional-inclusion-achs-2023\\\/\"},\"wordCount\":536,\"publisher\":{\"@id\":\"https:\\\/\\\/www.mundoacuicola.cl\\\/new\\\/#organization\"},\"image\":{\"@id\":\"https:\\\/\\\/www.mundoacuicola.cl\\\/new\\\/plus-industrial-obtiene-premio-nacional-inclusion-achs-2023\\\/#primaryimage\"},\"thumbnailUrl\":\"https:\\\/\\\/www.mundoacuicola.cl\\\/new\\\/wp-content\\\/uploads\\\/2023\\\/12\\\/PlusIndustrialPremioACHS.jpg\",\"keywords\":[\"ACHS\",\"Ceremonia\",\"colaboradores\",\"discapacidad\",\"diversidad\",\"empresa\",\"igualdad\",\"inclusi\u00f3n laboral\",\"Leyes de Inclusi\u00f3n\",\"pol\u00edticas\",\"pr\u00e1cticas profesionales\",\"Premio Inclusi\u00f3n\",\"sociedad\"],\"articleSection\":[\"Negocios\"],\"inLanguage\":\"es\"},{\"@type\":\"WebPage\",\"@id\":\"https:\\\/\\\/www.mundoacuicola.cl\\\/new\\\/plus-industrial-obtiene-premio-nacional-inclusion-achs-2023\\\/\",\"url\":\"https:\\\/\\\/www.mundoacuicola.cl\\\/new\\\/plus-industrial-obtiene-premio-nacional-inclusion-achs-2023\\\/\",\"name\":\"Plus Industrial obtiene Premio Nacional Inclusi\u00f3n ACHS 2023 - Mundoacuicola\",\"isPartOf\":{\"@id\":\"https:\\\/\\\/www.mundoacuicola.cl\\\/new\\\/#website\"},\"primaryImageOfPage\":{\"@id\":\"https:\\\/\\\/www.mundoacuicola.cl\\\/new\\\/plus-industrial-obtiene-premio-nacional-inclusion-achs-2023\\\/#primaryimage\"},\"image\":{\"@id\":\"https:\\\/\\\/www.mundoacuicola.cl\\\/new\\\/plus-industrial-obtiene-premio-nacional-inclusion-achs-2023\\\/#primaryimage\"},\"thumbnailUrl\":\"https:\\\/\\\/www.mundoacuicola.cl\\\/new\\\/wp-content\\\/uploads\\\/2023\\\/12\\\/PlusIndustrialPremioACHS.jpg\",\"datePublished\":\"2023-12-15T09:11:59+00:00\",\"dateModified\":\"2023-12-18T11:15:58+00:00\",\"description\":\"Plus Industrial recibi\u00f3 reconocimiento por su compromiso, destacando su colaboraci\u00f3n con la Escuela Especial Andr\u00e9s Bello de Coanil.\",\"breadcrumb\":{\"@id\":\"https:\\\/\\\/www.mundoacuicola.cl\\\/new\\\/plus-industrial-obtiene-premio-nacional-inclusion-achs-2023\\\/#breadcrumb\"},\"inLanguage\":\"es\",\"potentialAction\":[{\"@type\":\"ReadAction\",\"target\":[\"https:\\\/\\\/www.mundoacuicola.cl\\\/new\\\/plus-industrial-obtiene-premio-nacional-inclusion-achs-2023\\\/\"]}]},{\"@type\":\"ImageObject\",\"inLanguage\":\"es\",\"@id\":\"https:\\\/\\\/www.mundoacuicola.cl\\\/new\\\/plus-industrial-obtiene-premio-nacional-inclusion-achs-2023\\\/#primaryimage\",\"url\":\"https:\\\/\\\/www.mundoacuicola.cl\\\/new\\\/wp-content\\\/uploads\\\/2023\\\/12\\\/PlusIndustrialPremioACHS.jpg\",\"contentUrl\":\"https:\\\/\\\/www.mundoacuicola.cl\\\/new\\\/wp-content\\\/uploads\\\/2023\\\/12\\\/PlusIndustrialPremioACHS.jpg\",\"width\":750,\"height\":400},{\"@type\":\"BreadcrumbList\",\"@id\":\"https:\\\/\\\/www.mundoacuicola.cl\\\/new\\\/plus-industrial-obtiene-premio-nacional-inclusion-achs-2023\\\/#breadcrumb\",\"itemListElement\":[{\"@type\":\"ListItem\",\"position\":1,\"name\":\"Portada\",\"item\":\"https:\\\/\\\/www.mundoacuicola.cl\\\/new\\\/\"},{\"@type\":\"ListItem\",\"position\":2,\"name\":\"Plus Industrial obtiene Premio Nacional Inclusi\u00f3n ACHS 2023\"}]},{\"@type\":\"WebSite\",\"@id\":\"https:\\\/\\\/www.mundoacuicola.cl\\\/new\\\/#website\",\"url\":\"https:\\\/\\\/www.mundoacuicola.cl\\\/new\\\/\",\"name\":\"Mundoacuicola\",\"description\":\"Revista de Acuicultura.\",\"publisher\":{\"@id\":\"https:\\\/\\\/www.mundoacuicola.cl\\\/new\\\/#organization\"},\"potentialAction\":[{\"@type\":\"SearchAction\",\"target\":{\"@type\":\"EntryPoint\",\"urlTemplate\":\"https:\\\/\\\/www.mundoacuicola.cl\\\/new\\\/?s={search_term_string}\"},\"query-input\":{\"@type\":\"PropertyValueSpecification\",\"valueRequired\":true,\"valueName\":\"search_term_string\"}}],\"inLanguage\":\"es\"},{\"@type\":\"Organization\",\"@id\":\"https:\\\/\\\/www.mundoacuicola.cl\\\/new\\\/#organization\",\"name\":\"Mundoacuicola\",\"url\":\"https:\\\/\\\/www.mundoacuicola.cl\\\/new\\\/\",\"logo\":{\"@type\":\"ImageObject\",\"inLanguage\":\"es\",\"@id\":\"https:\\\/\\\/www.mundoacuicola.cl\\\/new\\\/#\\\/schema\\\/logo\\\/image\\\/\",\"url\":\"https:\\\/\\\/www.mundoacuicola.cl\\\/new\\\/wp-content\\\/uploads\\\/2026\\\/01\\\/cropped-LOGO-Mundo-Acuicola-2026.png\",\"contentUrl\":\"https:\\\/\\\/www.mundoacuicola.cl\\\/new\\\/wp-content\\\/uploads\\\/2026\\\/01\\\/cropped-LOGO-Mundo-Acuicola-2026.png\",\"width\":1252,\"height\":296,\"caption\":\"Mundoacuicola\"},\"image\":{\"@id\":\"https:\\\/\\\/www.mundoacuicola.cl\\\/new\\\/#\\\/schema\\\/logo\\\/image\\\/\"},\"sameAs\":[\"https:\\\/\\\/www.facebook.com\\\/mundo.acuicola\\\/\",\"https:\\\/\\\/x.com\\\/mundoacuicola\",\"https:\\\/\\\/www.linkedin.com\\\/in\\\/mundo-acuicola\"]},{\"@type\":\"Person\",\"@id\":\"https:\\\/\\\/www.mundoacuicola.cl\\\/new\\\/#\\\/schema\\\/person\\\/52cfe7e461eb2d30484965350ee34bdd\",\"name\":\"Ricardo Alvarez\",\"url\":\"https:\\\/\\\/www.mundoacuicola.cl\\\/new\\\/author\\\/ricardo\\\/\"}]}<\/script>\n<!-- \/ Yoast SEO plugin. -->","yoast_head_json":{"title":"Plus Industrial obtiene Premio Nacional Inclusi\u00f3n ACHS 2023 - Mundoacuicola","description":"Plus Industrial recibi\u00f3 reconocimiento por su compromiso, destacando su colaboraci\u00f3n con la Escuela Especial Andr\u00e9s Bello de Coanil.","robots":{"index":"index","follow":"follow","max-snippet":"max-snippet:-1","max-image-preview":"max-image-preview:large","max-video-preview":"max-video-preview:-1"},"canonical":"https:\/\/www.mundoacuicola.cl\/new\/plus-industrial-obtiene-premio-nacional-inclusion-achs-2023\/","og_locale":"es_ES","og_type":"article","og_title":"Plus Industrial obtiene Premio Nacional Inclusi\u00f3n ACHS 2023 - Mundoacuicola","og_description":"Plus Industrial recibi\u00f3 reconocimiento por su compromiso, destacando su colaboraci\u00f3n con la Escuela Especial Andr\u00e9s Bello de Coanil.","og_url":"https:\/\/www.mundoacuicola.cl\/new\/plus-industrial-obtiene-premio-nacional-inclusion-achs-2023\/","og_site_name":"Mundoacuicola","article_publisher":"https:\/\/www.facebook.com\/mundo.acuicola\/","article_published_time":"2023-12-15T09:11:59+00:00","article_modified_time":"2023-12-18T11:15:58+00:00","og_image":[{"width":750,"height":400,"url":"https:\/\/www.mundoacuicola.cl\/new\/wp-content\/uploads\/2023\/12\/PlusIndustrialPremioACHS.jpg","type":"image\/jpeg"}],"author":"Ricardo Alvarez","twitter_card":"summary_large_image","twitter_creator":"@mundoacuicola","twitter_site":"@mundoacuicola","twitter_misc":{"Escrito por":"Ricardo Alvarez","Tiempo de lectura":"3 minutos"},"schema":{"@context":"https:\/\/schema.org","@graph":[{"@type":"Article","@id":"https:\/\/www.mundoacuicola.cl\/new\/plus-industrial-obtiene-premio-nacional-inclusion-achs-2023\/#article","isPartOf":{"@id":"https:\/\/www.mundoacuicola.cl\/new\/plus-industrial-obtiene-premio-nacional-inclusion-achs-2023\/"},"author":{"name":"Ricardo Alvarez","@id":"https:\/\/www.mundoacuicola.cl\/new\/#\/schema\/person\/52cfe7e461eb2d30484965350ee34bdd"},"headline":"Plus Industrial obtiene Premio Nacional Inclusi\u00f3n ACHS 2023","datePublished":"2023-12-15T09:11:59+00:00","dateModified":"2023-12-18T11:15:58+00:00","mainEntityOfPage":{"@id":"https:\/\/www.mundoacuicola.cl\/new\/plus-industrial-obtiene-premio-nacional-inclusion-achs-2023\/"},"wordCount":536,"publisher":{"@id":"https:\/\/www.mundoacuicola.cl\/new\/#organization"},"image":{"@id":"https:\/\/www.mundoacuicola.cl\/new\/plus-industrial-obtiene-premio-nacional-inclusion-achs-2023\/#primaryimage"},"thumbnailUrl":"https:\/\/www.mundoacuicola.cl\/new\/wp-content\/uploads\/2023\/12\/PlusIndustrialPremioACHS.jpg","keywords":["ACHS","Ceremonia","colaboradores","discapacidad","diversidad","empresa","igualdad","inclusi\u00f3n laboral","Leyes de Inclusi\u00f3n","pol\u00edticas","pr\u00e1cticas profesionales","Premio Inclusi\u00f3n","sociedad"],"articleSection":["Negocios"],"inLanguage":"es"},{"@type":"WebPage","@id":"https:\/\/www.mundoacuicola.cl\/new\/plus-industrial-obtiene-premio-nacional-inclusion-achs-2023\/","url":"https:\/\/www.mundoacuicola.cl\/new\/plus-industrial-obtiene-premio-nacional-inclusion-achs-2023\/","name":"Plus Industrial obtiene Premio Nacional Inclusi\u00f3n ACHS 2023 - Mundoacuicola","isPartOf":{"@id":"https:\/\/www.mundoacuicola.cl\/new\/#website"},"primaryImageOfPage":{"@id":"https:\/\/www.mundoacuicola.cl\/new\/plus-industrial-obtiene-premio-nacional-inclusion-achs-2023\/#primaryimage"},"image":{"@id":"https:\/\/www.mundoacuicola.cl\/new\/plus-industrial-obtiene-premio-nacional-inclusion-achs-2023\/#primaryimage"},"thumbnailUrl":"https:\/\/www.mundoacuicola.cl\/new\/wp-content\/uploads\/2023\/12\/PlusIndustrialPremioACHS.jpg","datePublished":"2023-12-15T09:11:59+00:00","dateModified":"2023-12-18T11:15:58+00:00","description":"Plus Industrial recibi\u00f3 reconocimiento por su compromiso, destacando su colaboraci\u00f3n con la Escuela Especial Andr\u00e9s Bello de Coanil.","breadcrumb":{"@id":"https:\/\/www.mundoacuicola.cl\/new\/plus-industrial-obtiene-premio-nacional-inclusion-achs-2023\/#breadcrumb"},"inLanguage":"es","potentialAction":[{"@type":"ReadAction","target":["https:\/\/www.mundoacuicola.cl\/new\/plus-industrial-obtiene-premio-nacional-inclusion-achs-2023\/"]}]},{"@type":"ImageObject","inLanguage":"es","@id":"https:\/\/www.mundoacuicola.cl\/new\/plus-industrial-obtiene-premio-nacional-inclusion-achs-2023\/#primaryimage","url":"https:\/\/www.mundoacuicola.cl\/new\/wp-content\/uploads\/2023\/12\/PlusIndustrialPremioACHS.jpg","contentUrl":"https:\/\/www.mundoacuicola.cl\/new\/wp-content\/uploads\/2023\/12\/PlusIndustrialPremioACHS.jpg","width":750,"height":400},{"@type":"BreadcrumbList","@id":"https:\/\/www.mundoacuicola.cl\/new\/plus-industrial-obtiene-premio-nacional-inclusion-achs-2023\/#breadcrumb","itemListElement":[{"@type":"ListItem","position":1,"name":"Portada","item":"https:\/\/www.mundoacuicola.cl\/new\/"},{"@type":"ListItem","position":2,"name":"Plus Industrial obtiene Premio Nacional Inclusi\u00f3n ACHS 2023"}]},{"@type":"WebSite","@id":"https:\/\/www.mundoacuicola.cl\/new\/#website","url":"https:\/\/www.mundoacuicola.cl\/new\/","name":"Mundoacuicola","description":"Revista de Acuicultura.","publisher":{"@id":"https:\/\/www.mundoacuicola.cl\/new\/#organization"},"potentialAction":[{"@type":"SearchAction","target":{"@type":"EntryPoint","urlTemplate":"https:\/\/www.mundoacuicola.cl\/new\/?s={search_term_string}"},"query-input":{"@type":"PropertyValueSpecification","valueRequired":true,"valueName":"search_term_string"}}],"inLanguage":"es"},{"@type":"Organization","@id":"https:\/\/www.mundoacuicola.cl\/new\/#organization","name":"Mundoacuicola","url":"https:\/\/www.mundoacuicola.cl\/new\/","logo":{"@type":"ImageObject","inLanguage":"es","@id":"https:\/\/www.mundoacuicola.cl\/new\/#\/schema\/logo\/image\/","url":"https:\/\/www.mundoacuicola.cl\/new\/wp-content\/uploads\/2026\/01\/cropped-LOGO-Mundo-Acuicola-2026.png","contentUrl":"https:\/\/www.mundoacuicola.cl\/new\/wp-content\/uploads\/2026\/01\/cropped-LOGO-Mundo-Acuicola-2026.png","width":1252,"height":296,"caption":"Mundoacuicola"},"image":{"@id":"https:\/\/www.mundoacuicola.cl\/new\/#\/schema\/logo\/image\/"},"sameAs":["https:\/\/www.facebook.com\/mundo.acuicola\/","https:\/\/x.com\/mundoacuicola","https:\/\/www.linkedin.com\/in\/mundo-acuicola"]},{"@type":"Person","@id":"https:\/\/www.mundoacuicola.cl\/new\/#\/schema\/person\/52cfe7e461eb2d30484965350ee34bdd","name":"Ricardo Alvarez","url":"https:\/\/www.mundoacuicola.cl\/new\/author\/ricardo\/"}]}},"_links":{"self":[{"href":"https:\/\/www.mundoacuicola.cl\/new\/wp-json\/wp\/v2\/posts\/59017","targetHints":{"allow":["GET"]}}],"collection":[{"href":"https:\/\/www.mundoacuicola.cl\/new\/wp-json\/wp\/v2\/posts"}],"about":[{"href":"https:\/\/www.mundoacuicola.cl\/new\/wp-json\/wp\/v2\/types\/post"}],"author":[{"embeddable":true,"href":"https:\/\/www.mundoacuicola.cl\/new\/wp-json\/wp\/v2\/users\/8"}],"replies":[{"embeddable":true,"href":"https:\/\/www.mundoacuicola.cl\/new\/wp-json\/wp\/v2\/comments?post=59017"}],"version-history":[{"count":0,"href":"https:\/\/www.mundoacuicola.cl\/new\/wp-json\/wp\/v2\/posts\/59017\/revisions"}],"wp:featuredmedia":[{"embeddable":true,"href":"https:\/\/www.mundoacuicola.cl\/new\/wp-json\/wp\/v2\/media\/59027"}],"wp:attachment":[{"href":"https:\/\/www.mundoacuicola.cl\/new\/wp-json\/wp\/v2\/media?parent=59017"}],"wp:term":[{"taxonomy":"category","embeddable":true,"href":"https:\/\/www.mundoacuicola.cl\/new\/wp-json\/wp\/v2\/categories?post=59017"},{"taxonomy":"post_tag","embeddable":true,"href":"https:\/\/www.mundoacuicola.cl\/new\/wp-json\/wp\/v2\/tags?post=59017"}],"curies":[{"name":"wp","href":"https:\/\/api.w.org\/{rel}","templated":true}]}}