{"id":60242,"date":"2024-01-25T06:08:35","date_gmt":"2024-01-25T09:08:35","guid":{"rendered":"https:\/\/www.mundoacuicola.cl\/new\/?p=60242"},"modified":"2024-01-26T09:15:21","modified_gmt":"2024-01-26T12:15:21","slug":"trabajadores-de-blumar-recibieron-su-licencia-de-ensenanza-media-en-emotiva-ceremonia-2","status":"publish","type":"post","link":"https:\/\/www.mundoacuicola.cl\/new\/trabajadores-de-blumar-recibieron-su-licencia-de-ensenanza-media-en-emotiva-ceremonia-2\/","title":{"rendered":"Trabajadores de Blumar recibieron su licencia\u00a0de ense\u00f1anza media en emotiva ceremonia"},"content":{"rendered":"<p><span style=\"font-weight: 400;\"><span lang=\"ES-TRAD\"><b><a href=\"https:\/\/www.alloyingenieria.com\/\"><img fetchpriority=\"high\" decoding=\"async\" class=\"wp-image-55815 size-full alignright\" src=\"https:\/\/www.mundoacuicola.cl\/new\/wp-content\/uploads\/2023\/09\/Gif-Alloy.gif\" alt=\"\" width=\"300\" height=\"300\" \/><\/a><\/b><\/span>Una emotiva ceremonia dio fin a dos semestres en que trabajadores de Blumar pudieron nivelar sus estudios, obteniendo excelentes calificaciones y recibiendo su licencia de egreso de ense\u00f1anza media. <\/span><\/p>\n<p><span style=\"font-weight: 400;\">Fueron seis los colaboradores que lograron finalizar esta etapa que, por diferentes motivos, qued\u00f3 postergada en su momento. Las clases, que duraron dos semestres, fueron asincr\u00f3nicas, ya que los trabajadores se desempe\u00f1an en turnos en centros de cultivo de salmones. Los profesores entregaron materiales y gu\u00edas de estudio a las personas para que pudieran avanzar a su ritmo en los horarios en que no ten\u00edan clases.<\/span><\/p>\n<p><span style=\"font-weight: 400;\">Julio Mart\u00ednez Aravena tiene 49 a\u00f1os y fue uno de los beneficiados por la iniciativa. Manifest\u00f3 que lo motiv\u00f3 \u201cavanzar como persona. Tener algo m\u00e1s de estudio te permite desarrollarte y enfrentarte a los trabajos con una mejor perspectiva\u201d. Tambi\u00e9n, agradeci\u00f3 a su esposa por apoyarlo y a Blumar por darle \u201cesta oportunidad que no pod\u00eda dejar pasar\u201d.<\/span><\/p>\n<p><span style=\"font-weight: 400;\">Mart\u00ednez, quien se desempe\u00f1a como maestro de cocina y lleg\u00f3 a la empresa hace casi 12 a\u00f1os, se\u00f1al\u00f3 que el fin del ciclo fue muy emotivo. \u201cCuando me dijeron que hab\u00eda aprobado, me sent\u00ed muy orgulloso de m\u00ed mismo; sent\u00ed que las cosas que uno se propone en la vida es capaz de conseguirlas con esfuerzo y perseverancia; que los sue\u00f1os se pueden realizar; que las metas se pueden conseguir en la vida para avanzar\u201d, destac\u00f3.<\/span><\/p>\n<p><span style=\"font-weight: 400;\"><span lang=\"ES-TRAD\"><strong><b><a href=\"https:\/\/www.mundoacuicola.cl\/medios\/?url_camp=26\" target=\"_blank\" rel=\"https:\/\/www.mundoacuicola.cl\/medios\/?url_camp=26 noopener\"><img decoding=\"async\" class=\"alignleft\" src=\"https:\/\/www.mundoacuicola.cl\/medios\/?camp=26\" alt=\"\" width=\"300\" height=\"250\" \/><\/a><\/b><\/strong><\/span>Asimismo, hizo un llamado a quienes est\u00e1n en una situaci\u00f3n similar a la que \u00e9l se encontraba hace unos meses. \u201cA las personas que no han terminado sus estudios, las motivar\u00eda a estudiar, ya que es importante para cualquier situaci\u00f3n, ya sea en trabajos o en la vida misma, y crecer como persona\u201d, dijo.<\/span><\/p>\n<p><span style=\"font-weight: 400;\">La encargada de Comunidades de Blumar en la Regi\u00f3n de Ays\u00e9n, Carolina Vera, recalc\u00f3 el compromiso de la compa\u00f1\u00eda con estas iniciativas. \u201cEste es el inicio de un proyecto que nos permite colaborar con el desarrollo integral de las personas que trabajan con nosotros, lo que repercute directamente en una mejor calidad de vida, en bienestar y en una mayor preparaci\u00f3n para enfrentar los desaf\u00edos que tenemos como compa\u00f1\u00eda\u201d, se\u00f1al\u00f3.<\/span><\/p>\n","protected":false},"excerpt":{"rendered":"<p>Una emotiva ceremonia dio fin a dos semestres en que trabajadores de Blumar pudieron nivelar&#8230;<\/p>\n","protected":false},"author":8,"featured_media":60243,"comment_status":"closed","ping_status":"closed","sticky":false,"template":"","format":"standard","meta":{"footnotes":""},"categories":[111],"tags":[],"class_list":["post-60242","post","type-post","status-publish","format-standard","has-post-thumbnail","hentry","category-rse"],"yoast_head":"<!-- This site is optimized with the Yoast SEO plugin v27.5 - https:\/\/yoast.com\/product\/yoast-seo-wordpress\/ -->\n<title>Trabajadores de Blumar recibieron su licencia\u00a0de ense\u00f1anza media en emotiva ceremonia - Mundoacuicola<\/title>\n<meta name=\"robots\" content=\"index, follow, max-snippet:-1, max-image-preview:large, max-video-preview:-1\" \/>\n<link rel=\"canonical\" href=\"https:\/\/www.mundoacuicola.cl\/new\/trabajadores-de-blumar-recibieron-su-licencia-de-ensenanza-media-en-emotiva-ceremonia-2\/\" \/>\n<meta property=\"og:locale\" content=\"es_ES\" \/>\n<meta property=\"og:type\" content=\"article\" \/>\n<meta property=\"og:title\" content=\"Trabajadores de Blumar recibieron su licencia\u00a0de ense\u00f1anza media en emotiva ceremonia - Mundoacuicola\" \/>\n<meta property=\"og:description\" content=\"Una emotiva ceremonia dio fin a dos semestres en que trabajadores de Blumar pudieron nivelar...\" \/>\n<meta property=\"og:url\" content=\"https:\/\/www.mundoacuicola.cl\/new\/trabajadores-de-blumar-recibieron-su-licencia-de-ensenanza-media-en-emotiva-ceremonia-2\/\" \/>\n<meta property=\"og:site_name\" content=\"Mundoacuicola\" \/>\n<meta property=\"article:publisher\" content=\"https:\/\/www.facebook.com\/mundo.acuicola\/\" \/>\n<meta property=\"article:published_time\" content=\"2024-01-25T09:08:35+00:00\" \/>\n<meta property=\"article:modified_time\" content=\"2024-01-26T12:15:21+00:00\" \/>\n<meta property=\"og:image\" content=\"https:\/\/www.mundoacuicola.cl\/new\/wp-content\/uploads\/2024\/01\/LicentuariaBlumar.jpeg\" \/>\n\t<meta property=\"og:image:width\" content=\"750\" \/>\n\t<meta property=\"og:image:height\" content=\"400\" \/>\n\t<meta property=\"og:image:type\" content=\"image\/jpeg\" \/>\n<meta name=\"author\" content=\"Ricardo Alvarez\" \/>\n<meta name=\"twitter:card\" content=\"summary_large_image\" \/>\n<meta name=\"twitter:creator\" content=\"@mundoacuicola\" \/>\n<meta name=\"twitter:site\" content=\"@mundoacuicola\" \/>\n<meta name=\"twitter:label1\" content=\"Escrito por\" \/>\n\t<meta name=\"twitter:data1\" content=\"Ricardo Alvarez\" \/>\n\t<meta name=\"twitter:label2\" content=\"Tiempo de lectura\" \/>\n\t<meta name=\"twitter:data2\" content=\"3 minutos\" \/>\n<script type=\"application\/ld+json\" class=\"yoast-schema-graph\">{\"@context\":\"https:\\\/\\\/schema.org\",\"@graph\":[{\"@type\":\"Article\",\"@id\":\"https:\\\/\\\/www.mundoacuicola.cl\\\/new\\\/trabajadores-de-blumar-recibieron-su-licencia-de-ensenanza-media-en-emotiva-ceremonia-2\\\/#article\",\"isPartOf\":{\"@id\":\"https:\\\/\\\/www.mundoacuicola.cl\\\/new\\\/trabajadores-de-blumar-recibieron-su-licencia-de-ensenanza-media-en-emotiva-ceremonia-2\\\/\"},\"author\":{\"name\":\"Ricardo Alvarez\",\"@id\":\"https:\\\/\\\/www.mundoacuicola.cl\\\/new\\\/#\\\/schema\\\/person\\\/52cfe7e461eb2d30484965350ee34bdd\"},\"headline\":\"Trabajadores de Blumar recibieron su licencia\u00a0de ense\u00f1anza media en emotiva ceremonia\",\"datePublished\":\"2024-01-25T09:08:35+00:00\",\"dateModified\":\"2024-01-26T12:15:21+00:00\",\"mainEntityOfPage\":{\"@id\":\"https:\\\/\\\/www.mundoacuicola.cl\\\/new\\\/trabajadores-de-blumar-recibieron-su-licencia-de-ensenanza-media-en-emotiva-ceremonia-2\\\/\"},\"wordCount\":391,\"publisher\":{\"@id\":\"https:\\\/\\\/www.mundoacuicola.cl\\\/new\\\/#organization\"},\"image\":{\"@id\":\"https:\\\/\\\/www.mundoacuicola.cl\\\/new\\\/trabajadores-de-blumar-recibieron-su-licencia-de-ensenanza-media-en-emotiva-ceremonia-2\\\/#primaryimage\"},\"thumbnailUrl\":\"https:\\\/\\\/www.mundoacuicola.cl\\\/new\\\/wp-content\\\/uploads\\\/2024\\\/01\\\/LicentuariaBlumar.jpeg\",\"articleSection\":[\"RSE\"],\"inLanguage\":\"es\"},{\"@type\":\"WebPage\",\"@id\":\"https:\\\/\\\/www.mundoacuicola.cl\\\/new\\\/trabajadores-de-blumar-recibieron-su-licencia-de-ensenanza-media-en-emotiva-ceremonia-2\\\/\",\"url\":\"https:\\\/\\\/www.mundoacuicola.cl\\\/new\\\/trabajadores-de-blumar-recibieron-su-licencia-de-ensenanza-media-en-emotiva-ceremonia-2\\\/\",\"name\":\"Trabajadores de Blumar recibieron su licencia\u00a0de ense\u00f1anza media en emotiva ceremonia - Mundoacuicola\",\"isPartOf\":{\"@id\":\"https:\\\/\\\/www.mundoacuicola.cl\\\/new\\\/#website\"},\"primaryImageOfPage\":{\"@id\":\"https:\\\/\\\/www.mundoacuicola.cl\\\/new\\\/trabajadores-de-blumar-recibieron-su-licencia-de-ensenanza-media-en-emotiva-ceremonia-2\\\/#primaryimage\"},\"image\":{\"@id\":\"https:\\\/\\\/www.mundoacuicola.cl\\\/new\\\/trabajadores-de-blumar-recibieron-su-licencia-de-ensenanza-media-en-emotiva-ceremonia-2\\\/#primaryimage\"},\"thumbnailUrl\":\"https:\\\/\\\/www.mundoacuicola.cl\\\/new\\\/wp-content\\\/uploads\\\/2024\\\/01\\\/LicentuariaBlumar.jpeg\",\"datePublished\":\"2024-01-25T09:08:35+00:00\",\"dateModified\":\"2024-01-26T12:15:21+00:00\",\"breadcrumb\":{\"@id\":\"https:\\\/\\\/www.mundoacuicola.cl\\\/new\\\/trabajadores-de-blumar-recibieron-su-licencia-de-ensenanza-media-en-emotiva-ceremonia-2\\\/#breadcrumb\"},\"inLanguage\":\"es\",\"potentialAction\":[{\"@type\":\"ReadAction\",\"target\":[\"https:\\\/\\\/www.mundoacuicola.cl\\\/new\\\/trabajadores-de-blumar-recibieron-su-licencia-de-ensenanza-media-en-emotiva-ceremonia-2\\\/\"]}]},{\"@type\":\"ImageObject\",\"inLanguage\":\"es\",\"@id\":\"https:\\\/\\\/www.mundoacuicola.cl\\\/new\\\/trabajadores-de-blumar-recibieron-su-licencia-de-ensenanza-media-en-emotiva-ceremonia-2\\\/#primaryimage\",\"url\":\"https:\\\/\\\/www.mundoacuicola.cl\\\/new\\\/wp-content\\\/uploads\\\/2024\\\/01\\\/LicentuariaBlumar.jpeg\",\"contentUrl\":\"https:\\\/\\\/www.mundoacuicola.cl\\\/new\\\/wp-content\\\/uploads\\\/2024\\\/01\\\/LicentuariaBlumar.jpeg\",\"width\":750,\"height\":400},{\"@type\":\"BreadcrumbList\",\"@id\":\"https:\\\/\\\/www.mundoacuicola.cl\\\/new\\\/trabajadores-de-blumar-recibieron-su-licencia-de-ensenanza-media-en-emotiva-ceremonia-2\\\/#breadcrumb\",\"itemListElement\":[{\"@type\":\"ListItem\",\"position\":1,\"name\":\"Portada\",\"item\":\"https:\\\/\\\/www.mundoacuicola.cl\\\/new\\\/\"},{\"@type\":\"ListItem\",\"position\":2,\"name\":\"Trabajadores de Blumar recibieron su licencia\u00a0de ense\u00f1anza media en emotiva ceremonia\"}]},{\"@type\":\"WebSite\",\"@id\":\"https:\\\/\\\/www.mundoacuicola.cl\\\/new\\\/#website\",\"url\":\"https:\\\/\\\/www.mundoacuicola.cl\\\/new\\\/\",\"name\":\"Mundoacuicola\",\"description\":\"Revista de Acuicultura.\",\"publisher\":{\"@id\":\"https:\\\/\\\/www.mundoacuicola.cl\\\/new\\\/#organization\"},\"potentialAction\":[{\"@type\":\"SearchAction\",\"target\":{\"@type\":\"EntryPoint\",\"urlTemplate\":\"https:\\\/\\\/www.mundoacuicola.cl\\\/new\\\/?s={search_term_string}\"},\"query-input\":{\"@type\":\"PropertyValueSpecification\",\"valueRequired\":true,\"valueName\":\"search_term_string\"}}],\"inLanguage\":\"es\"},{\"@type\":\"Organization\",\"@id\":\"https:\\\/\\\/www.mundoacuicola.cl\\\/new\\\/#organization\",\"name\":\"Mundoacuicola\",\"url\":\"https:\\\/\\\/www.mundoacuicola.cl\\\/new\\\/\",\"logo\":{\"@type\":\"ImageObject\",\"inLanguage\":\"es\",\"@id\":\"https:\\\/\\\/www.mundoacuicola.cl\\\/new\\\/#\\\/schema\\\/logo\\\/image\\\/\",\"url\":\"https:\\\/\\\/www.mundoacuicola.cl\\\/new\\\/wp-content\\\/uploads\\\/2026\\\/01\\\/cropped-LOGO-Mundo-Acuicola-2026.png\",\"contentUrl\":\"https:\\\/\\\/www.mundoacuicola.cl\\\/new\\\/wp-content\\\/uploads\\\/2026\\\/01\\\/cropped-LOGO-Mundo-Acuicola-2026.png\",\"width\":1252,\"height\":296,\"caption\":\"Mundoacuicola\"},\"image\":{\"@id\":\"https:\\\/\\\/www.mundoacuicola.cl\\\/new\\\/#\\\/schema\\\/logo\\\/image\\\/\"},\"sameAs\":[\"https:\\\/\\\/www.facebook.com\\\/mundo.acuicola\\\/\",\"https:\\\/\\\/x.com\\\/mundoacuicola\",\"https:\\\/\\\/www.linkedin.com\\\/in\\\/mundo-acuicola\"]},{\"@type\":\"Person\",\"@id\":\"https:\\\/\\\/www.mundoacuicola.cl\\\/new\\\/#\\\/schema\\\/person\\\/52cfe7e461eb2d30484965350ee34bdd\",\"name\":\"Ricardo Alvarez\",\"url\":\"https:\\\/\\\/www.mundoacuicola.cl\\\/new\\\/author\\\/ricardo\\\/\"}]}<\/script>\n<!-- \/ Yoast SEO plugin. -->","yoast_head_json":{"title":"Trabajadores de Blumar recibieron su licencia\u00a0de ense\u00f1anza media en emotiva ceremonia - Mundoacuicola","robots":{"index":"index","follow":"follow","max-snippet":"max-snippet:-1","max-image-preview":"max-image-preview:large","max-video-preview":"max-video-preview:-1"},"canonical":"https:\/\/www.mundoacuicola.cl\/new\/trabajadores-de-blumar-recibieron-su-licencia-de-ensenanza-media-en-emotiva-ceremonia-2\/","og_locale":"es_ES","og_type":"article","og_title":"Trabajadores de Blumar recibieron su licencia\u00a0de ense\u00f1anza media en emotiva ceremonia - Mundoacuicola","og_description":"Una emotiva ceremonia dio fin a dos semestres en que trabajadores de Blumar pudieron nivelar...","og_url":"https:\/\/www.mundoacuicola.cl\/new\/trabajadores-de-blumar-recibieron-su-licencia-de-ensenanza-media-en-emotiva-ceremonia-2\/","og_site_name":"Mundoacuicola","article_publisher":"https:\/\/www.facebook.com\/mundo.acuicola\/","article_published_time":"2024-01-25T09:08:35+00:00","article_modified_time":"2024-01-26T12:15:21+00:00","og_image":[{"width":750,"height":400,"url":"https:\/\/www.mundoacuicola.cl\/new\/wp-content\/uploads\/2024\/01\/LicentuariaBlumar.jpeg","type":"image\/jpeg"}],"author":"Ricardo Alvarez","twitter_card":"summary_large_image","twitter_creator":"@mundoacuicola","twitter_site":"@mundoacuicola","twitter_misc":{"Escrito por":"Ricardo Alvarez","Tiempo de lectura":"3 minutos"},"schema":{"@context":"https:\/\/schema.org","@graph":[{"@type":"Article","@id":"https:\/\/www.mundoacuicola.cl\/new\/trabajadores-de-blumar-recibieron-su-licencia-de-ensenanza-media-en-emotiva-ceremonia-2\/#article","isPartOf":{"@id":"https:\/\/www.mundoacuicola.cl\/new\/trabajadores-de-blumar-recibieron-su-licencia-de-ensenanza-media-en-emotiva-ceremonia-2\/"},"author":{"name":"Ricardo Alvarez","@id":"https:\/\/www.mundoacuicola.cl\/new\/#\/schema\/person\/52cfe7e461eb2d30484965350ee34bdd"},"headline":"Trabajadores de Blumar recibieron su licencia\u00a0de ense\u00f1anza media en emotiva ceremonia","datePublished":"2024-01-25T09:08:35+00:00","dateModified":"2024-01-26T12:15:21+00:00","mainEntityOfPage":{"@id":"https:\/\/www.mundoacuicola.cl\/new\/trabajadores-de-blumar-recibieron-su-licencia-de-ensenanza-media-en-emotiva-ceremonia-2\/"},"wordCount":391,"publisher":{"@id":"https:\/\/www.mundoacuicola.cl\/new\/#organization"},"image":{"@id":"https:\/\/www.mundoacuicola.cl\/new\/trabajadores-de-blumar-recibieron-su-licencia-de-ensenanza-media-en-emotiva-ceremonia-2\/#primaryimage"},"thumbnailUrl":"https:\/\/www.mundoacuicola.cl\/new\/wp-content\/uploads\/2024\/01\/LicentuariaBlumar.jpeg","articleSection":["RSE"],"inLanguage":"es"},{"@type":"WebPage","@id":"https:\/\/www.mundoacuicola.cl\/new\/trabajadores-de-blumar-recibieron-su-licencia-de-ensenanza-media-en-emotiva-ceremonia-2\/","url":"https:\/\/www.mundoacuicola.cl\/new\/trabajadores-de-blumar-recibieron-su-licencia-de-ensenanza-media-en-emotiva-ceremonia-2\/","name":"Trabajadores de Blumar recibieron su licencia\u00a0de ense\u00f1anza media en emotiva ceremonia - Mundoacuicola","isPartOf":{"@id":"https:\/\/www.mundoacuicola.cl\/new\/#website"},"primaryImageOfPage":{"@id":"https:\/\/www.mundoacuicola.cl\/new\/trabajadores-de-blumar-recibieron-su-licencia-de-ensenanza-media-en-emotiva-ceremonia-2\/#primaryimage"},"image":{"@id":"https:\/\/www.mundoacuicola.cl\/new\/trabajadores-de-blumar-recibieron-su-licencia-de-ensenanza-media-en-emotiva-ceremonia-2\/#primaryimage"},"thumbnailUrl":"https:\/\/www.mundoacuicola.cl\/new\/wp-content\/uploads\/2024\/01\/LicentuariaBlumar.jpeg","datePublished":"2024-01-25T09:08:35+00:00","dateModified":"2024-01-26T12:15:21+00:00","breadcrumb":{"@id":"https:\/\/www.mundoacuicola.cl\/new\/trabajadores-de-blumar-recibieron-su-licencia-de-ensenanza-media-en-emotiva-ceremonia-2\/#breadcrumb"},"inLanguage":"es","potentialAction":[{"@type":"ReadAction","target":["https:\/\/www.mundoacuicola.cl\/new\/trabajadores-de-blumar-recibieron-su-licencia-de-ensenanza-media-en-emotiva-ceremonia-2\/"]}]},{"@type":"ImageObject","inLanguage":"es","@id":"https:\/\/www.mundoacuicola.cl\/new\/trabajadores-de-blumar-recibieron-su-licencia-de-ensenanza-media-en-emotiva-ceremonia-2\/#primaryimage","url":"https:\/\/www.mundoacuicola.cl\/new\/wp-content\/uploads\/2024\/01\/LicentuariaBlumar.jpeg","contentUrl":"https:\/\/www.mundoacuicola.cl\/new\/wp-content\/uploads\/2024\/01\/LicentuariaBlumar.jpeg","width":750,"height":400},{"@type":"BreadcrumbList","@id":"https:\/\/www.mundoacuicola.cl\/new\/trabajadores-de-blumar-recibieron-su-licencia-de-ensenanza-media-en-emotiva-ceremonia-2\/#breadcrumb","itemListElement":[{"@type":"ListItem","position":1,"name":"Portada","item":"https:\/\/www.mundoacuicola.cl\/new\/"},{"@type":"ListItem","position":2,"name":"Trabajadores de Blumar recibieron su licencia\u00a0de ense\u00f1anza media en emotiva ceremonia"}]},{"@type":"WebSite","@id":"https:\/\/www.mundoacuicola.cl\/new\/#website","url":"https:\/\/www.mundoacuicola.cl\/new\/","name":"Mundoacuicola","description":"Revista de Acuicultura.","publisher":{"@id":"https:\/\/www.mundoacuicola.cl\/new\/#organization"},"potentialAction":[{"@type":"SearchAction","target":{"@type":"EntryPoint","urlTemplate":"https:\/\/www.mundoacuicola.cl\/new\/?s={search_term_string}"},"query-input":{"@type":"PropertyValueSpecification","valueRequired":true,"valueName":"search_term_string"}}],"inLanguage":"es"},{"@type":"Organization","@id":"https:\/\/www.mundoacuicola.cl\/new\/#organization","name":"Mundoacuicola","url":"https:\/\/www.mundoacuicola.cl\/new\/","logo":{"@type":"ImageObject","inLanguage":"es","@id":"https:\/\/www.mundoacuicola.cl\/new\/#\/schema\/logo\/image\/","url":"https:\/\/www.mundoacuicola.cl\/new\/wp-content\/uploads\/2026\/01\/cropped-LOGO-Mundo-Acuicola-2026.png","contentUrl":"https:\/\/www.mundoacuicola.cl\/new\/wp-content\/uploads\/2026\/01\/cropped-LOGO-Mundo-Acuicola-2026.png","width":1252,"height":296,"caption":"Mundoacuicola"},"image":{"@id":"https:\/\/www.mundoacuicola.cl\/new\/#\/schema\/logo\/image\/"},"sameAs":["https:\/\/www.facebook.com\/mundo.acuicola\/","https:\/\/x.com\/mundoacuicola","https:\/\/www.linkedin.com\/in\/mundo-acuicola"]},{"@type":"Person","@id":"https:\/\/www.mundoacuicola.cl\/new\/#\/schema\/person\/52cfe7e461eb2d30484965350ee34bdd","name":"Ricardo Alvarez","url":"https:\/\/www.mundoacuicola.cl\/new\/author\/ricardo\/"}]}},"_links":{"self":[{"href":"https:\/\/www.mundoacuicola.cl\/new\/wp-json\/wp\/v2\/posts\/60242","targetHints":{"allow":["GET"]}}],"collection":[{"href":"https:\/\/www.mundoacuicola.cl\/new\/wp-json\/wp\/v2\/posts"}],"about":[{"href":"https:\/\/www.mundoacuicola.cl\/new\/wp-json\/wp\/v2\/types\/post"}],"author":[{"embeddable":true,"href":"https:\/\/www.mundoacuicola.cl\/new\/wp-json\/wp\/v2\/users\/8"}],"replies":[{"embeddable":true,"href":"https:\/\/www.mundoacuicola.cl\/new\/wp-json\/wp\/v2\/comments?post=60242"}],"version-history":[{"count":0,"href":"https:\/\/www.mundoacuicola.cl\/new\/wp-json\/wp\/v2\/posts\/60242\/revisions"}],"wp:featuredmedia":[{"embeddable":true,"href":"https:\/\/www.mundoacuicola.cl\/new\/wp-json\/wp\/v2\/media\/60243"}],"wp:attachment":[{"href":"https:\/\/www.mundoacuicola.cl\/new\/wp-json\/wp\/v2\/media?parent=60242"}],"wp:term":[{"taxonomy":"category","embeddable":true,"href":"https:\/\/www.mundoacuicola.cl\/new\/wp-json\/wp\/v2\/categories?post=60242"},{"taxonomy":"post_tag","embeddable":true,"href":"https:\/\/www.mundoacuicola.cl\/new\/wp-json\/wp\/v2\/tags?post=60242"}],"curies":[{"name":"wp","href":"https:\/\/api.w.org\/{rel}","templated":true}]}}