{"id":60555,"date":"2024-02-07T08:00:11","date_gmt":"2024-02-07T11:00:11","guid":{"rendered":"https:\/\/www.mundoacuicola.cl\/new\/?p=60555"},"modified":"2024-02-09T09:58:58","modified_gmt":"2024-02-09T12:58:58","slug":"industria-del-salmon-reacciona-a-muerte-de-expdte-sebastian-pinera","status":"publish","type":"post","link":"https:\/\/www.mundoacuicola.cl\/new\/industria-del-salmon-reacciona-a-muerte-de-expdte-sebastian-pinera\/","title":{"rendered":"Industria del salm\u00f3n reacciona a muerte de expdte. Sebasti\u00e1n Pi\u00f1era"},"content":{"rendered":"<p><span style=\"font-weight: 400;\"><span lang=\"ES-TRAD\"><b><a href=\"https:\/\/www.alloyingenieria.com\/\"><img fetchpriority=\"high\" decoding=\"async\" class=\"wp-image-55815 size-full alignright\" src=\"https:\/\/www.mundoacuicola.cl\/new\/wp-content\/uploads\/2023\/09\/Gif-Alloy.gif\" alt=\"\" width=\"300\" height=\"300\" \/><\/a><\/b><\/span><\/span>Durante la tarde del 06 de febrero se inform\u00f3 la muerte del ex Presidente Sebasti\u00e1n Pi\u00f1era, luego de sufrir un accidente en helic\u00f3ptero en la zona de Lago Ranco, Regi\u00f3n de Los R\u00edos. Desde entonces, diversas han sido las reacciones desde diferentes sectores de la pol\u00edtica y la sociedad civil, tanto a nivel nacional como internacional.<\/p>\n<p>Asimismo, los gremios de la industria del salm\u00f3n manifestaron sus condolencias luego del fallecimiento del exmandatario, as\u00ed como sus agradecimientos por su aporte al desarrollo del sector.<\/p>\n<p>\u00abLamentamos el sensible fallecimiento del ex Presidente Sebasti\u00e1n Pi\u00f1era Echenique, quien gobern\u00f3 nuestro pa\u00eds durante dos per\u00edodos (2010-2014 y 2018-2022) y destac\u00f3 por su fuerte compromiso con el desarrollo y progreso de Chile tanto en materia econ\u00f3mica como pol\u00edtica y social. Los Salmoneros de Chile, expresamos nuestras m\u00e1s sinceras condolencias a su familia, amigos y colaboradores\u00bb, se\u00f1alaron desde SalmonChile.<\/p>\n<p>Por su parte, desde el Consejo del Salm\u00f3n manifestaron su pesar \u00abpor la muerte del ex presidente Sebasti\u00e1n Pi\u00f1era Eche\u00f1ique en <span style=\"font-weight: 400;\"><span lang=\"ES-TRAD\"><strong><b><a href=\"https:\/\/www.mundoacuicola.cl\/medios\/?url_camp=26\" target=\"_blank\" rel=\"https:\/\/www.mundoacuicola.cl\/medios\/?url_camp=26 noopener\"><img decoding=\"async\" class=\"alignleft\" src=\"https:\/\/www.mundoacuicola.cl\/medios\/?camp=26\" alt=\"\" width=\"300\" height=\"250\" \/><\/a><\/b><\/strong><\/span><\/span>las tr\u00e1gicas circunstancias que hemos conocido. Agradecemos su profundo compromiso con la democracia y con el servicio p\u00fablico que se vio reflejado en una vida marcada por su incansable esfuerzo por convertir a Chile en un pa\u00eds m\u00e1s pr\u00f3spero para todos\u00bb.<\/p>\n<p>\u00abSu firme convicci\u00f3n en la b\u00fasqueda de una genuina alianza p\u00fablico-privada es un legado que como Consejo del Salm\u00f3n vamos a continuar impulsando el di\u00e1logo y los acuerdos que contribuyan al desarrollo del pa\u00eds. En estos duros momentos, transmitimos nuestros profundos pesar a su esposa y ex primera dama Cecilia Morel, a sus hijos, a sus familiares y a sus seres queridos\u00bb. agregaron desde el Consejo.<\/p>\n<p>&nbsp;<\/p>\n<p>&nbsp;<\/p>\n<p>&nbsp;<\/p>\n<p>&nbsp;<\/p>\n<p>&nbsp;<\/p>\n<p>&nbsp;<\/p>\n","protected":false},"excerpt":{"rendered":"<p>El ex Presidente Sebasti\u00e1n Pi\u00f1era falleci\u00f3 tr\u00e1gicamente en un accidente de helic\u00f3ptero en la zona de Lago Ranco, Regi\u00f3n de Los R\u00edos. <\/p>\n","protected":false},"author":8,"featured_media":60556,"comment_status":"closed","ping_status":"closed","sticky":false,"template":"","format":"standard","meta":{"footnotes":""},"categories":[60],"tags":[3673,8488,5625,20991,4018,3200,4022,170,1101],"class_list":["post-60555","post","type-post","status-publish","format-standard","has-post-thumbnail","hentry","category-salmonicultura","tag-accidente","tag-condolencias","tag-consejo-del-salmon","tag-ex-presidente","tag-fallecimiento","tag-helicoptero","tag-industria-del-salmon","tag-salmonchile","tag-sebastian-pinera"],"yoast_head":"<!-- This site is optimized with the Yoast SEO plugin v27.5 - https:\/\/yoast.com\/product\/yoast-seo-wordpress\/ -->\n<title>Industria del salm\u00f3n reacciona a muerte de expdte. Sebasti\u00e1n Pi\u00f1era - Mundoacuicola<\/title>\n<meta name=\"description\" content=\"El ex Presidente Sebasti\u00e1n Pi\u00f1era falleci\u00f3 tr\u00e1gicamente en un accidente de helic\u00f3ptero en la zona de Lago Ranco, Regi\u00f3n de Los R\u00edos.\" \/>\n<meta name=\"robots\" content=\"index, follow, max-snippet:-1, max-image-preview:large, max-video-preview:-1\" \/>\n<link rel=\"canonical\" href=\"https:\/\/www.mundoacuicola.cl\/new\/industria-del-salmon-reacciona-a-muerte-de-expdte-sebastian-pinera\/\" \/>\n<meta property=\"og:locale\" content=\"es_ES\" \/>\n<meta property=\"og:type\" content=\"article\" \/>\n<meta property=\"og:title\" content=\"Industria del salm\u00f3n reacciona a muerte de expdte. Sebasti\u00e1n Pi\u00f1era - Mundoacuicola\" \/>\n<meta property=\"og:description\" content=\"El ex Presidente Sebasti\u00e1n Pi\u00f1era falleci\u00f3 tr\u00e1gicamente en un accidente de helic\u00f3ptero en la zona de Lago Ranco, Regi\u00f3n de Los R\u00edos.\" \/>\n<meta property=\"og:url\" content=\"https:\/\/www.mundoacuicola.cl\/new\/industria-del-salmon-reacciona-a-muerte-de-expdte-sebastian-pinera\/\" \/>\n<meta property=\"og:site_name\" content=\"Mundoacuicola\" \/>\n<meta property=\"article:publisher\" content=\"https:\/\/www.facebook.com\/mundo.acuicola\/\" \/>\n<meta property=\"article:published_time\" content=\"2024-02-07T11:00:11+00:00\" \/>\n<meta property=\"article:modified_time\" content=\"2024-02-09T12:58:58+00:00\" \/>\n<meta property=\"og:image\" content=\"https:\/\/www.mundoacuicola.cl\/new\/wp-content\/uploads\/2024\/02\/PineraMuerte.jpg\" \/>\n\t<meta property=\"og:image:width\" content=\"750\" \/>\n\t<meta property=\"og:image:height\" content=\"400\" \/>\n\t<meta property=\"og:image:type\" content=\"image\/jpeg\" \/>\n<meta name=\"author\" content=\"Ricardo Alvarez\" \/>\n<meta name=\"twitter:card\" content=\"summary_large_image\" \/>\n<meta name=\"twitter:creator\" content=\"@mundoacuicola\" \/>\n<meta name=\"twitter:site\" content=\"@mundoacuicola\" \/>\n<meta name=\"twitter:label1\" content=\"Escrito por\" \/>\n\t<meta name=\"twitter:data1\" content=\"Ricardo Alvarez\" \/>\n\t<meta name=\"twitter:label2\" content=\"Tiempo de lectura\" \/>\n\t<meta name=\"twitter:data2\" content=\"2 minutos\" \/>\n<script type=\"application\/ld+json\" class=\"yoast-schema-graph\">{\"@context\":\"https:\\\/\\\/schema.org\",\"@graph\":[{\"@type\":\"Article\",\"@id\":\"https:\\\/\\\/www.mundoacuicola.cl\\\/new\\\/industria-del-salmon-reacciona-a-muerte-de-expdte-sebastian-pinera\\\/#article\",\"isPartOf\":{\"@id\":\"https:\\\/\\\/www.mundoacuicola.cl\\\/new\\\/industria-del-salmon-reacciona-a-muerte-de-expdte-sebastian-pinera\\\/\"},\"author\":{\"name\":\"Ricardo Alvarez\",\"@id\":\"https:\\\/\\\/www.mundoacuicola.cl\\\/new\\\/#\\\/schema\\\/person\\\/52cfe7e461eb2d30484965350ee34bdd\"},\"headline\":\"Industria del salm\u00f3n reacciona a muerte de expdte. Sebasti\u00e1n Pi\u00f1era\",\"datePublished\":\"2024-02-07T11:00:11+00:00\",\"dateModified\":\"2024-02-09T12:58:58+00:00\",\"mainEntityOfPage\":{\"@id\":\"https:\\\/\\\/www.mundoacuicola.cl\\\/new\\\/industria-del-salmon-reacciona-a-muerte-de-expdte-sebastian-pinera\\\/\"},\"wordCount\":318,\"publisher\":{\"@id\":\"https:\\\/\\\/www.mundoacuicola.cl\\\/new\\\/#organization\"},\"image\":{\"@id\":\"https:\\\/\\\/www.mundoacuicola.cl\\\/new\\\/industria-del-salmon-reacciona-a-muerte-de-expdte-sebastian-pinera\\\/#primaryimage\"},\"thumbnailUrl\":\"https:\\\/\\\/www.mundoacuicola.cl\\\/new\\\/wp-content\\\/uploads\\\/2024\\\/02\\\/PineraMuerte.jpg\",\"keywords\":[\"accidente\",\"Condolencias\",\"Consejo del Salm\u00f3n\",\"ex Presidente\",\"fallecimiento\",\"helic\u00f3ptero\",\"industria del salm\u00f3n\",\"Salmonchile\",\"Sebasti\u00e1n Pi\u00f1era\"],\"articleSection\":[\"Salmonicultura\"],\"inLanguage\":\"es\"},{\"@type\":\"WebPage\",\"@id\":\"https:\\\/\\\/www.mundoacuicola.cl\\\/new\\\/industria-del-salmon-reacciona-a-muerte-de-expdte-sebastian-pinera\\\/\",\"url\":\"https:\\\/\\\/www.mundoacuicola.cl\\\/new\\\/industria-del-salmon-reacciona-a-muerte-de-expdte-sebastian-pinera\\\/\",\"name\":\"Industria del salm\u00f3n reacciona a muerte de expdte. Sebasti\u00e1n Pi\u00f1era - Mundoacuicola\",\"isPartOf\":{\"@id\":\"https:\\\/\\\/www.mundoacuicola.cl\\\/new\\\/#website\"},\"primaryImageOfPage\":{\"@id\":\"https:\\\/\\\/www.mundoacuicola.cl\\\/new\\\/industria-del-salmon-reacciona-a-muerte-de-expdte-sebastian-pinera\\\/#primaryimage\"},\"image\":{\"@id\":\"https:\\\/\\\/www.mundoacuicola.cl\\\/new\\\/industria-del-salmon-reacciona-a-muerte-de-expdte-sebastian-pinera\\\/#primaryimage\"},\"thumbnailUrl\":\"https:\\\/\\\/www.mundoacuicola.cl\\\/new\\\/wp-content\\\/uploads\\\/2024\\\/02\\\/PineraMuerte.jpg\",\"datePublished\":\"2024-02-07T11:00:11+00:00\",\"dateModified\":\"2024-02-09T12:58:58+00:00\",\"description\":\"El ex Presidente Sebasti\u00e1n Pi\u00f1era falleci\u00f3 tr\u00e1gicamente en un accidente de helic\u00f3ptero en la zona de Lago Ranco, Regi\u00f3n de Los R\u00edos.\",\"breadcrumb\":{\"@id\":\"https:\\\/\\\/www.mundoacuicola.cl\\\/new\\\/industria-del-salmon-reacciona-a-muerte-de-expdte-sebastian-pinera\\\/#breadcrumb\"},\"inLanguage\":\"es\",\"potentialAction\":[{\"@type\":\"ReadAction\",\"target\":[\"https:\\\/\\\/www.mundoacuicola.cl\\\/new\\\/industria-del-salmon-reacciona-a-muerte-de-expdte-sebastian-pinera\\\/\"]}]},{\"@type\":\"ImageObject\",\"inLanguage\":\"es\",\"@id\":\"https:\\\/\\\/www.mundoacuicola.cl\\\/new\\\/industria-del-salmon-reacciona-a-muerte-de-expdte-sebastian-pinera\\\/#primaryimage\",\"url\":\"https:\\\/\\\/www.mundoacuicola.cl\\\/new\\\/wp-content\\\/uploads\\\/2024\\\/02\\\/PineraMuerte.jpg\",\"contentUrl\":\"https:\\\/\\\/www.mundoacuicola.cl\\\/new\\\/wp-content\\\/uploads\\\/2024\\\/02\\\/PineraMuerte.jpg\",\"width\":750,\"height\":400},{\"@type\":\"BreadcrumbList\",\"@id\":\"https:\\\/\\\/www.mundoacuicola.cl\\\/new\\\/industria-del-salmon-reacciona-a-muerte-de-expdte-sebastian-pinera\\\/#breadcrumb\",\"itemListElement\":[{\"@type\":\"ListItem\",\"position\":1,\"name\":\"Portada\",\"item\":\"https:\\\/\\\/www.mundoacuicola.cl\\\/new\\\/\"},{\"@type\":\"ListItem\",\"position\":2,\"name\":\"Industria del salm\u00f3n reacciona a muerte de expdte. Sebasti\u00e1n Pi\u00f1era\"}]},{\"@type\":\"WebSite\",\"@id\":\"https:\\\/\\\/www.mundoacuicola.cl\\\/new\\\/#website\",\"url\":\"https:\\\/\\\/www.mundoacuicola.cl\\\/new\\\/\",\"name\":\"Mundoacuicola\",\"description\":\"Revista de Acuicultura.\",\"publisher\":{\"@id\":\"https:\\\/\\\/www.mundoacuicola.cl\\\/new\\\/#organization\"},\"potentialAction\":[{\"@type\":\"SearchAction\",\"target\":{\"@type\":\"EntryPoint\",\"urlTemplate\":\"https:\\\/\\\/www.mundoacuicola.cl\\\/new\\\/?s={search_term_string}\"},\"query-input\":{\"@type\":\"PropertyValueSpecification\",\"valueRequired\":true,\"valueName\":\"search_term_string\"}}],\"inLanguage\":\"es\"},{\"@type\":\"Organization\",\"@id\":\"https:\\\/\\\/www.mundoacuicola.cl\\\/new\\\/#organization\",\"name\":\"Mundoacuicola\",\"url\":\"https:\\\/\\\/www.mundoacuicola.cl\\\/new\\\/\",\"logo\":{\"@type\":\"ImageObject\",\"inLanguage\":\"es\",\"@id\":\"https:\\\/\\\/www.mundoacuicola.cl\\\/new\\\/#\\\/schema\\\/logo\\\/image\\\/\",\"url\":\"https:\\\/\\\/www.mundoacuicola.cl\\\/new\\\/wp-content\\\/uploads\\\/2026\\\/01\\\/cropped-LOGO-Mundo-Acuicola-2026.png\",\"contentUrl\":\"https:\\\/\\\/www.mundoacuicola.cl\\\/new\\\/wp-content\\\/uploads\\\/2026\\\/01\\\/cropped-LOGO-Mundo-Acuicola-2026.png\",\"width\":1252,\"height\":296,\"caption\":\"Mundoacuicola\"},\"image\":{\"@id\":\"https:\\\/\\\/www.mundoacuicola.cl\\\/new\\\/#\\\/schema\\\/logo\\\/image\\\/\"},\"sameAs\":[\"https:\\\/\\\/www.facebook.com\\\/mundo.acuicola\\\/\",\"https:\\\/\\\/x.com\\\/mundoacuicola\",\"https:\\\/\\\/www.linkedin.com\\\/in\\\/mundo-acuicola\"]},{\"@type\":\"Person\",\"@id\":\"https:\\\/\\\/www.mundoacuicola.cl\\\/new\\\/#\\\/schema\\\/person\\\/52cfe7e461eb2d30484965350ee34bdd\",\"name\":\"Ricardo Alvarez\",\"url\":\"https:\\\/\\\/www.mundoacuicola.cl\\\/new\\\/author\\\/ricardo\\\/\"}]}<\/script>\n<!-- \/ Yoast SEO plugin. -->","yoast_head_json":{"title":"Industria del salm\u00f3n reacciona a muerte de expdte. Sebasti\u00e1n Pi\u00f1era - Mundoacuicola","description":"El ex Presidente Sebasti\u00e1n Pi\u00f1era falleci\u00f3 tr\u00e1gicamente en un accidente de helic\u00f3ptero en la zona de Lago Ranco, Regi\u00f3n de Los R\u00edos.","robots":{"index":"index","follow":"follow","max-snippet":"max-snippet:-1","max-image-preview":"max-image-preview:large","max-video-preview":"max-video-preview:-1"},"canonical":"https:\/\/www.mundoacuicola.cl\/new\/industria-del-salmon-reacciona-a-muerte-de-expdte-sebastian-pinera\/","og_locale":"es_ES","og_type":"article","og_title":"Industria del salm\u00f3n reacciona a muerte de expdte. Sebasti\u00e1n Pi\u00f1era - Mundoacuicola","og_description":"El ex Presidente Sebasti\u00e1n Pi\u00f1era falleci\u00f3 tr\u00e1gicamente en un accidente de helic\u00f3ptero en la zona de Lago Ranco, Regi\u00f3n de Los R\u00edos.","og_url":"https:\/\/www.mundoacuicola.cl\/new\/industria-del-salmon-reacciona-a-muerte-de-expdte-sebastian-pinera\/","og_site_name":"Mundoacuicola","article_publisher":"https:\/\/www.facebook.com\/mundo.acuicola\/","article_published_time":"2024-02-07T11:00:11+00:00","article_modified_time":"2024-02-09T12:58:58+00:00","og_image":[{"width":750,"height":400,"url":"https:\/\/www.mundoacuicola.cl\/new\/wp-content\/uploads\/2024\/02\/PineraMuerte.jpg","type":"image\/jpeg"}],"author":"Ricardo Alvarez","twitter_card":"summary_large_image","twitter_creator":"@mundoacuicola","twitter_site":"@mundoacuicola","twitter_misc":{"Escrito por":"Ricardo Alvarez","Tiempo de lectura":"2 minutos"},"schema":{"@context":"https:\/\/schema.org","@graph":[{"@type":"Article","@id":"https:\/\/www.mundoacuicola.cl\/new\/industria-del-salmon-reacciona-a-muerte-de-expdte-sebastian-pinera\/#article","isPartOf":{"@id":"https:\/\/www.mundoacuicola.cl\/new\/industria-del-salmon-reacciona-a-muerte-de-expdte-sebastian-pinera\/"},"author":{"name":"Ricardo Alvarez","@id":"https:\/\/www.mundoacuicola.cl\/new\/#\/schema\/person\/52cfe7e461eb2d30484965350ee34bdd"},"headline":"Industria del salm\u00f3n reacciona a muerte de expdte. Sebasti\u00e1n Pi\u00f1era","datePublished":"2024-02-07T11:00:11+00:00","dateModified":"2024-02-09T12:58:58+00:00","mainEntityOfPage":{"@id":"https:\/\/www.mundoacuicola.cl\/new\/industria-del-salmon-reacciona-a-muerte-de-expdte-sebastian-pinera\/"},"wordCount":318,"publisher":{"@id":"https:\/\/www.mundoacuicola.cl\/new\/#organization"},"image":{"@id":"https:\/\/www.mundoacuicola.cl\/new\/industria-del-salmon-reacciona-a-muerte-de-expdte-sebastian-pinera\/#primaryimage"},"thumbnailUrl":"https:\/\/www.mundoacuicola.cl\/new\/wp-content\/uploads\/2024\/02\/PineraMuerte.jpg","keywords":["accidente","Condolencias","Consejo del Salm\u00f3n","ex Presidente","fallecimiento","helic\u00f3ptero","industria del salm\u00f3n","Salmonchile","Sebasti\u00e1n Pi\u00f1era"],"articleSection":["Salmonicultura"],"inLanguage":"es"},{"@type":"WebPage","@id":"https:\/\/www.mundoacuicola.cl\/new\/industria-del-salmon-reacciona-a-muerte-de-expdte-sebastian-pinera\/","url":"https:\/\/www.mundoacuicola.cl\/new\/industria-del-salmon-reacciona-a-muerte-de-expdte-sebastian-pinera\/","name":"Industria del salm\u00f3n reacciona a muerte de expdte. Sebasti\u00e1n Pi\u00f1era - Mundoacuicola","isPartOf":{"@id":"https:\/\/www.mundoacuicola.cl\/new\/#website"},"primaryImageOfPage":{"@id":"https:\/\/www.mundoacuicola.cl\/new\/industria-del-salmon-reacciona-a-muerte-de-expdte-sebastian-pinera\/#primaryimage"},"image":{"@id":"https:\/\/www.mundoacuicola.cl\/new\/industria-del-salmon-reacciona-a-muerte-de-expdte-sebastian-pinera\/#primaryimage"},"thumbnailUrl":"https:\/\/www.mundoacuicola.cl\/new\/wp-content\/uploads\/2024\/02\/PineraMuerte.jpg","datePublished":"2024-02-07T11:00:11+00:00","dateModified":"2024-02-09T12:58:58+00:00","description":"El ex Presidente Sebasti\u00e1n Pi\u00f1era falleci\u00f3 tr\u00e1gicamente en un accidente de helic\u00f3ptero en la zona de Lago Ranco, Regi\u00f3n de Los R\u00edos.","breadcrumb":{"@id":"https:\/\/www.mundoacuicola.cl\/new\/industria-del-salmon-reacciona-a-muerte-de-expdte-sebastian-pinera\/#breadcrumb"},"inLanguage":"es","potentialAction":[{"@type":"ReadAction","target":["https:\/\/www.mundoacuicola.cl\/new\/industria-del-salmon-reacciona-a-muerte-de-expdte-sebastian-pinera\/"]}]},{"@type":"ImageObject","inLanguage":"es","@id":"https:\/\/www.mundoacuicola.cl\/new\/industria-del-salmon-reacciona-a-muerte-de-expdte-sebastian-pinera\/#primaryimage","url":"https:\/\/www.mundoacuicola.cl\/new\/wp-content\/uploads\/2024\/02\/PineraMuerte.jpg","contentUrl":"https:\/\/www.mundoacuicola.cl\/new\/wp-content\/uploads\/2024\/02\/PineraMuerte.jpg","width":750,"height":400},{"@type":"BreadcrumbList","@id":"https:\/\/www.mundoacuicola.cl\/new\/industria-del-salmon-reacciona-a-muerte-de-expdte-sebastian-pinera\/#breadcrumb","itemListElement":[{"@type":"ListItem","position":1,"name":"Portada","item":"https:\/\/www.mundoacuicola.cl\/new\/"},{"@type":"ListItem","position":2,"name":"Industria del salm\u00f3n reacciona a muerte de expdte. Sebasti\u00e1n Pi\u00f1era"}]},{"@type":"WebSite","@id":"https:\/\/www.mundoacuicola.cl\/new\/#website","url":"https:\/\/www.mundoacuicola.cl\/new\/","name":"Mundoacuicola","description":"Revista de Acuicultura.","publisher":{"@id":"https:\/\/www.mundoacuicola.cl\/new\/#organization"},"potentialAction":[{"@type":"SearchAction","target":{"@type":"EntryPoint","urlTemplate":"https:\/\/www.mundoacuicola.cl\/new\/?s={search_term_string}"},"query-input":{"@type":"PropertyValueSpecification","valueRequired":true,"valueName":"search_term_string"}}],"inLanguage":"es"},{"@type":"Organization","@id":"https:\/\/www.mundoacuicola.cl\/new\/#organization","name":"Mundoacuicola","url":"https:\/\/www.mundoacuicola.cl\/new\/","logo":{"@type":"ImageObject","inLanguage":"es","@id":"https:\/\/www.mundoacuicola.cl\/new\/#\/schema\/logo\/image\/","url":"https:\/\/www.mundoacuicola.cl\/new\/wp-content\/uploads\/2026\/01\/cropped-LOGO-Mundo-Acuicola-2026.png","contentUrl":"https:\/\/www.mundoacuicola.cl\/new\/wp-content\/uploads\/2026\/01\/cropped-LOGO-Mundo-Acuicola-2026.png","width":1252,"height":296,"caption":"Mundoacuicola"},"image":{"@id":"https:\/\/www.mundoacuicola.cl\/new\/#\/schema\/logo\/image\/"},"sameAs":["https:\/\/www.facebook.com\/mundo.acuicola\/","https:\/\/x.com\/mundoacuicola","https:\/\/www.linkedin.com\/in\/mundo-acuicola"]},{"@type":"Person","@id":"https:\/\/www.mundoacuicola.cl\/new\/#\/schema\/person\/52cfe7e461eb2d30484965350ee34bdd","name":"Ricardo Alvarez","url":"https:\/\/www.mundoacuicola.cl\/new\/author\/ricardo\/"}]}},"_links":{"self":[{"href":"https:\/\/www.mundoacuicola.cl\/new\/wp-json\/wp\/v2\/posts\/60555","targetHints":{"allow":["GET"]}}],"collection":[{"href":"https:\/\/www.mundoacuicola.cl\/new\/wp-json\/wp\/v2\/posts"}],"about":[{"href":"https:\/\/www.mundoacuicola.cl\/new\/wp-json\/wp\/v2\/types\/post"}],"author":[{"embeddable":true,"href":"https:\/\/www.mundoacuicola.cl\/new\/wp-json\/wp\/v2\/users\/8"}],"replies":[{"embeddable":true,"href":"https:\/\/www.mundoacuicola.cl\/new\/wp-json\/wp\/v2\/comments?post=60555"}],"version-history":[{"count":0,"href":"https:\/\/www.mundoacuicola.cl\/new\/wp-json\/wp\/v2\/posts\/60555\/revisions"}],"wp:featuredmedia":[{"embeddable":true,"href":"https:\/\/www.mundoacuicola.cl\/new\/wp-json\/wp\/v2\/media\/60556"}],"wp:attachment":[{"href":"https:\/\/www.mundoacuicola.cl\/new\/wp-json\/wp\/v2\/media?parent=60555"}],"wp:term":[{"taxonomy":"category","embeddable":true,"href":"https:\/\/www.mundoacuicola.cl\/new\/wp-json\/wp\/v2\/categories?post=60555"},{"taxonomy":"post_tag","embeddable":true,"href":"https:\/\/www.mundoacuicola.cl\/new\/wp-json\/wp\/v2\/tags?post=60555"}],"curies":[{"name":"wp","href":"https:\/\/api.w.org\/{rel}","templated":true}]}}