{"id":60759,"date":"2024-02-19T06:14:13","date_gmt":"2024-02-19T09:14:13","guid":{"rendered":"https:\/\/www.mundoacuicola.cl\/new\/?p=60759"},"modified":"2024-02-20T08:41:04","modified_gmt":"2024-02-20T11:41:04","slug":"camanchaca-inaugura-sala-de-almacenamiento-de-leche-materna-que-beneficiara-a-trabajadoras-de-la-pesca-industrial-de-coronel","status":"publish","type":"post","link":"https:\/\/www.mundoacuicola.cl\/new\/camanchaca-inaugura-sala-de-almacenamiento-de-leche-materna-que-beneficiara-a-trabajadoras-de-la-pesca-industrial-de-coronel\/","title":{"rendered":"Camanchaca inaugura sala de almacenamiento de leche materna en planta Coronel"},"content":{"rendered":"<p><span style=\"font-weight: 400;\"><b><span lang=\"ES-TRAD\"><a href=\"https:\/\/www.alloyingenieria.com\/\"><img fetchpriority=\"high\" decoding=\"async\" class=\"wp-image-55815 size-full alignright\" src=\"https:\/\/www.mundoacuicola.cl\/new\/wp-content\/uploads\/2023\/09\/Gif-Alloy.gif\" alt=\"\" width=\"300\" height=\"300\" \/><\/a><\/span><\/b><\/span>Comodidad, tranquilidad y privacidad, pero tambi\u00e9n salubridad, son las principales caracter\u00edsticas con las cuales cuenta Alma, la primera sala de extracci\u00f3n y almacenamiento de leche materna que se habilita dentro de una planta pesquera en la Regi\u00f3n del Biob\u00edo, la cual espera cobijar a las trabajadoras de Camanchaca en Coronel.<\/p>\n<p>Alejandro Flor\u00e1s Guerraty, gerente regional de Camanchaca Pesca Sur, record\u00f3 que tras la firma de los 13 Principios de Igualdad y Equidad de G\u00e9nero, impulsada por Pescadores Industriales del Biob\u00edo, en enero de 2023, el trabajo que realizaban en torno a esta tem\u00e1tica se formaliz\u00f3 y Camanchaca fortaleci\u00f3 sus planes, lanzando su propia pol\u00edtica en marzo del mismo a\u00f1o. Fue en ese contexto que surge Sala Alma.<\/p>\n<p>Flor\u00e1s, destac\u00f3 que \u201cel bienestar de las personas siempre ha tenido una alta prioridad en las decisiones que tomamos, es por eso que Sala Alma es mucho m\u00e1s que un espacio de fomento de la lactancia; es una muestra concreta del trabajo del equipo del \u00e1rea de Personas de Pesca Sur en el desarrollo del programa de Equidad de G\u00e9nero que inici\u00f3 en 2023 con varias otras acciones, pero tambi\u00e9n de nuestro anhelo de seguir avanzando e incorporando las mejores e innovadoras pr\u00e1cticas laborales, inclusivas y sostenibles\u201d.<\/p>\n<p>Y es que los beneficios de la implementaci\u00f3n de este espacio \u00fanico, tanto para la trabajadora, como para su hijo o hija y para las empresas, son muchos. Seg\u00fan la Unicef, otorgar la posibilidad a una madre de poder extraer leche en un lugar acondicionado admite la combinaci\u00f3n equilibrada entre la lactancia y el trabajo, por tanto, concilia ambos mundos, mejora el estado emocional de la mujer durante la jornada laboral y en su vida en general. Tambi\u00e9n mejora sustancialmente la salud de la madre y de su hijo o hija, reduciendo hasta un 35% las enfermedades de ambos durante los primeros 12 meses del infante y disminuyendo el ausentismo laboral por enfermedades.<\/p>\n<p>Adem\u00e1s, propicia la reincorporaci\u00f3n al trabajo una vez que termina la licencia de maternidad y genera mayor compromiso y sentido de pertenencia de los trabajadores al brindarles facilidades para dar el mejor cuidado a su hija o hijo. En el caso particular del lactante, poder seguir nutri\u00e9ndose de la leche materna favorece su desarrollo emocional y cognitivo, junto con prevenir la malnutrici\u00f3n, desnutrici\u00f3n y obesidad.<\/p>\n<p>La sala, que fue equipada de acuerdo con las recomendaciones realizadas por el Ministerio de Salud y Chile Crece Contigo, cuenta con mantas, m\u00fasica ambiental, aromaterapia, contenedores especiales para la leche reci\u00e9n extra\u00edda, refrigerador, entre otros. \u201cActualmente, en Camanchaca Pesca Sur, hay 144 mujeres en edad f\u00e9rtil que son potenciales usuarias de la sala. Queremos que desear ser mam\u00e1 o serlo, no sea obst\u00e1culo para trabajar y desarrollarse profesionalmente, por tanto, vamos a promover esta iniciativa en otras \u00e1reas de operaci\u00f3n\u201d, coment\u00f3 Flor\u00e1s.<\/p>\n<p>Es el caso de Carolina Garc\u00e9s Mu\u00f1oz, operaria de la planta de congelados, quien se incorpor\u00f3 a la compa\u00f1\u00eda en noviembre de 2023, cuando su hija Elena, ten\u00eda cinco meses. Hoy ella est\u00e1 pr\u00f3xima a cumplir 8 meses y la leche materna sigue siendo su principal alimento. \u201cLa diferencia entre un ba\u00f1o y una sala es abismante. Ahora cuento con todas las condiciones para extraerme leche de manera tranquila, un refrigerador para guardarla, tengo privacidad, puedo estar sentada c\u00f3modamente. Tambi\u00e9n hay un dispensador de agua para hidratarme y luego seguir trabajando. S\u00e9 que las dem\u00e1s personas que son o ser\u00e1n mam\u00e1s se sentir\u00e1n incluidas como yo\u201d, destac\u00f3.<\/p>\n<h2 style=\"font-weight: 400;\"><strong>Los pasos por equiparar la cancha<\/strong><\/h2>\n<p><b><span style=\"font-weight: 400;\"><span lang=\"ES-TRAD\"><strong><a href=\"https:\/\/www.mundoacuicola.cl\/medios\/?url_camp=26\" target=\"_blank\" rel=\"https:\/\/www.mundoacuicola.cl\/medios\/?url_camp=26 noopener\"><img decoding=\"async\" class=\"alignleft\" src=\"https:\/\/www.mundoacuicola.cl\/medios\/?camp=26\" alt=\"\" width=\"300\" height=\"250\" \/><\/a><\/strong><\/span><\/span><\/b>La pesca industrial ha sido un sector econ\u00f3mico que ha entregado a miles de mujeres del Biob\u00edo y otras regiones, la oportunidad de desempe\u00f1ar diferentes oficios dentro del rubro pesquero, d\u00e1ndole formalidad a sus roles, logrando dignificar su trabajo, entregando seguridad, lo que otorga, en consecuencia, la posibilidad de desarrollar proyectos de vida, como estudiar y formar una familia, entre otros.<\/p>\n<p>Camanchaca Pesca Sur, con operaciones en Coronel, ha implementado acciones, desde 2019, para ser una empresa sin sesgos de g\u00e9nero, teniendo en consideraci\u00f3n que en sus plantas m\u00e1s de la mitad de sus trabajadores son mujeres, desarrollando diversos planes que en sus inicios tuvieron tres ejes de trabajo: Escuchar, Prevenir y Empatizar. En este marco, tambi\u00e9n pidieron apoyo a diversas organizaciones y empresas que hab\u00edan avanzado m\u00e1s y ONU Mujeres, fue una de ellas.<\/p>\n<p>Sebasti\u00e1n Rivera W\u00f6rner, gerente de Personas de Camanchaca Pesca Sur, explic\u00f3 el proceso que lleva a cabo la compa\u00f1\u00eda: \u201cHace un par de a\u00f1os que estamos trabajando en equidad de g\u00e9nero y en generar pr\u00e1cticas que nos permitan ver la empresa con ojos de mujer. En este ejercicio de poder conversar con nuestras trabajadoras levantamos esta necesidad, adem\u00e1s de conocer varias experiencias de empresas de diferentes rubros. La invitaci\u00f3n a cada una de nuestras jefaturas ha sido a empatizar con nuestras trabajadoras y avanzar hacia un lugar sin sesgo de g\u00e9nero y donde nuestros trabajadores se sientan a gusto y reconocidos con estas acciones\u201d.<\/p>\n<p>Rivera agreg\u00f3 que s\u00f3lo en las plantas de Coronel, trabajan m\u00e1s de 500 personas. De ellas, cerca de la mitad son mujeres, que se desempe\u00f1an en diferentes cargos. \u201cTenemos operarias, supervisoras, administrativas y jefas de \u00e1rea. Cuando decimos que somos una industria con rostro de mujer, realmente lo somos y esta era una deuda que ten\u00edamos con nuestras trabajadoras\u201d, concluy\u00f3.<\/p>\n","protected":false},"excerpt":{"rendered":"<p>La sala esta equipada de acuerdo con las recomendaciones por el Ministerio de Salud y Chile.   Crece Contigo cuenta con mantas, m\u00fasica ambiental, aromaterapia, contenedores especiales para la leche reci\u00e9n extra\u00edda.<\/p>\n","protected":false},"author":8,"featured_media":60769,"comment_status":"closed","ping_status":"closed","sticky":false,"template":"","format":"standard","meta":{"footnotes":""},"categories":[2],"tags":[11209,21155,134,21156,21153,21154],"class_list":["post-60759","post","type-post","status-publish","format-standard","has-post-thumbnail","hentry","category-negocios","tag-alejandro-floras-guerraty","tag-aromaterapia","tag-camanchaca","tag-contenedores-especiales-para-la-leche-recien-extraida","tag-leche-materna-en-planta-coronel","tag-musica-ambiental"],"yoast_head":"<!-- This site is optimized with the Yoast SEO plugin v27.5 - https:\/\/yoast.com\/product\/yoast-seo-wordpress\/ -->\n<title>Camanchaca inaugura sala de almacenamiento de leche materna en planta Coronel - Mundoacuicola<\/title>\n<meta name=\"description\" content=\"La sala esta equipada de acuerdo con las recomendaciones por el Ministerio de Salud y Chile. Crece Contigo cuenta con mantas, m\u00fasica\" \/>\n<meta name=\"robots\" content=\"index, follow, max-snippet:-1, max-image-preview:large, max-video-preview:-1\" \/>\n<link rel=\"canonical\" href=\"https:\/\/www.mundoacuicola.cl\/new\/camanchaca-inaugura-sala-de-almacenamiento-de-leche-materna-que-beneficiara-a-trabajadoras-de-la-pesca-industrial-de-coronel\/\" \/>\n<meta property=\"og:locale\" content=\"es_ES\" \/>\n<meta property=\"og:type\" content=\"article\" \/>\n<meta property=\"og:title\" content=\"Camanchaca inaugura sala de almacenamiento de leche materna en planta Coronel - Mundoacuicola\" \/>\n<meta property=\"og:description\" content=\"La sala esta equipada de acuerdo con las recomendaciones por el Ministerio de Salud y Chile. Crece Contigo cuenta con mantas, m\u00fasica\" \/>\n<meta property=\"og:url\" content=\"https:\/\/www.mundoacuicola.cl\/new\/camanchaca-inaugura-sala-de-almacenamiento-de-leche-materna-que-beneficiara-a-trabajadoras-de-la-pesca-industrial-de-coronel\/\" \/>\n<meta property=\"og:site_name\" content=\"Mundoacuicola\" \/>\n<meta property=\"article:publisher\" content=\"https:\/\/www.facebook.com\/mundo.acuicola\/\" \/>\n<meta property=\"article:published_time\" content=\"2024-02-19T09:14:13+00:00\" \/>\n<meta property=\"article:modified_time\" content=\"2024-02-20T11:41:04+00:00\" \/>\n<meta property=\"og:image\" content=\"https:\/\/www.mundoacuicola.cl\/new\/wp-content\/uploads\/2024\/02\/SalaAlmaCamanchacaIndustrial.jpg\" \/>\n\t<meta property=\"og:image:width\" content=\"750\" \/>\n\t<meta property=\"og:image:height\" content=\"400\" \/>\n\t<meta property=\"og:image:type\" content=\"image\/jpeg\" \/>\n<meta name=\"author\" content=\"Ricardo Alvarez\" \/>\n<meta name=\"twitter:card\" content=\"summary_large_image\" \/>\n<meta name=\"twitter:creator\" content=\"@mundoacuicola\" \/>\n<meta name=\"twitter:site\" content=\"@mundoacuicola\" \/>\n<meta name=\"twitter:label1\" content=\"Escrito por\" \/>\n\t<meta name=\"twitter:data1\" content=\"Ricardo Alvarez\" \/>\n\t<meta name=\"twitter:label2\" content=\"Tiempo de lectura\" \/>\n\t<meta name=\"twitter:data2\" content=\"5 minutos\" \/>\n<script type=\"application\/ld+json\" class=\"yoast-schema-graph\">{\"@context\":\"https:\\\/\\\/schema.org\",\"@graph\":[{\"@type\":\"Article\",\"@id\":\"https:\\\/\\\/www.mundoacuicola.cl\\\/new\\\/camanchaca-inaugura-sala-de-almacenamiento-de-leche-materna-que-beneficiara-a-trabajadoras-de-la-pesca-industrial-de-coronel\\\/#article\",\"isPartOf\":{\"@id\":\"https:\\\/\\\/www.mundoacuicola.cl\\\/new\\\/camanchaca-inaugura-sala-de-almacenamiento-de-leche-materna-que-beneficiara-a-trabajadoras-de-la-pesca-industrial-de-coronel\\\/\"},\"author\":{\"name\":\"Ricardo Alvarez\",\"@id\":\"https:\\\/\\\/www.mundoacuicola.cl\\\/new\\\/#\\\/schema\\\/person\\\/52cfe7e461eb2d30484965350ee34bdd\"},\"headline\":\"Camanchaca inaugura sala de almacenamiento de leche materna en planta Coronel\",\"datePublished\":\"2024-02-19T09:14:13+00:00\",\"dateModified\":\"2024-02-20T11:41:04+00:00\",\"mainEntityOfPage\":{\"@id\":\"https:\\\/\\\/www.mundoacuicola.cl\\\/new\\\/camanchaca-inaugura-sala-de-almacenamiento-de-leche-materna-que-beneficiara-a-trabajadoras-de-la-pesca-industrial-de-coronel\\\/\"},\"wordCount\":945,\"publisher\":{\"@id\":\"https:\\\/\\\/www.mundoacuicola.cl\\\/new\\\/#organization\"},\"image\":{\"@id\":\"https:\\\/\\\/www.mundoacuicola.cl\\\/new\\\/camanchaca-inaugura-sala-de-almacenamiento-de-leche-materna-que-beneficiara-a-trabajadoras-de-la-pesca-industrial-de-coronel\\\/#primaryimage\"},\"thumbnailUrl\":\"https:\\\/\\\/www.mundoacuicola.cl\\\/new\\\/wp-content\\\/uploads\\\/2024\\\/02\\\/SalaAlmaCamanchacaIndustrial.jpg\",\"keywords\":[\"Alejandro Flor\u00e1s Guerraty\",\"aromaterapia\",\"Camanchaca\",\"contenedores especiales para la leche reci\u00e9n extra\u00edda\",\"leche materna en planta Coronel\",\"m\u00fasica ambiental\"],\"articleSection\":[\"Negocios\"],\"inLanguage\":\"es\"},{\"@type\":\"WebPage\",\"@id\":\"https:\\\/\\\/www.mundoacuicola.cl\\\/new\\\/camanchaca-inaugura-sala-de-almacenamiento-de-leche-materna-que-beneficiara-a-trabajadoras-de-la-pesca-industrial-de-coronel\\\/\",\"url\":\"https:\\\/\\\/www.mundoacuicola.cl\\\/new\\\/camanchaca-inaugura-sala-de-almacenamiento-de-leche-materna-que-beneficiara-a-trabajadoras-de-la-pesca-industrial-de-coronel\\\/\",\"name\":\"Camanchaca inaugura sala de almacenamiento de leche materna en planta Coronel - Mundoacuicola\",\"isPartOf\":{\"@id\":\"https:\\\/\\\/www.mundoacuicola.cl\\\/new\\\/#website\"},\"primaryImageOfPage\":{\"@id\":\"https:\\\/\\\/www.mundoacuicola.cl\\\/new\\\/camanchaca-inaugura-sala-de-almacenamiento-de-leche-materna-que-beneficiara-a-trabajadoras-de-la-pesca-industrial-de-coronel\\\/#primaryimage\"},\"image\":{\"@id\":\"https:\\\/\\\/www.mundoacuicola.cl\\\/new\\\/camanchaca-inaugura-sala-de-almacenamiento-de-leche-materna-que-beneficiara-a-trabajadoras-de-la-pesca-industrial-de-coronel\\\/#primaryimage\"},\"thumbnailUrl\":\"https:\\\/\\\/www.mundoacuicola.cl\\\/new\\\/wp-content\\\/uploads\\\/2024\\\/02\\\/SalaAlmaCamanchacaIndustrial.jpg\",\"datePublished\":\"2024-02-19T09:14:13+00:00\",\"dateModified\":\"2024-02-20T11:41:04+00:00\",\"description\":\"La sala esta equipada de acuerdo con las recomendaciones por el Ministerio de Salud y Chile. Crece Contigo cuenta con mantas, m\u00fasica\",\"breadcrumb\":{\"@id\":\"https:\\\/\\\/www.mundoacuicola.cl\\\/new\\\/camanchaca-inaugura-sala-de-almacenamiento-de-leche-materna-que-beneficiara-a-trabajadoras-de-la-pesca-industrial-de-coronel\\\/#breadcrumb\"},\"inLanguage\":\"es\",\"potentialAction\":[{\"@type\":\"ReadAction\",\"target\":[\"https:\\\/\\\/www.mundoacuicola.cl\\\/new\\\/camanchaca-inaugura-sala-de-almacenamiento-de-leche-materna-que-beneficiara-a-trabajadoras-de-la-pesca-industrial-de-coronel\\\/\"]}]},{\"@type\":\"ImageObject\",\"inLanguage\":\"es\",\"@id\":\"https:\\\/\\\/www.mundoacuicola.cl\\\/new\\\/camanchaca-inaugura-sala-de-almacenamiento-de-leche-materna-que-beneficiara-a-trabajadoras-de-la-pesca-industrial-de-coronel\\\/#primaryimage\",\"url\":\"https:\\\/\\\/www.mundoacuicola.cl\\\/new\\\/wp-content\\\/uploads\\\/2024\\\/02\\\/SalaAlmaCamanchacaIndustrial.jpg\",\"contentUrl\":\"https:\\\/\\\/www.mundoacuicola.cl\\\/new\\\/wp-content\\\/uploads\\\/2024\\\/02\\\/SalaAlmaCamanchacaIndustrial.jpg\",\"width\":750,\"height\":400},{\"@type\":\"BreadcrumbList\",\"@id\":\"https:\\\/\\\/www.mundoacuicola.cl\\\/new\\\/camanchaca-inaugura-sala-de-almacenamiento-de-leche-materna-que-beneficiara-a-trabajadoras-de-la-pesca-industrial-de-coronel\\\/#breadcrumb\",\"itemListElement\":[{\"@type\":\"ListItem\",\"position\":1,\"name\":\"Portada\",\"item\":\"https:\\\/\\\/www.mundoacuicola.cl\\\/new\\\/\"},{\"@type\":\"ListItem\",\"position\":2,\"name\":\"Camanchaca inaugura sala de almacenamiento de leche materna en planta Coronel\"}]},{\"@type\":\"WebSite\",\"@id\":\"https:\\\/\\\/www.mundoacuicola.cl\\\/new\\\/#website\",\"url\":\"https:\\\/\\\/www.mundoacuicola.cl\\\/new\\\/\",\"name\":\"Mundoacuicola\",\"description\":\"Revista de Acuicultura.\",\"publisher\":{\"@id\":\"https:\\\/\\\/www.mundoacuicola.cl\\\/new\\\/#organization\"},\"potentialAction\":[{\"@type\":\"SearchAction\",\"target\":{\"@type\":\"EntryPoint\",\"urlTemplate\":\"https:\\\/\\\/www.mundoacuicola.cl\\\/new\\\/?s={search_term_string}\"},\"query-input\":{\"@type\":\"PropertyValueSpecification\",\"valueRequired\":true,\"valueName\":\"search_term_string\"}}],\"inLanguage\":\"es\"},{\"@type\":\"Organization\",\"@id\":\"https:\\\/\\\/www.mundoacuicola.cl\\\/new\\\/#organization\",\"name\":\"Mundoacuicola\",\"url\":\"https:\\\/\\\/www.mundoacuicola.cl\\\/new\\\/\",\"logo\":{\"@type\":\"ImageObject\",\"inLanguage\":\"es\",\"@id\":\"https:\\\/\\\/www.mundoacuicola.cl\\\/new\\\/#\\\/schema\\\/logo\\\/image\\\/\",\"url\":\"https:\\\/\\\/www.mundoacuicola.cl\\\/new\\\/wp-content\\\/uploads\\\/2026\\\/01\\\/cropped-LOGO-Mundo-Acuicola-2026.png\",\"contentUrl\":\"https:\\\/\\\/www.mundoacuicola.cl\\\/new\\\/wp-content\\\/uploads\\\/2026\\\/01\\\/cropped-LOGO-Mundo-Acuicola-2026.png\",\"width\":1252,\"height\":296,\"caption\":\"Mundoacuicola\"},\"image\":{\"@id\":\"https:\\\/\\\/www.mundoacuicola.cl\\\/new\\\/#\\\/schema\\\/logo\\\/image\\\/\"},\"sameAs\":[\"https:\\\/\\\/www.facebook.com\\\/mundo.acuicola\\\/\",\"https:\\\/\\\/x.com\\\/mundoacuicola\",\"https:\\\/\\\/www.linkedin.com\\\/in\\\/mundo-acuicola\"]},{\"@type\":\"Person\",\"@id\":\"https:\\\/\\\/www.mundoacuicola.cl\\\/new\\\/#\\\/schema\\\/person\\\/52cfe7e461eb2d30484965350ee34bdd\",\"name\":\"Ricardo Alvarez\",\"url\":\"https:\\\/\\\/www.mundoacuicola.cl\\\/new\\\/author\\\/ricardo\\\/\"}]}<\/script>\n<!-- \/ Yoast SEO plugin. -->","yoast_head_json":{"title":"Camanchaca inaugura sala de almacenamiento de leche materna en planta Coronel - Mundoacuicola","description":"La sala esta equipada de acuerdo con las recomendaciones por el Ministerio de Salud y Chile. Crece Contigo cuenta con mantas, m\u00fasica","robots":{"index":"index","follow":"follow","max-snippet":"max-snippet:-1","max-image-preview":"max-image-preview:large","max-video-preview":"max-video-preview:-1"},"canonical":"https:\/\/www.mundoacuicola.cl\/new\/camanchaca-inaugura-sala-de-almacenamiento-de-leche-materna-que-beneficiara-a-trabajadoras-de-la-pesca-industrial-de-coronel\/","og_locale":"es_ES","og_type":"article","og_title":"Camanchaca inaugura sala de almacenamiento de leche materna en planta Coronel - Mundoacuicola","og_description":"La sala esta equipada de acuerdo con las recomendaciones por el Ministerio de Salud y Chile. Crece Contigo cuenta con mantas, m\u00fasica","og_url":"https:\/\/www.mundoacuicola.cl\/new\/camanchaca-inaugura-sala-de-almacenamiento-de-leche-materna-que-beneficiara-a-trabajadoras-de-la-pesca-industrial-de-coronel\/","og_site_name":"Mundoacuicola","article_publisher":"https:\/\/www.facebook.com\/mundo.acuicola\/","article_published_time":"2024-02-19T09:14:13+00:00","article_modified_time":"2024-02-20T11:41:04+00:00","og_image":[{"width":750,"height":400,"url":"https:\/\/www.mundoacuicola.cl\/new\/wp-content\/uploads\/2024\/02\/SalaAlmaCamanchacaIndustrial.jpg","type":"image\/jpeg"}],"author":"Ricardo Alvarez","twitter_card":"summary_large_image","twitter_creator":"@mundoacuicola","twitter_site":"@mundoacuicola","twitter_misc":{"Escrito por":"Ricardo Alvarez","Tiempo de lectura":"5 minutos"},"schema":{"@context":"https:\/\/schema.org","@graph":[{"@type":"Article","@id":"https:\/\/www.mundoacuicola.cl\/new\/camanchaca-inaugura-sala-de-almacenamiento-de-leche-materna-que-beneficiara-a-trabajadoras-de-la-pesca-industrial-de-coronel\/#article","isPartOf":{"@id":"https:\/\/www.mundoacuicola.cl\/new\/camanchaca-inaugura-sala-de-almacenamiento-de-leche-materna-que-beneficiara-a-trabajadoras-de-la-pesca-industrial-de-coronel\/"},"author":{"name":"Ricardo Alvarez","@id":"https:\/\/www.mundoacuicola.cl\/new\/#\/schema\/person\/52cfe7e461eb2d30484965350ee34bdd"},"headline":"Camanchaca inaugura sala de almacenamiento de leche materna en planta Coronel","datePublished":"2024-02-19T09:14:13+00:00","dateModified":"2024-02-20T11:41:04+00:00","mainEntityOfPage":{"@id":"https:\/\/www.mundoacuicola.cl\/new\/camanchaca-inaugura-sala-de-almacenamiento-de-leche-materna-que-beneficiara-a-trabajadoras-de-la-pesca-industrial-de-coronel\/"},"wordCount":945,"publisher":{"@id":"https:\/\/www.mundoacuicola.cl\/new\/#organization"},"image":{"@id":"https:\/\/www.mundoacuicola.cl\/new\/camanchaca-inaugura-sala-de-almacenamiento-de-leche-materna-que-beneficiara-a-trabajadoras-de-la-pesca-industrial-de-coronel\/#primaryimage"},"thumbnailUrl":"https:\/\/www.mundoacuicola.cl\/new\/wp-content\/uploads\/2024\/02\/SalaAlmaCamanchacaIndustrial.jpg","keywords":["Alejandro Flor\u00e1s Guerraty","aromaterapia","Camanchaca","contenedores especiales para la leche reci\u00e9n extra\u00edda","leche materna en planta Coronel","m\u00fasica ambiental"],"articleSection":["Negocios"],"inLanguage":"es"},{"@type":"WebPage","@id":"https:\/\/www.mundoacuicola.cl\/new\/camanchaca-inaugura-sala-de-almacenamiento-de-leche-materna-que-beneficiara-a-trabajadoras-de-la-pesca-industrial-de-coronel\/","url":"https:\/\/www.mundoacuicola.cl\/new\/camanchaca-inaugura-sala-de-almacenamiento-de-leche-materna-que-beneficiara-a-trabajadoras-de-la-pesca-industrial-de-coronel\/","name":"Camanchaca inaugura sala de almacenamiento de leche materna en planta Coronel - Mundoacuicola","isPartOf":{"@id":"https:\/\/www.mundoacuicola.cl\/new\/#website"},"primaryImageOfPage":{"@id":"https:\/\/www.mundoacuicola.cl\/new\/camanchaca-inaugura-sala-de-almacenamiento-de-leche-materna-que-beneficiara-a-trabajadoras-de-la-pesca-industrial-de-coronel\/#primaryimage"},"image":{"@id":"https:\/\/www.mundoacuicola.cl\/new\/camanchaca-inaugura-sala-de-almacenamiento-de-leche-materna-que-beneficiara-a-trabajadoras-de-la-pesca-industrial-de-coronel\/#primaryimage"},"thumbnailUrl":"https:\/\/www.mundoacuicola.cl\/new\/wp-content\/uploads\/2024\/02\/SalaAlmaCamanchacaIndustrial.jpg","datePublished":"2024-02-19T09:14:13+00:00","dateModified":"2024-02-20T11:41:04+00:00","description":"La sala esta equipada de acuerdo con las recomendaciones por el Ministerio de Salud y Chile. Crece Contigo cuenta con mantas, m\u00fasica","breadcrumb":{"@id":"https:\/\/www.mundoacuicola.cl\/new\/camanchaca-inaugura-sala-de-almacenamiento-de-leche-materna-que-beneficiara-a-trabajadoras-de-la-pesca-industrial-de-coronel\/#breadcrumb"},"inLanguage":"es","potentialAction":[{"@type":"ReadAction","target":["https:\/\/www.mundoacuicola.cl\/new\/camanchaca-inaugura-sala-de-almacenamiento-de-leche-materna-que-beneficiara-a-trabajadoras-de-la-pesca-industrial-de-coronel\/"]}]},{"@type":"ImageObject","inLanguage":"es","@id":"https:\/\/www.mundoacuicola.cl\/new\/camanchaca-inaugura-sala-de-almacenamiento-de-leche-materna-que-beneficiara-a-trabajadoras-de-la-pesca-industrial-de-coronel\/#primaryimage","url":"https:\/\/www.mundoacuicola.cl\/new\/wp-content\/uploads\/2024\/02\/SalaAlmaCamanchacaIndustrial.jpg","contentUrl":"https:\/\/www.mundoacuicola.cl\/new\/wp-content\/uploads\/2024\/02\/SalaAlmaCamanchacaIndustrial.jpg","width":750,"height":400},{"@type":"BreadcrumbList","@id":"https:\/\/www.mundoacuicola.cl\/new\/camanchaca-inaugura-sala-de-almacenamiento-de-leche-materna-que-beneficiara-a-trabajadoras-de-la-pesca-industrial-de-coronel\/#breadcrumb","itemListElement":[{"@type":"ListItem","position":1,"name":"Portada","item":"https:\/\/www.mundoacuicola.cl\/new\/"},{"@type":"ListItem","position":2,"name":"Camanchaca inaugura sala de almacenamiento de leche materna en planta Coronel"}]},{"@type":"WebSite","@id":"https:\/\/www.mundoacuicola.cl\/new\/#website","url":"https:\/\/www.mundoacuicola.cl\/new\/","name":"Mundoacuicola","description":"Revista de Acuicultura.","publisher":{"@id":"https:\/\/www.mundoacuicola.cl\/new\/#organization"},"potentialAction":[{"@type":"SearchAction","target":{"@type":"EntryPoint","urlTemplate":"https:\/\/www.mundoacuicola.cl\/new\/?s={search_term_string}"},"query-input":{"@type":"PropertyValueSpecification","valueRequired":true,"valueName":"search_term_string"}}],"inLanguage":"es"},{"@type":"Organization","@id":"https:\/\/www.mundoacuicola.cl\/new\/#organization","name":"Mundoacuicola","url":"https:\/\/www.mundoacuicola.cl\/new\/","logo":{"@type":"ImageObject","inLanguage":"es","@id":"https:\/\/www.mundoacuicola.cl\/new\/#\/schema\/logo\/image\/","url":"https:\/\/www.mundoacuicola.cl\/new\/wp-content\/uploads\/2026\/01\/cropped-LOGO-Mundo-Acuicola-2026.png","contentUrl":"https:\/\/www.mundoacuicola.cl\/new\/wp-content\/uploads\/2026\/01\/cropped-LOGO-Mundo-Acuicola-2026.png","width":1252,"height":296,"caption":"Mundoacuicola"},"image":{"@id":"https:\/\/www.mundoacuicola.cl\/new\/#\/schema\/logo\/image\/"},"sameAs":["https:\/\/www.facebook.com\/mundo.acuicola\/","https:\/\/x.com\/mundoacuicola","https:\/\/www.linkedin.com\/in\/mundo-acuicola"]},{"@type":"Person","@id":"https:\/\/www.mundoacuicola.cl\/new\/#\/schema\/person\/52cfe7e461eb2d30484965350ee34bdd","name":"Ricardo Alvarez","url":"https:\/\/www.mundoacuicola.cl\/new\/author\/ricardo\/"}]}},"_links":{"self":[{"href":"https:\/\/www.mundoacuicola.cl\/new\/wp-json\/wp\/v2\/posts\/60759","targetHints":{"allow":["GET"]}}],"collection":[{"href":"https:\/\/www.mundoacuicola.cl\/new\/wp-json\/wp\/v2\/posts"}],"about":[{"href":"https:\/\/www.mundoacuicola.cl\/new\/wp-json\/wp\/v2\/types\/post"}],"author":[{"embeddable":true,"href":"https:\/\/www.mundoacuicola.cl\/new\/wp-json\/wp\/v2\/users\/8"}],"replies":[{"embeddable":true,"href":"https:\/\/www.mundoacuicola.cl\/new\/wp-json\/wp\/v2\/comments?post=60759"}],"version-history":[{"count":0,"href":"https:\/\/www.mundoacuicola.cl\/new\/wp-json\/wp\/v2\/posts\/60759\/revisions"}],"wp:featuredmedia":[{"embeddable":true,"href":"https:\/\/www.mundoacuicola.cl\/new\/wp-json\/wp\/v2\/media\/60769"}],"wp:attachment":[{"href":"https:\/\/www.mundoacuicola.cl\/new\/wp-json\/wp\/v2\/media?parent=60759"}],"wp:term":[{"taxonomy":"category","embeddable":true,"href":"https:\/\/www.mundoacuicola.cl\/new\/wp-json\/wp\/v2\/categories?post=60759"},{"taxonomy":"post_tag","embeddable":true,"href":"https:\/\/www.mundoacuicola.cl\/new\/wp-json\/wp\/v2\/tags?post=60759"}],"curies":[{"name":"wp","href":"https:\/\/api.w.org\/{rel}","templated":true}]}}