{"id":61308,"date":"2024-03-08T06:14:17","date_gmt":"2024-03-08T09:14:17","guid":{"rendered":"https:\/\/www.mundoacuicola.cl\/new\/?p=61308"},"modified":"2024-03-11T09:17:44","modified_gmt":"2024-03-11T12:17:44","slug":"dos-robos-en-solo-dos-semanas-impactan-el-transporte-de-salmon-de-camanchaca","status":"publish","type":"post","link":"https:\/\/www.mundoacuicola.cl\/new\/dos-robos-en-solo-dos-semanas-impactan-el-transporte-de-salmon-de-camanchaca\/","title":{"rendered":"Dos robos\u00a0en solo dos semanas impactan el\u00a0transporte de\u00a0salm\u00f3n de\u00a0Camanchaca"},"content":{"rendered":"<p><span style=\"font-weight: 400;\"><b><span lang=\"ES-TRAD\"><a href=\"https:\/\/www.alloyingenieria.com\/\"><img fetchpriority=\"high\" decoding=\"async\" class=\"wp-image-55815 size-full alignright\" src=\"https:\/\/www.mundoacuicola.cl\/new\/wp-content\/uploads\/2023\/09\/Gif-Alloy.gif\" alt=\"\" width=\"300\" height=\"300\" \/><\/a><\/span><\/b><\/span>Pese a\u00a0las numerosas\u00a0medidas de seguridad implementadas\u00a0por la empresa, incluyendo viajes en caravana, dos camiones con carga de salm\u00f3n\u00a0de\u00a0Camanchaca fueron asaltados y robados en\u00a0la Ruta 5 Sur,\u00a0en\u00a0la Regi\u00f3n de\u00a0La Araucan\u00eda.\u00a0Los hechos muestran alto grado de planificaci\u00f3n por parte del crimen organizado y dejan profunda preocupaci\u00f3n en\u00a0la empresa, pues se trata de una escalada de inseguridad desatada y fuera de control.<\/p>\n<p>Las cifras de SalmonChile muestran que\u00a0desde 2018 a 2023, hubo un total de 160 denuncias de camiones con asaltados que transportaban salm\u00f3n, y en lo que va de 2024, ya van 4 casos.<\/p>\n<p>En ambos\u00a0eventos que impactaron a Camanchaca,\u00a0ocurridos con solo 15 d\u00edas de diferencia, los conductores de los camiones fueron abordados por criminales organizados y armados, y retenidos durante horas. Los hechos muestran una asonada del crimen organizado, altamente violento y que genera\u00a0un estado de inseguridad y vulneraci\u00f3n generalizado, especialmente para los transportistas,\u00a0adem\u00e1s de las cuantiosas p\u00e9rdidas econ\u00f3micas para la empresa.<\/p>\n<p><span style=\"font-weight: 400;\"><b><span lang=\"ES-TRAD\"><strong><a href=\"https:\/\/www.mundoacuicola.cl\/medios\/?url_camp=26\" target=\"_blank\" rel=\"https:\/\/www.mundoacuicola.cl\/medios\/?url_camp=26 noopener\"><img decoding=\"async\" class=\"alignleft\" src=\"https:\/\/www.mundoacuicola.cl\/medios\/?camp=26\" alt=\"\" width=\"300\" height=\"250\" \/><\/a><\/strong><\/span><\/b><\/span>\u201cEl crimen organizado azota a Chile y su principal ruta terrestre, y se moviliza libre para perpetrar sus cr\u00edmenes. Parece incre\u00edble que la principal ruta del pa\u00eds se haya convertido en el \u201cfar west\u201d chileno y que los transportistas deban viajar con chalecos antibalas\u00a0o\u00a0cascos bal\u00edsticos, y en caravanas, como se hac\u00eda hace 3 o m\u00e1s siglos en otros pa\u00edses. Esta situaci\u00f3n se pensar\u00eda en territorios en guerra o en Estados fallidos, pero quiz\u00e1s vamos a eso en Chile. Si el Estado no nos protege de la vulnerabilidad en que nos tienen los criminales, \u00bfqu\u00e9 clase de Estado es? \u00bfQu\u00e9 sentido tiene que le deleguemos el poder de la fuerza? Si no nos protege, el Estado no tiene autoridad, solo poder. As\u00ed no se puede trabajar\u201d,\u00a0afirm\u00f3\u00a0Ricardo Garc\u00eda\u00a0Holtz, gerente general de Camanchaca.<\/p>\n<p>Entre\u00a0ambos eventos fueron robadas\u00a0m\u00e1s de 30\u00a0toneladas de salm\u00f3n y, a la fecha, la carga a\u00fan\u00a0se encuentra desaparecida.<\/p>\n<p>En ambos delitos, se presentaron las denuncias a las autoridades correspondientes con el prop\u00f3sito de castigar a los criminales. \u201cNos preocupa enormemente que los salmones robados ya est\u00e9n siendo comercializados en Chile sin la trazabilidad que acredite su origen y sin fiscalizaci\u00f3n estricta del SII a quienes lo venden al consumidor. Con todas sus letras, esto es un blanqueo de especies robadas, es decir receptaci\u00f3n con evasi\u00f3n fiscal\u201d, afirm\u00f3 Garc\u00eda.<\/p>\n","protected":false},"excerpt":{"rendered":"<p>El gerente general, Ricardo Garc\u00eda Holtz, denuncia la falta de protecci\u00f3n estatal. El robo de m\u00e1s de 30 toneladas de salm\u00f3n preocupa por la posible comercializaci\u00f3n ilegal. <\/p>\n","protected":false},"author":8,"featured_media":46036,"comment_status":"closed","ping_status":"closed","sticky":false,"template":"","format":"standard","meta":{"footnotes":""},"categories":[60],"tags":[21409,134,5524,21408,18032,20931,21412,14168,11726,21411,5230,19232,12459,21410,170],"class_list":["post-61308","post","type-post","status-publish","format-standard","has-post-thumbnail","hentry","category-salmonicultura","tag-asaltados","tag-camanchaca","tag-camiones","tag-carga-de-salmon","tag-conductores","tag-crimen-organizado","tag-criminales-organizados","tag-denuncias","tag-empresa","tag-escalada-de-inseguridad","tag-eventos","tag-medidas-de-seguridad","tag-preocupacion","tag-robados","tag-salmonchile"],"yoast_head":"<!-- This site is optimized with the Yoast SEO plugin v27.4 - https:\/\/yoast.com\/product\/yoast-seo-wordpress\/ -->\n<title>Dos robos\u00a0en solo dos semanas impactan el\u00a0transporte de\u00a0salm\u00f3n de\u00a0Camanchaca - Mundoacuicola<\/title>\n<meta name=\"description\" content=\"El gerente general, Ricardo Garc\u00eda Holtz, denuncia la falta de protecci\u00f3n estatal. Adem\u00e1s, el robo preocupa por la comercializaci\u00f3n ilegal.\" \/>\n<meta name=\"robots\" content=\"index, follow, max-snippet:-1, max-image-preview:large, max-video-preview:-1\" \/>\n<link rel=\"canonical\" href=\"https:\/\/www.mundoacuicola.cl\/new\/dos-robos-en-solo-dos-semanas-impactan-el-transporte-de-salmon-de-camanchaca\/\" \/>\n<meta property=\"og:locale\" content=\"es_ES\" \/>\n<meta property=\"og:type\" content=\"article\" \/>\n<meta property=\"og:title\" content=\"Dos robos\u00a0en solo dos semanas impactan el\u00a0transporte de\u00a0salm\u00f3n de\u00a0Camanchaca - Mundoacuicola\" \/>\n<meta property=\"og:description\" content=\"El gerente general, Ricardo Garc\u00eda Holtz, denuncia la falta de protecci\u00f3n estatal. Adem\u00e1s, el robo preocupa por la comercializaci\u00f3n ilegal.\" \/>\n<meta property=\"og:url\" content=\"https:\/\/www.mundoacuicola.cl\/new\/dos-robos-en-solo-dos-semanas-impactan-el-transporte-de-salmon-de-camanchaca\/\" \/>\n<meta property=\"og:site_name\" content=\"Mundoacuicola\" \/>\n<meta property=\"article:publisher\" content=\"https:\/\/www.facebook.com\/mundo.acuicola\/\" \/>\n<meta property=\"article:published_time\" content=\"2024-03-08T09:14:17+00:00\" \/>\n<meta property=\"article:modified_time\" content=\"2024-03-11T12:17:44+00:00\" \/>\n<meta property=\"og:image\" content=\"https:\/\/www.mundoacuicola.cl\/new\/wp-content\/uploads\/2022\/11\/EBITDAsalmonescamanchaca1.jpg\" \/>\n\t<meta property=\"og:image:width\" content=\"750\" \/>\n\t<meta property=\"og:image:height\" content=\"400\" \/>\n\t<meta property=\"og:image:type\" content=\"image\/jpeg\" \/>\n<meta name=\"author\" content=\"Ricardo Alvarez\" \/>\n<meta name=\"twitter:card\" content=\"summary_large_image\" \/>\n<meta name=\"twitter:creator\" content=\"@mundoacuicola\" \/>\n<meta name=\"twitter:site\" content=\"@mundoacuicola\" \/>\n<meta name=\"twitter:label1\" content=\"Escrito por\" \/>\n\t<meta name=\"twitter:data1\" content=\"Ricardo Alvarez\" \/>\n\t<meta name=\"twitter:label2\" content=\"Tiempo de lectura\" \/>\n\t<meta name=\"twitter:data2\" content=\"3 minutos\" \/>\n<script type=\"application\/ld+json\" class=\"yoast-schema-graph\">{\"@context\":\"https:\\\/\\\/schema.org\",\"@graph\":[{\"@type\":\"Article\",\"@id\":\"https:\\\/\\\/www.mundoacuicola.cl\\\/new\\\/dos-robos-en-solo-dos-semanas-impactan-el-transporte-de-salmon-de-camanchaca\\\/#article\",\"isPartOf\":{\"@id\":\"https:\\\/\\\/www.mundoacuicola.cl\\\/new\\\/dos-robos-en-solo-dos-semanas-impactan-el-transporte-de-salmon-de-camanchaca\\\/\"},\"author\":{\"name\":\"Ricardo Alvarez\",\"@id\":\"https:\\\/\\\/www.mundoacuicola.cl\\\/new\\\/#\\\/schema\\\/person\\\/52cfe7e461eb2d30484965350ee34bdd\"},\"headline\":\"Dos robos\u00a0en solo dos semanas impactan el\u00a0transporte de\u00a0salm\u00f3n de\u00a0Camanchaca\",\"datePublished\":\"2024-03-08T09:14:17+00:00\",\"dateModified\":\"2024-03-11T12:17:44+00:00\",\"mainEntityOfPage\":{\"@id\":\"https:\\\/\\\/www.mundoacuicola.cl\\\/new\\\/dos-robos-en-solo-dos-semanas-impactan-el-transporte-de-salmon-de-camanchaca\\\/\"},\"wordCount\":429,\"publisher\":{\"@id\":\"https:\\\/\\\/www.mundoacuicola.cl\\\/new\\\/#organization\"},\"image\":{\"@id\":\"https:\\\/\\\/www.mundoacuicola.cl\\\/new\\\/dos-robos-en-solo-dos-semanas-impactan-el-transporte-de-salmon-de-camanchaca\\\/#primaryimage\"},\"thumbnailUrl\":\"\",\"keywords\":[\"asaltados\",\"Camanchaca\",\"camiones\",\"carga de salm\u00f3n\",\"Conductores\",\"crimen organizado\",\"criminales organizados\",\"denuncias\",\"empresa\",\"escalada de inseguridad\",\"eventos\",\"medidas de seguridad\",\"preocupaci\u00f3n\",\"Robados\",\"Salmonchile\"],\"articleSection\":[\"Salmonicultura\"],\"inLanguage\":\"es\"},{\"@type\":\"WebPage\",\"@id\":\"https:\\\/\\\/www.mundoacuicola.cl\\\/new\\\/dos-robos-en-solo-dos-semanas-impactan-el-transporte-de-salmon-de-camanchaca\\\/\",\"url\":\"https:\\\/\\\/www.mundoacuicola.cl\\\/new\\\/dos-robos-en-solo-dos-semanas-impactan-el-transporte-de-salmon-de-camanchaca\\\/\",\"name\":\"Dos robos\u00a0en solo dos semanas impactan el\u00a0transporte de\u00a0salm\u00f3n de\u00a0Camanchaca - Mundoacuicola\",\"isPartOf\":{\"@id\":\"https:\\\/\\\/www.mundoacuicola.cl\\\/new\\\/#website\"},\"primaryImageOfPage\":{\"@id\":\"https:\\\/\\\/www.mundoacuicola.cl\\\/new\\\/dos-robos-en-solo-dos-semanas-impactan-el-transporte-de-salmon-de-camanchaca\\\/#primaryimage\"},\"image\":{\"@id\":\"https:\\\/\\\/www.mundoacuicola.cl\\\/new\\\/dos-robos-en-solo-dos-semanas-impactan-el-transporte-de-salmon-de-camanchaca\\\/#primaryimage\"},\"thumbnailUrl\":\"\",\"datePublished\":\"2024-03-08T09:14:17+00:00\",\"dateModified\":\"2024-03-11T12:17:44+00:00\",\"description\":\"El gerente general, Ricardo Garc\u00eda Holtz, denuncia la falta de protecci\u00f3n estatal. Adem\u00e1s, el robo preocupa por la comercializaci\u00f3n ilegal.\",\"breadcrumb\":{\"@id\":\"https:\\\/\\\/www.mundoacuicola.cl\\\/new\\\/dos-robos-en-solo-dos-semanas-impactan-el-transporte-de-salmon-de-camanchaca\\\/#breadcrumb\"},\"inLanguage\":\"es\",\"potentialAction\":[{\"@type\":\"ReadAction\",\"target\":[\"https:\\\/\\\/www.mundoacuicola.cl\\\/new\\\/dos-robos-en-solo-dos-semanas-impactan-el-transporte-de-salmon-de-camanchaca\\\/\"]}]},{\"@type\":\"ImageObject\",\"inLanguage\":\"es\",\"@id\":\"https:\\\/\\\/www.mundoacuicola.cl\\\/new\\\/dos-robos-en-solo-dos-semanas-impactan-el-transporte-de-salmon-de-camanchaca\\\/#primaryimage\",\"url\":\"\",\"contentUrl\":\"\"},{\"@type\":\"BreadcrumbList\",\"@id\":\"https:\\\/\\\/www.mundoacuicola.cl\\\/new\\\/dos-robos-en-solo-dos-semanas-impactan-el-transporte-de-salmon-de-camanchaca\\\/#breadcrumb\",\"itemListElement\":[{\"@type\":\"ListItem\",\"position\":1,\"name\":\"Portada\",\"item\":\"https:\\\/\\\/www.mundoacuicola.cl\\\/new\\\/\"},{\"@type\":\"ListItem\",\"position\":2,\"name\":\"Dos robos\u00a0en solo dos semanas impactan el\u00a0transporte de\u00a0salm\u00f3n de\u00a0Camanchaca\"}]},{\"@type\":\"WebSite\",\"@id\":\"https:\\\/\\\/www.mundoacuicola.cl\\\/new\\\/#website\",\"url\":\"https:\\\/\\\/www.mundoacuicola.cl\\\/new\\\/\",\"name\":\"Mundoacuicola\",\"description\":\"Revista de Acuicultura.\",\"publisher\":{\"@id\":\"https:\\\/\\\/www.mundoacuicola.cl\\\/new\\\/#organization\"},\"potentialAction\":[{\"@type\":\"SearchAction\",\"target\":{\"@type\":\"EntryPoint\",\"urlTemplate\":\"https:\\\/\\\/www.mundoacuicola.cl\\\/new\\\/?s={search_term_string}\"},\"query-input\":{\"@type\":\"PropertyValueSpecification\",\"valueRequired\":true,\"valueName\":\"search_term_string\"}}],\"inLanguage\":\"es\"},{\"@type\":\"Organization\",\"@id\":\"https:\\\/\\\/www.mundoacuicola.cl\\\/new\\\/#organization\",\"name\":\"Mundoacuicola\",\"url\":\"https:\\\/\\\/www.mundoacuicola.cl\\\/new\\\/\",\"logo\":{\"@type\":\"ImageObject\",\"inLanguage\":\"es\",\"@id\":\"https:\\\/\\\/www.mundoacuicola.cl\\\/new\\\/#\\\/schema\\\/logo\\\/image\\\/\",\"url\":\"https:\\\/\\\/www.mundoacuicola.cl\\\/new\\\/wp-content\\\/uploads\\\/2026\\\/01\\\/cropped-LOGO-Mundo-Acuicola-2026.png\",\"contentUrl\":\"https:\\\/\\\/www.mundoacuicola.cl\\\/new\\\/wp-content\\\/uploads\\\/2026\\\/01\\\/cropped-LOGO-Mundo-Acuicola-2026.png\",\"width\":1252,\"height\":296,\"caption\":\"Mundoacuicola\"},\"image\":{\"@id\":\"https:\\\/\\\/www.mundoacuicola.cl\\\/new\\\/#\\\/schema\\\/logo\\\/image\\\/\"},\"sameAs\":[\"https:\\\/\\\/www.facebook.com\\\/mundo.acuicola\\\/\",\"https:\\\/\\\/x.com\\\/mundoacuicola\",\"https:\\\/\\\/www.linkedin.com\\\/in\\\/mundo-acuicola\"]},{\"@type\":\"Person\",\"@id\":\"https:\\\/\\\/www.mundoacuicola.cl\\\/new\\\/#\\\/schema\\\/person\\\/52cfe7e461eb2d30484965350ee34bdd\",\"name\":\"Ricardo Alvarez\",\"url\":\"https:\\\/\\\/www.mundoacuicola.cl\\\/new\\\/author\\\/ricardo\\\/\"}]}<\/script>\n<!-- \/ Yoast SEO plugin. -->","yoast_head_json":{"title":"Dos robos\u00a0en solo dos semanas impactan el\u00a0transporte de\u00a0salm\u00f3n de\u00a0Camanchaca - Mundoacuicola","description":"El gerente general, Ricardo Garc\u00eda Holtz, denuncia la falta de protecci\u00f3n estatal. Adem\u00e1s, el robo preocupa por la comercializaci\u00f3n ilegal.","robots":{"index":"index","follow":"follow","max-snippet":"max-snippet:-1","max-image-preview":"max-image-preview:large","max-video-preview":"max-video-preview:-1"},"canonical":"https:\/\/www.mundoacuicola.cl\/new\/dos-robos-en-solo-dos-semanas-impactan-el-transporte-de-salmon-de-camanchaca\/","og_locale":"es_ES","og_type":"article","og_title":"Dos robos\u00a0en solo dos semanas impactan el\u00a0transporte de\u00a0salm\u00f3n de\u00a0Camanchaca - Mundoacuicola","og_description":"El gerente general, Ricardo Garc\u00eda Holtz, denuncia la falta de protecci\u00f3n estatal. Adem\u00e1s, el robo preocupa por la comercializaci\u00f3n ilegal.","og_url":"https:\/\/www.mundoacuicola.cl\/new\/dos-robos-en-solo-dos-semanas-impactan-el-transporte-de-salmon-de-camanchaca\/","og_site_name":"Mundoacuicola","article_publisher":"https:\/\/www.facebook.com\/mundo.acuicola\/","article_published_time":"2024-03-08T09:14:17+00:00","article_modified_time":"2024-03-11T12:17:44+00:00","og_image":[{"width":750,"height":400,"url":"https:\/\/www.mundoacuicola.cl\/new\/wp-content\/uploads\/2022\/11\/EBITDAsalmonescamanchaca1.jpg","type":"image\/jpeg"}],"author":"Ricardo Alvarez","twitter_card":"summary_large_image","twitter_creator":"@mundoacuicola","twitter_site":"@mundoacuicola","twitter_misc":{"Escrito por":"Ricardo Alvarez","Tiempo de lectura":"3 minutos"},"schema":{"@context":"https:\/\/schema.org","@graph":[{"@type":"Article","@id":"https:\/\/www.mundoacuicola.cl\/new\/dos-robos-en-solo-dos-semanas-impactan-el-transporte-de-salmon-de-camanchaca\/#article","isPartOf":{"@id":"https:\/\/www.mundoacuicola.cl\/new\/dos-robos-en-solo-dos-semanas-impactan-el-transporte-de-salmon-de-camanchaca\/"},"author":{"name":"Ricardo Alvarez","@id":"https:\/\/www.mundoacuicola.cl\/new\/#\/schema\/person\/52cfe7e461eb2d30484965350ee34bdd"},"headline":"Dos robos\u00a0en solo dos semanas impactan el\u00a0transporte de\u00a0salm\u00f3n de\u00a0Camanchaca","datePublished":"2024-03-08T09:14:17+00:00","dateModified":"2024-03-11T12:17:44+00:00","mainEntityOfPage":{"@id":"https:\/\/www.mundoacuicola.cl\/new\/dos-robos-en-solo-dos-semanas-impactan-el-transporte-de-salmon-de-camanchaca\/"},"wordCount":429,"publisher":{"@id":"https:\/\/www.mundoacuicola.cl\/new\/#organization"},"image":{"@id":"https:\/\/www.mundoacuicola.cl\/new\/dos-robos-en-solo-dos-semanas-impactan-el-transporte-de-salmon-de-camanchaca\/#primaryimage"},"thumbnailUrl":"","keywords":["asaltados","Camanchaca","camiones","carga de salm\u00f3n","Conductores","crimen organizado","criminales organizados","denuncias","empresa","escalada de inseguridad","eventos","medidas de seguridad","preocupaci\u00f3n","Robados","Salmonchile"],"articleSection":["Salmonicultura"],"inLanguage":"es"},{"@type":"WebPage","@id":"https:\/\/www.mundoacuicola.cl\/new\/dos-robos-en-solo-dos-semanas-impactan-el-transporte-de-salmon-de-camanchaca\/","url":"https:\/\/www.mundoacuicola.cl\/new\/dos-robos-en-solo-dos-semanas-impactan-el-transporte-de-salmon-de-camanchaca\/","name":"Dos robos\u00a0en solo dos semanas impactan el\u00a0transporte de\u00a0salm\u00f3n de\u00a0Camanchaca - Mundoacuicola","isPartOf":{"@id":"https:\/\/www.mundoacuicola.cl\/new\/#website"},"primaryImageOfPage":{"@id":"https:\/\/www.mundoacuicola.cl\/new\/dos-robos-en-solo-dos-semanas-impactan-el-transporte-de-salmon-de-camanchaca\/#primaryimage"},"image":{"@id":"https:\/\/www.mundoacuicola.cl\/new\/dos-robos-en-solo-dos-semanas-impactan-el-transporte-de-salmon-de-camanchaca\/#primaryimage"},"thumbnailUrl":"","datePublished":"2024-03-08T09:14:17+00:00","dateModified":"2024-03-11T12:17:44+00:00","description":"El gerente general, Ricardo Garc\u00eda Holtz, denuncia la falta de protecci\u00f3n estatal. Adem\u00e1s, el robo preocupa por la comercializaci\u00f3n ilegal.","breadcrumb":{"@id":"https:\/\/www.mundoacuicola.cl\/new\/dos-robos-en-solo-dos-semanas-impactan-el-transporte-de-salmon-de-camanchaca\/#breadcrumb"},"inLanguage":"es","potentialAction":[{"@type":"ReadAction","target":["https:\/\/www.mundoacuicola.cl\/new\/dos-robos-en-solo-dos-semanas-impactan-el-transporte-de-salmon-de-camanchaca\/"]}]},{"@type":"ImageObject","inLanguage":"es","@id":"https:\/\/www.mundoacuicola.cl\/new\/dos-robos-en-solo-dos-semanas-impactan-el-transporte-de-salmon-de-camanchaca\/#primaryimage","url":"","contentUrl":""},{"@type":"BreadcrumbList","@id":"https:\/\/www.mundoacuicola.cl\/new\/dos-robos-en-solo-dos-semanas-impactan-el-transporte-de-salmon-de-camanchaca\/#breadcrumb","itemListElement":[{"@type":"ListItem","position":1,"name":"Portada","item":"https:\/\/www.mundoacuicola.cl\/new\/"},{"@type":"ListItem","position":2,"name":"Dos robos\u00a0en solo dos semanas impactan el\u00a0transporte de\u00a0salm\u00f3n de\u00a0Camanchaca"}]},{"@type":"WebSite","@id":"https:\/\/www.mundoacuicola.cl\/new\/#website","url":"https:\/\/www.mundoacuicola.cl\/new\/","name":"Mundoacuicola","description":"Revista de Acuicultura.","publisher":{"@id":"https:\/\/www.mundoacuicola.cl\/new\/#organization"},"potentialAction":[{"@type":"SearchAction","target":{"@type":"EntryPoint","urlTemplate":"https:\/\/www.mundoacuicola.cl\/new\/?s={search_term_string}"},"query-input":{"@type":"PropertyValueSpecification","valueRequired":true,"valueName":"search_term_string"}}],"inLanguage":"es"},{"@type":"Organization","@id":"https:\/\/www.mundoacuicola.cl\/new\/#organization","name":"Mundoacuicola","url":"https:\/\/www.mundoacuicola.cl\/new\/","logo":{"@type":"ImageObject","inLanguage":"es","@id":"https:\/\/www.mundoacuicola.cl\/new\/#\/schema\/logo\/image\/","url":"https:\/\/www.mundoacuicola.cl\/new\/wp-content\/uploads\/2026\/01\/cropped-LOGO-Mundo-Acuicola-2026.png","contentUrl":"https:\/\/www.mundoacuicola.cl\/new\/wp-content\/uploads\/2026\/01\/cropped-LOGO-Mundo-Acuicola-2026.png","width":1252,"height":296,"caption":"Mundoacuicola"},"image":{"@id":"https:\/\/www.mundoacuicola.cl\/new\/#\/schema\/logo\/image\/"},"sameAs":["https:\/\/www.facebook.com\/mundo.acuicola\/","https:\/\/x.com\/mundoacuicola","https:\/\/www.linkedin.com\/in\/mundo-acuicola"]},{"@type":"Person","@id":"https:\/\/www.mundoacuicola.cl\/new\/#\/schema\/person\/52cfe7e461eb2d30484965350ee34bdd","name":"Ricardo Alvarez","url":"https:\/\/www.mundoacuicola.cl\/new\/author\/ricardo\/"}]}},"_links":{"self":[{"href":"https:\/\/www.mundoacuicola.cl\/new\/wp-json\/wp\/v2\/posts\/61308","targetHints":{"allow":["GET"]}}],"collection":[{"href":"https:\/\/www.mundoacuicola.cl\/new\/wp-json\/wp\/v2\/posts"}],"about":[{"href":"https:\/\/www.mundoacuicola.cl\/new\/wp-json\/wp\/v2\/types\/post"}],"author":[{"embeddable":true,"href":"https:\/\/www.mundoacuicola.cl\/new\/wp-json\/wp\/v2\/users\/8"}],"replies":[{"embeddable":true,"href":"https:\/\/www.mundoacuicola.cl\/new\/wp-json\/wp\/v2\/comments?post=61308"}],"version-history":[{"count":0,"href":"https:\/\/www.mundoacuicola.cl\/new\/wp-json\/wp\/v2\/posts\/61308\/revisions"}],"wp:featuredmedia":[{"embeddable":true,"href":"https:\/\/www.mundoacuicola.cl\/new\/wp-json\/"}],"wp:attachment":[{"href":"https:\/\/www.mundoacuicola.cl\/new\/wp-json\/wp\/v2\/media?parent=61308"}],"wp:term":[{"taxonomy":"category","embeddable":true,"href":"https:\/\/www.mundoacuicola.cl\/new\/wp-json\/wp\/v2\/categories?post=61308"},{"taxonomy":"post_tag","embeddable":true,"href":"https:\/\/www.mundoacuicola.cl\/new\/wp-json\/wp\/v2\/tags?post=61308"}],"curies":[{"name":"wp","href":"https:\/\/api.w.org\/{rel}","templated":true}]}}