{"id":61607,"date":"2024-03-18T06:29:53","date_gmt":"2024-03-18T09:29:53","guid":{"rendered":"https:\/\/www.mundoacuicola.cl\/new\/?p=61607"},"modified":"2024-03-19T09:50:41","modified_gmt":"2024-03-19T12:50:41","slug":"en-linea-edicion-160-de-revista-mundo-acuicola-especial-ad-portas-de-aquasur","status":"publish","type":"post","link":"https:\/\/www.mundoacuicola.cl\/new\/en-linea-edicion-160-de-revista-mundo-acuicola-especial-ad-portas-de-aquasur\/","title":{"rendered":"En l\u00ednea edici\u00f3n 160 de revista Mundo Acu\u00edcola, especial ad-portas AquaSur 2024"},"content":{"rendered":"<p><span style=\"font-weight: 400;\"><b><span lang=\"ES-TRAD\"><a href=\"https:\/\/www.alloyingenieria.com\/\"><img fetchpriority=\"high\" decoding=\"async\" class=\"wp-image-55815 size-full alignright\" src=\"https:\/\/www.mundoacuicola.cl\/new\/wp-content\/uploads\/2023\/09\/Gif-Alloy.gif\" alt=\"\" width=\"300\" height=\"300\" \/><\/a><\/span><\/b><\/span>Desde el 19 y hasta el jueves 21 de marzo Puerto Montt ser\u00e1 el epicentro de lo \u00faltimo en innovaci\u00f3n, servicios y tecnolog\u00eda del rubro acu\u00edcola con la XII versi\u00f3n de AquaSur, que se desarrollar\u00e1 en el nuevo recinto ferial ubicado en el Centro log\u00edstico TMP.<\/p>\n<p>Como media partner de AquaSur, adem\u00e1s de la cobertura completa del evento que ya comienza, Mundo Acu\u00edcola ha preparado un especial que corresponde a la primera edici\u00f3n 2024 de su revista digital, en la que se pueden encontrar algunos detalles de la programaci\u00f3n de la exhibici\u00f3n m\u00e1s importante del Hemisferio Sur (actividades, entrevistas a la organizaci\u00f3n de la feria, aprontes de las empresas expositoras, entre otros pormenores).<\/p>\n<p><span style=\"font-weight: 400;\"><b><span lang=\"ES-TRAD\"><strong><a href=\"https:\/\/www.mundoacuicola.cl\/medios\/?url_camp=26\" target=\"_blank\" rel=\"https:\/\/www.mundoacuicola.cl\/medios\/?url_camp=26 noopener\"><img decoding=\"async\" class=\"alignleft\" src=\"https:\/\/www.mundoacuicola.cl\/medios\/?camp=26\" alt=\"\" width=\"300\" height=\"250\" \/><\/a><\/strong><\/span><\/b><\/span>As\u00ed, el presente n\u00famero de la revista, de gran utilidad para los visitantes de AquaSur, sigue siendo de libre disposici\u00f3n y contenida en la biblioteca digital de Mundo Acu\u00edcola, en la que adem\u00e1s puede acceder a los antiguas ediciones de revista Mundo Acu\u00edcola.<\/p>\n<p>Adicionalmente, como es de costumbre, la edici\u00f3n n\u00famero 160 de Mundo Acu\u00edcola incluye lo \u00faltimo en cuanto a contingencia noticiosa del rubro salmonicultor y acu\u00edcola nacional e internacional; balances del sector y una entrevista a la Dra. Cecilia O\u00f1ate, sobre el desarrollo de un aditivo para la nutrici\u00f3n de peces con base en subproductos de la industria oliv\u00edcola.<\/p>\n<p>&nbsp;<\/p>\n","protected":false},"excerpt":{"rendered":"<p>Como media partner de AquaSur, adem\u00e1s de la cobertura completa del evento que ya comienza, Mundo Acu\u00edcola ha preparado un especial que corresponde a la primera edici\u00f3n 2024 de su revista digital.<\/p>\n","protected":false},"author":8,"featured_media":61667,"comment_status":"closed","ping_status":"closed","sticky":false,"template":"","format":"standard","meta":{"footnotes":""},"categories":[11453],"tags":[2889,16824,21491,21535,7725,5110,184,197],"class_list":["post-61607","post","type-post","status-publish","format-standard","has-post-thumbnail","hentry","category-aquasur","tag-aquasur","tag-aquasur-2024","tag-centro-logistico-tmp","tag-edicion-160","tag-hemisferio-sur","tag-revista-mundo-acuicola","tag-salmon","tag-salmonicultura"],"yoast_head":"<!-- This site is optimized with the Yoast SEO plugin v27.5 - https:\/\/yoast.com\/product\/yoast-seo-wordpress\/ -->\n<title>En l\u00ednea edici\u00f3n 160 de revista Mundo Acu\u00edcola, especial ad-portas AquaSur 2024 - Mundoacuicola<\/title>\n<meta name=\"description\" content=\"Como media partner de AquaSur, adem\u00e1s de la cobertura completa del evento que ya comienza, Mundo Acu\u00edcola ha preparado un especial.\" \/>\n<meta name=\"robots\" content=\"index, follow, max-snippet:-1, max-image-preview:large, max-video-preview:-1\" \/>\n<link rel=\"canonical\" href=\"https:\/\/www.mundoacuicola.cl\/new\/en-linea-edicion-160-de-revista-mundo-acuicola-especial-ad-portas-de-aquasur\/\" \/>\n<meta property=\"og:locale\" content=\"es_ES\" \/>\n<meta property=\"og:type\" content=\"article\" \/>\n<meta property=\"og:title\" content=\"En l\u00ednea edici\u00f3n 160 de revista Mundo Acu\u00edcola, especial ad-portas AquaSur 2024 - Mundoacuicola\" \/>\n<meta property=\"og:description\" content=\"Como media partner de AquaSur, adem\u00e1s de la cobertura completa del evento que ya comienza, Mundo Acu\u00edcola ha preparado un especial.\" \/>\n<meta property=\"og:url\" content=\"https:\/\/www.mundoacuicola.cl\/new\/en-linea-edicion-160-de-revista-mundo-acuicola-especial-ad-portas-de-aquasur\/\" \/>\n<meta property=\"og:site_name\" content=\"Mundoacuicola\" \/>\n<meta property=\"article:publisher\" content=\"https:\/\/www.facebook.com\/mundo.acuicola\/\" \/>\n<meta property=\"article:published_time\" content=\"2024-03-18T09:29:53+00:00\" \/>\n<meta property=\"article:modified_time\" content=\"2024-03-19T12:50:41+00:00\" \/>\n<meta property=\"og:image\" content=\"https:\/\/www.mundoacuicola.cl\/new\/wp-content\/uploads\/2024\/03\/PORTADA-160-652x879-001.jpg\" \/>\n\t<meta property=\"og:image:width\" content=\"652\" \/>\n\t<meta property=\"og:image:height\" content=\"879\" \/>\n\t<meta property=\"og:image:type\" content=\"image\/jpeg\" \/>\n<meta name=\"author\" content=\"Ricardo Alvarez\" \/>\n<meta name=\"twitter:card\" content=\"summary_large_image\" \/>\n<meta name=\"twitter:creator\" content=\"@mundoacuicola\" \/>\n<meta name=\"twitter:site\" content=\"@mundoacuicola\" \/>\n<meta name=\"twitter:label1\" content=\"Escrito por\" \/>\n\t<meta name=\"twitter:data1\" content=\"Ricardo Alvarez\" \/>\n\t<meta name=\"twitter:label2\" content=\"Tiempo de lectura\" \/>\n\t<meta name=\"twitter:data2\" content=\"2 minutos\" \/>\n<script type=\"application\/ld+json\" class=\"yoast-schema-graph\">{\"@context\":\"https:\\\/\\\/schema.org\",\"@graph\":[{\"@type\":\"Article\",\"@id\":\"https:\\\/\\\/www.mundoacuicola.cl\\\/new\\\/en-linea-edicion-160-de-revista-mundo-acuicola-especial-ad-portas-de-aquasur\\\/#article\",\"isPartOf\":{\"@id\":\"https:\\\/\\\/www.mundoacuicola.cl\\\/new\\\/en-linea-edicion-160-de-revista-mundo-acuicola-especial-ad-portas-de-aquasur\\\/\"},\"author\":{\"name\":\"Ricardo Alvarez\",\"@id\":\"https:\\\/\\\/www.mundoacuicola.cl\\\/new\\\/#\\\/schema\\\/person\\\/52cfe7e461eb2d30484965350ee34bdd\"},\"headline\":\"En l\u00ednea edici\u00f3n 160 de revista Mundo Acu\u00edcola, especial ad-portas AquaSur 2024\",\"datePublished\":\"2024-03-18T09:29:53+00:00\",\"dateModified\":\"2024-03-19T12:50:41+00:00\",\"mainEntityOfPage\":{\"@id\":\"https:\\\/\\\/www.mundoacuicola.cl\\\/new\\\/en-linea-edicion-160-de-revista-mundo-acuicola-especial-ad-portas-de-aquasur\\\/\"},\"wordCount\":248,\"publisher\":{\"@id\":\"https:\\\/\\\/www.mundoacuicola.cl\\\/new\\\/#organization\"},\"image\":{\"@id\":\"https:\\\/\\\/www.mundoacuicola.cl\\\/new\\\/en-linea-edicion-160-de-revista-mundo-acuicola-especial-ad-portas-de-aquasur\\\/#primaryimage\"},\"thumbnailUrl\":\"https:\\\/\\\/www.mundoacuicola.cl\\\/new\\\/wp-content\\\/uploads\\\/2024\\\/03\\\/PORTADA-160-652x879-001.jpg\",\"keywords\":[\"AquaSur\",\"AquaSur 2024\",\"Centro Log\u00edstico TMP\",\"edici\u00f3n 160\",\"Hemisferio Sur\",\"Revista Mundo Acu\u00edcola\",\"Salm\u00f3n\",\"salmonicultura\"],\"articleSection\":[\"AquaSur\"],\"inLanguage\":\"es\"},{\"@type\":\"WebPage\",\"@id\":\"https:\\\/\\\/www.mundoacuicola.cl\\\/new\\\/en-linea-edicion-160-de-revista-mundo-acuicola-especial-ad-portas-de-aquasur\\\/\",\"url\":\"https:\\\/\\\/www.mundoacuicola.cl\\\/new\\\/en-linea-edicion-160-de-revista-mundo-acuicola-especial-ad-portas-de-aquasur\\\/\",\"name\":\"En l\u00ednea edici\u00f3n 160 de revista Mundo Acu\u00edcola, especial ad-portas AquaSur 2024 - Mundoacuicola\",\"isPartOf\":{\"@id\":\"https:\\\/\\\/www.mundoacuicola.cl\\\/new\\\/#website\"},\"primaryImageOfPage\":{\"@id\":\"https:\\\/\\\/www.mundoacuicola.cl\\\/new\\\/en-linea-edicion-160-de-revista-mundo-acuicola-especial-ad-portas-de-aquasur\\\/#primaryimage\"},\"image\":{\"@id\":\"https:\\\/\\\/www.mundoacuicola.cl\\\/new\\\/en-linea-edicion-160-de-revista-mundo-acuicola-especial-ad-portas-de-aquasur\\\/#primaryimage\"},\"thumbnailUrl\":\"https:\\\/\\\/www.mundoacuicola.cl\\\/new\\\/wp-content\\\/uploads\\\/2024\\\/03\\\/PORTADA-160-652x879-001.jpg\",\"datePublished\":\"2024-03-18T09:29:53+00:00\",\"dateModified\":\"2024-03-19T12:50:41+00:00\",\"description\":\"Como media partner de AquaSur, adem\u00e1s de la cobertura completa del evento que ya comienza, Mundo Acu\u00edcola ha preparado un especial.\",\"breadcrumb\":{\"@id\":\"https:\\\/\\\/www.mundoacuicola.cl\\\/new\\\/en-linea-edicion-160-de-revista-mundo-acuicola-especial-ad-portas-de-aquasur\\\/#breadcrumb\"},\"inLanguage\":\"es\",\"potentialAction\":[{\"@type\":\"ReadAction\",\"target\":[\"https:\\\/\\\/www.mundoacuicola.cl\\\/new\\\/en-linea-edicion-160-de-revista-mundo-acuicola-especial-ad-portas-de-aquasur\\\/\"]}]},{\"@type\":\"ImageObject\",\"inLanguage\":\"es\",\"@id\":\"https:\\\/\\\/www.mundoacuicola.cl\\\/new\\\/en-linea-edicion-160-de-revista-mundo-acuicola-especial-ad-portas-de-aquasur\\\/#primaryimage\",\"url\":\"https:\\\/\\\/www.mundoacuicola.cl\\\/new\\\/wp-content\\\/uploads\\\/2024\\\/03\\\/PORTADA-160-652x879-001.jpg\",\"contentUrl\":\"https:\\\/\\\/www.mundoacuicola.cl\\\/new\\\/wp-content\\\/uploads\\\/2024\\\/03\\\/PORTADA-160-652x879-001.jpg\",\"width\":652,\"height\":879},{\"@type\":\"BreadcrumbList\",\"@id\":\"https:\\\/\\\/www.mundoacuicola.cl\\\/new\\\/en-linea-edicion-160-de-revista-mundo-acuicola-especial-ad-portas-de-aquasur\\\/#breadcrumb\",\"itemListElement\":[{\"@type\":\"ListItem\",\"position\":1,\"name\":\"Portada\",\"item\":\"https:\\\/\\\/www.mundoacuicola.cl\\\/new\\\/\"},{\"@type\":\"ListItem\",\"position\":2,\"name\":\"En l\u00ednea edici\u00f3n 160 de revista Mundo Acu\u00edcola, especial ad-portas AquaSur 2024\"}]},{\"@type\":\"WebSite\",\"@id\":\"https:\\\/\\\/www.mundoacuicola.cl\\\/new\\\/#website\",\"url\":\"https:\\\/\\\/www.mundoacuicola.cl\\\/new\\\/\",\"name\":\"Mundoacuicola\",\"description\":\"Revista de Acuicultura.\",\"publisher\":{\"@id\":\"https:\\\/\\\/www.mundoacuicola.cl\\\/new\\\/#organization\"},\"potentialAction\":[{\"@type\":\"SearchAction\",\"target\":{\"@type\":\"EntryPoint\",\"urlTemplate\":\"https:\\\/\\\/www.mundoacuicola.cl\\\/new\\\/?s={search_term_string}\"},\"query-input\":{\"@type\":\"PropertyValueSpecification\",\"valueRequired\":true,\"valueName\":\"search_term_string\"}}],\"inLanguage\":\"es\"},{\"@type\":\"Organization\",\"@id\":\"https:\\\/\\\/www.mundoacuicola.cl\\\/new\\\/#organization\",\"name\":\"Mundoacuicola\",\"url\":\"https:\\\/\\\/www.mundoacuicola.cl\\\/new\\\/\",\"logo\":{\"@type\":\"ImageObject\",\"inLanguage\":\"es\",\"@id\":\"https:\\\/\\\/www.mundoacuicola.cl\\\/new\\\/#\\\/schema\\\/logo\\\/image\\\/\",\"url\":\"https:\\\/\\\/www.mundoacuicola.cl\\\/new\\\/wp-content\\\/uploads\\\/2026\\\/01\\\/cropped-LOGO-Mundo-Acuicola-2026.png\",\"contentUrl\":\"https:\\\/\\\/www.mundoacuicola.cl\\\/new\\\/wp-content\\\/uploads\\\/2026\\\/01\\\/cropped-LOGO-Mundo-Acuicola-2026.png\",\"width\":1252,\"height\":296,\"caption\":\"Mundoacuicola\"},\"image\":{\"@id\":\"https:\\\/\\\/www.mundoacuicola.cl\\\/new\\\/#\\\/schema\\\/logo\\\/image\\\/\"},\"sameAs\":[\"https:\\\/\\\/www.facebook.com\\\/mundo.acuicola\\\/\",\"https:\\\/\\\/x.com\\\/mundoacuicola\",\"https:\\\/\\\/www.linkedin.com\\\/in\\\/mundo-acuicola\"]},{\"@type\":\"Person\",\"@id\":\"https:\\\/\\\/www.mundoacuicola.cl\\\/new\\\/#\\\/schema\\\/person\\\/52cfe7e461eb2d30484965350ee34bdd\",\"name\":\"Ricardo Alvarez\",\"url\":\"https:\\\/\\\/www.mundoacuicola.cl\\\/new\\\/author\\\/ricardo\\\/\"}]}<\/script>\n<!-- \/ Yoast SEO plugin. -->","yoast_head_json":{"title":"En l\u00ednea edici\u00f3n 160 de revista Mundo Acu\u00edcola, especial ad-portas AquaSur 2024 - Mundoacuicola","description":"Como media partner de AquaSur, adem\u00e1s de la cobertura completa del evento que ya comienza, Mundo Acu\u00edcola ha preparado un especial.","robots":{"index":"index","follow":"follow","max-snippet":"max-snippet:-1","max-image-preview":"max-image-preview:large","max-video-preview":"max-video-preview:-1"},"canonical":"https:\/\/www.mundoacuicola.cl\/new\/en-linea-edicion-160-de-revista-mundo-acuicola-especial-ad-portas-de-aquasur\/","og_locale":"es_ES","og_type":"article","og_title":"En l\u00ednea edici\u00f3n 160 de revista Mundo Acu\u00edcola, especial ad-portas AquaSur 2024 - Mundoacuicola","og_description":"Como media partner de AquaSur, adem\u00e1s de la cobertura completa del evento que ya comienza, Mundo Acu\u00edcola ha preparado un especial.","og_url":"https:\/\/www.mundoacuicola.cl\/new\/en-linea-edicion-160-de-revista-mundo-acuicola-especial-ad-portas-de-aquasur\/","og_site_name":"Mundoacuicola","article_publisher":"https:\/\/www.facebook.com\/mundo.acuicola\/","article_published_time":"2024-03-18T09:29:53+00:00","article_modified_time":"2024-03-19T12:50:41+00:00","og_image":[{"width":652,"height":879,"url":"https:\/\/www.mundoacuicola.cl\/new\/wp-content\/uploads\/2024\/03\/PORTADA-160-652x879-001.jpg","type":"image\/jpeg"}],"author":"Ricardo Alvarez","twitter_card":"summary_large_image","twitter_creator":"@mundoacuicola","twitter_site":"@mundoacuicola","twitter_misc":{"Escrito por":"Ricardo Alvarez","Tiempo de lectura":"2 minutos"},"schema":{"@context":"https:\/\/schema.org","@graph":[{"@type":"Article","@id":"https:\/\/www.mundoacuicola.cl\/new\/en-linea-edicion-160-de-revista-mundo-acuicola-especial-ad-portas-de-aquasur\/#article","isPartOf":{"@id":"https:\/\/www.mundoacuicola.cl\/new\/en-linea-edicion-160-de-revista-mundo-acuicola-especial-ad-portas-de-aquasur\/"},"author":{"name":"Ricardo Alvarez","@id":"https:\/\/www.mundoacuicola.cl\/new\/#\/schema\/person\/52cfe7e461eb2d30484965350ee34bdd"},"headline":"En l\u00ednea edici\u00f3n 160 de revista Mundo Acu\u00edcola, especial ad-portas AquaSur 2024","datePublished":"2024-03-18T09:29:53+00:00","dateModified":"2024-03-19T12:50:41+00:00","mainEntityOfPage":{"@id":"https:\/\/www.mundoacuicola.cl\/new\/en-linea-edicion-160-de-revista-mundo-acuicola-especial-ad-portas-de-aquasur\/"},"wordCount":248,"publisher":{"@id":"https:\/\/www.mundoacuicola.cl\/new\/#organization"},"image":{"@id":"https:\/\/www.mundoacuicola.cl\/new\/en-linea-edicion-160-de-revista-mundo-acuicola-especial-ad-portas-de-aquasur\/#primaryimage"},"thumbnailUrl":"https:\/\/www.mundoacuicola.cl\/new\/wp-content\/uploads\/2024\/03\/PORTADA-160-652x879-001.jpg","keywords":["AquaSur","AquaSur 2024","Centro Log\u00edstico TMP","edici\u00f3n 160","Hemisferio Sur","Revista Mundo Acu\u00edcola","Salm\u00f3n","salmonicultura"],"articleSection":["AquaSur"],"inLanguage":"es"},{"@type":"WebPage","@id":"https:\/\/www.mundoacuicola.cl\/new\/en-linea-edicion-160-de-revista-mundo-acuicola-especial-ad-portas-de-aquasur\/","url":"https:\/\/www.mundoacuicola.cl\/new\/en-linea-edicion-160-de-revista-mundo-acuicola-especial-ad-portas-de-aquasur\/","name":"En l\u00ednea edici\u00f3n 160 de revista Mundo Acu\u00edcola, especial ad-portas AquaSur 2024 - Mundoacuicola","isPartOf":{"@id":"https:\/\/www.mundoacuicola.cl\/new\/#website"},"primaryImageOfPage":{"@id":"https:\/\/www.mundoacuicola.cl\/new\/en-linea-edicion-160-de-revista-mundo-acuicola-especial-ad-portas-de-aquasur\/#primaryimage"},"image":{"@id":"https:\/\/www.mundoacuicola.cl\/new\/en-linea-edicion-160-de-revista-mundo-acuicola-especial-ad-portas-de-aquasur\/#primaryimage"},"thumbnailUrl":"https:\/\/www.mundoacuicola.cl\/new\/wp-content\/uploads\/2024\/03\/PORTADA-160-652x879-001.jpg","datePublished":"2024-03-18T09:29:53+00:00","dateModified":"2024-03-19T12:50:41+00:00","description":"Como media partner de AquaSur, adem\u00e1s de la cobertura completa del evento que ya comienza, Mundo Acu\u00edcola ha preparado un especial.","breadcrumb":{"@id":"https:\/\/www.mundoacuicola.cl\/new\/en-linea-edicion-160-de-revista-mundo-acuicola-especial-ad-portas-de-aquasur\/#breadcrumb"},"inLanguage":"es","potentialAction":[{"@type":"ReadAction","target":["https:\/\/www.mundoacuicola.cl\/new\/en-linea-edicion-160-de-revista-mundo-acuicola-especial-ad-portas-de-aquasur\/"]}]},{"@type":"ImageObject","inLanguage":"es","@id":"https:\/\/www.mundoacuicola.cl\/new\/en-linea-edicion-160-de-revista-mundo-acuicola-especial-ad-portas-de-aquasur\/#primaryimage","url":"https:\/\/www.mundoacuicola.cl\/new\/wp-content\/uploads\/2024\/03\/PORTADA-160-652x879-001.jpg","contentUrl":"https:\/\/www.mundoacuicola.cl\/new\/wp-content\/uploads\/2024\/03\/PORTADA-160-652x879-001.jpg","width":652,"height":879},{"@type":"BreadcrumbList","@id":"https:\/\/www.mundoacuicola.cl\/new\/en-linea-edicion-160-de-revista-mundo-acuicola-especial-ad-portas-de-aquasur\/#breadcrumb","itemListElement":[{"@type":"ListItem","position":1,"name":"Portada","item":"https:\/\/www.mundoacuicola.cl\/new\/"},{"@type":"ListItem","position":2,"name":"En l\u00ednea edici\u00f3n 160 de revista Mundo Acu\u00edcola, especial ad-portas AquaSur 2024"}]},{"@type":"WebSite","@id":"https:\/\/www.mundoacuicola.cl\/new\/#website","url":"https:\/\/www.mundoacuicola.cl\/new\/","name":"Mundoacuicola","description":"Revista de Acuicultura.","publisher":{"@id":"https:\/\/www.mundoacuicola.cl\/new\/#organization"},"potentialAction":[{"@type":"SearchAction","target":{"@type":"EntryPoint","urlTemplate":"https:\/\/www.mundoacuicola.cl\/new\/?s={search_term_string}"},"query-input":{"@type":"PropertyValueSpecification","valueRequired":true,"valueName":"search_term_string"}}],"inLanguage":"es"},{"@type":"Organization","@id":"https:\/\/www.mundoacuicola.cl\/new\/#organization","name":"Mundoacuicola","url":"https:\/\/www.mundoacuicola.cl\/new\/","logo":{"@type":"ImageObject","inLanguage":"es","@id":"https:\/\/www.mundoacuicola.cl\/new\/#\/schema\/logo\/image\/","url":"https:\/\/www.mundoacuicola.cl\/new\/wp-content\/uploads\/2026\/01\/cropped-LOGO-Mundo-Acuicola-2026.png","contentUrl":"https:\/\/www.mundoacuicola.cl\/new\/wp-content\/uploads\/2026\/01\/cropped-LOGO-Mundo-Acuicola-2026.png","width":1252,"height":296,"caption":"Mundoacuicola"},"image":{"@id":"https:\/\/www.mundoacuicola.cl\/new\/#\/schema\/logo\/image\/"},"sameAs":["https:\/\/www.facebook.com\/mundo.acuicola\/","https:\/\/x.com\/mundoacuicola","https:\/\/www.linkedin.com\/in\/mundo-acuicola"]},{"@type":"Person","@id":"https:\/\/www.mundoacuicola.cl\/new\/#\/schema\/person\/52cfe7e461eb2d30484965350ee34bdd","name":"Ricardo Alvarez","url":"https:\/\/www.mundoacuicola.cl\/new\/author\/ricardo\/"}]}},"_links":{"self":[{"href":"https:\/\/www.mundoacuicola.cl\/new\/wp-json\/wp\/v2\/posts\/61607","targetHints":{"allow":["GET"]}}],"collection":[{"href":"https:\/\/www.mundoacuicola.cl\/new\/wp-json\/wp\/v2\/posts"}],"about":[{"href":"https:\/\/www.mundoacuicola.cl\/new\/wp-json\/wp\/v2\/types\/post"}],"author":[{"embeddable":true,"href":"https:\/\/www.mundoacuicola.cl\/new\/wp-json\/wp\/v2\/users\/8"}],"replies":[{"embeddable":true,"href":"https:\/\/www.mundoacuicola.cl\/new\/wp-json\/wp\/v2\/comments?post=61607"}],"version-history":[{"count":0,"href":"https:\/\/www.mundoacuicola.cl\/new\/wp-json\/wp\/v2\/posts\/61607\/revisions"}],"wp:featuredmedia":[{"embeddable":true,"href":"https:\/\/www.mundoacuicola.cl\/new\/wp-json\/wp\/v2\/media\/61667"}],"wp:attachment":[{"href":"https:\/\/www.mundoacuicola.cl\/new\/wp-json\/wp\/v2\/media?parent=61607"}],"wp:term":[{"taxonomy":"category","embeddable":true,"href":"https:\/\/www.mundoacuicola.cl\/new\/wp-json\/wp\/v2\/categories?post=61607"},{"taxonomy":"post_tag","embeddable":true,"href":"https:\/\/www.mundoacuicola.cl\/new\/wp-json\/wp\/v2\/tags?post=61607"}],"curies":[{"name":"wp","href":"https:\/\/api.w.org\/{rel}","templated":true}]}}