{"id":62155,"date":"2024-04-03T06:04:30","date_gmt":"2024-04-03T09:04:30","guid":{"rendered":"https:\/\/www.mundoacuicola.cl\/new\/?p=62155"},"modified":"2024-04-04T07:07:57","modified_gmt":"2024-04-04T10:07:57","slug":"50-mujeres-lideres-de-la-comuna-de-tome-fueron-reconocidas","status":"publish","type":"post","link":"https:\/\/www.mundoacuicola.cl\/new\/50-mujeres-lideres-de-la-comuna-de-tome-fueron-reconocidas\/","title":{"rendered":"50 Mujeres L\u00edderes de la comuna de Tom\u00e9 fueron reconocidas"},"content":{"rendered":"<p><span style=\"font-weight: 400;\"><b><span lang=\"ES-TRAD\"><a href=\"https:\/\/www.alloyingenieria.com\/\"><img fetchpriority=\"high\" decoding=\"async\" class=\"wp-image-55815 size-full alignright\" src=\"https:\/\/www.mundoacuicola.cl\/new\/wp-content\/uploads\/2023\/09\/Gif-Alloy.gif\" alt=\"\" width=\"300\" height=\"300\" \/><\/a><\/span><\/b>En el marco de la conmemoraci\u00f3n del mes de la mujer durante el mes de marzo, junto a la Cooperativa de Turismo Borde Costero Tom\u00e9, se realiz\u00f3 una importante actividad de reconocimiento a distintas mujeres destacadas de la comuna, principalmente del sector Dichato.\u00a0<\/span><\/p>\n<p><span style=\"font-weight: 400;\">Una de las\u00a0 mujeres destacadas fue la alcaldesa tomecina, Ivonne Rivas, quien destac\u00f3 la importancia de la alianza p\u00fablico privada con Camanchaca en beneficio de los vecinos de la comuna. Para ella, \u201cesta fue una actividad muy importante y emotiva, donde no esperaba ser reconocida. Espero que esta unidad entre diferentes actores sea algo que perdure en el tiempo, ya que es s\u00faper importante para el desarrollo de esta comunidad\u201d.<\/span><\/p>\n<p><span style=\"font-weight: 400;\">Adem\u00e1s de la jefa comunal, fueron reconocidas 49 mujeres, entre ellas dirigentas sociales y deportivas, bomberas, carabineras, entre otras, de localidades como Dichato, Coliumo, Cocholgue y Menque, por nombrar algunas. Al respecto, Elsa Jara, presidenta del Club Deportivo Hurac\u00e1n <b><span lang=\"ES-TRAD\"><strong><a href=\"https:\/\/www.mundoacuicola.cl\/medios\/?url_camp=26\" target=\"_blank\" rel=\"https:\/\/www.mundoacuicola.cl\/medios\/?url_camp=26 noopener\"><img decoding=\"async\" class=\"alignleft\" src=\"https:\/\/www.mundoacuicola.cl\/medios\/?camp=26\" alt=\"\" width=\"300\" height=\"250\" \/><\/a><\/strong><\/span><\/b>(f\u00fatbol femenino) declar\u00f3 estar \u201corgullosa de lo que hago, me pone contenta esta ocasi\u00f3n. Es importante destacar a las mujeres en vida, enfocarse en sus habilidades, el esfuerzo y demostrando que s\u00ed se puede lograr lo que se propongan\u201d.<\/span><\/p>\n<p><span style=\"font-weight: 400;\">Para finalizar, Jorge Vergara, gerente de Procesos en Planta Tom\u00e9 de Camanchaca S.A., explic\u00f3 que \u201cpara nosotros es muy importante como Compa\u00f1\u00eda destacar a la mujer y apoyarla en los diferentes aportes que realizan en nuestra comuna, ya que entendemos la multiplicidad de roles y dimensiones donde se desarrollan, siendo un importante motor de progreso hist\u00f3rico en nuestro territorio\u201d.<\/span><\/p>\n","protected":false},"excerpt":{"rendered":"<p>Una de las\u00a0 mujeres destacadas fue la alcaldesa tomecina, Ivonne Rivas, quien destac\u00f3 la importancia de la alianza p\u00fablico privada con Camanchaca en beneficio de los vecinos de la comuna.<\/p>\n","protected":false},"author":8,"featured_media":62164,"comment_status":"closed","ping_status":"closed","sticky":false,"template":"","format":"standard","meta":{"footnotes":""},"categories":[2],"tags":[21748,21751,21749,21750,21754,21752,1095,21753],"class_list":["post-62155","post","type-post","status-publish","format-standard","has-post-thumbnail","hentry","category-negocios","tag-50-mujeres-lideres","tag-alcaldesa-tomecina","tag-comuna-de-tome","tag-cooperativa-de-turismo-borde-costero-tome","tag-gerente-de-procesos","tag-ivonne-rivas","tag-jorge-vergara","tag-planta-tome-de-camanchaca"],"yoast_head":"<!-- This site is optimized with the Yoast SEO plugin v27.5 - https:\/\/yoast.com\/product\/yoast-seo-wordpress\/ -->\n<title>50 Mujeres L\u00edderes de la comuna de Tom\u00e9 fueron reconocidas - Mundoacuicola<\/title>\n<meta name=\"description\" content=\"Una de las\u00a0 mujeres destacadas fue la alcaldesa tomecina, quien destac\u00f3 la importancia de la alianza p\u00fablico privada con Camanchaca.\" \/>\n<meta name=\"robots\" content=\"index, follow, max-snippet:-1, max-image-preview:large, max-video-preview:-1\" \/>\n<link rel=\"canonical\" href=\"https:\/\/www.mundoacuicola.cl\/new\/50-mujeres-lideres-de-la-comuna-de-tome-fueron-reconocidas\/\" \/>\n<meta property=\"og:locale\" content=\"es_ES\" \/>\n<meta property=\"og:type\" content=\"article\" \/>\n<meta property=\"og:title\" content=\"50 Mujeres L\u00edderes de la comuna de Tom\u00e9 fueron reconocidas - Mundoacuicola\" \/>\n<meta property=\"og:description\" content=\"Una de las\u00a0 mujeres destacadas fue la alcaldesa tomecina, quien destac\u00f3 la importancia de la alianza p\u00fablico privada con Camanchaca.\" \/>\n<meta property=\"og:url\" content=\"https:\/\/www.mundoacuicola.cl\/new\/50-mujeres-lideres-de-la-comuna-de-tome-fueron-reconocidas\/\" \/>\n<meta property=\"og:site_name\" content=\"Mundoacuicola\" \/>\n<meta property=\"article:publisher\" content=\"https:\/\/www.facebook.com\/mundo.acuicola\/\" \/>\n<meta property=\"article:published_time\" content=\"2024-04-03T09:04:30+00:00\" \/>\n<meta property=\"article:modified_time\" content=\"2024-04-04T10:07:57+00:00\" \/>\n<meta property=\"og:image\" content=\"https:\/\/www.mundoacuicola.cl\/new\/wp-content\/uploads\/2024\/04\/CamanchacaMujeresDichato.jpg\" \/>\n\t<meta property=\"og:image:width\" content=\"750\" \/>\n\t<meta property=\"og:image:height\" content=\"400\" \/>\n\t<meta property=\"og:image:type\" content=\"image\/jpeg\" \/>\n<meta name=\"author\" content=\"Ricardo Alvarez\" \/>\n<meta name=\"twitter:card\" content=\"summary_large_image\" \/>\n<meta name=\"twitter:creator\" content=\"@mundoacuicola\" \/>\n<meta name=\"twitter:site\" content=\"@mundoacuicola\" \/>\n<meta name=\"twitter:label1\" content=\"Escrito por\" \/>\n\t<meta name=\"twitter:data1\" content=\"Ricardo Alvarez\" \/>\n\t<meta name=\"twitter:label2\" content=\"Tiempo de lectura\" \/>\n\t<meta name=\"twitter:data2\" content=\"2 minutos\" \/>\n<script type=\"application\/ld+json\" class=\"yoast-schema-graph\">{\"@context\":\"https:\\\/\\\/schema.org\",\"@graph\":[{\"@type\":\"Article\",\"@id\":\"https:\\\/\\\/www.mundoacuicola.cl\\\/new\\\/50-mujeres-lideres-de-la-comuna-de-tome-fueron-reconocidas\\\/#article\",\"isPartOf\":{\"@id\":\"https:\\\/\\\/www.mundoacuicola.cl\\\/new\\\/50-mujeres-lideres-de-la-comuna-de-tome-fueron-reconocidas\\\/\"},\"author\":{\"name\":\"Ricardo Alvarez\",\"@id\":\"https:\\\/\\\/www.mundoacuicola.cl\\\/new\\\/#\\\/schema\\\/person\\\/52cfe7e461eb2d30484965350ee34bdd\"},\"headline\":\"50 Mujeres L\u00edderes de la comuna de Tom\u00e9 fueron reconocidas\",\"datePublished\":\"2024-04-03T09:04:30+00:00\",\"dateModified\":\"2024-04-04T10:07:57+00:00\",\"mainEntityOfPage\":{\"@id\":\"https:\\\/\\\/www.mundoacuicola.cl\\\/new\\\/50-mujeres-lideres-de-la-comuna-de-tome-fueron-reconocidas\\\/\"},\"wordCount\":269,\"publisher\":{\"@id\":\"https:\\\/\\\/www.mundoacuicola.cl\\\/new\\\/#organization\"},\"image\":{\"@id\":\"https:\\\/\\\/www.mundoacuicola.cl\\\/new\\\/50-mujeres-lideres-de-la-comuna-de-tome-fueron-reconocidas\\\/#primaryimage\"},\"thumbnailUrl\":\"https:\\\/\\\/www.mundoacuicola.cl\\\/new\\\/wp-content\\\/uploads\\\/2024\\\/04\\\/CamanchacaMujeresDichato.jpg\",\"keywords\":[\"50 Mujeres L\u00edderes\",\"alcaldesa tomecina\",\"comuna de Tom\u00e9\",\"Cooperativa de Turismo Borde Costero Tom\u00e9\",\"gerente de Procesos\",\"Ivonne Rivas\",\"Jorge Vergara\",\"Planta Tom\u00e9 de Camanchaca\"],\"articleSection\":[\"Negocios\"],\"inLanguage\":\"es\"},{\"@type\":\"WebPage\",\"@id\":\"https:\\\/\\\/www.mundoacuicola.cl\\\/new\\\/50-mujeres-lideres-de-la-comuna-de-tome-fueron-reconocidas\\\/\",\"url\":\"https:\\\/\\\/www.mundoacuicola.cl\\\/new\\\/50-mujeres-lideres-de-la-comuna-de-tome-fueron-reconocidas\\\/\",\"name\":\"50 Mujeres L\u00edderes de la comuna de Tom\u00e9 fueron reconocidas - Mundoacuicola\",\"isPartOf\":{\"@id\":\"https:\\\/\\\/www.mundoacuicola.cl\\\/new\\\/#website\"},\"primaryImageOfPage\":{\"@id\":\"https:\\\/\\\/www.mundoacuicola.cl\\\/new\\\/50-mujeres-lideres-de-la-comuna-de-tome-fueron-reconocidas\\\/#primaryimage\"},\"image\":{\"@id\":\"https:\\\/\\\/www.mundoacuicola.cl\\\/new\\\/50-mujeres-lideres-de-la-comuna-de-tome-fueron-reconocidas\\\/#primaryimage\"},\"thumbnailUrl\":\"https:\\\/\\\/www.mundoacuicola.cl\\\/new\\\/wp-content\\\/uploads\\\/2024\\\/04\\\/CamanchacaMujeresDichato.jpg\",\"datePublished\":\"2024-04-03T09:04:30+00:00\",\"dateModified\":\"2024-04-04T10:07:57+00:00\",\"description\":\"Una de las\u00a0 mujeres destacadas fue la alcaldesa tomecina, quien destac\u00f3 la importancia de la alianza p\u00fablico privada con Camanchaca.\",\"breadcrumb\":{\"@id\":\"https:\\\/\\\/www.mundoacuicola.cl\\\/new\\\/50-mujeres-lideres-de-la-comuna-de-tome-fueron-reconocidas\\\/#breadcrumb\"},\"inLanguage\":\"es\",\"potentialAction\":[{\"@type\":\"ReadAction\",\"target\":[\"https:\\\/\\\/www.mundoacuicola.cl\\\/new\\\/50-mujeres-lideres-de-la-comuna-de-tome-fueron-reconocidas\\\/\"]}]},{\"@type\":\"ImageObject\",\"inLanguage\":\"es\",\"@id\":\"https:\\\/\\\/www.mundoacuicola.cl\\\/new\\\/50-mujeres-lideres-de-la-comuna-de-tome-fueron-reconocidas\\\/#primaryimage\",\"url\":\"https:\\\/\\\/www.mundoacuicola.cl\\\/new\\\/wp-content\\\/uploads\\\/2024\\\/04\\\/CamanchacaMujeresDichato.jpg\",\"contentUrl\":\"https:\\\/\\\/www.mundoacuicola.cl\\\/new\\\/wp-content\\\/uploads\\\/2024\\\/04\\\/CamanchacaMujeresDichato.jpg\",\"width\":750,\"height\":400},{\"@type\":\"BreadcrumbList\",\"@id\":\"https:\\\/\\\/www.mundoacuicola.cl\\\/new\\\/50-mujeres-lideres-de-la-comuna-de-tome-fueron-reconocidas\\\/#breadcrumb\",\"itemListElement\":[{\"@type\":\"ListItem\",\"position\":1,\"name\":\"Portada\",\"item\":\"https:\\\/\\\/www.mundoacuicola.cl\\\/new\\\/\"},{\"@type\":\"ListItem\",\"position\":2,\"name\":\"50 Mujeres L\u00edderes de la comuna de Tom\u00e9 fueron reconocidas\"}]},{\"@type\":\"WebSite\",\"@id\":\"https:\\\/\\\/www.mundoacuicola.cl\\\/new\\\/#website\",\"url\":\"https:\\\/\\\/www.mundoacuicola.cl\\\/new\\\/\",\"name\":\"Mundoacuicola\",\"description\":\"Revista de Acuicultura.\",\"publisher\":{\"@id\":\"https:\\\/\\\/www.mundoacuicola.cl\\\/new\\\/#organization\"},\"potentialAction\":[{\"@type\":\"SearchAction\",\"target\":{\"@type\":\"EntryPoint\",\"urlTemplate\":\"https:\\\/\\\/www.mundoacuicola.cl\\\/new\\\/?s={search_term_string}\"},\"query-input\":{\"@type\":\"PropertyValueSpecification\",\"valueRequired\":true,\"valueName\":\"search_term_string\"}}],\"inLanguage\":\"es\"},{\"@type\":\"Organization\",\"@id\":\"https:\\\/\\\/www.mundoacuicola.cl\\\/new\\\/#organization\",\"name\":\"Mundoacuicola\",\"url\":\"https:\\\/\\\/www.mundoacuicola.cl\\\/new\\\/\",\"logo\":{\"@type\":\"ImageObject\",\"inLanguage\":\"es\",\"@id\":\"https:\\\/\\\/www.mundoacuicola.cl\\\/new\\\/#\\\/schema\\\/logo\\\/image\\\/\",\"url\":\"https:\\\/\\\/www.mundoacuicola.cl\\\/new\\\/wp-content\\\/uploads\\\/2026\\\/01\\\/cropped-LOGO-Mundo-Acuicola-2026.png\",\"contentUrl\":\"https:\\\/\\\/www.mundoacuicola.cl\\\/new\\\/wp-content\\\/uploads\\\/2026\\\/01\\\/cropped-LOGO-Mundo-Acuicola-2026.png\",\"width\":1252,\"height\":296,\"caption\":\"Mundoacuicola\"},\"image\":{\"@id\":\"https:\\\/\\\/www.mundoacuicola.cl\\\/new\\\/#\\\/schema\\\/logo\\\/image\\\/\"},\"sameAs\":[\"https:\\\/\\\/www.facebook.com\\\/mundo.acuicola\\\/\",\"https:\\\/\\\/x.com\\\/mundoacuicola\",\"https:\\\/\\\/www.linkedin.com\\\/in\\\/mundo-acuicola\"]},{\"@type\":\"Person\",\"@id\":\"https:\\\/\\\/www.mundoacuicola.cl\\\/new\\\/#\\\/schema\\\/person\\\/52cfe7e461eb2d30484965350ee34bdd\",\"name\":\"Ricardo Alvarez\",\"url\":\"https:\\\/\\\/www.mundoacuicola.cl\\\/new\\\/author\\\/ricardo\\\/\"}]}<\/script>\n<!-- \/ Yoast SEO plugin. -->","yoast_head_json":{"title":"50 Mujeres L\u00edderes de la comuna de Tom\u00e9 fueron reconocidas - Mundoacuicola","description":"Una de las\u00a0 mujeres destacadas fue la alcaldesa tomecina, quien destac\u00f3 la importancia de la alianza p\u00fablico privada con Camanchaca.","robots":{"index":"index","follow":"follow","max-snippet":"max-snippet:-1","max-image-preview":"max-image-preview:large","max-video-preview":"max-video-preview:-1"},"canonical":"https:\/\/www.mundoacuicola.cl\/new\/50-mujeres-lideres-de-la-comuna-de-tome-fueron-reconocidas\/","og_locale":"es_ES","og_type":"article","og_title":"50 Mujeres L\u00edderes de la comuna de Tom\u00e9 fueron reconocidas - Mundoacuicola","og_description":"Una de las\u00a0 mujeres destacadas fue la alcaldesa tomecina, quien destac\u00f3 la importancia de la alianza p\u00fablico privada con Camanchaca.","og_url":"https:\/\/www.mundoacuicola.cl\/new\/50-mujeres-lideres-de-la-comuna-de-tome-fueron-reconocidas\/","og_site_name":"Mundoacuicola","article_publisher":"https:\/\/www.facebook.com\/mundo.acuicola\/","article_published_time":"2024-04-03T09:04:30+00:00","article_modified_time":"2024-04-04T10:07:57+00:00","og_image":[{"width":750,"height":400,"url":"https:\/\/www.mundoacuicola.cl\/new\/wp-content\/uploads\/2024\/04\/CamanchacaMujeresDichato.jpg","type":"image\/jpeg"}],"author":"Ricardo Alvarez","twitter_card":"summary_large_image","twitter_creator":"@mundoacuicola","twitter_site":"@mundoacuicola","twitter_misc":{"Escrito por":"Ricardo Alvarez","Tiempo de lectura":"2 minutos"},"schema":{"@context":"https:\/\/schema.org","@graph":[{"@type":"Article","@id":"https:\/\/www.mundoacuicola.cl\/new\/50-mujeres-lideres-de-la-comuna-de-tome-fueron-reconocidas\/#article","isPartOf":{"@id":"https:\/\/www.mundoacuicola.cl\/new\/50-mujeres-lideres-de-la-comuna-de-tome-fueron-reconocidas\/"},"author":{"name":"Ricardo Alvarez","@id":"https:\/\/www.mundoacuicola.cl\/new\/#\/schema\/person\/52cfe7e461eb2d30484965350ee34bdd"},"headline":"50 Mujeres L\u00edderes de la comuna de Tom\u00e9 fueron reconocidas","datePublished":"2024-04-03T09:04:30+00:00","dateModified":"2024-04-04T10:07:57+00:00","mainEntityOfPage":{"@id":"https:\/\/www.mundoacuicola.cl\/new\/50-mujeres-lideres-de-la-comuna-de-tome-fueron-reconocidas\/"},"wordCount":269,"publisher":{"@id":"https:\/\/www.mundoacuicola.cl\/new\/#organization"},"image":{"@id":"https:\/\/www.mundoacuicola.cl\/new\/50-mujeres-lideres-de-la-comuna-de-tome-fueron-reconocidas\/#primaryimage"},"thumbnailUrl":"https:\/\/www.mundoacuicola.cl\/new\/wp-content\/uploads\/2024\/04\/CamanchacaMujeresDichato.jpg","keywords":["50 Mujeres L\u00edderes","alcaldesa tomecina","comuna de Tom\u00e9","Cooperativa de Turismo Borde Costero Tom\u00e9","gerente de Procesos","Ivonne Rivas","Jorge Vergara","Planta Tom\u00e9 de Camanchaca"],"articleSection":["Negocios"],"inLanguage":"es"},{"@type":"WebPage","@id":"https:\/\/www.mundoacuicola.cl\/new\/50-mujeres-lideres-de-la-comuna-de-tome-fueron-reconocidas\/","url":"https:\/\/www.mundoacuicola.cl\/new\/50-mujeres-lideres-de-la-comuna-de-tome-fueron-reconocidas\/","name":"50 Mujeres L\u00edderes de la comuna de Tom\u00e9 fueron reconocidas - Mundoacuicola","isPartOf":{"@id":"https:\/\/www.mundoacuicola.cl\/new\/#website"},"primaryImageOfPage":{"@id":"https:\/\/www.mundoacuicola.cl\/new\/50-mujeres-lideres-de-la-comuna-de-tome-fueron-reconocidas\/#primaryimage"},"image":{"@id":"https:\/\/www.mundoacuicola.cl\/new\/50-mujeres-lideres-de-la-comuna-de-tome-fueron-reconocidas\/#primaryimage"},"thumbnailUrl":"https:\/\/www.mundoacuicola.cl\/new\/wp-content\/uploads\/2024\/04\/CamanchacaMujeresDichato.jpg","datePublished":"2024-04-03T09:04:30+00:00","dateModified":"2024-04-04T10:07:57+00:00","description":"Una de las\u00a0 mujeres destacadas fue la alcaldesa tomecina, quien destac\u00f3 la importancia de la alianza p\u00fablico privada con Camanchaca.","breadcrumb":{"@id":"https:\/\/www.mundoacuicola.cl\/new\/50-mujeres-lideres-de-la-comuna-de-tome-fueron-reconocidas\/#breadcrumb"},"inLanguage":"es","potentialAction":[{"@type":"ReadAction","target":["https:\/\/www.mundoacuicola.cl\/new\/50-mujeres-lideres-de-la-comuna-de-tome-fueron-reconocidas\/"]}]},{"@type":"ImageObject","inLanguage":"es","@id":"https:\/\/www.mundoacuicola.cl\/new\/50-mujeres-lideres-de-la-comuna-de-tome-fueron-reconocidas\/#primaryimage","url":"https:\/\/www.mundoacuicola.cl\/new\/wp-content\/uploads\/2024\/04\/CamanchacaMujeresDichato.jpg","contentUrl":"https:\/\/www.mundoacuicola.cl\/new\/wp-content\/uploads\/2024\/04\/CamanchacaMujeresDichato.jpg","width":750,"height":400},{"@type":"BreadcrumbList","@id":"https:\/\/www.mundoacuicola.cl\/new\/50-mujeres-lideres-de-la-comuna-de-tome-fueron-reconocidas\/#breadcrumb","itemListElement":[{"@type":"ListItem","position":1,"name":"Portada","item":"https:\/\/www.mundoacuicola.cl\/new\/"},{"@type":"ListItem","position":2,"name":"50 Mujeres L\u00edderes de la comuna de Tom\u00e9 fueron reconocidas"}]},{"@type":"WebSite","@id":"https:\/\/www.mundoacuicola.cl\/new\/#website","url":"https:\/\/www.mundoacuicola.cl\/new\/","name":"Mundoacuicola","description":"Revista de Acuicultura.","publisher":{"@id":"https:\/\/www.mundoacuicola.cl\/new\/#organization"},"potentialAction":[{"@type":"SearchAction","target":{"@type":"EntryPoint","urlTemplate":"https:\/\/www.mundoacuicola.cl\/new\/?s={search_term_string}"},"query-input":{"@type":"PropertyValueSpecification","valueRequired":true,"valueName":"search_term_string"}}],"inLanguage":"es"},{"@type":"Organization","@id":"https:\/\/www.mundoacuicola.cl\/new\/#organization","name":"Mundoacuicola","url":"https:\/\/www.mundoacuicola.cl\/new\/","logo":{"@type":"ImageObject","inLanguage":"es","@id":"https:\/\/www.mundoacuicola.cl\/new\/#\/schema\/logo\/image\/","url":"https:\/\/www.mundoacuicola.cl\/new\/wp-content\/uploads\/2026\/01\/cropped-LOGO-Mundo-Acuicola-2026.png","contentUrl":"https:\/\/www.mundoacuicola.cl\/new\/wp-content\/uploads\/2026\/01\/cropped-LOGO-Mundo-Acuicola-2026.png","width":1252,"height":296,"caption":"Mundoacuicola"},"image":{"@id":"https:\/\/www.mundoacuicola.cl\/new\/#\/schema\/logo\/image\/"},"sameAs":["https:\/\/www.facebook.com\/mundo.acuicola\/","https:\/\/x.com\/mundoacuicola","https:\/\/www.linkedin.com\/in\/mundo-acuicola"]},{"@type":"Person","@id":"https:\/\/www.mundoacuicola.cl\/new\/#\/schema\/person\/52cfe7e461eb2d30484965350ee34bdd","name":"Ricardo Alvarez","url":"https:\/\/www.mundoacuicola.cl\/new\/author\/ricardo\/"}]}},"_links":{"self":[{"href":"https:\/\/www.mundoacuicola.cl\/new\/wp-json\/wp\/v2\/posts\/62155","targetHints":{"allow":["GET"]}}],"collection":[{"href":"https:\/\/www.mundoacuicola.cl\/new\/wp-json\/wp\/v2\/posts"}],"about":[{"href":"https:\/\/www.mundoacuicola.cl\/new\/wp-json\/wp\/v2\/types\/post"}],"author":[{"embeddable":true,"href":"https:\/\/www.mundoacuicola.cl\/new\/wp-json\/wp\/v2\/users\/8"}],"replies":[{"embeddable":true,"href":"https:\/\/www.mundoacuicola.cl\/new\/wp-json\/wp\/v2\/comments?post=62155"}],"version-history":[{"count":0,"href":"https:\/\/www.mundoacuicola.cl\/new\/wp-json\/wp\/v2\/posts\/62155\/revisions"}],"wp:featuredmedia":[{"embeddable":true,"href":"https:\/\/www.mundoacuicola.cl\/new\/wp-json\/wp\/v2\/media\/62164"}],"wp:attachment":[{"href":"https:\/\/www.mundoacuicola.cl\/new\/wp-json\/wp\/v2\/media?parent=62155"}],"wp:term":[{"taxonomy":"category","embeddable":true,"href":"https:\/\/www.mundoacuicola.cl\/new\/wp-json\/wp\/v2\/categories?post=62155"},{"taxonomy":"post_tag","embeddable":true,"href":"https:\/\/www.mundoacuicola.cl\/new\/wp-json\/wp\/v2\/tags?post=62155"}],"curies":[{"name":"wp","href":"https:\/\/api.w.org\/{rel}","templated":true}]}}