{"id":63065,"date":"2024-04-29T06:47:46","date_gmt":"2024-04-29T09:47:46","guid":{"rendered":"https:\/\/www.mundoacuicola.cl\/new\/?p=63065"},"modified":"2024-05-02T09:16:57","modified_gmt":"2024-05-02T12:16:57","slug":"camanchaca-organizo-inedito-programa-de-capacitacion-para-mujeres-en-guaitecas","status":"publish","type":"post","link":"https:\/\/www.mundoacuicola.cl\/new\/camanchaca-organizo-inedito-programa-de-capacitacion-para-mujeres-en-guaitecas\/","title":{"rendered":"Camanchaca organiz\u00f3 in\u00e9dito programa de capacitaci\u00f3n para mujeres en Guaitecas"},"content":{"rendered":"<p><span style=\"font-weight: 400;\"><b><span lang=\"ES-TRAD\"><a href=\"https:\/\/www.alloyingenieria.com\/\"><img fetchpriority=\"high\" decoding=\"async\" class=\"wp-image-55815 size-full alignright\" src=\"https:\/\/www.mundoacuicola.cl\/new\/wp-content\/uploads\/2023\/09\/Gif-Alloy.gif\" alt=\"\" width=\"300\" height=\"300\" \/><\/a><\/span><\/b><\/span>Un programa in\u00e9dito para la comuna de Guaitecaslanz\u00f3 Salmones Camanchaca llamado \u201cMujeres en Acci\u00f3n: Construyendo un legado de cambio\u201d, capacitaciones de cuatro m\u00f3dulos que surgendespu\u00e9s de que el equipo territorial de Camanchaca -junto a la comunidad- detectara la necesidad de formaci\u00f3n de las emprendedoras de la comuna. La iniciativa se desarroll\u00f3 gracias a la articulaci\u00f3n territorial entre la Compa\u00f1\u00eda, Servicio Pa\u00eds y el Municipio junto a su equipo de Fomento Productivo.<\/p>\n<p>En la primera fecha, m\u00e1s de 60 mujeres asistieron al taller presencial impartido por la empresaria, experta en liderazgo con enfoque de g\u00e9nero y fundadora de Insp\u00edrate Mujer, Constanza V\u00e1squez. \u201cCuando uno transforma a una sola mujer, se transforma a todo su entorno y por eso apostamos a un programa con continuidad del aprendizaje, ya que las mujeres de Guaitecas necesitan que m\u00e1s empresas como Camanchaca se vinculen con este nivel de cercan\u00eda y preocupaci\u00f3n. En esta primera jornada, estoy conmovida por el nivel de conexi\u00f3n logrado y esperamos seguir inspirando a m\u00e1s participantes\u201d, declar\u00f3 la relatora.<\/p>\n<p>Fernanda Dur\u00e1n, jefe de Relacionamiento Territorial de Salmones Camanchaca, se\u00f1al\u00f3 que \u201cestamos contentos con esta primera actividad y la asociatividad que se dio entre diferentes actores presentes en el territorio. Fuimos testigos de una experiencia enriquecedora para todas las asistentes, en la que tambi\u00e9n pudimos acercar a la comunidad los alimentos sanos y nutritivos que producimos\u201d.<\/p>\n<p>Marlene Chiguay, destac\u00f3 que \u201cme encant\u00f3 escuchar un relato tan hermoso, que sirve mucho para las melinkanas que estamos en una isla y a veces nos sentimos solas, pero no es as\u00ed. Qu\u00e9 bueno que se den estas actividades donde aprendamos a respetarnos entre nuestras cong\u00e9neres. Agradezco la oportunidad, a la Compa\u00f1\u00eda y charlista por este momento tan agradable e invito a m\u00e1s <span style=\"font-weight: 400;\"><b><span lang=\"ES-TRAD\"><strong><a href=\"https:\/\/www.mundoacuicola.cl\/medios\/?url_camp=26\" target=\"_blank\" rel=\"https:\/\/www.mundoacuicola.cl\/medios\/?url_camp=26 noopener\"><img decoding=\"async\" class=\"alignleft\" src=\"https:\/\/www.mundoacuicola.cl\/medios\/?camp=26\" alt=\"\" width=\"300\" height=\"250\" \/><\/a><\/strong><\/span><\/b><\/span>vecinas a escuchar y darnos tiempo para nosotras\u201d.<\/p>\n<p>Adem\u00e1s del lanzamiento del programa, en las asistentes disfrutaron un exquisito c\u00f3ctel, instancia donde conocieron la variedad y versatilidad gastron\u00f3mica que tienen los productos de Camanchaca, entre ellos, sorprendieron las preparaciones con salm\u00f3n y mejillones.<\/p>\n<p>A\u00fan quedan tres m\u00f3dulos m\u00e1s de capacitaci\u00f3n y los interesados pueden inscribirse a trav\u00e9s de WhatsApp escribiendo al +56 9 3244 5266.<\/p>\n","protected":false},"excerpt":{"rendered":"<p>La iniciativa se desarroll\u00f3 gracias a la articulaci\u00f3n territorial entre la Compa\u00f1\u00eda, Servicio Pa\u00eds y el Municipio junto a su equipo de Fomento Productivo.<\/p>\n","protected":false},"author":8,"featured_media":63070,"comment_status":"closed","ping_status":"closed","sticky":false,"template":"","format":"standard","meta":{"footnotes":""},"categories":[111],"tags":[1261,134,22116,22113,22114,22115,22112,184],"class_list":["post-63065","post","type-post","status-publish","format-standard","has-post-thumbnail","hentry","category-rse","tag-acuicola","tag-camanchaca","tag-capacitacion-para-mujeres","tag-fernanda-duran","tag-jefe-de-relacionamiento","tag-mujeres-en-accion","tag-mujeres-en-guaitecas","tag-salmon"],"yoast_head":"<!-- This site is optimized with the Yoast SEO plugin v27.5 - https:\/\/yoast.com\/product\/yoast-seo-wordpress\/ -->\n<title>Camanchaca organiz\u00f3 in\u00e9dito programa de capacitaci\u00f3n para mujeres en Guaitecas - Mundoacuicola<\/title>\n<meta name=\"description\" content=\"La iniciativa se desarroll\u00f3 gracias a la articulaci\u00f3n territorial entre la Compa\u00f1\u00eda, Servicio Pa\u00eds y el Municipio junto a su equipo\" \/>\n<meta name=\"robots\" content=\"index, follow, max-snippet:-1, max-image-preview:large, max-video-preview:-1\" \/>\n<link rel=\"canonical\" href=\"https:\/\/www.mundoacuicola.cl\/new\/camanchaca-organizo-inedito-programa-de-capacitacion-para-mujeres-en-guaitecas\/\" \/>\n<meta property=\"og:locale\" content=\"es_ES\" \/>\n<meta property=\"og:type\" content=\"article\" \/>\n<meta property=\"og:title\" content=\"Camanchaca organiz\u00f3 in\u00e9dito programa de capacitaci\u00f3n para mujeres en Guaitecas - Mundoacuicola\" \/>\n<meta property=\"og:description\" content=\"La iniciativa se desarroll\u00f3 gracias a la articulaci\u00f3n territorial entre la Compa\u00f1\u00eda, Servicio Pa\u00eds y el Municipio junto a su equipo\" \/>\n<meta property=\"og:url\" content=\"https:\/\/www.mundoacuicola.cl\/new\/camanchaca-organizo-inedito-programa-de-capacitacion-para-mujeres-en-guaitecas\/\" \/>\n<meta property=\"og:site_name\" content=\"Mundoacuicola\" \/>\n<meta property=\"article:publisher\" content=\"https:\/\/www.facebook.com\/mundo.acuicola\/\" \/>\n<meta property=\"article:published_time\" content=\"2024-04-29T09:47:46+00:00\" \/>\n<meta property=\"article:modified_time\" content=\"2024-05-02T12:16:57+00:00\" \/>\n<meta property=\"og:image\" content=\"https:\/\/www.mundoacuicola.cl\/new\/wp-content\/uploads\/2024\/04\/CamanchacaMujeresGuaitecas.jpeg\" \/>\n\t<meta property=\"og:image:width\" content=\"750\" \/>\n\t<meta property=\"og:image:height\" content=\"400\" \/>\n\t<meta property=\"og:image:type\" content=\"image\/jpeg\" \/>\n<meta name=\"author\" content=\"Ricardo Alvarez\" \/>\n<meta name=\"twitter:card\" content=\"summary_large_image\" \/>\n<meta name=\"twitter:creator\" content=\"@mundoacuicola\" \/>\n<meta name=\"twitter:site\" content=\"@mundoacuicola\" \/>\n<meta name=\"twitter:label1\" content=\"Escrito por\" \/>\n\t<meta name=\"twitter:data1\" content=\"Ricardo Alvarez\" \/>\n\t<meta name=\"twitter:label2\" content=\"Tiempo de lectura\" \/>\n\t<meta name=\"twitter:data2\" content=\"3 minutos\" \/>\n<script type=\"application\/ld+json\" class=\"yoast-schema-graph\">{\"@context\":\"https:\\\/\\\/schema.org\",\"@graph\":[{\"@type\":\"Article\",\"@id\":\"https:\\\/\\\/www.mundoacuicola.cl\\\/new\\\/camanchaca-organizo-inedito-programa-de-capacitacion-para-mujeres-en-guaitecas\\\/#article\",\"isPartOf\":{\"@id\":\"https:\\\/\\\/www.mundoacuicola.cl\\\/new\\\/camanchaca-organizo-inedito-programa-de-capacitacion-para-mujeres-en-guaitecas\\\/\"},\"author\":{\"name\":\"Ricardo Alvarez\",\"@id\":\"https:\\\/\\\/www.mundoacuicola.cl\\\/new\\\/#\\\/schema\\\/person\\\/52cfe7e461eb2d30484965350ee34bdd\"},\"headline\":\"Camanchaca organiz\u00f3 in\u00e9dito programa de capacitaci\u00f3n para mujeres en Guaitecas\",\"datePublished\":\"2024-04-29T09:47:46+00:00\",\"dateModified\":\"2024-05-02T12:16:57+00:00\",\"mainEntityOfPage\":{\"@id\":\"https:\\\/\\\/www.mundoacuicola.cl\\\/new\\\/camanchaca-organizo-inedito-programa-de-capacitacion-para-mujeres-en-guaitecas\\\/\"},\"wordCount\":391,\"publisher\":{\"@id\":\"https:\\\/\\\/www.mundoacuicola.cl\\\/new\\\/#organization\"},\"image\":{\"@id\":\"https:\\\/\\\/www.mundoacuicola.cl\\\/new\\\/camanchaca-organizo-inedito-programa-de-capacitacion-para-mujeres-en-guaitecas\\\/#primaryimage\"},\"thumbnailUrl\":\"https:\\\/\\\/www.mundoacuicola.cl\\\/new\\\/wp-content\\\/uploads\\\/2024\\\/04\\\/CamanchacaMujeresGuaitecas.jpeg\",\"keywords\":[\"Acu\u00edcola\",\"Camanchaca\",\"capacitaci\u00f3n para mujeres\",\"Fernanda Dur\u00e1n\",\"jefe de Relacionamiento\",\"Mujeres en Acci\u00f3n:\",\"mujeres en Guaitecas\",\"Salm\u00f3n\"],\"articleSection\":[\"RSE\"],\"inLanguage\":\"es\"},{\"@type\":\"WebPage\",\"@id\":\"https:\\\/\\\/www.mundoacuicola.cl\\\/new\\\/camanchaca-organizo-inedito-programa-de-capacitacion-para-mujeres-en-guaitecas\\\/\",\"url\":\"https:\\\/\\\/www.mundoacuicola.cl\\\/new\\\/camanchaca-organizo-inedito-programa-de-capacitacion-para-mujeres-en-guaitecas\\\/\",\"name\":\"Camanchaca organiz\u00f3 in\u00e9dito programa de capacitaci\u00f3n para mujeres en Guaitecas - Mundoacuicola\",\"isPartOf\":{\"@id\":\"https:\\\/\\\/www.mundoacuicola.cl\\\/new\\\/#website\"},\"primaryImageOfPage\":{\"@id\":\"https:\\\/\\\/www.mundoacuicola.cl\\\/new\\\/camanchaca-organizo-inedito-programa-de-capacitacion-para-mujeres-en-guaitecas\\\/#primaryimage\"},\"image\":{\"@id\":\"https:\\\/\\\/www.mundoacuicola.cl\\\/new\\\/camanchaca-organizo-inedito-programa-de-capacitacion-para-mujeres-en-guaitecas\\\/#primaryimage\"},\"thumbnailUrl\":\"https:\\\/\\\/www.mundoacuicola.cl\\\/new\\\/wp-content\\\/uploads\\\/2024\\\/04\\\/CamanchacaMujeresGuaitecas.jpeg\",\"datePublished\":\"2024-04-29T09:47:46+00:00\",\"dateModified\":\"2024-05-02T12:16:57+00:00\",\"description\":\"La iniciativa se desarroll\u00f3 gracias a la articulaci\u00f3n territorial entre la Compa\u00f1\u00eda, Servicio Pa\u00eds y el Municipio junto a su equipo\",\"breadcrumb\":{\"@id\":\"https:\\\/\\\/www.mundoacuicola.cl\\\/new\\\/camanchaca-organizo-inedito-programa-de-capacitacion-para-mujeres-en-guaitecas\\\/#breadcrumb\"},\"inLanguage\":\"es\",\"potentialAction\":[{\"@type\":\"ReadAction\",\"target\":[\"https:\\\/\\\/www.mundoacuicola.cl\\\/new\\\/camanchaca-organizo-inedito-programa-de-capacitacion-para-mujeres-en-guaitecas\\\/\"]}]},{\"@type\":\"ImageObject\",\"inLanguage\":\"es\",\"@id\":\"https:\\\/\\\/www.mundoacuicola.cl\\\/new\\\/camanchaca-organizo-inedito-programa-de-capacitacion-para-mujeres-en-guaitecas\\\/#primaryimage\",\"url\":\"https:\\\/\\\/www.mundoacuicola.cl\\\/new\\\/wp-content\\\/uploads\\\/2024\\\/04\\\/CamanchacaMujeresGuaitecas.jpeg\",\"contentUrl\":\"https:\\\/\\\/www.mundoacuicola.cl\\\/new\\\/wp-content\\\/uploads\\\/2024\\\/04\\\/CamanchacaMujeresGuaitecas.jpeg\",\"width\":750,\"height\":400},{\"@type\":\"BreadcrumbList\",\"@id\":\"https:\\\/\\\/www.mundoacuicola.cl\\\/new\\\/camanchaca-organizo-inedito-programa-de-capacitacion-para-mujeres-en-guaitecas\\\/#breadcrumb\",\"itemListElement\":[{\"@type\":\"ListItem\",\"position\":1,\"name\":\"Portada\",\"item\":\"https:\\\/\\\/www.mundoacuicola.cl\\\/new\\\/\"},{\"@type\":\"ListItem\",\"position\":2,\"name\":\"Camanchaca organiz\u00f3 in\u00e9dito programa de capacitaci\u00f3n para mujeres en Guaitecas\"}]},{\"@type\":\"WebSite\",\"@id\":\"https:\\\/\\\/www.mundoacuicola.cl\\\/new\\\/#website\",\"url\":\"https:\\\/\\\/www.mundoacuicola.cl\\\/new\\\/\",\"name\":\"Mundoacuicola\",\"description\":\"Revista de Acuicultura.\",\"publisher\":{\"@id\":\"https:\\\/\\\/www.mundoacuicola.cl\\\/new\\\/#organization\"},\"potentialAction\":[{\"@type\":\"SearchAction\",\"target\":{\"@type\":\"EntryPoint\",\"urlTemplate\":\"https:\\\/\\\/www.mundoacuicola.cl\\\/new\\\/?s={search_term_string}\"},\"query-input\":{\"@type\":\"PropertyValueSpecification\",\"valueRequired\":true,\"valueName\":\"search_term_string\"}}],\"inLanguage\":\"es\"},{\"@type\":\"Organization\",\"@id\":\"https:\\\/\\\/www.mundoacuicola.cl\\\/new\\\/#organization\",\"name\":\"Mundoacuicola\",\"url\":\"https:\\\/\\\/www.mundoacuicola.cl\\\/new\\\/\",\"logo\":{\"@type\":\"ImageObject\",\"inLanguage\":\"es\",\"@id\":\"https:\\\/\\\/www.mundoacuicola.cl\\\/new\\\/#\\\/schema\\\/logo\\\/image\\\/\",\"url\":\"https:\\\/\\\/www.mundoacuicola.cl\\\/new\\\/wp-content\\\/uploads\\\/2026\\\/01\\\/cropped-LOGO-Mundo-Acuicola-2026.png\",\"contentUrl\":\"https:\\\/\\\/www.mundoacuicola.cl\\\/new\\\/wp-content\\\/uploads\\\/2026\\\/01\\\/cropped-LOGO-Mundo-Acuicola-2026.png\",\"width\":1252,\"height\":296,\"caption\":\"Mundoacuicola\"},\"image\":{\"@id\":\"https:\\\/\\\/www.mundoacuicola.cl\\\/new\\\/#\\\/schema\\\/logo\\\/image\\\/\"},\"sameAs\":[\"https:\\\/\\\/www.facebook.com\\\/mundo.acuicola\\\/\",\"https:\\\/\\\/x.com\\\/mundoacuicola\",\"https:\\\/\\\/www.linkedin.com\\\/in\\\/mundo-acuicola\"]},{\"@type\":\"Person\",\"@id\":\"https:\\\/\\\/www.mundoacuicola.cl\\\/new\\\/#\\\/schema\\\/person\\\/52cfe7e461eb2d30484965350ee34bdd\",\"name\":\"Ricardo Alvarez\",\"url\":\"https:\\\/\\\/www.mundoacuicola.cl\\\/new\\\/author\\\/ricardo\\\/\"}]}<\/script>\n<!-- \/ Yoast SEO plugin. -->","yoast_head_json":{"title":"Camanchaca organiz\u00f3 in\u00e9dito programa de capacitaci\u00f3n para mujeres en Guaitecas - Mundoacuicola","description":"La iniciativa se desarroll\u00f3 gracias a la articulaci\u00f3n territorial entre la Compa\u00f1\u00eda, Servicio Pa\u00eds y el Municipio junto a su equipo","robots":{"index":"index","follow":"follow","max-snippet":"max-snippet:-1","max-image-preview":"max-image-preview:large","max-video-preview":"max-video-preview:-1"},"canonical":"https:\/\/www.mundoacuicola.cl\/new\/camanchaca-organizo-inedito-programa-de-capacitacion-para-mujeres-en-guaitecas\/","og_locale":"es_ES","og_type":"article","og_title":"Camanchaca organiz\u00f3 in\u00e9dito programa de capacitaci\u00f3n para mujeres en Guaitecas - Mundoacuicola","og_description":"La iniciativa se desarroll\u00f3 gracias a la articulaci\u00f3n territorial entre la Compa\u00f1\u00eda, Servicio Pa\u00eds y el Municipio junto a su equipo","og_url":"https:\/\/www.mundoacuicola.cl\/new\/camanchaca-organizo-inedito-programa-de-capacitacion-para-mujeres-en-guaitecas\/","og_site_name":"Mundoacuicola","article_publisher":"https:\/\/www.facebook.com\/mundo.acuicola\/","article_published_time":"2024-04-29T09:47:46+00:00","article_modified_time":"2024-05-02T12:16:57+00:00","og_image":[{"width":750,"height":400,"url":"https:\/\/www.mundoacuicola.cl\/new\/wp-content\/uploads\/2024\/04\/CamanchacaMujeresGuaitecas.jpeg","type":"image\/jpeg"}],"author":"Ricardo Alvarez","twitter_card":"summary_large_image","twitter_creator":"@mundoacuicola","twitter_site":"@mundoacuicola","twitter_misc":{"Escrito por":"Ricardo Alvarez","Tiempo de lectura":"3 minutos"},"schema":{"@context":"https:\/\/schema.org","@graph":[{"@type":"Article","@id":"https:\/\/www.mundoacuicola.cl\/new\/camanchaca-organizo-inedito-programa-de-capacitacion-para-mujeres-en-guaitecas\/#article","isPartOf":{"@id":"https:\/\/www.mundoacuicola.cl\/new\/camanchaca-organizo-inedito-programa-de-capacitacion-para-mujeres-en-guaitecas\/"},"author":{"name":"Ricardo Alvarez","@id":"https:\/\/www.mundoacuicola.cl\/new\/#\/schema\/person\/52cfe7e461eb2d30484965350ee34bdd"},"headline":"Camanchaca organiz\u00f3 in\u00e9dito programa de capacitaci\u00f3n para mujeres en Guaitecas","datePublished":"2024-04-29T09:47:46+00:00","dateModified":"2024-05-02T12:16:57+00:00","mainEntityOfPage":{"@id":"https:\/\/www.mundoacuicola.cl\/new\/camanchaca-organizo-inedito-programa-de-capacitacion-para-mujeres-en-guaitecas\/"},"wordCount":391,"publisher":{"@id":"https:\/\/www.mundoacuicola.cl\/new\/#organization"},"image":{"@id":"https:\/\/www.mundoacuicola.cl\/new\/camanchaca-organizo-inedito-programa-de-capacitacion-para-mujeres-en-guaitecas\/#primaryimage"},"thumbnailUrl":"https:\/\/www.mundoacuicola.cl\/new\/wp-content\/uploads\/2024\/04\/CamanchacaMujeresGuaitecas.jpeg","keywords":["Acu\u00edcola","Camanchaca","capacitaci\u00f3n para mujeres","Fernanda Dur\u00e1n","jefe de Relacionamiento","Mujeres en Acci\u00f3n:","mujeres en Guaitecas","Salm\u00f3n"],"articleSection":["RSE"],"inLanguage":"es"},{"@type":"WebPage","@id":"https:\/\/www.mundoacuicola.cl\/new\/camanchaca-organizo-inedito-programa-de-capacitacion-para-mujeres-en-guaitecas\/","url":"https:\/\/www.mundoacuicola.cl\/new\/camanchaca-organizo-inedito-programa-de-capacitacion-para-mujeres-en-guaitecas\/","name":"Camanchaca organiz\u00f3 in\u00e9dito programa de capacitaci\u00f3n para mujeres en Guaitecas - Mundoacuicola","isPartOf":{"@id":"https:\/\/www.mundoacuicola.cl\/new\/#website"},"primaryImageOfPage":{"@id":"https:\/\/www.mundoacuicola.cl\/new\/camanchaca-organizo-inedito-programa-de-capacitacion-para-mujeres-en-guaitecas\/#primaryimage"},"image":{"@id":"https:\/\/www.mundoacuicola.cl\/new\/camanchaca-organizo-inedito-programa-de-capacitacion-para-mujeres-en-guaitecas\/#primaryimage"},"thumbnailUrl":"https:\/\/www.mundoacuicola.cl\/new\/wp-content\/uploads\/2024\/04\/CamanchacaMujeresGuaitecas.jpeg","datePublished":"2024-04-29T09:47:46+00:00","dateModified":"2024-05-02T12:16:57+00:00","description":"La iniciativa se desarroll\u00f3 gracias a la articulaci\u00f3n territorial entre la Compa\u00f1\u00eda, Servicio Pa\u00eds y el Municipio junto a su equipo","breadcrumb":{"@id":"https:\/\/www.mundoacuicola.cl\/new\/camanchaca-organizo-inedito-programa-de-capacitacion-para-mujeres-en-guaitecas\/#breadcrumb"},"inLanguage":"es","potentialAction":[{"@type":"ReadAction","target":["https:\/\/www.mundoacuicola.cl\/new\/camanchaca-organizo-inedito-programa-de-capacitacion-para-mujeres-en-guaitecas\/"]}]},{"@type":"ImageObject","inLanguage":"es","@id":"https:\/\/www.mundoacuicola.cl\/new\/camanchaca-organizo-inedito-programa-de-capacitacion-para-mujeres-en-guaitecas\/#primaryimage","url":"https:\/\/www.mundoacuicola.cl\/new\/wp-content\/uploads\/2024\/04\/CamanchacaMujeresGuaitecas.jpeg","contentUrl":"https:\/\/www.mundoacuicola.cl\/new\/wp-content\/uploads\/2024\/04\/CamanchacaMujeresGuaitecas.jpeg","width":750,"height":400},{"@type":"BreadcrumbList","@id":"https:\/\/www.mundoacuicola.cl\/new\/camanchaca-organizo-inedito-programa-de-capacitacion-para-mujeres-en-guaitecas\/#breadcrumb","itemListElement":[{"@type":"ListItem","position":1,"name":"Portada","item":"https:\/\/www.mundoacuicola.cl\/new\/"},{"@type":"ListItem","position":2,"name":"Camanchaca organiz\u00f3 in\u00e9dito programa de capacitaci\u00f3n para mujeres en Guaitecas"}]},{"@type":"WebSite","@id":"https:\/\/www.mundoacuicola.cl\/new\/#website","url":"https:\/\/www.mundoacuicola.cl\/new\/","name":"Mundoacuicola","description":"Revista de Acuicultura.","publisher":{"@id":"https:\/\/www.mundoacuicola.cl\/new\/#organization"},"potentialAction":[{"@type":"SearchAction","target":{"@type":"EntryPoint","urlTemplate":"https:\/\/www.mundoacuicola.cl\/new\/?s={search_term_string}"},"query-input":{"@type":"PropertyValueSpecification","valueRequired":true,"valueName":"search_term_string"}}],"inLanguage":"es"},{"@type":"Organization","@id":"https:\/\/www.mundoacuicola.cl\/new\/#organization","name":"Mundoacuicola","url":"https:\/\/www.mundoacuicola.cl\/new\/","logo":{"@type":"ImageObject","inLanguage":"es","@id":"https:\/\/www.mundoacuicola.cl\/new\/#\/schema\/logo\/image\/","url":"https:\/\/www.mundoacuicola.cl\/new\/wp-content\/uploads\/2026\/01\/cropped-LOGO-Mundo-Acuicola-2026.png","contentUrl":"https:\/\/www.mundoacuicola.cl\/new\/wp-content\/uploads\/2026\/01\/cropped-LOGO-Mundo-Acuicola-2026.png","width":1252,"height":296,"caption":"Mundoacuicola"},"image":{"@id":"https:\/\/www.mundoacuicola.cl\/new\/#\/schema\/logo\/image\/"},"sameAs":["https:\/\/www.facebook.com\/mundo.acuicola\/","https:\/\/x.com\/mundoacuicola","https:\/\/www.linkedin.com\/in\/mundo-acuicola"]},{"@type":"Person","@id":"https:\/\/www.mundoacuicola.cl\/new\/#\/schema\/person\/52cfe7e461eb2d30484965350ee34bdd","name":"Ricardo Alvarez","url":"https:\/\/www.mundoacuicola.cl\/new\/author\/ricardo\/"}]}},"_links":{"self":[{"href":"https:\/\/www.mundoacuicola.cl\/new\/wp-json\/wp\/v2\/posts\/63065","targetHints":{"allow":["GET"]}}],"collection":[{"href":"https:\/\/www.mundoacuicola.cl\/new\/wp-json\/wp\/v2\/posts"}],"about":[{"href":"https:\/\/www.mundoacuicola.cl\/new\/wp-json\/wp\/v2\/types\/post"}],"author":[{"embeddable":true,"href":"https:\/\/www.mundoacuicola.cl\/new\/wp-json\/wp\/v2\/users\/8"}],"replies":[{"embeddable":true,"href":"https:\/\/www.mundoacuicola.cl\/new\/wp-json\/wp\/v2\/comments?post=63065"}],"version-history":[{"count":0,"href":"https:\/\/www.mundoacuicola.cl\/new\/wp-json\/wp\/v2\/posts\/63065\/revisions"}],"wp:featuredmedia":[{"embeddable":true,"href":"https:\/\/www.mundoacuicola.cl\/new\/wp-json\/wp\/v2\/media\/63070"}],"wp:attachment":[{"href":"https:\/\/www.mundoacuicola.cl\/new\/wp-json\/wp\/v2\/media?parent=63065"}],"wp:term":[{"taxonomy":"category","embeddable":true,"href":"https:\/\/www.mundoacuicola.cl\/new\/wp-json\/wp\/v2\/categories?post=63065"},{"taxonomy":"post_tag","embeddable":true,"href":"https:\/\/www.mundoacuicola.cl\/new\/wp-json\/wp\/v2\/tags?post=63065"}],"curies":[{"name":"wp","href":"https:\/\/api.w.org\/{rel}","templated":true}]}}