{"id":64405,"date":"2024-06-13T06:29:11","date_gmt":"2024-06-13T09:29:11","guid":{"rendered":"https:\/\/www.mundoacuicola.cl\/new\/?p=64405"},"modified":"2024-06-17T09:25:22","modified_gmt":"2024-06-17T12:25:22","slug":"a-realizarse-en-puerto-varas-definen-comite-cientifico-para-importante-congreso-sobre-caligus","status":"publish","type":"post","link":"https:\/\/www.mundoacuicola.cl\/new\/a-realizarse-en-puerto-varas-definen-comite-cientifico-para-importante-congreso-sobre-caligus\/","title":{"rendered":"A realizarse en Puerto Varas: Definen Comit\u00e9 Cient\u00edfico para importante congreso sobre Caligus"},"content":{"rendered":"<p><span lang=\"es-CL\"><span style=\"font-weight: 400;\"><b><span lang=\"ES-TRAD\"><a href=\"https:\/\/www.alloyingenieria.com\/\"><img fetchpriority=\"high\" decoding=\"async\" class=\"wp-image-55815 size-full alignright\" src=\"https:\/\/www.mundoacuicola.cl\/new\/wp-content\/uploads\/2023\/09\/Gif-Alloy.gif\" alt=\"\" width=\"300\" height=\"300\" \/><\/a><\/span><\/b><\/span><\/span>El pr\u00f3ximo 22 y 23 de octubre se realizar\u00e1 la segunda edici\u00f3n del Congreso Nacional \u201cImpactos y estrategias de prevenci\u00f3n y control de la caligidosis en la salmonicultura chilena\u201d en el Hotel Cumbres de Puerto Varas, donde se espera que lleguen m\u00e1s de 150 representantes del \u00e1mbito acad\u00e9mico, productivo y de venta de productos y servicios que tienen dentro de su \u00e1rea de inter\u00e9s a la investigaci\u00f3n.<\/p>\n<p>Para esto, desde la organizaci\u00f3n informaron que ya se encuentra constituido el Comit\u00e9 Cient\u00edfico de la iniciativa, quienes tendr\u00e1n entre sus responsabilidades evaluar los res\u00famenes de los investigadores, proponer oradores de las charlas magistrales, moderar sesiones tem\u00e1ticas y liderar talleres t\u00e9cnicos, entre otras materias.<\/p>\n<p>Por el lado de la academia y centros de investigaci\u00f3n, en el comit\u00e9 participar\u00e1 Alex Romero y Sandra Mar\u00edn, de la Universidad Austral de Chile; Valentina Valenzuela, Diego Valenzuela y Cristi\u00e1n Gallardo, del Centro INCAR; Felipe Reyes, de la Universidad de Santiago de Chile; Margarita Gonzalez, de la Universidad San Sebasti\u00e1n, Jaime Montory; de la Universidad de Los Lagos, y Jaiber Solano, del Instituto de Fomento Pesquero. En representaci\u00f3n del sector salmonicultor fueron escogidos Alfredo Tello, Daniela Vargas, Jorge Mancilla, Alexander Jaramillo y Felipe Tucca.<\/p>\n<p>La Docente e investigadora de la Universidad San Sebasti\u00e1n, sede de la Patagonia, Dra. Margarita Gonzalez, indic\u00f3 que \u201cel congreso es una importante instancia para conocer investigaciones en materia de biolog\u00eda del par\u00e1sito, tratamientos y nuevas <span style=\"font-weight: 400;\"><span lang=\"ES\"><b><span lang=\"ES-TRAD\"><strong><a href=\"https:\/\/www.mundoacuicola.cl\/medios\/?url_camp=26\" target=\"_blank\" rel=\"https:\/\/www.mundoacuicola.cl\/medios\/?url_camp=26 noopener\"><img decoding=\"async\" class=\"alignleft\" src=\"https:\/\/www.mundoacuicola.cl\/medios\/?camp=26\" alt=\"\" width=\"300\" height=\"250\" \/><\/a><\/strong><\/span><\/b><\/span><\/span>estrategias, las que contribuyen a un control m\u00e1s efectivo de la caligidosis. Me siento muy entusiasmada y tambi\u00e9n asumo con mucha responsabilidad la participaci\u00f3n en el Comit\u00e9 Cient\u00edfico\u201d.<\/p>\n<p>Por su parte el Dr. Alexander Jaramillo, Jefe de Salud de INTESAL, se\u00f1al\u00f3 que \u201ces la segunda vez que impulsamos este congreso sobre un tema de gran relevancia para la salmonicultura en Chile como es la caligidosis. Consideramos que la investigaci\u00f3n debe ser el pilar fundamental para abordar de la manera m\u00e1s efectiva los desaf\u00edos que plantea la enfermedad. Queremos que esta iniciativa sea un espacio de intercambio de conocimientos y colaboraci\u00f3n entre diversos actores vinculados a la salmonicultura para impulsar nuevas soluciones y enfoques en esta materia\u201d.<\/p>\n<p>&nbsp;<\/p>\n","protected":false},"excerpt":{"rendered":"<p>Segunda edici\u00f3n del Congreso Nacional sobre caligidosis en salmonicultura chilena se celebrar\u00e1 en octubre en Puerto Varas.<\/p>\n","protected":false},"author":8,"featured_media":56717,"comment_status":"closed","ping_status":"closed","sticky":false,"template":"","format":"standard","meta":{"footnotes":""},"categories":[112],"tags":[1254,6330,13427,7621,18039,17778,473,8481,1859,3447,7530,2588],"class_list":["post-64405","post","type-post","status-publish","format-standard","has-post-thumbnail","hentry","category-eventos","tag-caligidosis","tag-comite-cientifico","tag-congreso-nacional","tag-control","tag-estrategias","tag-hotel-cumbres","tag-incar","tag-instituto-de-fomento-pesquero","tag-investigacion","tag-salmonicultura-chilena","tag-universidad-austral","tag-universidad-de-santiago"],"yoast_head":"<!-- This site is optimized with the Yoast SEO plugin v27.5 - https:\/\/yoast.com\/product\/yoast-seo-wordpress\/ -->\n<title>A realizarse en Puerto Varas: Definen Comit\u00e9 Cient\u00edfico para importante congreso sobre Caligus - Mundoacuicola<\/title>\n<meta name=\"description\" content=\"Segunda edici\u00f3n del Congreso Nacional sobre caligidosis en salmonicultura chilena se celebrar\u00e1 en octubre en Puerto Varas.\" \/>\n<meta name=\"robots\" content=\"index, follow, max-snippet:-1, max-image-preview:large, max-video-preview:-1\" \/>\n<link rel=\"canonical\" href=\"https:\/\/www.mundoacuicola.cl\/new\/a-realizarse-en-puerto-varas-definen-comite-cientifico-para-importante-congreso-sobre-caligus\/\" \/>\n<meta property=\"og:locale\" content=\"es_ES\" \/>\n<meta property=\"og:type\" content=\"article\" \/>\n<meta property=\"og:title\" content=\"A realizarse en Puerto Varas: Definen Comit\u00e9 Cient\u00edfico para importante congreso sobre Caligus - Mundoacuicola\" \/>\n<meta property=\"og:description\" content=\"Segunda edici\u00f3n del Congreso Nacional sobre caligidosis en salmonicultura chilena se celebrar\u00e1 en octubre en Puerto Varas.\" \/>\n<meta property=\"og:url\" content=\"https:\/\/www.mundoacuicola.cl\/new\/a-realizarse-en-puerto-varas-definen-comite-cientifico-para-importante-congreso-sobre-caligus\/\" \/>\n<meta property=\"og:site_name\" content=\"Mundoacuicola\" \/>\n<meta property=\"article:publisher\" content=\"https:\/\/www.facebook.com\/mundo.acuicola\/\" \/>\n<meta property=\"article:published_time\" content=\"2024-06-13T09:29:11+00:00\" \/>\n<meta property=\"article:modified_time\" content=\"2024-06-17T12:25:22+00:00\" \/>\n<meta property=\"og:image\" content=\"https:\/\/www.mundoacuicola.cl\/new\/wp-content\/uploads\/2023\/10\/ZERAcaligus.png\" \/>\n\t<meta property=\"og:image:width\" content=\"750\" \/>\n\t<meta property=\"og:image:height\" content=\"400\" \/>\n\t<meta property=\"og:image:type\" content=\"image\/png\" \/>\n<meta name=\"author\" content=\"Ricardo Alvarez\" \/>\n<meta name=\"twitter:card\" content=\"summary_large_image\" \/>\n<meta name=\"twitter:creator\" content=\"@mundoacuicola\" \/>\n<meta name=\"twitter:site\" content=\"@mundoacuicola\" \/>\n<meta name=\"twitter:label1\" content=\"Escrito por\" \/>\n\t<meta name=\"twitter:data1\" content=\"Ricardo Alvarez\" \/>\n\t<meta name=\"twitter:label2\" content=\"Tiempo de lectura\" \/>\n\t<meta name=\"twitter:data2\" content=\"2 minutos\" \/>\n<script type=\"application\/ld+json\" class=\"yoast-schema-graph\">{\"@context\":\"https:\\\/\\\/schema.org\",\"@graph\":[{\"@type\":\"Article\",\"@id\":\"https:\\\/\\\/www.mundoacuicola.cl\\\/new\\\/a-realizarse-en-puerto-varas-definen-comite-cientifico-para-importante-congreso-sobre-caligus\\\/#article\",\"isPartOf\":{\"@id\":\"https:\\\/\\\/www.mundoacuicola.cl\\\/new\\\/a-realizarse-en-puerto-varas-definen-comite-cientifico-para-importante-congreso-sobre-caligus\\\/\"},\"author\":{\"name\":\"Ricardo Alvarez\",\"@id\":\"https:\\\/\\\/www.mundoacuicola.cl\\\/new\\\/#\\\/schema\\\/person\\\/52cfe7e461eb2d30484965350ee34bdd\"},\"headline\":\"A realizarse en Puerto Varas: Definen Comit\u00e9 Cient\u00edfico para importante congreso sobre Caligus\",\"datePublished\":\"2024-06-13T09:29:11+00:00\",\"dateModified\":\"2024-06-17T12:25:22+00:00\",\"mainEntityOfPage\":{\"@id\":\"https:\\\/\\\/www.mundoacuicola.cl\\\/new\\\/a-realizarse-en-puerto-varas-definen-comite-cientifico-para-importante-congreso-sobre-caligus\\\/\"},\"wordCount\":390,\"publisher\":{\"@id\":\"https:\\\/\\\/www.mundoacuicola.cl\\\/new\\\/#organization\"},\"image\":{\"@id\":\"https:\\\/\\\/www.mundoacuicola.cl\\\/new\\\/a-realizarse-en-puerto-varas-definen-comite-cientifico-para-importante-congreso-sobre-caligus\\\/#primaryimage\"},\"thumbnailUrl\":\"https:\\\/\\\/www.mundoacuicola.cl\\\/new\\\/wp-content\\\/uploads\\\/2023\\\/10\\\/ZERAcaligus.png\",\"keywords\":[\"caligidosis\",\"comit\u00e9 cient\u00edfico\",\"Congreso Nacional\",\"control\",\"estrategias\",\"Hotel Cumbres\",\"Incar\",\"Instituto de Fomento Pesquero\",\"Investigaci\u00f3n\",\"salmonicultura chilena\",\"Universidad Austral\",\"Universidad de Santiago\"],\"articleSection\":[\"Eventos\"],\"inLanguage\":\"es\"},{\"@type\":\"WebPage\",\"@id\":\"https:\\\/\\\/www.mundoacuicola.cl\\\/new\\\/a-realizarse-en-puerto-varas-definen-comite-cientifico-para-importante-congreso-sobre-caligus\\\/\",\"url\":\"https:\\\/\\\/www.mundoacuicola.cl\\\/new\\\/a-realizarse-en-puerto-varas-definen-comite-cientifico-para-importante-congreso-sobre-caligus\\\/\",\"name\":\"A realizarse en Puerto Varas: Definen Comit\u00e9 Cient\u00edfico para importante congreso sobre Caligus - Mundoacuicola\",\"isPartOf\":{\"@id\":\"https:\\\/\\\/www.mundoacuicola.cl\\\/new\\\/#website\"},\"primaryImageOfPage\":{\"@id\":\"https:\\\/\\\/www.mundoacuicola.cl\\\/new\\\/a-realizarse-en-puerto-varas-definen-comite-cientifico-para-importante-congreso-sobre-caligus\\\/#primaryimage\"},\"image\":{\"@id\":\"https:\\\/\\\/www.mundoacuicola.cl\\\/new\\\/a-realizarse-en-puerto-varas-definen-comite-cientifico-para-importante-congreso-sobre-caligus\\\/#primaryimage\"},\"thumbnailUrl\":\"https:\\\/\\\/www.mundoacuicola.cl\\\/new\\\/wp-content\\\/uploads\\\/2023\\\/10\\\/ZERAcaligus.png\",\"datePublished\":\"2024-06-13T09:29:11+00:00\",\"dateModified\":\"2024-06-17T12:25:22+00:00\",\"description\":\"Segunda edici\u00f3n del Congreso Nacional sobre caligidosis en salmonicultura chilena se celebrar\u00e1 en octubre en Puerto Varas.\",\"breadcrumb\":{\"@id\":\"https:\\\/\\\/www.mundoacuicola.cl\\\/new\\\/a-realizarse-en-puerto-varas-definen-comite-cientifico-para-importante-congreso-sobre-caligus\\\/#breadcrumb\"},\"inLanguage\":\"es\",\"potentialAction\":[{\"@type\":\"ReadAction\",\"target\":[\"https:\\\/\\\/www.mundoacuicola.cl\\\/new\\\/a-realizarse-en-puerto-varas-definen-comite-cientifico-para-importante-congreso-sobre-caligus\\\/\"]}]},{\"@type\":\"ImageObject\",\"inLanguage\":\"es\",\"@id\":\"https:\\\/\\\/www.mundoacuicola.cl\\\/new\\\/a-realizarse-en-puerto-varas-definen-comite-cientifico-para-importante-congreso-sobre-caligus\\\/#primaryimage\",\"url\":\"https:\\\/\\\/www.mundoacuicola.cl\\\/new\\\/wp-content\\\/uploads\\\/2023\\\/10\\\/ZERAcaligus.png\",\"contentUrl\":\"https:\\\/\\\/www.mundoacuicola.cl\\\/new\\\/wp-content\\\/uploads\\\/2023\\\/10\\\/ZERAcaligus.png\",\"width\":750,\"height\":400},{\"@type\":\"BreadcrumbList\",\"@id\":\"https:\\\/\\\/www.mundoacuicola.cl\\\/new\\\/a-realizarse-en-puerto-varas-definen-comite-cientifico-para-importante-congreso-sobre-caligus\\\/#breadcrumb\",\"itemListElement\":[{\"@type\":\"ListItem\",\"position\":1,\"name\":\"Portada\",\"item\":\"https:\\\/\\\/www.mundoacuicola.cl\\\/new\\\/\"},{\"@type\":\"ListItem\",\"position\":2,\"name\":\"A realizarse en Puerto Varas: Definen Comit\u00e9 Cient\u00edfico para importante congreso sobre Caligus\"}]},{\"@type\":\"WebSite\",\"@id\":\"https:\\\/\\\/www.mundoacuicola.cl\\\/new\\\/#website\",\"url\":\"https:\\\/\\\/www.mundoacuicola.cl\\\/new\\\/\",\"name\":\"Mundoacuicola\",\"description\":\"Revista de Acuicultura.\",\"publisher\":{\"@id\":\"https:\\\/\\\/www.mundoacuicola.cl\\\/new\\\/#organization\"},\"potentialAction\":[{\"@type\":\"SearchAction\",\"target\":{\"@type\":\"EntryPoint\",\"urlTemplate\":\"https:\\\/\\\/www.mundoacuicola.cl\\\/new\\\/?s={search_term_string}\"},\"query-input\":{\"@type\":\"PropertyValueSpecification\",\"valueRequired\":true,\"valueName\":\"search_term_string\"}}],\"inLanguage\":\"es\"},{\"@type\":\"Organization\",\"@id\":\"https:\\\/\\\/www.mundoacuicola.cl\\\/new\\\/#organization\",\"name\":\"Mundoacuicola\",\"url\":\"https:\\\/\\\/www.mundoacuicola.cl\\\/new\\\/\",\"logo\":{\"@type\":\"ImageObject\",\"inLanguage\":\"es\",\"@id\":\"https:\\\/\\\/www.mundoacuicola.cl\\\/new\\\/#\\\/schema\\\/logo\\\/image\\\/\",\"url\":\"https:\\\/\\\/www.mundoacuicola.cl\\\/new\\\/wp-content\\\/uploads\\\/2026\\\/01\\\/cropped-LOGO-Mundo-Acuicola-2026.png\",\"contentUrl\":\"https:\\\/\\\/www.mundoacuicola.cl\\\/new\\\/wp-content\\\/uploads\\\/2026\\\/01\\\/cropped-LOGO-Mundo-Acuicola-2026.png\",\"width\":1252,\"height\":296,\"caption\":\"Mundoacuicola\"},\"image\":{\"@id\":\"https:\\\/\\\/www.mundoacuicola.cl\\\/new\\\/#\\\/schema\\\/logo\\\/image\\\/\"},\"sameAs\":[\"https:\\\/\\\/www.facebook.com\\\/mundo.acuicola\\\/\",\"https:\\\/\\\/x.com\\\/mundoacuicola\",\"https:\\\/\\\/www.linkedin.com\\\/in\\\/mundo-acuicola\"]},{\"@type\":\"Person\",\"@id\":\"https:\\\/\\\/www.mundoacuicola.cl\\\/new\\\/#\\\/schema\\\/person\\\/52cfe7e461eb2d30484965350ee34bdd\",\"name\":\"Ricardo Alvarez\",\"url\":\"https:\\\/\\\/www.mundoacuicola.cl\\\/new\\\/author\\\/ricardo\\\/\"}]}<\/script>\n<!-- \/ Yoast SEO plugin. -->","yoast_head_json":{"title":"A realizarse en Puerto Varas: Definen Comit\u00e9 Cient\u00edfico para importante congreso sobre Caligus - Mundoacuicola","description":"Segunda edici\u00f3n del Congreso Nacional sobre caligidosis en salmonicultura chilena se celebrar\u00e1 en octubre en Puerto Varas.","robots":{"index":"index","follow":"follow","max-snippet":"max-snippet:-1","max-image-preview":"max-image-preview:large","max-video-preview":"max-video-preview:-1"},"canonical":"https:\/\/www.mundoacuicola.cl\/new\/a-realizarse-en-puerto-varas-definen-comite-cientifico-para-importante-congreso-sobre-caligus\/","og_locale":"es_ES","og_type":"article","og_title":"A realizarse en Puerto Varas: Definen Comit\u00e9 Cient\u00edfico para importante congreso sobre Caligus - Mundoacuicola","og_description":"Segunda edici\u00f3n del Congreso Nacional sobre caligidosis en salmonicultura chilena se celebrar\u00e1 en octubre en Puerto Varas.","og_url":"https:\/\/www.mundoacuicola.cl\/new\/a-realizarse-en-puerto-varas-definen-comite-cientifico-para-importante-congreso-sobre-caligus\/","og_site_name":"Mundoacuicola","article_publisher":"https:\/\/www.facebook.com\/mundo.acuicola\/","article_published_time":"2024-06-13T09:29:11+00:00","article_modified_time":"2024-06-17T12:25:22+00:00","og_image":[{"width":750,"height":400,"url":"https:\/\/www.mundoacuicola.cl\/new\/wp-content\/uploads\/2023\/10\/ZERAcaligus.png","type":"image\/png"}],"author":"Ricardo Alvarez","twitter_card":"summary_large_image","twitter_creator":"@mundoacuicola","twitter_site":"@mundoacuicola","twitter_misc":{"Escrito por":"Ricardo Alvarez","Tiempo de lectura":"2 minutos"},"schema":{"@context":"https:\/\/schema.org","@graph":[{"@type":"Article","@id":"https:\/\/www.mundoacuicola.cl\/new\/a-realizarse-en-puerto-varas-definen-comite-cientifico-para-importante-congreso-sobre-caligus\/#article","isPartOf":{"@id":"https:\/\/www.mundoacuicola.cl\/new\/a-realizarse-en-puerto-varas-definen-comite-cientifico-para-importante-congreso-sobre-caligus\/"},"author":{"name":"Ricardo Alvarez","@id":"https:\/\/www.mundoacuicola.cl\/new\/#\/schema\/person\/52cfe7e461eb2d30484965350ee34bdd"},"headline":"A realizarse en Puerto Varas: Definen Comit\u00e9 Cient\u00edfico para importante congreso sobre Caligus","datePublished":"2024-06-13T09:29:11+00:00","dateModified":"2024-06-17T12:25:22+00:00","mainEntityOfPage":{"@id":"https:\/\/www.mundoacuicola.cl\/new\/a-realizarse-en-puerto-varas-definen-comite-cientifico-para-importante-congreso-sobre-caligus\/"},"wordCount":390,"publisher":{"@id":"https:\/\/www.mundoacuicola.cl\/new\/#organization"},"image":{"@id":"https:\/\/www.mundoacuicola.cl\/new\/a-realizarse-en-puerto-varas-definen-comite-cientifico-para-importante-congreso-sobre-caligus\/#primaryimage"},"thumbnailUrl":"https:\/\/www.mundoacuicola.cl\/new\/wp-content\/uploads\/2023\/10\/ZERAcaligus.png","keywords":["caligidosis","comit\u00e9 cient\u00edfico","Congreso Nacional","control","estrategias","Hotel Cumbres","Incar","Instituto de Fomento Pesquero","Investigaci\u00f3n","salmonicultura chilena","Universidad Austral","Universidad de Santiago"],"articleSection":["Eventos"],"inLanguage":"es"},{"@type":"WebPage","@id":"https:\/\/www.mundoacuicola.cl\/new\/a-realizarse-en-puerto-varas-definen-comite-cientifico-para-importante-congreso-sobre-caligus\/","url":"https:\/\/www.mundoacuicola.cl\/new\/a-realizarse-en-puerto-varas-definen-comite-cientifico-para-importante-congreso-sobre-caligus\/","name":"A realizarse en Puerto Varas: Definen Comit\u00e9 Cient\u00edfico para importante congreso sobre Caligus - Mundoacuicola","isPartOf":{"@id":"https:\/\/www.mundoacuicola.cl\/new\/#website"},"primaryImageOfPage":{"@id":"https:\/\/www.mundoacuicola.cl\/new\/a-realizarse-en-puerto-varas-definen-comite-cientifico-para-importante-congreso-sobre-caligus\/#primaryimage"},"image":{"@id":"https:\/\/www.mundoacuicola.cl\/new\/a-realizarse-en-puerto-varas-definen-comite-cientifico-para-importante-congreso-sobre-caligus\/#primaryimage"},"thumbnailUrl":"https:\/\/www.mundoacuicola.cl\/new\/wp-content\/uploads\/2023\/10\/ZERAcaligus.png","datePublished":"2024-06-13T09:29:11+00:00","dateModified":"2024-06-17T12:25:22+00:00","description":"Segunda edici\u00f3n del Congreso Nacional sobre caligidosis en salmonicultura chilena se celebrar\u00e1 en octubre en Puerto Varas.","breadcrumb":{"@id":"https:\/\/www.mundoacuicola.cl\/new\/a-realizarse-en-puerto-varas-definen-comite-cientifico-para-importante-congreso-sobre-caligus\/#breadcrumb"},"inLanguage":"es","potentialAction":[{"@type":"ReadAction","target":["https:\/\/www.mundoacuicola.cl\/new\/a-realizarse-en-puerto-varas-definen-comite-cientifico-para-importante-congreso-sobre-caligus\/"]}]},{"@type":"ImageObject","inLanguage":"es","@id":"https:\/\/www.mundoacuicola.cl\/new\/a-realizarse-en-puerto-varas-definen-comite-cientifico-para-importante-congreso-sobre-caligus\/#primaryimage","url":"https:\/\/www.mundoacuicola.cl\/new\/wp-content\/uploads\/2023\/10\/ZERAcaligus.png","contentUrl":"https:\/\/www.mundoacuicola.cl\/new\/wp-content\/uploads\/2023\/10\/ZERAcaligus.png","width":750,"height":400},{"@type":"BreadcrumbList","@id":"https:\/\/www.mundoacuicola.cl\/new\/a-realizarse-en-puerto-varas-definen-comite-cientifico-para-importante-congreso-sobre-caligus\/#breadcrumb","itemListElement":[{"@type":"ListItem","position":1,"name":"Portada","item":"https:\/\/www.mundoacuicola.cl\/new\/"},{"@type":"ListItem","position":2,"name":"A realizarse en Puerto Varas: Definen Comit\u00e9 Cient\u00edfico para importante congreso sobre Caligus"}]},{"@type":"WebSite","@id":"https:\/\/www.mundoacuicola.cl\/new\/#website","url":"https:\/\/www.mundoacuicola.cl\/new\/","name":"Mundoacuicola","description":"Revista de Acuicultura.","publisher":{"@id":"https:\/\/www.mundoacuicola.cl\/new\/#organization"},"potentialAction":[{"@type":"SearchAction","target":{"@type":"EntryPoint","urlTemplate":"https:\/\/www.mundoacuicola.cl\/new\/?s={search_term_string}"},"query-input":{"@type":"PropertyValueSpecification","valueRequired":true,"valueName":"search_term_string"}}],"inLanguage":"es"},{"@type":"Organization","@id":"https:\/\/www.mundoacuicola.cl\/new\/#organization","name":"Mundoacuicola","url":"https:\/\/www.mundoacuicola.cl\/new\/","logo":{"@type":"ImageObject","inLanguage":"es","@id":"https:\/\/www.mundoacuicola.cl\/new\/#\/schema\/logo\/image\/","url":"https:\/\/www.mundoacuicola.cl\/new\/wp-content\/uploads\/2026\/01\/cropped-LOGO-Mundo-Acuicola-2026.png","contentUrl":"https:\/\/www.mundoacuicola.cl\/new\/wp-content\/uploads\/2026\/01\/cropped-LOGO-Mundo-Acuicola-2026.png","width":1252,"height":296,"caption":"Mundoacuicola"},"image":{"@id":"https:\/\/www.mundoacuicola.cl\/new\/#\/schema\/logo\/image\/"},"sameAs":["https:\/\/www.facebook.com\/mundo.acuicola\/","https:\/\/x.com\/mundoacuicola","https:\/\/www.linkedin.com\/in\/mundo-acuicola"]},{"@type":"Person","@id":"https:\/\/www.mundoacuicola.cl\/new\/#\/schema\/person\/52cfe7e461eb2d30484965350ee34bdd","name":"Ricardo Alvarez","url":"https:\/\/www.mundoacuicola.cl\/new\/author\/ricardo\/"}]}},"_links":{"self":[{"href":"https:\/\/www.mundoacuicola.cl\/new\/wp-json\/wp\/v2\/posts\/64405","targetHints":{"allow":["GET"]}}],"collection":[{"href":"https:\/\/www.mundoacuicola.cl\/new\/wp-json\/wp\/v2\/posts"}],"about":[{"href":"https:\/\/www.mundoacuicola.cl\/new\/wp-json\/wp\/v2\/types\/post"}],"author":[{"embeddable":true,"href":"https:\/\/www.mundoacuicola.cl\/new\/wp-json\/wp\/v2\/users\/8"}],"replies":[{"embeddable":true,"href":"https:\/\/www.mundoacuicola.cl\/new\/wp-json\/wp\/v2\/comments?post=64405"}],"version-history":[{"count":0,"href":"https:\/\/www.mundoacuicola.cl\/new\/wp-json\/wp\/v2\/posts\/64405\/revisions"}],"wp:featuredmedia":[{"embeddable":true,"href":"https:\/\/www.mundoacuicola.cl\/new\/wp-json\/wp\/v2\/media\/56717"}],"wp:attachment":[{"href":"https:\/\/www.mundoacuicola.cl\/new\/wp-json\/wp\/v2\/media?parent=64405"}],"wp:term":[{"taxonomy":"category","embeddable":true,"href":"https:\/\/www.mundoacuicola.cl\/new\/wp-json\/wp\/v2\/categories?post=64405"},{"taxonomy":"post_tag","embeddable":true,"href":"https:\/\/www.mundoacuicola.cl\/new\/wp-json\/wp\/v2\/tags?post=64405"}],"curies":[{"name":"wp","href":"https:\/\/api.w.org\/{rel}","templated":true}]}}