{"id":65103,"date":"2024-07-04T06:10:08","date_gmt":"2024-07-04T09:10:08","guid":{"rendered":"https:\/\/www.mundoacuicola.cl\/new\/?p=65103"},"modified":"2024-07-08T12:01:52","modified_gmt":"2024-07-08T15:01:52","slug":"eduardo-frei-ruiz-tagle-creo-que-la-salmonicultura-tiene-que-desarrollarse-mucho-mas","status":"publish","type":"post","link":"https:\/\/www.mundoacuicola.cl\/new\/eduardo-frei-ruiz-tagle-creo-que-la-salmonicultura-tiene-que-desarrollarse-mucho-mas\/","title":{"rendered":"Eduardo Frei Ruiz-Tagle: \u00abCreo que la salmonicultura tiene que desarrollarse mucho m\u00e1s\u201d"},"content":{"rendered":"<p><span style=\"font-weight: 400;\"><b><span lang=\"es-CL\"><span lang=\"ES-TRAD\"><a href=\"https:\/\/www.alloyingenieria.com\/\"><img fetchpriority=\"high\" decoding=\"async\" class=\"wp-image-55815 size-full alignright\" src=\"https:\/\/www.mundoacuicola.cl\/new\/wp-content\/uploads\/2023\/09\/Gif-Alloy.gif\" alt=\"\" width=\"300\" height=\"300\" \/><\/a><\/span><\/span><\/b>Tan solo quedan cinco d\u00edas para que m\u00e1s de 900 personas se re\u00fanan en el Teatro del Lago de Frutillar, para participar en la primera versi\u00f3n del \u201cSalm\u00f3n Summit 2024: Potenciando la salmonicultura chilena al 2050\u201d, una iniciativa que busca conversar sobre materias como el desarrollo econ\u00f3mico, el bienestar social y la mirada hacia el futuro del sector productivo con la gran cadena de valor que est\u00e1 por detr\u00e1s.\u00a0<\/span><\/p>\n<p><span style=\"font-weight: 400;\">Para ello, uno de los expositores ser\u00e1 el expresidente de la rep\u00fablica Eduardo Frei, quien abordar\u00e1 los desaf\u00edos y oportunidades que se tiene para los pr\u00f3ximos a\u00f1os. \u201cLa industria del salm\u00f3n se ha desarrollado en los \u00faltimos 30 a\u00f1os de una manera excepcional, siendo un ejemplo a nivel internacional y un referente de lo que es posible hacer cuando un pa\u00eds toma las decisiones y cuando se invierte en los recursos que se pueden desarrollar en esta materia. Por eso tenemos que pensar en los pr\u00f3ximos a\u00f1os. Hay problemas, hay dificultades, pero yo creo que la salmonicultura tiene que desarrollarse mucho m\u00e1s\u201d, expres\u00f3 el exmandatario.<\/span><\/p>\n<p><span style=\"font-weight: 400;\">Por su parte, el exsenador y actual vicepresidente ejecutivo de la Fundaci\u00f3n Encuentros del Futuro, Guido Girardi, presentar\u00e1 sobre la sostenibilidad ambiental e indic\u00f3 que \u201cChile tiene el oc\u00e9ano m\u00e1s productivo del planeta. Y, por lo tanto, tenemos una posibilidad de ayudar a la humanidad, adem\u00e1s de que nos genere desarrollo. En eso est\u00e1, por ejemplo, la salmonicultura. Y Chile tiene que hacer una mejor salmonicultura. \u00bfPara qu\u00e9? Para que podamos proveer de \u00e1cido graso, de omega-3, de prote\u00ednas al mundo entero. Y adem\u00e1s yo creo que tambi\u00e9n la industria tiene que desarrollar una acuicultura de especies nativas\u201d.<\/span><\/p>\n<p><span style=\"font-weight: 400;\"><b><span lang=\"ES-TRAD\"><strong><a href=\"https:\/\/www.mundoacuicola.cl\/medios\/?url_camp=26\" target=\"_blank\" rel=\"https:\/\/www.mundoacuicola.cl\/medios\/?url_camp=26 noopener\"><img decoding=\"async\" class=\"alignleft\" src=\"https:\/\/www.mundoacuicola.cl\/medios\/?camp=26\" alt=\"\" width=\"300\" height=\"250\" \/><\/a><\/strong><\/span><\/b>Durante la jornada tambi\u00e9n participar\u00e1n el presidente de la CPC, Ricardo Mewes; el presidente de la Comisi\u00f3n Nacional de Evaluaci\u00f3n y Productividad, Raphael Bergoeing; la expresidenta ejecutiva de Sistema B Chile, Josefa Monge; la directora de Oceana Chile, Liesbeth van de Meer; el director acad\u00e9mico de la maestr\u00eda en Pol\u00edticas P\u00fablicas de la Universidad de Chile, \u00d3scar Landerretche; la exministra y actual directora de empresas, Vivianne Blanlot; el secretario general de la Sofofa, Rodrigo Y\u00e1\u00f1ez; y el director del Centro de Interdisciplinario para la Investigaci\u00f3n en Acuicultura (Incar), Renato Qui\u00f1ones.<\/span><\/p>\n<p><span style=\"font-weight: 400;\">El presidente de SalmonChile, Arturo Cl\u00e9ment, destac\u00f3 que \u201cestamos muy contentos por la convocatoria que ha tenido esta primera edici\u00f3n del Salm\u00f3n Summit, que busca poder convertir ideas en una pol\u00edtica p\u00fablica para nuestro sector productivo hacia el futuro, considerando las visiones de todos quienes han sido parte, de una manera u otra, de la salmonicultura. Los esperamos a todos el pr\u00f3ximo 10 de julio en el Teatro del Lago\u201d.<\/span><\/p>\n<p><span style=\"font-weight: 400;\">Cabe destacar que los auspiciadores del evento ser\u00e1n Biomar,\u00a0 Andes Integraci\u00f3n Log\u00edstica, CMPC, LATAM Cargo, BCI, Nachipa, Abbott, Veterquimica, Bioled, DSM, Benchmark Genetics, Keepex, Achs, AustralPack y Avka Group.<\/span><\/p>\n","protected":false},"excerpt":{"rendered":"<p>La iniciativa buscar\u00e1 conversar sobre materias como el desarrollo econ\u00f3mico, el bienestar social y la mirada hacia el futuro del sector productivo con la gran cadena de valor que est\u00e1 por detr\u00e1s.\u00a0<\/p>\n","protected":false},"author":8,"featured_media":65120,"comment_status":"closed","ping_status":"closed","sticky":false,"template":"","format":"standard","meta":{"footnotes":""},"categories":[60],"tags":[22859,204,18200,5867,12226,1874,5945,122,241,18799,19806,2878,22617,3447,18837,2400],"class_list":["post-65103","post","type-post","status-publish","format-standard","has-post-thumbnail","hentry","category-salmonicultura","tag-acido-graso","tag-bienestar-social","tag-desarrollo-economico","tag-eduardo-frei","tag-especies-nativas","tag-frutillar","tag-guido-girardi","tag-industria-acuicola","tag-omega-3","tag-politica-publica","tag-produccion-de-salmon","tag-proteinas","tag-salmon-summit-2024","tag-salmonicultura-chilena","tag-sostenibilidad-ambiental","tag-teatro-del-lago"],"yoast_head":"<!-- This site is optimized with the Yoast SEO plugin v27.5 - https:\/\/yoast.com\/product\/yoast-seo-wordpress\/ -->\n<title>Eduardo Frei Ruiz-Tagle: &quot;Creo que la salmonicultura tiene que desarrollarse mucho m\u00e1s\u201d - Mundoacuicola<\/title>\n<meta name=\"description\" content=\"La iniciativa buscar\u00e1 conversar sobre materias como el desarrollo econ\u00f3mico, el bienestar social y la mirada hacia el futuro del sector\" \/>\n<meta name=\"robots\" content=\"index, follow, max-snippet:-1, max-image-preview:large, max-video-preview:-1\" \/>\n<link rel=\"canonical\" href=\"https:\/\/www.mundoacuicola.cl\/new\/eduardo-frei-ruiz-tagle-creo-que-la-salmonicultura-tiene-que-desarrollarse-mucho-mas\/\" \/>\n<meta property=\"og:locale\" content=\"es_ES\" \/>\n<meta property=\"og:type\" content=\"article\" \/>\n<meta property=\"og:title\" content=\"Eduardo Frei Ruiz-Tagle: &quot;Creo que la salmonicultura tiene que desarrollarse mucho m\u00e1s\u201d - Mundoacuicola\" \/>\n<meta property=\"og:description\" content=\"La iniciativa buscar\u00e1 conversar sobre materias como el desarrollo econ\u00f3mico, el bienestar social y la mirada hacia el futuro del sector\" \/>\n<meta property=\"og:url\" content=\"https:\/\/www.mundoacuicola.cl\/new\/eduardo-frei-ruiz-tagle-creo-que-la-salmonicultura-tiene-que-desarrollarse-mucho-mas\/\" \/>\n<meta property=\"og:site_name\" content=\"Mundoacuicola\" \/>\n<meta property=\"article:publisher\" content=\"https:\/\/www.facebook.com\/mundo.acuicola\/\" \/>\n<meta property=\"article:published_time\" content=\"2024-07-04T09:10:08+00:00\" \/>\n<meta property=\"article:modified_time\" content=\"2024-07-08T15:01:52+00:00\" \/>\n<meta property=\"og:image\" content=\"https:\/\/www.mundoacuicola.cl\/new\/wp-content\/uploads\/2024\/07\/EduardoFreiSalmones.jpg\" \/>\n\t<meta property=\"og:image:width\" content=\"750\" \/>\n\t<meta property=\"og:image:height\" content=\"400\" \/>\n\t<meta property=\"og:image:type\" content=\"image\/jpeg\" \/>\n<meta name=\"author\" content=\"Ricardo Alvarez\" \/>\n<meta name=\"twitter:card\" content=\"summary_large_image\" \/>\n<meta name=\"twitter:creator\" content=\"@mundoacuicola\" \/>\n<meta name=\"twitter:site\" content=\"@mundoacuicola\" \/>\n<meta name=\"twitter:label1\" content=\"Escrito por\" \/>\n\t<meta name=\"twitter:data1\" content=\"Ricardo Alvarez\" \/>\n\t<meta name=\"twitter:label2\" content=\"Tiempo de lectura\" \/>\n\t<meta name=\"twitter:data2\" content=\"3 minutos\" \/>\n<script type=\"application\/ld+json\" class=\"yoast-schema-graph\">{\"@context\":\"https:\\\/\\\/schema.org\",\"@graph\":[{\"@type\":\"Article\",\"@id\":\"https:\\\/\\\/www.mundoacuicola.cl\\\/new\\\/eduardo-frei-ruiz-tagle-creo-que-la-salmonicultura-tiene-que-desarrollarse-mucho-mas\\\/#article\",\"isPartOf\":{\"@id\":\"https:\\\/\\\/www.mundoacuicola.cl\\\/new\\\/eduardo-frei-ruiz-tagle-creo-que-la-salmonicultura-tiene-que-desarrollarse-mucho-mas\\\/\"},\"author\":{\"name\":\"Ricardo Alvarez\",\"@id\":\"https:\\\/\\\/www.mundoacuicola.cl\\\/new\\\/#\\\/schema\\\/person\\\/52cfe7e461eb2d30484965350ee34bdd\"},\"headline\":\"Eduardo Frei Ruiz-Tagle: \u00abCreo que la salmonicultura tiene que desarrollarse mucho m\u00e1s\u201d\",\"datePublished\":\"2024-07-04T09:10:08+00:00\",\"dateModified\":\"2024-07-08T15:01:52+00:00\",\"mainEntityOfPage\":{\"@id\":\"https:\\\/\\\/www.mundoacuicola.cl\\\/new\\\/eduardo-frei-ruiz-tagle-creo-que-la-salmonicultura-tiene-que-desarrollarse-mucho-mas\\\/\"},\"wordCount\":513,\"publisher\":{\"@id\":\"https:\\\/\\\/www.mundoacuicola.cl\\\/new\\\/#organization\"},\"image\":{\"@id\":\"https:\\\/\\\/www.mundoacuicola.cl\\\/new\\\/eduardo-frei-ruiz-tagle-creo-que-la-salmonicultura-tiene-que-desarrollarse-mucho-mas\\\/#primaryimage\"},\"thumbnailUrl\":\"https:\\\/\\\/www.mundoacuicola.cl\\\/new\\\/wp-content\\\/uploads\\\/2024\\\/07\\\/EduardoFreiSalmones.jpg\",\"keywords\":[\"\u00e1cido graso\",\"Bienestar social\",\"desarrollo econ\u00f3mico\",\"Eduardo Frei\",\"especies nativas\",\"Frutillar\",\"Guido Girardi\",\"Industria Acu\u00edcola\",\"Omega 3\",\"pol\u00edtica p\u00fablica\",\"producci\u00f3n de salm\u00f3n\",\"prote\u00ednas\",\"Salm\u00f3n Summit 2024\",\"salmonicultura chilena\",\"sostenibilidad ambiental\",\"Teatro del Lago\"],\"articleSection\":[\"Salmonicultura\"],\"inLanguage\":\"es\"},{\"@type\":\"WebPage\",\"@id\":\"https:\\\/\\\/www.mundoacuicola.cl\\\/new\\\/eduardo-frei-ruiz-tagle-creo-que-la-salmonicultura-tiene-que-desarrollarse-mucho-mas\\\/\",\"url\":\"https:\\\/\\\/www.mundoacuicola.cl\\\/new\\\/eduardo-frei-ruiz-tagle-creo-que-la-salmonicultura-tiene-que-desarrollarse-mucho-mas\\\/\",\"name\":\"Eduardo Frei Ruiz-Tagle: \\\"Creo que la salmonicultura tiene que desarrollarse mucho m\u00e1s\u201d - Mundoacuicola\",\"isPartOf\":{\"@id\":\"https:\\\/\\\/www.mundoacuicola.cl\\\/new\\\/#website\"},\"primaryImageOfPage\":{\"@id\":\"https:\\\/\\\/www.mundoacuicola.cl\\\/new\\\/eduardo-frei-ruiz-tagle-creo-que-la-salmonicultura-tiene-que-desarrollarse-mucho-mas\\\/#primaryimage\"},\"image\":{\"@id\":\"https:\\\/\\\/www.mundoacuicola.cl\\\/new\\\/eduardo-frei-ruiz-tagle-creo-que-la-salmonicultura-tiene-que-desarrollarse-mucho-mas\\\/#primaryimage\"},\"thumbnailUrl\":\"https:\\\/\\\/www.mundoacuicola.cl\\\/new\\\/wp-content\\\/uploads\\\/2024\\\/07\\\/EduardoFreiSalmones.jpg\",\"datePublished\":\"2024-07-04T09:10:08+00:00\",\"dateModified\":\"2024-07-08T15:01:52+00:00\",\"description\":\"La iniciativa buscar\u00e1 conversar sobre materias como el desarrollo econ\u00f3mico, el bienestar social y la mirada hacia el futuro del sector\",\"breadcrumb\":{\"@id\":\"https:\\\/\\\/www.mundoacuicola.cl\\\/new\\\/eduardo-frei-ruiz-tagle-creo-que-la-salmonicultura-tiene-que-desarrollarse-mucho-mas\\\/#breadcrumb\"},\"inLanguage\":\"es\",\"potentialAction\":[{\"@type\":\"ReadAction\",\"target\":[\"https:\\\/\\\/www.mundoacuicola.cl\\\/new\\\/eduardo-frei-ruiz-tagle-creo-que-la-salmonicultura-tiene-que-desarrollarse-mucho-mas\\\/\"]}]},{\"@type\":\"ImageObject\",\"inLanguage\":\"es\",\"@id\":\"https:\\\/\\\/www.mundoacuicola.cl\\\/new\\\/eduardo-frei-ruiz-tagle-creo-que-la-salmonicultura-tiene-que-desarrollarse-mucho-mas\\\/#primaryimage\",\"url\":\"https:\\\/\\\/www.mundoacuicola.cl\\\/new\\\/wp-content\\\/uploads\\\/2024\\\/07\\\/EduardoFreiSalmones.jpg\",\"contentUrl\":\"https:\\\/\\\/www.mundoacuicola.cl\\\/new\\\/wp-content\\\/uploads\\\/2024\\\/07\\\/EduardoFreiSalmones.jpg\",\"width\":750,\"height\":400},{\"@type\":\"BreadcrumbList\",\"@id\":\"https:\\\/\\\/www.mundoacuicola.cl\\\/new\\\/eduardo-frei-ruiz-tagle-creo-que-la-salmonicultura-tiene-que-desarrollarse-mucho-mas\\\/#breadcrumb\",\"itemListElement\":[{\"@type\":\"ListItem\",\"position\":1,\"name\":\"Portada\",\"item\":\"https:\\\/\\\/www.mundoacuicola.cl\\\/new\\\/\"},{\"@type\":\"ListItem\",\"position\":2,\"name\":\"Eduardo Frei Ruiz-Tagle: \u00abCreo que la salmonicultura tiene que desarrollarse mucho m\u00e1s\u201d\"}]},{\"@type\":\"WebSite\",\"@id\":\"https:\\\/\\\/www.mundoacuicola.cl\\\/new\\\/#website\",\"url\":\"https:\\\/\\\/www.mundoacuicola.cl\\\/new\\\/\",\"name\":\"Mundoacuicola\",\"description\":\"Revista de Acuicultura.\",\"publisher\":{\"@id\":\"https:\\\/\\\/www.mundoacuicola.cl\\\/new\\\/#organization\"},\"potentialAction\":[{\"@type\":\"SearchAction\",\"target\":{\"@type\":\"EntryPoint\",\"urlTemplate\":\"https:\\\/\\\/www.mundoacuicola.cl\\\/new\\\/?s={search_term_string}\"},\"query-input\":{\"@type\":\"PropertyValueSpecification\",\"valueRequired\":true,\"valueName\":\"search_term_string\"}}],\"inLanguage\":\"es\"},{\"@type\":\"Organization\",\"@id\":\"https:\\\/\\\/www.mundoacuicola.cl\\\/new\\\/#organization\",\"name\":\"Mundoacuicola\",\"url\":\"https:\\\/\\\/www.mundoacuicola.cl\\\/new\\\/\",\"logo\":{\"@type\":\"ImageObject\",\"inLanguage\":\"es\",\"@id\":\"https:\\\/\\\/www.mundoacuicola.cl\\\/new\\\/#\\\/schema\\\/logo\\\/image\\\/\",\"url\":\"https:\\\/\\\/www.mundoacuicola.cl\\\/new\\\/wp-content\\\/uploads\\\/2026\\\/01\\\/cropped-LOGO-Mundo-Acuicola-2026.png\",\"contentUrl\":\"https:\\\/\\\/www.mundoacuicola.cl\\\/new\\\/wp-content\\\/uploads\\\/2026\\\/01\\\/cropped-LOGO-Mundo-Acuicola-2026.png\",\"width\":1252,\"height\":296,\"caption\":\"Mundoacuicola\"},\"image\":{\"@id\":\"https:\\\/\\\/www.mundoacuicola.cl\\\/new\\\/#\\\/schema\\\/logo\\\/image\\\/\"},\"sameAs\":[\"https:\\\/\\\/www.facebook.com\\\/mundo.acuicola\\\/\",\"https:\\\/\\\/x.com\\\/mundoacuicola\",\"https:\\\/\\\/www.linkedin.com\\\/in\\\/mundo-acuicola\"]},{\"@type\":\"Person\",\"@id\":\"https:\\\/\\\/www.mundoacuicola.cl\\\/new\\\/#\\\/schema\\\/person\\\/52cfe7e461eb2d30484965350ee34bdd\",\"name\":\"Ricardo Alvarez\",\"url\":\"https:\\\/\\\/www.mundoacuicola.cl\\\/new\\\/author\\\/ricardo\\\/\"}]}<\/script>\n<!-- \/ Yoast SEO plugin. -->","yoast_head_json":{"title":"Eduardo Frei Ruiz-Tagle: \"Creo que la salmonicultura tiene que desarrollarse mucho m\u00e1s\u201d - Mundoacuicola","description":"La iniciativa buscar\u00e1 conversar sobre materias como el desarrollo econ\u00f3mico, el bienestar social y la mirada hacia el futuro del sector","robots":{"index":"index","follow":"follow","max-snippet":"max-snippet:-1","max-image-preview":"max-image-preview:large","max-video-preview":"max-video-preview:-1"},"canonical":"https:\/\/www.mundoacuicola.cl\/new\/eduardo-frei-ruiz-tagle-creo-que-la-salmonicultura-tiene-que-desarrollarse-mucho-mas\/","og_locale":"es_ES","og_type":"article","og_title":"Eduardo Frei Ruiz-Tagle: \"Creo que la salmonicultura tiene que desarrollarse mucho m\u00e1s\u201d - Mundoacuicola","og_description":"La iniciativa buscar\u00e1 conversar sobre materias como el desarrollo econ\u00f3mico, el bienestar social y la mirada hacia el futuro del sector","og_url":"https:\/\/www.mundoacuicola.cl\/new\/eduardo-frei-ruiz-tagle-creo-que-la-salmonicultura-tiene-que-desarrollarse-mucho-mas\/","og_site_name":"Mundoacuicola","article_publisher":"https:\/\/www.facebook.com\/mundo.acuicola\/","article_published_time":"2024-07-04T09:10:08+00:00","article_modified_time":"2024-07-08T15:01:52+00:00","og_image":[{"width":750,"height":400,"url":"https:\/\/www.mundoacuicola.cl\/new\/wp-content\/uploads\/2024\/07\/EduardoFreiSalmones.jpg","type":"image\/jpeg"}],"author":"Ricardo Alvarez","twitter_card":"summary_large_image","twitter_creator":"@mundoacuicola","twitter_site":"@mundoacuicola","twitter_misc":{"Escrito por":"Ricardo Alvarez","Tiempo de lectura":"3 minutos"},"schema":{"@context":"https:\/\/schema.org","@graph":[{"@type":"Article","@id":"https:\/\/www.mundoacuicola.cl\/new\/eduardo-frei-ruiz-tagle-creo-que-la-salmonicultura-tiene-que-desarrollarse-mucho-mas\/#article","isPartOf":{"@id":"https:\/\/www.mundoacuicola.cl\/new\/eduardo-frei-ruiz-tagle-creo-que-la-salmonicultura-tiene-que-desarrollarse-mucho-mas\/"},"author":{"name":"Ricardo Alvarez","@id":"https:\/\/www.mundoacuicola.cl\/new\/#\/schema\/person\/52cfe7e461eb2d30484965350ee34bdd"},"headline":"Eduardo Frei Ruiz-Tagle: \u00abCreo que la salmonicultura tiene que desarrollarse mucho m\u00e1s\u201d","datePublished":"2024-07-04T09:10:08+00:00","dateModified":"2024-07-08T15:01:52+00:00","mainEntityOfPage":{"@id":"https:\/\/www.mundoacuicola.cl\/new\/eduardo-frei-ruiz-tagle-creo-que-la-salmonicultura-tiene-que-desarrollarse-mucho-mas\/"},"wordCount":513,"publisher":{"@id":"https:\/\/www.mundoacuicola.cl\/new\/#organization"},"image":{"@id":"https:\/\/www.mundoacuicola.cl\/new\/eduardo-frei-ruiz-tagle-creo-que-la-salmonicultura-tiene-que-desarrollarse-mucho-mas\/#primaryimage"},"thumbnailUrl":"https:\/\/www.mundoacuicola.cl\/new\/wp-content\/uploads\/2024\/07\/EduardoFreiSalmones.jpg","keywords":["\u00e1cido graso","Bienestar social","desarrollo econ\u00f3mico","Eduardo Frei","especies nativas","Frutillar","Guido Girardi","Industria Acu\u00edcola","Omega 3","pol\u00edtica p\u00fablica","producci\u00f3n de salm\u00f3n","prote\u00ednas","Salm\u00f3n Summit 2024","salmonicultura chilena","sostenibilidad ambiental","Teatro del Lago"],"articleSection":["Salmonicultura"],"inLanguage":"es"},{"@type":"WebPage","@id":"https:\/\/www.mundoacuicola.cl\/new\/eduardo-frei-ruiz-tagle-creo-que-la-salmonicultura-tiene-que-desarrollarse-mucho-mas\/","url":"https:\/\/www.mundoacuicola.cl\/new\/eduardo-frei-ruiz-tagle-creo-que-la-salmonicultura-tiene-que-desarrollarse-mucho-mas\/","name":"Eduardo Frei Ruiz-Tagle: \"Creo que la salmonicultura tiene que desarrollarse mucho m\u00e1s\u201d - Mundoacuicola","isPartOf":{"@id":"https:\/\/www.mundoacuicola.cl\/new\/#website"},"primaryImageOfPage":{"@id":"https:\/\/www.mundoacuicola.cl\/new\/eduardo-frei-ruiz-tagle-creo-que-la-salmonicultura-tiene-que-desarrollarse-mucho-mas\/#primaryimage"},"image":{"@id":"https:\/\/www.mundoacuicola.cl\/new\/eduardo-frei-ruiz-tagle-creo-que-la-salmonicultura-tiene-que-desarrollarse-mucho-mas\/#primaryimage"},"thumbnailUrl":"https:\/\/www.mundoacuicola.cl\/new\/wp-content\/uploads\/2024\/07\/EduardoFreiSalmones.jpg","datePublished":"2024-07-04T09:10:08+00:00","dateModified":"2024-07-08T15:01:52+00:00","description":"La iniciativa buscar\u00e1 conversar sobre materias como el desarrollo econ\u00f3mico, el bienestar social y la mirada hacia el futuro del sector","breadcrumb":{"@id":"https:\/\/www.mundoacuicola.cl\/new\/eduardo-frei-ruiz-tagle-creo-que-la-salmonicultura-tiene-que-desarrollarse-mucho-mas\/#breadcrumb"},"inLanguage":"es","potentialAction":[{"@type":"ReadAction","target":["https:\/\/www.mundoacuicola.cl\/new\/eduardo-frei-ruiz-tagle-creo-que-la-salmonicultura-tiene-que-desarrollarse-mucho-mas\/"]}]},{"@type":"ImageObject","inLanguage":"es","@id":"https:\/\/www.mundoacuicola.cl\/new\/eduardo-frei-ruiz-tagle-creo-que-la-salmonicultura-tiene-que-desarrollarse-mucho-mas\/#primaryimage","url":"https:\/\/www.mundoacuicola.cl\/new\/wp-content\/uploads\/2024\/07\/EduardoFreiSalmones.jpg","contentUrl":"https:\/\/www.mundoacuicola.cl\/new\/wp-content\/uploads\/2024\/07\/EduardoFreiSalmones.jpg","width":750,"height":400},{"@type":"BreadcrumbList","@id":"https:\/\/www.mundoacuicola.cl\/new\/eduardo-frei-ruiz-tagle-creo-que-la-salmonicultura-tiene-que-desarrollarse-mucho-mas\/#breadcrumb","itemListElement":[{"@type":"ListItem","position":1,"name":"Portada","item":"https:\/\/www.mundoacuicola.cl\/new\/"},{"@type":"ListItem","position":2,"name":"Eduardo Frei Ruiz-Tagle: \u00abCreo que la salmonicultura tiene que desarrollarse mucho m\u00e1s\u201d"}]},{"@type":"WebSite","@id":"https:\/\/www.mundoacuicola.cl\/new\/#website","url":"https:\/\/www.mundoacuicola.cl\/new\/","name":"Mundoacuicola","description":"Revista de Acuicultura.","publisher":{"@id":"https:\/\/www.mundoacuicola.cl\/new\/#organization"},"potentialAction":[{"@type":"SearchAction","target":{"@type":"EntryPoint","urlTemplate":"https:\/\/www.mundoacuicola.cl\/new\/?s={search_term_string}"},"query-input":{"@type":"PropertyValueSpecification","valueRequired":true,"valueName":"search_term_string"}}],"inLanguage":"es"},{"@type":"Organization","@id":"https:\/\/www.mundoacuicola.cl\/new\/#organization","name":"Mundoacuicola","url":"https:\/\/www.mundoacuicola.cl\/new\/","logo":{"@type":"ImageObject","inLanguage":"es","@id":"https:\/\/www.mundoacuicola.cl\/new\/#\/schema\/logo\/image\/","url":"https:\/\/www.mundoacuicola.cl\/new\/wp-content\/uploads\/2026\/01\/cropped-LOGO-Mundo-Acuicola-2026.png","contentUrl":"https:\/\/www.mundoacuicola.cl\/new\/wp-content\/uploads\/2026\/01\/cropped-LOGO-Mundo-Acuicola-2026.png","width":1252,"height":296,"caption":"Mundoacuicola"},"image":{"@id":"https:\/\/www.mundoacuicola.cl\/new\/#\/schema\/logo\/image\/"},"sameAs":["https:\/\/www.facebook.com\/mundo.acuicola\/","https:\/\/x.com\/mundoacuicola","https:\/\/www.linkedin.com\/in\/mundo-acuicola"]},{"@type":"Person","@id":"https:\/\/www.mundoacuicola.cl\/new\/#\/schema\/person\/52cfe7e461eb2d30484965350ee34bdd","name":"Ricardo Alvarez","url":"https:\/\/www.mundoacuicola.cl\/new\/author\/ricardo\/"}]}},"_links":{"self":[{"href":"https:\/\/www.mundoacuicola.cl\/new\/wp-json\/wp\/v2\/posts\/65103","targetHints":{"allow":["GET"]}}],"collection":[{"href":"https:\/\/www.mundoacuicola.cl\/new\/wp-json\/wp\/v2\/posts"}],"about":[{"href":"https:\/\/www.mundoacuicola.cl\/new\/wp-json\/wp\/v2\/types\/post"}],"author":[{"embeddable":true,"href":"https:\/\/www.mundoacuicola.cl\/new\/wp-json\/wp\/v2\/users\/8"}],"replies":[{"embeddable":true,"href":"https:\/\/www.mundoacuicola.cl\/new\/wp-json\/wp\/v2\/comments?post=65103"}],"version-history":[{"count":0,"href":"https:\/\/www.mundoacuicola.cl\/new\/wp-json\/wp\/v2\/posts\/65103\/revisions"}],"wp:featuredmedia":[{"embeddable":true,"href":"https:\/\/www.mundoacuicola.cl\/new\/wp-json\/wp\/v2\/media\/65120"}],"wp:attachment":[{"href":"https:\/\/www.mundoacuicola.cl\/new\/wp-json\/wp\/v2\/media?parent=65103"}],"wp:term":[{"taxonomy":"category","embeddable":true,"href":"https:\/\/www.mundoacuicola.cl\/new\/wp-json\/wp\/v2\/categories?post=65103"},{"taxonomy":"post_tag","embeddable":true,"href":"https:\/\/www.mundoacuicola.cl\/new\/wp-json\/wp\/v2\/tags?post=65103"}],"curies":[{"name":"wp","href":"https:\/\/api.w.org\/{rel}","templated":true}]}}