{"id":66434,"date":"2024-08-12T06:58:02","date_gmt":"2024-08-12T09:58:02","guid":{"rendered":"https:\/\/www.mundoacuicola.cl\/new\/?p=66434"},"modified":"2024-08-28T13:21:17","modified_gmt":"2024-08-28T16:21:17","slug":"empresas-salmoneras-valoran-seminario-realizado-por-imenco-aqua-chile","status":"publish","type":"post","link":"https:\/\/www.mundoacuicola.cl\/new\/empresas-salmoneras-valoran-seminario-realizado-por-imenco-aqua-chile\/","title":{"rendered":"Empresas salmoneras valoran seminario realizado por Imenco Aqua Chile"},"content":{"rendered":"<p><span style=\"font-weight: 400;\"><span lang=\"ES-PE\"><b><span lang=\"es-CL\"><span lang=\"ES-TRAD\"><a href=\"https:\/\/www.alloyingenieria.com\/\"><img fetchpriority=\"high\" decoding=\"async\" class=\"wp-image-55815 size-full alignright\" src=\"https:\/\/www.mundoacuicola.cl\/new\/wp-content\/uploads\/2023\/09\/Gif-Alloy.gif\" alt=\"\" width=\"300\" height=\"300\" \/><\/a><\/span><\/span><\/b><\/span><\/span>Durante la segunda semana de agosto, en Puerto Varas, se realiz\u00f3 el Seminario Internacional \u00abEnfoque Integral de Tecnolog\u00edas de Surgencia para Mitigaci\u00f3n de Floraciones Algales Nocivas (FANs)\u00bb, organizado por Imenco Aqua Chile. El evento reuni\u00f3 a expertos de la industria acu\u00edcola, el \u00e1mbito acad\u00e9mico y el sector asegurador, con el prop\u00f3sito de analizar los avances en las tecnolog\u00edas de surgencia, cruciales para mitigar los efectos adversos de las FANs en la acuicultura.<\/p>\n<p>Entre los ponentes, destac\u00f3 la participaci\u00f3n del Dr. Prem Thodi, Project Manager de C-CORE Canad\u00e1, quien present\u00f3 los resultados de un estudio realizado en Canad\u00e1 sobre los efectos de diferentes tecnolog\u00edas de surgencia en el mar. Tambi\u00e9n participaron Alejandro Cl\u00e9ment, Gerente General de Plancton Andino, quien habl\u00f3 sobre la oceanograf\u00eda de las FANs y su mitigaci\u00f3n; el Dr. Mauricio Urbina de la Universidad de Concepci\u00f3n, que expuso sobre las caracter\u00edsticas de un sistema de surgencia como medida de mitigaci\u00f3n para las FANs; Felipe Chacana, Gerente General de SF-MSE, quien analiz\u00f3 el costo de ciclo de vida en el transporte y producci\u00f3n de aire comprimido; y el Dr. Patricio D\u00edaz de la Universidad de Los Lagos, quien evalu\u00f3 nuevas estrategias de muestreo de floraciones algales nocivas en los fiordos patag\u00f3nicos.<\/p>\n<p>La importancia de este seminario tambi\u00e9n fue destacada por las principales empresas productoras de salm\u00f3n. Pamela Urrutia, jefa de gesti\u00f3n ambiental en Mowi Chile, expres\u00f3: \u201cInstancias como esta son muy necesarias para seguir aprendiendo c\u00f3mo cuidar nuestra biomasa. Desde 2016, en Mowi estamos muy interesados en generar m\u00e1s recursos para investigaci\u00f3n y as\u00ed aumentar la sobrevivencia de nuestra biomasa y disminuir los riesgos\u201d. Urrutia tambi\u00e9n resalt\u00f3 el valor de la vigilancia y la colaboraci\u00f3n con iniciativas como las impulsadas por Imenco para salvaguardar la salud de los cultivos.<\/p>\n<div style=\"flex: 1 1 300px; margin: 10px; max-width: 600px;\">\n        <iframe width=\"100%\" height=\"320\" src=\"https:\/\/www.youtube.com\/embed\/7BNkBbNpl_4?si=m1PFIOm5EzmBYXf-\" frameborder=\"0\" allow=\"accelerometer; autoplay; clipboard-write; encrypted-media; gyroscope; picture-in-picture\" allowfullscreen><\/iframe>\n    <\/div>\n<p>Por su parte, Oscar Hofmann, jefe de medio ambiente de Salmones Austral, coment\u00f3 sobre la creciente relevancia de las FANs en la industria, afirmando que \u201cel tema de FAN ha sido cada vez m\u00e1s recurrente en la empresa. Desde 2016, venimos haciendo seguimiento tanto a las comunidades fitoplanct\u00f3nicas como a los sistemas de surgencia. Es crucial conocer lo que est\u00e1 haciendo la industria y la \u00faltima tecnolog\u00eda disponible\u201d. Hofmann enfatiz\u00f3 la necesidad de protocolos de monitoreo y modelaci\u00f3n para anticipar fen\u00f3menos y tomar decisiones estrat\u00e9gicas.<\/p>\n<div style=\"flex: 1 1 300px; margin: 10px; max-width: 600px;\">\n        <iframe width=\"100%\" height=\"320\" src=\"https:\/\/www.youtube.com\/embed\/8HUQa2oycfc?si=SaC1NipqmaBdFkPl\" frameborder=\"0\" allow=\"accelerometer; autoplay; clipboard-write; encrypted-media; gyroscope; picture-in-picture\" allowfullscreen><\/iframe>\n    <\/div>\n<p>El seminario organizado por Imenco Aqua Chile no solo fue un espacio para el intercambio de conocimiento, sino tambi\u00e9n una oportunidad valiosa para que la industria y la academia colaboren en el desarrollo de soluciones innovadoras que enfrenten los desaf\u00edos de las FANs. Las valoraciones positivas de las empresas productoras de salm\u00f3n refuerzan la importancia de continuar fortaleciendo estas instancias de di\u00e1logo y aprendizaje conjunto.<\/p>\n","protected":false},"excerpt":{"rendered":"<p>Seminario en Puerto Varas reuni\u00f3 a expertos para analizar tecnolog\u00edas de surgencia en la mitigaci\u00f3n de FANs, destacando la colaboraci\u00f3n entre industria y academia para enfrentar desaf\u00edos en acuicultura.<\/p>\n","protected":false},"author":8,"featured_media":66435,"comment_status":"closed","ping_status":"closed","sticky":false,"template":"","format":"standard","meta":{"footnotes":""},"categories":[60],"tags":[143,6165,23353,16464,4022,2100,525,6147,23333],"class_list":["post-66434","post","type-post","status-publish","format-standard","has-post-thumbnail","hentry","category-salmonicultura","tag-acuicultura","tag-colaboracion","tag-floraciones-algales-nocivas-fans","tag-imenco-aqua-chile","tag-industria-del-salmon","tag-innovacion","tag-puerto-varas","tag-seminario-internacional","tag-tecnologias-de-surgencia"],"yoast_head":"<!-- This site is optimized with the Yoast SEO plugin v27.5 - https:\/\/yoast.com\/product\/yoast-seo-wordpress\/ -->\n<title>Empresas salmoneras valoran seminario realizado por Imenco Aqua Chile - Mundoacuicola<\/title>\n<meta name=\"description\" content=\"Seminario en Puerto Varas re\u00fane a expertos para analizar tecnolog\u00edas de surgencia en la mitigaci\u00f3n de FANs, destacando la colaboraci\u00f3n.\" \/>\n<meta name=\"robots\" content=\"index, follow, max-snippet:-1, max-image-preview:large, max-video-preview:-1\" \/>\n<link rel=\"canonical\" href=\"https:\/\/www.mundoacuicola.cl\/new\/empresas-salmoneras-valoran-seminario-realizado-por-imenco-aqua-chile\/\" \/>\n<meta property=\"og:locale\" content=\"es_ES\" \/>\n<meta property=\"og:type\" content=\"article\" \/>\n<meta property=\"og:title\" content=\"Empresas salmoneras valoran seminario realizado por Imenco Aqua Chile - Mundoacuicola\" \/>\n<meta property=\"og:description\" content=\"Seminario en Puerto Varas re\u00fane a expertos para analizar tecnolog\u00edas de surgencia en la mitigaci\u00f3n de FANs, destacando la colaboraci\u00f3n.\" \/>\n<meta property=\"og:url\" content=\"https:\/\/www.mundoacuicola.cl\/new\/empresas-salmoneras-valoran-seminario-realizado-por-imenco-aqua-chile\/\" \/>\n<meta property=\"og:site_name\" content=\"Mundoacuicola\" \/>\n<meta property=\"article:publisher\" content=\"https:\/\/www.facebook.com\/mundo.acuicola\/\" \/>\n<meta property=\"article:published_time\" content=\"2024-08-12T09:58:02+00:00\" \/>\n<meta property=\"article:modified_time\" content=\"2024-08-28T16:21:17+00:00\" \/>\n<meta property=\"og:image\" content=\"https:\/\/www.mundoacuicola.cl\/new\/wp-content\/uploads\/2024\/08\/SeminarioImencoProductoras.jpeg\" \/>\n\t<meta property=\"og:image:width\" content=\"750\" \/>\n\t<meta property=\"og:image:height\" content=\"400\" \/>\n\t<meta property=\"og:image:type\" content=\"image\/jpeg\" \/>\n<meta name=\"author\" content=\"Ricardo Alvarez\" \/>\n<meta name=\"twitter:card\" content=\"summary_large_image\" \/>\n<meta name=\"twitter:creator\" content=\"@mundoacuicola\" \/>\n<meta name=\"twitter:site\" content=\"@mundoacuicola\" \/>\n<meta name=\"twitter:label1\" content=\"Escrito por\" \/>\n\t<meta name=\"twitter:data1\" content=\"Ricardo Alvarez\" \/>\n\t<meta name=\"twitter:label2\" content=\"Tiempo de lectura\" \/>\n\t<meta name=\"twitter:data2\" content=\"3 minutos\" \/>\n<script type=\"application\/ld+json\" class=\"yoast-schema-graph\">{\"@context\":\"https:\\\/\\\/schema.org\",\"@graph\":[{\"@type\":\"Article\",\"@id\":\"https:\\\/\\\/www.mundoacuicola.cl\\\/new\\\/empresas-salmoneras-valoran-seminario-realizado-por-imenco-aqua-chile\\\/#article\",\"isPartOf\":{\"@id\":\"https:\\\/\\\/www.mundoacuicola.cl\\\/new\\\/empresas-salmoneras-valoran-seminario-realizado-por-imenco-aqua-chile\\\/\"},\"author\":{\"name\":\"Ricardo Alvarez\",\"@id\":\"https:\\\/\\\/www.mundoacuicola.cl\\\/new\\\/#\\\/schema\\\/person\\\/52cfe7e461eb2d30484965350ee34bdd\"},\"headline\":\"Empresas salmoneras valoran seminario realizado por Imenco Aqua Chile\",\"datePublished\":\"2024-08-12T09:58:02+00:00\",\"dateModified\":\"2024-08-28T16:21:17+00:00\",\"mainEntityOfPage\":{\"@id\":\"https:\\\/\\\/www.mundoacuicola.cl\\\/new\\\/empresas-salmoneras-valoran-seminario-realizado-por-imenco-aqua-chile\\\/\"},\"wordCount\":482,\"publisher\":{\"@id\":\"https:\\\/\\\/www.mundoacuicola.cl\\\/new\\\/#organization\"},\"image\":{\"@id\":\"https:\\\/\\\/www.mundoacuicola.cl\\\/new\\\/empresas-salmoneras-valoran-seminario-realizado-por-imenco-aqua-chile\\\/#primaryimage\"},\"thumbnailUrl\":\"https:\\\/\\\/www.mundoacuicola.cl\\\/new\\\/wp-content\\\/uploads\\\/2024\\\/08\\\/SeminarioImencoProductoras.jpeg\",\"keywords\":[\"Acuicultura\",\"colaboraci\u00f3n\",\"Floraciones Algales Nocivas (FANs)\",\"Imenco Aqua Chile\",\"industria del salm\u00f3n\",\"Innovaci\u00f3n\",\"Puerto Varas\",\"Seminario Internacional\",\"Tecnolog\u00edas de Surgencia\"],\"articleSection\":[\"Salmonicultura\"],\"inLanguage\":\"es\"},{\"@type\":\"WebPage\",\"@id\":\"https:\\\/\\\/www.mundoacuicola.cl\\\/new\\\/empresas-salmoneras-valoran-seminario-realizado-por-imenco-aqua-chile\\\/\",\"url\":\"https:\\\/\\\/www.mundoacuicola.cl\\\/new\\\/empresas-salmoneras-valoran-seminario-realizado-por-imenco-aqua-chile\\\/\",\"name\":\"Empresas salmoneras valoran seminario realizado por Imenco Aqua Chile - Mundoacuicola\",\"isPartOf\":{\"@id\":\"https:\\\/\\\/www.mundoacuicola.cl\\\/new\\\/#website\"},\"primaryImageOfPage\":{\"@id\":\"https:\\\/\\\/www.mundoacuicola.cl\\\/new\\\/empresas-salmoneras-valoran-seminario-realizado-por-imenco-aqua-chile\\\/#primaryimage\"},\"image\":{\"@id\":\"https:\\\/\\\/www.mundoacuicola.cl\\\/new\\\/empresas-salmoneras-valoran-seminario-realizado-por-imenco-aqua-chile\\\/#primaryimage\"},\"thumbnailUrl\":\"https:\\\/\\\/www.mundoacuicola.cl\\\/new\\\/wp-content\\\/uploads\\\/2024\\\/08\\\/SeminarioImencoProductoras.jpeg\",\"datePublished\":\"2024-08-12T09:58:02+00:00\",\"dateModified\":\"2024-08-28T16:21:17+00:00\",\"description\":\"Seminario en Puerto Varas re\u00fane a expertos para analizar tecnolog\u00edas de surgencia en la mitigaci\u00f3n de FANs, destacando la colaboraci\u00f3n.\",\"breadcrumb\":{\"@id\":\"https:\\\/\\\/www.mundoacuicola.cl\\\/new\\\/empresas-salmoneras-valoran-seminario-realizado-por-imenco-aqua-chile\\\/#breadcrumb\"},\"inLanguage\":\"es\",\"potentialAction\":[{\"@type\":\"ReadAction\",\"target\":[\"https:\\\/\\\/www.mundoacuicola.cl\\\/new\\\/empresas-salmoneras-valoran-seminario-realizado-por-imenco-aqua-chile\\\/\"]}]},{\"@type\":\"ImageObject\",\"inLanguage\":\"es\",\"@id\":\"https:\\\/\\\/www.mundoacuicola.cl\\\/new\\\/empresas-salmoneras-valoran-seminario-realizado-por-imenco-aqua-chile\\\/#primaryimage\",\"url\":\"https:\\\/\\\/www.mundoacuicola.cl\\\/new\\\/wp-content\\\/uploads\\\/2024\\\/08\\\/SeminarioImencoProductoras.jpeg\",\"contentUrl\":\"https:\\\/\\\/www.mundoacuicola.cl\\\/new\\\/wp-content\\\/uploads\\\/2024\\\/08\\\/SeminarioImencoProductoras.jpeg\",\"width\":750,\"height\":400},{\"@type\":\"BreadcrumbList\",\"@id\":\"https:\\\/\\\/www.mundoacuicola.cl\\\/new\\\/empresas-salmoneras-valoran-seminario-realizado-por-imenco-aqua-chile\\\/#breadcrumb\",\"itemListElement\":[{\"@type\":\"ListItem\",\"position\":1,\"name\":\"Portada\",\"item\":\"https:\\\/\\\/www.mundoacuicola.cl\\\/new\\\/\"},{\"@type\":\"ListItem\",\"position\":2,\"name\":\"Empresas salmoneras valoran seminario realizado por Imenco Aqua Chile\"}]},{\"@type\":\"WebSite\",\"@id\":\"https:\\\/\\\/www.mundoacuicola.cl\\\/new\\\/#website\",\"url\":\"https:\\\/\\\/www.mundoacuicola.cl\\\/new\\\/\",\"name\":\"Mundoacuicola\",\"description\":\"Revista de Acuicultura.\",\"publisher\":{\"@id\":\"https:\\\/\\\/www.mundoacuicola.cl\\\/new\\\/#organization\"},\"potentialAction\":[{\"@type\":\"SearchAction\",\"target\":{\"@type\":\"EntryPoint\",\"urlTemplate\":\"https:\\\/\\\/www.mundoacuicola.cl\\\/new\\\/?s={search_term_string}\"},\"query-input\":{\"@type\":\"PropertyValueSpecification\",\"valueRequired\":true,\"valueName\":\"search_term_string\"}}],\"inLanguage\":\"es\"},{\"@type\":\"Organization\",\"@id\":\"https:\\\/\\\/www.mundoacuicola.cl\\\/new\\\/#organization\",\"name\":\"Mundoacuicola\",\"url\":\"https:\\\/\\\/www.mundoacuicola.cl\\\/new\\\/\",\"logo\":{\"@type\":\"ImageObject\",\"inLanguage\":\"es\",\"@id\":\"https:\\\/\\\/www.mundoacuicola.cl\\\/new\\\/#\\\/schema\\\/logo\\\/image\\\/\",\"url\":\"https:\\\/\\\/www.mundoacuicola.cl\\\/new\\\/wp-content\\\/uploads\\\/2026\\\/01\\\/cropped-LOGO-Mundo-Acuicola-2026.png\",\"contentUrl\":\"https:\\\/\\\/www.mundoacuicola.cl\\\/new\\\/wp-content\\\/uploads\\\/2026\\\/01\\\/cropped-LOGO-Mundo-Acuicola-2026.png\",\"width\":1252,\"height\":296,\"caption\":\"Mundoacuicola\"},\"image\":{\"@id\":\"https:\\\/\\\/www.mundoacuicola.cl\\\/new\\\/#\\\/schema\\\/logo\\\/image\\\/\"},\"sameAs\":[\"https:\\\/\\\/www.facebook.com\\\/mundo.acuicola\\\/\",\"https:\\\/\\\/x.com\\\/mundoacuicola\",\"https:\\\/\\\/www.linkedin.com\\\/in\\\/mundo-acuicola\"]},{\"@type\":\"Person\",\"@id\":\"https:\\\/\\\/www.mundoacuicola.cl\\\/new\\\/#\\\/schema\\\/person\\\/52cfe7e461eb2d30484965350ee34bdd\",\"name\":\"Ricardo Alvarez\",\"url\":\"https:\\\/\\\/www.mundoacuicola.cl\\\/new\\\/author\\\/ricardo\\\/\"}]}<\/script>\n<!-- \/ Yoast SEO plugin. -->","yoast_head_json":{"title":"Empresas salmoneras valoran seminario realizado por Imenco Aqua Chile - Mundoacuicola","description":"Seminario en Puerto Varas re\u00fane a expertos para analizar tecnolog\u00edas de surgencia en la mitigaci\u00f3n de FANs, destacando la colaboraci\u00f3n.","robots":{"index":"index","follow":"follow","max-snippet":"max-snippet:-1","max-image-preview":"max-image-preview:large","max-video-preview":"max-video-preview:-1"},"canonical":"https:\/\/www.mundoacuicola.cl\/new\/empresas-salmoneras-valoran-seminario-realizado-por-imenco-aqua-chile\/","og_locale":"es_ES","og_type":"article","og_title":"Empresas salmoneras valoran seminario realizado por Imenco Aqua Chile - Mundoacuicola","og_description":"Seminario en Puerto Varas re\u00fane a expertos para analizar tecnolog\u00edas de surgencia en la mitigaci\u00f3n de FANs, destacando la colaboraci\u00f3n.","og_url":"https:\/\/www.mundoacuicola.cl\/new\/empresas-salmoneras-valoran-seminario-realizado-por-imenco-aqua-chile\/","og_site_name":"Mundoacuicola","article_publisher":"https:\/\/www.facebook.com\/mundo.acuicola\/","article_published_time":"2024-08-12T09:58:02+00:00","article_modified_time":"2024-08-28T16:21:17+00:00","og_image":[{"width":750,"height":400,"url":"https:\/\/www.mundoacuicola.cl\/new\/wp-content\/uploads\/2024\/08\/SeminarioImencoProductoras.jpeg","type":"image\/jpeg"}],"author":"Ricardo Alvarez","twitter_card":"summary_large_image","twitter_creator":"@mundoacuicola","twitter_site":"@mundoacuicola","twitter_misc":{"Escrito por":"Ricardo Alvarez","Tiempo de lectura":"3 minutos"},"schema":{"@context":"https:\/\/schema.org","@graph":[{"@type":"Article","@id":"https:\/\/www.mundoacuicola.cl\/new\/empresas-salmoneras-valoran-seminario-realizado-por-imenco-aqua-chile\/#article","isPartOf":{"@id":"https:\/\/www.mundoacuicola.cl\/new\/empresas-salmoneras-valoran-seminario-realizado-por-imenco-aqua-chile\/"},"author":{"name":"Ricardo Alvarez","@id":"https:\/\/www.mundoacuicola.cl\/new\/#\/schema\/person\/52cfe7e461eb2d30484965350ee34bdd"},"headline":"Empresas salmoneras valoran seminario realizado por Imenco Aqua Chile","datePublished":"2024-08-12T09:58:02+00:00","dateModified":"2024-08-28T16:21:17+00:00","mainEntityOfPage":{"@id":"https:\/\/www.mundoacuicola.cl\/new\/empresas-salmoneras-valoran-seminario-realizado-por-imenco-aqua-chile\/"},"wordCount":482,"publisher":{"@id":"https:\/\/www.mundoacuicola.cl\/new\/#organization"},"image":{"@id":"https:\/\/www.mundoacuicola.cl\/new\/empresas-salmoneras-valoran-seminario-realizado-por-imenco-aqua-chile\/#primaryimage"},"thumbnailUrl":"https:\/\/www.mundoacuicola.cl\/new\/wp-content\/uploads\/2024\/08\/SeminarioImencoProductoras.jpeg","keywords":["Acuicultura","colaboraci\u00f3n","Floraciones Algales Nocivas (FANs)","Imenco Aqua Chile","industria del salm\u00f3n","Innovaci\u00f3n","Puerto Varas","Seminario Internacional","Tecnolog\u00edas de Surgencia"],"articleSection":["Salmonicultura"],"inLanguage":"es"},{"@type":"WebPage","@id":"https:\/\/www.mundoacuicola.cl\/new\/empresas-salmoneras-valoran-seminario-realizado-por-imenco-aqua-chile\/","url":"https:\/\/www.mundoacuicola.cl\/new\/empresas-salmoneras-valoran-seminario-realizado-por-imenco-aqua-chile\/","name":"Empresas salmoneras valoran seminario realizado por Imenco Aqua Chile - Mundoacuicola","isPartOf":{"@id":"https:\/\/www.mundoacuicola.cl\/new\/#website"},"primaryImageOfPage":{"@id":"https:\/\/www.mundoacuicola.cl\/new\/empresas-salmoneras-valoran-seminario-realizado-por-imenco-aqua-chile\/#primaryimage"},"image":{"@id":"https:\/\/www.mundoacuicola.cl\/new\/empresas-salmoneras-valoran-seminario-realizado-por-imenco-aqua-chile\/#primaryimage"},"thumbnailUrl":"https:\/\/www.mundoacuicola.cl\/new\/wp-content\/uploads\/2024\/08\/SeminarioImencoProductoras.jpeg","datePublished":"2024-08-12T09:58:02+00:00","dateModified":"2024-08-28T16:21:17+00:00","description":"Seminario en Puerto Varas re\u00fane a expertos para analizar tecnolog\u00edas de surgencia en la mitigaci\u00f3n de FANs, destacando la colaboraci\u00f3n.","breadcrumb":{"@id":"https:\/\/www.mundoacuicola.cl\/new\/empresas-salmoneras-valoran-seminario-realizado-por-imenco-aqua-chile\/#breadcrumb"},"inLanguage":"es","potentialAction":[{"@type":"ReadAction","target":["https:\/\/www.mundoacuicola.cl\/new\/empresas-salmoneras-valoran-seminario-realizado-por-imenco-aqua-chile\/"]}]},{"@type":"ImageObject","inLanguage":"es","@id":"https:\/\/www.mundoacuicola.cl\/new\/empresas-salmoneras-valoran-seminario-realizado-por-imenco-aqua-chile\/#primaryimage","url":"https:\/\/www.mundoacuicola.cl\/new\/wp-content\/uploads\/2024\/08\/SeminarioImencoProductoras.jpeg","contentUrl":"https:\/\/www.mundoacuicola.cl\/new\/wp-content\/uploads\/2024\/08\/SeminarioImencoProductoras.jpeg","width":750,"height":400},{"@type":"BreadcrumbList","@id":"https:\/\/www.mundoacuicola.cl\/new\/empresas-salmoneras-valoran-seminario-realizado-por-imenco-aqua-chile\/#breadcrumb","itemListElement":[{"@type":"ListItem","position":1,"name":"Portada","item":"https:\/\/www.mundoacuicola.cl\/new\/"},{"@type":"ListItem","position":2,"name":"Empresas salmoneras valoran seminario realizado por Imenco Aqua Chile"}]},{"@type":"WebSite","@id":"https:\/\/www.mundoacuicola.cl\/new\/#website","url":"https:\/\/www.mundoacuicola.cl\/new\/","name":"Mundoacuicola","description":"Revista de Acuicultura.","publisher":{"@id":"https:\/\/www.mundoacuicola.cl\/new\/#organization"},"potentialAction":[{"@type":"SearchAction","target":{"@type":"EntryPoint","urlTemplate":"https:\/\/www.mundoacuicola.cl\/new\/?s={search_term_string}"},"query-input":{"@type":"PropertyValueSpecification","valueRequired":true,"valueName":"search_term_string"}}],"inLanguage":"es"},{"@type":"Organization","@id":"https:\/\/www.mundoacuicola.cl\/new\/#organization","name":"Mundoacuicola","url":"https:\/\/www.mundoacuicola.cl\/new\/","logo":{"@type":"ImageObject","inLanguage":"es","@id":"https:\/\/www.mundoacuicola.cl\/new\/#\/schema\/logo\/image\/","url":"https:\/\/www.mundoacuicola.cl\/new\/wp-content\/uploads\/2026\/01\/cropped-LOGO-Mundo-Acuicola-2026.png","contentUrl":"https:\/\/www.mundoacuicola.cl\/new\/wp-content\/uploads\/2026\/01\/cropped-LOGO-Mundo-Acuicola-2026.png","width":1252,"height":296,"caption":"Mundoacuicola"},"image":{"@id":"https:\/\/www.mundoacuicola.cl\/new\/#\/schema\/logo\/image\/"},"sameAs":["https:\/\/www.facebook.com\/mundo.acuicola\/","https:\/\/x.com\/mundoacuicola","https:\/\/www.linkedin.com\/in\/mundo-acuicola"]},{"@type":"Person","@id":"https:\/\/www.mundoacuicola.cl\/new\/#\/schema\/person\/52cfe7e461eb2d30484965350ee34bdd","name":"Ricardo Alvarez","url":"https:\/\/www.mundoacuicola.cl\/new\/author\/ricardo\/"}]}},"_links":{"self":[{"href":"https:\/\/www.mundoacuicola.cl\/new\/wp-json\/wp\/v2\/posts\/66434","targetHints":{"allow":["GET"]}}],"collection":[{"href":"https:\/\/www.mundoacuicola.cl\/new\/wp-json\/wp\/v2\/posts"}],"about":[{"href":"https:\/\/www.mundoacuicola.cl\/new\/wp-json\/wp\/v2\/types\/post"}],"author":[{"embeddable":true,"href":"https:\/\/www.mundoacuicola.cl\/new\/wp-json\/wp\/v2\/users\/8"}],"replies":[{"embeddable":true,"href":"https:\/\/www.mundoacuicola.cl\/new\/wp-json\/wp\/v2\/comments?post=66434"}],"version-history":[{"count":0,"href":"https:\/\/www.mundoacuicola.cl\/new\/wp-json\/wp\/v2\/posts\/66434\/revisions"}],"wp:featuredmedia":[{"embeddable":true,"href":"https:\/\/www.mundoacuicola.cl\/new\/wp-json\/wp\/v2\/media\/66435"}],"wp:attachment":[{"href":"https:\/\/www.mundoacuicola.cl\/new\/wp-json\/wp\/v2\/media?parent=66434"}],"wp:term":[{"taxonomy":"category","embeddable":true,"href":"https:\/\/www.mundoacuicola.cl\/new\/wp-json\/wp\/v2\/categories?post=66434"},{"taxonomy":"post_tag","embeddable":true,"href":"https:\/\/www.mundoacuicola.cl\/new\/wp-json\/wp\/v2\/tags?post=66434"}],"curies":[{"name":"wp","href":"https:\/\/api.w.org\/{rel}","templated":true}]}}