{"id":67178,"date":"2024-09-01T22:07:06","date_gmt":"2024-09-02T01:07:06","guid":{"rendered":"https:\/\/www.mundoacuicola.cl\/new\/?p=67178"},"modified":"2024-09-03T11:53:39","modified_gmt":"2024-09-03T14:53:39","slug":"ventisqueros-participa-en-evento-de-integridad-empresarial-en-america-latina","status":"publish","type":"post","link":"https:\/\/www.mundoacuicola.cl\/new\/ventisqueros-participa-en-evento-de-integridad-empresarial-en-america-latina\/","title":{"rendered":"Ventisqueros participa en evento de integridad empresarial en Am\u00e9rica Latina"},"content":{"rendered":"<p><span style=\"font-weight: 300;\"><span style=\"font-weight: 400;\"><span lang=\"ES-PE\"><b><span lang=\"es-CL\"><span lang=\"ES-TRAD\"><a href=\"https:\/\/www.alloyingenieria.com\/\"><img fetchpriority=\"high\" decoding=\"async\" class=\"wp-image-55815 size-full alignright\" src=\"https:\/\/www.mundoacuicola.cl\/new\/wp-content\/uploads\/2023\/09\/Gif-Alloy.gif\" alt=\"\" width=\"300\" height=\"300\" \/><\/a><\/span><\/span><\/b><\/span><\/span>Ventisqueros reafirm\u00f3 su compromiso con la integridad empresarial y la sostenibilidad participando en la 9\u00aa Semana Regional de Integridad Empresarial en Am\u00e9rica Latina, donde se discutieron temas fundamentales para el futuro de las diferentes industrias.<\/span><\/p>\n<p><span style=\"font-weight: 300;\">En representaci\u00f3n de la empresa, Franz Schwerter Contralor y Oficial de Cumplimiento de Ventisqueros, particip\u00f3 del panel \u00abDesaf\u00edos y oportunidades en materia de integridad de la industria y el impacto en el medio ambiente\u00bb, organizado por la AHK Chile (C\u00e1mara de Comercio Chileno Alemana) y Aliance for Integrity. Siendo un momento para profundizar y robustecer la cultura de integridad, y de esta manera hacer las cosas bien, aunque nadie este mirando, frase que representa a Ventisqueros en <\/span><span style=\"font-weight: 300;\">su operaci\u00f3n.<\/span><\/p>\n<h2><strong><span style=\"font-weight: 400;\"><b><span lang=\"ES-TRAD\"><a href=\"https:\/\/www.mundoacuicola.cl\/medios\/?url_camp=26\" target=\"_blank\" rel=\"https:\/\/www.mundoacuicola.cl\/medios\/?url_camp=26 noopener\"><img decoding=\"async\" class=\"alignleft\" src=\"https:\/\/www.mundoacuicola.cl\/medios\/?camp=26\" alt=\"\" width=\"300\" height=\"250\" \/><\/a><\/span><\/b><\/span><\/strong><\/h2>\n<p><span style=\"font-weight: 300;\">En su intervenci\u00f3n, Franz destac\u00f3 que \u00abel compliance es un pilar cultural y estrat\u00e9gico en una organizaci\u00f3n. No se trata solo de cumplir la ley, sino de ir m\u00e1s all\u00e1 en cuanto a los est\u00e1ndares y hacerlo por convicci\u00f3n\u00bb. Este enfoque va m\u00e1s all\u00e1 de lo normativo, buscando siempre establecer los m\u00e1s altos est\u00e1ndares de \u00e9tica y transparencia en todas las operaciones.<\/span><\/p>\n<p><span style=\"font-weight: 300;\">El panel tambi\u00e9n discuti\u00f3 c\u00f3mo la digitalizaci\u00f3n y los nuevos desaf\u00edos tecnol\u00f3gicos pueden influir en la integridad empresarial y el impacto ambiental. Inspirarse en las buenas pr\u00e1cticas de otras compa\u00f1\u00edas y contar con el apoyo de instituciones es clave para consolidar este camino hacia una mayor integridad. Este 2024, y por quinto a\u00f1o consecutivo, Ventisqueros participar\u00e1 del Bar\u00f3metro Empresarial de FGE, una herramienta fundamental para identificar desaf\u00edos y oportunidades de mejora en materia de integridad y otros aspectos relevantes.<\/span><\/p>\n","protected":false},"excerpt":{"rendered":"<p>En representaci\u00f3n de la empresa, Franz Schwerter Contralor y Oficial de Cumplimiento de Ventisqueros, particip\u00f3 del panel \u00abDesaf\u00edos y oportunidades en materia de integridad de la industria y el impacto en el medio ambiente\u00bb.<\/p>\n","protected":false},"author":8,"featured_media":67179,"comment_status":"closed","ping_status":"closed","sticky":false,"template":"","format":"standard","meta":{"footnotes":""},"categories":[2],"tags":[1261,143,23566,10485,23565,184,197,3477,649],"class_list":["post-67178","post","type-post","status-publish","format-standard","has-post-thumbnail","hentry","category-negocios","tag-acuicola","tag-acuicultura","tag-camara-de-comercio-chileno-alemana","tag-compliance","tag-franz-schwerter","tag-salmon","tag-salmonicultura","tag-sostenibilidad","tag-ventisqueros"],"yoast_head":"<!-- This site is optimized with the Yoast SEO plugin v27.5 - https:\/\/yoast.com\/product\/yoast-seo-wordpress\/ -->\n<title>Ventisqueros participa en evento de integridad empresarial en Am\u00e9rica Latina - Mundoacuicola<\/title>\n<meta name=\"description\" content=\"En representaci\u00f3n de la empresa, Franz Schwerter Contralor y Oficial de Cumplimiento de Ventisqueros, particip\u00f3 del panel\" \/>\n<meta name=\"robots\" content=\"index, follow, max-snippet:-1, max-image-preview:large, max-video-preview:-1\" \/>\n<link rel=\"canonical\" href=\"https:\/\/www.mundoacuicola.cl\/new\/ventisqueros-participa-en-evento-de-integridad-empresarial-en-america-latina\/\" \/>\n<meta property=\"og:locale\" content=\"es_ES\" \/>\n<meta property=\"og:type\" content=\"article\" \/>\n<meta property=\"og:title\" content=\"Ventisqueros participa en evento de integridad empresarial en Am\u00e9rica Latina - Mundoacuicola\" \/>\n<meta property=\"og:description\" content=\"En representaci\u00f3n de la empresa, Franz Schwerter Contralor y Oficial de Cumplimiento de Ventisqueros, particip\u00f3 del panel\" \/>\n<meta property=\"og:url\" content=\"https:\/\/www.mundoacuicola.cl\/new\/ventisqueros-participa-en-evento-de-integridad-empresarial-en-america-latina\/\" \/>\n<meta property=\"og:site_name\" content=\"Mundoacuicola\" \/>\n<meta property=\"article:publisher\" content=\"https:\/\/www.facebook.com\/mundo.acuicola\/\" \/>\n<meta property=\"article:published_time\" content=\"2024-09-02T01:07:06+00:00\" \/>\n<meta property=\"article:modified_time\" content=\"2024-09-03T14:53:39+00:00\" \/>\n<meta property=\"og:image\" content=\"https:\/\/www.mundoacuicola.cl\/new\/wp-content\/uploads\/2024\/09\/VentisquerosIntegridadEmpresarial.jpeg\" \/>\n\t<meta property=\"og:image:width\" content=\"750\" \/>\n\t<meta property=\"og:image:height\" content=\"400\" \/>\n\t<meta property=\"og:image:type\" content=\"image\/jpeg\" \/>\n<meta name=\"author\" content=\"Ricardo Alvarez\" \/>\n<meta name=\"twitter:card\" content=\"summary_large_image\" \/>\n<meta name=\"twitter:creator\" content=\"@mundoacuicola\" \/>\n<meta name=\"twitter:site\" content=\"@mundoacuicola\" \/>\n<meta name=\"twitter:label1\" content=\"Escrito por\" \/>\n\t<meta name=\"twitter:data1\" content=\"Ricardo Alvarez\" \/>\n\t<meta name=\"twitter:label2\" content=\"Tiempo de lectura\" \/>\n\t<meta name=\"twitter:data2\" content=\"2 minutos\" \/>\n<script type=\"application\/ld+json\" class=\"yoast-schema-graph\">{\"@context\":\"https:\\\/\\\/schema.org\",\"@graph\":[{\"@type\":\"Article\",\"@id\":\"https:\\\/\\\/www.mundoacuicola.cl\\\/new\\\/ventisqueros-participa-en-evento-de-integridad-empresarial-en-america-latina\\\/#article\",\"isPartOf\":{\"@id\":\"https:\\\/\\\/www.mundoacuicola.cl\\\/new\\\/ventisqueros-participa-en-evento-de-integridad-empresarial-en-america-latina\\\/\"},\"author\":{\"name\":\"Ricardo Alvarez\",\"@id\":\"https:\\\/\\\/www.mundoacuicola.cl\\\/new\\\/#\\\/schema\\\/person\\\/52cfe7e461eb2d30484965350ee34bdd\"},\"headline\":\"Ventisqueros participa en evento de integridad empresarial en Am\u00e9rica Latina\",\"datePublished\":\"2024-09-02T01:07:06+00:00\",\"dateModified\":\"2024-09-03T14:53:39+00:00\",\"mainEntityOfPage\":{\"@id\":\"https:\\\/\\\/www.mundoacuicola.cl\\\/new\\\/ventisqueros-participa-en-evento-de-integridad-empresarial-en-america-latina\\\/\"},\"wordCount\":288,\"publisher\":{\"@id\":\"https:\\\/\\\/www.mundoacuicola.cl\\\/new\\\/#organization\"},\"image\":{\"@id\":\"https:\\\/\\\/www.mundoacuicola.cl\\\/new\\\/ventisqueros-participa-en-evento-de-integridad-empresarial-en-america-latina\\\/#primaryimage\"},\"thumbnailUrl\":\"https:\\\/\\\/www.mundoacuicola.cl\\\/new\\\/wp-content\\\/uploads\\\/2024\\\/09\\\/VentisquerosIntegridadEmpresarial.jpeg\",\"keywords\":[\"Acu\u00edcola\",\"Acuicultura\",\"C\u00e1mara de Comercio Chileno Alemana\",\"Compliance\",\"Franz Schwerter\",\"Salm\u00f3n\",\"salmonicultura\",\"sostenibilidad\",\"Ventisqueros\"],\"articleSection\":[\"Negocios\"],\"inLanguage\":\"es\"},{\"@type\":\"WebPage\",\"@id\":\"https:\\\/\\\/www.mundoacuicola.cl\\\/new\\\/ventisqueros-participa-en-evento-de-integridad-empresarial-en-america-latina\\\/\",\"url\":\"https:\\\/\\\/www.mundoacuicola.cl\\\/new\\\/ventisqueros-participa-en-evento-de-integridad-empresarial-en-america-latina\\\/\",\"name\":\"Ventisqueros participa en evento de integridad empresarial en Am\u00e9rica Latina - Mundoacuicola\",\"isPartOf\":{\"@id\":\"https:\\\/\\\/www.mundoacuicola.cl\\\/new\\\/#website\"},\"primaryImageOfPage\":{\"@id\":\"https:\\\/\\\/www.mundoacuicola.cl\\\/new\\\/ventisqueros-participa-en-evento-de-integridad-empresarial-en-america-latina\\\/#primaryimage\"},\"image\":{\"@id\":\"https:\\\/\\\/www.mundoacuicola.cl\\\/new\\\/ventisqueros-participa-en-evento-de-integridad-empresarial-en-america-latina\\\/#primaryimage\"},\"thumbnailUrl\":\"https:\\\/\\\/www.mundoacuicola.cl\\\/new\\\/wp-content\\\/uploads\\\/2024\\\/09\\\/VentisquerosIntegridadEmpresarial.jpeg\",\"datePublished\":\"2024-09-02T01:07:06+00:00\",\"dateModified\":\"2024-09-03T14:53:39+00:00\",\"description\":\"En representaci\u00f3n de la empresa, Franz Schwerter Contralor y Oficial de Cumplimiento de Ventisqueros, particip\u00f3 del panel\",\"breadcrumb\":{\"@id\":\"https:\\\/\\\/www.mundoacuicola.cl\\\/new\\\/ventisqueros-participa-en-evento-de-integridad-empresarial-en-america-latina\\\/#breadcrumb\"},\"inLanguage\":\"es\",\"potentialAction\":[{\"@type\":\"ReadAction\",\"target\":[\"https:\\\/\\\/www.mundoacuicola.cl\\\/new\\\/ventisqueros-participa-en-evento-de-integridad-empresarial-en-america-latina\\\/\"]}]},{\"@type\":\"ImageObject\",\"inLanguage\":\"es\",\"@id\":\"https:\\\/\\\/www.mundoacuicola.cl\\\/new\\\/ventisqueros-participa-en-evento-de-integridad-empresarial-en-america-latina\\\/#primaryimage\",\"url\":\"https:\\\/\\\/www.mundoacuicola.cl\\\/new\\\/wp-content\\\/uploads\\\/2024\\\/09\\\/VentisquerosIntegridadEmpresarial.jpeg\",\"contentUrl\":\"https:\\\/\\\/www.mundoacuicola.cl\\\/new\\\/wp-content\\\/uploads\\\/2024\\\/09\\\/VentisquerosIntegridadEmpresarial.jpeg\",\"width\":750,\"height\":400},{\"@type\":\"BreadcrumbList\",\"@id\":\"https:\\\/\\\/www.mundoacuicola.cl\\\/new\\\/ventisqueros-participa-en-evento-de-integridad-empresarial-en-america-latina\\\/#breadcrumb\",\"itemListElement\":[{\"@type\":\"ListItem\",\"position\":1,\"name\":\"Portada\",\"item\":\"https:\\\/\\\/www.mundoacuicola.cl\\\/new\\\/\"},{\"@type\":\"ListItem\",\"position\":2,\"name\":\"Ventisqueros participa en evento de integridad empresarial en Am\u00e9rica Latina\"}]},{\"@type\":\"WebSite\",\"@id\":\"https:\\\/\\\/www.mundoacuicola.cl\\\/new\\\/#website\",\"url\":\"https:\\\/\\\/www.mundoacuicola.cl\\\/new\\\/\",\"name\":\"Mundoacuicola\",\"description\":\"Revista de Acuicultura.\",\"publisher\":{\"@id\":\"https:\\\/\\\/www.mundoacuicola.cl\\\/new\\\/#organization\"},\"potentialAction\":[{\"@type\":\"SearchAction\",\"target\":{\"@type\":\"EntryPoint\",\"urlTemplate\":\"https:\\\/\\\/www.mundoacuicola.cl\\\/new\\\/?s={search_term_string}\"},\"query-input\":{\"@type\":\"PropertyValueSpecification\",\"valueRequired\":true,\"valueName\":\"search_term_string\"}}],\"inLanguage\":\"es\"},{\"@type\":\"Organization\",\"@id\":\"https:\\\/\\\/www.mundoacuicola.cl\\\/new\\\/#organization\",\"name\":\"Mundoacuicola\",\"url\":\"https:\\\/\\\/www.mundoacuicola.cl\\\/new\\\/\",\"logo\":{\"@type\":\"ImageObject\",\"inLanguage\":\"es\",\"@id\":\"https:\\\/\\\/www.mundoacuicola.cl\\\/new\\\/#\\\/schema\\\/logo\\\/image\\\/\",\"url\":\"https:\\\/\\\/www.mundoacuicola.cl\\\/new\\\/wp-content\\\/uploads\\\/2026\\\/01\\\/cropped-LOGO-Mundo-Acuicola-2026.png\",\"contentUrl\":\"https:\\\/\\\/www.mundoacuicola.cl\\\/new\\\/wp-content\\\/uploads\\\/2026\\\/01\\\/cropped-LOGO-Mundo-Acuicola-2026.png\",\"width\":1252,\"height\":296,\"caption\":\"Mundoacuicola\"},\"image\":{\"@id\":\"https:\\\/\\\/www.mundoacuicola.cl\\\/new\\\/#\\\/schema\\\/logo\\\/image\\\/\"},\"sameAs\":[\"https:\\\/\\\/www.facebook.com\\\/mundo.acuicola\\\/\",\"https:\\\/\\\/x.com\\\/mundoacuicola\",\"https:\\\/\\\/www.linkedin.com\\\/in\\\/mundo-acuicola\"]},{\"@type\":\"Person\",\"@id\":\"https:\\\/\\\/www.mundoacuicola.cl\\\/new\\\/#\\\/schema\\\/person\\\/52cfe7e461eb2d30484965350ee34bdd\",\"name\":\"Ricardo Alvarez\",\"url\":\"https:\\\/\\\/www.mundoacuicola.cl\\\/new\\\/author\\\/ricardo\\\/\"}]}<\/script>\n<!-- \/ Yoast SEO plugin. -->","yoast_head_json":{"title":"Ventisqueros participa en evento de integridad empresarial en Am\u00e9rica Latina - Mundoacuicola","description":"En representaci\u00f3n de la empresa, Franz Schwerter Contralor y Oficial de Cumplimiento de Ventisqueros, particip\u00f3 del panel","robots":{"index":"index","follow":"follow","max-snippet":"max-snippet:-1","max-image-preview":"max-image-preview:large","max-video-preview":"max-video-preview:-1"},"canonical":"https:\/\/www.mundoacuicola.cl\/new\/ventisqueros-participa-en-evento-de-integridad-empresarial-en-america-latina\/","og_locale":"es_ES","og_type":"article","og_title":"Ventisqueros participa en evento de integridad empresarial en Am\u00e9rica Latina - Mundoacuicola","og_description":"En representaci\u00f3n de la empresa, Franz Schwerter Contralor y Oficial de Cumplimiento de Ventisqueros, particip\u00f3 del panel","og_url":"https:\/\/www.mundoacuicola.cl\/new\/ventisqueros-participa-en-evento-de-integridad-empresarial-en-america-latina\/","og_site_name":"Mundoacuicola","article_publisher":"https:\/\/www.facebook.com\/mundo.acuicola\/","article_published_time":"2024-09-02T01:07:06+00:00","article_modified_time":"2024-09-03T14:53:39+00:00","og_image":[{"width":750,"height":400,"url":"https:\/\/www.mundoacuicola.cl\/new\/wp-content\/uploads\/2024\/09\/VentisquerosIntegridadEmpresarial.jpeg","type":"image\/jpeg"}],"author":"Ricardo Alvarez","twitter_card":"summary_large_image","twitter_creator":"@mundoacuicola","twitter_site":"@mundoacuicola","twitter_misc":{"Escrito por":"Ricardo Alvarez","Tiempo de lectura":"2 minutos"},"schema":{"@context":"https:\/\/schema.org","@graph":[{"@type":"Article","@id":"https:\/\/www.mundoacuicola.cl\/new\/ventisqueros-participa-en-evento-de-integridad-empresarial-en-america-latina\/#article","isPartOf":{"@id":"https:\/\/www.mundoacuicola.cl\/new\/ventisqueros-participa-en-evento-de-integridad-empresarial-en-america-latina\/"},"author":{"name":"Ricardo Alvarez","@id":"https:\/\/www.mundoacuicola.cl\/new\/#\/schema\/person\/52cfe7e461eb2d30484965350ee34bdd"},"headline":"Ventisqueros participa en evento de integridad empresarial en Am\u00e9rica Latina","datePublished":"2024-09-02T01:07:06+00:00","dateModified":"2024-09-03T14:53:39+00:00","mainEntityOfPage":{"@id":"https:\/\/www.mundoacuicola.cl\/new\/ventisqueros-participa-en-evento-de-integridad-empresarial-en-america-latina\/"},"wordCount":288,"publisher":{"@id":"https:\/\/www.mundoacuicola.cl\/new\/#organization"},"image":{"@id":"https:\/\/www.mundoacuicola.cl\/new\/ventisqueros-participa-en-evento-de-integridad-empresarial-en-america-latina\/#primaryimage"},"thumbnailUrl":"https:\/\/www.mundoacuicola.cl\/new\/wp-content\/uploads\/2024\/09\/VentisquerosIntegridadEmpresarial.jpeg","keywords":["Acu\u00edcola","Acuicultura","C\u00e1mara de Comercio Chileno Alemana","Compliance","Franz Schwerter","Salm\u00f3n","salmonicultura","sostenibilidad","Ventisqueros"],"articleSection":["Negocios"],"inLanguage":"es"},{"@type":"WebPage","@id":"https:\/\/www.mundoacuicola.cl\/new\/ventisqueros-participa-en-evento-de-integridad-empresarial-en-america-latina\/","url":"https:\/\/www.mundoacuicola.cl\/new\/ventisqueros-participa-en-evento-de-integridad-empresarial-en-america-latina\/","name":"Ventisqueros participa en evento de integridad empresarial en Am\u00e9rica Latina - Mundoacuicola","isPartOf":{"@id":"https:\/\/www.mundoacuicola.cl\/new\/#website"},"primaryImageOfPage":{"@id":"https:\/\/www.mundoacuicola.cl\/new\/ventisqueros-participa-en-evento-de-integridad-empresarial-en-america-latina\/#primaryimage"},"image":{"@id":"https:\/\/www.mundoacuicola.cl\/new\/ventisqueros-participa-en-evento-de-integridad-empresarial-en-america-latina\/#primaryimage"},"thumbnailUrl":"https:\/\/www.mundoacuicola.cl\/new\/wp-content\/uploads\/2024\/09\/VentisquerosIntegridadEmpresarial.jpeg","datePublished":"2024-09-02T01:07:06+00:00","dateModified":"2024-09-03T14:53:39+00:00","description":"En representaci\u00f3n de la empresa, Franz Schwerter Contralor y Oficial de Cumplimiento de Ventisqueros, particip\u00f3 del panel","breadcrumb":{"@id":"https:\/\/www.mundoacuicola.cl\/new\/ventisqueros-participa-en-evento-de-integridad-empresarial-en-america-latina\/#breadcrumb"},"inLanguage":"es","potentialAction":[{"@type":"ReadAction","target":["https:\/\/www.mundoacuicola.cl\/new\/ventisqueros-participa-en-evento-de-integridad-empresarial-en-america-latina\/"]}]},{"@type":"ImageObject","inLanguage":"es","@id":"https:\/\/www.mundoacuicola.cl\/new\/ventisqueros-participa-en-evento-de-integridad-empresarial-en-america-latina\/#primaryimage","url":"https:\/\/www.mundoacuicola.cl\/new\/wp-content\/uploads\/2024\/09\/VentisquerosIntegridadEmpresarial.jpeg","contentUrl":"https:\/\/www.mundoacuicola.cl\/new\/wp-content\/uploads\/2024\/09\/VentisquerosIntegridadEmpresarial.jpeg","width":750,"height":400},{"@type":"BreadcrumbList","@id":"https:\/\/www.mundoacuicola.cl\/new\/ventisqueros-participa-en-evento-de-integridad-empresarial-en-america-latina\/#breadcrumb","itemListElement":[{"@type":"ListItem","position":1,"name":"Portada","item":"https:\/\/www.mundoacuicola.cl\/new\/"},{"@type":"ListItem","position":2,"name":"Ventisqueros participa en evento de integridad empresarial en Am\u00e9rica Latina"}]},{"@type":"WebSite","@id":"https:\/\/www.mundoacuicola.cl\/new\/#website","url":"https:\/\/www.mundoacuicola.cl\/new\/","name":"Mundoacuicola","description":"Revista de Acuicultura.","publisher":{"@id":"https:\/\/www.mundoacuicola.cl\/new\/#organization"},"potentialAction":[{"@type":"SearchAction","target":{"@type":"EntryPoint","urlTemplate":"https:\/\/www.mundoacuicola.cl\/new\/?s={search_term_string}"},"query-input":{"@type":"PropertyValueSpecification","valueRequired":true,"valueName":"search_term_string"}}],"inLanguage":"es"},{"@type":"Organization","@id":"https:\/\/www.mundoacuicola.cl\/new\/#organization","name":"Mundoacuicola","url":"https:\/\/www.mundoacuicola.cl\/new\/","logo":{"@type":"ImageObject","inLanguage":"es","@id":"https:\/\/www.mundoacuicola.cl\/new\/#\/schema\/logo\/image\/","url":"https:\/\/www.mundoacuicola.cl\/new\/wp-content\/uploads\/2026\/01\/cropped-LOGO-Mundo-Acuicola-2026.png","contentUrl":"https:\/\/www.mundoacuicola.cl\/new\/wp-content\/uploads\/2026\/01\/cropped-LOGO-Mundo-Acuicola-2026.png","width":1252,"height":296,"caption":"Mundoacuicola"},"image":{"@id":"https:\/\/www.mundoacuicola.cl\/new\/#\/schema\/logo\/image\/"},"sameAs":["https:\/\/www.facebook.com\/mundo.acuicola\/","https:\/\/x.com\/mundoacuicola","https:\/\/www.linkedin.com\/in\/mundo-acuicola"]},{"@type":"Person","@id":"https:\/\/www.mundoacuicola.cl\/new\/#\/schema\/person\/52cfe7e461eb2d30484965350ee34bdd","name":"Ricardo Alvarez","url":"https:\/\/www.mundoacuicola.cl\/new\/author\/ricardo\/"}]}},"_links":{"self":[{"href":"https:\/\/www.mundoacuicola.cl\/new\/wp-json\/wp\/v2\/posts\/67178","targetHints":{"allow":["GET"]}}],"collection":[{"href":"https:\/\/www.mundoacuicola.cl\/new\/wp-json\/wp\/v2\/posts"}],"about":[{"href":"https:\/\/www.mundoacuicola.cl\/new\/wp-json\/wp\/v2\/types\/post"}],"author":[{"embeddable":true,"href":"https:\/\/www.mundoacuicola.cl\/new\/wp-json\/wp\/v2\/users\/8"}],"replies":[{"embeddable":true,"href":"https:\/\/www.mundoacuicola.cl\/new\/wp-json\/wp\/v2\/comments?post=67178"}],"version-history":[{"count":0,"href":"https:\/\/www.mundoacuicola.cl\/new\/wp-json\/wp\/v2\/posts\/67178\/revisions"}],"wp:featuredmedia":[{"embeddable":true,"href":"https:\/\/www.mundoacuicola.cl\/new\/wp-json\/wp\/v2\/media\/67179"}],"wp:attachment":[{"href":"https:\/\/www.mundoacuicola.cl\/new\/wp-json\/wp\/v2\/media?parent=67178"}],"wp:term":[{"taxonomy":"category","embeddable":true,"href":"https:\/\/www.mundoacuicola.cl\/new\/wp-json\/wp\/v2\/categories?post=67178"},{"taxonomy":"post_tag","embeddable":true,"href":"https:\/\/www.mundoacuicola.cl\/new\/wp-json\/wp\/v2\/tags?post=67178"}],"curies":[{"name":"wp","href":"https:\/\/api.w.org\/{rel}","templated":true}]}}