{"id":67465,"date":"2024-09-06T06:35:12","date_gmt":"2024-09-06T09:35:12","guid":{"rendered":"https:\/\/www.mundoacuicola.cl\/new\/?p=67465"},"modified":"2024-09-09T08:24:34","modified_gmt":"2024-09-09T11:24:34","slug":"salmonicultores-apoyan-llegada-de-electricidad-a-puerto-carmen","status":"publish","type":"post","link":"https:\/\/www.mundoacuicola.cl\/new\/salmonicultores-apoyan-llegada-de-electricidad-a-puerto-carmen\/","title":{"rendered":"Salmonicultores apoyan llegada de electricidad a Puerto Carmen"},"content":{"rendered":"<p><span style=\"font-weight: 400;\"><span lang=\"ES-PE\"><b><span lang=\"es-CL\"><span lang=\"ES-TRAD\"><a href=\"https:\/\/www.alloyingenieria.com\/\"><img fetchpriority=\"high\" decoding=\"async\" class=\"wp-image-55815 size-full alignright\" src=\"https:\/\/www.mundoacuicola.cl\/new\/wp-content\/uploads\/2023\/09\/Gif-Alloy.gif\" alt=\"\" width=\"300\" height=\"300\" \/><\/a><\/span><\/span><\/b><\/span><\/span>Catorce familias de Puerto Carmen, en Quell\u00f3n, vivir\u00e1n un cambio radical en sus vidas, gracias al avance del proyecto desarrollado por la Mesa de Convergencia por el Desarrollo de Zonas Rezagadas en la Regi\u00f3n de Los Lagos. A ra\u00edz de esta acci\u00f3n, esta comunidad podr\u00e1 acceder a un recurso tan esencial como la energ\u00eda el\u00e9ctrica, generada por una fuente sostenible, a trav\u00e9s de paneles fotovolt\u00e1icos.<\/p>\n<p>Se trata del tercer proyecto de este tipo, que se suma a los que se est\u00e1n ejecutando en los sectores Piedra Blanca y Michailelo, tambi\u00e9n en la comuna de Quell\u00f3n, gracias a la alianza integrada por el Gobierno Regional de Los Lagos; el Consejo Regional; los municipios de Quemchi, Puqueld\u00f3n,\u00a0 Quinchao,\u00a0 Queilen,\u00a0 Quell\u00f3n y Calbuco; y las empresas Yadran, Transportes Puelche,\u00a0 AquaChile, Marine\u00a0 Farm,\u00a0 Salmones\u00a0 Ays\u00e9n,\u00a0 Mowi,\u00a0 Salmones\u00a0 Austral, Cermaq, Blumar, Camanchaca, Dimarine, Colb\u00fan y SalmonChile.<\/p>\n<p>Los proyectos que se desarrollan en el marco de la alianza movilizar\u00e1n una inversi\u00f3n p\u00fablica de $8.700 millones en las zonas rezagadas, articulados bajo trabajo de la Fundaci\u00f3n Huella Local.<\/p>\n<h2><strong><span style=\"font-weight: 400;\"><b><span lang=\"ES-TRAD\"><a href=\"https:\/\/www.mundoacuicola.cl\/medios\/?url_camp=26\" target=\"_blank\" rel=\"https:\/\/www.mundoacuicola.cl\/medios\/?url_camp=26 noopener\"><img decoding=\"async\" class=\"alignleft\" src=\"https:\/\/www.mundoacuicola.cl\/medios\/?camp=26\" alt=\"\" width=\"300\" height=\"250\" \/><\/a><\/span><\/b><\/span><\/strong><\/h2>\n<p>Mar\u00eda Ignacia Chiguay, Presidenta de la Junta de Vecinos del sector, resalt\u00f3 que \u201ccon este proyecto se cumple un sue\u00f1o. Mis vecinos esperaron mucho tiempo una soluci\u00f3n en torno a la luz y les costaba creer que esta obra era posible, pero afortunadamente pudimos lograrlo. De verdad me emociona que podamos tener luz a toda hora y agradezco a cada persona que pudo hacer posible esta obra\u201d.<\/p>\n<p>Por su parte, el representante territorial de SalmonChile en Chilo\u00e9, Pablo Moraga destac\u00f3 que \u201cestamos muy contentos con este proyecto, que es una articulaci\u00f3n entre el sector p\u00fablico y privado, para llegar a zonas que hace unos a\u00f1os cre\u00edamos que era imposible llegar. Con iniciativas como esta, permitimos que familias enteras puedan acceder a cosas fundamentales como la electricidad, lo que -sin lugar a dudas-, pone en valor que cuando llegamos a acuerdos podemos impactar positivamente a mucha gente de la zona sur austral del pa\u00eds. Esperamos poder seguir trabajando para que haya m\u00e1s localidades que se vean beneficiadas\u201d.<\/p>\n<p>&nbsp;<\/p>\n","protected":false},"excerpt":{"rendered":"<p>Se trata del tercer proyecto de este tipo, que se suma a los que se est\u00e1n ejecutando en los sectores Piedra Blanca y Michailelo, tambi\u00e9n en la comuna de Quell\u00f3n. <\/p>\n","protected":false},"author":8,"featured_media":67485,"comment_status":"closed","ping_status":"closed","sticky":false,"template":"","format":"standard","meta":{"footnotes":""},"categories":[111],"tags":[19241,12241,23644,23645,2188,23648,23646,1345,563,590,23647],"class_list":["post-67465","post","type-post","status-publish","format-standard","has-post-thumbnail","hentry","category-rse","tag-alianza-publico-privada","tag-comunidades-rurales","tag-electrificacion","tag-energia-sostenible","tag-fundacion-huella-local","tag-inversion-publica","tag-paneles-fotovoltaicos","tag-quellon","tag-region-de-los-lagos","tag-salmonicultores","tag-zonas-rezagadas"],"yoast_head":"<!-- This site is optimized with the Yoast SEO plugin v27.5 - https:\/\/yoast.com\/product\/yoast-seo-wordpress\/ -->\n<title>Salmonicultores apoyan llegada de electricidad a Puerto Carmen - Mundoacuicola<\/title>\n<meta name=\"description\" content=\"Se trata del tercer proyecto de este tipo, que se suma a los que se est\u00e1n ejecutando en otros sectores de la misma comuna.\" \/>\n<meta name=\"robots\" content=\"index, follow, max-snippet:-1, max-image-preview:large, max-video-preview:-1\" \/>\n<link rel=\"canonical\" href=\"https:\/\/www.mundoacuicola.cl\/new\/salmonicultores-apoyan-llegada-de-electricidad-a-puerto-carmen\/\" \/>\n<meta property=\"og:locale\" content=\"es_ES\" \/>\n<meta property=\"og:type\" content=\"article\" \/>\n<meta property=\"og:title\" content=\"Salmonicultores apoyan llegada de electricidad a Puerto Carmen - Mundoacuicola\" \/>\n<meta property=\"og:description\" content=\"Se trata del tercer proyecto de este tipo, que se suma a los que se est\u00e1n ejecutando en otros sectores de la misma comuna.\" \/>\n<meta property=\"og:url\" content=\"https:\/\/www.mundoacuicola.cl\/new\/salmonicultores-apoyan-llegada-de-electricidad-a-puerto-carmen\/\" \/>\n<meta property=\"og:site_name\" content=\"Mundoacuicola\" \/>\n<meta property=\"article:publisher\" content=\"https:\/\/www.facebook.com\/mundo.acuicola\/\" \/>\n<meta property=\"article:published_time\" content=\"2024-09-06T09:35:12+00:00\" \/>\n<meta property=\"article:modified_time\" content=\"2024-09-09T11:24:34+00:00\" \/>\n<meta property=\"og:image\" content=\"https:\/\/www.mundoacuicola.cl\/new\/wp-content\/uploads\/2024\/09\/HuellaLocal.jpg\" \/>\n\t<meta property=\"og:image:width\" content=\"750\" \/>\n\t<meta property=\"og:image:height\" content=\"400\" \/>\n\t<meta property=\"og:image:type\" content=\"image\/jpeg\" \/>\n<meta name=\"author\" content=\"Ricardo Alvarez\" \/>\n<meta name=\"twitter:card\" content=\"summary_large_image\" \/>\n<meta name=\"twitter:creator\" content=\"@mundoacuicola\" \/>\n<meta name=\"twitter:site\" content=\"@mundoacuicola\" \/>\n<meta name=\"twitter:label1\" content=\"Escrito por\" \/>\n\t<meta name=\"twitter:data1\" content=\"Ricardo Alvarez\" \/>\n\t<meta name=\"twitter:label2\" content=\"Tiempo de lectura\" \/>\n\t<meta name=\"twitter:data2\" content=\"3 minutos\" \/>\n<script type=\"application\/ld+json\" class=\"yoast-schema-graph\">{\"@context\":\"https:\\\/\\\/schema.org\",\"@graph\":[{\"@type\":\"Article\",\"@id\":\"https:\\\/\\\/www.mundoacuicola.cl\\\/new\\\/salmonicultores-apoyan-llegada-de-electricidad-a-puerto-carmen\\\/#article\",\"isPartOf\":{\"@id\":\"https:\\\/\\\/www.mundoacuicola.cl\\\/new\\\/salmonicultores-apoyan-llegada-de-electricidad-a-puerto-carmen\\\/\"},\"author\":{\"name\":\"Ricardo Alvarez\",\"@id\":\"https:\\\/\\\/www.mundoacuicola.cl\\\/new\\\/#\\\/schema\\\/person\\\/52cfe7e461eb2d30484965350ee34bdd\"},\"headline\":\"Salmonicultores apoyan llegada de electricidad a Puerto Carmen\",\"datePublished\":\"2024-09-06T09:35:12+00:00\",\"dateModified\":\"2024-09-09T11:24:34+00:00\",\"mainEntityOfPage\":{\"@id\":\"https:\\\/\\\/www.mundoacuicola.cl\\\/new\\\/salmonicultores-apoyan-llegada-de-electricidad-a-puerto-carmen\\\/\"},\"wordCount\":374,\"publisher\":{\"@id\":\"https:\\\/\\\/www.mundoacuicola.cl\\\/new\\\/#organization\"},\"image\":{\"@id\":\"https:\\\/\\\/www.mundoacuicola.cl\\\/new\\\/salmonicultores-apoyan-llegada-de-electricidad-a-puerto-carmen\\\/#primaryimage\"},\"thumbnailUrl\":\"https:\\\/\\\/www.mundoacuicola.cl\\\/new\\\/wp-content\\\/uploads\\\/2024\\\/09\\\/HuellaLocal.jpg\",\"keywords\":[\"alianza p\u00fablico-privada\",\"comunidades rurales\",\"electrificaci\u00f3n\",\"energ\u00eda sostenible\",\"Fundaci\u00f3n Huella Local\",\"inversi\u00f3n p\u00fablica\",\"paneles fotovoltaicos\",\"Quell\u00f3n\",\"Regi\u00f3n de Los Lagos\",\"Salmonicultores\",\"zonas rezagadas\"],\"articleSection\":[\"RSE\"],\"inLanguage\":\"es\"},{\"@type\":\"WebPage\",\"@id\":\"https:\\\/\\\/www.mundoacuicola.cl\\\/new\\\/salmonicultores-apoyan-llegada-de-electricidad-a-puerto-carmen\\\/\",\"url\":\"https:\\\/\\\/www.mundoacuicola.cl\\\/new\\\/salmonicultores-apoyan-llegada-de-electricidad-a-puerto-carmen\\\/\",\"name\":\"Salmonicultores apoyan llegada de electricidad a Puerto Carmen - Mundoacuicola\",\"isPartOf\":{\"@id\":\"https:\\\/\\\/www.mundoacuicola.cl\\\/new\\\/#website\"},\"primaryImageOfPage\":{\"@id\":\"https:\\\/\\\/www.mundoacuicola.cl\\\/new\\\/salmonicultores-apoyan-llegada-de-electricidad-a-puerto-carmen\\\/#primaryimage\"},\"image\":{\"@id\":\"https:\\\/\\\/www.mundoacuicola.cl\\\/new\\\/salmonicultores-apoyan-llegada-de-electricidad-a-puerto-carmen\\\/#primaryimage\"},\"thumbnailUrl\":\"https:\\\/\\\/www.mundoacuicola.cl\\\/new\\\/wp-content\\\/uploads\\\/2024\\\/09\\\/HuellaLocal.jpg\",\"datePublished\":\"2024-09-06T09:35:12+00:00\",\"dateModified\":\"2024-09-09T11:24:34+00:00\",\"description\":\"Se trata del tercer proyecto de este tipo, que se suma a los que se est\u00e1n ejecutando en otros sectores de la misma comuna.\",\"breadcrumb\":{\"@id\":\"https:\\\/\\\/www.mundoacuicola.cl\\\/new\\\/salmonicultores-apoyan-llegada-de-electricidad-a-puerto-carmen\\\/#breadcrumb\"},\"inLanguage\":\"es\",\"potentialAction\":[{\"@type\":\"ReadAction\",\"target\":[\"https:\\\/\\\/www.mundoacuicola.cl\\\/new\\\/salmonicultores-apoyan-llegada-de-electricidad-a-puerto-carmen\\\/\"]}]},{\"@type\":\"ImageObject\",\"inLanguage\":\"es\",\"@id\":\"https:\\\/\\\/www.mundoacuicola.cl\\\/new\\\/salmonicultores-apoyan-llegada-de-electricidad-a-puerto-carmen\\\/#primaryimage\",\"url\":\"https:\\\/\\\/www.mundoacuicola.cl\\\/new\\\/wp-content\\\/uploads\\\/2024\\\/09\\\/HuellaLocal.jpg\",\"contentUrl\":\"https:\\\/\\\/www.mundoacuicola.cl\\\/new\\\/wp-content\\\/uploads\\\/2024\\\/09\\\/HuellaLocal.jpg\",\"width\":750,\"height\":400},{\"@type\":\"BreadcrumbList\",\"@id\":\"https:\\\/\\\/www.mundoacuicola.cl\\\/new\\\/salmonicultores-apoyan-llegada-de-electricidad-a-puerto-carmen\\\/#breadcrumb\",\"itemListElement\":[{\"@type\":\"ListItem\",\"position\":1,\"name\":\"Portada\",\"item\":\"https:\\\/\\\/www.mundoacuicola.cl\\\/new\\\/\"},{\"@type\":\"ListItem\",\"position\":2,\"name\":\"Salmonicultores apoyan llegada de electricidad a Puerto Carmen\"}]},{\"@type\":\"WebSite\",\"@id\":\"https:\\\/\\\/www.mundoacuicola.cl\\\/new\\\/#website\",\"url\":\"https:\\\/\\\/www.mundoacuicola.cl\\\/new\\\/\",\"name\":\"Mundoacuicola\",\"description\":\"Revista de Acuicultura.\",\"publisher\":{\"@id\":\"https:\\\/\\\/www.mundoacuicola.cl\\\/new\\\/#organization\"},\"potentialAction\":[{\"@type\":\"SearchAction\",\"target\":{\"@type\":\"EntryPoint\",\"urlTemplate\":\"https:\\\/\\\/www.mundoacuicola.cl\\\/new\\\/?s={search_term_string}\"},\"query-input\":{\"@type\":\"PropertyValueSpecification\",\"valueRequired\":true,\"valueName\":\"search_term_string\"}}],\"inLanguage\":\"es\"},{\"@type\":\"Organization\",\"@id\":\"https:\\\/\\\/www.mundoacuicola.cl\\\/new\\\/#organization\",\"name\":\"Mundoacuicola\",\"url\":\"https:\\\/\\\/www.mundoacuicola.cl\\\/new\\\/\",\"logo\":{\"@type\":\"ImageObject\",\"inLanguage\":\"es\",\"@id\":\"https:\\\/\\\/www.mundoacuicola.cl\\\/new\\\/#\\\/schema\\\/logo\\\/image\\\/\",\"url\":\"https:\\\/\\\/www.mundoacuicola.cl\\\/new\\\/wp-content\\\/uploads\\\/2026\\\/01\\\/cropped-LOGO-Mundo-Acuicola-2026.png\",\"contentUrl\":\"https:\\\/\\\/www.mundoacuicola.cl\\\/new\\\/wp-content\\\/uploads\\\/2026\\\/01\\\/cropped-LOGO-Mundo-Acuicola-2026.png\",\"width\":1252,\"height\":296,\"caption\":\"Mundoacuicola\"},\"image\":{\"@id\":\"https:\\\/\\\/www.mundoacuicola.cl\\\/new\\\/#\\\/schema\\\/logo\\\/image\\\/\"},\"sameAs\":[\"https:\\\/\\\/www.facebook.com\\\/mundo.acuicola\\\/\",\"https:\\\/\\\/x.com\\\/mundoacuicola\",\"https:\\\/\\\/www.linkedin.com\\\/in\\\/mundo-acuicola\"]},{\"@type\":\"Person\",\"@id\":\"https:\\\/\\\/www.mundoacuicola.cl\\\/new\\\/#\\\/schema\\\/person\\\/52cfe7e461eb2d30484965350ee34bdd\",\"name\":\"Ricardo Alvarez\",\"url\":\"https:\\\/\\\/www.mundoacuicola.cl\\\/new\\\/author\\\/ricardo\\\/\"}]}<\/script>\n<!-- \/ Yoast SEO plugin. -->","yoast_head_json":{"title":"Salmonicultores apoyan llegada de electricidad a Puerto Carmen - Mundoacuicola","description":"Se trata del tercer proyecto de este tipo, que se suma a los que se est\u00e1n ejecutando en otros sectores de la misma comuna.","robots":{"index":"index","follow":"follow","max-snippet":"max-snippet:-1","max-image-preview":"max-image-preview:large","max-video-preview":"max-video-preview:-1"},"canonical":"https:\/\/www.mundoacuicola.cl\/new\/salmonicultores-apoyan-llegada-de-electricidad-a-puerto-carmen\/","og_locale":"es_ES","og_type":"article","og_title":"Salmonicultores apoyan llegada de electricidad a Puerto Carmen - Mundoacuicola","og_description":"Se trata del tercer proyecto de este tipo, que se suma a los que se est\u00e1n ejecutando en otros sectores de la misma comuna.","og_url":"https:\/\/www.mundoacuicola.cl\/new\/salmonicultores-apoyan-llegada-de-electricidad-a-puerto-carmen\/","og_site_name":"Mundoacuicola","article_publisher":"https:\/\/www.facebook.com\/mundo.acuicola\/","article_published_time":"2024-09-06T09:35:12+00:00","article_modified_time":"2024-09-09T11:24:34+00:00","og_image":[{"width":750,"height":400,"url":"https:\/\/www.mundoacuicola.cl\/new\/wp-content\/uploads\/2024\/09\/HuellaLocal.jpg","type":"image\/jpeg"}],"author":"Ricardo Alvarez","twitter_card":"summary_large_image","twitter_creator":"@mundoacuicola","twitter_site":"@mundoacuicola","twitter_misc":{"Escrito por":"Ricardo Alvarez","Tiempo de lectura":"3 minutos"},"schema":{"@context":"https:\/\/schema.org","@graph":[{"@type":"Article","@id":"https:\/\/www.mundoacuicola.cl\/new\/salmonicultores-apoyan-llegada-de-electricidad-a-puerto-carmen\/#article","isPartOf":{"@id":"https:\/\/www.mundoacuicola.cl\/new\/salmonicultores-apoyan-llegada-de-electricidad-a-puerto-carmen\/"},"author":{"name":"Ricardo Alvarez","@id":"https:\/\/www.mundoacuicola.cl\/new\/#\/schema\/person\/52cfe7e461eb2d30484965350ee34bdd"},"headline":"Salmonicultores apoyan llegada de electricidad a Puerto Carmen","datePublished":"2024-09-06T09:35:12+00:00","dateModified":"2024-09-09T11:24:34+00:00","mainEntityOfPage":{"@id":"https:\/\/www.mundoacuicola.cl\/new\/salmonicultores-apoyan-llegada-de-electricidad-a-puerto-carmen\/"},"wordCount":374,"publisher":{"@id":"https:\/\/www.mundoacuicola.cl\/new\/#organization"},"image":{"@id":"https:\/\/www.mundoacuicola.cl\/new\/salmonicultores-apoyan-llegada-de-electricidad-a-puerto-carmen\/#primaryimage"},"thumbnailUrl":"https:\/\/www.mundoacuicola.cl\/new\/wp-content\/uploads\/2024\/09\/HuellaLocal.jpg","keywords":["alianza p\u00fablico-privada","comunidades rurales","electrificaci\u00f3n","energ\u00eda sostenible","Fundaci\u00f3n Huella Local","inversi\u00f3n p\u00fablica","paneles fotovoltaicos","Quell\u00f3n","Regi\u00f3n de Los Lagos","Salmonicultores","zonas rezagadas"],"articleSection":["RSE"],"inLanguage":"es"},{"@type":"WebPage","@id":"https:\/\/www.mundoacuicola.cl\/new\/salmonicultores-apoyan-llegada-de-electricidad-a-puerto-carmen\/","url":"https:\/\/www.mundoacuicola.cl\/new\/salmonicultores-apoyan-llegada-de-electricidad-a-puerto-carmen\/","name":"Salmonicultores apoyan llegada de electricidad a Puerto Carmen - Mundoacuicola","isPartOf":{"@id":"https:\/\/www.mundoacuicola.cl\/new\/#website"},"primaryImageOfPage":{"@id":"https:\/\/www.mundoacuicola.cl\/new\/salmonicultores-apoyan-llegada-de-electricidad-a-puerto-carmen\/#primaryimage"},"image":{"@id":"https:\/\/www.mundoacuicola.cl\/new\/salmonicultores-apoyan-llegada-de-electricidad-a-puerto-carmen\/#primaryimage"},"thumbnailUrl":"https:\/\/www.mundoacuicola.cl\/new\/wp-content\/uploads\/2024\/09\/HuellaLocal.jpg","datePublished":"2024-09-06T09:35:12+00:00","dateModified":"2024-09-09T11:24:34+00:00","description":"Se trata del tercer proyecto de este tipo, que se suma a los que se est\u00e1n ejecutando en otros sectores de la misma comuna.","breadcrumb":{"@id":"https:\/\/www.mundoacuicola.cl\/new\/salmonicultores-apoyan-llegada-de-electricidad-a-puerto-carmen\/#breadcrumb"},"inLanguage":"es","potentialAction":[{"@type":"ReadAction","target":["https:\/\/www.mundoacuicola.cl\/new\/salmonicultores-apoyan-llegada-de-electricidad-a-puerto-carmen\/"]}]},{"@type":"ImageObject","inLanguage":"es","@id":"https:\/\/www.mundoacuicola.cl\/new\/salmonicultores-apoyan-llegada-de-electricidad-a-puerto-carmen\/#primaryimage","url":"https:\/\/www.mundoacuicola.cl\/new\/wp-content\/uploads\/2024\/09\/HuellaLocal.jpg","contentUrl":"https:\/\/www.mundoacuicola.cl\/new\/wp-content\/uploads\/2024\/09\/HuellaLocal.jpg","width":750,"height":400},{"@type":"BreadcrumbList","@id":"https:\/\/www.mundoacuicola.cl\/new\/salmonicultores-apoyan-llegada-de-electricidad-a-puerto-carmen\/#breadcrumb","itemListElement":[{"@type":"ListItem","position":1,"name":"Portada","item":"https:\/\/www.mundoacuicola.cl\/new\/"},{"@type":"ListItem","position":2,"name":"Salmonicultores apoyan llegada de electricidad a Puerto Carmen"}]},{"@type":"WebSite","@id":"https:\/\/www.mundoacuicola.cl\/new\/#website","url":"https:\/\/www.mundoacuicola.cl\/new\/","name":"Mundoacuicola","description":"Revista de Acuicultura.","publisher":{"@id":"https:\/\/www.mundoacuicola.cl\/new\/#organization"},"potentialAction":[{"@type":"SearchAction","target":{"@type":"EntryPoint","urlTemplate":"https:\/\/www.mundoacuicola.cl\/new\/?s={search_term_string}"},"query-input":{"@type":"PropertyValueSpecification","valueRequired":true,"valueName":"search_term_string"}}],"inLanguage":"es"},{"@type":"Organization","@id":"https:\/\/www.mundoacuicola.cl\/new\/#organization","name":"Mundoacuicola","url":"https:\/\/www.mundoacuicola.cl\/new\/","logo":{"@type":"ImageObject","inLanguage":"es","@id":"https:\/\/www.mundoacuicola.cl\/new\/#\/schema\/logo\/image\/","url":"https:\/\/www.mundoacuicola.cl\/new\/wp-content\/uploads\/2026\/01\/cropped-LOGO-Mundo-Acuicola-2026.png","contentUrl":"https:\/\/www.mundoacuicola.cl\/new\/wp-content\/uploads\/2026\/01\/cropped-LOGO-Mundo-Acuicola-2026.png","width":1252,"height":296,"caption":"Mundoacuicola"},"image":{"@id":"https:\/\/www.mundoacuicola.cl\/new\/#\/schema\/logo\/image\/"},"sameAs":["https:\/\/www.facebook.com\/mundo.acuicola\/","https:\/\/x.com\/mundoacuicola","https:\/\/www.linkedin.com\/in\/mundo-acuicola"]},{"@type":"Person","@id":"https:\/\/www.mundoacuicola.cl\/new\/#\/schema\/person\/52cfe7e461eb2d30484965350ee34bdd","name":"Ricardo Alvarez","url":"https:\/\/www.mundoacuicola.cl\/new\/author\/ricardo\/"}]}},"_links":{"self":[{"href":"https:\/\/www.mundoacuicola.cl\/new\/wp-json\/wp\/v2\/posts\/67465","targetHints":{"allow":["GET"]}}],"collection":[{"href":"https:\/\/www.mundoacuicola.cl\/new\/wp-json\/wp\/v2\/posts"}],"about":[{"href":"https:\/\/www.mundoacuicola.cl\/new\/wp-json\/wp\/v2\/types\/post"}],"author":[{"embeddable":true,"href":"https:\/\/www.mundoacuicola.cl\/new\/wp-json\/wp\/v2\/users\/8"}],"replies":[{"embeddable":true,"href":"https:\/\/www.mundoacuicola.cl\/new\/wp-json\/wp\/v2\/comments?post=67465"}],"version-history":[{"count":0,"href":"https:\/\/www.mundoacuicola.cl\/new\/wp-json\/wp\/v2\/posts\/67465\/revisions"}],"wp:featuredmedia":[{"embeddable":true,"href":"https:\/\/www.mundoacuicola.cl\/new\/wp-json\/wp\/v2\/media\/67485"}],"wp:attachment":[{"href":"https:\/\/www.mundoacuicola.cl\/new\/wp-json\/wp\/v2\/media?parent=67465"}],"wp:term":[{"taxonomy":"category","embeddable":true,"href":"https:\/\/www.mundoacuicola.cl\/new\/wp-json\/wp\/v2\/categories?post=67465"},{"taxonomy":"post_tag","embeddable":true,"href":"https:\/\/www.mundoacuicola.cl\/new\/wp-json\/wp\/v2\/tags?post=67465"}],"curies":[{"name":"wp","href":"https:\/\/api.w.org\/{rel}","templated":true}]}}