{"id":67732,"date":"2024-09-11T06:26:19","date_gmt":"2024-09-11T09:26:19","guid":{"rendered":"https:\/\/www.mundoacuicola.cl\/new\/?p=67732"},"modified":"2024-09-13T07:40:20","modified_gmt":"2024-09-13T10:40:20","slug":"realzan-la-cooperacion-publico-privada-en-origen-y-exitoso-desarrollo-de-la-salmonicultura-chilena","status":"publish","type":"post","link":"https:\/\/www.mundoacuicola.cl\/new\/realzan-la-cooperacion-publico-privada-en-origen-y-exitoso-desarrollo-de-la-salmonicultura-chilena\/","title":{"rendered":"Realzan la cooperaci\u00f3n P\u00fablico-Privada en origen y exitoso desarrollo de la salmonicultura chilena"},"content":{"rendered":"<p><span style=\"font-weight: 400;\"><span lang=\"ES-PE\"><b><span lang=\"es-CL\"><span lang=\"ES-TRAD\"><a href=\"https:\/\/www.alloyingenieria.com\/\"><img fetchpriority=\"high\" decoding=\"async\" class=\"wp-image-55815 size-full alignright\" src=\"https:\/\/www.mundoacuicola.cl\/new\/wp-content\/uploads\/2023\/09\/Gif-Alloy.gif\" alt=\"\" width=\"300\" height=\"300\" \/><\/a><\/span><\/span><\/b><\/span>Por primera vez, en sus m\u00e1s de 35 a\u00f1os de historia, la salmonicultura fue parte de las exposiciones del Chile Day en Londres, evento que busca relevar nuestra imagen pa\u00eds, adem\u00e1s de atraer la inversi\u00f3n extranjera desde esa ciudad europea. Ello, porque esta ma\u00f1ana el presidente de SalmonChile, Arturo Cl\u00e9ment, form\u00f3 parte del panel de conversaci\u00f3n \u201cConstruir un futuro mejor mediante productos sostenibles\u201d, junto al gerente general de Empresas CMPC, Francisco Ruiz Tagle; y la managing director de Finance Earth, Elizabeth Beall, en un espacio que fue moderado por el executive director de WWF, Ricardo Bosshard.<\/span><\/p>\n<p><span style=\"font-weight: 400;\">\u201cEstamos muy contentos de haber podido participar en esta iniciativa, que busca atraer a nuevos inversionistas a nuestro pa\u00eds en las m\u00faltiples industrias que son parte de Chile. En ese sentido, pudimos notar el inter\u00e9s de las personas que fueron parte de este conversatorio y que escucharon, por primera vez, de qu\u00e9 se trata nuestro sector productivo. Nuestra participaci\u00f3n le da a la salmonicultura la importancia y la visibilidad que desde hace a\u00f1os hemos buscado en Chile\u201d, indic\u00f3 Cl\u00e9ment.<\/span><\/p>\n<p><span style=\"font-weight: 400;\">Durante la presentaci\u00f3n, el presidente de SalmonChile dio a conocer la importancia que tiene el salm\u00f3n en lo que ser\u00e1 la alimentaci\u00f3n del futuro, por ser la prote\u00edna con la huella de carbono m\u00e1s baja en su producci\u00f3n, con menor consumo de agua y la m\u00e1s eficiente en materia de rendimiento de consumo, al compararla con otras prote\u00ednas cultivadas en tierra.<\/span><\/p>\n<p><span style=\"font-weight: 400;\">Adem\u00e1s, comparti\u00f3 los avances que ha tenido el sector productivo desde que se form\u00f3 hace 40 a\u00f1os en el sur austral del pa\u00eds,<\/span><b><\/b><\/p>\n<p><span style=\"font-weight: 400;\">apostando por nuevas tecnolog\u00edas, como la aplicaci\u00f3n de inteligencia artificial para la mejora de distintos procesos productivos.<\/span><\/p>\n<h2><strong><span style=\"font-weight: 400;\"><b><span lang=\"ES-TRAD\"><a href=\"https:\/\/www.mundoacuicola.cl\/medios\/?url_camp=26\" target=\"_blank\" rel=\"https:\/\/www.mundoacuicola.cl\/medios\/?url_camp=26 noopener\"><img decoding=\"async\" class=\"alignleft\" src=\"https:\/\/www.mundoacuicola.cl\/medios\/?camp=26\" alt=\"\" width=\"300\" height=\"250\" \/><\/a><\/span><\/b><\/span><\/strong><\/h2>\n<p><span style=\"font-weight: 400;\">Destac\u00f3 tambi\u00e9n el apoyo a la innovaci\u00f3n, el desarrollo y la investigaci\u00f3n que se desarrolla tanto al interior de las empresas productoras, como tambi\u00e9n en sus proveedores, para reducir distintas brechas presentes en la salmonicultura. \u201cNuestro territorio se ha convertido en un HUB de innovaci\u00f3n, lo que nos pone muy orgullosos\u201d, se\u00f1al\u00f3 durante su presentaci\u00f3n Arturo Cl\u00e9ment.<\/span><\/p>\n<p><span style=\"font-weight: 400;\">\u201cEn menos de cuatro d\u00e9cadas nos hemos convertido en el segundo productor de salm\u00f3n a nivel mundial y estamos llegando a m\u00e1s de 100 mercados alrededor del mundo. Esto es, sin lugar a duda, una historia de \u00e9xito que parti\u00f3 gracias a una alianza entre el Estado chileno y el sector privado, representando actualmente m\u00e1s del 2% del PIB y siendo el segundo producto m\u00e1s exportado despu\u00e9s del cobre\u201d, puntualiz\u00f3 el presidente de SalmonChile.<\/span><\/p>\n","protected":false},"excerpt":{"rendered":"<p>Durante la presentaci\u00f3n, el presidente de SalmonChile dio a conocer la importancia que tiene el salm\u00f3n en lo que ser\u00e1 la alimentaci\u00f3n del futuro, por ser la prote\u00edna con la huella de carbono m\u00e1s baja en su producci\u00f3n.<\/p>\n","protected":false},"author":8,"featured_media":67733,"comment_status":"closed","ping_status":"closed","sticky":false,"template":"","format":"standard","meta":{"footnotes":""},"categories":[60],"tags":[1261,143,23724,277,23723,184,170,197,3447],"class_list":["post-67732","post","type-post","status-publish","format-standard","has-post-thumbnail","hentry","category-salmonicultura","tag-acuicola","tag-acuicultura","tag-alimentacion-del-futuro","tag-arturo-clement","tag-chile-day-en-londres","tag-salmon","tag-salmonchile","tag-salmonicultura","tag-salmonicultura-chilena"],"yoast_head":"<!-- This site is optimized with the Yoast SEO plugin v27.5 - https:\/\/yoast.com\/product\/yoast-seo-wordpress\/ -->\n<title>Realzan la cooperaci\u00f3n P\u00fablico-Privada en origen y exitoso desarrollo de la salmonicultura chilena - Mundoacuicola<\/title>\n<meta name=\"description\" content=\"En la presentaci\u00f3n, el presidente de SalmonChile dio a conocer la importancia que tiene el salm\u00f3n en lo que ser\u00e1 la alimentaci\u00f3n del futuro.\" \/>\n<meta name=\"robots\" content=\"index, follow, max-snippet:-1, max-image-preview:large, max-video-preview:-1\" \/>\n<link rel=\"canonical\" href=\"https:\/\/www.mundoacuicola.cl\/new\/realzan-la-cooperacion-publico-privada-en-origen-y-exitoso-desarrollo-de-la-salmonicultura-chilena\/\" \/>\n<meta property=\"og:locale\" content=\"es_ES\" \/>\n<meta property=\"og:type\" content=\"article\" \/>\n<meta property=\"og:title\" content=\"Realzan la cooperaci\u00f3n P\u00fablico-Privada en origen y exitoso desarrollo de la salmonicultura chilena - Mundoacuicola\" \/>\n<meta property=\"og:description\" content=\"En la presentaci\u00f3n, el presidente de SalmonChile dio a conocer la importancia que tiene el salm\u00f3n en lo que ser\u00e1 la alimentaci\u00f3n del futuro.\" \/>\n<meta property=\"og:url\" content=\"https:\/\/www.mundoacuicola.cl\/new\/realzan-la-cooperacion-publico-privada-en-origen-y-exitoso-desarrollo-de-la-salmonicultura-chilena\/\" \/>\n<meta property=\"og:site_name\" content=\"Mundoacuicola\" \/>\n<meta property=\"article:publisher\" content=\"https:\/\/www.facebook.com\/mundo.acuicola\/\" \/>\n<meta property=\"article:published_time\" content=\"2024-09-11T09:26:19+00:00\" \/>\n<meta property=\"article:modified_time\" content=\"2024-09-13T10:40:20+00:00\" \/>\n<meta property=\"og:image\" content=\"https:\/\/www.mundoacuicola.cl\/new\/wp-content\/uploads\/2024\/09\/ChileSalmonDayClement.jpg\" \/>\n\t<meta property=\"og:image:width\" content=\"750\" \/>\n\t<meta property=\"og:image:height\" content=\"400\" \/>\n\t<meta property=\"og:image:type\" content=\"image\/jpeg\" \/>\n<meta name=\"author\" content=\"Ricardo Alvarez\" \/>\n<meta name=\"twitter:card\" content=\"summary_large_image\" \/>\n<meta name=\"twitter:creator\" content=\"@mundoacuicola\" \/>\n<meta name=\"twitter:site\" content=\"@mundoacuicola\" \/>\n<meta name=\"twitter:label1\" content=\"Escrito por\" \/>\n\t<meta name=\"twitter:data1\" content=\"Ricardo Alvarez\" \/>\n\t<meta name=\"twitter:label2\" content=\"Tiempo de lectura\" \/>\n\t<meta name=\"twitter:data2\" content=\"3 minutos\" \/>\n<script type=\"application\/ld+json\" class=\"yoast-schema-graph\">{\"@context\":\"https:\\\/\\\/schema.org\",\"@graph\":[{\"@type\":\"Article\",\"@id\":\"https:\\\/\\\/www.mundoacuicola.cl\\\/new\\\/realzan-la-cooperacion-publico-privada-en-origen-y-exitoso-desarrollo-de-la-salmonicultura-chilena\\\/#article\",\"isPartOf\":{\"@id\":\"https:\\\/\\\/www.mundoacuicola.cl\\\/new\\\/realzan-la-cooperacion-publico-privada-en-origen-y-exitoso-desarrollo-de-la-salmonicultura-chilena\\\/\"},\"author\":{\"name\":\"Ricardo Alvarez\",\"@id\":\"https:\\\/\\\/www.mundoacuicola.cl\\\/new\\\/#\\\/schema\\\/person\\\/52cfe7e461eb2d30484965350ee34bdd\"},\"headline\":\"Realzan la cooperaci\u00f3n P\u00fablico-Privada en origen y exitoso desarrollo de la salmonicultura chilena\",\"datePublished\":\"2024-09-11T09:26:19+00:00\",\"dateModified\":\"2024-09-13T10:40:20+00:00\",\"mainEntityOfPage\":{\"@id\":\"https:\\\/\\\/www.mundoacuicola.cl\\\/new\\\/realzan-la-cooperacion-publico-privada-en-origen-y-exitoso-desarrollo-de-la-salmonicultura-chilena\\\/\"},\"wordCount\":459,\"publisher\":{\"@id\":\"https:\\\/\\\/www.mundoacuicola.cl\\\/new\\\/#organization\"},\"image\":{\"@id\":\"https:\\\/\\\/www.mundoacuicola.cl\\\/new\\\/realzan-la-cooperacion-publico-privada-en-origen-y-exitoso-desarrollo-de-la-salmonicultura-chilena\\\/#primaryimage\"},\"thumbnailUrl\":\"https:\\\/\\\/www.mundoacuicola.cl\\\/new\\\/wp-content\\\/uploads\\\/2024\\\/09\\\/ChileSalmonDayClement.jpg\",\"keywords\":[\"Acu\u00edcola\",\"Acuicultura\",\"alimentaci\u00f3n del futuro\",\"Arturo Cl\u00e9ment\",\"Chile Day en Londres\",\"Salm\u00f3n\",\"Salmonchile\",\"salmonicultura\",\"salmonicultura chilena\"],\"articleSection\":[\"Salmonicultura\"],\"inLanguage\":\"es\"},{\"@type\":\"WebPage\",\"@id\":\"https:\\\/\\\/www.mundoacuicola.cl\\\/new\\\/realzan-la-cooperacion-publico-privada-en-origen-y-exitoso-desarrollo-de-la-salmonicultura-chilena\\\/\",\"url\":\"https:\\\/\\\/www.mundoacuicola.cl\\\/new\\\/realzan-la-cooperacion-publico-privada-en-origen-y-exitoso-desarrollo-de-la-salmonicultura-chilena\\\/\",\"name\":\"Realzan la cooperaci\u00f3n P\u00fablico-Privada en origen y exitoso desarrollo de la salmonicultura chilena - Mundoacuicola\",\"isPartOf\":{\"@id\":\"https:\\\/\\\/www.mundoacuicola.cl\\\/new\\\/#website\"},\"primaryImageOfPage\":{\"@id\":\"https:\\\/\\\/www.mundoacuicola.cl\\\/new\\\/realzan-la-cooperacion-publico-privada-en-origen-y-exitoso-desarrollo-de-la-salmonicultura-chilena\\\/#primaryimage\"},\"image\":{\"@id\":\"https:\\\/\\\/www.mundoacuicola.cl\\\/new\\\/realzan-la-cooperacion-publico-privada-en-origen-y-exitoso-desarrollo-de-la-salmonicultura-chilena\\\/#primaryimage\"},\"thumbnailUrl\":\"https:\\\/\\\/www.mundoacuicola.cl\\\/new\\\/wp-content\\\/uploads\\\/2024\\\/09\\\/ChileSalmonDayClement.jpg\",\"datePublished\":\"2024-09-11T09:26:19+00:00\",\"dateModified\":\"2024-09-13T10:40:20+00:00\",\"description\":\"En la presentaci\u00f3n, el presidente de SalmonChile dio a conocer la importancia que tiene el salm\u00f3n en lo que ser\u00e1 la alimentaci\u00f3n del futuro.\",\"breadcrumb\":{\"@id\":\"https:\\\/\\\/www.mundoacuicola.cl\\\/new\\\/realzan-la-cooperacion-publico-privada-en-origen-y-exitoso-desarrollo-de-la-salmonicultura-chilena\\\/#breadcrumb\"},\"inLanguage\":\"es\",\"potentialAction\":[{\"@type\":\"ReadAction\",\"target\":[\"https:\\\/\\\/www.mundoacuicola.cl\\\/new\\\/realzan-la-cooperacion-publico-privada-en-origen-y-exitoso-desarrollo-de-la-salmonicultura-chilena\\\/\"]}]},{\"@type\":\"ImageObject\",\"inLanguage\":\"es\",\"@id\":\"https:\\\/\\\/www.mundoacuicola.cl\\\/new\\\/realzan-la-cooperacion-publico-privada-en-origen-y-exitoso-desarrollo-de-la-salmonicultura-chilena\\\/#primaryimage\",\"url\":\"https:\\\/\\\/www.mundoacuicola.cl\\\/new\\\/wp-content\\\/uploads\\\/2024\\\/09\\\/ChileSalmonDayClement.jpg\",\"contentUrl\":\"https:\\\/\\\/www.mundoacuicola.cl\\\/new\\\/wp-content\\\/uploads\\\/2024\\\/09\\\/ChileSalmonDayClement.jpg\",\"width\":750,\"height\":400},{\"@type\":\"BreadcrumbList\",\"@id\":\"https:\\\/\\\/www.mundoacuicola.cl\\\/new\\\/realzan-la-cooperacion-publico-privada-en-origen-y-exitoso-desarrollo-de-la-salmonicultura-chilena\\\/#breadcrumb\",\"itemListElement\":[{\"@type\":\"ListItem\",\"position\":1,\"name\":\"Portada\",\"item\":\"https:\\\/\\\/www.mundoacuicola.cl\\\/new\\\/\"},{\"@type\":\"ListItem\",\"position\":2,\"name\":\"Realzan la cooperaci\u00f3n P\u00fablico-Privada en origen y exitoso desarrollo de la salmonicultura chilena\"}]},{\"@type\":\"WebSite\",\"@id\":\"https:\\\/\\\/www.mundoacuicola.cl\\\/new\\\/#website\",\"url\":\"https:\\\/\\\/www.mundoacuicola.cl\\\/new\\\/\",\"name\":\"Mundoacuicola\",\"description\":\"Revista de Acuicultura.\",\"publisher\":{\"@id\":\"https:\\\/\\\/www.mundoacuicola.cl\\\/new\\\/#organization\"},\"potentialAction\":[{\"@type\":\"SearchAction\",\"target\":{\"@type\":\"EntryPoint\",\"urlTemplate\":\"https:\\\/\\\/www.mundoacuicola.cl\\\/new\\\/?s={search_term_string}\"},\"query-input\":{\"@type\":\"PropertyValueSpecification\",\"valueRequired\":true,\"valueName\":\"search_term_string\"}}],\"inLanguage\":\"es\"},{\"@type\":\"Organization\",\"@id\":\"https:\\\/\\\/www.mundoacuicola.cl\\\/new\\\/#organization\",\"name\":\"Mundoacuicola\",\"url\":\"https:\\\/\\\/www.mundoacuicola.cl\\\/new\\\/\",\"logo\":{\"@type\":\"ImageObject\",\"inLanguage\":\"es\",\"@id\":\"https:\\\/\\\/www.mundoacuicola.cl\\\/new\\\/#\\\/schema\\\/logo\\\/image\\\/\",\"url\":\"https:\\\/\\\/www.mundoacuicola.cl\\\/new\\\/wp-content\\\/uploads\\\/2026\\\/01\\\/cropped-LOGO-Mundo-Acuicola-2026.png\",\"contentUrl\":\"https:\\\/\\\/www.mundoacuicola.cl\\\/new\\\/wp-content\\\/uploads\\\/2026\\\/01\\\/cropped-LOGO-Mundo-Acuicola-2026.png\",\"width\":1252,\"height\":296,\"caption\":\"Mundoacuicola\"},\"image\":{\"@id\":\"https:\\\/\\\/www.mundoacuicola.cl\\\/new\\\/#\\\/schema\\\/logo\\\/image\\\/\"},\"sameAs\":[\"https:\\\/\\\/www.facebook.com\\\/mundo.acuicola\\\/\",\"https:\\\/\\\/x.com\\\/mundoacuicola\",\"https:\\\/\\\/www.linkedin.com\\\/in\\\/mundo-acuicola\"]},{\"@type\":\"Person\",\"@id\":\"https:\\\/\\\/www.mundoacuicola.cl\\\/new\\\/#\\\/schema\\\/person\\\/52cfe7e461eb2d30484965350ee34bdd\",\"name\":\"Ricardo Alvarez\",\"url\":\"https:\\\/\\\/www.mundoacuicola.cl\\\/new\\\/author\\\/ricardo\\\/\"}]}<\/script>\n<!-- \/ Yoast SEO plugin. -->","yoast_head_json":{"title":"Realzan la cooperaci\u00f3n P\u00fablico-Privada en origen y exitoso desarrollo de la salmonicultura chilena - Mundoacuicola","description":"En la presentaci\u00f3n, el presidente de SalmonChile dio a conocer la importancia que tiene el salm\u00f3n en lo que ser\u00e1 la alimentaci\u00f3n del futuro.","robots":{"index":"index","follow":"follow","max-snippet":"max-snippet:-1","max-image-preview":"max-image-preview:large","max-video-preview":"max-video-preview:-1"},"canonical":"https:\/\/www.mundoacuicola.cl\/new\/realzan-la-cooperacion-publico-privada-en-origen-y-exitoso-desarrollo-de-la-salmonicultura-chilena\/","og_locale":"es_ES","og_type":"article","og_title":"Realzan la cooperaci\u00f3n P\u00fablico-Privada en origen y exitoso desarrollo de la salmonicultura chilena - Mundoacuicola","og_description":"En la presentaci\u00f3n, el presidente de SalmonChile dio a conocer la importancia que tiene el salm\u00f3n en lo que ser\u00e1 la alimentaci\u00f3n del futuro.","og_url":"https:\/\/www.mundoacuicola.cl\/new\/realzan-la-cooperacion-publico-privada-en-origen-y-exitoso-desarrollo-de-la-salmonicultura-chilena\/","og_site_name":"Mundoacuicola","article_publisher":"https:\/\/www.facebook.com\/mundo.acuicola\/","article_published_time":"2024-09-11T09:26:19+00:00","article_modified_time":"2024-09-13T10:40:20+00:00","og_image":[{"width":750,"height":400,"url":"https:\/\/www.mundoacuicola.cl\/new\/wp-content\/uploads\/2024\/09\/ChileSalmonDayClement.jpg","type":"image\/jpeg"}],"author":"Ricardo Alvarez","twitter_card":"summary_large_image","twitter_creator":"@mundoacuicola","twitter_site":"@mundoacuicola","twitter_misc":{"Escrito por":"Ricardo Alvarez","Tiempo de lectura":"3 minutos"},"schema":{"@context":"https:\/\/schema.org","@graph":[{"@type":"Article","@id":"https:\/\/www.mundoacuicola.cl\/new\/realzan-la-cooperacion-publico-privada-en-origen-y-exitoso-desarrollo-de-la-salmonicultura-chilena\/#article","isPartOf":{"@id":"https:\/\/www.mundoacuicola.cl\/new\/realzan-la-cooperacion-publico-privada-en-origen-y-exitoso-desarrollo-de-la-salmonicultura-chilena\/"},"author":{"name":"Ricardo Alvarez","@id":"https:\/\/www.mundoacuicola.cl\/new\/#\/schema\/person\/52cfe7e461eb2d30484965350ee34bdd"},"headline":"Realzan la cooperaci\u00f3n P\u00fablico-Privada en origen y exitoso desarrollo de la salmonicultura chilena","datePublished":"2024-09-11T09:26:19+00:00","dateModified":"2024-09-13T10:40:20+00:00","mainEntityOfPage":{"@id":"https:\/\/www.mundoacuicola.cl\/new\/realzan-la-cooperacion-publico-privada-en-origen-y-exitoso-desarrollo-de-la-salmonicultura-chilena\/"},"wordCount":459,"publisher":{"@id":"https:\/\/www.mundoacuicola.cl\/new\/#organization"},"image":{"@id":"https:\/\/www.mundoacuicola.cl\/new\/realzan-la-cooperacion-publico-privada-en-origen-y-exitoso-desarrollo-de-la-salmonicultura-chilena\/#primaryimage"},"thumbnailUrl":"https:\/\/www.mundoacuicola.cl\/new\/wp-content\/uploads\/2024\/09\/ChileSalmonDayClement.jpg","keywords":["Acu\u00edcola","Acuicultura","alimentaci\u00f3n del futuro","Arturo Cl\u00e9ment","Chile Day en Londres","Salm\u00f3n","Salmonchile","salmonicultura","salmonicultura chilena"],"articleSection":["Salmonicultura"],"inLanguage":"es"},{"@type":"WebPage","@id":"https:\/\/www.mundoacuicola.cl\/new\/realzan-la-cooperacion-publico-privada-en-origen-y-exitoso-desarrollo-de-la-salmonicultura-chilena\/","url":"https:\/\/www.mundoacuicola.cl\/new\/realzan-la-cooperacion-publico-privada-en-origen-y-exitoso-desarrollo-de-la-salmonicultura-chilena\/","name":"Realzan la cooperaci\u00f3n P\u00fablico-Privada en origen y exitoso desarrollo de la salmonicultura chilena - Mundoacuicola","isPartOf":{"@id":"https:\/\/www.mundoacuicola.cl\/new\/#website"},"primaryImageOfPage":{"@id":"https:\/\/www.mundoacuicola.cl\/new\/realzan-la-cooperacion-publico-privada-en-origen-y-exitoso-desarrollo-de-la-salmonicultura-chilena\/#primaryimage"},"image":{"@id":"https:\/\/www.mundoacuicola.cl\/new\/realzan-la-cooperacion-publico-privada-en-origen-y-exitoso-desarrollo-de-la-salmonicultura-chilena\/#primaryimage"},"thumbnailUrl":"https:\/\/www.mundoacuicola.cl\/new\/wp-content\/uploads\/2024\/09\/ChileSalmonDayClement.jpg","datePublished":"2024-09-11T09:26:19+00:00","dateModified":"2024-09-13T10:40:20+00:00","description":"En la presentaci\u00f3n, el presidente de SalmonChile dio a conocer la importancia que tiene el salm\u00f3n en lo que ser\u00e1 la alimentaci\u00f3n del futuro.","breadcrumb":{"@id":"https:\/\/www.mundoacuicola.cl\/new\/realzan-la-cooperacion-publico-privada-en-origen-y-exitoso-desarrollo-de-la-salmonicultura-chilena\/#breadcrumb"},"inLanguage":"es","potentialAction":[{"@type":"ReadAction","target":["https:\/\/www.mundoacuicola.cl\/new\/realzan-la-cooperacion-publico-privada-en-origen-y-exitoso-desarrollo-de-la-salmonicultura-chilena\/"]}]},{"@type":"ImageObject","inLanguage":"es","@id":"https:\/\/www.mundoacuicola.cl\/new\/realzan-la-cooperacion-publico-privada-en-origen-y-exitoso-desarrollo-de-la-salmonicultura-chilena\/#primaryimage","url":"https:\/\/www.mundoacuicola.cl\/new\/wp-content\/uploads\/2024\/09\/ChileSalmonDayClement.jpg","contentUrl":"https:\/\/www.mundoacuicola.cl\/new\/wp-content\/uploads\/2024\/09\/ChileSalmonDayClement.jpg","width":750,"height":400},{"@type":"BreadcrumbList","@id":"https:\/\/www.mundoacuicola.cl\/new\/realzan-la-cooperacion-publico-privada-en-origen-y-exitoso-desarrollo-de-la-salmonicultura-chilena\/#breadcrumb","itemListElement":[{"@type":"ListItem","position":1,"name":"Portada","item":"https:\/\/www.mundoacuicola.cl\/new\/"},{"@type":"ListItem","position":2,"name":"Realzan la cooperaci\u00f3n P\u00fablico-Privada en origen y exitoso desarrollo de la salmonicultura chilena"}]},{"@type":"WebSite","@id":"https:\/\/www.mundoacuicola.cl\/new\/#website","url":"https:\/\/www.mundoacuicola.cl\/new\/","name":"Mundoacuicola","description":"Revista de Acuicultura.","publisher":{"@id":"https:\/\/www.mundoacuicola.cl\/new\/#organization"},"potentialAction":[{"@type":"SearchAction","target":{"@type":"EntryPoint","urlTemplate":"https:\/\/www.mundoacuicola.cl\/new\/?s={search_term_string}"},"query-input":{"@type":"PropertyValueSpecification","valueRequired":true,"valueName":"search_term_string"}}],"inLanguage":"es"},{"@type":"Organization","@id":"https:\/\/www.mundoacuicola.cl\/new\/#organization","name":"Mundoacuicola","url":"https:\/\/www.mundoacuicola.cl\/new\/","logo":{"@type":"ImageObject","inLanguage":"es","@id":"https:\/\/www.mundoacuicola.cl\/new\/#\/schema\/logo\/image\/","url":"https:\/\/www.mundoacuicola.cl\/new\/wp-content\/uploads\/2026\/01\/cropped-LOGO-Mundo-Acuicola-2026.png","contentUrl":"https:\/\/www.mundoacuicola.cl\/new\/wp-content\/uploads\/2026\/01\/cropped-LOGO-Mundo-Acuicola-2026.png","width":1252,"height":296,"caption":"Mundoacuicola"},"image":{"@id":"https:\/\/www.mundoacuicola.cl\/new\/#\/schema\/logo\/image\/"},"sameAs":["https:\/\/www.facebook.com\/mundo.acuicola\/","https:\/\/x.com\/mundoacuicola","https:\/\/www.linkedin.com\/in\/mundo-acuicola"]},{"@type":"Person","@id":"https:\/\/www.mundoacuicola.cl\/new\/#\/schema\/person\/52cfe7e461eb2d30484965350ee34bdd","name":"Ricardo Alvarez","url":"https:\/\/www.mundoacuicola.cl\/new\/author\/ricardo\/"}]}},"_links":{"self":[{"href":"https:\/\/www.mundoacuicola.cl\/new\/wp-json\/wp\/v2\/posts\/67732","targetHints":{"allow":["GET"]}}],"collection":[{"href":"https:\/\/www.mundoacuicola.cl\/new\/wp-json\/wp\/v2\/posts"}],"about":[{"href":"https:\/\/www.mundoacuicola.cl\/new\/wp-json\/wp\/v2\/types\/post"}],"author":[{"embeddable":true,"href":"https:\/\/www.mundoacuicola.cl\/new\/wp-json\/wp\/v2\/users\/8"}],"replies":[{"embeddable":true,"href":"https:\/\/www.mundoacuicola.cl\/new\/wp-json\/wp\/v2\/comments?post=67732"}],"version-history":[{"count":0,"href":"https:\/\/www.mundoacuicola.cl\/new\/wp-json\/wp\/v2\/posts\/67732\/revisions"}],"wp:featuredmedia":[{"embeddable":true,"href":"https:\/\/www.mundoacuicola.cl\/new\/wp-json\/wp\/v2\/media\/67733"}],"wp:attachment":[{"href":"https:\/\/www.mundoacuicola.cl\/new\/wp-json\/wp\/v2\/media?parent=67732"}],"wp:term":[{"taxonomy":"category","embeddable":true,"href":"https:\/\/www.mundoacuicola.cl\/new\/wp-json\/wp\/v2\/categories?post=67732"},{"taxonomy":"post_tag","embeddable":true,"href":"https:\/\/www.mundoacuicola.cl\/new\/wp-json\/wp\/v2\/tags?post=67732"}],"curies":[{"name":"wp","href":"https:\/\/api.w.org\/{rel}","templated":true}]}}