{"id":71056,"date":"2024-12-10T11:36:32","date_gmt":"2024-12-10T15:36:32","guid":{"rendered":"https:\/\/www.mundoacuicola.cl\/new\/?p=71056"},"modified":"2024-12-12T08:43:12","modified_gmt":"2024-12-12T12:43:12","slug":"investigadores-revelan-como-era-la-biodiversidad-marina-de-peces-oseos-hace-millones-de-anos","status":"publish","type":"post","link":"https:\/\/www.mundoacuicola.cl\/new\/investigadores-revelan-como-era-la-biodiversidad-marina-de-peces-oseos-hace-millones-de-anos\/","title":{"rendered":"Investigadores revelan c\u00f3mo era la biodiversidad marina de peces \u00f3seos hace millones de a\u00f1os"},"content":{"rendered":"<p><span class=\"s5\"><span class=\"bumpedFont15\"><span style=\"font-weight: 400;\"><img decoding=\"async\" class=\"alignright\" src=\"https:\/\/www.mundoacuicola.cl\/medios\/?camp=26\" \/><\/span><\/span><\/span>El investigador del Laboratorio de Paleobiolog\u00eda de CEAZA, Pablo Oyanadel Urbina, explica que cuentan \u201ccon columna vertebral y esqueleto interno. Los elementos de este esqueleto se encuentran osificados en distintos grados y pueden tener aletas con radios o hechas de tejido blando<\/p>\n<p>Son un gran grupo. Seg\u00fan datos de\u00a0<a href=\"https:\/\/seaworld.org\/\">Seaworld<\/a>, los peces \u00f3seos o\u00a0oste\u00edctios representan \u201caproximadamente el 96% de todas las especies de peces\u00bb.<\/p>\n<p>De esto se desprende su relevancia en los ecosistemas marinos, ocupando casi todos los h\u00e1bitats acu\u00e1ticos, desde aguas dulces hasta marinas, incluyendo profundidades extremas (pez abisal) y ambientes costeros. Tienen un papel fundamental en las redes alimentarias del oc\u00e9ano, siendo presas as\u00ed como depredadores.<\/p>\n<p>En este sentido, Oyanadel destaca un interesante rasgo de estos peces en estudio y es que \u201cposeen habilidades cognitivas desarrolladas que han sido descubiertas recientemente, indicando un grado de conciencia, respuestas \u201cinteligentes\u201d al entorno, condiciones ambientales y de interacci\u00f3n inter e intra-especie\u201d.<\/p>\n<p>\u201cViven en el cuerpo de agua y tambi\u00e9n en los fondos de estos. Tienen una serie de adaptaciones morfol\u00f3gicas y fisiol\u00f3gicas que los hacen sumamente exitosos lo que lo lleva a vivir en la oscuridad y presi\u00f3n extrema de las profundidades de las fosas marinas. Incluso algunos tienen la capacidad de \u201cvolar\u201d por sobre el agua\u201d, agrega el especialista.<\/p>\n<p>Entonces, para saber m\u00e1s sobre estos peces, el equipo de investigaci\u00f3n plante\u00f3 la siguiente interrogante (que tambi\u00e9n es el t\u00edtulo de la publicaci\u00f3n): \u00bfQu\u00e9 sabemos de los peces \u00f3seos marinos del Ne\u00f3geno en Chile?<\/p>\n<p><a href=\"https:\/\/ceaza.cl\/wp-content\/uploads\/2024\/12\/Paleolab.png\"><img fetchpriority=\"high\" decoding=\"async\" class=\"alignleft\" src=\"https:\/\/ceaza.cl\/wp-content\/uploads\/2024\/12\/Paleolab.png\" sizes=\"(max-width: 601px) 100vw, 601px\" srcset=\"https:\/\/ceaza.cl\/wp-content\/uploads\/2024\/12\/Paleolab.png 1920w, https:\/\/ceaza.cl\/wp-content\/uploads\/2024\/12\/Paleolab-300x169.png 300w, https:\/\/ceaza.cl\/wp-content\/uploads\/2024\/12\/Paleolab-768x432.png 768w, https:\/\/ceaza.cl\/wp-content\/uploads\/2024\/12\/Paleolab-1024x576.png 1024w, https:\/\/ceaza.cl\/wp-content\/uploads\/2024\/12\/Paleolab-580x326.png 580w, https:\/\/ceaza.cl\/wp-content\/uploads\/2024\/12\/Paleolab-860x484.png 860w, https:\/\/ceaza.cl\/wp-content\/uploads\/2024\/12\/Paleolab-1160x653.png 1160w\" alt=\"\" width=\"455\" height=\"256\" \/><\/a><\/p>\n<h3>Las condiciones ambientales del Ne\u00f3geno: pistas relevantes para el presente<\/h3>\n<p>Este per\u00edodo inici\u00f3 hace 23 millones de a\u00f1os y ha durado hasta hace 2,59 millones de a\u00f1os. \u201cEtimol\u00f3gicamente hablando significa nuevo comienzo, es un espacio de tiempo de la historia natural de la tierra, donde hemos concluido en base a las investigaciones, se comienzan a establecer las condiciones ambientales globales y regionales que conocemos a\u00fan\u201d, apunta el investigador de CEAZA.<\/p>\n<p>De acuerdo a Oyanadel, en el Ne\u00f3geno la fauna es diferente a la actual, \u201cocurren eventos geol\u00f3gicos altamente relevantes como el pleno establecimiento de la formaci\u00f3n de la cordillera de los andes que comienza millones de a\u00f1os atr\u00e1s; se termina de cerrar el istmo de Panam\u00e1, se establece la corriente de Humboldt y se dan las condiciones climatol\u00f3gicas para la hiperaridizaci\u00f3n de Atacama lo que crea el desierto m\u00e1s \u00e1rido del mundo en nuestros d\u00edas\u201d.<\/p>\n<p>\u201cLa fauna terrestre se ve muy afectada por estos cambios climatol\u00f3gicos y al parecer algunos grupos de animales marinos tambi\u00e9n, como por ejemplo los tiburones\u201d, agrega.<\/p>\n<p>En este contexto, Oyanadel se\u00f1al\u00f3 que se infiere que los peces \u00f3seos durante el Ne\u00f3geno fueron claves en la transferencia de energ\u00eda y biomasa a las distintas secciones de las redes de tramas tr\u00f3ficas. Adem\u00e1s, representaron una fuente importante de alimentaci\u00f3n para tiburones, reptiles, aves y mam\u00edferos marinos. Conjeturas que son resultado de la observaci\u00f3n del comportamiento actual de estos animales.<\/p>\n<p>\u201cUn ejemplo de ello es los hermosos y grandes eventos donde estos vertebrados se alimentan de grandes card\u00famenes de\u00a0Sardinops sagax\u201d, enfatiza el cient\u00edfico.<\/p>\n<p>Al respecto, el an\u00e1lisis report\u00f3 que la\u00a0Sardinops sagax\u00a0es la \u00fanica que se encuentra actualmente en Chile, al comparar las 46 especies f\u00f3siles reportadas entre el Ne\u00f3geno y el presente.<\/p>\n<p>Por \u00faltimo, la investigaci\u00f3n indica que \u201cla composici\u00f3n faun\u00edstica (de los peces) entre el pasado y el presente no difiere significativamente en los distintos niveles taxon\u00f3micos (clasificaciones)\u201d.<\/p>\n<figure id=\"attachment_17890\"><a href=\"https:\/\/ceaza.cl\/wp-content\/uploads\/2024\/12\/mapa.jpg\"><img decoding=\"async\" src=\"https:\/\/ceaza.cl\/wp-content\/uploads\/2024\/12\/mapa.jpg\" sizes=\"(max-width: 6577px) 100vw, 6577px\" srcset=\"https:\/\/ceaza.cl\/wp-content\/uploads\/2024\/12\/mapa.jpg 6577w, https:\/\/ceaza.cl\/wp-content\/uploads\/2024\/12\/mapa-300x71.jpg 300w, https:\/\/ceaza.cl\/wp-content\/uploads\/2024\/12\/mapa-768x182.jpg 768w, https:\/\/ceaza.cl\/wp-content\/uploads\/2024\/12\/mapa-1024x243.jpg 1024w, https:\/\/ceaza.cl\/wp-content\/uploads\/2024\/12\/mapa-580x138.jpg 580w, https:\/\/ceaza.cl\/wp-content\/uploads\/2024\/12\/mapa-860x204.jpg 860w, https:\/\/ceaza.cl\/wp-content\/uploads\/2024\/12\/mapa-1160x275.jpg 1160w\" alt=\"\" width=\"6577\" height=\"1560\" \/><\/a><figcaption>Reconstrucci\u00f3n Paleoambiental del Ne\u00f3geno de Coquimbo (2.6 a 12 millones de a\u00f1os antes del presente)<\/figcaption><\/figure>\n<p>\u201cClaramente a niveles taxon\u00f3micos de g\u00e9nero y familia se observa este patr\u00f3n de preservaci\u00f3n de los taxones desde el Ne\u00f3geno. A nivel taxon\u00f3mico de especie a\u00fan no tenemos resultados concluyentes y eso es lo que seguimos investigando. No obstante, a ello, como mencion\u00e9 anteriormente las habilidades fisiol\u00f3gicas, cognitivas y conductuales de los peces les otorgan caracter\u00edsticas adaptativas enormes, lo que puede estar influenciando su permanencia en el tiempo. Otros factores como los oceanogr\u00e1ficos pueden ser los guiadores de esta historia, pero en el proceso de investigaci\u00f3n se integrar\u00e1n para generar resultados m\u00e1s precisos\u201d, precis\u00f3 Oyanadel.<\/p>\n<p><span style=\"font-weight: 400;\"><span lang=\"ES-PE\"><b><span lang=\"es-CL\"><span lang=\"ES-TRAD\"><a href=\"https:\/\/www.alloyingenieria.com\/\"><img decoding=\"async\" class=\"wp-image-55815 size-full alignleft\" src=\"https:\/\/www.mundoacuicola.cl\/new\/wp-content\/uploads\/2023\/09\/Gif-Alloy.gif\" alt=\"\" width=\"300\" height=\"300\" \/><\/a><\/span><\/span><\/b><\/span><\/span>En cuanto a investigaciones futuras, el investigador declara que a\u00fan no se sabe \u201cen qu\u00e9 direcci\u00f3n, presencia y extinci\u00f3n, influenciaron eventos como el establecimiento de la corriente de Humboldt o el surgimiento de las c\u00e9lulas de surgencia, glaciaciones y desglaciaciones en la presencia de los peces \u00f3seos en esta parte del Pac\u00edfico. Es por ello, que en CEAZA y el CIAHN, seguimos procesos de investigaci\u00f3n que nos ayuden a tener esos valiosos datos e interpretaciones de la historia natural del pasado\u00bb.<\/p>\n<p>Este estudio fue publicado en la Revista de Divulgaci\u00f3n Paleontol\u00f3gica \u201cIsurus\u201d y llevado a cabo en colaboraci\u00f3n con Jaime Villafa\u00f1a (CEAZA, Universidad Bernardo O\u2019Higgins), Karina Buldrini (Museo Nacional de Historia Natural), H\u00e9ctor Ramos (CEAZA, Universidad Cat\u00f3lica del Norte UCN), Yusse Hern\u00e1ndez (CEAZA, UCN), Mart\u00edn Ch\u00e1vez (Corporaci\u00f3n de Investigaci\u00f3n para el Desarrollo de la Paleontolog\u00eda e Historia Natural CIANH), Sven Nielsen (Universidad Austral de Chile), Jorge Campos (CEAZA, Therium), Sandra Rebolledo (Universidad Aut\u00f3noma de Barcelona) y Marcelo Rivadeneira (CEAZA, UCN, Universidad de La Serena).<\/p>\n","protected":false},"excerpt":{"rendered":"<p>CEAZA explora la evoluci\u00f3n y ecolog\u00eda de los peces \u00f3seos en el Ne\u00f3geno, destacando su relevancia para comprender el presente. <\/p>\n","protected":false},"author":8,"featured_media":71061,"comment_status":"closed","ping_status":"closed","sticky":false,"template":"","format":"standard","meta":{"footnotes":""},"categories":[63],"tags":[25011,748,2335,6023,25010,25012,25008,25009,25005,23640,25004,25014,25007,25013,25006],"class_list":["post-71056","post","type-post","status-publish","format-standard","has-post-thumbnail","hentry","category-ciencia","tag-adaptacion-evolutiva","tag-ceaza","tag-corriente-de-humboldt","tag-desierto-de-atacama","tag-fauna-fosil","tag-glaciaciones","tag-historia-natural","tag-investigacion-paleontologica","tag-neogeno","tag-paleobiologia","tag-peces-oseos-marinos","tag-reconstruccion-paleoambiental","tag-redes-troficas","tag-revista-isurus","tag-sardinops-sagax"],"yoast_head":"<!-- This site is optimized with the Yoast SEO plugin v27.5 - https:\/\/yoast.com\/product\/yoast-seo-wordpress\/ -->\n<title>Investigadores revelan c\u00f3mo era la biodiversidad marina de peces \u00f3seos hace millones de a\u00f1os - Mundoacuicola<\/title>\n<meta name=\"description\" content=\"CEAZA explora la evoluci\u00f3n y ecolog\u00eda de los peces \u00f3seos en el Ne\u00f3geno, destacando su relevancia para comprender el presente.\" \/>\n<meta name=\"robots\" content=\"index, follow, max-snippet:-1, max-image-preview:large, max-video-preview:-1\" \/>\n<link rel=\"canonical\" href=\"https:\/\/www.mundoacuicola.cl\/new\/investigadores-revelan-como-era-la-biodiversidad-marina-de-peces-oseos-hace-millones-de-anos\/\" \/>\n<meta property=\"og:locale\" content=\"es_ES\" \/>\n<meta property=\"og:type\" content=\"article\" \/>\n<meta property=\"og:title\" content=\"Investigadores revelan c\u00f3mo era la biodiversidad marina de peces \u00f3seos hace millones de a\u00f1os - Mundoacuicola\" \/>\n<meta property=\"og:description\" content=\"CEAZA explora la evoluci\u00f3n y ecolog\u00eda de los peces \u00f3seos en el Ne\u00f3geno, destacando su relevancia para comprender el presente.\" \/>\n<meta property=\"og:url\" content=\"https:\/\/www.mundoacuicola.cl\/new\/investigadores-revelan-como-era-la-biodiversidad-marina-de-peces-oseos-hace-millones-de-anos\/\" \/>\n<meta property=\"og:site_name\" content=\"Mundoacuicola\" \/>\n<meta property=\"article:publisher\" content=\"https:\/\/www.facebook.com\/mundo.acuicola\/\" \/>\n<meta property=\"article:published_time\" content=\"2024-12-10T15:36:32+00:00\" \/>\n<meta property=\"article:modified_time\" content=\"2024-12-12T12:43:12+00:00\" \/>\n<meta property=\"og:image\" content=\"https:\/\/www.mundoacuicola.cl\/new\/wp-content\/uploads\/2024\/12\/Paleolab2.png\" \/>\n\t<meta property=\"og:image:width\" content=\"750\" \/>\n\t<meta property=\"og:image:height\" content=\"400\" \/>\n\t<meta property=\"og:image:type\" content=\"image\/png\" \/>\n<meta name=\"author\" content=\"Ricardo Alvarez\" \/>\n<meta name=\"twitter:card\" content=\"summary_large_image\" \/>\n<meta name=\"twitter:creator\" content=\"@mundoacuicola\" \/>\n<meta name=\"twitter:site\" content=\"@mundoacuicola\" \/>\n<meta name=\"twitter:label1\" content=\"Escrito por\" \/>\n\t<meta name=\"twitter:data1\" content=\"Ricardo Alvarez\" \/>\n\t<meta name=\"twitter:label2\" content=\"Tiempo de lectura\" \/>\n\t<meta name=\"twitter:data2\" content=\"5 minutos\" \/>\n<script type=\"application\/ld+json\" class=\"yoast-schema-graph\">{\"@context\":\"https:\\\/\\\/schema.org\",\"@graph\":[{\"@type\":\"Article\",\"@id\":\"https:\\\/\\\/www.mundoacuicola.cl\\\/new\\\/investigadores-revelan-como-era-la-biodiversidad-marina-de-peces-oseos-hace-millones-de-anos\\\/#article\",\"isPartOf\":{\"@id\":\"https:\\\/\\\/www.mundoacuicola.cl\\\/new\\\/investigadores-revelan-como-era-la-biodiversidad-marina-de-peces-oseos-hace-millones-de-anos\\\/\"},\"author\":{\"name\":\"Ricardo Alvarez\",\"@id\":\"https:\\\/\\\/www.mundoacuicola.cl\\\/new\\\/#\\\/schema\\\/person\\\/52cfe7e461eb2d30484965350ee34bdd\"},\"headline\":\"Investigadores revelan c\u00f3mo era la biodiversidad marina de peces \u00f3seos hace millones de a\u00f1os\",\"datePublished\":\"2024-12-10T15:36:32+00:00\",\"dateModified\":\"2024-12-12T12:43:12+00:00\",\"mainEntityOfPage\":{\"@id\":\"https:\\\/\\\/www.mundoacuicola.cl\\\/new\\\/investigadores-revelan-como-era-la-biodiversidad-marina-de-peces-oseos-hace-millones-de-anos\\\/\"},\"wordCount\":929,\"publisher\":{\"@id\":\"https:\\\/\\\/www.mundoacuicola.cl\\\/new\\\/#organization\"},\"image\":{\"@id\":\"https:\\\/\\\/www.mundoacuicola.cl\\\/new\\\/investigadores-revelan-como-era-la-biodiversidad-marina-de-peces-oseos-hace-millones-de-anos\\\/#primaryimage\"},\"thumbnailUrl\":\"https:\\\/\\\/www.mundoacuicola.cl\\\/new\\\/wp-content\\\/uploads\\\/2024\\\/12\\\/Paleolab2.png\",\"keywords\":[\"adaptaci\u00f3n evolutiva\",\"Ceaza\",\"Corriente de Humboldt\",\"desierto de Atacama\",\"fauna f\u00f3sil\",\"glaciaciones\",\"historia natural\",\"investigaci\u00f3n paleontol\u00f3gica\",\"Ne\u00f3geno\",\"paleobiolog\u00eda\",\"peces \u00f3seos marinos\",\"reconstrucci\u00f3n paleoambiental\",\"redes tr\u00f3ficas\",\"Revista Isurus\",\"Sardinops sagax\"],\"articleSection\":[\"Ciencia\"],\"inLanguage\":\"es\"},{\"@type\":\"WebPage\",\"@id\":\"https:\\\/\\\/www.mundoacuicola.cl\\\/new\\\/investigadores-revelan-como-era-la-biodiversidad-marina-de-peces-oseos-hace-millones-de-anos\\\/\",\"url\":\"https:\\\/\\\/www.mundoacuicola.cl\\\/new\\\/investigadores-revelan-como-era-la-biodiversidad-marina-de-peces-oseos-hace-millones-de-anos\\\/\",\"name\":\"Investigadores revelan c\u00f3mo era la biodiversidad marina de peces \u00f3seos hace millones de a\u00f1os - Mundoacuicola\",\"isPartOf\":{\"@id\":\"https:\\\/\\\/www.mundoacuicola.cl\\\/new\\\/#website\"},\"primaryImageOfPage\":{\"@id\":\"https:\\\/\\\/www.mundoacuicola.cl\\\/new\\\/investigadores-revelan-como-era-la-biodiversidad-marina-de-peces-oseos-hace-millones-de-anos\\\/#primaryimage\"},\"image\":{\"@id\":\"https:\\\/\\\/www.mundoacuicola.cl\\\/new\\\/investigadores-revelan-como-era-la-biodiversidad-marina-de-peces-oseos-hace-millones-de-anos\\\/#primaryimage\"},\"thumbnailUrl\":\"https:\\\/\\\/www.mundoacuicola.cl\\\/new\\\/wp-content\\\/uploads\\\/2024\\\/12\\\/Paleolab2.png\",\"datePublished\":\"2024-12-10T15:36:32+00:00\",\"dateModified\":\"2024-12-12T12:43:12+00:00\",\"description\":\"CEAZA explora la evoluci\u00f3n y ecolog\u00eda de los peces \u00f3seos en el Ne\u00f3geno, destacando su relevancia para comprender el presente.\",\"breadcrumb\":{\"@id\":\"https:\\\/\\\/www.mundoacuicola.cl\\\/new\\\/investigadores-revelan-como-era-la-biodiversidad-marina-de-peces-oseos-hace-millones-de-anos\\\/#breadcrumb\"},\"inLanguage\":\"es\",\"potentialAction\":[{\"@type\":\"ReadAction\",\"target\":[\"https:\\\/\\\/www.mundoacuicola.cl\\\/new\\\/investigadores-revelan-como-era-la-biodiversidad-marina-de-peces-oseos-hace-millones-de-anos\\\/\"]}]},{\"@type\":\"ImageObject\",\"inLanguage\":\"es\",\"@id\":\"https:\\\/\\\/www.mundoacuicola.cl\\\/new\\\/investigadores-revelan-como-era-la-biodiversidad-marina-de-peces-oseos-hace-millones-de-anos\\\/#primaryimage\",\"url\":\"https:\\\/\\\/www.mundoacuicola.cl\\\/new\\\/wp-content\\\/uploads\\\/2024\\\/12\\\/Paleolab2.png\",\"contentUrl\":\"https:\\\/\\\/www.mundoacuicola.cl\\\/new\\\/wp-content\\\/uploads\\\/2024\\\/12\\\/Paleolab2.png\",\"width\":750,\"height\":400},{\"@type\":\"BreadcrumbList\",\"@id\":\"https:\\\/\\\/www.mundoacuicola.cl\\\/new\\\/investigadores-revelan-como-era-la-biodiversidad-marina-de-peces-oseos-hace-millones-de-anos\\\/#breadcrumb\",\"itemListElement\":[{\"@type\":\"ListItem\",\"position\":1,\"name\":\"Portada\",\"item\":\"https:\\\/\\\/www.mundoacuicola.cl\\\/new\\\/\"},{\"@type\":\"ListItem\",\"position\":2,\"name\":\"Investigadores revelan c\u00f3mo era la biodiversidad marina de peces \u00f3seos hace millones de a\u00f1os\"}]},{\"@type\":\"WebSite\",\"@id\":\"https:\\\/\\\/www.mundoacuicola.cl\\\/new\\\/#website\",\"url\":\"https:\\\/\\\/www.mundoacuicola.cl\\\/new\\\/\",\"name\":\"Mundoacuicola\",\"description\":\"Revista de Acuicultura.\",\"publisher\":{\"@id\":\"https:\\\/\\\/www.mundoacuicola.cl\\\/new\\\/#organization\"},\"potentialAction\":[{\"@type\":\"SearchAction\",\"target\":{\"@type\":\"EntryPoint\",\"urlTemplate\":\"https:\\\/\\\/www.mundoacuicola.cl\\\/new\\\/?s={search_term_string}\"},\"query-input\":{\"@type\":\"PropertyValueSpecification\",\"valueRequired\":true,\"valueName\":\"search_term_string\"}}],\"inLanguage\":\"es\"},{\"@type\":\"Organization\",\"@id\":\"https:\\\/\\\/www.mundoacuicola.cl\\\/new\\\/#organization\",\"name\":\"Mundoacuicola\",\"url\":\"https:\\\/\\\/www.mundoacuicola.cl\\\/new\\\/\",\"logo\":{\"@type\":\"ImageObject\",\"inLanguage\":\"es\",\"@id\":\"https:\\\/\\\/www.mundoacuicola.cl\\\/new\\\/#\\\/schema\\\/logo\\\/image\\\/\",\"url\":\"https:\\\/\\\/www.mundoacuicola.cl\\\/new\\\/wp-content\\\/uploads\\\/2026\\\/01\\\/cropped-LOGO-Mundo-Acuicola-2026.png\",\"contentUrl\":\"https:\\\/\\\/www.mundoacuicola.cl\\\/new\\\/wp-content\\\/uploads\\\/2026\\\/01\\\/cropped-LOGO-Mundo-Acuicola-2026.png\",\"width\":1252,\"height\":296,\"caption\":\"Mundoacuicola\"},\"image\":{\"@id\":\"https:\\\/\\\/www.mundoacuicola.cl\\\/new\\\/#\\\/schema\\\/logo\\\/image\\\/\"},\"sameAs\":[\"https:\\\/\\\/www.facebook.com\\\/mundo.acuicola\\\/\",\"https:\\\/\\\/x.com\\\/mundoacuicola\",\"https:\\\/\\\/www.linkedin.com\\\/in\\\/mundo-acuicola\"]},{\"@type\":\"Person\",\"@id\":\"https:\\\/\\\/www.mundoacuicola.cl\\\/new\\\/#\\\/schema\\\/person\\\/52cfe7e461eb2d30484965350ee34bdd\",\"name\":\"Ricardo Alvarez\",\"url\":\"https:\\\/\\\/www.mundoacuicola.cl\\\/new\\\/author\\\/ricardo\\\/\"}]}<\/script>\n<!-- \/ Yoast SEO plugin. -->","yoast_head_json":{"title":"Investigadores revelan c\u00f3mo era la biodiversidad marina de peces \u00f3seos hace millones de a\u00f1os - Mundoacuicola","description":"CEAZA explora la evoluci\u00f3n y ecolog\u00eda de los peces \u00f3seos en el Ne\u00f3geno, destacando su relevancia para comprender el presente.","robots":{"index":"index","follow":"follow","max-snippet":"max-snippet:-1","max-image-preview":"max-image-preview:large","max-video-preview":"max-video-preview:-1"},"canonical":"https:\/\/www.mundoacuicola.cl\/new\/investigadores-revelan-como-era-la-biodiversidad-marina-de-peces-oseos-hace-millones-de-anos\/","og_locale":"es_ES","og_type":"article","og_title":"Investigadores revelan c\u00f3mo era la biodiversidad marina de peces \u00f3seos hace millones de a\u00f1os - Mundoacuicola","og_description":"CEAZA explora la evoluci\u00f3n y ecolog\u00eda de los peces \u00f3seos en el Ne\u00f3geno, destacando su relevancia para comprender el presente.","og_url":"https:\/\/www.mundoacuicola.cl\/new\/investigadores-revelan-como-era-la-biodiversidad-marina-de-peces-oseos-hace-millones-de-anos\/","og_site_name":"Mundoacuicola","article_publisher":"https:\/\/www.facebook.com\/mundo.acuicola\/","article_published_time":"2024-12-10T15:36:32+00:00","article_modified_time":"2024-12-12T12:43:12+00:00","og_image":[{"width":750,"height":400,"url":"https:\/\/www.mundoacuicola.cl\/new\/wp-content\/uploads\/2024\/12\/Paleolab2.png","type":"image\/png"}],"author":"Ricardo Alvarez","twitter_card":"summary_large_image","twitter_creator":"@mundoacuicola","twitter_site":"@mundoacuicola","twitter_misc":{"Escrito por":"Ricardo Alvarez","Tiempo de lectura":"5 minutos"},"schema":{"@context":"https:\/\/schema.org","@graph":[{"@type":"Article","@id":"https:\/\/www.mundoacuicola.cl\/new\/investigadores-revelan-como-era-la-biodiversidad-marina-de-peces-oseos-hace-millones-de-anos\/#article","isPartOf":{"@id":"https:\/\/www.mundoacuicola.cl\/new\/investigadores-revelan-como-era-la-biodiversidad-marina-de-peces-oseos-hace-millones-de-anos\/"},"author":{"name":"Ricardo Alvarez","@id":"https:\/\/www.mundoacuicola.cl\/new\/#\/schema\/person\/52cfe7e461eb2d30484965350ee34bdd"},"headline":"Investigadores revelan c\u00f3mo era la biodiversidad marina de peces \u00f3seos hace millones de a\u00f1os","datePublished":"2024-12-10T15:36:32+00:00","dateModified":"2024-12-12T12:43:12+00:00","mainEntityOfPage":{"@id":"https:\/\/www.mundoacuicola.cl\/new\/investigadores-revelan-como-era-la-biodiversidad-marina-de-peces-oseos-hace-millones-de-anos\/"},"wordCount":929,"publisher":{"@id":"https:\/\/www.mundoacuicola.cl\/new\/#organization"},"image":{"@id":"https:\/\/www.mundoacuicola.cl\/new\/investigadores-revelan-como-era-la-biodiversidad-marina-de-peces-oseos-hace-millones-de-anos\/#primaryimage"},"thumbnailUrl":"https:\/\/www.mundoacuicola.cl\/new\/wp-content\/uploads\/2024\/12\/Paleolab2.png","keywords":["adaptaci\u00f3n evolutiva","Ceaza","Corriente de Humboldt","desierto de Atacama","fauna f\u00f3sil","glaciaciones","historia natural","investigaci\u00f3n paleontol\u00f3gica","Ne\u00f3geno","paleobiolog\u00eda","peces \u00f3seos marinos","reconstrucci\u00f3n paleoambiental","redes tr\u00f3ficas","Revista Isurus","Sardinops sagax"],"articleSection":["Ciencia"],"inLanguage":"es"},{"@type":"WebPage","@id":"https:\/\/www.mundoacuicola.cl\/new\/investigadores-revelan-como-era-la-biodiversidad-marina-de-peces-oseos-hace-millones-de-anos\/","url":"https:\/\/www.mundoacuicola.cl\/new\/investigadores-revelan-como-era-la-biodiversidad-marina-de-peces-oseos-hace-millones-de-anos\/","name":"Investigadores revelan c\u00f3mo era la biodiversidad marina de peces \u00f3seos hace millones de a\u00f1os - Mundoacuicola","isPartOf":{"@id":"https:\/\/www.mundoacuicola.cl\/new\/#website"},"primaryImageOfPage":{"@id":"https:\/\/www.mundoacuicola.cl\/new\/investigadores-revelan-como-era-la-biodiversidad-marina-de-peces-oseos-hace-millones-de-anos\/#primaryimage"},"image":{"@id":"https:\/\/www.mundoacuicola.cl\/new\/investigadores-revelan-como-era-la-biodiversidad-marina-de-peces-oseos-hace-millones-de-anos\/#primaryimage"},"thumbnailUrl":"https:\/\/www.mundoacuicola.cl\/new\/wp-content\/uploads\/2024\/12\/Paleolab2.png","datePublished":"2024-12-10T15:36:32+00:00","dateModified":"2024-12-12T12:43:12+00:00","description":"CEAZA explora la evoluci\u00f3n y ecolog\u00eda de los peces \u00f3seos en el Ne\u00f3geno, destacando su relevancia para comprender el presente.","breadcrumb":{"@id":"https:\/\/www.mundoacuicola.cl\/new\/investigadores-revelan-como-era-la-biodiversidad-marina-de-peces-oseos-hace-millones-de-anos\/#breadcrumb"},"inLanguage":"es","potentialAction":[{"@type":"ReadAction","target":["https:\/\/www.mundoacuicola.cl\/new\/investigadores-revelan-como-era-la-biodiversidad-marina-de-peces-oseos-hace-millones-de-anos\/"]}]},{"@type":"ImageObject","inLanguage":"es","@id":"https:\/\/www.mundoacuicola.cl\/new\/investigadores-revelan-como-era-la-biodiversidad-marina-de-peces-oseos-hace-millones-de-anos\/#primaryimage","url":"https:\/\/www.mundoacuicola.cl\/new\/wp-content\/uploads\/2024\/12\/Paleolab2.png","contentUrl":"https:\/\/www.mundoacuicola.cl\/new\/wp-content\/uploads\/2024\/12\/Paleolab2.png","width":750,"height":400},{"@type":"BreadcrumbList","@id":"https:\/\/www.mundoacuicola.cl\/new\/investigadores-revelan-como-era-la-biodiversidad-marina-de-peces-oseos-hace-millones-de-anos\/#breadcrumb","itemListElement":[{"@type":"ListItem","position":1,"name":"Portada","item":"https:\/\/www.mundoacuicola.cl\/new\/"},{"@type":"ListItem","position":2,"name":"Investigadores revelan c\u00f3mo era la biodiversidad marina de peces \u00f3seos hace millones de a\u00f1os"}]},{"@type":"WebSite","@id":"https:\/\/www.mundoacuicola.cl\/new\/#website","url":"https:\/\/www.mundoacuicola.cl\/new\/","name":"Mundoacuicola","description":"Revista de Acuicultura.","publisher":{"@id":"https:\/\/www.mundoacuicola.cl\/new\/#organization"},"potentialAction":[{"@type":"SearchAction","target":{"@type":"EntryPoint","urlTemplate":"https:\/\/www.mundoacuicola.cl\/new\/?s={search_term_string}"},"query-input":{"@type":"PropertyValueSpecification","valueRequired":true,"valueName":"search_term_string"}}],"inLanguage":"es"},{"@type":"Organization","@id":"https:\/\/www.mundoacuicola.cl\/new\/#organization","name":"Mundoacuicola","url":"https:\/\/www.mundoacuicola.cl\/new\/","logo":{"@type":"ImageObject","inLanguage":"es","@id":"https:\/\/www.mundoacuicola.cl\/new\/#\/schema\/logo\/image\/","url":"https:\/\/www.mundoacuicola.cl\/new\/wp-content\/uploads\/2026\/01\/cropped-LOGO-Mundo-Acuicola-2026.png","contentUrl":"https:\/\/www.mundoacuicola.cl\/new\/wp-content\/uploads\/2026\/01\/cropped-LOGO-Mundo-Acuicola-2026.png","width":1252,"height":296,"caption":"Mundoacuicola"},"image":{"@id":"https:\/\/www.mundoacuicola.cl\/new\/#\/schema\/logo\/image\/"},"sameAs":["https:\/\/www.facebook.com\/mundo.acuicola\/","https:\/\/x.com\/mundoacuicola","https:\/\/www.linkedin.com\/in\/mundo-acuicola"]},{"@type":"Person","@id":"https:\/\/www.mundoacuicola.cl\/new\/#\/schema\/person\/52cfe7e461eb2d30484965350ee34bdd","name":"Ricardo Alvarez","url":"https:\/\/www.mundoacuicola.cl\/new\/author\/ricardo\/"}]}},"_links":{"self":[{"href":"https:\/\/www.mundoacuicola.cl\/new\/wp-json\/wp\/v2\/posts\/71056","targetHints":{"allow":["GET"]}}],"collection":[{"href":"https:\/\/www.mundoacuicola.cl\/new\/wp-json\/wp\/v2\/posts"}],"about":[{"href":"https:\/\/www.mundoacuicola.cl\/new\/wp-json\/wp\/v2\/types\/post"}],"author":[{"embeddable":true,"href":"https:\/\/www.mundoacuicola.cl\/new\/wp-json\/wp\/v2\/users\/8"}],"replies":[{"embeddable":true,"href":"https:\/\/www.mundoacuicola.cl\/new\/wp-json\/wp\/v2\/comments?post=71056"}],"version-history":[{"count":0,"href":"https:\/\/www.mundoacuicola.cl\/new\/wp-json\/wp\/v2\/posts\/71056\/revisions"}],"wp:featuredmedia":[{"embeddable":true,"href":"https:\/\/www.mundoacuicola.cl\/new\/wp-json\/wp\/v2\/media\/71061"}],"wp:attachment":[{"href":"https:\/\/www.mundoacuicola.cl\/new\/wp-json\/wp\/v2\/media?parent=71056"}],"wp:term":[{"taxonomy":"category","embeddable":true,"href":"https:\/\/www.mundoacuicola.cl\/new\/wp-json\/wp\/v2\/categories?post=71056"},{"taxonomy":"post_tag","embeddable":true,"href":"https:\/\/www.mundoacuicola.cl\/new\/wp-json\/wp\/v2\/tags?post=71056"}],"curies":[{"name":"wp","href":"https:\/\/api.w.org\/{rel}","templated":true}]}}