{"id":74385,"date":"2025-03-28T06:22:42","date_gmt":"2025-03-28T10:22:42","guid":{"rendered":"https:\/\/www.mundoacuicola.cl\/new\/?p=74385"},"modified":"2025-03-31T08:39:04","modified_gmt":"2025-03-31T12:39:04","slug":"tercer-encuentro-por-la-equidad-de-genero-de-la-salmonicultura-reune-a-mas-de-100-trabajadoras-y-lideres-del-sector","status":"publish","type":"post","link":"https:\/\/www.mundoacuicola.cl\/new\/tercer-encuentro-por-la-equidad-de-genero-de-la-salmonicultura-reune-a-mas-de-100-trabajadoras-y-lideres-del-sector\/","title":{"rendered":"Tercer Encuentro por la Equidad de G\u00e9nero de la Salmonicultura re\u00fane a m\u00e1s de 100 trabajadoras y l\u00edderes del sector"},"content":{"rendered":"<p>El desarrollo sostenible no se logra con una sola mirada. Se construye cuando todas las perspectivas tienen un lugar en la mesa. Con esa convicci\u00f3n, SalmonChile y las 16 empresas que conforman la Mesa de Equidad del Salm\u00f3n realizaron el Tercer Encuentro por la Equidad de G\u00e9nero en la Salmonicultura. La actividad \u2014realizada en INACAP Puerto Montt bajo el lema \u201c+Di\u00e1logo +Compromiso +Futuro\u201d\u2014 convoc\u00f3 a m\u00e1s de 100 participantes de distintas regiones y \u00e1reas del sector.<\/p>\n<p><span style=\"font-weight: 400;\">El hito evidenci\u00f3 el compromiso colectivo por seguir reflexionando e impulsando transformaciones en el rubro. Tras las palabras de bienvenida de las autoridades \u2014la Delegada Presidencial Regional de Los Lagos Paulina Mu\u00f1oz Molina, la Seremi de la Mujer y Equidad Macarena Gr\u00e9 y el Administrador Regional Carlos Recondo\u2014, la gerente de Proyectos y Estudios de SalmonChile,\u00a0 Marcela Bravo, present\u00f3 un an\u00e1lisis de las brechas y avances en equidad dentro del sector, seguido por la exposici\u00f3n central de la exministra de la Mujer y la Equidad de G\u00e9nero, Carolina Cuevas, quien se\u00f1al\u00f3 que \u201clas empresas no pueden esperar que el cambio venga desde fuera: hoy son actores fundamentales en el redise\u00f1o del tejido social y productivo del pa\u00eds\u201d.<\/span><\/p>\n<p><span style=\"font-weight: 400;\">La Seremi de la Mujer y la Equidad de G\u00e9nero de la Regi\u00f3n de Los Lagos, Macarena Gr\u00e9, destac\u00f3 que \u201cla industria del salm\u00f3n es fundamental, no s\u00f3lo a nivel pa\u00eds, sino tambi\u00e9n muy importante en nuestra regi\u00f3n, porque precisamente muchas mujeres son parte de este espacio, y aqu\u00ed lo relevante es no s\u00f3lo realizar diagn\u00f3sticos y saber qu\u00e9 cargos ocupamos o d\u00f3nde nos posicionamos m\u00e1s fuertemente, sino que m\u00e1s bien esta mesa lo que hace es impulsar el desarrollo de las mujeres, impactando en su carrera, en sus liderazgos, pero tambi\u00e9n y, sobre todo, impactando directamente a sus familias\u201d.<\/span><\/p>\n<p><span style=\"font-weight: 400;\">Uno de los momentos m\u00e1s significativos fue la ceremonia de reconocimiento a mujeres destacadas por su trayectoria y contribuci\u00f3n en cada empresa socia de la Mesa de Equidad del Salm\u00f3n, un espacio emotivo que visibiliz\u00f3 historias concretas de transformaci\u00f3n desde distintos territorios y roles.<\/span><\/p>\n<p><span style=\"font-weight: 400;\">La presidenta de la Coordinadora Nacional de Trabajadores de la Industria del Salm\u00f3n, Marta Oyarzo, indic\u00f3 que \u201cestamos hoy d\u00eda ya comprometidos con esto y hoy d\u00eda lo que esperamos d\u00e9 ac\u00e1 es que se den a conocer cu\u00e1nto hemos avanzado en acortar las brechas, que en su minuto fueron propuestas a trav\u00e9s de este dec\u00e1logo de 10 principios que asumi\u00f3 la industria el a\u00f1o 2022 respecto de la equidad de g\u00e9nero\u201d.<\/span><\/p>\n<p><span style=\"font-weight: 400;\">El encuentro cerr\u00f3 con mesas de di\u00e1logo donde operarias, gerentes, l\u00edderes sindicales y profesionales reflexionaron juntas sobre avances y visiones de futuro. Los resultados de estas mesas ser\u00e1n sistematizados y ser\u00e1n parte de la agenda 2.0 de la Mesa de Equidad del Salm\u00f3n.<\/span><\/p>\n<p><span style=\"font-weight: 400;\">Desde el gremio, Marcela Bravo puntualiz\u00f3 que \u201cestas instancias no solo visibilizan los importantes desaf\u00edos pendientes, sino que habilitan nuevas formas de construir confianza, agencia y comunidad dentro del sector. Hoy vemos trabajadoras m\u00e1s empoderadas, empresas m\u00e1s involucradas y una cultura organizacional en evoluci\u00f3n. Mantener este di\u00e1logo abierto es clave para consolidar un desarrollo m\u00e1s equitativo y conectado con la realidad de las personas\u201d.<\/span><\/p>\n","protected":false},"excerpt":{"rendered":"<p>SalmonChile y empresas del rubro realizaron el Tercer Encuentro por la Equidad de G\u00e9nero, con m\u00e1s de 100 asistentes y reconocimiento a trabajadoras destacadas.<\/p>\n","protected":false},"author":8,"featured_media":74386,"comment_status":"closed","ping_status":"closed","sticky":false,"template":"","format":"standard","meta":{"footnotes":""},"categories":[60],"tags":[9934,9606,5094,122,18387,170,197,26213],"class_list":["post-74385","post","type-post","status-publish","format-standard","has-post-thumbnail","hentry","category-salmonicultura","tag-brechas-de-genero","tag-desarrollo-sostenible","tag-equidad-de-genero","tag-industria-acuicola","tag-mujeres-en-la-acuicultura","tag-salmonchile","tag-salmonicultura","tag-trabajadoras-del-mar"],"yoast_head":"<!-- This site is optimized with the Yoast SEO plugin v27.5 - https:\/\/yoast.com\/product\/yoast-seo-wordpress\/ -->\n<title>Tercer Encuentro por la Equidad de G\u00e9nero de la Salmonicultura re\u00fane a m\u00e1s de 100 trabajadoras y l\u00edderes del sector - Mundoacuicola<\/title>\n<meta name=\"description\" content=\"SalmonChile y empresas del rubro realizaron el Tercer Encuentro por la Equidad de G\u00e9nero, con m\u00e1s de 100 asistentes y reconocimiento.\" \/>\n<meta name=\"robots\" content=\"index, follow, max-snippet:-1, max-image-preview:large, max-video-preview:-1\" \/>\n<link rel=\"canonical\" href=\"https:\/\/www.mundoacuicola.cl\/new\/tercer-encuentro-por-la-equidad-de-genero-de-la-salmonicultura-reune-a-mas-de-100-trabajadoras-y-lideres-del-sector\/\" \/>\n<meta property=\"og:locale\" content=\"es_ES\" \/>\n<meta property=\"og:type\" content=\"article\" \/>\n<meta property=\"og:title\" content=\"Tercer Encuentro por la Equidad de G\u00e9nero de la Salmonicultura re\u00fane a m\u00e1s de 100 trabajadoras y l\u00edderes del sector - Mundoacuicola\" \/>\n<meta property=\"og:description\" content=\"SalmonChile y empresas del rubro realizaron el Tercer Encuentro por la Equidad de G\u00e9nero, con m\u00e1s de 100 asistentes y reconocimiento.\" \/>\n<meta property=\"og:url\" content=\"https:\/\/www.mundoacuicola.cl\/new\/tercer-encuentro-por-la-equidad-de-genero-de-la-salmonicultura-reune-a-mas-de-100-trabajadoras-y-lideres-del-sector\/\" \/>\n<meta property=\"og:site_name\" content=\"Mundoacuicola\" \/>\n<meta property=\"article:publisher\" content=\"https:\/\/www.facebook.com\/mundo.acuicola\/\" \/>\n<meta property=\"article:published_time\" content=\"2025-03-28T10:22:42+00:00\" \/>\n<meta property=\"article:modified_time\" content=\"2025-03-31T12:39:04+00:00\" \/>\n<meta property=\"og:image\" content=\"https:\/\/www.mundoacuicola.cl\/new\/wp-content\/uploads\/2025\/03\/TercerEncuentroEquidad2.jpg\" \/>\n\t<meta property=\"og:image:width\" content=\"750\" \/>\n\t<meta property=\"og:image:height\" content=\"400\" \/>\n\t<meta property=\"og:image:type\" content=\"image\/jpeg\" \/>\n<meta name=\"author\" content=\"Ricardo Alvarez\" \/>\n<meta name=\"twitter:card\" content=\"summary_large_image\" \/>\n<meta name=\"twitter:creator\" content=\"@mundoacuicola\" \/>\n<meta name=\"twitter:site\" content=\"@mundoacuicola\" \/>\n<meta name=\"twitter:label1\" content=\"Escrito por\" \/>\n\t<meta name=\"twitter:data1\" content=\"Ricardo Alvarez\" \/>\n\t<meta name=\"twitter:label2\" content=\"Tiempo de lectura\" \/>\n\t<meta name=\"twitter:data2\" content=\"3 minutos\" \/>\n<script type=\"application\/ld+json\" class=\"yoast-schema-graph\">{\"@context\":\"https:\\\/\\\/schema.org\",\"@graph\":[{\"@type\":\"Article\",\"@id\":\"https:\\\/\\\/www.mundoacuicola.cl\\\/new\\\/tercer-encuentro-por-la-equidad-de-genero-de-la-salmonicultura-reune-a-mas-de-100-trabajadoras-y-lideres-del-sector\\\/#article\",\"isPartOf\":{\"@id\":\"https:\\\/\\\/www.mundoacuicola.cl\\\/new\\\/tercer-encuentro-por-la-equidad-de-genero-de-la-salmonicultura-reune-a-mas-de-100-trabajadoras-y-lideres-del-sector\\\/\"},\"author\":{\"name\":\"Ricardo Alvarez\",\"@id\":\"https:\\\/\\\/www.mundoacuicola.cl\\\/new\\\/#\\\/schema\\\/person\\\/52cfe7e461eb2d30484965350ee34bdd\"},\"headline\":\"Tercer Encuentro por la Equidad de G\u00e9nero de la Salmonicultura re\u00fane a m\u00e1s de 100 trabajadoras y l\u00edderes del sector\",\"datePublished\":\"2025-03-28T10:22:42+00:00\",\"dateModified\":\"2025-03-31T12:39:04+00:00\",\"mainEntityOfPage\":{\"@id\":\"https:\\\/\\\/www.mundoacuicola.cl\\\/new\\\/tercer-encuentro-por-la-equidad-de-genero-de-la-salmonicultura-reune-a-mas-de-100-trabajadoras-y-lideres-del-sector\\\/\"},\"wordCount\":582,\"publisher\":{\"@id\":\"https:\\\/\\\/www.mundoacuicola.cl\\\/new\\\/#organization\"},\"image\":{\"@id\":\"https:\\\/\\\/www.mundoacuicola.cl\\\/new\\\/tercer-encuentro-por-la-equidad-de-genero-de-la-salmonicultura-reune-a-mas-de-100-trabajadoras-y-lideres-del-sector\\\/#primaryimage\"},\"thumbnailUrl\":\"https:\\\/\\\/www.mundoacuicola.cl\\\/new\\\/wp-content\\\/uploads\\\/2025\\\/03\\\/TercerEncuentroEquidad2.jpg\",\"keywords\":[\"brechas de g\u00e9nero\",\"Desarrollo Sostenible\",\"equidad de g\u00e9nero\",\"Industria Acu\u00edcola\",\"mujeres en la acuicultura\",\"Salmonchile\",\"salmonicultura\",\"trabajadoras del mar\"],\"articleSection\":[\"Salmonicultura\"],\"inLanguage\":\"es\"},{\"@type\":\"WebPage\",\"@id\":\"https:\\\/\\\/www.mundoacuicola.cl\\\/new\\\/tercer-encuentro-por-la-equidad-de-genero-de-la-salmonicultura-reune-a-mas-de-100-trabajadoras-y-lideres-del-sector\\\/\",\"url\":\"https:\\\/\\\/www.mundoacuicola.cl\\\/new\\\/tercer-encuentro-por-la-equidad-de-genero-de-la-salmonicultura-reune-a-mas-de-100-trabajadoras-y-lideres-del-sector\\\/\",\"name\":\"Tercer Encuentro por la Equidad de G\u00e9nero de la Salmonicultura re\u00fane a m\u00e1s de 100 trabajadoras y l\u00edderes del sector - Mundoacuicola\",\"isPartOf\":{\"@id\":\"https:\\\/\\\/www.mundoacuicola.cl\\\/new\\\/#website\"},\"primaryImageOfPage\":{\"@id\":\"https:\\\/\\\/www.mundoacuicola.cl\\\/new\\\/tercer-encuentro-por-la-equidad-de-genero-de-la-salmonicultura-reune-a-mas-de-100-trabajadoras-y-lideres-del-sector\\\/#primaryimage\"},\"image\":{\"@id\":\"https:\\\/\\\/www.mundoacuicola.cl\\\/new\\\/tercer-encuentro-por-la-equidad-de-genero-de-la-salmonicultura-reune-a-mas-de-100-trabajadoras-y-lideres-del-sector\\\/#primaryimage\"},\"thumbnailUrl\":\"https:\\\/\\\/www.mundoacuicola.cl\\\/new\\\/wp-content\\\/uploads\\\/2025\\\/03\\\/TercerEncuentroEquidad2.jpg\",\"datePublished\":\"2025-03-28T10:22:42+00:00\",\"dateModified\":\"2025-03-31T12:39:04+00:00\",\"description\":\"SalmonChile y empresas del rubro realizaron el Tercer Encuentro por la Equidad de G\u00e9nero, con m\u00e1s de 100 asistentes y reconocimiento.\",\"breadcrumb\":{\"@id\":\"https:\\\/\\\/www.mundoacuicola.cl\\\/new\\\/tercer-encuentro-por-la-equidad-de-genero-de-la-salmonicultura-reune-a-mas-de-100-trabajadoras-y-lideres-del-sector\\\/#breadcrumb\"},\"inLanguage\":\"es\",\"potentialAction\":[{\"@type\":\"ReadAction\",\"target\":[\"https:\\\/\\\/www.mundoacuicola.cl\\\/new\\\/tercer-encuentro-por-la-equidad-de-genero-de-la-salmonicultura-reune-a-mas-de-100-trabajadoras-y-lideres-del-sector\\\/\"]}]},{\"@type\":\"ImageObject\",\"inLanguage\":\"es\",\"@id\":\"https:\\\/\\\/www.mundoacuicola.cl\\\/new\\\/tercer-encuentro-por-la-equidad-de-genero-de-la-salmonicultura-reune-a-mas-de-100-trabajadoras-y-lideres-del-sector\\\/#primaryimage\",\"url\":\"https:\\\/\\\/www.mundoacuicola.cl\\\/new\\\/wp-content\\\/uploads\\\/2025\\\/03\\\/TercerEncuentroEquidad2.jpg\",\"contentUrl\":\"https:\\\/\\\/www.mundoacuicola.cl\\\/new\\\/wp-content\\\/uploads\\\/2025\\\/03\\\/TercerEncuentroEquidad2.jpg\",\"width\":750,\"height\":400},{\"@type\":\"BreadcrumbList\",\"@id\":\"https:\\\/\\\/www.mundoacuicola.cl\\\/new\\\/tercer-encuentro-por-la-equidad-de-genero-de-la-salmonicultura-reune-a-mas-de-100-trabajadoras-y-lideres-del-sector\\\/#breadcrumb\",\"itemListElement\":[{\"@type\":\"ListItem\",\"position\":1,\"name\":\"Portada\",\"item\":\"https:\\\/\\\/www.mundoacuicola.cl\\\/new\\\/\"},{\"@type\":\"ListItem\",\"position\":2,\"name\":\"Tercer Encuentro por la Equidad de G\u00e9nero de la Salmonicultura re\u00fane a m\u00e1s de 100 trabajadoras y l\u00edderes del sector\"}]},{\"@type\":\"WebSite\",\"@id\":\"https:\\\/\\\/www.mundoacuicola.cl\\\/new\\\/#website\",\"url\":\"https:\\\/\\\/www.mundoacuicola.cl\\\/new\\\/\",\"name\":\"Mundoacuicola\",\"description\":\"Revista de Acuicultura.\",\"publisher\":{\"@id\":\"https:\\\/\\\/www.mundoacuicola.cl\\\/new\\\/#organization\"},\"potentialAction\":[{\"@type\":\"SearchAction\",\"target\":{\"@type\":\"EntryPoint\",\"urlTemplate\":\"https:\\\/\\\/www.mundoacuicola.cl\\\/new\\\/?s={search_term_string}\"},\"query-input\":{\"@type\":\"PropertyValueSpecification\",\"valueRequired\":true,\"valueName\":\"search_term_string\"}}],\"inLanguage\":\"es\"},{\"@type\":\"Organization\",\"@id\":\"https:\\\/\\\/www.mundoacuicola.cl\\\/new\\\/#organization\",\"name\":\"Mundoacuicola\",\"url\":\"https:\\\/\\\/www.mundoacuicola.cl\\\/new\\\/\",\"logo\":{\"@type\":\"ImageObject\",\"inLanguage\":\"es\",\"@id\":\"https:\\\/\\\/www.mundoacuicola.cl\\\/new\\\/#\\\/schema\\\/logo\\\/image\\\/\",\"url\":\"https:\\\/\\\/www.mundoacuicola.cl\\\/new\\\/wp-content\\\/uploads\\\/2026\\\/01\\\/cropped-LOGO-Mundo-Acuicola-2026.png\",\"contentUrl\":\"https:\\\/\\\/www.mundoacuicola.cl\\\/new\\\/wp-content\\\/uploads\\\/2026\\\/01\\\/cropped-LOGO-Mundo-Acuicola-2026.png\",\"width\":1252,\"height\":296,\"caption\":\"Mundoacuicola\"},\"image\":{\"@id\":\"https:\\\/\\\/www.mundoacuicola.cl\\\/new\\\/#\\\/schema\\\/logo\\\/image\\\/\"},\"sameAs\":[\"https:\\\/\\\/www.facebook.com\\\/mundo.acuicola\\\/\",\"https:\\\/\\\/x.com\\\/mundoacuicola\",\"https:\\\/\\\/www.linkedin.com\\\/in\\\/mundo-acuicola\"]},{\"@type\":\"Person\",\"@id\":\"https:\\\/\\\/www.mundoacuicola.cl\\\/new\\\/#\\\/schema\\\/person\\\/52cfe7e461eb2d30484965350ee34bdd\",\"name\":\"Ricardo Alvarez\",\"url\":\"https:\\\/\\\/www.mundoacuicola.cl\\\/new\\\/author\\\/ricardo\\\/\"}]}<\/script>\n<!-- \/ Yoast SEO plugin. -->","yoast_head_json":{"title":"Tercer Encuentro por la Equidad de G\u00e9nero de la Salmonicultura re\u00fane a m\u00e1s de 100 trabajadoras y l\u00edderes del sector - Mundoacuicola","description":"SalmonChile y empresas del rubro realizaron el Tercer Encuentro por la Equidad de G\u00e9nero, con m\u00e1s de 100 asistentes y reconocimiento.","robots":{"index":"index","follow":"follow","max-snippet":"max-snippet:-1","max-image-preview":"max-image-preview:large","max-video-preview":"max-video-preview:-1"},"canonical":"https:\/\/www.mundoacuicola.cl\/new\/tercer-encuentro-por-la-equidad-de-genero-de-la-salmonicultura-reune-a-mas-de-100-trabajadoras-y-lideres-del-sector\/","og_locale":"es_ES","og_type":"article","og_title":"Tercer Encuentro por la Equidad de G\u00e9nero de la Salmonicultura re\u00fane a m\u00e1s de 100 trabajadoras y l\u00edderes del sector - Mundoacuicola","og_description":"SalmonChile y empresas del rubro realizaron el Tercer Encuentro por la Equidad de G\u00e9nero, con m\u00e1s de 100 asistentes y reconocimiento.","og_url":"https:\/\/www.mundoacuicola.cl\/new\/tercer-encuentro-por-la-equidad-de-genero-de-la-salmonicultura-reune-a-mas-de-100-trabajadoras-y-lideres-del-sector\/","og_site_name":"Mundoacuicola","article_publisher":"https:\/\/www.facebook.com\/mundo.acuicola\/","article_published_time":"2025-03-28T10:22:42+00:00","article_modified_time":"2025-03-31T12:39:04+00:00","og_image":[{"width":750,"height":400,"url":"https:\/\/www.mundoacuicola.cl\/new\/wp-content\/uploads\/2025\/03\/TercerEncuentroEquidad2.jpg","type":"image\/jpeg"}],"author":"Ricardo Alvarez","twitter_card":"summary_large_image","twitter_creator":"@mundoacuicola","twitter_site":"@mundoacuicola","twitter_misc":{"Escrito por":"Ricardo Alvarez","Tiempo de lectura":"3 minutos"},"schema":{"@context":"https:\/\/schema.org","@graph":[{"@type":"Article","@id":"https:\/\/www.mundoacuicola.cl\/new\/tercer-encuentro-por-la-equidad-de-genero-de-la-salmonicultura-reune-a-mas-de-100-trabajadoras-y-lideres-del-sector\/#article","isPartOf":{"@id":"https:\/\/www.mundoacuicola.cl\/new\/tercer-encuentro-por-la-equidad-de-genero-de-la-salmonicultura-reune-a-mas-de-100-trabajadoras-y-lideres-del-sector\/"},"author":{"name":"Ricardo Alvarez","@id":"https:\/\/www.mundoacuicola.cl\/new\/#\/schema\/person\/52cfe7e461eb2d30484965350ee34bdd"},"headline":"Tercer Encuentro por la Equidad de G\u00e9nero de la Salmonicultura re\u00fane a m\u00e1s de 100 trabajadoras y l\u00edderes del sector","datePublished":"2025-03-28T10:22:42+00:00","dateModified":"2025-03-31T12:39:04+00:00","mainEntityOfPage":{"@id":"https:\/\/www.mundoacuicola.cl\/new\/tercer-encuentro-por-la-equidad-de-genero-de-la-salmonicultura-reune-a-mas-de-100-trabajadoras-y-lideres-del-sector\/"},"wordCount":582,"publisher":{"@id":"https:\/\/www.mundoacuicola.cl\/new\/#organization"},"image":{"@id":"https:\/\/www.mundoacuicola.cl\/new\/tercer-encuentro-por-la-equidad-de-genero-de-la-salmonicultura-reune-a-mas-de-100-trabajadoras-y-lideres-del-sector\/#primaryimage"},"thumbnailUrl":"https:\/\/www.mundoacuicola.cl\/new\/wp-content\/uploads\/2025\/03\/TercerEncuentroEquidad2.jpg","keywords":["brechas de g\u00e9nero","Desarrollo Sostenible","equidad de g\u00e9nero","Industria Acu\u00edcola","mujeres en la acuicultura","Salmonchile","salmonicultura","trabajadoras del mar"],"articleSection":["Salmonicultura"],"inLanguage":"es"},{"@type":"WebPage","@id":"https:\/\/www.mundoacuicola.cl\/new\/tercer-encuentro-por-la-equidad-de-genero-de-la-salmonicultura-reune-a-mas-de-100-trabajadoras-y-lideres-del-sector\/","url":"https:\/\/www.mundoacuicola.cl\/new\/tercer-encuentro-por-la-equidad-de-genero-de-la-salmonicultura-reune-a-mas-de-100-trabajadoras-y-lideres-del-sector\/","name":"Tercer Encuentro por la Equidad de G\u00e9nero de la Salmonicultura re\u00fane a m\u00e1s de 100 trabajadoras y l\u00edderes del sector - Mundoacuicola","isPartOf":{"@id":"https:\/\/www.mundoacuicola.cl\/new\/#website"},"primaryImageOfPage":{"@id":"https:\/\/www.mundoacuicola.cl\/new\/tercer-encuentro-por-la-equidad-de-genero-de-la-salmonicultura-reune-a-mas-de-100-trabajadoras-y-lideres-del-sector\/#primaryimage"},"image":{"@id":"https:\/\/www.mundoacuicola.cl\/new\/tercer-encuentro-por-la-equidad-de-genero-de-la-salmonicultura-reune-a-mas-de-100-trabajadoras-y-lideres-del-sector\/#primaryimage"},"thumbnailUrl":"https:\/\/www.mundoacuicola.cl\/new\/wp-content\/uploads\/2025\/03\/TercerEncuentroEquidad2.jpg","datePublished":"2025-03-28T10:22:42+00:00","dateModified":"2025-03-31T12:39:04+00:00","description":"SalmonChile y empresas del rubro realizaron el Tercer Encuentro por la Equidad de G\u00e9nero, con m\u00e1s de 100 asistentes y reconocimiento.","breadcrumb":{"@id":"https:\/\/www.mundoacuicola.cl\/new\/tercer-encuentro-por-la-equidad-de-genero-de-la-salmonicultura-reune-a-mas-de-100-trabajadoras-y-lideres-del-sector\/#breadcrumb"},"inLanguage":"es","potentialAction":[{"@type":"ReadAction","target":["https:\/\/www.mundoacuicola.cl\/new\/tercer-encuentro-por-la-equidad-de-genero-de-la-salmonicultura-reune-a-mas-de-100-trabajadoras-y-lideres-del-sector\/"]}]},{"@type":"ImageObject","inLanguage":"es","@id":"https:\/\/www.mundoacuicola.cl\/new\/tercer-encuentro-por-la-equidad-de-genero-de-la-salmonicultura-reune-a-mas-de-100-trabajadoras-y-lideres-del-sector\/#primaryimage","url":"https:\/\/www.mundoacuicola.cl\/new\/wp-content\/uploads\/2025\/03\/TercerEncuentroEquidad2.jpg","contentUrl":"https:\/\/www.mundoacuicola.cl\/new\/wp-content\/uploads\/2025\/03\/TercerEncuentroEquidad2.jpg","width":750,"height":400},{"@type":"BreadcrumbList","@id":"https:\/\/www.mundoacuicola.cl\/new\/tercer-encuentro-por-la-equidad-de-genero-de-la-salmonicultura-reune-a-mas-de-100-trabajadoras-y-lideres-del-sector\/#breadcrumb","itemListElement":[{"@type":"ListItem","position":1,"name":"Portada","item":"https:\/\/www.mundoacuicola.cl\/new\/"},{"@type":"ListItem","position":2,"name":"Tercer Encuentro por la Equidad de G\u00e9nero de la Salmonicultura re\u00fane a m\u00e1s de 100 trabajadoras y l\u00edderes del sector"}]},{"@type":"WebSite","@id":"https:\/\/www.mundoacuicola.cl\/new\/#website","url":"https:\/\/www.mundoacuicola.cl\/new\/","name":"Mundoacuicola","description":"Revista de Acuicultura.","publisher":{"@id":"https:\/\/www.mundoacuicola.cl\/new\/#organization"},"potentialAction":[{"@type":"SearchAction","target":{"@type":"EntryPoint","urlTemplate":"https:\/\/www.mundoacuicola.cl\/new\/?s={search_term_string}"},"query-input":{"@type":"PropertyValueSpecification","valueRequired":true,"valueName":"search_term_string"}}],"inLanguage":"es"},{"@type":"Organization","@id":"https:\/\/www.mundoacuicola.cl\/new\/#organization","name":"Mundoacuicola","url":"https:\/\/www.mundoacuicola.cl\/new\/","logo":{"@type":"ImageObject","inLanguage":"es","@id":"https:\/\/www.mundoacuicola.cl\/new\/#\/schema\/logo\/image\/","url":"https:\/\/www.mundoacuicola.cl\/new\/wp-content\/uploads\/2026\/01\/cropped-LOGO-Mundo-Acuicola-2026.png","contentUrl":"https:\/\/www.mundoacuicola.cl\/new\/wp-content\/uploads\/2026\/01\/cropped-LOGO-Mundo-Acuicola-2026.png","width":1252,"height":296,"caption":"Mundoacuicola"},"image":{"@id":"https:\/\/www.mundoacuicola.cl\/new\/#\/schema\/logo\/image\/"},"sameAs":["https:\/\/www.facebook.com\/mundo.acuicola\/","https:\/\/x.com\/mundoacuicola","https:\/\/www.linkedin.com\/in\/mundo-acuicola"]},{"@type":"Person","@id":"https:\/\/www.mundoacuicola.cl\/new\/#\/schema\/person\/52cfe7e461eb2d30484965350ee34bdd","name":"Ricardo Alvarez","url":"https:\/\/www.mundoacuicola.cl\/new\/author\/ricardo\/"}]}},"_links":{"self":[{"href":"https:\/\/www.mundoacuicola.cl\/new\/wp-json\/wp\/v2\/posts\/74385","targetHints":{"allow":["GET"]}}],"collection":[{"href":"https:\/\/www.mundoacuicola.cl\/new\/wp-json\/wp\/v2\/posts"}],"about":[{"href":"https:\/\/www.mundoacuicola.cl\/new\/wp-json\/wp\/v2\/types\/post"}],"author":[{"embeddable":true,"href":"https:\/\/www.mundoacuicola.cl\/new\/wp-json\/wp\/v2\/users\/8"}],"replies":[{"embeddable":true,"href":"https:\/\/www.mundoacuicola.cl\/new\/wp-json\/wp\/v2\/comments?post=74385"}],"version-history":[{"count":0,"href":"https:\/\/www.mundoacuicola.cl\/new\/wp-json\/wp\/v2\/posts\/74385\/revisions"}],"wp:featuredmedia":[{"embeddable":true,"href":"https:\/\/www.mundoacuicola.cl\/new\/wp-json\/wp\/v2\/media\/74386"}],"wp:attachment":[{"href":"https:\/\/www.mundoacuicola.cl\/new\/wp-json\/wp\/v2\/media?parent=74385"}],"wp:term":[{"taxonomy":"category","embeddable":true,"href":"https:\/\/www.mundoacuicola.cl\/new\/wp-json\/wp\/v2\/categories?post=74385"},{"taxonomy":"post_tag","embeddable":true,"href":"https:\/\/www.mundoacuicola.cl\/new\/wp-json\/wp\/v2\/tags?post=74385"}],"curies":[{"name":"wp","href":"https:\/\/api.w.org\/{rel}","templated":true}]}}