{"id":74716,"date":"2025-04-08T04:06:31","date_gmt":"2025-04-08T08:06:31","guid":{"rendered":"https:\/\/www.mundoacuicola.cl\/new\/?p=74716"},"modified":"2025-04-09T09:24:06","modified_gmt":"2025-04-09T13:24:06","slug":"queremos-ser-los-primeros-loreto-seguel-apunta-al-liderazgo-global-del-salmon-chileno","status":"publish","type":"post","link":"https:\/\/www.mundoacuicola.cl\/new\/queremos-ser-los-primeros-loreto-seguel-apunta-al-liderazgo-global-del-salmon-chileno\/","title":{"rendered":"\u201cQueremos ser los primeros\u201d: Loreto Seguel apunta al liderazgo global del salm\u00f3n chileno"},"content":{"rendered":"<p>En conversaci\u00f3n con el programa Clave Morse de Radio La Clave, la directora ejecutiva del Consejo del Salm\u00f3n, Loreto Seguel, se refiri\u00f3 a los impactos de las nuevas medidas arancelarias de Estados Unidos y los desaf\u00edos estructurales que enfrenta la industria salmonera chilena para proyectarse globalmente.<\/p>\n<p>\u201cSomos el segundo producto m\u00e1s exportado de Chile, y eso nos pone obviamente un desaf\u00edo importante como gremio\u201d, sostuvo Seguel, se\u00f1alando que, si bien la noticia no es positiva, debe analizarse con cautela. \u201cTodav\u00eda nos falta mucha informaci\u00f3n, que es muy importante tener al momento de tomar acciones o tambi\u00e9n pronunciarnos respecto de cu\u00e1les van a ser las estrategias\u201d.<\/p>\n<p>El mercado estadounidense concentra cerca del 30% de las exportaciones por volumen y hasta un 50% por valor, por lo que el impacto de las tarifas no es menor. \u201cEl salm\u00f3n que m\u00e1s se consume en Estados Unidos es el chileno\u201d, remarc\u00f3. En este escenario, valor\u00f3 el trabajo colaborativo con las embajadas y otros actores del comercio exterior como clave para sostener relaciones de confianza.<\/p>\n<h3>Visi\u00f3n pa\u00eds<\/h3>\n<p>A pesar del golpe externo, la ejecutiva fue enf\u00e1tica al apuntar a las limitaciones internas que frenan la expansi\u00f3n del sector. \u201cHoy d\u00eda nosotros efectivamente no podemos producir un salm\u00f3n m\u00e1s, y eso no es bueno\u201d, afirm\u00f3, advirtiendo que mientras otros pa\u00edses avanzan, Chile se estanca. A su juicio, se requiere con urgencia \u201cuna pol\u00edtica p\u00fablica clara, una pol\u00edtica de Estado\u201d para facilitar el desarrollo de la salmonicultura.<\/p>\n<p class=\"\" data-start=\"1934\" data-end=\"2268\">Desde el Consejo del Salm\u00f3n, explic\u00f3, est\u00e1n promoviendo una visi\u00f3n de largo plazo: \u201cLos otros pa\u00edses salmonicultores est\u00e1n pensando en el 2050\u201d. En esa l\u00ednea, valor\u00f3 que autoridades regionales en Los Lagos est\u00e9n impulsando el \u201cPlan Salm\u00f3n al 2050\u201d, destacando la necesidad de avanzar en temas normativos, relocalizaci\u00f3n y ordenamiento territorial.<\/p>\n<p>Uno de los temas cr\u00edticos es la relocalizaci\u00f3n de concesiones, imposibilitada por el actual marco normativo. \u201cEl ordenamiento territorial es fundamental\u201d, enfatiz\u00f3, a\u00f1adiendo que la industria est\u00e1 disponible para discutir nuevas ubicaciones, pero que la regulaci\u00f3n no permite avanzar. Tambi\u00e9n aludi\u00f3 a la necesidad de revisar la permisolog\u00eda y destrabar procesos que hoy involucran a m\u00faltiples organismos.<\/p>\n<h3>Chile como l\u00edder global<\/h3>\n<p>En relaci\u00f3n con la sostenibilidad, desestim\u00f3 los mitos que pesan sobre la actividad, pero reconoci\u00f3 que no es un tema cerrado. \u201cNo es que est\u00e9 resuelto, lo que podemos decir es que est\u00e1 abordado\u201d, explic\u00f3, destacando que el sector cuenta con m\u00e1s de 15 certificaciones internacionales y acceso a m\u00e1s de 100 mercados. \u201cEl desarrollo de una industria sostenible es d\u00eda a d\u00eda, minuto a minuto, segundo a segundo\u201d.<\/p>\n<p>Sobre la diferencia arancelaria con Noruega, cuyo salm\u00f3n enfrenta un impuesto del 15% frente al 10% aplicado al chileno, Seguel fue clara: \u201cEllos son el n\u00famero uno y nosotros somos el n\u00famero dos. Y al n\u00famero uno nunca le gusta que el dos pase a ser primero\u201d. Aunque se mostr\u00f3 cauta en las interpretaciones, dej\u00f3 en claro la ambici\u00f3n del gremio: <strong>\u201cEl n\u00famero dos no quiere ser siempre el n\u00famero dos: quiere ser el n\u00famero uno\u201d.<\/strong><\/p>\n","protected":false},"excerpt":{"rendered":"<p>Seguel analiz\u00f3 los efectos de los nuevos aranceles de EE. UU. y advirti\u00f3 sobre las trabas internas que frenan el crecimiento de la industria.<\/p>\n","protected":false},"author":8,"featured_media":74718,"comment_status":"closed","ping_status":"closed","sticky":false,"template":"","format":"standard","meta":{"footnotes":""},"categories":[60],"tags":[5625,516,2907,15858,184,2273,137,197],"class_list":["post-74716","post","type-post","status-publish","format-standard","has-post-thumbnail","hentry","category-salmonicultura","tag-consejo-del-salmon","tag-estados-unidos","tag-industria-salmonera","tag-loreto-seguel","tag-salmon","tag-salmon-chileno","tag-salmones","tag-salmonicultura"],"yoast_head":"<!-- This site is optimized with the Yoast SEO plugin v27.5 - https:\/\/yoast.com\/product\/yoast-seo-wordpress\/ -->\n<title>\u201cQueremos ser los primeros\u201d: Loreto Seguel apunta al liderazgo global del salm\u00f3n chileno - Mundoacuicola<\/title>\n<meta name=\"description\" content=\"Seguel analiz\u00f3 los efectos de los nuevos aranceles de EE. UU. y advirti\u00f3 sobre las trabas internas que frenan el crecimiento de la industria.\" \/>\n<meta name=\"robots\" content=\"index, follow, max-snippet:-1, max-image-preview:large, max-video-preview:-1\" \/>\n<link rel=\"canonical\" href=\"https:\/\/www.mundoacuicola.cl\/new\/queremos-ser-los-primeros-loreto-seguel-apunta-al-liderazgo-global-del-salmon-chileno\/\" \/>\n<meta property=\"og:locale\" content=\"es_ES\" \/>\n<meta property=\"og:type\" content=\"article\" \/>\n<meta property=\"og:title\" content=\"\u201cQueremos ser los primeros\u201d: Loreto Seguel apunta al liderazgo global del salm\u00f3n chileno - Mundoacuicola\" \/>\n<meta property=\"og:description\" content=\"Seguel analiz\u00f3 los efectos de los nuevos aranceles de EE. UU. y advirti\u00f3 sobre las trabas internas que frenan el crecimiento de la industria.\" \/>\n<meta property=\"og:url\" content=\"https:\/\/www.mundoacuicola.cl\/new\/queremos-ser-los-primeros-loreto-seguel-apunta-al-liderazgo-global-del-salmon-chileno\/\" \/>\n<meta property=\"og:site_name\" content=\"Mundoacuicola\" \/>\n<meta property=\"article:publisher\" content=\"https:\/\/www.facebook.com\/mundo.acuicola\/\" \/>\n<meta property=\"article:published_time\" content=\"2025-04-08T08:06:31+00:00\" \/>\n<meta property=\"article:modified_time\" content=\"2025-04-09T13:24:06+00:00\" \/>\n<meta property=\"og:image\" content=\"https:\/\/www.mundoacuicola.cl\/new\/wp-content\/uploads\/2025\/04\/Seguel.jpg\" \/>\n\t<meta property=\"og:image:width\" content=\"750\" \/>\n\t<meta property=\"og:image:height\" content=\"400\" \/>\n\t<meta property=\"og:image:type\" content=\"image\/jpeg\" \/>\n<meta name=\"author\" content=\"Ricardo Alvarez\" \/>\n<meta name=\"twitter:card\" content=\"summary_large_image\" \/>\n<meta name=\"twitter:creator\" content=\"@mundoacuicola\" \/>\n<meta name=\"twitter:site\" content=\"@mundoacuicola\" \/>\n<meta name=\"twitter:label1\" content=\"Escrito por\" \/>\n\t<meta name=\"twitter:data1\" content=\"Ricardo Alvarez\" \/>\n\t<meta name=\"twitter:label2\" content=\"Tiempo de lectura\" \/>\n\t<meta name=\"twitter:data2\" content=\"3 minutos\" \/>\n<script type=\"application\/ld+json\" class=\"yoast-schema-graph\">{\"@context\":\"https:\\\/\\\/schema.org\",\"@graph\":[{\"@type\":\"Article\",\"@id\":\"https:\\\/\\\/www.mundoacuicola.cl\\\/new\\\/queremos-ser-los-primeros-loreto-seguel-apunta-al-liderazgo-global-del-salmon-chileno\\\/#article\",\"isPartOf\":{\"@id\":\"https:\\\/\\\/www.mundoacuicola.cl\\\/new\\\/queremos-ser-los-primeros-loreto-seguel-apunta-al-liderazgo-global-del-salmon-chileno\\\/\"},\"author\":{\"name\":\"Ricardo Alvarez\",\"@id\":\"https:\\\/\\\/www.mundoacuicola.cl\\\/new\\\/#\\\/schema\\\/person\\\/52cfe7e461eb2d30484965350ee34bdd\"},\"headline\":\"\u201cQueremos ser los primeros\u201d: Loreto Seguel apunta al liderazgo global del salm\u00f3n chileno\",\"datePublished\":\"2025-04-08T08:06:31+00:00\",\"dateModified\":\"2025-04-09T13:24:06+00:00\",\"mainEntityOfPage\":{\"@id\":\"https:\\\/\\\/www.mundoacuicola.cl\\\/new\\\/queremos-ser-los-primeros-loreto-seguel-apunta-al-liderazgo-global-del-salmon-chileno\\\/\"},\"wordCount\":556,\"publisher\":{\"@id\":\"https:\\\/\\\/www.mundoacuicola.cl\\\/new\\\/#organization\"},\"image\":{\"@id\":\"https:\\\/\\\/www.mundoacuicola.cl\\\/new\\\/queremos-ser-los-primeros-loreto-seguel-apunta-al-liderazgo-global-del-salmon-chileno\\\/#primaryimage\"},\"thumbnailUrl\":\"https:\\\/\\\/www.mundoacuicola.cl\\\/new\\\/wp-content\\\/uploads\\\/2025\\\/04\\\/Seguel.jpg\",\"keywords\":[\"Consejo del Salm\u00f3n\",\"Estados Unidos\",\"Industria salmonera\",\"Loreto Seguel\",\"Salm\u00f3n\",\"Salm\u00f3n chileno\",\"salmones\",\"salmonicultura\"],\"articleSection\":[\"Salmonicultura\"],\"inLanguage\":\"es\"},{\"@type\":\"WebPage\",\"@id\":\"https:\\\/\\\/www.mundoacuicola.cl\\\/new\\\/queremos-ser-los-primeros-loreto-seguel-apunta-al-liderazgo-global-del-salmon-chileno\\\/\",\"url\":\"https:\\\/\\\/www.mundoacuicola.cl\\\/new\\\/queremos-ser-los-primeros-loreto-seguel-apunta-al-liderazgo-global-del-salmon-chileno\\\/\",\"name\":\"\u201cQueremos ser los primeros\u201d: Loreto Seguel apunta al liderazgo global del salm\u00f3n chileno - Mundoacuicola\",\"isPartOf\":{\"@id\":\"https:\\\/\\\/www.mundoacuicola.cl\\\/new\\\/#website\"},\"primaryImageOfPage\":{\"@id\":\"https:\\\/\\\/www.mundoacuicola.cl\\\/new\\\/queremos-ser-los-primeros-loreto-seguel-apunta-al-liderazgo-global-del-salmon-chileno\\\/#primaryimage\"},\"image\":{\"@id\":\"https:\\\/\\\/www.mundoacuicola.cl\\\/new\\\/queremos-ser-los-primeros-loreto-seguel-apunta-al-liderazgo-global-del-salmon-chileno\\\/#primaryimage\"},\"thumbnailUrl\":\"https:\\\/\\\/www.mundoacuicola.cl\\\/new\\\/wp-content\\\/uploads\\\/2025\\\/04\\\/Seguel.jpg\",\"datePublished\":\"2025-04-08T08:06:31+00:00\",\"dateModified\":\"2025-04-09T13:24:06+00:00\",\"description\":\"Seguel analiz\u00f3 los efectos de los nuevos aranceles de EE. UU. y advirti\u00f3 sobre las trabas internas que frenan el crecimiento de la industria.\",\"breadcrumb\":{\"@id\":\"https:\\\/\\\/www.mundoacuicola.cl\\\/new\\\/queremos-ser-los-primeros-loreto-seguel-apunta-al-liderazgo-global-del-salmon-chileno\\\/#breadcrumb\"},\"inLanguage\":\"es\",\"potentialAction\":[{\"@type\":\"ReadAction\",\"target\":[\"https:\\\/\\\/www.mundoacuicola.cl\\\/new\\\/queremos-ser-los-primeros-loreto-seguel-apunta-al-liderazgo-global-del-salmon-chileno\\\/\"]}]},{\"@type\":\"ImageObject\",\"inLanguage\":\"es\",\"@id\":\"https:\\\/\\\/www.mundoacuicola.cl\\\/new\\\/queremos-ser-los-primeros-loreto-seguel-apunta-al-liderazgo-global-del-salmon-chileno\\\/#primaryimage\",\"url\":\"https:\\\/\\\/www.mundoacuicola.cl\\\/new\\\/wp-content\\\/uploads\\\/2025\\\/04\\\/Seguel.jpg\",\"contentUrl\":\"https:\\\/\\\/www.mundoacuicola.cl\\\/new\\\/wp-content\\\/uploads\\\/2025\\\/04\\\/Seguel.jpg\",\"width\":750,\"height\":400},{\"@type\":\"BreadcrumbList\",\"@id\":\"https:\\\/\\\/www.mundoacuicola.cl\\\/new\\\/queremos-ser-los-primeros-loreto-seguel-apunta-al-liderazgo-global-del-salmon-chileno\\\/#breadcrumb\",\"itemListElement\":[{\"@type\":\"ListItem\",\"position\":1,\"name\":\"Portada\",\"item\":\"https:\\\/\\\/www.mundoacuicola.cl\\\/new\\\/\"},{\"@type\":\"ListItem\",\"position\":2,\"name\":\"\u201cQueremos ser los primeros\u201d: Loreto Seguel apunta al liderazgo global del salm\u00f3n chileno\"}]},{\"@type\":\"WebSite\",\"@id\":\"https:\\\/\\\/www.mundoacuicola.cl\\\/new\\\/#website\",\"url\":\"https:\\\/\\\/www.mundoacuicola.cl\\\/new\\\/\",\"name\":\"Mundoacuicola\",\"description\":\"Revista de Acuicultura.\",\"publisher\":{\"@id\":\"https:\\\/\\\/www.mundoacuicola.cl\\\/new\\\/#organization\"},\"potentialAction\":[{\"@type\":\"SearchAction\",\"target\":{\"@type\":\"EntryPoint\",\"urlTemplate\":\"https:\\\/\\\/www.mundoacuicola.cl\\\/new\\\/?s={search_term_string}\"},\"query-input\":{\"@type\":\"PropertyValueSpecification\",\"valueRequired\":true,\"valueName\":\"search_term_string\"}}],\"inLanguage\":\"es\"},{\"@type\":\"Organization\",\"@id\":\"https:\\\/\\\/www.mundoacuicola.cl\\\/new\\\/#organization\",\"name\":\"Mundoacuicola\",\"url\":\"https:\\\/\\\/www.mundoacuicola.cl\\\/new\\\/\",\"logo\":{\"@type\":\"ImageObject\",\"inLanguage\":\"es\",\"@id\":\"https:\\\/\\\/www.mundoacuicola.cl\\\/new\\\/#\\\/schema\\\/logo\\\/image\\\/\",\"url\":\"https:\\\/\\\/www.mundoacuicola.cl\\\/new\\\/wp-content\\\/uploads\\\/2026\\\/01\\\/cropped-LOGO-Mundo-Acuicola-2026.png\",\"contentUrl\":\"https:\\\/\\\/www.mundoacuicola.cl\\\/new\\\/wp-content\\\/uploads\\\/2026\\\/01\\\/cropped-LOGO-Mundo-Acuicola-2026.png\",\"width\":1252,\"height\":296,\"caption\":\"Mundoacuicola\"},\"image\":{\"@id\":\"https:\\\/\\\/www.mundoacuicola.cl\\\/new\\\/#\\\/schema\\\/logo\\\/image\\\/\"},\"sameAs\":[\"https:\\\/\\\/www.facebook.com\\\/mundo.acuicola\\\/\",\"https:\\\/\\\/x.com\\\/mundoacuicola\",\"https:\\\/\\\/www.linkedin.com\\\/in\\\/mundo-acuicola\"]},{\"@type\":\"Person\",\"@id\":\"https:\\\/\\\/www.mundoacuicola.cl\\\/new\\\/#\\\/schema\\\/person\\\/52cfe7e461eb2d30484965350ee34bdd\",\"name\":\"Ricardo Alvarez\",\"url\":\"https:\\\/\\\/www.mundoacuicola.cl\\\/new\\\/author\\\/ricardo\\\/\"}]}<\/script>\n<!-- \/ Yoast SEO plugin. -->","yoast_head_json":{"title":"\u201cQueremos ser los primeros\u201d: Loreto Seguel apunta al liderazgo global del salm\u00f3n chileno - Mundoacuicola","description":"Seguel analiz\u00f3 los efectos de los nuevos aranceles de EE. UU. y advirti\u00f3 sobre las trabas internas que frenan el crecimiento de la industria.","robots":{"index":"index","follow":"follow","max-snippet":"max-snippet:-1","max-image-preview":"max-image-preview:large","max-video-preview":"max-video-preview:-1"},"canonical":"https:\/\/www.mundoacuicola.cl\/new\/queremos-ser-los-primeros-loreto-seguel-apunta-al-liderazgo-global-del-salmon-chileno\/","og_locale":"es_ES","og_type":"article","og_title":"\u201cQueremos ser los primeros\u201d: Loreto Seguel apunta al liderazgo global del salm\u00f3n chileno - Mundoacuicola","og_description":"Seguel analiz\u00f3 los efectos de los nuevos aranceles de EE. UU. y advirti\u00f3 sobre las trabas internas que frenan el crecimiento de la industria.","og_url":"https:\/\/www.mundoacuicola.cl\/new\/queremos-ser-los-primeros-loreto-seguel-apunta-al-liderazgo-global-del-salmon-chileno\/","og_site_name":"Mundoacuicola","article_publisher":"https:\/\/www.facebook.com\/mundo.acuicola\/","article_published_time":"2025-04-08T08:06:31+00:00","article_modified_time":"2025-04-09T13:24:06+00:00","og_image":[{"width":750,"height":400,"url":"https:\/\/www.mundoacuicola.cl\/new\/wp-content\/uploads\/2025\/04\/Seguel.jpg","type":"image\/jpeg"}],"author":"Ricardo Alvarez","twitter_card":"summary_large_image","twitter_creator":"@mundoacuicola","twitter_site":"@mundoacuicola","twitter_misc":{"Escrito por":"Ricardo Alvarez","Tiempo de lectura":"3 minutos"},"schema":{"@context":"https:\/\/schema.org","@graph":[{"@type":"Article","@id":"https:\/\/www.mundoacuicola.cl\/new\/queremos-ser-los-primeros-loreto-seguel-apunta-al-liderazgo-global-del-salmon-chileno\/#article","isPartOf":{"@id":"https:\/\/www.mundoacuicola.cl\/new\/queremos-ser-los-primeros-loreto-seguel-apunta-al-liderazgo-global-del-salmon-chileno\/"},"author":{"name":"Ricardo Alvarez","@id":"https:\/\/www.mundoacuicola.cl\/new\/#\/schema\/person\/52cfe7e461eb2d30484965350ee34bdd"},"headline":"\u201cQueremos ser los primeros\u201d: Loreto Seguel apunta al liderazgo global del salm\u00f3n chileno","datePublished":"2025-04-08T08:06:31+00:00","dateModified":"2025-04-09T13:24:06+00:00","mainEntityOfPage":{"@id":"https:\/\/www.mundoacuicola.cl\/new\/queremos-ser-los-primeros-loreto-seguel-apunta-al-liderazgo-global-del-salmon-chileno\/"},"wordCount":556,"publisher":{"@id":"https:\/\/www.mundoacuicola.cl\/new\/#organization"},"image":{"@id":"https:\/\/www.mundoacuicola.cl\/new\/queremos-ser-los-primeros-loreto-seguel-apunta-al-liderazgo-global-del-salmon-chileno\/#primaryimage"},"thumbnailUrl":"https:\/\/www.mundoacuicola.cl\/new\/wp-content\/uploads\/2025\/04\/Seguel.jpg","keywords":["Consejo del Salm\u00f3n","Estados Unidos","Industria salmonera","Loreto Seguel","Salm\u00f3n","Salm\u00f3n chileno","salmones","salmonicultura"],"articleSection":["Salmonicultura"],"inLanguage":"es"},{"@type":"WebPage","@id":"https:\/\/www.mundoacuicola.cl\/new\/queremos-ser-los-primeros-loreto-seguel-apunta-al-liderazgo-global-del-salmon-chileno\/","url":"https:\/\/www.mundoacuicola.cl\/new\/queremos-ser-los-primeros-loreto-seguel-apunta-al-liderazgo-global-del-salmon-chileno\/","name":"\u201cQueremos ser los primeros\u201d: Loreto Seguel apunta al liderazgo global del salm\u00f3n chileno - Mundoacuicola","isPartOf":{"@id":"https:\/\/www.mundoacuicola.cl\/new\/#website"},"primaryImageOfPage":{"@id":"https:\/\/www.mundoacuicola.cl\/new\/queremos-ser-los-primeros-loreto-seguel-apunta-al-liderazgo-global-del-salmon-chileno\/#primaryimage"},"image":{"@id":"https:\/\/www.mundoacuicola.cl\/new\/queremos-ser-los-primeros-loreto-seguel-apunta-al-liderazgo-global-del-salmon-chileno\/#primaryimage"},"thumbnailUrl":"https:\/\/www.mundoacuicola.cl\/new\/wp-content\/uploads\/2025\/04\/Seguel.jpg","datePublished":"2025-04-08T08:06:31+00:00","dateModified":"2025-04-09T13:24:06+00:00","description":"Seguel analiz\u00f3 los efectos de los nuevos aranceles de EE. UU. y advirti\u00f3 sobre las trabas internas que frenan el crecimiento de la industria.","breadcrumb":{"@id":"https:\/\/www.mundoacuicola.cl\/new\/queremos-ser-los-primeros-loreto-seguel-apunta-al-liderazgo-global-del-salmon-chileno\/#breadcrumb"},"inLanguage":"es","potentialAction":[{"@type":"ReadAction","target":["https:\/\/www.mundoacuicola.cl\/new\/queremos-ser-los-primeros-loreto-seguel-apunta-al-liderazgo-global-del-salmon-chileno\/"]}]},{"@type":"ImageObject","inLanguage":"es","@id":"https:\/\/www.mundoacuicola.cl\/new\/queremos-ser-los-primeros-loreto-seguel-apunta-al-liderazgo-global-del-salmon-chileno\/#primaryimage","url":"https:\/\/www.mundoacuicola.cl\/new\/wp-content\/uploads\/2025\/04\/Seguel.jpg","contentUrl":"https:\/\/www.mundoacuicola.cl\/new\/wp-content\/uploads\/2025\/04\/Seguel.jpg","width":750,"height":400},{"@type":"BreadcrumbList","@id":"https:\/\/www.mundoacuicola.cl\/new\/queremos-ser-los-primeros-loreto-seguel-apunta-al-liderazgo-global-del-salmon-chileno\/#breadcrumb","itemListElement":[{"@type":"ListItem","position":1,"name":"Portada","item":"https:\/\/www.mundoacuicola.cl\/new\/"},{"@type":"ListItem","position":2,"name":"\u201cQueremos ser los primeros\u201d: Loreto Seguel apunta al liderazgo global del salm\u00f3n chileno"}]},{"@type":"WebSite","@id":"https:\/\/www.mundoacuicola.cl\/new\/#website","url":"https:\/\/www.mundoacuicola.cl\/new\/","name":"Mundoacuicola","description":"Revista de Acuicultura.","publisher":{"@id":"https:\/\/www.mundoacuicola.cl\/new\/#organization"},"potentialAction":[{"@type":"SearchAction","target":{"@type":"EntryPoint","urlTemplate":"https:\/\/www.mundoacuicola.cl\/new\/?s={search_term_string}"},"query-input":{"@type":"PropertyValueSpecification","valueRequired":true,"valueName":"search_term_string"}}],"inLanguage":"es"},{"@type":"Organization","@id":"https:\/\/www.mundoacuicola.cl\/new\/#organization","name":"Mundoacuicola","url":"https:\/\/www.mundoacuicola.cl\/new\/","logo":{"@type":"ImageObject","inLanguage":"es","@id":"https:\/\/www.mundoacuicola.cl\/new\/#\/schema\/logo\/image\/","url":"https:\/\/www.mundoacuicola.cl\/new\/wp-content\/uploads\/2026\/01\/cropped-LOGO-Mundo-Acuicola-2026.png","contentUrl":"https:\/\/www.mundoacuicola.cl\/new\/wp-content\/uploads\/2026\/01\/cropped-LOGO-Mundo-Acuicola-2026.png","width":1252,"height":296,"caption":"Mundoacuicola"},"image":{"@id":"https:\/\/www.mundoacuicola.cl\/new\/#\/schema\/logo\/image\/"},"sameAs":["https:\/\/www.facebook.com\/mundo.acuicola\/","https:\/\/x.com\/mundoacuicola","https:\/\/www.linkedin.com\/in\/mundo-acuicola"]},{"@type":"Person","@id":"https:\/\/www.mundoacuicola.cl\/new\/#\/schema\/person\/52cfe7e461eb2d30484965350ee34bdd","name":"Ricardo Alvarez","url":"https:\/\/www.mundoacuicola.cl\/new\/author\/ricardo\/"}]}},"_links":{"self":[{"href":"https:\/\/www.mundoacuicola.cl\/new\/wp-json\/wp\/v2\/posts\/74716","targetHints":{"allow":["GET"]}}],"collection":[{"href":"https:\/\/www.mundoacuicola.cl\/new\/wp-json\/wp\/v2\/posts"}],"about":[{"href":"https:\/\/www.mundoacuicola.cl\/new\/wp-json\/wp\/v2\/types\/post"}],"author":[{"embeddable":true,"href":"https:\/\/www.mundoacuicola.cl\/new\/wp-json\/wp\/v2\/users\/8"}],"replies":[{"embeddable":true,"href":"https:\/\/www.mundoacuicola.cl\/new\/wp-json\/wp\/v2\/comments?post=74716"}],"version-history":[{"count":0,"href":"https:\/\/www.mundoacuicola.cl\/new\/wp-json\/wp\/v2\/posts\/74716\/revisions"}],"wp:featuredmedia":[{"embeddable":true,"href":"https:\/\/www.mundoacuicola.cl\/new\/wp-json\/wp\/v2\/media\/74718"}],"wp:attachment":[{"href":"https:\/\/www.mundoacuicola.cl\/new\/wp-json\/wp\/v2\/media?parent=74716"}],"wp:term":[{"taxonomy":"category","embeddable":true,"href":"https:\/\/www.mundoacuicola.cl\/new\/wp-json\/wp\/v2\/categories?post=74716"},{"taxonomy":"post_tag","embeddable":true,"href":"https:\/\/www.mundoacuicola.cl\/new\/wp-json\/wp\/v2\/tags?post=74716"}],"curies":[{"name":"wp","href":"https:\/\/api.w.org\/{rel}","templated":true}]}}