{"id":76802,"date":"2025-06-17T12:07:18","date_gmt":"2025-06-17T16:07:18","guid":{"rendered":"https:\/\/www.mundoacuicola.cl\/new\/?p=76802"},"modified":"2025-06-18T11:15:39","modified_gmt":"2025-06-18T15:15:39","slug":"semana-gastronomica-del-salmon-regresa-con-fuerza-en-puerto-montt","status":"publish","type":"post","link":"https:\/\/www.mundoacuicola.cl\/new\/semana-gastronomica-del-salmon-regresa-con-fuerza-en-puerto-montt\/","title":{"rendered":"Semana del Salm\u00f3n: sabor, arte y tradici\u00f3n en Puerto Montt"},"content":{"rendered":"<p><span style=\"font-weight: 400;\">En su segunda versi\u00f3n, el evento que se realizar\u00e1 entre el 1 y 6 de julio y que convoca a 14 restaurantes\u00a0 puertomontinos, se perfila como el m\u00e1s importante en Chile dedicado al producto estrella de la\u00a0 acuicultura nacional.\u00a0<\/span><\/p>\n<p><span style=\"font-weight: 400;\">Tras una primera versi\u00f3n que supo volcar con \u00e9xito a la gastronom\u00eda puertomontina en torno al salm\u00f3n,\u00a0 m\u00e1s de una docena de restaurantes de la capital de la Regi\u00f3n de Los Lagos se prepara para la segunda\u00a0 Semana Gastron\u00f3mica del Salm\u00f3n. Entre el 1 al 6 de julio, 14 restaurantes de la ciudad ofrecer\u00e1n\u00a0 diversas propuestas gastron\u00f3micas, especialmente preparadas para la ocasi\u00f3n, en torno a las bondades\u00a0 del salm\u00f3n. El objetivo: promover el consumo de este producto ya emblem\u00e1tico a nivel regional y\u00a0 nacional, valorado tanto por la comunidad como por la gran cantidad de turistas que arriban a la zona.\u00a0<\/span><\/p>\n<p><span style=\"font-weight: 400;\">La idea central de la iniciativa es que cada local presente tres platos basados en este pescado, entre los\u00a0 que se incluyen Cebiche con manzanas, Salm\u00f3n con crujiente de frutos secos y salsa de rosa mosqueta,\u00a0 Roulada apanada con cochayuyo o Chupe de cancato de salm\u00f3n, entre otras creaciones desarrolladas\u00a0 por cada restaurante, con la asesor\u00eda de la carrera de gastronom\u00eda del CFT Santo Tom\u00e1s, sede Puerto\u00a0 Montt.\u00a0<\/span><\/p>\n<p><span style=\"font-weight: 400;\">Adem\u00e1s de cada propuesta culinaria, que tendr\u00e1 precios especiales para incentivar el consumo de cada\u00a0 plato, el evento estar\u00e1 acompa\u00f1ado de actividades art\u00edsticas que incluyen m\u00fasica en vivo en los distintos\u00a0 comedores, unido a una muestra de pintores locales, para crear un ambiente de celebraci\u00f3n con un\u00a0 marcado tinte cultural en torno al producto, que de esta manera se funde con la creatividad regional.\u00a0<\/span><\/p>\n<p><span style=\"font-weight: 400;\">Los restaurantes participantes en esta edici\u00f3n son: Abba Presidente Suit, hotel Ibis, Cirus Bar, Di Nocetti\u00a0 Restaurant, Don Papi pasteler\u00eda, Gusto Sure\u00f1o, Hotel Courtyard by Marriott, Los Navegantes, La Magia\u00a0 de Alicia, La Rinconada, Rinc\u00f3n de Adela, Tabl\u00f3n del Ancla , Palafito Bar y Costa Nostra.\u00a0<\/span><\/p>\n<div id='gallery-1' class='gallery galleryid-76802 gallery-columns-3 gallery-size-medium'><figure class='gallery-item'>\n\t\t\t<div class='gallery-icon portrait'>\n\t\t\t\t<a href='https:\/\/www.mundoacuicola.cl\/new\/semana-gastronomica-del-salmon-regresa-con-fuerza-en-puerto-montt\/imagen-de-whatsapp-2025-05-27-a-las-20-19-53_8a67e2d9\/'><img decoding=\"async\" width=\"169\" height=\"225\" src=\"https:\/\/www.mundoacuicola.cl\/new\/wp-content\/uploads\/2025\/06\/Imagen-de-WhatsApp-2025-05-27-a-las-20.19.53_8a67e2d9-169x225.jpg\" class=\"attachment-medium size-medium\" alt=\"\" srcset=\"https:\/\/www.mundoacuicola.cl\/new\/wp-content\/uploads\/2025\/06\/Imagen-de-WhatsApp-2025-05-27-a-las-20.19.53_8a67e2d9-169x225.jpg 169w, https:\/\/www.mundoacuicola.cl\/new\/wp-content\/uploads\/2025\/06\/Imagen-de-WhatsApp-2025-05-27-a-las-20.19.53_8a67e2d9-500x667.jpg 500w, https:\/\/www.mundoacuicola.cl\/new\/wp-content\/uploads\/2025\/06\/Imagen-de-WhatsApp-2025-05-27-a-las-20.19.53_8a67e2d9-300x400.jpg 300w, https:\/\/www.mundoacuicola.cl\/new\/wp-content\/uploads\/2025\/06\/Imagen-de-WhatsApp-2025-05-27-a-las-20.19.53_8a67e2d9-768x1024.jpg 768w, https:\/\/www.mundoacuicola.cl\/new\/wp-content\/uploads\/2025\/06\/Imagen-de-WhatsApp-2025-05-27-a-las-20.19.53_8a67e2d9-1152x1536.jpg 1152w, https:\/\/www.mundoacuicola.cl\/new\/wp-content\/uploads\/2025\/06\/Imagen-de-WhatsApp-2025-05-27-a-las-20.19.53_8a67e2d9.jpg 1200w\" sizes=\"(max-width: 169px) 100vw, 169px\" \/><\/a>\n\t\t\t<\/div><\/figure><figure class='gallery-item'>\n\t\t\t<div class='gallery-icon portrait'>\n\t\t\t\t<a href='https:\/\/www.mundoacuicola.cl\/new\/semana-gastronomica-del-salmon-regresa-con-fuerza-en-puerto-montt\/imagen-de-whatsapp-2025-05-28-a-las-22-17-07_8c9aa77f\/'><img decoding=\"async\" width=\"169\" height=\"225\" src=\"https:\/\/www.mundoacuicola.cl\/new\/wp-content\/uploads\/2025\/06\/Imagen-de-WhatsApp-2025-05-28-a-las-22.17.07_8c9aa77f-169x225.jpg\" class=\"attachment-medium size-medium\" alt=\"\" srcset=\"https:\/\/www.mundoacuicola.cl\/new\/wp-content\/uploads\/2025\/06\/Imagen-de-WhatsApp-2025-05-28-a-las-22.17.07_8c9aa77f-169x225.jpg 169w, https:\/\/www.mundoacuicola.cl\/new\/wp-content\/uploads\/2025\/06\/Imagen-de-WhatsApp-2025-05-28-a-las-22.17.07_8c9aa77f-500x667.jpg 500w, https:\/\/www.mundoacuicola.cl\/new\/wp-content\/uploads\/2025\/06\/Imagen-de-WhatsApp-2025-05-28-a-las-22.17.07_8c9aa77f-300x400.jpg 300w, https:\/\/www.mundoacuicola.cl\/new\/wp-content\/uploads\/2025\/06\/Imagen-de-WhatsApp-2025-05-28-a-las-22.17.07_8c9aa77f-768x1024.jpg 768w, https:\/\/www.mundoacuicola.cl\/new\/wp-content\/uploads\/2025\/06\/Imagen-de-WhatsApp-2025-05-28-a-las-22.17.07_8c9aa77f-1152x1536.jpg 1152w, https:\/\/www.mundoacuicola.cl\/new\/wp-content\/uploads\/2025\/06\/Imagen-de-WhatsApp-2025-05-28-a-las-22.17.07_8c9aa77f.jpg 1200w\" sizes=\"(max-width: 169px) 100vw, 169px\" \/><\/a>\n\t\t\t<\/div><\/figure><figure class='gallery-item'>\n\t\t\t<div class='gallery-icon portrait'>\n\t\t\t\t<a href='https:\/\/www.mundoacuicola.cl\/new\/semana-gastronomica-del-salmon-regresa-con-fuerza-en-puerto-montt\/imagen-de-whatsapp-2025-05-28-a-las-22-17-07_9226523e\/'><img decoding=\"async\" width=\"169\" height=\"225\" src=\"https:\/\/www.mundoacuicola.cl\/new\/wp-content\/uploads\/2025\/06\/Imagen-de-WhatsApp-2025-05-28-a-las-22.17.07_9226523e-169x225.jpg\" class=\"attachment-medium size-medium\" alt=\"\" srcset=\"https:\/\/www.mundoacuicola.cl\/new\/wp-content\/uploads\/2025\/06\/Imagen-de-WhatsApp-2025-05-28-a-las-22.17.07_9226523e-169x225.jpg 169w, https:\/\/www.mundoacuicola.cl\/new\/wp-content\/uploads\/2025\/06\/Imagen-de-WhatsApp-2025-05-28-a-las-22.17.07_9226523e-500x667.jpg 500w, https:\/\/www.mundoacuicola.cl\/new\/wp-content\/uploads\/2025\/06\/Imagen-de-WhatsApp-2025-05-28-a-las-22.17.07_9226523e-300x400.jpg 300w, https:\/\/www.mundoacuicola.cl\/new\/wp-content\/uploads\/2025\/06\/Imagen-de-WhatsApp-2025-05-28-a-las-22.17.07_9226523e-768x1024.jpg 768w, https:\/\/www.mundoacuicola.cl\/new\/wp-content\/uploads\/2025\/06\/Imagen-de-WhatsApp-2025-05-28-a-las-22.17.07_9226523e-1152x1536.jpg 1152w, https:\/\/www.mundoacuicola.cl\/new\/wp-content\/uploads\/2025\/06\/Imagen-de-WhatsApp-2025-05-28-a-las-22.17.07_9226523e.jpg 1200w\" sizes=\"(max-width: 169px) 100vw, 169px\" \/><\/a>\n\t\t\t<\/div><\/figure><figure class='gallery-item'>\n\t\t\t<div class='gallery-icon portrait'>\n\t\t\t\t<a href='https:\/\/www.mundoacuicola.cl\/new\/semana-gastronomica-del-salmon-regresa-con-fuerza-en-puerto-montt\/imagen-de-whatsapp-2025-05-29-a-las-21-56-44_8282b42c\/'><img loading=\"lazy\" decoding=\"async\" width=\"169\" height=\"225\" src=\"https:\/\/www.mundoacuicola.cl\/new\/wp-content\/uploads\/2025\/06\/Imagen-de-WhatsApp-2025-05-29-a-las-21.56.44_8282b42c-169x225.jpg\" class=\"attachment-medium size-medium\" alt=\"\" srcset=\"https:\/\/www.mundoacuicola.cl\/new\/wp-content\/uploads\/2025\/06\/Imagen-de-WhatsApp-2025-05-29-a-las-21.56.44_8282b42c-169x225.jpg 169w, https:\/\/www.mundoacuicola.cl\/new\/wp-content\/uploads\/2025\/06\/Imagen-de-WhatsApp-2025-05-29-a-las-21.56.44_8282b42c-500x667.jpg 500w, https:\/\/www.mundoacuicola.cl\/new\/wp-content\/uploads\/2025\/06\/Imagen-de-WhatsApp-2025-05-29-a-las-21.56.44_8282b42c-300x400.jpg 300w, https:\/\/www.mundoacuicola.cl\/new\/wp-content\/uploads\/2025\/06\/Imagen-de-WhatsApp-2025-05-29-a-las-21.56.44_8282b42c-768x1024.jpg 768w, https:\/\/www.mundoacuicola.cl\/new\/wp-content\/uploads\/2025\/06\/Imagen-de-WhatsApp-2025-05-29-a-las-21.56.44_8282b42c-1152x1536.jpg 1152w, https:\/\/www.mundoacuicola.cl\/new\/wp-content\/uploads\/2025\/06\/Imagen-de-WhatsApp-2025-05-29-a-las-21.56.44_8282b42c.jpg 1200w\" sizes=\"(max-width: 169px) 100vw, 169px\" \/><\/a>\n\t\t\t<\/div><\/figure><figure class='gallery-item'>\n\t\t\t<div class='gallery-icon portrait'>\n\t\t\t\t<a href='https:\/\/www.mundoacuicola.cl\/new\/semana-gastronomica-del-salmon-regresa-con-fuerza-en-puerto-montt\/imagen-de-whatsapp-2025-05-29-a-las-21-56-45_3a2374d0\/'><img loading=\"lazy\" decoding=\"async\" width=\"169\" height=\"225\" src=\"https:\/\/www.mundoacuicola.cl\/new\/wp-content\/uploads\/2025\/06\/Imagen-de-WhatsApp-2025-05-29-a-las-21.56.45_3a2374d0-169x225.jpg\" class=\"attachment-medium size-medium\" alt=\"\" srcset=\"https:\/\/www.mundoacuicola.cl\/new\/wp-content\/uploads\/2025\/06\/Imagen-de-WhatsApp-2025-05-29-a-las-21.56.45_3a2374d0-169x225.jpg 169w, https:\/\/www.mundoacuicola.cl\/new\/wp-content\/uploads\/2025\/06\/Imagen-de-WhatsApp-2025-05-29-a-las-21.56.45_3a2374d0-500x667.jpg 500w, https:\/\/www.mundoacuicola.cl\/new\/wp-content\/uploads\/2025\/06\/Imagen-de-WhatsApp-2025-05-29-a-las-21.56.45_3a2374d0-300x400.jpg 300w, https:\/\/www.mundoacuicola.cl\/new\/wp-content\/uploads\/2025\/06\/Imagen-de-WhatsApp-2025-05-29-a-las-21.56.45_3a2374d0-768x1024.jpg 768w, https:\/\/www.mundoacuicola.cl\/new\/wp-content\/uploads\/2025\/06\/Imagen-de-WhatsApp-2025-05-29-a-las-21.56.45_3a2374d0-1152x1536.jpg 1152w, https:\/\/www.mundoacuicola.cl\/new\/wp-content\/uploads\/2025\/06\/Imagen-de-WhatsApp-2025-05-29-a-las-21.56.45_3a2374d0.jpg 1200w\" sizes=\"(max-width: 169px) 100vw, 169px\" \/><\/a>\n\t\t\t<\/div><\/figure>\n\t\t<\/div>\n\n<h3><strong>Estrategia a largo plazo<\/strong><\/h3>\n<p><span style=\"font-weight: 400;\">La Semana Gastron\u00f3mica del Salm\u00f3n es parte de una estrategia a largo plazo con un ambicioso objetivo:\u00a0 posicionar a Puerto Montt como la capital mundial del salm\u00f3n, no solo en su dimensi\u00f3n productiva, sino\u00a0 tambi\u00e9n en su \u00e1mbito gastron\u00f3mico y cultural, destacando las artes locales que se han ido generando\u00a0 en torno al producto, a casi medio siglo de su introducci\u00f3n a escala industrial en la regi\u00f3n, como tambi\u00e9n\u00a0 como una manera de promover el turismo y la econom\u00eda de la zona.\u00a0<\/span><\/p>\n<p><span style=\"font-weight: 400;\">La actividad se en marca en el trabajo del proyecto DALCAS, que busca poner en valor la gastronom\u00eda\u00a0 local y los productos de la regi\u00f3n, dentro del plan Patagonia Costa, financiado por el Gobierno Regional\u00a0 de Los Lagos, a trav\u00e9s del Programa Corfo Bien P\u00fablico y con apoyo de SERNATUR, la Direcci\u00f3n de\u00a0 Turismo del municipio de Puerto Montt, la C\u00e1mara de Comercio de la ciudad y SalmonChile\u00a0<\/span><\/p>\n<p><span style=\"font-weight: 400;\">Detr\u00e1s de esta iniciativa hay un compromiso concreto de las nueve empresas productoras socias de\u00a0 SalmonChile \u2014MultiX, Camanchaca, Blumar, Australis, Marine Farm, Salmones Austral, Ventisqueros,\u00a0 Yadr\u00e1n y Cooke Chile\u2014 que por segundo a\u00f1o consecutivo entregar\u00e1n salm\u00f3n de forma gratuita a los\u00a0 restaurantes que se han sumado a esta segunda versi\u00f3n de la semana del salm\u00f3n, permiti\u00e9ndoles\u00a0 ofrecer preparaciones con salm\u00f3n de la m\u00e1s alta calidad con el cual se realizaran degustaciones gratuitas <\/span><span style=\"font-weight: 400;\">para los clientes de cada local.<\/span><\/p>\n<p><span style=\"font-weight: 400;\"> Adem\u00e1s, se realizar\u00e1n visitas guiadas a los restaurantes afiliados a la <\/span><span style=\"font-weight: 400;\"> semana, para que puedan conocer en primera persona como se produce esta s\u00faper prote\u00edna. Se espera que esta alianza p\u00fablico-privada transforme en un \u00edcono para la capital regional.\u00a0<\/span><\/p>\n<p><span style=\"font-weight: 400;\">Para conocer todos los detalles del programa de la Semana Gastron\u00f3mica del Salm\u00f3n, incluyendo las\u00a0 presentaciones art\u00edsticas y la oferta gastron\u00f3mica, pueden visitar la p\u00e1gina web oficial\u00a0 <a href=\"https:\/\/www.dalcas.cl\/semanadelsalmon\">dalcas.cl\/semanadelsalmon<\/a>, donde encontrar\u00e1n el calendario completo, mapas, y novedades sobre las\u00a0 actividades.\u00a0<\/span><\/p>\n<h3>Impresiones<\/h3>\n<p><span style=\"font-weight: 400;\">\u201cEste proyecto es una apuesta por el futuro, pero con ra\u00edces profundas en nuestra historia y tradiciones.\u00a0 Con Patagonia Costa: rescate e innovaci\u00f3n gastronomica de la cocina ancestral hasta la cocina criolla,\u00a0 buscamos no solo fortalecer una identidad culinaria propia de nuestro territorio, sino tambi\u00e9n\u00a0 dinamizar la econom\u00eda local a trav\u00e9s del turismo, la innovaci\u00f3n y el emprendimiento. Puerto Montt,\u00a0 Calbuco y Maullin son comunas con un patrimonio gastronomico riqu\u00edsimo, que merece ser visibilizado\u00a0 y proyectado al mundo. Desde el Gobierno Regional de Los Lagos, apoyamos con convicci\u00f3no este Bien\u00a0 Publico porque creemos en un desarrollo regional que valore lo propio, que potencie a sus comunidades\u00a0 y que mire al futuro sin olvidar sus ra\u00edces\u201d afirm\u00f3 el <\/span><b>Gobernador Regional de Los Lagos, Alejandro\u00a0 Santana\u00a0<\/b><\/p>\n<p><span style=\"font-weight: 400;\">\u201cEsta Semana Gastron\u00f3mica es una muestra concreta de c\u00f3mo podemos diversificar la econom\u00eda\u00a0 regional a trav\u00e9s del valor agregado y la identidad local. En Corfo creemos firmemente que el salm\u00f3n\u00a0 no solo representa un gran potencial en t\u00e9rminos productivos, sino tambi\u00e9n una oportunidad \u00fanica para\u00a0 posicionar a Puerto Montt como un destino gastron\u00f3mico y cultural a nivel internacional. Apoyar este\u00a0 tipo de iniciativas es parte de nuestra misi\u00f3n de impulsar un desarrollo territorial sostenible, con\u00a0 identidad y con oportunidades reales para las pymes y emprendedores locales\u201d, <\/span><b>destac\u00f3 Eduardo\u00a0 Arancibia, Director Regional de Corfo Los Lagos.\u00a0<\/b><\/p>\n<p><span style=\"font-weight: 400;\">\u201cQueremos que Puerto Montt sea la ciudad del salm<\/span><span style=\"font-weight: 400;\">\u00f3<\/span><span style=\"font-weight: 400;\">n por excelencia y que seamos reconocidos a nivel\u00a0 nacional e internacional como el lugar donde mejor se prepara este producto t<\/span><span style=\"font-weight: 400;\">\u00ed<\/span><span style=\"font-weight: 400;\">pico de nuestra zona.\u00a0 Para ello impulsamos instancias como esta semana, que aporta para que nuestra comuna se identifique\u00a0 con esta industria, y otros esfuerzos como el Plan Salm<\/span><span style=\"font-weight: 400;\">\u00f3<\/span><span style=\"font-weight: 400;\">n, en que unimos al sector p<\/span><span style=\"font-weight: 400;\">\u00fa<\/span><span style=\"font-weight: 400;\">blico, privado, la\u00a0 academia y la sociedad, para potenciar su desarrollo. Porque si la salmonicultura crece, tambi<\/span><span style=\"font-weight: 400;\">\u00e9<\/span><span style=\"font-weight: 400;\">n debe\u00a0 crecer su aporte. As<\/span><span style=\"font-weight: 400;\">\u00ed <\/span><span style=\"font-weight: 400;\">podremos invertir en seguridad, salud o educaci<\/span><span style=\"font-weight: 400;\">\u00f3<\/span><span style=\"font-weight: 400;\">n y cumplir con el objetivo de\u00a0 mejorar la calidad de vida de los puertomontinos\u201d <\/span><b>Rodrigo Wainraihgt, Alcalde, Ilustre Municipalidad\u00a0 de Puerto Montt.<\/b><\/p>\n<p><b>\u201c<\/b><span style=\"font-weight: 400;\">Ser parte de la Semana Gastron\u00f3mica del Salm\u00f3n es mucho m\u00e1s que visibilizar un producto. Es celebrar\u00a0 el orgullo de una comunidad que, desde el sur del mundo, alimenta al planeta con excelencia. Chile es\u00a0 el segundo mayor productor de salm\u00f3n a nivel global, y eso es posible gracias al trabajo incansable de\u00a0 m\u00e1s de 86.000 personas. Esta semana es un homenaje a ellas y a la identidad que hemos construido\u00a0 colectivamente en torno a esta prote\u00edna \u00fanica.\u201d <\/span><b>Francisco Renner, Director de Comunicaciones\u00a0 SalmonChile.<\/b><\/p>\n<p><b>\u201c<\/b><span style=\"font-weight: 400;\">En nuestra Escuela de Gastronom\u00eda y en el marco del proyecto DALCAS, consideramos fundamental <\/span><span style=\"font-weight: 400;\"> aportar desde una perspectiva t\u00e9cnica en el desarrollo de platos a base de salm\u00f3n, adem\u00e1s de promover\u00a0 la valorizaci\u00f3n de productos y preparaciones que tengan un profundo arraigo en nuestra comunidad.\u00a0 Estas actividades nos brindan la oportunidad de fortalecer v\u00ednculos con los empresarios gastron\u00f3micos\u00a0 de la zona, creando alianzas que beneficien tanto a nuestros estudiantes como a la econom\u00eda local.\u00a0\u00a0<\/span><\/p>\n<p><span style=\"font-weight: 400;\">\u00abEs importante destacar que la formaci\u00f3n de nuestros alumnos busca prepararlos para ocupar lugares\u00a0 destacados en las cocinas de nuestra ciudad en el futuro cercano, contribuyendo al crecimiento y la\u00a0 innovaci\u00f3n del sector gastron\u00f3mico regional\u201d. <\/span><b>Frederic Emery, Director Escuela de Gastronom\u00eda CFT\u00a0 Santo Tom\u00e1s, Director proyecto DALCAS.\u00a0\u00a0<\/b><\/p>\n<p><span style=\"font-weight: 400;\">La Semana Gastron\u00f3mica del Salm\u00f3n es un homenaje a ese esfuerzo colectivo y a un producto de calidad\u00a0 mundial que nace en aguas de la regi\u00f3n Austral de Chile, protagonista, hoy, de lo mejor de nuestra\u00a0 gastronom\u00eda.<\/span><\/p>\n","protected":false},"excerpt":{"rendered":"<p>La Semana Gastron\u00f3mica del Salm\u00f3n vuelve a Puerto Montt del 1 al 6 de julio, con 14 restaurantes, m\u00fasica en vivo y platos \u00fanicos para celebrar este producto clave.<\/p>\n","protected":false},"author":10,"featured_media":76807,"comment_status":"closed","ping_status":"closed","sticky":false,"template":"","format":"standard","meta":{"footnotes":""},"categories":[60],"tags":[2907,772,184,2273,6027,137,197],"class_list":["post-76802","post","type-post","status-publish","format-standard","has-post-thumbnail","hentry","category-salmonicultura","tag-industria-salmonera","tag-puerto-montt","tag-salmon","tag-salmon-chileno","tag-salmonera","tag-salmones","tag-salmonicultura"],"yoast_head":"<!-- This site is optimized with the Yoast SEO plugin v27.5 - https:\/\/yoast.com\/product\/yoast-seo-wordpress\/ -->\n<title>Semana del Salm\u00f3n: sabor, arte y tradici\u00f3n en Puerto Montt - Mundoacuicola<\/title>\n<meta name=\"description\" content=\"La Semana Gastron\u00f3mica del Salm\u00f3n vuelve a Puerto Montt del 1 al 6 de julio, con 14 restaurantes para celebrar este producto clave.\" \/>\n<meta name=\"robots\" content=\"index, follow, max-snippet:-1, max-image-preview:large, max-video-preview:-1\" \/>\n<link rel=\"canonical\" href=\"https:\/\/www.mundoacuicola.cl\/new\/semana-gastronomica-del-salmon-regresa-con-fuerza-en-puerto-montt\/\" \/>\n<meta property=\"og:locale\" content=\"es_ES\" \/>\n<meta property=\"og:type\" content=\"article\" \/>\n<meta property=\"og:title\" content=\"Semana del Salm\u00f3n: sabor, arte y tradici\u00f3n en Puerto Montt - Mundoacuicola\" \/>\n<meta property=\"og:description\" content=\"La Semana Gastron\u00f3mica del Salm\u00f3n vuelve a Puerto Montt del 1 al 6 de julio, con 14 restaurantes para celebrar este producto clave.\" \/>\n<meta property=\"og:url\" content=\"https:\/\/www.mundoacuicola.cl\/new\/semana-gastronomica-del-salmon-regresa-con-fuerza-en-puerto-montt\/\" \/>\n<meta property=\"og:site_name\" content=\"Mundoacuicola\" \/>\n<meta property=\"article:publisher\" content=\"https:\/\/www.facebook.com\/mundo.acuicola\/\" \/>\n<meta property=\"article:published_time\" content=\"2025-06-17T16:07:18+00:00\" \/>\n<meta property=\"article:modified_time\" content=\"2025-06-18T15:15:39+00:00\" \/>\n<meta property=\"og:image\" content=\"https:\/\/www.mundoacuicola.cl\/new\/wp-content\/uploads\/2025\/06\/semanasalmon.jpg\" \/>\n\t<meta property=\"og:image:width\" content=\"750\" \/>\n\t<meta property=\"og:image:height\" content=\"400\" \/>\n\t<meta property=\"og:image:type\" content=\"image\/jpeg\" \/>\n<meta name=\"author\" content=\"mbarrueto\" \/>\n<meta name=\"twitter:card\" content=\"summary_large_image\" \/>\n<meta name=\"twitter:creator\" content=\"@mundoacuicola\" \/>\n<meta name=\"twitter:site\" content=\"@mundoacuicola\" \/>\n<meta name=\"twitter:label1\" content=\"Escrito por\" \/>\n\t<meta name=\"twitter:data1\" content=\"mbarrueto\" \/>\n\t<meta name=\"twitter:label2\" content=\"Tiempo de lectura\" \/>\n\t<meta name=\"twitter:data2\" content=\"6 minutos\" \/>\n<script type=\"application\/ld+json\" class=\"yoast-schema-graph\">{\"@context\":\"https:\\\/\\\/schema.org\",\"@graph\":[{\"@type\":\"Article\",\"@id\":\"https:\\\/\\\/www.mundoacuicola.cl\\\/new\\\/semana-gastronomica-del-salmon-regresa-con-fuerza-en-puerto-montt\\\/#article\",\"isPartOf\":{\"@id\":\"https:\\\/\\\/www.mundoacuicola.cl\\\/new\\\/semana-gastronomica-del-salmon-regresa-con-fuerza-en-puerto-montt\\\/\"},\"author\":{\"name\":\"mbarrueto\",\"@id\":\"https:\\\/\\\/www.mundoacuicola.cl\\\/new\\\/#\\\/schema\\\/person\\\/c00ffe389abb88bd9254653add139315\"},\"headline\":\"Semana del Salm\u00f3n: sabor, arte y tradici\u00f3n en Puerto Montt\",\"datePublished\":\"2025-06-17T16:07:18+00:00\",\"dateModified\":\"2025-06-18T15:15:39+00:00\",\"mainEntityOfPage\":{\"@id\":\"https:\\\/\\\/www.mundoacuicola.cl\\\/new\\\/semana-gastronomica-del-salmon-regresa-con-fuerza-en-puerto-montt\\\/\"},\"wordCount\":1327,\"publisher\":{\"@id\":\"https:\\\/\\\/www.mundoacuicola.cl\\\/new\\\/#organization\"},\"image\":{\"@id\":\"https:\\\/\\\/www.mundoacuicola.cl\\\/new\\\/semana-gastronomica-del-salmon-regresa-con-fuerza-en-puerto-montt\\\/#primaryimage\"},\"thumbnailUrl\":\"https:\\\/\\\/www.mundoacuicola.cl\\\/new\\\/wp-content\\\/uploads\\\/2025\\\/06\\\/semanasalmon.jpg\",\"keywords\":[\"Industria salmonera\",\"Puerto Montt\",\"Salm\u00f3n\",\"Salm\u00f3n chileno\",\"salmonera\",\"salmones\",\"salmonicultura\"],\"articleSection\":[\"Salmonicultura\"],\"inLanguage\":\"es\"},{\"@type\":\"WebPage\",\"@id\":\"https:\\\/\\\/www.mundoacuicola.cl\\\/new\\\/semana-gastronomica-del-salmon-regresa-con-fuerza-en-puerto-montt\\\/\",\"url\":\"https:\\\/\\\/www.mundoacuicola.cl\\\/new\\\/semana-gastronomica-del-salmon-regresa-con-fuerza-en-puerto-montt\\\/\",\"name\":\"Semana del Salm\u00f3n: sabor, arte y tradici\u00f3n en Puerto Montt - Mundoacuicola\",\"isPartOf\":{\"@id\":\"https:\\\/\\\/www.mundoacuicola.cl\\\/new\\\/#website\"},\"primaryImageOfPage\":{\"@id\":\"https:\\\/\\\/www.mundoacuicola.cl\\\/new\\\/semana-gastronomica-del-salmon-regresa-con-fuerza-en-puerto-montt\\\/#primaryimage\"},\"image\":{\"@id\":\"https:\\\/\\\/www.mundoacuicola.cl\\\/new\\\/semana-gastronomica-del-salmon-regresa-con-fuerza-en-puerto-montt\\\/#primaryimage\"},\"thumbnailUrl\":\"https:\\\/\\\/www.mundoacuicola.cl\\\/new\\\/wp-content\\\/uploads\\\/2025\\\/06\\\/semanasalmon.jpg\",\"datePublished\":\"2025-06-17T16:07:18+00:00\",\"dateModified\":\"2025-06-18T15:15:39+00:00\",\"description\":\"La Semana Gastron\u00f3mica del Salm\u00f3n vuelve a Puerto Montt del 1 al 6 de julio, con 14 restaurantes para celebrar este producto clave.\",\"breadcrumb\":{\"@id\":\"https:\\\/\\\/www.mundoacuicola.cl\\\/new\\\/semana-gastronomica-del-salmon-regresa-con-fuerza-en-puerto-montt\\\/#breadcrumb\"},\"inLanguage\":\"es\",\"potentialAction\":[{\"@type\":\"ReadAction\",\"target\":[\"https:\\\/\\\/www.mundoacuicola.cl\\\/new\\\/semana-gastronomica-del-salmon-regresa-con-fuerza-en-puerto-montt\\\/\"]}]},{\"@type\":\"ImageObject\",\"inLanguage\":\"es\",\"@id\":\"https:\\\/\\\/www.mundoacuicola.cl\\\/new\\\/semana-gastronomica-del-salmon-regresa-con-fuerza-en-puerto-montt\\\/#primaryimage\",\"url\":\"https:\\\/\\\/www.mundoacuicola.cl\\\/new\\\/wp-content\\\/uploads\\\/2025\\\/06\\\/semanasalmon.jpg\",\"contentUrl\":\"https:\\\/\\\/www.mundoacuicola.cl\\\/new\\\/wp-content\\\/uploads\\\/2025\\\/06\\\/semanasalmon.jpg\",\"width\":750,\"height\":400},{\"@type\":\"BreadcrumbList\",\"@id\":\"https:\\\/\\\/www.mundoacuicola.cl\\\/new\\\/semana-gastronomica-del-salmon-regresa-con-fuerza-en-puerto-montt\\\/#breadcrumb\",\"itemListElement\":[{\"@type\":\"ListItem\",\"position\":1,\"name\":\"Portada\",\"item\":\"https:\\\/\\\/www.mundoacuicola.cl\\\/new\\\/\"},{\"@type\":\"ListItem\",\"position\":2,\"name\":\"Semana del Salm\u00f3n: sabor, arte y tradici\u00f3n en Puerto Montt\"}]},{\"@type\":\"WebSite\",\"@id\":\"https:\\\/\\\/www.mundoacuicola.cl\\\/new\\\/#website\",\"url\":\"https:\\\/\\\/www.mundoacuicola.cl\\\/new\\\/\",\"name\":\"Mundoacuicola\",\"description\":\"Revista de Acuicultura.\",\"publisher\":{\"@id\":\"https:\\\/\\\/www.mundoacuicola.cl\\\/new\\\/#organization\"},\"potentialAction\":[{\"@type\":\"SearchAction\",\"target\":{\"@type\":\"EntryPoint\",\"urlTemplate\":\"https:\\\/\\\/www.mundoacuicola.cl\\\/new\\\/?s={search_term_string}\"},\"query-input\":{\"@type\":\"PropertyValueSpecification\",\"valueRequired\":true,\"valueName\":\"search_term_string\"}}],\"inLanguage\":\"es\"},{\"@type\":\"Organization\",\"@id\":\"https:\\\/\\\/www.mundoacuicola.cl\\\/new\\\/#organization\",\"name\":\"Mundoacuicola\",\"url\":\"https:\\\/\\\/www.mundoacuicola.cl\\\/new\\\/\",\"logo\":{\"@type\":\"ImageObject\",\"inLanguage\":\"es\",\"@id\":\"https:\\\/\\\/www.mundoacuicola.cl\\\/new\\\/#\\\/schema\\\/logo\\\/image\\\/\",\"url\":\"https:\\\/\\\/www.mundoacuicola.cl\\\/new\\\/wp-content\\\/uploads\\\/2026\\\/01\\\/cropped-LOGO-Mundo-Acuicola-2026.png\",\"contentUrl\":\"https:\\\/\\\/www.mundoacuicola.cl\\\/new\\\/wp-content\\\/uploads\\\/2026\\\/01\\\/cropped-LOGO-Mundo-Acuicola-2026.png\",\"width\":1252,\"height\":296,\"caption\":\"Mundoacuicola\"},\"image\":{\"@id\":\"https:\\\/\\\/www.mundoacuicola.cl\\\/new\\\/#\\\/schema\\\/logo\\\/image\\\/\"},\"sameAs\":[\"https:\\\/\\\/www.facebook.com\\\/mundo.acuicola\\\/\",\"https:\\\/\\\/x.com\\\/mundoacuicola\",\"https:\\\/\\\/www.linkedin.com\\\/in\\\/mundo-acuicola\"]},{\"@type\":\"Person\",\"@id\":\"https:\\\/\\\/www.mundoacuicola.cl\\\/new\\\/#\\\/schema\\\/person\\\/c00ffe389abb88bd9254653add139315\",\"name\":\"mbarrueto\",\"url\":\"https:\\\/\\\/www.mundoacuicola.cl\\\/new\\\/author\\\/mbarrueto\\\/\"}]}<\/script>\n<!-- \/ Yoast SEO plugin. -->","yoast_head_json":{"title":"Semana del Salm\u00f3n: sabor, arte y tradici\u00f3n en Puerto Montt - Mundoacuicola","description":"La Semana Gastron\u00f3mica del Salm\u00f3n vuelve a Puerto Montt del 1 al 6 de julio, con 14 restaurantes para celebrar este producto clave.","robots":{"index":"index","follow":"follow","max-snippet":"max-snippet:-1","max-image-preview":"max-image-preview:large","max-video-preview":"max-video-preview:-1"},"canonical":"https:\/\/www.mundoacuicola.cl\/new\/semana-gastronomica-del-salmon-regresa-con-fuerza-en-puerto-montt\/","og_locale":"es_ES","og_type":"article","og_title":"Semana del Salm\u00f3n: sabor, arte y tradici\u00f3n en Puerto Montt - Mundoacuicola","og_description":"La Semana Gastron\u00f3mica del Salm\u00f3n vuelve a Puerto Montt del 1 al 6 de julio, con 14 restaurantes para celebrar este producto clave.","og_url":"https:\/\/www.mundoacuicola.cl\/new\/semana-gastronomica-del-salmon-regresa-con-fuerza-en-puerto-montt\/","og_site_name":"Mundoacuicola","article_publisher":"https:\/\/www.facebook.com\/mundo.acuicola\/","article_published_time":"2025-06-17T16:07:18+00:00","article_modified_time":"2025-06-18T15:15:39+00:00","og_image":[{"width":750,"height":400,"url":"https:\/\/www.mundoacuicola.cl\/new\/wp-content\/uploads\/2025\/06\/semanasalmon.jpg","type":"image\/jpeg"}],"author":"mbarrueto","twitter_card":"summary_large_image","twitter_creator":"@mundoacuicola","twitter_site":"@mundoacuicola","twitter_misc":{"Escrito por":"mbarrueto","Tiempo de lectura":"6 minutos"},"schema":{"@context":"https:\/\/schema.org","@graph":[{"@type":"Article","@id":"https:\/\/www.mundoacuicola.cl\/new\/semana-gastronomica-del-salmon-regresa-con-fuerza-en-puerto-montt\/#article","isPartOf":{"@id":"https:\/\/www.mundoacuicola.cl\/new\/semana-gastronomica-del-salmon-regresa-con-fuerza-en-puerto-montt\/"},"author":{"name":"mbarrueto","@id":"https:\/\/www.mundoacuicola.cl\/new\/#\/schema\/person\/c00ffe389abb88bd9254653add139315"},"headline":"Semana del Salm\u00f3n: sabor, arte y tradici\u00f3n en Puerto Montt","datePublished":"2025-06-17T16:07:18+00:00","dateModified":"2025-06-18T15:15:39+00:00","mainEntityOfPage":{"@id":"https:\/\/www.mundoacuicola.cl\/new\/semana-gastronomica-del-salmon-regresa-con-fuerza-en-puerto-montt\/"},"wordCount":1327,"publisher":{"@id":"https:\/\/www.mundoacuicola.cl\/new\/#organization"},"image":{"@id":"https:\/\/www.mundoacuicola.cl\/new\/semana-gastronomica-del-salmon-regresa-con-fuerza-en-puerto-montt\/#primaryimage"},"thumbnailUrl":"https:\/\/www.mundoacuicola.cl\/new\/wp-content\/uploads\/2025\/06\/semanasalmon.jpg","keywords":["Industria salmonera","Puerto Montt","Salm\u00f3n","Salm\u00f3n chileno","salmonera","salmones","salmonicultura"],"articleSection":["Salmonicultura"],"inLanguage":"es"},{"@type":"WebPage","@id":"https:\/\/www.mundoacuicola.cl\/new\/semana-gastronomica-del-salmon-regresa-con-fuerza-en-puerto-montt\/","url":"https:\/\/www.mundoacuicola.cl\/new\/semana-gastronomica-del-salmon-regresa-con-fuerza-en-puerto-montt\/","name":"Semana del Salm\u00f3n: sabor, arte y tradici\u00f3n en Puerto Montt - Mundoacuicola","isPartOf":{"@id":"https:\/\/www.mundoacuicola.cl\/new\/#website"},"primaryImageOfPage":{"@id":"https:\/\/www.mundoacuicola.cl\/new\/semana-gastronomica-del-salmon-regresa-con-fuerza-en-puerto-montt\/#primaryimage"},"image":{"@id":"https:\/\/www.mundoacuicola.cl\/new\/semana-gastronomica-del-salmon-regresa-con-fuerza-en-puerto-montt\/#primaryimage"},"thumbnailUrl":"https:\/\/www.mundoacuicola.cl\/new\/wp-content\/uploads\/2025\/06\/semanasalmon.jpg","datePublished":"2025-06-17T16:07:18+00:00","dateModified":"2025-06-18T15:15:39+00:00","description":"La Semana Gastron\u00f3mica del Salm\u00f3n vuelve a Puerto Montt del 1 al 6 de julio, con 14 restaurantes para celebrar este producto clave.","breadcrumb":{"@id":"https:\/\/www.mundoacuicola.cl\/new\/semana-gastronomica-del-salmon-regresa-con-fuerza-en-puerto-montt\/#breadcrumb"},"inLanguage":"es","potentialAction":[{"@type":"ReadAction","target":["https:\/\/www.mundoacuicola.cl\/new\/semana-gastronomica-del-salmon-regresa-con-fuerza-en-puerto-montt\/"]}]},{"@type":"ImageObject","inLanguage":"es","@id":"https:\/\/www.mundoacuicola.cl\/new\/semana-gastronomica-del-salmon-regresa-con-fuerza-en-puerto-montt\/#primaryimage","url":"https:\/\/www.mundoacuicola.cl\/new\/wp-content\/uploads\/2025\/06\/semanasalmon.jpg","contentUrl":"https:\/\/www.mundoacuicola.cl\/new\/wp-content\/uploads\/2025\/06\/semanasalmon.jpg","width":750,"height":400},{"@type":"BreadcrumbList","@id":"https:\/\/www.mundoacuicola.cl\/new\/semana-gastronomica-del-salmon-regresa-con-fuerza-en-puerto-montt\/#breadcrumb","itemListElement":[{"@type":"ListItem","position":1,"name":"Portada","item":"https:\/\/www.mundoacuicola.cl\/new\/"},{"@type":"ListItem","position":2,"name":"Semana del Salm\u00f3n: sabor, arte y tradici\u00f3n en Puerto Montt"}]},{"@type":"WebSite","@id":"https:\/\/www.mundoacuicola.cl\/new\/#website","url":"https:\/\/www.mundoacuicola.cl\/new\/","name":"Mundoacuicola","description":"Revista de Acuicultura.","publisher":{"@id":"https:\/\/www.mundoacuicola.cl\/new\/#organization"},"potentialAction":[{"@type":"SearchAction","target":{"@type":"EntryPoint","urlTemplate":"https:\/\/www.mundoacuicola.cl\/new\/?s={search_term_string}"},"query-input":{"@type":"PropertyValueSpecification","valueRequired":true,"valueName":"search_term_string"}}],"inLanguage":"es"},{"@type":"Organization","@id":"https:\/\/www.mundoacuicola.cl\/new\/#organization","name":"Mundoacuicola","url":"https:\/\/www.mundoacuicola.cl\/new\/","logo":{"@type":"ImageObject","inLanguage":"es","@id":"https:\/\/www.mundoacuicola.cl\/new\/#\/schema\/logo\/image\/","url":"https:\/\/www.mundoacuicola.cl\/new\/wp-content\/uploads\/2026\/01\/cropped-LOGO-Mundo-Acuicola-2026.png","contentUrl":"https:\/\/www.mundoacuicola.cl\/new\/wp-content\/uploads\/2026\/01\/cropped-LOGO-Mundo-Acuicola-2026.png","width":1252,"height":296,"caption":"Mundoacuicola"},"image":{"@id":"https:\/\/www.mundoacuicola.cl\/new\/#\/schema\/logo\/image\/"},"sameAs":["https:\/\/www.facebook.com\/mundo.acuicola\/","https:\/\/x.com\/mundoacuicola","https:\/\/www.linkedin.com\/in\/mundo-acuicola"]},{"@type":"Person","@id":"https:\/\/www.mundoacuicola.cl\/new\/#\/schema\/person\/c00ffe389abb88bd9254653add139315","name":"mbarrueto","url":"https:\/\/www.mundoacuicola.cl\/new\/author\/mbarrueto\/"}]}},"_links":{"self":[{"href":"https:\/\/www.mundoacuicola.cl\/new\/wp-json\/wp\/v2\/posts\/76802","targetHints":{"allow":["GET"]}}],"collection":[{"href":"https:\/\/www.mundoacuicola.cl\/new\/wp-json\/wp\/v2\/posts"}],"about":[{"href":"https:\/\/www.mundoacuicola.cl\/new\/wp-json\/wp\/v2\/types\/post"}],"author":[{"embeddable":true,"href":"https:\/\/www.mundoacuicola.cl\/new\/wp-json\/wp\/v2\/users\/10"}],"replies":[{"embeddable":true,"href":"https:\/\/www.mundoacuicola.cl\/new\/wp-json\/wp\/v2\/comments?post=76802"}],"version-history":[{"count":0,"href":"https:\/\/www.mundoacuicola.cl\/new\/wp-json\/wp\/v2\/posts\/76802\/revisions"}],"wp:featuredmedia":[{"embeddable":true,"href":"https:\/\/www.mundoacuicola.cl\/new\/wp-json\/wp\/v2\/media\/76807"}],"wp:attachment":[{"href":"https:\/\/www.mundoacuicola.cl\/new\/wp-json\/wp\/v2\/media?parent=76802"}],"wp:term":[{"taxonomy":"category","embeddable":true,"href":"https:\/\/www.mundoacuicola.cl\/new\/wp-json\/wp\/v2\/categories?post=76802"},{"taxonomy":"post_tag","embeddable":true,"href":"https:\/\/www.mundoacuicola.cl\/new\/wp-json\/wp\/v2\/tags?post=76802"}],"curies":[{"name":"wp","href":"https:\/\/api.w.org\/{rel}","templated":true}]}}