{"id":76881,"date":"2025-06-18T17:00:33","date_gmt":"2025-06-18T21:00:33","guid":{"rendered":"https:\/\/www.mundoacuicola.cl\/new\/?p=76881"},"modified":"2025-06-19T12:36:38","modified_gmt":"2025-06-19T16:36:38","slug":"gerente-general-de-camanchaca-y-fraccionamiento-pesquero-exigir-una-indemnizacion-es-lo-justo","status":"publish","type":"post","link":"https:\/\/www.mundoacuicola.cl\/new\/gerente-general-de-camanchaca-y-fraccionamiento-pesquero-exigir-una-indemnizacion-es-lo-justo\/","title":{"rendered":"Gerente General de Camanchaca y fraccionamiento pesquero: \u00abExigir una indemnizaci\u00f3n es lo justo\u00bb"},"content":{"rendered":"<p data-start=\"456\" data-end=\"839\">El martes 17 de junio, la Sala de la C\u00e1mara de Diputados aprob\u00f3 por 122 votos a favor, 15 en contra y dos abstenciones el informe de la comisi\u00f3n mixta parlamentaria que zanj\u00f3 las \u00faltimas diferencias respecto a la iniciativa.<\/p>\n<p data-start=\"841\" data-end=\"1164\">Previo a ello, Camanchaca \u2014una de las principales empresas pesqueras del pa\u00eds\u2014 confirm\u00f3 lo que viene advirtiendo hace un tiempo: recurrir\u00e1 a la justicia en busca de una compensaci\u00f3n ante los efectos que tendr\u00e1 esta ley. En un comunicado, el gerente general de la firma, Ricardo Garc\u00eda, critic\u00f3 categ\u00f3ricamente la normativa.<\/p>\n<p data-start=\"1166\" data-end=\"1556\">\u00abLa industria pesquera ha sido golpeada duramente por esta ley que introduce estos cambios siete a\u00f1os antes de lo previsto por la ley vigente (2032), lo que conlleva un perjuicio econ\u00f3mico enorme\u00bb, asegur\u00f3. El golpe, indic\u00f3, ser\u00e1 \u00abel doble\u00bb para las empresas de la Regi\u00f3n del Biob\u00edo, \u00abporque deber\u00e1n pagar un arancel de m\u00e1s de un 30% sobre las importaciones de cuotas extranjeras de jurel\u00bb.<\/p>\n<p data-start=\"1558\" data-end=\"2089\">El ejecutivo agreg\u00f3 que \u00abel efecto ser\u00e1 directo sobre el nivel de actividad, el empleo y los tributos a la renta que hoy genera el segmento m\u00e1s intensivo en mano de obra del sector\u00bb. Garc\u00eda subray\u00f3 que esta doble carga \u2014reducci\u00f3n de la fracci\u00f3n de cuotas y arancel\u2014 afectar\u00e1 de forma significativa el dinamismo de la industria pesquera regional. \u00abLa combinaci\u00f3n de ambos factores frenar\u00e1 inevitablemente el desarrollo del sector, con un impacto m\u00e1s severo en la Regi\u00f3n del Biob\u00edo, que es el coraz\u00f3n industrial de la pesca chilena\u00bb.<\/p>\n<p data-start=\"2091\" data-end=\"2335\">\u00abEs inaceptable que se cambie lo que la ley estableci\u00f3 hace m\u00e1s de 12 a\u00f1os, con severo perjuicio y sin que haya de por medio una justa compensaci\u00f3n. Se genera un da\u00f1o patrimonial grave y exigir una indemnizaci\u00f3n es lo justo\u00bb, dijo el ejecutivo.<\/p>\n<p data-start=\"2337\" data-end=\"2699\">En el caso de Camanchaca, esto implicar\u00e1 una ca\u00edda superior al 20% en la producci\u00f3n de jurel para consumo humano, lo que se traduce en p\u00e9rdida de industrializaci\u00f3n y empleo regional. La situaci\u00f3n se agrava por los contratos suscritos por la empresa con partes extranjeras para la compra de cuotas internacionales, los que no consideraban ning\u00fan tipo de gravamen.<\/p>\n<p data-start=\"2701\" data-end=\"3130\">Finalmente, el gerente general se\u00f1al\u00f3 que \u00abel Estado cambi\u00f3 las reglas anticipadamente para beneficiar a un grupo de pescadores semi industriales a costa del patrimonio de los industriales. Ante esto, no nos queda otra opci\u00f3n que acudir a la justicia para solicitar una indemnizaci\u00f3n que repare el da\u00f1o causado a nuestros accionistas, entre los cuales hay fondos de pensiones que representan a m\u00e1s de seis millones de afiliados\u00bb.<\/p>\n","protected":false},"excerpt":{"rendered":"<p>Camanchaca anuncia demanda al Estado por fraccionamiento pesquero, advirtiendo perjuicios econ\u00f3micos y ca\u00edda en producci\u00f3n.<\/p>\n","protected":false},"author":8,"featured_media":76882,"comment_status":"closed","ping_status":"closed","sticky":false,"template":"","format":"standard","meta":{"footnotes":""},"categories":[62],"tags":[26816,3130,134,26817,6311,9863,23114,18604,349,139],"class_list":["post-76881","post","type-post","status-publish","format-standard","has-post-thumbnail","hentry","category-pesca","tag-aranceles-jurel","tag-biobio","tag-camanchaca","tag-compensacion-estatal","tag-cuotas-de-captura","tag-demanda","tag-empleo-regional","tag-fraccionamiento-pesquero","tag-industria-pesquera","tag-ricardo-garcia"],"yoast_head":"<!-- This site is optimized with the Yoast SEO plugin v27.5 - https:\/\/yoast.com\/product\/yoast-seo-wordpress\/ -->\n<title>Gerente General de Camanchaca y fraccionamiento pesquero: &quot;Exigir una indemnizaci\u00f3n es lo justo&quot; - Mundoacuicola<\/title>\n<meta name=\"description\" content=\"Camanchaca anuncia demanda al Estado por fraccionamiento pesquero, advirtiendo perjuicios econ\u00f3micos y ca\u00edda en producci\u00f3n.\" \/>\n<meta name=\"robots\" content=\"index, follow, max-snippet:-1, max-image-preview:large, max-video-preview:-1\" \/>\n<link rel=\"canonical\" href=\"https:\/\/www.mundoacuicola.cl\/new\/gerente-general-de-camanchaca-y-fraccionamiento-pesquero-exigir-una-indemnizacion-es-lo-justo\/\" \/>\n<meta property=\"og:locale\" content=\"es_ES\" \/>\n<meta property=\"og:type\" content=\"article\" \/>\n<meta property=\"og:title\" content=\"Gerente General de Camanchaca y fraccionamiento pesquero: &quot;Exigir una indemnizaci\u00f3n es lo justo&quot; - Mundoacuicola\" \/>\n<meta property=\"og:description\" content=\"Camanchaca anuncia demanda al Estado por fraccionamiento pesquero, advirtiendo perjuicios econ\u00f3micos y ca\u00edda en producci\u00f3n.\" \/>\n<meta property=\"og:url\" content=\"https:\/\/www.mundoacuicola.cl\/new\/gerente-general-de-camanchaca-y-fraccionamiento-pesquero-exigir-una-indemnizacion-es-lo-justo\/\" \/>\n<meta property=\"og:site_name\" content=\"Mundoacuicola\" \/>\n<meta property=\"article:publisher\" content=\"https:\/\/www.facebook.com\/mundo.acuicola\/\" \/>\n<meta property=\"article:published_time\" content=\"2025-06-18T21:00:33+00:00\" \/>\n<meta property=\"article:modified_time\" content=\"2025-06-19T16:36:38+00:00\" \/>\n<meta property=\"og:image\" content=\"https:\/\/www.mundoacuicola.cl\/new\/wp-content\/uploads\/2025\/06\/RicardoGarciaHoltz2.jpg\" \/>\n\t<meta property=\"og:image:width\" content=\"750\" \/>\n\t<meta property=\"og:image:height\" content=\"400\" \/>\n\t<meta property=\"og:image:type\" content=\"image\/jpeg\" \/>\n<meta name=\"author\" content=\"Ricardo Alvarez\" \/>\n<meta name=\"twitter:card\" content=\"summary_large_image\" \/>\n<meta name=\"twitter:creator\" content=\"@mundoacuicola\" \/>\n<meta name=\"twitter:site\" content=\"@mundoacuicola\" \/>\n<meta name=\"twitter:label1\" content=\"Escrito por\" \/>\n\t<meta name=\"twitter:data1\" content=\"Ricardo Alvarez\" \/>\n\t<meta name=\"twitter:label2\" content=\"Tiempo de lectura\" \/>\n\t<meta name=\"twitter:data2\" content=\"3 minutos\" \/>\n<script type=\"application\/ld+json\" class=\"yoast-schema-graph\">{\"@context\":\"https:\\\/\\\/schema.org\",\"@graph\":[{\"@type\":\"Article\",\"@id\":\"https:\\\/\\\/www.mundoacuicola.cl\\\/new\\\/gerente-general-de-camanchaca-y-fraccionamiento-pesquero-exigir-una-indemnizacion-es-lo-justo\\\/#article\",\"isPartOf\":{\"@id\":\"https:\\\/\\\/www.mundoacuicola.cl\\\/new\\\/gerente-general-de-camanchaca-y-fraccionamiento-pesquero-exigir-una-indemnizacion-es-lo-justo\\\/\"},\"author\":{\"name\":\"Ricardo Alvarez\",\"@id\":\"https:\\\/\\\/www.mundoacuicola.cl\\\/new\\\/#\\\/schema\\\/person\\\/52cfe7e461eb2d30484965350ee34bdd\"},\"headline\":\"Gerente General de Camanchaca y fraccionamiento pesquero: \u00abExigir una indemnizaci\u00f3n es lo justo\u00bb\",\"datePublished\":\"2025-06-18T21:00:33+00:00\",\"dateModified\":\"2025-06-19T16:36:38+00:00\",\"mainEntityOfPage\":{\"@id\":\"https:\\\/\\\/www.mundoacuicola.cl\\\/new\\\/gerente-general-de-camanchaca-y-fraccionamiento-pesquero-exigir-una-indemnizacion-es-lo-justo\\\/\"},\"wordCount\":460,\"publisher\":{\"@id\":\"https:\\\/\\\/www.mundoacuicola.cl\\\/new\\\/#organization\"},\"image\":{\"@id\":\"https:\\\/\\\/www.mundoacuicola.cl\\\/new\\\/gerente-general-de-camanchaca-y-fraccionamiento-pesquero-exigir-una-indemnizacion-es-lo-justo\\\/#primaryimage\"},\"thumbnailUrl\":\"https:\\\/\\\/www.mundoacuicola.cl\\\/new\\\/wp-content\\\/uploads\\\/2025\\\/06\\\/RicardoGarciaHoltz2.jpg\",\"keywords\":[\"aranceles jurel\",\"Biob\u00edo\",\"Camanchaca\",\"compensaci\u00f3n estatal\",\"cuotas de captura\",\"demanda\",\"empleo regional\",\"fraccionamiento pesquero\",\"industria pesquera\",\"Ricardo Garc\u00eda\"],\"articleSection\":[\"Pesca\"],\"inLanguage\":\"es\"},{\"@type\":\"WebPage\",\"@id\":\"https:\\\/\\\/www.mundoacuicola.cl\\\/new\\\/gerente-general-de-camanchaca-y-fraccionamiento-pesquero-exigir-una-indemnizacion-es-lo-justo\\\/\",\"url\":\"https:\\\/\\\/www.mundoacuicola.cl\\\/new\\\/gerente-general-de-camanchaca-y-fraccionamiento-pesquero-exigir-una-indemnizacion-es-lo-justo\\\/\",\"name\":\"Gerente General de Camanchaca y fraccionamiento pesquero: \\\"Exigir una indemnizaci\u00f3n es lo justo\\\" - Mundoacuicola\",\"isPartOf\":{\"@id\":\"https:\\\/\\\/www.mundoacuicola.cl\\\/new\\\/#website\"},\"primaryImageOfPage\":{\"@id\":\"https:\\\/\\\/www.mundoacuicola.cl\\\/new\\\/gerente-general-de-camanchaca-y-fraccionamiento-pesquero-exigir-una-indemnizacion-es-lo-justo\\\/#primaryimage\"},\"image\":{\"@id\":\"https:\\\/\\\/www.mundoacuicola.cl\\\/new\\\/gerente-general-de-camanchaca-y-fraccionamiento-pesquero-exigir-una-indemnizacion-es-lo-justo\\\/#primaryimage\"},\"thumbnailUrl\":\"https:\\\/\\\/www.mundoacuicola.cl\\\/new\\\/wp-content\\\/uploads\\\/2025\\\/06\\\/RicardoGarciaHoltz2.jpg\",\"datePublished\":\"2025-06-18T21:00:33+00:00\",\"dateModified\":\"2025-06-19T16:36:38+00:00\",\"description\":\"Camanchaca anuncia demanda al Estado por fraccionamiento pesquero, advirtiendo perjuicios econ\u00f3micos y ca\u00edda en producci\u00f3n.\",\"breadcrumb\":{\"@id\":\"https:\\\/\\\/www.mundoacuicola.cl\\\/new\\\/gerente-general-de-camanchaca-y-fraccionamiento-pesquero-exigir-una-indemnizacion-es-lo-justo\\\/#breadcrumb\"},\"inLanguage\":\"es\",\"potentialAction\":[{\"@type\":\"ReadAction\",\"target\":[\"https:\\\/\\\/www.mundoacuicola.cl\\\/new\\\/gerente-general-de-camanchaca-y-fraccionamiento-pesquero-exigir-una-indemnizacion-es-lo-justo\\\/\"]}]},{\"@type\":\"ImageObject\",\"inLanguage\":\"es\",\"@id\":\"https:\\\/\\\/www.mundoacuicola.cl\\\/new\\\/gerente-general-de-camanchaca-y-fraccionamiento-pesquero-exigir-una-indemnizacion-es-lo-justo\\\/#primaryimage\",\"url\":\"https:\\\/\\\/www.mundoacuicola.cl\\\/new\\\/wp-content\\\/uploads\\\/2025\\\/06\\\/RicardoGarciaHoltz2.jpg\",\"contentUrl\":\"https:\\\/\\\/www.mundoacuicola.cl\\\/new\\\/wp-content\\\/uploads\\\/2025\\\/06\\\/RicardoGarciaHoltz2.jpg\",\"width\":750,\"height\":400},{\"@type\":\"BreadcrumbList\",\"@id\":\"https:\\\/\\\/www.mundoacuicola.cl\\\/new\\\/gerente-general-de-camanchaca-y-fraccionamiento-pesquero-exigir-una-indemnizacion-es-lo-justo\\\/#breadcrumb\",\"itemListElement\":[{\"@type\":\"ListItem\",\"position\":1,\"name\":\"Portada\",\"item\":\"https:\\\/\\\/www.mundoacuicola.cl\\\/new\\\/\"},{\"@type\":\"ListItem\",\"position\":2,\"name\":\"Gerente General de Camanchaca y fraccionamiento pesquero: &#8220;Exigir una indemnizaci\u00f3n es lo justo&#8221;\"}]},{\"@type\":\"WebSite\",\"@id\":\"https:\\\/\\\/www.mundoacuicola.cl\\\/new\\\/#website\",\"url\":\"https:\\\/\\\/www.mundoacuicola.cl\\\/new\\\/\",\"name\":\"Mundoacuicola\",\"description\":\"Revista de Acuicultura.\",\"publisher\":{\"@id\":\"https:\\\/\\\/www.mundoacuicola.cl\\\/new\\\/#organization\"},\"potentialAction\":[{\"@type\":\"SearchAction\",\"target\":{\"@type\":\"EntryPoint\",\"urlTemplate\":\"https:\\\/\\\/www.mundoacuicola.cl\\\/new\\\/?s={search_term_string}\"},\"query-input\":{\"@type\":\"PropertyValueSpecification\",\"valueRequired\":true,\"valueName\":\"search_term_string\"}}],\"inLanguage\":\"es\"},{\"@type\":\"Organization\",\"@id\":\"https:\\\/\\\/www.mundoacuicola.cl\\\/new\\\/#organization\",\"name\":\"Mundoacuicola\",\"url\":\"https:\\\/\\\/www.mundoacuicola.cl\\\/new\\\/\",\"logo\":{\"@type\":\"ImageObject\",\"inLanguage\":\"es\",\"@id\":\"https:\\\/\\\/www.mundoacuicola.cl\\\/new\\\/#\\\/schema\\\/logo\\\/image\\\/\",\"url\":\"https:\\\/\\\/www.mundoacuicola.cl\\\/new\\\/wp-content\\\/uploads\\\/2026\\\/01\\\/cropped-LOGO-Mundo-Acuicola-2026.png\",\"contentUrl\":\"https:\\\/\\\/www.mundoacuicola.cl\\\/new\\\/wp-content\\\/uploads\\\/2026\\\/01\\\/cropped-LOGO-Mundo-Acuicola-2026.png\",\"width\":1252,\"height\":296,\"caption\":\"Mundoacuicola\"},\"image\":{\"@id\":\"https:\\\/\\\/www.mundoacuicola.cl\\\/new\\\/#\\\/schema\\\/logo\\\/image\\\/\"},\"sameAs\":[\"https:\\\/\\\/www.facebook.com\\\/mundo.acuicola\\\/\",\"https:\\\/\\\/x.com\\\/mundoacuicola\",\"https:\\\/\\\/www.linkedin.com\\\/in\\\/mundo-acuicola\"]},{\"@type\":\"Person\",\"@id\":\"https:\\\/\\\/www.mundoacuicola.cl\\\/new\\\/#\\\/schema\\\/person\\\/52cfe7e461eb2d30484965350ee34bdd\",\"name\":\"Ricardo Alvarez\",\"url\":\"https:\\\/\\\/www.mundoacuicola.cl\\\/new\\\/author\\\/ricardo\\\/\"}]}<\/script>\n<!-- \/ Yoast SEO plugin. -->","yoast_head_json":{"title":"Gerente General de Camanchaca y fraccionamiento pesquero: \"Exigir una indemnizaci\u00f3n es lo justo\" - Mundoacuicola","description":"Camanchaca anuncia demanda al Estado por fraccionamiento pesquero, advirtiendo perjuicios econ\u00f3micos y ca\u00edda en producci\u00f3n.","robots":{"index":"index","follow":"follow","max-snippet":"max-snippet:-1","max-image-preview":"max-image-preview:large","max-video-preview":"max-video-preview:-1"},"canonical":"https:\/\/www.mundoacuicola.cl\/new\/gerente-general-de-camanchaca-y-fraccionamiento-pesquero-exigir-una-indemnizacion-es-lo-justo\/","og_locale":"es_ES","og_type":"article","og_title":"Gerente General de Camanchaca y fraccionamiento pesquero: \"Exigir una indemnizaci\u00f3n es lo justo\" - Mundoacuicola","og_description":"Camanchaca anuncia demanda al Estado por fraccionamiento pesquero, advirtiendo perjuicios econ\u00f3micos y ca\u00edda en producci\u00f3n.","og_url":"https:\/\/www.mundoacuicola.cl\/new\/gerente-general-de-camanchaca-y-fraccionamiento-pesquero-exigir-una-indemnizacion-es-lo-justo\/","og_site_name":"Mundoacuicola","article_publisher":"https:\/\/www.facebook.com\/mundo.acuicola\/","article_published_time":"2025-06-18T21:00:33+00:00","article_modified_time":"2025-06-19T16:36:38+00:00","og_image":[{"width":750,"height":400,"url":"https:\/\/www.mundoacuicola.cl\/new\/wp-content\/uploads\/2025\/06\/RicardoGarciaHoltz2.jpg","type":"image\/jpeg"}],"author":"Ricardo Alvarez","twitter_card":"summary_large_image","twitter_creator":"@mundoacuicola","twitter_site":"@mundoacuicola","twitter_misc":{"Escrito por":"Ricardo Alvarez","Tiempo de lectura":"3 minutos"},"schema":{"@context":"https:\/\/schema.org","@graph":[{"@type":"Article","@id":"https:\/\/www.mundoacuicola.cl\/new\/gerente-general-de-camanchaca-y-fraccionamiento-pesquero-exigir-una-indemnizacion-es-lo-justo\/#article","isPartOf":{"@id":"https:\/\/www.mundoacuicola.cl\/new\/gerente-general-de-camanchaca-y-fraccionamiento-pesquero-exigir-una-indemnizacion-es-lo-justo\/"},"author":{"name":"Ricardo Alvarez","@id":"https:\/\/www.mundoacuicola.cl\/new\/#\/schema\/person\/52cfe7e461eb2d30484965350ee34bdd"},"headline":"Gerente General de Camanchaca y fraccionamiento pesquero: \u00abExigir una indemnizaci\u00f3n es lo justo\u00bb","datePublished":"2025-06-18T21:00:33+00:00","dateModified":"2025-06-19T16:36:38+00:00","mainEntityOfPage":{"@id":"https:\/\/www.mundoacuicola.cl\/new\/gerente-general-de-camanchaca-y-fraccionamiento-pesquero-exigir-una-indemnizacion-es-lo-justo\/"},"wordCount":460,"publisher":{"@id":"https:\/\/www.mundoacuicola.cl\/new\/#organization"},"image":{"@id":"https:\/\/www.mundoacuicola.cl\/new\/gerente-general-de-camanchaca-y-fraccionamiento-pesquero-exigir-una-indemnizacion-es-lo-justo\/#primaryimage"},"thumbnailUrl":"https:\/\/www.mundoacuicola.cl\/new\/wp-content\/uploads\/2025\/06\/RicardoGarciaHoltz2.jpg","keywords":["aranceles jurel","Biob\u00edo","Camanchaca","compensaci\u00f3n estatal","cuotas de captura","demanda","empleo regional","fraccionamiento pesquero","industria pesquera","Ricardo Garc\u00eda"],"articleSection":["Pesca"],"inLanguage":"es"},{"@type":"WebPage","@id":"https:\/\/www.mundoacuicola.cl\/new\/gerente-general-de-camanchaca-y-fraccionamiento-pesquero-exigir-una-indemnizacion-es-lo-justo\/","url":"https:\/\/www.mundoacuicola.cl\/new\/gerente-general-de-camanchaca-y-fraccionamiento-pesquero-exigir-una-indemnizacion-es-lo-justo\/","name":"Gerente General de Camanchaca y fraccionamiento pesquero: \"Exigir una indemnizaci\u00f3n es lo justo\" - Mundoacuicola","isPartOf":{"@id":"https:\/\/www.mundoacuicola.cl\/new\/#website"},"primaryImageOfPage":{"@id":"https:\/\/www.mundoacuicola.cl\/new\/gerente-general-de-camanchaca-y-fraccionamiento-pesquero-exigir-una-indemnizacion-es-lo-justo\/#primaryimage"},"image":{"@id":"https:\/\/www.mundoacuicola.cl\/new\/gerente-general-de-camanchaca-y-fraccionamiento-pesquero-exigir-una-indemnizacion-es-lo-justo\/#primaryimage"},"thumbnailUrl":"https:\/\/www.mundoacuicola.cl\/new\/wp-content\/uploads\/2025\/06\/RicardoGarciaHoltz2.jpg","datePublished":"2025-06-18T21:00:33+00:00","dateModified":"2025-06-19T16:36:38+00:00","description":"Camanchaca anuncia demanda al Estado por fraccionamiento pesquero, advirtiendo perjuicios econ\u00f3micos y ca\u00edda en producci\u00f3n.","breadcrumb":{"@id":"https:\/\/www.mundoacuicola.cl\/new\/gerente-general-de-camanchaca-y-fraccionamiento-pesquero-exigir-una-indemnizacion-es-lo-justo\/#breadcrumb"},"inLanguage":"es","potentialAction":[{"@type":"ReadAction","target":["https:\/\/www.mundoacuicola.cl\/new\/gerente-general-de-camanchaca-y-fraccionamiento-pesquero-exigir-una-indemnizacion-es-lo-justo\/"]}]},{"@type":"ImageObject","inLanguage":"es","@id":"https:\/\/www.mundoacuicola.cl\/new\/gerente-general-de-camanchaca-y-fraccionamiento-pesquero-exigir-una-indemnizacion-es-lo-justo\/#primaryimage","url":"https:\/\/www.mundoacuicola.cl\/new\/wp-content\/uploads\/2025\/06\/RicardoGarciaHoltz2.jpg","contentUrl":"https:\/\/www.mundoacuicola.cl\/new\/wp-content\/uploads\/2025\/06\/RicardoGarciaHoltz2.jpg","width":750,"height":400},{"@type":"BreadcrumbList","@id":"https:\/\/www.mundoacuicola.cl\/new\/gerente-general-de-camanchaca-y-fraccionamiento-pesquero-exigir-una-indemnizacion-es-lo-justo\/#breadcrumb","itemListElement":[{"@type":"ListItem","position":1,"name":"Portada","item":"https:\/\/www.mundoacuicola.cl\/new\/"},{"@type":"ListItem","position":2,"name":"Gerente General de Camanchaca y fraccionamiento pesquero: &#8220;Exigir una indemnizaci\u00f3n es lo justo&#8221;"}]},{"@type":"WebSite","@id":"https:\/\/www.mundoacuicola.cl\/new\/#website","url":"https:\/\/www.mundoacuicola.cl\/new\/","name":"Mundoacuicola","description":"Revista de Acuicultura.","publisher":{"@id":"https:\/\/www.mundoacuicola.cl\/new\/#organization"},"potentialAction":[{"@type":"SearchAction","target":{"@type":"EntryPoint","urlTemplate":"https:\/\/www.mundoacuicola.cl\/new\/?s={search_term_string}"},"query-input":{"@type":"PropertyValueSpecification","valueRequired":true,"valueName":"search_term_string"}}],"inLanguage":"es"},{"@type":"Organization","@id":"https:\/\/www.mundoacuicola.cl\/new\/#organization","name":"Mundoacuicola","url":"https:\/\/www.mundoacuicola.cl\/new\/","logo":{"@type":"ImageObject","inLanguage":"es","@id":"https:\/\/www.mundoacuicola.cl\/new\/#\/schema\/logo\/image\/","url":"https:\/\/www.mundoacuicola.cl\/new\/wp-content\/uploads\/2026\/01\/cropped-LOGO-Mundo-Acuicola-2026.png","contentUrl":"https:\/\/www.mundoacuicola.cl\/new\/wp-content\/uploads\/2026\/01\/cropped-LOGO-Mundo-Acuicola-2026.png","width":1252,"height":296,"caption":"Mundoacuicola"},"image":{"@id":"https:\/\/www.mundoacuicola.cl\/new\/#\/schema\/logo\/image\/"},"sameAs":["https:\/\/www.facebook.com\/mundo.acuicola\/","https:\/\/x.com\/mundoacuicola","https:\/\/www.linkedin.com\/in\/mundo-acuicola"]},{"@type":"Person","@id":"https:\/\/www.mundoacuicola.cl\/new\/#\/schema\/person\/52cfe7e461eb2d30484965350ee34bdd","name":"Ricardo Alvarez","url":"https:\/\/www.mundoacuicola.cl\/new\/author\/ricardo\/"}]}},"_links":{"self":[{"href":"https:\/\/www.mundoacuicola.cl\/new\/wp-json\/wp\/v2\/posts\/76881","targetHints":{"allow":["GET"]}}],"collection":[{"href":"https:\/\/www.mundoacuicola.cl\/new\/wp-json\/wp\/v2\/posts"}],"about":[{"href":"https:\/\/www.mundoacuicola.cl\/new\/wp-json\/wp\/v2\/types\/post"}],"author":[{"embeddable":true,"href":"https:\/\/www.mundoacuicola.cl\/new\/wp-json\/wp\/v2\/users\/8"}],"replies":[{"embeddable":true,"href":"https:\/\/www.mundoacuicola.cl\/new\/wp-json\/wp\/v2\/comments?post=76881"}],"version-history":[{"count":0,"href":"https:\/\/www.mundoacuicola.cl\/new\/wp-json\/wp\/v2\/posts\/76881\/revisions"}],"wp:featuredmedia":[{"embeddable":true,"href":"https:\/\/www.mundoacuicola.cl\/new\/wp-json\/wp\/v2\/media\/76882"}],"wp:attachment":[{"href":"https:\/\/www.mundoacuicola.cl\/new\/wp-json\/wp\/v2\/media?parent=76881"}],"wp:term":[{"taxonomy":"category","embeddable":true,"href":"https:\/\/www.mundoacuicola.cl\/new\/wp-json\/wp\/v2\/categories?post=76881"},{"taxonomy":"post_tag","embeddable":true,"href":"https:\/\/www.mundoacuicola.cl\/new\/wp-json\/wp\/v2\/tags?post=76881"}],"curies":[{"name":"wp","href":"https:\/\/api.w.org\/{rel}","templated":true}]}}