{"id":76971,"date":"2025-06-23T11:37:14","date_gmt":"2025-06-23T15:37:14","guid":{"rendered":"https:\/\/www.mundoacuicola.cl\/new\/?p=76971"},"modified":"2025-06-24T16:57:53","modified_gmt":"2025-06-24T20:57:53","slug":"chile-alista-querellas-contra-crimen-organizado-en-la-industria-del-salmon","status":"publish","type":"post","link":"https:\/\/www.mundoacuicola.cl\/new\/chile-alista-querellas-contra-crimen-organizado-en-la-industria-del-salmon\/","title":{"rendered":"SII alista querellas contra crimen organizado en la industria del salm\u00f3n"},"content":{"rendered":"<p data-start=\"463\" data-end=\"820\">En el marco de su cuenta p\u00fablica 2024, el director del Servicio de Impuestos Internos (SII), Javier Etcheberry, anunci\u00f3 que la entidad presentar\u00e1 \u201cdentro de un mes\u201d las primeras querellas vinculadas al crimen organizado en la industria del salm\u00f3n, luego de los avances realizados por la Oficina contra el Crimen Organizado, creada en octubre del a\u00f1o pasado.<\/p>\n<p data-start=\"822\" data-end=\"1233\">La unidad fue establecida con el objetivo de identificar y fiscalizar sectores econ\u00f3micos o tipos de contribuyentes en riesgo de ser utilizados por redes delictuales, articulando un trabajo coordinado con otras instituciones p\u00fablicas. Desde su puesta en marcha, los principales focos de esta oficina han sido el robo de autom\u00f3viles, el comercio informal y los delitos asociados a la cadena log\u00edstica del salm\u00f3n.<\/p>\n<p data-start=\"1235\" data-end=\"1824\">Seg\u00fan revel\u00f3 <strong>La Tercera<\/strong>, Etcheberry inform\u00f3 que ya se presentaron denuncias ante el Ministerio P\u00fablico tras detectar la venta de m\u00e1s de 80 toneladas de salm\u00f3n sin respaldo documental de compra. Asimismo, se inici\u00f3 una querella por la comercializaci\u00f3n clandestina de m\u00e1s de 2 toneladas de salm\u00f3n robado. Seg\u00fan detall\u00f3 el director del SII, los imputados se encuentran actualmente en prisi\u00f3n preventiva y bajo investigaci\u00f3n del Ministerio P\u00fablico. Adem\u00e1s, indic\u00f3 que los antecedentes aportados por el SII permitieron la detenci\u00f3n de una banda dedicada a la venta ilegal de salm\u00f3n y productos del mar.<\/p>\n<p data-start=\"1826\" data-end=\"2124\">Los an\u00e1lisis patrimoniales realizados por el SII a agrupaciones delictivas vinculadas al robo de camiones con salm\u00f3n \u2014casos que hab\u00edan sido previamente detectados por la Polic\u00eda de Investigaciones\u2014 permitieron evidenciar lavado de activos, lo que contribuy\u00f3 a que los responsables fueran detenidos.<\/p>\n<p data-start=\"2126\" data-end=\"2499\">Etcheberry subray\u00f3 la magnitud de lo identificado: \u201cLos montos involucran entre un 5% y 10% del volumen del crimen organizado del salm\u00f3n. Son cifras importantes y es una se\u00f1al tambi\u00e9n para el resto. Lo mismo estamos haciendo con los abasteceros del comercio formal y de veh\u00edculos robados\u201d.<\/p>\n<h3 data-start=\"2501\" data-end=\"3001\">Entorno delictual<\/h3>\n<p data-start=\"2501\" data-end=\"3001\">El director tambi\u00e9n abord\u00f3 el trabajo realizado en torno a las redes de empresas fachadas utilizadas para encubrir el robo de veh\u00edculos, sus partes y piezas. En ese \u00e1mbito, se destac\u00f3 la fiscalizaci\u00f3n a diez desarmadur\u00edas y talleres clandestinos mediante un operativo conjunto con Carabineros y otras entidades p\u00fablicas, que permiti\u00f3 la recuperaci\u00f3n de veh\u00edculos y partes robadas. En paralelo, se detuvo a personas vinculadas a estos delitos y se aplicaron las sanciones tributarias correspondientes.<\/p>\n<p data-start=\"3003\" data-end=\"3381\">A ello se suma el resultado de una coordinaci\u00f3n entre el SII, la PDI y el Ministerio P\u00fablico que permiti\u00f3 incautar veh\u00edculos clonados y detectar operaciones de compra y venta no declaradas. Estas transacciones implicaron subdeclaraciones de ingresos por m\u00e1s de $2.000 millones. Seg\u00fan indic\u00f3 el servicio, tambi\u00e9n en estos casos se est\u00e1n preparando las querellas correspondientes.<\/p>\n<p data-start=\"3383\" data-end=\"3759\">En cuanto al combate al comercio informal, el SII fiscaliz\u00f3 en terreno \u2014junto a la Municipalidad de Santiago y Carabineros\u2014 a comerciantes del Barrio Meiggs. Producto de ese operativo se aplicaron infracciones y clausuras, y la informaci\u00f3n recabada permiti\u00f3 iniciar auditor\u00edas por subdeclaraci\u00f3n de ingresos, las que estiman un perjuicio fiscal superior a los $9.000 millones.<\/p>\n<p data-start=\"3383\" data-end=\"3759\">Fuente: La Tercera<\/p>\n","protected":false},"excerpt":{"rendered":"<p>El director del SII, Javier Etcheberry, anunci\u00f3 que en un mes se presentar\u00e1n querellas vinculadas al crimen organizado en la cadena del salm\u00f3n, tras detectar ventas ilegales por m\u00e1s de 80 toneladas y lavado de activos. <\/p>\n","protected":false},"author":10,"featured_media":76973,"comment_status":"closed","ping_status":"closed","sticky":false,"template":"","format":"standard","meta":{"footnotes":""},"categories":[60],"tags":[20931,26842,4022,2907,184,2273,6027,137,197,1545],"class_list":["post-76971","post","type-post","status-publish","format-standard","has-post-thumbnail","hentry","category-salmonicultura","tag-crimen-organizado","tag-crimen-organizado-en-la-industria-del-salmon","tag-industria-del-salmon","tag-industria-salmonera","tag-salmon","tag-salmon-chileno","tag-salmonera","tag-salmones","tag-salmonicultura","tag-servicio-de-impuestos-internos"],"yoast_head":"<!-- This site is optimized with the Yoast SEO plugin v27.5 - https:\/\/yoast.com\/product\/yoast-seo-wordpress\/ -->\n<title>SII alista querellas contra crimen organizado en la industria del salm\u00f3n - Mundoacuicola<\/title>\n<meta name=\"description\" content=\"El SII alista querellas por crimen organizado en la industria del salm\u00f3n, detectando ventas ilegales, lavado de activos y bandas vinculadas.\" \/>\n<meta name=\"robots\" content=\"index, follow, max-snippet:-1, max-image-preview:large, max-video-preview:-1\" \/>\n<link rel=\"canonical\" href=\"https:\/\/www.mundoacuicola.cl\/new\/chile-alista-querellas-contra-crimen-organizado-en-la-industria-del-salmon\/\" \/>\n<meta property=\"og:locale\" content=\"es_ES\" \/>\n<meta property=\"og:type\" content=\"article\" \/>\n<meta property=\"og:title\" content=\"SII alista querellas contra crimen organizado en la industria del salm\u00f3n - Mundoacuicola\" \/>\n<meta property=\"og:description\" content=\"El SII alista querellas por crimen organizado en la industria del salm\u00f3n, detectando ventas ilegales, lavado de activos y bandas vinculadas.\" \/>\n<meta property=\"og:url\" content=\"https:\/\/www.mundoacuicola.cl\/new\/chile-alista-querellas-contra-crimen-organizado-en-la-industria-del-salmon\/\" \/>\n<meta property=\"og:site_name\" content=\"Mundoacuicola\" \/>\n<meta property=\"article:publisher\" content=\"https:\/\/www.facebook.com\/mundo.acuicola\/\" \/>\n<meta property=\"article:published_time\" content=\"2025-06-23T15:37:14+00:00\" \/>\n<meta property=\"article:modified_time\" content=\"2025-06-24T20:57:53+00:00\" \/>\n<meta property=\"og:image\" content=\"https:\/\/www.mundoacuicola.cl\/new\/wp-content\/uploads\/2025\/06\/javier.jpg\" \/>\n\t<meta property=\"og:image:width\" content=\"750\" \/>\n\t<meta property=\"og:image:height\" content=\"400\" \/>\n\t<meta property=\"og:image:type\" content=\"image\/jpeg\" \/>\n<meta name=\"author\" content=\"mbarrueto\" \/>\n<meta name=\"twitter:card\" content=\"summary_large_image\" \/>\n<meta name=\"twitter:creator\" content=\"@mundoacuicola\" \/>\n<meta name=\"twitter:site\" content=\"@mundoacuicola\" \/>\n<meta name=\"twitter:label1\" content=\"Escrito por\" \/>\n\t<meta name=\"twitter:data1\" content=\"mbarrueto\" \/>\n\t<meta name=\"twitter:label2\" content=\"Tiempo de lectura\" \/>\n\t<meta name=\"twitter:data2\" content=\"3 minutos\" \/>\n<script type=\"application\/ld+json\" class=\"yoast-schema-graph\">{\"@context\":\"https:\\\/\\\/schema.org\",\"@graph\":[{\"@type\":\"Article\",\"@id\":\"https:\\\/\\\/www.mundoacuicola.cl\\\/new\\\/chile-alista-querellas-contra-crimen-organizado-en-la-industria-del-salmon\\\/#article\",\"isPartOf\":{\"@id\":\"https:\\\/\\\/www.mundoacuicola.cl\\\/new\\\/chile-alista-querellas-contra-crimen-organizado-en-la-industria-del-salmon\\\/\"},\"author\":{\"name\":\"mbarrueto\",\"@id\":\"https:\\\/\\\/www.mundoacuicola.cl\\\/new\\\/#\\\/schema\\\/person\\\/c00ffe389abb88bd9254653add139315\"},\"headline\":\"SII alista querellas contra crimen organizado en la industria del salm\u00f3n\",\"datePublished\":\"2025-06-23T15:37:14+00:00\",\"dateModified\":\"2025-06-24T20:57:53+00:00\",\"mainEntityOfPage\":{\"@id\":\"https:\\\/\\\/www.mundoacuicola.cl\\\/new\\\/chile-alista-querellas-contra-crimen-organizado-en-la-industria-del-salmon\\\/\"},\"wordCount\":548,\"publisher\":{\"@id\":\"https:\\\/\\\/www.mundoacuicola.cl\\\/new\\\/#organization\"},\"image\":{\"@id\":\"https:\\\/\\\/www.mundoacuicola.cl\\\/new\\\/chile-alista-querellas-contra-crimen-organizado-en-la-industria-del-salmon\\\/#primaryimage\"},\"thumbnailUrl\":\"https:\\\/\\\/www.mundoacuicola.cl\\\/new\\\/wp-content\\\/uploads\\\/2025\\\/06\\\/javier.jpg\",\"keywords\":[\"crimen organizado\",\"crimen organizado en la industria del salm\u00f3n\",\"industria del salm\u00f3n\",\"Industria salmonera\",\"Salm\u00f3n\",\"Salm\u00f3n chileno\",\"salmonera\",\"salmones\",\"salmonicultura\",\"Servicio de Impuestos Internos\"],\"articleSection\":[\"Salmonicultura\"],\"inLanguage\":\"es\"},{\"@type\":\"WebPage\",\"@id\":\"https:\\\/\\\/www.mundoacuicola.cl\\\/new\\\/chile-alista-querellas-contra-crimen-organizado-en-la-industria-del-salmon\\\/\",\"url\":\"https:\\\/\\\/www.mundoacuicola.cl\\\/new\\\/chile-alista-querellas-contra-crimen-organizado-en-la-industria-del-salmon\\\/\",\"name\":\"SII alista querellas contra crimen organizado en la industria del salm\u00f3n - Mundoacuicola\",\"isPartOf\":{\"@id\":\"https:\\\/\\\/www.mundoacuicola.cl\\\/new\\\/#website\"},\"primaryImageOfPage\":{\"@id\":\"https:\\\/\\\/www.mundoacuicola.cl\\\/new\\\/chile-alista-querellas-contra-crimen-organizado-en-la-industria-del-salmon\\\/#primaryimage\"},\"image\":{\"@id\":\"https:\\\/\\\/www.mundoacuicola.cl\\\/new\\\/chile-alista-querellas-contra-crimen-organizado-en-la-industria-del-salmon\\\/#primaryimage\"},\"thumbnailUrl\":\"https:\\\/\\\/www.mundoacuicola.cl\\\/new\\\/wp-content\\\/uploads\\\/2025\\\/06\\\/javier.jpg\",\"datePublished\":\"2025-06-23T15:37:14+00:00\",\"dateModified\":\"2025-06-24T20:57:53+00:00\",\"description\":\"El SII alista querellas por crimen organizado en la industria del salm\u00f3n, detectando ventas ilegales, lavado de activos y bandas vinculadas.\",\"breadcrumb\":{\"@id\":\"https:\\\/\\\/www.mundoacuicola.cl\\\/new\\\/chile-alista-querellas-contra-crimen-organizado-en-la-industria-del-salmon\\\/#breadcrumb\"},\"inLanguage\":\"es\",\"potentialAction\":[{\"@type\":\"ReadAction\",\"target\":[\"https:\\\/\\\/www.mundoacuicola.cl\\\/new\\\/chile-alista-querellas-contra-crimen-organizado-en-la-industria-del-salmon\\\/\"]}]},{\"@type\":\"ImageObject\",\"inLanguage\":\"es\",\"@id\":\"https:\\\/\\\/www.mundoacuicola.cl\\\/new\\\/chile-alista-querellas-contra-crimen-organizado-en-la-industria-del-salmon\\\/#primaryimage\",\"url\":\"https:\\\/\\\/www.mundoacuicola.cl\\\/new\\\/wp-content\\\/uploads\\\/2025\\\/06\\\/javier.jpg\",\"contentUrl\":\"https:\\\/\\\/www.mundoacuicola.cl\\\/new\\\/wp-content\\\/uploads\\\/2025\\\/06\\\/javier.jpg\",\"width\":750,\"height\":400},{\"@type\":\"BreadcrumbList\",\"@id\":\"https:\\\/\\\/www.mundoacuicola.cl\\\/new\\\/chile-alista-querellas-contra-crimen-organizado-en-la-industria-del-salmon\\\/#breadcrumb\",\"itemListElement\":[{\"@type\":\"ListItem\",\"position\":1,\"name\":\"Portada\",\"item\":\"https:\\\/\\\/www.mundoacuicola.cl\\\/new\\\/\"},{\"@type\":\"ListItem\",\"position\":2,\"name\":\"SII alista querellas contra crimen organizado en la industria del salm\u00f3n\"}]},{\"@type\":\"WebSite\",\"@id\":\"https:\\\/\\\/www.mundoacuicola.cl\\\/new\\\/#website\",\"url\":\"https:\\\/\\\/www.mundoacuicola.cl\\\/new\\\/\",\"name\":\"Mundoacuicola\",\"description\":\"Revista de Acuicultura.\",\"publisher\":{\"@id\":\"https:\\\/\\\/www.mundoacuicola.cl\\\/new\\\/#organization\"},\"potentialAction\":[{\"@type\":\"SearchAction\",\"target\":{\"@type\":\"EntryPoint\",\"urlTemplate\":\"https:\\\/\\\/www.mundoacuicola.cl\\\/new\\\/?s={search_term_string}\"},\"query-input\":{\"@type\":\"PropertyValueSpecification\",\"valueRequired\":true,\"valueName\":\"search_term_string\"}}],\"inLanguage\":\"es\"},{\"@type\":\"Organization\",\"@id\":\"https:\\\/\\\/www.mundoacuicola.cl\\\/new\\\/#organization\",\"name\":\"Mundoacuicola\",\"url\":\"https:\\\/\\\/www.mundoacuicola.cl\\\/new\\\/\",\"logo\":{\"@type\":\"ImageObject\",\"inLanguage\":\"es\",\"@id\":\"https:\\\/\\\/www.mundoacuicola.cl\\\/new\\\/#\\\/schema\\\/logo\\\/image\\\/\",\"url\":\"https:\\\/\\\/www.mundoacuicola.cl\\\/new\\\/wp-content\\\/uploads\\\/2026\\\/01\\\/cropped-LOGO-Mundo-Acuicola-2026.png\",\"contentUrl\":\"https:\\\/\\\/www.mundoacuicola.cl\\\/new\\\/wp-content\\\/uploads\\\/2026\\\/01\\\/cropped-LOGO-Mundo-Acuicola-2026.png\",\"width\":1252,\"height\":296,\"caption\":\"Mundoacuicola\"},\"image\":{\"@id\":\"https:\\\/\\\/www.mundoacuicola.cl\\\/new\\\/#\\\/schema\\\/logo\\\/image\\\/\"},\"sameAs\":[\"https:\\\/\\\/www.facebook.com\\\/mundo.acuicola\\\/\",\"https:\\\/\\\/x.com\\\/mundoacuicola\",\"https:\\\/\\\/www.linkedin.com\\\/in\\\/mundo-acuicola\"]},{\"@type\":\"Person\",\"@id\":\"https:\\\/\\\/www.mundoacuicola.cl\\\/new\\\/#\\\/schema\\\/person\\\/c00ffe389abb88bd9254653add139315\",\"name\":\"mbarrueto\",\"url\":\"https:\\\/\\\/www.mundoacuicola.cl\\\/new\\\/author\\\/mbarrueto\\\/\"}]}<\/script>\n<!-- \/ Yoast SEO plugin. -->","yoast_head_json":{"title":"SII alista querellas contra crimen organizado en la industria del salm\u00f3n - Mundoacuicola","description":"El SII alista querellas por crimen organizado en la industria del salm\u00f3n, detectando ventas ilegales, lavado de activos y bandas vinculadas.","robots":{"index":"index","follow":"follow","max-snippet":"max-snippet:-1","max-image-preview":"max-image-preview:large","max-video-preview":"max-video-preview:-1"},"canonical":"https:\/\/www.mundoacuicola.cl\/new\/chile-alista-querellas-contra-crimen-organizado-en-la-industria-del-salmon\/","og_locale":"es_ES","og_type":"article","og_title":"SII alista querellas contra crimen organizado en la industria del salm\u00f3n - Mundoacuicola","og_description":"El SII alista querellas por crimen organizado en la industria del salm\u00f3n, detectando ventas ilegales, lavado de activos y bandas vinculadas.","og_url":"https:\/\/www.mundoacuicola.cl\/new\/chile-alista-querellas-contra-crimen-organizado-en-la-industria-del-salmon\/","og_site_name":"Mundoacuicola","article_publisher":"https:\/\/www.facebook.com\/mundo.acuicola\/","article_published_time":"2025-06-23T15:37:14+00:00","article_modified_time":"2025-06-24T20:57:53+00:00","og_image":[{"width":750,"height":400,"url":"https:\/\/www.mundoacuicola.cl\/new\/wp-content\/uploads\/2025\/06\/javier.jpg","type":"image\/jpeg"}],"author":"mbarrueto","twitter_card":"summary_large_image","twitter_creator":"@mundoacuicola","twitter_site":"@mundoacuicola","twitter_misc":{"Escrito por":"mbarrueto","Tiempo de lectura":"3 minutos"},"schema":{"@context":"https:\/\/schema.org","@graph":[{"@type":"Article","@id":"https:\/\/www.mundoacuicola.cl\/new\/chile-alista-querellas-contra-crimen-organizado-en-la-industria-del-salmon\/#article","isPartOf":{"@id":"https:\/\/www.mundoacuicola.cl\/new\/chile-alista-querellas-contra-crimen-organizado-en-la-industria-del-salmon\/"},"author":{"name":"mbarrueto","@id":"https:\/\/www.mundoacuicola.cl\/new\/#\/schema\/person\/c00ffe389abb88bd9254653add139315"},"headline":"SII alista querellas contra crimen organizado en la industria del salm\u00f3n","datePublished":"2025-06-23T15:37:14+00:00","dateModified":"2025-06-24T20:57:53+00:00","mainEntityOfPage":{"@id":"https:\/\/www.mundoacuicola.cl\/new\/chile-alista-querellas-contra-crimen-organizado-en-la-industria-del-salmon\/"},"wordCount":548,"publisher":{"@id":"https:\/\/www.mundoacuicola.cl\/new\/#organization"},"image":{"@id":"https:\/\/www.mundoacuicola.cl\/new\/chile-alista-querellas-contra-crimen-organizado-en-la-industria-del-salmon\/#primaryimage"},"thumbnailUrl":"https:\/\/www.mundoacuicola.cl\/new\/wp-content\/uploads\/2025\/06\/javier.jpg","keywords":["crimen organizado","crimen organizado en la industria del salm\u00f3n","industria del salm\u00f3n","Industria salmonera","Salm\u00f3n","Salm\u00f3n chileno","salmonera","salmones","salmonicultura","Servicio de Impuestos Internos"],"articleSection":["Salmonicultura"],"inLanguage":"es"},{"@type":"WebPage","@id":"https:\/\/www.mundoacuicola.cl\/new\/chile-alista-querellas-contra-crimen-organizado-en-la-industria-del-salmon\/","url":"https:\/\/www.mundoacuicola.cl\/new\/chile-alista-querellas-contra-crimen-organizado-en-la-industria-del-salmon\/","name":"SII alista querellas contra crimen organizado en la industria del salm\u00f3n - Mundoacuicola","isPartOf":{"@id":"https:\/\/www.mundoacuicola.cl\/new\/#website"},"primaryImageOfPage":{"@id":"https:\/\/www.mundoacuicola.cl\/new\/chile-alista-querellas-contra-crimen-organizado-en-la-industria-del-salmon\/#primaryimage"},"image":{"@id":"https:\/\/www.mundoacuicola.cl\/new\/chile-alista-querellas-contra-crimen-organizado-en-la-industria-del-salmon\/#primaryimage"},"thumbnailUrl":"https:\/\/www.mundoacuicola.cl\/new\/wp-content\/uploads\/2025\/06\/javier.jpg","datePublished":"2025-06-23T15:37:14+00:00","dateModified":"2025-06-24T20:57:53+00:00","description":"El SII alista querellas por crimen organizado en la industria del salm\u00f3n, detectando ventas ilegales, lavado de activos y bandas vinculadas.","breadcrumb":{"@id":"https:\/\/www.mundoacuicola.cl\/new\/chile-alista-querellas-contra-crimen-organizado-en-la-industria-del-salmon\/#breadcrumb"},"inLanguage":"es","potentialAction":[{"@type":"ReadAction","target":["https:\/\/www.mundoacuicola.cl\/new\/chile-alista-querellas-contra-crimen-organizado-en-la-industria-del-salmon\/"]}]},{"@type":"ImageObject","inLanguage":"es","@id":"https:\/\/www.mundoacuicola.cl\/new\/chile-alista-querellas-contra-crimen-organizado-en-la-industria-del-salmon\/#primaryimage","url":"https:\/\/www.mundoacuicola.cl\/new\/wp-content\/uploads\/2025\/06\/javier.jpg","contentUrl":"https:\/\/www.mundoacuicola.cl\/new\/wp-content\/uploads\/2025\/06\/javier.jpg","width":750,"height":400},{"@type":"BreadcrumbList","@id":"https:\/\/www.mundoacuicola.cl\/new\/chile-alista-querellas-contra-crimen-organizado-en-la-industria-del-salmon\/#breadcrumb","itemListElement":[{"@type":"ListItem","position":1,"name":"Portada","item":"https:\/\/www.mundoacuicola.cl\/new\/"},{"@type":"ListItem","position":2,"name":"SII alista querellas contra crimen organizado en la industria del salm\u00f3n"}]},{"@type":"WebSite","@id":"https:\/\/www.mundoacuicola.cl\/new\/#website","url":"https:\/\/www.mundoacuicola.cl\/new\/","name":"Mundoacuicola","description":"Revista de Acuicultura.","publisher":{"@id":"https:\/\/www.mundoacuicola.cl\/new\/#organization"},"potentialAction":[{"@type":"SearchAction","target":{"@type":"EntryPoint","urlTemplate":"https:\/\/www.mundoacuicola.cl\/new\/?s={search_term_string}"},"query-input":{"@type":"PropertyValueSpecification","valueRequired":true,"valueName":"search_term_string"}}],"inLanguage":"es"},{"@type":"Organization","@id":"https:\/\/www.mundoacuicola.cl\/new\/#organization","name":"Mundoacuicola","url":"https:\/\/www.mundoacuicola.cl\/new\/","logo":{"@type":"ImageObject","inLanguage":"es","@id":"https:\/\/www.mundoacuicola.cl\/new\/#\/schema\/logo\/image\/","url":"https:\/\/www.mundoacuicola.cl\/new\/wp-content\/uploads\/2026\/01\/cropped-LOGO-Mundo-Acuicola-2026.png","contentUrl":"https:\/\/www.mundoacuicola.cl\/new\/wp-content\/uploads\/2026\/01\/cropped-LOGO-Mundo-Acuicola-2026.png","width":1252,"height":296,"caption":"Mundoacuicola"},"image":{"@id":"https:\/\/www.mundoacuicola.cl\/new\/#\/schema\/logo\/image\/"},"sameAs":["https:\/\/www.facebook.com\/mundo.acuicola\/","https:\/\/x.com\/mundoacuicola","https:\/\/www.linkedin.com\/in\/mundo-acuicola"]},{"@type":"Person","@id":"https:\/\/www.mundoacuicola.cl\/new\/#\/schema\/person\/c00ffe389abb88bd9254653add139315","name":"mbarrueto","url":"https:\/\/www.mundoacuicola.cl\/new\/author\/mbarrueto\/"}]}},"_links":{"self":[{"href":"https:\/\/www.mundoacuicola.cl\/new\/wp-json\/wp\/v2\/posts\/76971","targetHints":{"allow":["GET"]}}],"collection":[{"href":"https:\/\/www.mundoacuicola.cl\/new\/wp-json\/wp\/v2\/posts"}],"about":[{"href":"https:\/\/www.mundoacuicola.cl\/new\/wp-json\/wp\/v2\/types\/post"}],"author":[{"embeddable":true,"href":"https:\/\/www.mundoacuicola.cl\/new\/wp-json\/wp\/v2\/users\/10"}],"replies":[{"embeddable":true,"href":"https:\/\/www.mundoacuicola.cl\/new\/wp-json\/wp\/v2\/comments?post=76971"}],"version-history":[{"count":0,"href":"https:\/\/www.mundoacuicola.cl\/new\/wp-json\/wp\/v2\/posts\/76971\/revisions"}],"wp:featuredmedia":[{"embeddable":true,"href":"https:\/\/www.mundoacuicola.cl\/new\/wp-json\/wp\/v2\/media\/76973"}],"wp:attachment":[{"href":"https:\/\/www.mundoacuicola.cl\/new\/wp-json\/wp\/v2\/media?parent=76971"}],"wp:term":[{"taxonomy":"category","embeddable":true,"href":"https:\/\/www.mundoacuicola.cl\/new\/wp-json\/wp\/v2\/categories?post=76971"},{"taxonomy":"post_tag","embeddable":true,"href":"https:\/\/www.mundoacuicola.cl\/new\/wp-json\/wp\/v2\/tags?post=76971"}],"curies":[{"name":"wp","href":"https:\/\/api.w.org\/{rel}","templated":true}]}}