{"id":78184,"date":"2025-08-04T17:03:35","date_gmt":"2025-08-04T21:03:35","guid":{"rendered":"https:\/\/www.mundoacuicola.cl\/new\/?p=78184"},"modified":"2025-08-05T15:20:04","modified_gmt":"2025-08-05T19:20:04","slug":"denuncian-bloqueo-de-playa-en-rio-san-pedro-por-faenas-de-salmones-antartica","status":"publish","type":"post","link":"https:\/\/www.mundoacuicola.cl\/new\/denuncian-bloqueo-de-playa-en-rio-san-pedro-por-faenas-de-salmones-antartica\/","title":{"rendered":"Denuncian bloqueo de playa en r\u00edo San Pedro por faenas de Salmones Ant\u00e1rtica"},"content":{"rendered":"<p>Faenas de la empresa Salmones Ant\u00e1rtica S.A, que est\u00e1n desde enero de 2025, han limitado el acceso al sector conocido como Los Pozones.<\/p>\n<p>En el marco de las gestiones impulsadas por la Concejala de Los Lagos, Alejandra Mart\u00ednez, se realiz\u00f3 una segunda visita a terreno por parte de representantes del Ministerio de Bienes Nacionales y de la Delegaci\u00f3n Presidencial de Los R\u00edos, con el objetivo de revisar en detalle las denuncias por restricciones de acceso a playas del r\u00edo San Pedro, espec\u00edficamente en el sector del Puente Los Ciruelos, tanto en la ribera norte como sur.<\/p>\n<p>La visita cont\u00f3 con la participaci\u00f3n de vecinos de la comunidad Saturnino Leal y del movimiento R\u00edo San Pedro Sin Salmoneras, quienes han respaldado las acciones de la concejala desde el inicio de este proceso, en febrero de este a\u00f1o.<\/p>\n<p>Durante el recorrido, se abord\u00f3 particularmente la situaci\u00f3n en la ribera sur, donde la empresa Salmones Ant\u00e1rtica S.A. mantiene obras desde enero de 2025. Seg\u00fan explic\u00f3 la concejala Mart\u00ednez, dichas faenas han limitado el acceso al sector conocido como Los Pozones, lo que motiv\u00f3 la denuncia formal por impedir el libre tr\u00e1nsito a una playa de uso p\u00fablico.<\/p>\n<p>\u201cMe parece positivo que la empresa Salmones Ant\u00e1rtica haya propuesto un acceso y la cesi\u00f3n de un espacio para un parque. Sin embargo, sigo sosteniendo que la instalaci\u00f3n de su industria salmonera es perjudicial para la comuna, por el impacto medioambiental y porque el r\u00edo San Pedro abastece de agua a nuestras familias. Mi compromiso es recuperar los espacios p\u00fablicos y garantizar el libre acceso a playas, porque las playas no son de unos pocos, son de todas y todos\u201d, expres\u00f3 la concejala Mart\u00ednez.<\/p>\n<h3>\u201cRecuperar espacios p\u00fablicos\u201d<\/h3>\n<p>Asimismo, la autoridad comunal hizo \u00e9nfasis en la necesidad de garantizar el acceso a todas las playas, tanto en esta ribera como en la norte, donde tambi\u00e9n se ha detectado una situaci\u00f3n similar vinculada a un proyecto inmobiliario.<\/p>\n<p>\u201cEste trabajo por recuperar espacios p\u00fablicos y garantizar el acceso libre a r\u00edos y lagos es parte del compromiso que he asumido con vecinos y vecinas. En nuestra comuna, muchos sectores que hist\u00f3ricamente fueron de libre tr\u00e1nsito, hoy se ven restringidos por intereses privados, lo cual contradice la visi\u00f3n de un desarrollo tur\u00edstico sustentable que queremos promover\u201d, agreg\u00f3.<\/p>\n<p>La Concejala reiter\u00f3 su agradecimiento por el respaldo ciudadano que ha recibido en este proceso, en particular de comunidades mapuche y organizaciones sociales locales, y sostuvo que seguir\u00e1 impulsando gestiones para que se respeten los derechos de acceso a bienes nacionales de uso p\u00fablico.<\/p>\n<p>Finalmente, ser\u00e1n los organismos competentes quienes deber\u00e1n evaluar la propuesta presentada por la empresa Salmones Ant\u00e1rtica, con el objetivo de establecer una soluci\u00f3n definitiva en concordancia con la normativa vigente.<\/p>\n","protected":false},"excerpt":{"rendered":"<p>Autoridades inspeccionaron playa Los Pozones tras denuncias por restricciones de acceso generadas por obras de Salmones Ant\u00e1rtica en la ribera del r\u00edo San Pedro.<\/p>\n","protected":false},"author":10,"featured_media":78186,"comment_status":"closed","ping_status":"closed","sticky":false,"template":"","format":"standard","meta":{"footnotes":""},"categories":[60],"tags":[1261,143,122,2907,25838,184,2273,6027,137,5096,197],"class_list":["post-78184","post","type-post","status-publish","format-standard","has-post-thumbnail","hentry","category-salmonicultura","tag-acuicola","tag-acuicultura","tag-industria-acuicola","tag-industria-salmonera","tag-rio-san-pedro","tag-salmon","tag-salmon-chileno","tag-salmonera","tag-salmones","tag-salmones-antartica","tag-salmonicultura"],"yoast_head":"<!-- This site is optimized with the Yoast SEO plugin v27.5 - https:\/\/yoast.com\/product\/yoast-seo-wordpress\/ -->\n<title>Denuncian bloqueo de playa en r\u00edo San Pedro por faenas de Salmones Ant\u00e1rtica - Mundoacuicola<\/title>\n<meta name=\"description\" content=\"Autoridades revisan denuncia por restricci\u00f3n de acceso a playa en sector r\u00edo San Pedro afectado por obras de Salmones Ant\u00e1rtica desde enero.\" \/>\n<meta name=\"robots\" content=\"index, follow, max-snippet:-1, max-image-preview:large, max-video-preview:-1\" \/>\n<link rel=\"canonical\" href=\"https:\/\/www.mundoacuicola.cl\/new\/denuncian-bloqueo-de-playa-en-rio-san-pedro-por-faenas-de-salmones-antartica\/\" \/>\n<meta property=\"og:locale\" content=\"es_ES\" \/>\n<meta property=\"og:type\" content=\"article\" \/>\n<meta property=\"og:title\" content=\"Denuncian bloqueo de playa en r\u00edo San Pedro por faenas de Salmones Ant\u00e1rtica - Mundoacuicola\" \/>\n<meta property=\"og:description\" content=\"Autoridades revisan denuncia por restricci\u00f3n de acceso a playa en sector r\u00edo San Pedro afectado por obras de Salmones Ant\u00e1rtica desde enero.\" \/>\n<meta property=\"og:url\" content=\"https:\/\/www.mundoacuicola.cl\/new\/denuncian-bloqueo-de-playa-en-rio-san-pedro-por-faenas-de-salmones-antartica\/\" \/>\n<meta property=\"og:site_name\" content=\"Mundoacuicola\" \/>\n<meta property=\"article:publisher\" content=\"https:\/\/www.facebook.com\/mundo.acuicola\/\" \/>\n<meta property=\"article:published_time\" content=\"2025-08-04T21:03:35+00:00\" \/>\n<meta property=\"article:modified_time\" content=\"2025-08-05T19:20:04+00:00\" \/>\n<meta property=\"og:image\" content=\"https:\/\/www.mundoacuicola.cl\/new\/wp-content\/uploads\/2025\/08\/SalmonesAntartica.jpg\" \/>\n\t<meta property=\"og:image:width\" content=\"750\" \/>\n\t<meta property=\"og:image:height\" content=\"400\" \/>\n\t<meta property=\"og:image:type\" content=\"image\/jpeg\" \/>\n<meta name=\"author\" content=\"mbarrueto\" \/>\n<meta name=\"twitter:card\" content=\"summary_large_image\" \/>\n<meta name=\"twitter:creator\" content=\"@mundoacuicola\" \/>\n<meta name=\"twitter:site\" content=\"@mundoacuicola\" \/>\n<meta name=\"twitter:label1\" content=\"Escrito por\" \/>\n\t<meta name=\"twitter:data1\" content=\"mbarrueto\" \/>\n\t<meta name=\"twitter:label2\" content=\"Tiempo de lectura\" \/>\n\t<meta name=\"twitter:data2\" content=\"3 minutos\" \/>\n<script type=\"application\/ld+json\" class=\"yoast-schema-graph\">{\"@context\":\"https:\\\/\\\/schema.org\",\"@graph\":[{\"@type\":\"Article\",\"@id\":\"https:\\\/\\\/www.mundoacuicola.cl\\\/new\\\/denuncian-bloqueo-de-playa-en-rio-san-pedro-por-faenas-de-salmones-antartica\\\/#article\",\"isPartOf\":{\"@id\":\"https:\\\/\\\/www.mundoacuicola.cl\\\/new\\\/denuncian-bloqueo-de-playa-en-rio-san-pedro-por-faenas-de-salmones-antartica\\\/\"},\"author\":{\"name\":\"mbarrueto\",\"@id\":\"https:\\\/\\\/www.mundoacuicola.cl\\\/new\\\/#\\\/schema\\\/person\\\/c00ffe389abb88bd9254653add139315\"},\"headline\":\"Denuncian bloqueo de playa en r\u00edo San Pedro por faenas de Salmones Ant\u00e1rtica\",\"datePublished\":\"2025-08-04T21:03:35+00:00\",\"dateModified\":\"2025-08-05T19:20:04+00:00\",\"mainEntityOfPage\":{\"@id\":\"https:\\\/\\\/www.mundoacuicola.cl\\\/new\\\/denuncian-bloqueo-de-playa-en-rio-san-pedro-por-faenas-de-salmones-antartica\\\/\"},\"wordCount\":502,\"publisher\":{\"@id\":\"https:\\\/\\\/www.mundoacuicola.cl\\\/new\\\/#organization\"},\"image\":{\"@id\":\"https:\\\/\\\/www.mundoacuicola.cl\\\/new\\\/denuncian-bloqueo-de-playa-en-rio-san-pedro-por-faenas-de-salmones-antartica\\\/#primaryimage\"},\"thumbnailUrl\":\"https:\\\/\\\/www.mundoacuicola.cl\\\/new\\\/wp-content\\\/uploads\\\/2025\\\/08\\\/SalmonesAntartica.jpg\",\"keywords\":[\"Acu\u00edcola\",\"Acuicultura\",\"Industria Acu\u00edcola\",\"Industria salmonera\",\"r\u00edo San Pedro\",\"Salm\u00f3n\",\"Salm\u00f3n chileno\",\"salmonera\",\"salmones\",\"Salmones Ant\u00e1rtica\",\"salmonicultura\"],\"articleSection\":[\"Salmonicultura\"],\"inLanguage\":\"es\"},{\"@type\":\"WebPage\",\"@id\":\"https:\\\/\\\/www.mundoacuicola.cl\\\/new\\\/denuncian-bloqueo-de-playa-en-rio-san-pedro-por-faenas-de-salmones-antartica\\\/\",\"url\":\"https:\\\/\\\/www.mundoacuicola.cl\\\/new\\\/denuncian-bloqueo-de-playa-en-rio-san-pedro-por-faenas-de-salmones-antartica\\\/\",\"name\":\"Denuncian bloqueo de playa en r\u00edo San Pedro por faenas de Salmones Ant\u00e1rtica - Mundoacuicola\",\"isPartOf\":{\"@id\":\"https:\\\/\\\/www.mundoacuicola.cl\\\/new\\\/#website\"},\"primaryImageOfPage\":{\"@id\":\"https:\\\/\\\/www.mundoacuicola.cl\\\/new\\\/denuncian-bloqueo-de-playa-en-rio-san-pedro-por-faenas-de-salmones-antartica\\\/#primaryimage\"},\"image\":{\"@id\":\"https:\\\/\\\/www.mundoacuicola.cl\\\/new\\\/denuncian-bloqueo-de-playa-en-rio-san-pedro-por-faenas-de-salmones-antartica\\\/#primaryimage\"},\"thumbnailUrl\":\"https:\\\/\\\/www.mundoacuicola.cl\\\/new\\\/wp-content\\\/uploads\\\/2025\\\/08\\\/SalmonesAntartica.jpg\",\"datePublished\":\"2025-08-04T21:03:35+00:00\",\"dateModified\":\"2025-08-05T19:20:04+00:00\",\"description\":\"Autoridades revisan denuncia por restricci\u00f3n de acceso a playa en sector r\u00edo San Pedro afectado por obras de Salmones Ant\u00e1rtica desde enero.\",\"breadcrumb\":{\"@id\":\"https:\\\/\\\/www.mundoacuicola.cl\\\/new\\\/denuncian-bloqueo-de-playa-en-rio-san-pedro-por-faenas-de-salmones-antartica\\\/#breadcrumb\"},\"inLanguage\":\"es\",\"potentialAction\":[{\"@type\":\"ReadAction\",\"target\":[\"https:\\\/\\\/www.mundoacuicola.cl\\\/new\\\/denuncian-bloqueo-de-playa-en-rio-san-pedro-por-faenas-de-salmones-antartica\\\/\"]}]},{\"@type\":\"ImageObject\",\"inLanguage\":\"es\",\"@id\":\"https:\\\/\\\/www.mundoacuicola.cl\\\/new\\\/denuncian-bloqueo-de-playa-en-rio-san-pedro-por-faenas-de-salmones-antartica\\\/#primaryimage\",\"url\":\"https:\\\/\\\/www.mundoacuicola.cl\\\/new\\\/wp-content\\\/uploads\\\/2025\\\/08\\\/SalmonesAntartica.jpg\",\"contentUrl\":\"https:\\\/\\\/www.mundoacuicola.cl\\\/new\\\/wp-content\\\/uploads\\\/2025\\\/08\\\/SalmonesAntartica.jpg\",\"width\":750,\"height\":400},{\"@type\":\"BreadcrumbList\",\"@id\":\"https:\\\/\\\/www.mundoacuicola.cl\\\/new\\\/denuncian-bloqueo-de-playa-en-rio-san-pedro-por-faenas-de-salmones-antartica\\\/#breadcrumb\",\"itemListElement\":[{\"@type\":\"ListItem\",\"position\":1,\"name\":\"Portada\",\"item\":\"https:\\\/\\\/www.mundoacuicola.cl\\\/new\\\/\"},{\"@type\":\"ListItem\",\"position\":2,\"name\":\"Denuncian bloqueo de playa en r\u00edo San Pedro por faenas de Salmones Ant\u00e1rtica\"}]},{\"@type\":\"WebSite\",\"@id\":\"https:\\\/\\\/www.mundoacuicola.cl\\\/new\\\/#website\",\"url\":\"https:\\\/\\\/www.mundoacuicola.cl\\\/new\\\/\",\"name\":\"Mundoacuicola\",\"description\":\"Revista de Acuicultura.\",\"publisher\":{\"@id\":\"https:\\\/\\\/www.mundoacuicola.cl\\\/new\\\/#organization\"},\"potentialAction\":[{\"@type\":\"SearchAction\",\"target\":{\"@type\":\"EntryPoint\",\"urlTemplate\":\"https:\\\/\\\/www.mundoacuicola.cl\\\/new\\\/?s={search_term_string}\"},\"query-input\":{\"@type\":\"PropertyValueSpecification\",\"valueRequired\":true,\"valueName\":\"search_term_string\"}}],\"inLanguage\":\"es\"},{\"@type\":\"Organization\",\"@id\":\"https:\\\/\\\/www.mundoacuicola.cl\\\/new\\\/#organization\",\"name\":\"Mundoacuicola\",\"url\":\"https:\\\/\\\/www.mundoacuicola.cl\\\/new\\\/\",\"logo\":{\"@type\":\"ImageObject\",\"inLanguage\":\"es\",\"@id\":\"https:\\\/\\\/www.mundoacuicola.cl\\\/new\\\/#\\\/schema\\\/logo\\\/image\\\/\",\"url\":\"https:\\\/\\\/www.mundoacuicola.cl\\\/new\\\/wp-content\\\/uploads\\\/2026\\\/01\\\/cropped-LOGO-Mundo-Acuicola-2026.png\",\"contentUrl\":\"https:\\\/\\\/www.mundoacuicola.cl\\\/new\\\/wp-content\\\/uploads\\\/2026\\\/01\\\/cropped-LOGO-Mundo-Acuicola-2026.png\",\"width\":1252,\"height\":296,\"caption\":\"Mundoacuicola\"},\"image\":{\"@id\":\"https:\\\/\\\/www.mundoacuicola.cl\\\/new\\\/#\\\/schema\\\/logo\\\/image\\\/\"},\"sameAs\":[\"https:\\\/\\\/www.facebook.com\\\/mundo.acuicola\\\/\",\"https:\\\/\\\/x.com\\\/mundoacuicola\",\"https:\\\/\\\/www.linkedin.com\\\/in\\\/mundo-acuicola\"]},{\"@type\":\"Person\",\"@id\":\"https:\\\/\\\/www.mundoacuicola.cl\\\/new\\\/#\\\/schema\\\/person\\\/c00ffe389abb88bd9254653add139315\",\"name\":\"mbarrueto\",\"url\":\"https:\\\/\\\/www.mundoacuicola.cl\\\/new\\\/author\\\/mbarrueto\\\/\"}]}<\/script>\n<!-- \/ Yoast SEO plugin. -->","yoast_head_json":{"title":"Denuncian bloqueo de playa en r\u00edo San Pedro por faenas de Salmones Ant\u00e1rtica - Mundoacuicola","description":"Autoridades revisan denuncia por restricci\u00f3n de acceso a playa en sector r\u00edo San Pedro afectado por obras de Salmones Ant\u00e1rtica desde enero.","robots":{"index":"index","follow":"follow","max-snippet":"max-snippet:-1","max-image-preview":"max-image-preview:large","max-video-preview":"max-video-preview:-1"},"canonical":"https:\/\/www.mundoacuicola.cl\/new\/denuncian-bloqueo-de-playa-en-rio-san-pedro-por-faenas-de-salmones-antartica\/","og_locale":"es_ES","og_type":"article","og_title":"Denuncian bloqueo de playa en r\u00edo San Pedro por faenas de Salmones Ant\u00e1rtica - Mundoacuicola","og_description":"Autoridades revisan denuncia por restricci\u00f3n de acceso a playa en sector r\u00edo San Pedro afectado por obras de Salmones Ant\u00e1rtica desde enero.","og_url":"https:\/\/www.mundoacuicola.cl\/new\/denuncian-bloqueo-de-playa-en-rio-san-pedro-por-faenas-de-salmones-antartica\/","og_site_name":"Mundoacuicola","article_publisher":"https:\/\/www.facebook.com\/mundo.acuicola\/","article_published_time":"2025-08-04T21:03:35+00:00","article_modified_time":"2025-08-05T19:20:04+00:00","og_image":[{"width":750,"height":400,"url":"https:\/\/www.mundoacuicola.cl\/new\/wp-content\/uploads\/2025\/08\/SalmonesAntartica.jpg","type":"image\/jpeg"}],"author":"mbarrueto","twitter_card":"summary_large_image","twitter_creator":"@mundoacuicola","twitter_site":"@mundoacuicola","twitter_misc":{"Escrito por":"mbarrueto","Tiempo de lectura":"3 minutos"},"schema":{"@context":"https:\/\/schema.org","@graph":[{"@type":"Article","@id":"https:\/\/www.mundoacuicola.cl\/new\/denuncian-bloqueo-de-playa-en-rio-san-pedro-por-faenas-de-salmones-antartica\/#article","isPartOf":{"@id":"https:\/\/www.mundoacuicola.cl\/new\/denuncian-bloqueo-de-playa-en-rio-san-pedro-por-faenas-de-salmones-antartica\/"},"author":{"name":"mbarrueto","@id":"https:\/\/www.mundoacuicola.cl\/new\/#\/schema\/person\/c00ffe389abb88bd9254653add139315"},"headline":"Denuncian bloqueo de playa en r\u00edo San Pedro por faenas de Salmones Ant\u00e1rtica","datePublished":"2025-08-04T21:03:35+00:00","dateModified":"2025-08-05T19:20:04+00:00","mainEntityOfPage":{"@id":"https:\/\/www.mundoacuicola.cl\/new\/denuncian-bloqueo-de-playa-en-rio-san-pedro-por-faenas-de-salmones-antartica\/"},"wordCount":502,"publisher":{"@id":"https:\/\/www.mundoacuicola.cl\/new\/#organization"},"image":{"@id":"https:\/\/www.mundoacuicola.cl\/new\/denuncian-bloqueo-de-playa-en-rio-san-pedro-por-faenas-de-salmones-antartica\/#primaryimage"},"thumbnailUrl":"https:\/\/www.mundoacuicola.cl\/new\/wp-content\/uploads\/2025\/08\/SalmonesAntartica.jpg","keywords":["Acu\u00edcola","Acuicultura","Industria Acu\u00edcola","Industria salmonera","r\u00edo San Pedro","Salm\u00f3n","Salm\u00f3n chileno","salmonera","salmones","Salmones Ant\u00e1rtica","salmonicultura"],"articleSection":["Salmonicultura"],"inLanguage":"es"},{"@type":"WebPage","@id":"https:\/\/www.mundoacuicola.cl\/new\/denuncian-bloqueo-de-playa-en-rio-san-pedro-por-faenas-de-salmones-antartica\/","url":"https:\/\/www.mundoacuicola.cl\/new\/denuncian-bloqueo-de-playa-en-rio-san-pedro-por-faenas-de-salmones-antartica\/","name":"Denuncian bloqueo de playa en r\u00edo San Pedro por faenas de Salmones Ant\u00e1rtica - Mundoacuicola","isPartOf":{"@id":"https:\/\/www.mundoacuicola.cl\/new\/#website"},"primaryImageOfPage":{"@id":"https:\/\/www.mundoacuicola.cl\/new\/denuncian-bloqueo-de-playa-en-rio-san-pedro-por-faenas-de-salmones-antartica\/#primaryimage"},"image":{"@id":"https:\/\/www.mundoacuicola.cl\/new\/denuncian-bloqueo-de-playa-en-rio-san-pedro-por-faenas-de-salmones-antartica\/#primaryimage"},"thumbnailUrl":"https:\/\/www.mundoacuicola.cl\/new\/wp-content\/uploads\/2025\/08\/SalmonesAntartica.jpg","datePublished":"2025-08-04T21:03:35+00:00","dateModified":"2025-08-05T19:20:04+00:00","description":"Autoridades revisan denuncia por restricci\u00f3n de acceso a playa en sector r\u00edo San Pedro afectado por obras de Salmones Ant\u00e1rtica desde enero.","breadcrumb":{"@id":"https:\/\/www.mundoacuicola.cl\/new\/denuncian-bloqueo-de-playa-en-rio-san-pedro-por-faenas-de-salmones-antartica\/#breadcrumb"},"inLanguage":"es","potentialAction":[{"@type":"ReadAction","target":["https:\/\/www.mundoacuicola.cl\/new\/denuncian-bloqueo-de-playa-en-rio-san-pedro-por-faenas-de-salmones-antartica\/"]}]},{"@type":"ImageObject","inLanguage":"es","@id":"https:\/\/www.mundoacuicola.cl\/new\/denuncian-bloqueo-de-playa-en-rio-san-pedro-por-faenas-de-salmones-antartica\/#primaryimage","url":"https:\/\/www.mundoacuicola.cl\/new\/wp-content\/uploads\/2025\/08\/SalmonesAntartica.jpg","contentUrl":"https:\/\/www.mundoacuicola.cl\/new\/wp-content\/uploads\/2025\/08\/SalmonesAntartica.jpg","width":750,"height":400},{"@type":"BreadcrumbList","@id":"https:\/\/www.mundoacuicola.cl\/new\/denuncian-bloqueo-de-playa-en-rio-san-pedro-por-faenas-de-salmones-antartica\/#breadcrumb","itemListElement":[{"@type":"ListItem","position":1,"name":"Portada","item":"https:\/\/www.mundoacuicola.cl\/new\/"},{"@type":"ListItem","position":2,"name":"Denuncian bloqueo de playa en r\u00edo San Pedro por faenas de Salmones Ant\u00e1rtica"}]},{"@type":"WebSite","@id":"https:\/\/www.mundoacuicola.cl\/new\/#website","url":"https:\/\/www.mundoacuicola.cl\/new\/","name":"Mundoacuicola","description":"Revista de Acuicultura.","publisher":{"@id":"https:\/\/www.mundoacuicola.cl\/new\/#organization"},"potentialAction":[{"@type":"SearchAction","target":{"@type":"EntryPoint","urlTemplate":"https:\/\/www.mundoacuicola.cl\/new\/?s={search_term_string}"},"query-input":{"@type":"PropertyValueSpecification","valueRequired":true,"valueName":"search_term_string"}}],"inLanguage":"es"},{"@type":"Organization","@id":"https:\/\/www.mundoacuicola.cl\/new\/#organization","name":"Mundoacuicola","url":"https:\/\/www.mundoacuicola.cl\/new\/","logo":{"@type":"ImageObject","inLanguage":"es","@id":"https:\/\/www.mundoacuicola.cl\/new\/#\/schema\/logo\/image\/","url":"https:\/\/www.mundoacuicola.cl\/new\/wp-content\/uploads\/2026\/01\/cropped-LOGO-Mundo-Acuicola-2026.png","contentUrl":"https:\/\/www.mundoacuicola.cl\/new\/wp-content\/uploads\/2026\/01\/cropped-LOGO-Mundo-Acuicola-2026.png","width":1252,"height":296,"caption":"Mundoacuicola"},"image":{"@id":"https:\/\/www.mundoacuicola.cl\/new\/#\/schema\/logo\/image\/"},"sameAs":["https:\/\/www.facebook.com\/mundo.acuicola\/","https:\/\/x.com\/mundoacuicola","https:\/\/www.linkedin.com\/in\/mundo-acuicola"]},{"@type":"Person","@id":"https:\/\/www.mundoacuicola.cl\/new\/#\/schema\/person\/c00ffe389abb88bd9254653add139315","name":"mbarrueto","url":"https:\/\/www.mundoacuicola.cl\/new\/author\/mbarrueto\/"}]}},"_links":{"self":[{"href":"https:\/\/www.mundoacuicola.cl\/new\/wp-json\/wp\/v2\/posts\/78184","targetHints":{"allow":["GET"]}}],"collection":[{"href":"https:\/\/www.mundoacuicola.cl\/new\/wp-json\/wp\/v2\/posts"}],"about":[{"href":"https:\/\/www.mundoacuicola.cl\/new\/wp-json\/wp\/v2\/types\/post"}],"author":[{"embeddable":true,"href":"https:\/\/www.mundoacuicola.cl\/new\/wp-json\/wp\/v2\/users\/10"}],"replies":[{"embeddable":true,"href":"https:\/\/www.mundoacuicola.cl\/new\/wp-json\/wp\/v2\/comments?post=78184"}],"version-history":[{"count":0,"href":"https:\/\/www.mundoacuicola.cl\/new\/wp-json\/wp\/v2\/posts\/78184\/revisions"}],"wp:featuredmedia":[{"embeddable":true,"href":"https:\/\/www.mundoacuicola.cl\/new\/wp-json\/wp\/v2\/media\/78186"}],"wp:attachment":[{"href":"https:\/\/www.mundoacuicola.cl\/new\/wp-json\/wp\/v2\/media?parent=78184"}],"wp:term":[{"taxonomy":"category","embeddable":true,"href":"https:\/\/www.mundoacuicola.cl\/new\/wp-json\/wp\/v2\/categories?post=78184"},{"taxonomy":"post_tag","embeddable":true,"href":"https:\/\/www.mundoacuicola.cl\/new\/wp-json\/wp\/v2\/tags?post=78184"}],"curies":[{"name":"wp","href":"https:\/\/api.w.org\/{rel}","templated":true}]}}