{"id":78188,"date":"2025-08-04T17:22:25","date_gmt":"2025-08-04T21:22:25","guid":{"rendered":"https:\/\/www.mundoacuicola.cl\/new\/?p=78188"},"modified":"2025-08-06T09:30:57","modified_gmt":"2025-08-06T13:30:57","slug":"grupo-acuicultura-del-comite-oceanografico-nacional-traza-agenda-2025","status":"publish","type":"post","link":"https:\/\/www.mundoacuicola.cl\/new\/grupo-acuicultura-del-comite-oceanografico-nacional-traza-agenda-2025\/","title":{"rendered":"Grupo Acuicultura del Comit\u00e9 Oceanogr\u00e1fico Nacional traza agenda 2025"},"content":{"rendered":"<p data-start=\"426\" data-end=\"844\">En las dependencias del Servicio Hidrogr\u00e1fico y Oceanogr\u00e1fico de la Armada (SHOA), en Valpara\u00edso, se llev\u00f3 a cabo el 31 de julio la reuni\u00f3n del Grupo de Trabajo \u201cAcuicultura\u201d del Comit\u00e9 Oceanogr\u00e1fico Nacional (GT ACU CONA). Durante la sesi\u00f3n, se definieron las l\u00edneas de acci\u00f3n para el segundo semestre de 2025, priorizando temas estrat\u00e9gicos para el desarrollo de una acuicultura m\u00e1s inclusiva, moderna y sustentable.<\/p>\n<p data-start=\"846\" data-end=\"1281\">Uno de los ejes ser\u00e1 la organizaci\u00f3n del simposio \u201cAvances en el desarrollo de la acuicultura de peque\u00f1a y mediana escala: desaf\u00edos t\u00e9cnicos, jur\u00eddicos y comerciales en Latinoam\u00e9rica\u201d, que se desarrollar\u00e1 entre el 6 y el 9 de octubre en Puerto Varas, en el marco de LACQUA 2025. Este encuentro buscar\u00e1 generar un espacio de discusi\u00f3n regional sobre las oportunidades y obst\u00e1culos para el fortalecimiento de escalas productivas menores.<\/p>\n<p data-start=\"1283\" data-end=\"1664\">En segundo lugar, el GT respald\u00f3 la conmemoraci\u00f3n del D\u00eda de la Acuicultura, programada para el viernes 28 de noviembre. Las actividades contar\u00e1n con el patrocinio de instituciones como SUBPESCA, SERNAPESCA, IFOP, SHOA y el propio CONA. Adem\u00e1s, se impulsar\u00e1n gestiones parlamentarias para que el 30 de noviembre sea oficialmente establecido como el \u201cD\u00eda de la Acuicultura\u201d por ley.<\/p>\n<p data-start=\"1666\" data-end=\"1907\">Como tercer punto, se acord\u00f3 revisar el documento \u201cS\u00edntesis proceso participativo Ley de Acuicultura\u201d, publicado por SUBPESCA en julio, con el fin de enviar comentarios t\u00e9cnicos que contribuyan a la modernizaci\u00f3n de las pol\u00edticas del sector.<\/p>\n<h3 data-start=\"1666\" data-end=\"1907\">Sobre el Grupo de Trabajo \u201cAcuicultura\u201d del Comit\u00e9 Oceanogr\u00e1fico Nacional<\/h3>\n<p data-start=\"1909\" data-end=\"2280\">El GT ACU del CONA tiene como misi\u00f3n identificar brechas y fomentar la diversificaci\u00f3n de la acuicultura nacional con un enfoque ecosist\u00e9mico, considerando distintas escalas, tecnolog\u00edas, especies y territorios. Tambi\u00e9n busca difundir conocimiento t\u00e9cnico y cient\u00edfico, as\u00ed como promover la formaci\u00f3n de nuevos profesionales j\u00f3venes en esta \u00e1rea estrat\u00e9gica para el pa\u00eds.<\/p>\n<p data-start=\"2282\" data-end=\"2788\">Entre los participantes de la reuni\u00f3n destacaron representantes de organismos p\u00fablicos, centros de investigaci\u00f3n y universidades de distintas regiones del pa\u00eds, incluyendo a Marcelo Campos Larra\u00edn (presidente del GT), Doris Oliva Ekelund (relatora), Constanza Silva Hern\u00e1ndez (SUBPESCA), Osvaldo Sandoval (SERNAPESCA), Francisco C\u00e1rcamo (IFOP), y acad\u00e9micos de las universidades Cat\u00f3lica de Temuco, Andr\u00e9s Bello, de Antofagasta, San Sebasti\u00e1n, de Valpara\u00edso y Pontificia Universidad Cat\u00f3lica de Valpara\u00edso.<\/p>\n","protected":false},"excerpt":{"rendered":"<p>El Grupo de Trabajo de Acuicultura del CONA abord\u00f3 tres acciones clave para 2025, incluyendo un simposio en LACQUA 2025, la creaci\u00f3n del D\u00eda de la Acuicultura y aportes t\u00e9cnicos a SUBPESCA.<\/p>\n","protected":false},"author":10,"featured_media":78189,"comment_status":"closed","ping_status":"closed","sticky":false,"template":"","format":"standard","meta":{"footnotes":""},"categories":[66],"tags":[1261,143,23667,3196,27115,27116,132,16153,125,2532,307],"class_list":["post-78188","post","type-post","status-publish","format-standard","has-post-thumbnail","hentry","category-acuicultura","tag-acuicola","tag-acuicultura","tag-comite-oceanografico-nacional","tag-cona","tag-grupo-acuicultura","tag-gt-acu-cona","tag-ifop","tag-ley-de-acuicultura","tag-sernapesca","tag-shoa","tag-subpesca"],"yoast_head":"<!-- This site is optimized with the Yoast SEO plugin v27.5 - https:\/\/yoast.com\/product\/yoast-seo-wordpress\/ -->\n<title>Grupo Acuicultura del Comit\u00e9 Oceanogr\u00e1fico Nacional traza agenda 2025 - Mundoacuicola<\/title>\n<meta name=\"description\" content=\"El Grupo de Trabajo de Acuicultura del CONA acord\u00f3 acciones clave para 2025, incluyendo un simposio internacional y propuestas t\u00e9cnicas.\" \/>\n<meta name=\"robots\" content=\"index, follow, max-snippet:-1, max-image-preview:large, max-video-preview:-1\" \/>\n<link rel=\"canonical\" href=\"https:\/\/www.mundoacuicola.cl\/new\/grupo-acuicultura-del-comite-oceanografico-nacional-traza-agenda-2025\/\" \/>\n<meta property=\"og:locale\" content=\"es_ES\" \/>\n<meta property=\"og:type\" content=\"article\" \/>\n<meta property=\"og:title\" content=\"Grupo Acuicultura del Comit\u00e9 Oceanogr\u00e1fico Nacional traza agenda 2025 - Mundoacuicola\" \/>\n<meta property=\"og:description\" content=\"El Grupo de Trabajo de Acuicultura del CONA acord\u00f3 acciones clave para 2025, incluyendo un simposio internacional y propuestas t\u00e9cnicas.\" \/>\n<meta property=\"og:url\" content=\"https:\/\/www.mundoacuicola.cl\/new\/grupo-acuicultura-del-comite-oceanografico-nacional-traza-agenda-2025\/\" \/>\n<meta property=\"og:site_name\" content=\"Mundoacuicola\" \/>\n<meta property=\"article:publisher\" content=\"https:\/\/www.facebook.com\/mundo.acuicola\/\" \/>\n<meta property=\"article:published_time\" content=\"2025-08-04T21:22:25+00:00\" \/>\n<meta property=\"article:modified_time\" content=\"2025-08-06T13:30:57+00:00\" \/>\n<meta property=\"og:image\" content=\"https:\/\/www.mundoacuicola.cl\/new\/wp-content\/uploads\/2025\/08\/GTACU.jpg\" \/>\n\t<meta property=\"og:image:width\" content=\"750\" \/>\n\t<meta property=\"og:image:height\" content=\"400\" \/>\n\t<meta property=\"og:image:type\" content=\"image\/jpeg\" \/>\n<meta name=\"author\" content=\"mbarrueto\" \/>\n<meta name=\"twitter:card\" content=\"summary_large_image\" \/>\n<meta name=\"twitter:creator\" content=\"@mundoacuicola\" \/>\n<meta name=\"twitter:site\" content=\"@mundoacuicola\" \/>\n<meta name=\"twitter:label1\" content=\"Escrito por\" \/>\n\t<meta name=\"twitter:data1\" content=\"mbarrueto\" \/>\n\t<meta name=\"twitter:label2\" content=\"Tiempo de lectura\" \/>\n\t<meta name=\"twitter:data2\" content=\"2 minutos\" \/>\n<script type=\"application\/ld+json\" class=\"yoast-schema-graph\">{\"@context\":\"https:\\\/\\\/schema.org\",\"@graph\":[{\"@type\":\"Article\",\"@id\":\"https:\\\/\\\/www.mundoacuicola.cl\\\/new\\\/grupo-acuicultura-del-comite-oceanografico-nacional-traza-agenda-2025\\\/#article\",\"isPartOf\":{\"@id\":\"https:\\\/\\\/www.mundoacuicola.cl\\\/new\\\/grupo-acuicultura-del-comite-oceanografico-nacional-traza-agenda-2025\\\/\"},\"author\":{\"name\":\"mbarrueto\",\"@id\":\"https:\\\/\\\/www.mundoacuicola.cl\\\/new\\\/#\\\/schema\\\/person\\\/c00ffe389abb88bd9254653add139315\"},\"headline\":\"Grupo Acuicultura del Comit\u00e9 Oceanogr\u00e1fico Nacional traza agenda 2025\",\"datePublished\":\"2025-08-04T21:22:25+00:00\",\"dateModified\":\"2025-08-06T13:30:57+00:00\",\"mainEntityOfPage\":{\"@id\":\"https:\\\/\\\/www.mundoacuicola.cl\\\/new\\\/grupo-acuicultura-del-comite-oceanografico-nacional-traza-agenda-2025\\\/\"},\"wordCount\":412,\"publisher\":{\"@id\":\"https:\\\/\\\/www.mundoacuicola.cl\\\/new\\\/#organization\"},\"image\":{\"@id\":\"https:\\\/\\\/www.mundoacuicola.cl\\\/new\\\/grupo-acuicultura-del-comite-oceanografico-nacional-traza-agenda-2025\\\/#primaryimage\"},\"thumbnailUrl\":\"https:\\\/\\\/www.mundoacuicola.cl\\\/new\\\/wp-content\\\/uploads\\\/2025\\\/08\\\/GTACU.jpg\",\"keywords\":[\"Acu\u00edcola\",\"Acuicultura\",\"Comit\u00e9 Oceanogr\u00e1fico Nacional\",\"CONA\",\"Grupo Acuicultura\",\"GT ACU CONA\",\"IFOP\",\"Ley de acuicultura\",\"Sernapesca\",\"SHOA\",\"subpesca\"],\"articleSection\":[\"Acuicultura\"],\"inLanguage\":\"es\"},{\"@type\":\"WebPage\",\"@id\":\"https:\\\/\\\/www.mundoacuicola.cl\\\/new\\\/grupo-acuicultura-del-comite-oceanografico-nacional-traza-agenda-2025\\\/\",\"url\":\"https:\\\/\\\/www.mundoacuicola.cl\\\/new\\\/grupo-acuicultura-del-comite-oceanografico-nacional-traza-agenda-2025\\\/\",\"name\":\"Grupo Acuicultura del Comit\u00e9 Oceanogr\u00e1fico Nacional traza agenda 2025 - Mundoacuicola\",\"isPartOf\":{\"@id\":\"https:\\\/\\\/www.mundoacuicola.cl\\\/new\\\/#website\"},\"primaryImageOfPage\":{\"@id\":\"https:\\\/\\\/www.mundoacuicola.cl\\\/new\\\/grupo-acuicultura-del-comite-oceanografico-nacional-traza-agenda-2025\\\/#primaryimage\"},\"image\":{\"@id\":\"https:\\\/\\\/www.mundoacuicola.cl\\\/new\\\/grupo-acuicultura-del-comite-oceanografico-nacional-traza-agenda-2025\\\/#primaryimage\"},\"thumbnailUrl\":\"https:\\\/\\\/www.mundoacuicola.cl\\\/new\\\/wp-content\\\/uploads\\\/2025\\\/08\\\/GTACU.jpg\",\"datePublished\":\"2025-08-04T21:22:25+00:00\",\"dateModified\":\"2025-08-06T13:30:57+00:00\",\"description\":\"El Grupo de Trabajo de Acuicultura del CONA acord\u00f3 acciones clave para 2025, incluyendo un simposio internacional y propuestas t\u00e9cnicas.\",\"breadcrumb\":{\"@id\":\"https:\\\/\\\/www.mundoacuicola.cl\\\/new\\\/grupo-acuicultura-del-comite-oceanografico-nacional-traza-agenda-2025\\\/#breadcrumb\"},\"inLanguage\":\"es\",\"potentialAction\":[{\"@type\":\"ReadAction\",\"target\":[\"https:\\\/\\\/www.mundoacuicola.cl\\\/new\\\/grupo-acuicultura-del-comite-oceanografico-nacional-traza-agenda-2025\\\/\"]}]},{\"@type\":\"ImageObject\",\"inLanguage\":\"es\",\"@id\":\"https:\\\/\\\/www.mundoacuicola.cl\\\/new\\\/grupo-acuicultura-del-comite-oceanografico-nacional-traza-agenda-2025\\\/#primaryimage\",\"url\":\"https:\\\/\\\/www.mundoacuicola.cl\\\/new\\\/wp-content\\\/uploads\\\/2025\\\/08\\\/GTACU.jpg\",\"contentUrl\":\"https:\\\/\\\/www.mundoacuicola.cl\\\/new\\\/wp-content\\\/uploads\\\/2025\\\/08\\\/GTACU.jpg\",\"width\":750,\"height\":400},{\"@type\":\"BreadcrumbList\",\"@id\":\"https:\\\/\\\/www.mundoacuicola.cl\\\/new\\\/grupo-acuicultura-del-comite-oceanografico-nacional-traza-agenda-2025\\\/#breadcrumb\",\"itemListElement\":[{\"@type\":\"ListItem\",\"position\":1,\"name\":\"Portada\",\"item\":\"https:\\\/\\\/www.mundoacuicola.cl\\\/new\\\/\"},{\"@type\":\"ListItem\",\"position\":2,\"name\":\"Grupo Acuicultura del Comit\u00e9 Oceanogr\u00e1fico Nacional traza agenda 2025\"}]},{\"@type\":\"WebSite\",\"@id\":\"https:\\\/\\\/www.mundoacuicola.cl\\\/new\\\/#website\",\"url\":\"https:\\\/\\\/www.mundoacuicola.cl\\\/new\\\/\",\"name\":\"Mundoacuicola\",\"description\":\"Revista de Acuicultura.\",\"publisher\":{\"@id\":\"https:\\\/\\\/www.mundoacuicola.cl\\\/new\\\/#organization\"},\"potentialAction\":[{\"@type\":\"SearchAction\",\"target\":{\"@type\":\"EntryPoint\",\"urlTemplate\":\"https:\\\/\\\/www.mundoacuicola.cl\\\/new\\\/?s={search_term_string}\"},\"query-input\":{\"@type\":\"PropertyValueSpecification\",\"valueRequired\":true,\"valueName\":\"search_term_string\"}}],\"inLanguage\":\"es\"},{\"@type\":\"Organization\",\"@id\":\"https:\\\/\\\/www.mundoacuicola.cl\\\/new\\\/#organization\",\"name\":\"Mundoacuicola\",\"url\":\"https:\\\/\\\/www.mundoacuicola.cl\\\/new\\\/\",\"logo\":{\"@type\":\"ImageObject\",\"inLanguage\":\"es\",\"@id\":\"https:\\\/\\\/www.mundoacuicola.cl\\\/new\\\/#\\\/schema\\\/logo\\\/image\\\/\",\"url\":\"https:\\\/\\\/www.mundoacuicola.cl\\\/new\\\/wp-content\\\/uploads\\\/2026\\\/01\\\/cropped-LOGO-Mundo-Acuicola-2026.png\",\"contentUrl\":\"https:\\\/\\\/www.mundoacuicola.cl\\\/new\\\/wp-content\\\/uploads\\\/2026\\\/01\\\/cropped-LOGO-Mundo-Acuicola-2026.png\",\"width\":1252,\"height\":296,\"caption\":\"Mundoacuicola\"},\"image\":{\"@id\":\"https:\\\/\\\/www.mundoacuicola.cl\\\/new\\\/#\\\/schema\\\/logo\\\/image\\\/\"},\"sameAs\":[\"https:\\\/\\\/www.facebook.com\\\/mundo.acuicola\\\/\",\"https:\\\/\\\/x.com\\\/mundoacuicola\",\"https:\\\/\\\/www.linkedin.com\\\/in\\\/mundo-acuicola\"]},{\"@type\":\"Person\",\"@id\":\"https:\\\/\\\/www.mundoacuicola.cl\\\/new\\\/#\\\/schema\\\/person\\\/c00ffe389abb88bd9254653add139315\",\"name\":\"mbarrueto\",\"url\":\"https:\\\/\\\/www.mundoacuicola.cl\\\/new\\\/author\\\/mbarrueto\\\/\"}]}<\/script>\n<!-- \/ Yoast SEO plugin. -->","yoast_head_json":{"title":"Grupo Acuicultura del Comit\u00e9 Oceanogr\u00e1fico Nacional traza agenda 2025 - Mundoacuicola","description":"El Grupo de Trabajo de Acuicultura del CONA acord\u00f3 acciones clave para 2025, incluyendo un simposio internacional y propuestas t\u00e9cnicas.","robots":{"index":"index","follow":"follow","max-snippet":"max-snippet:-1","max-image-preview":"max-image-preview:large","max-video-preview":"max-video-preview:-1"},"canonical":"https:\/\/www.mundoacuicola.cl\/new\/grupo-acuicultura-del-comite-oceanografico-nacional-traza-agenda-2025\/","og_locale":"es_ES","og_type":"article","og_title":"Grupo Acuicultura del Comit\u00e9 Oceanogr\u00e1fico Nacional traza agenda 2025 - Mundoacuicola","og_description":"El Grupo de Trabajo de Acuicultura del CONA acord\u00f3 acciones clave para 2025, incluyendo un simposio internacional y propuestas t\u00e9cnicas.","og_url":"https:\/\/www.mundoacuicola.cl\/new\/grupo-acuicultura-del-comite-oceanografico-nacional-traza-agenda-2025\/","og_site_name":"Mundoacuicola","article_publisher":"https:\/\/www.facebook.com\/mundo.acuicola\/","article_published_time":"2025-08-04T21:22:25+00:00","article_modified_time":"2025-08-06T13:30:57+00:00","og_image":[{"width":750,"height":400,"url":"https:\/\/www.mundoacuicola.cl\/new\/wp-content\/uploads\/2025\/08\/GTACU.jpg","type":"image\/jpeg"}],"author":"mbarrueto","twitter_card":"summary_large_image","twitter_creator":"@mundoacuicola","twitter_site":"@mundoacuicola","twitter_misc":{"Escrito por":"mbarrueto","Tiempo de lectura":"2 minutos"},"schema":{"@context":"https:\/\/schema.org","@graph":[{"@type":"Article","@id":"https:\/\/www.mundoacuicola.cl\/new\/grupo-acuicultura-del-comite-oceanografico-nacional-traza-agenda-2025\/#article","isPartOf":{"@id":"https:\/\/www.mundoacuicola.cl\/new\/grupo-acuicultura-del-comite-oceanografico-nacional-traza-agenda-2025\/"},"author":{"name":"mbarrueto","@id":"https:\/\/www.mundoacuicola.cl\/new\/#\/schema\/person\/c00ffe389abb88bd9254653add139315"},"headline":"Grupo Acuicultura del Comit\u00e9 Oceanogr\u00e1fico Nacional traza agenda 2025","datePublished":"2025-08-04T21:22:25+00:00","dateModified":"2025-08-06T13:30:57+00:00","mainEntityOfPage":{"@id":"https:\/\/www.mundoacuicola.cl\/new\/grupo-acuicultura-del-comite-oceanografico-nacional-traza-agenda-2025\/"},"wordCount":412,"publisher":{"@id":"https:\/\/www.mundoacuicola.cl\/new\/#organization"},"image":{"@id":"https:\/\/www.mundoacuicola.cl\/new\/grupo-acuicultura-del-comite-oceanografico-nacional-traza-agenda-2025\/#primaryimage"},"thumbnailUrl":"https:\/\/www.mundoacuicola.cl\/new\/wp-content\/uploads\/2025\/08\/GTACU.jpg","keywords":["Acu\u00edcola","Acuicultura","Comit\u00e9 Oceanogr\u00e1fico Nacional","CONA","Grupo Acuicultura","GT ACU CONA","IFOP","Ley de acuicultura","Sernapesca","SHOA","subpesca"],"articleSection":["Acuicultura"],"inLanguage":"es"},{"@type":"WebPage","@id":"https:\/\/www.mundoacuicola.cl\/new\/grupo-acuicultura-del-comite-oceanografico-nacional-traza-agenda-2025\/","url":"https:\/\/www.mundoacuicola.cl\/new\/grupo-acuicultura-del-comite-oceanografico-nacional-traza-agenda-2025\/","name":"Grupo Acuicultura del Comit\u00e9 Oceanogr\u00e1fico Nacional traza agenda 2025 - Mundoacuicola","isPartOf":{"@id":"https:\/\/www.mundoacuicola.cl\/new\/#website"},"primaryImageOfPage":{"@id":"https:\/\/www.mundoacuicola.cl\/new\/grupo-acuicultura-del-comite-oceanografico-nacional-traza-agenda-2025\/#primaryimage"},"image":{"@id":"https:\/\/www.mundoacuicola.cl\/new\/grupo-acuicultura-del-comite-oceanografico-nacional-traza-agenda-2025\/#primaryimage"},"thumbnailUrl":"https:\/\/www.mundoacuicola.cl\/new\/wp-content\/uploads\/2025\/08\/GTACU.jpg","datePublished":"2025-08-04T21:22:25+00:00","dateModified":"2025-08-06T13:30:57+00:00","description":"El Grupo de Trabajo de Acuicultura del CONA acord\u00f3 acciones clave para 2025, incluyendo un simposio internacional y propuestas t\u00e9cnicas.","breadcrumb":{"@id":"https:\/\/www.mundoacuicola.cl\/new\/grupo-acuicultura-del-comite-oceanografico-nacional-traza-agenda-2025\/#breadcrumb"},"inLanguage":"es","potentialAction":[{"@type":"ReadAction","target":["https:\/\/www.mundoacuicola.cl\/new\/grupo-acuicultura-del-comite-oceanografico-nacional-traza-agenda-2025\/"]}]},{"@type":"ImageObject","inLanguage":"es","@id":"https:\/\/www.mundoacuicola.cl\/new\/grupo-acuicultura-del-comite-oceanografico-nacional-traza-agenda-2025\/#primaryimage","url":"https:\/\/www.mundoacuicola.cl\/new\/wp-content\/uploads\/2025\/08\/GTACU.jpg","contentUrl":"https:\/\/www.mundoacuicola.cl\/new\/wp-content\/uploads\/2025\/08\/GTACU.jpg","width":750,"height":400},{"@type":"BreadcrumbList","@id":"https:\/\/www.mundoacuicola.cl\/new\/grupo-acuicultura-del-comite-oceanografico-nacional-traza-agenda-2025\/#breadcrumb","itemListElement":[{"@type":"ListItem","position":1,"name":"Portada","item":"https:\/\/www.mundoacuicola.cl\/new\/"},{"@type":"ListItem","position":2,"name":"Grupo Acuicultura del Comit\u00e9 Oceanogr\u00e1fico Nacional traza agenda 2025"}]},{"@type":"WebSite","@id":"https:\/\/www.mundoacuicola.cl\/new\/#website","url":"https:\/\/www.mundoacuicola.cl\/new\/","name":"Mundoacuicola","description":"Revista de Acuicultura.","publisher":{"@id":"https:\/\/www.mundoacuicola.cl\/new\/#organization"},"potentialAction":[{"@type":"SearchAction","target":{"@type":"EntryPoint","urlTemplate":"https:\/\/www.mundoacuicola.cl\/new\/?s={search_term_string}"},"query-input":{"@type":"PropertyValueSpecification","valueRequired":true,"valueName":"search_term_string"}}],"inLanguage":"es"},{"@type":"Organization","@id":"https:\/\/www.mundoacuicola.cl\/new\/#organization","name":"Mundoacuicola","url":"https:\/\/www.mundoacuicola.cl\/new\/","logo":{"@type":"ImageObject","inLanguage":"es","@id":"https:\/\/www.mundoacuicola.cl\/new\/#\/schema\/logo\/image\/","url":"https:\/\/www.mundoacuicola.cl\/new\/wp-content\/uploads\/2026\/01\/cropped-LOGO-Mundo-Acuicola-2026.png","contentUrl":"https:\/\/www.mundoacuicola.cl\/new\/wp-content\/uploads\/2026\/01\/cropped-LOGO-Mundo-Acuicola-2026.png","width":1252,"height":296,"caption":"Mundoacuicola"},"image":{"@id":"https:\/\/www.mundoacuicola.cl\/new\/#\/schema\/logo\/image\/"},"sameAs":["https:\/\/www.facebook.com\/mundo.acuicola\/","https:\/\/x.com\/mundoacuicola","https:\/\/www.linkedin.com\/in\/mundo-acuicola"]},{"@type":"Person","@id":"https:\/\/www.mundoacuicola.cl\/new\/#\/schema\/person\/c00ffe389abb88bd9254653add139315","name":"mbarrueto","url":"https:\/\/www.mundoacuicola.cl\/new\/author\/mbarrueto\/"}]}},"_links":{"self":[{"href":"https:\/\/www.mundoacuicola.cl\/new\/wp-json\/wp\/v2\/posts\/78188","targetHints":{"allow":["GET"]}}],"collection":[{"href":"https:\/\/www.mundoacuicola.cl\/new\/wp-json\/wp\/v2\/posts"}],"about":[{"href":"https:\/\/www.mundoacuicola.cl\/new\/wp-json\/wp\/v2\/types\/post"}],"author":[{"embeddable":true,"href":"https:\/\/www.mundoacuicola.cl\/new\/wp-json\/wp\/v2\/users\/10"}],"replies":[{"embeddable":true,"href":"https:\/\/www.mundoacuicola.cl\/new\/wp-json\/wp\/v2\/comments?post=78188"}],"version-history":[{"count":0,"href":"https:\/\/www.mundoacuicola.cl\/new\/wp-json\/wp\/v2\/posts\/78188\/revisions"}],"wp:featuredmedia":[{"embeddable":true,"href":"https:\/\/www.mundoacuicola.cl\/new\/wp-json\/wp\/v2\/media\/78189"}],"wp:attachment":[{"href":"https:\/\/www.mundoacuicola.cl\/new\/wp-json\/wp\/v2\/media?parent=78188"}],"wp:term":[{"taxonomy":"category","embeddable":true,"href":"https:\/\/www.mundoacuicola.cl\/new\/wp-json\/wp\/v2\/categories?post=78188"},{"taxonomy":"post_tag","embeddable":true,"href":"https:\/\/www.mundoacuicola.cl\/new\/wp-json\/wp\/v2\/tags?post=78188"}],"curies":[{"name":"wp","href":"https:\/\/api.w.org\/{rel}","templated":true}]}}