{"id":78236,"date":"2025-08-05T18:43:54","date_gmt":"2025-08-05T22:43:54","guid":{"rendered":"https:\/\/www.mundoacuicola.cl\/new\/?p=78236"},"modified":"2025-08-06T16:31:20","modified_gmt":"2025-08-06T20:31:20","slug":"ifop-realiza-clase-de-mitilicultura-para-estudiantes-en-la-region-de-los-lagos","status":"publish","type":"post","link":"https:\/\/www.mundoacuicola.cl\/new\/ifop-realiza-clase-de-mitilicultura-para-estudiantes-en-la-region-de-los-lagos\/","title":{"rendered":"IFOP Realiza Clase de Mitilicultura para Estudiantes en la Regi\u00f3n de Los Lagos"},"content":{"rendered":"<p>En el marco de colaboraci\u00f3n con el Objetivo de Apoyo en formaci\u00f3n t\u00e9cnica del \u201cPrograma integral de desarrollo de acuicultura para pescadores artesanales y acuicultores de peque\u00f1a escala. Etapa VIII\u201d, se llev\u00f3 a cabo una clase especializada de mitilicultura dirigida a estudiantes de tercero y cuarto medio del liceo Fronterizo Juan Soler Manfredini de la comuna de Cocham\u00f3. La actividad fue organizada y supervisada por el Sebasti\u00e1n Cook investigador Departamento de Repoblaci\u00f3n y Cultivo (DRC) de la Divisi\u00f3n de Investigaci\u00f3n en Acuicultura del IFOP.<\/p>\n<p>Tambi\u00e9n, se realiz\u00f3 una clase especializada de mitilicultura en el Colegio de Piedra Azul. La actividad estuvo dirigida a estudiantes de tercero y cuarto medio de la comuna, con el objetivo de acercarlos al conocimiento t\u00e9cnico y pr\u00e1ctico de la actividad mitilicultora. Esta jornada educativa forma parte de los compromisos institucionales de IFOP para promover la vinculaci\u00f3n con el entorno y la formaci\u00f3n temprana en tem\u00e1ticas del \u00e1mbito acu\u00edcola.<\/p>\n<p>El objetivo de esta iniciativa fue acercar a los j\u00f3venes al conocimiento de la acuicultura del mejill\u00f3n chileno (Mytilus chilensis), un recurso estrat\u00e9gico a nivel local y global. La jornada se enfoc\u00f3 en promover la comprensi\u00f3n de las distintas etapas del cultivo, su cadena productiva, y el rol cient\u00edfico de IFOP en la generaci\u00f3n de informaci\u00f3n t\u00e9cnica a trav\u00e9s de herramientas como la plataforma \u201cSemilla End\u00e9mica\u201d. Principal producto de los resultados del Programa de Monitoreo Larval de Mit\u00edlidos; estudio que ejecuta IFOP dirigido por el Departamento de Medioambiente de la Divisi\u00f3n de Investigaci\u00f3n en Acuicultura de IFOP en Puerto Montt.<\/p>\n<h2>Tres m\u00f3dulos, una visi\u00f3n integral<\/h2>\n<p>La actividad se dividi\u00f3 en tres m\u00f3dulos, a cargo de profesionales y especialistas del Instituto:<br \/>\nCristina Stuardo, investigadora del Programa de Monitoreo Larval de Mit\u00edlidos, introdujo a los estudiantes a los objetivos, historia y metodolog\u00eda de este programa, que IFOP ejecuta desde hace m\u00e1s de 13 a\u00f1os. Su exposici\u00f3n incluy\u00f3 el uso de instrumentos espec\u00edficos para el seguimiento de las etapas larvales de mit\u00edlidos en las estaciones del estudio y conceptos b\u00e1sicos para la introducci\u00f3n en el cultivo de mejillones.<\/p>\n<p>Jos\u00e9 Videla, profesional del Departamento de Repoblaci\u00f3n y Cultivo, abord\u00f3 las distintas fases del encadenamiento productivo en la acuicultura del mejill\u00f3n chileno, con \u00e9nfasis en la relaci\u00f3n entre la captaci\u00f3n de semillas y la siembra. A trav\u00e9s de material audiovisual, mostr\u00f3 en detalle los procesos industriales y humanos que intervienen en las faenas de siembra de choritos en el pa\u00eds.<\/p>\n<p>Macarena Herrera, investigadora de IFOP, dirigi\u00f3 el tercer m\u00f3dulo, dividido en dos etapas complementarias. Durante la primera etapa instruy\u00f3 a los presentes en la plataforma \u201cSemilla End\u00e9mica\u201d, desarrollada por IFOP para difundir de forma accesible los reportes generados a partir del monitoreo larval. Explic\u00f3 c\u00f3mo esta herramienta digital surge como respuesta a las sugerencias recopiladas a trav\u00e9s de encuestas aplicadas anualmente, con el fin de mejorar el acceso a la informaci\u00f3n para usuarios y comunidad. Los estudiantes participaron en una actividad pr\u00e1ctica que les permiti\u00f3 navegar la plataforma, explorar sus funciones y familiarizarse con su contenido.<\/p>\n<p>En la Segunda etapa se abord\u00f3 la Identificaci\u00f3n larval y post larval de mit\u00edlidos. All\u00ed, los estudiantes fueron introducidos te\u00f3ricamente a los principales criterios para la identificaci\u00f3n de larvas y semillas de mit\u00edlidos. Utilizando muestras reales, se ense\u00f1\u00f3 a diferenciar las tres especies de importancia comercial caracter\u00edsticas morfol\u00f3gicas y etapas de desarrollo, incluyendo la observaci\u00f3n de la \u201cmancha ocular\u201d como rasgo distintivo en la etapa del desarrollo crucial donde se encuentra en competencia para fijarse al sustrato. En el caso de la acuicultura, son los colectores que act\u00faan como sustrato artificial atractivo para la especie objetivo de esta actividad que es la del g\u00e9nero Mytilus.<\/p>\n<h2>Compromiso con la educaci\u00f3n cient\u00edfica<\/h2>\n<p>Las jornadas representaron un valioso espacio de aprendizaje para los estudiantes de Cocham\u00f3 y Piedra Azul, fortaleciendo el v\u00ednculo entre ciencia y territorio. A trav\u00e9s de estas actividades, IFOP reafirma su compromiso con la educaci\u00f3n, la formaci\u00f3n de futuras generaciones en ciencia marina, y la democratizaci\u00f3n del conocimiento cient\u00edfico en comunidades costeras del sur de Chile.<\/p>\n","protected":false},"excerpt":{"rendered":"<p>IFOP realiz\u00f3 clases de mitilicultura en Cocham\u00f3 y Piedra Azul para acercar la acuicultura del chorito a estudiantes de ense\u00f1anza media.<\/p>\n","protected":false},"author":8,"featured_media":78242,"comment_status":"closed","ping_status":"closed","sticky":false,"template":"","format":"standard","meta":{"footnotes":""},"categories":[89],"tags":[27091,10475,27141,27140,132,2654,353,27142,17878,27143],"class_list":["post-78236","post","type-post","status-publish","format-standard","has-post-thumbnail","hentry","category-instituciones","tag-acuicultura-escolar","tag-chorito-chileno","tag-colegio-piedra-azul","tag-educacion-cientifica-acuicola","tag-ifop","tag-liceo-juan-soler-manfredini","tag-mitilicultura","tag-monitoreo-larval-mitilidos","tag-semilla-endemica","tag-vinculacion-con-el-entorno"],"yoast_head":"<!-- This site is optimized with the Yoast SEO plugin v27.5 - https:\/\/yoast.com\/product\/yoast-seo-wordpress\/ -->\n<title>IFOP Realiza Clase de Mitilicultura para Estudiantes en la Regi\u00f3n de Los Lagos - Mundoacuicola<\/title>\n<meta name=\"description\" content=\"IFOP realiz\u00f3 clases de mitilicultura en Cocham\u00f3 y Piedra Azul para acercar la acuicultura del chorito a estudiantes de ense\u00f1anza media.\" \/>\n<meta name=\"robots\" content=\"index, follow, max-snippet:-1, max-image-preview:large, max-video-preview:-1\" \/>\n<link rel=\"canonical\" href=\"https:\/\/www.mundoacuicola.cl\/new\/ifop-realiza-clase-de-mitilicultura-para-estudiantes-en-la-region-de-los-lagos\/\" \/>\n<meta property=\"og:locale\" content=\"es_ES\" \/>\n<meta property=\"og:type\" content=\"article\" \/>\n<meta property=\"og:title\" content=\"IFOP Realiza Clase de Mitilicultura para Estudiantes en la Regi\u00f3n de Los Lagos - Mundoacuicola\" \/>\n<meta property=\"og:description\" content=\"IFOP realiz\u00f3 clases de mitilicultura en Cocham\u00f3 y Piedra Azul para acercar la acuicultura del chorito a estudiantes de ense\u00f1anza media.\" \/>\n<meta property=\"og:url\" content=\"https:\/\/www.mundoacuicola.cl\/new\/ifop-realiza-clase-de-mitilicultura-para-estudiantes-en-la-region-de-los-lagos\/\" \/>\n<meta property=\"og:site_name\" content=\"Mundoacuicola\" \/>\n<meta property=\"article:publisher\" content=\"https:\/\/www.facebook.com\/mundo.acuicola\/\" \/>\n<meta property=\"article:published_time\" content=\"2025-08-05T22:43:54+00:00\" \/>\n<meta property=\"article:modified_time\" content=\"2025-08-06T20:31:20+00:00\" \/>\n<meta property=\"og:image\" content=\"https:\/\/www.mundoacuicola.cl\/new\/wp-content\/uploads\/2025\/08\/Cochamo2.jpg\" \/>\n\t<meta property=\"og:image:width\" content=\"750\" \/>\n\t<meta property=\"og:image:height\" content=\"400\" \/>\n\t<meta property=\"og:image:type\" content=\"image\/jpeg\" \/>\n<meta name=\"author\" content=\"Ricardo Alvarez\" \/>\n<meta name=\"twitter:card\" content=\"summary_large_image\" \/>\n<meta name=\"twitter:creator\" content=\"@mundoacuicola\" \/>\n<meta name=\"twitter:site\" content=\"@mundoacuicola\" \/>\n<meta name=\"twitter:label1\" content=\"Escrito por\" \/>\n\t<meta name=\"twitter:data1\" content=\"Ricardo Alvarez\" \/>\n\t<meta name=\"twitter:label2\" content=\"Tiempo de lectura\" \/>\n\t<meta name=\"twitter:data2\" content=\"4 minutos\" \/>\n<script type=\"application\/ld+json\" class=\"yoast-schema-graph\">{\"@context\":\"https:\\\/\\\/schema.org\",\"@graph\":[{\"@type\":\"Article\",\"@id\":\"https:\\\/\\\/www.mundoacuicola.cl\\\/new\\\/ifop-realiza-clase-de-mitilicultura-para-estudiantes-en-la-region-de-los-lagos\\\/#article\",\"isPartOf\":{\"@id\":\"https:\\\/\\\/www.mundoacuicola.cl\\\/new\\\/ifop-realiza-clase-de-mitilicultura-para-estudiantes-en-la-region-de-los-lagos\\\/\"},\"author\":{\"name\":\"Ricardo Alvarez\",\"@id\":\"https:\\\/\\\/www.mundoacuicola.cl\\\/new\\\/#\\\/schema\\\/person\\\/52cfe7e461eb2d30484965350ee34bdd\"},\"headline\":\"IFOP Realiza Clase de Mitilicultura para Estudiantes en la Regi\u00f3n de Los Lagos\",\"datePublished\":\"2025-08-05T22:43:54+00:00\",\"dateModified\":\"2025-08-06T20:31:20+00:00\",\"mainEntityOfPage\":{\"@id\":\"https:\\\/\\\/www.mundoacuicola.cl\\\/new\\\/ifop-realiza-clase-de-mitilicultura-para-estudiantes-en-la-region-de-los-lagos\\\/\"},\"wordCount\":743,\"publisher\":{\"@id\":\"https:\\\/\\\/www.mundoacuicola.cl\\\/new\\\/#organization\"},\"image\":{\"@id\":\"https:\\\/\\\/www.mundoacuicola.cl\\\/new\\\/ifop-realiza-clase-de-mitilicultura-para-estudiantes-en-la-region-de-los-lagos\\\/#primaryimage\"},\"thumbnailUrl\":\"https:\\\/\\\/www.mundoacuicola.cl\\\/new\\\/wp-content\\\/uploads\\\/2025\\\/08\\\/Cochamo2.jpg\",\"keywords\":[\"acuicultura escolar\",\"chorito chileno\",\"Colegio Piedra Azul\",\"educaci\u00f3n cient\u00edfica acu\u00edcola\",\"IFOP\",\"Liceo Juan Soler Manfredini\",\"mitilicultura\",\"monitoreo larval mit\u00edlidos\",\"Semilla End\u00e9mica\",\"vinculaci\u00f3n con el entorno\"],\"articleSection\":[\"Instituciones\"],\"inLanguage\":\"es\"},{\"@type\":\"WebPage\",\"@id\":\"https:\\\/\\\/www.mundoacuicola.cl\\\/new\\\/ifop-realiza-clase-de-mitilicultura-para-estudiantes-en-la-region-de-los-lagos\\\/\",\"url\":\"https:\\\/\\\/www.mundoacuicola.cl\\\/new\\\/ifop-realiza-clase-de-mitilicultura-para-estudiantes-en-la-region-de-los-lagos\\\/\",\"name\":\"IFOP Realiza Clase de Mitilicultura para Estudiantes en la Regi\u00f3n de Los Lagos - Mundoacuicola\",\"isPartOf\":{\"@id\":\"https:\\\/\\\/www.mundoacuicola.cl\\\/new\\\/#website\"},\"primaryImageOfPage\":{\"@id\":\"https:\\\/\\\/www.mundoacuicola.cl\\\/new\\\/ifop-realiza-clase-de-mitilicultura-para-estudiantes-en-la-region-de-los-lagos\\\/#primaryimage\"},\"image\":{\"@id\":\"https:\\\/\\\/www.mundoacuicola.cl\\\/new\\\/ifop-realiza-clase-de-mitilicultura-para-estudiantes-en-la-region-de-los-lagos\\\/#primaryimage\"},\"thumbnailUrl\":\"https:\\\/\\\/www.mundoacuicola.cl\\\/new\\\/wp-content\\\/uploads\\\/2025\\\/08\\\/Cochamo2.jpg\",\"datePublished\":\"2025-08-05T22:43:54+00:00\",\"dateModified\":\"2025-08-06T20:31:20+00:00\",\"description\":\"IFOP realiz\u00f3 clases de mitilicultura en Cocham\u00f3 y Piedra Azul para acercar la acuicultura del chorito a estudiantes de ense\u00f1anza media.\",\"breadcrumb\":{\"@id\":\"https:\\\/\\\/www.mundoacuicola.cl\\\/new\\\/ifop-realiza-clase-de-mitilicultura-para-estudiantes-en-la-region-de-los-lagos\\\/#breadcrumb\"},\"inLanguage\":\"es\",\"potentialAction\":[{\"@type\":\"ReadAction\",\"target\":[\"https:\\\/\\\/www.mundoacuicola.cl\\\/new\\\/ifop-realiza-clase-de-mitilicultura-para-estudiantes-en-la-region-de-los-lagos\\\/\"]}]},{\"@type\":\"ImageObject\",\"inLanguage\":\"es\",\"@id\":\"https:\\\/\\\/www.mundoacuicola.cl\\\/new\\\/ifop-realiza-clase-de-mitilicultura-para-estudiantes-en-la-region-de-los-lagos\\\/#primaryimage\",\"url\":\"https:\\\/\\\/www.mundoacuicola.cl\\\/new\\\/wp-content\\\/uploads\\\/2025\\\/08\\\/Cochamo2.jpg\",\"contentUrl\":\"https:\\\/\\\/www.mundoacuicola.cl\\\/new\\\/wp-content\\\/uploads\\\/2025\\\/08\\\/Cochamo2.jpg\",\"width\":750,\"height\":400},{\"@type\":\"BreadcrumbList\",\"@id\":\"https:\\\/\\\/www.mundoacuicola.cl\\\/new\\\/ifop-realiza-clase-de-mitilicultura-para-estudiantes-en-la-region-de-los-lagos\\\/#breadcrumb\",\"itemListElement\":[{\"@type\":\"ListItem\",\"position\":1,\"name\":\"Portada\",\"item\":\"https:\\\/\\\/www.mundoacuicola.cl\\\/new\\\/\"},{\"@type\":\"ListItem\",\"position\":2,\"name\":\"IFOP Realiza Clase de Mitilicultura para Estudiantes en la Regi\u00f3n de Los Lagos\"}]},{\"@type\":\"WebSite\",\"@id\":\"https:\\\/\\\/www.mundoacuicola.cl\\\/new\\\/#website\",\"url\":\"https:\\\/\\\/www.mundoacuicola.cl\\\/new\\\/\",\"name\":\"Mundoacuicola\",\"description\":\"Revista de Acuicultura.\",\"publisher\":{\"@id\":\"https:\\\/\\\/www.mundoacuicola.cl\\\/new\\\/#organization\"},\"potentialAction\":[{\"@type\":\"SearchAction\",\"target\":{\"@type\":\"EntryPoint\",\"urlTemplate\":\"https:\\\/\\\/www.mundoacuicola.cl\\\/new\\\/?s={search_term_string}\"},\"query-input\":{\"@type\":\"PropertyValueSpecification\",\"valueRequired\":true,\"valueName\":\"search_term_string\"}}],\"inLanguage\":\"es\"},{\"@type\":\"Organization\",\"@id\":\"https:\\\/\\\/www.mundoacuicola.cl\\\/new\\\/#organization\",\"name\":\"Mundoacuicola\",\"url\":\"https:\\\/\\\/www.mundoacuicola.cl\\\/new\\\/\",\"logo\":{\"@type\":\"ImageObject\",\"inLanguage\":\"es\",\"@id\":\"https:\\\/\\\/www.mundoacuicola.cl\\\/new\\\/#\\\/schema\\\/logo\\\/image\\\/\",\"url\":\"https:\\\/\\\/www.mundoacuicola.cl\\\/new\\\/wp-content\\\/uploads\\\/2026\\\/01\\\/cropped-LOGO-Mundo-Acuicola-2026.png\",\"contentUrl\":\"https:\\\/\\\/www.mundoacuicola.cl\\\/new\\\/wp-content\\\/uploads\\\/2026\\\/01\\\/cropped-LOGO-Mundo-Acuicola-2026.png\",\"width\":1252,\"height\":296,\"caption\":\"Mundoacuicola\"},\"image\":{\"@id\":\"https:\\\/\\\/www.mundoacuicola.cl\\\/new\\\/#\\\/schema\\\/logo\\\/image\\\/\"},\"sameAs\":[\"https:\\\/\\\/www.facebook.com\\\/mundo.acuicola\\\/\",\"https:\\\/\\\/x.com\\\/mundoacuicola\",\"https:\\\/\\\/www.linkedin.com\\\/in\\\/mundo-acuicola\"]},{\"@type\":\"Person\",\"@id\":\"https:\\\/\\\/www.mundoacuicola.cl\\\/new\\\/#\\\/schema\\\/person\\\/52cfe7e461eb2d30484965350ee34bdd\",\"name\":\"Ricardo Alvarez\",\"url\":\"https:\\\/\\\/www.mundoacuicola.cl\\\/new\\\/author\\\/ricardo\\\/\"}]}<\/script>\n<!-- \/ Yoast SEO plugin. -->","yoast_head_json":{"title":"IFOP Realiza Clase de Mitilicultura para Estudiantes en la Regi\u00f3n de Los Lagos - Mundoacuicola","description":"IFOP realiz\u00f3 clases de mitilicultura en Cocham\u00f3 y Piedra Azul para acercar la acuicultura del chorito a estudiantes de ense\u00f1anza media.","robots":{"index":"index","follow":"follow","max-snippet":"max-snippet:-1","max-image-preview":"max-image-preview:large","max-video-preview":"max-video-preview:-1"},"canonical":"https:\/\/www.mundoacuicola.cl\/new\/ifop-realiza-clase-de-mitilicultura-para-estudiantes-en-la-region-de-los-lagos\/","og_locale":"es_ES","og_type":"article","og_title":"IFOP Realiza Clase de Mitilicultura para Estudiantes en la Regi\u00f3n de Los Lagos - Mundoacuicola","og_description":"IFOP realiz\u00f3 clases de mitilicultura en Cocham\u00f3 y Piedra Azul para acercar la acuicultura del chorito a estudiantes de ense\u00f1anza media.","og_url":"https:\/\/www.mundoacuicola.cl\/new\/ifop-realiza-clase-de-mitilicultura-para-estudiantes-en-la-region-de-los-lagos\/","og_site_name":"Mundoacuicola","article_publisher":"https:\/\/www.facebook.com\/mundo.acuicola\/","article_published_time":"2025-08-05T22:43:54+00:00","article_modified_time":"2025-08-06T20:31:20+00:00","og_image":[{"width":750,"height":400,"url":"https:\/\/www.mundoacuicola.cl\/new\/wp-content\/uploads\/2025\/08\/Cochamo2.jpg","type":"image\/jpeg"}],"author":"Ricardo Alvarez","twitter_card":"summary_large_image","twitter_creator":"@mundoacuicola","twitter_site":"@mundoacuicola","twitter_misc":{"Escrito por":"Ricardo Alvarez","Tiempo de lectura":"4 minutos"},"schema":{"@context":"https:\/\/schema.org","@graph":[{"@type":"Article","@id":"https:\/\/www.mundoacuicola.cl\/new\/ifop-realiza-clase-de-mitilicultura-para-estudiantes-en-la-region-de-los-lagos\/#article","isPartOf":{"@id":"https:\/\/www.mundoacuicola.cl\/new\/ifop-realiza-clase-de-mitilicultura-para-estudiantes-en-la-region-de-los-lagos\/"},"author":{"name":"Ricardo Alvarez","@id":"https:\/\/www.mundoacuicola.cl\/new\/#\/schema\/person\/52cfe7e461eb2d30484965350ee34bdd"},"headline":"IFOP Realiza Clase de Mitilicultura para Estudiantes en la Regi\u00f3n de Los Lagos","datePublished":"2025-08-05T22:43:54+00:00","dateModified":"2025-08-06T20:31:20+00:00","mainEntityOfPage":{"@id":"https:\/\/www.mundoacuicola.cl\/new\/ifop-realiza-clase-de-mitilicultura-para-estudiantes-en-la-region-de-los-lagos\/"},"wordCount":743,"publisher":{"@id":"https:\/\/www.mundoacuicola.cl\/new\/#organization"},"image":{"@id":"https:\/\/www.mundoacuicola.cl\/new\/ifop-realiza-clase-de-mitilicultura-para-estudiantes-en-la-region-de-los-lagos\/#primaryimage"},"thumbnailUrl":"https:\/\/www.mundoacuicola.cl\/new\/wp-content\/uploads\/2025\/08\/Cochamo2.jpg","keywords":["acuicultura escolar","chorito chileno","Colegio Piedra Azul","educaci\u00f3n cient\u00edfica acu\u00edcola","IFOP","Liceo Juan Soler Manfredini","mitilicultura","monitoreo larval mit\u00edlidos","Semilla End\u00e9mica","vinculaci\u00f3n con el entorno"],"articleSection":["Instituciones"],"inLanguage":"es"},{"@type":"WebPage","@id":"https:\/\/www.mundoacuicola.cl\/new\/ifop-realiza-clase-de-mitilicultura-para-estudiantes-en-la-region-de-los-lagos\/","url":"https:\/\/www.mundoacuicola.cl\/new\/ifop-realiza-clase-de-mitilicultura-para-estudiantes-en-la-region-de-los-lagos\/","name":"IFOP Realiza Clase de Mitilicultura para Estudiantes en la Regi\u00f3n de Los Lagos - Mundoacuicola","isPartOf":{"@id":"https:\/\/www.mundoacuicola.cl\/new\/#website"},"primaryImageOfPage":{"@id":"https:\/\/www.mundoacuicola.cl\/new\/ifop-realiza-clase-de-mitilicultura-para-estudiantes-en-la-region-de-los-lagos\/#primaryimage"},"image":{"@id":"https:\/\/www.mundoacuicola.cl\/new\/ifop-realiza-clase-de-mitilicultura-para-estudiantes-en-la-region-de-los-lagos\/#primaryimage"},"thumbnailUrl":"https:\/\/www.mundoacuicola.cl\/new\/wp-content\/uploads\/2025\/08\/Cochamo2.jpg","datePublished":"2025-08-05T22:43:54+00:00","dateModified":"2025-08-06T20:31:20+00:00","description":"IFOP realiz\u00f3 clases de mitilicultura en Cocham\u00f3 y Piedra Azul para acercar la acuicultura del chorito a estudiantes de ense\u00f1anza media.","breadcrumb":{"@id":"https:\/\/www.mundoacuicola.cl\/new\/ifop-realiza-clase-de-mitilicultura-para-estudiantes-en-la-region-de-los-lagos\/#breadcrumb"},"inLanguage":"es","potentialAction":[{"@type":"ReadAction","target":["https:\/\/www.mundoacuicola.cl\/new\/ifop-realiza-clase-de-mitilicultura-para-estudiantes-en-la-region-de-los-lagos\/"]}]},{"@type":"ImageObject","inLanguage":"es","@id":"https:\/\/www.mundoacuicola.cl\/new\/ifop-realiza-clase-de-mitilicultura-para-estudiantes-en-la-region-de-los-lagos\/#primaryimage","url":"https:\/\/www.mundoacuicola.cl\/new\/wp-content\/uploads\/2025\/08\/Cochamo2.jpg","contentUrl":"https:\/\/www.mundoacuicola.cl\/new\/wp-content\/uploads\/2025\/08\/Cochamo2.jpg","width":750,"height":400},{"@type":"BreadcrumbList","@id":"https:\/\/www.mundoacuicola.cl\/new\/ifop-realiza-clase-de-mitilicultura-para-estudiantes-en-la-region-de-los-lagos\/#breadcrumb","itemListElement":[{"@type":"ListItem","position":1,"name":"Portada","item":"https:\/\/www.mundoacuicola.cl\/new\/"},{"@type":"ListItem","position":2,"name":"IFOP Realiza Clase de Mitilicultura para Estudiantes en la Regi\u00f3n de Los Lagos"}]},{"@type":"WebSite","@id":"https:\/\/www.mundoacuicola.cl\/new\/#website","url":"https:\/\/www.mundoacuicola.cl\/new\/","name":"Mundoacuicola","description":"Revista de Acuicultura.","publisher":{"@id":"https:\/\/www.mundoacuicola.cl\/new\/#organization"},"potentialAction":[{"@type":"SearchAction","target":{"@type":"EntryPoint","urlTemplate":"https:\/\/www.mundoacuicola.cl\/new\/?s={search_term_string}"},"query-input":{"@type":"PropertyValueSpecification","valueRequired":true,"valueName":"search_term_string"}}],"inLanguage":"es"},{"@type":"Organization","@id":"https:\/\/www.mundoacuicola.cl\/new\/#organization","name":"Mundoacuicola","url":"https:\/\/www.mundoacuicola.cl\/new\/","logo":{"@type":"ImageObject","inLanguage":"es","@id":"https:\/\/www.mundoacuicola.cl\/new\/#\/schema\/logo\/image\/","url":"https:\/\/www.mundoacuicola.cl\/new\/wp-content\/uploads\/2026\/01\/cropped-LOGO-Mundo-Acuicola-2026.png","contentUrl":"https:\/\/www.mundoacuicola.cl\/new\/wp-content\/uploads\/2026\/01\/cropped-LOGO-Mundo-Acuicola-2026.png","width":1252,"height":296,"caption":"Mundoacuicola"},"image":{"@id":"https:\/\/www.mundoacuicola.cl\/new\/#\/schema\/logo\/image\/"},"sameAs":["https:\/\/www.facebook.com\/mundo.acuicola\/","https:\/\/x.com\/mundoacuicola","https:\/\/www.linkedin.com\/in\/mundo-acuicola"]},{"@type":"Person","@id":"https:\/\/www.mundoacuicola.cl\/new\/#\/schema\/person\/52cfe7e461eb2d30484965350ee34bdd","name":"Ricardo Alvarez","url":"https:\/\/www.mundoacuicola.cl\/new\/author\/ricardo\/"}]}},"_links":{"self":[{"href":"https:\/\/www.mundoacuicola.cl\/new\/wp-json\/wp\/v2\/posts\/78236","targetHints":{"allow":["GET"]}}],"collection":[{"href":"https:\/\/www.mundoacuicola.cl\/new\/wp-json\/wp\/v2\/posts"}],"about":[{"href":"https:\/\/www.mundoacuicola.cl\/new\/wp-json\/wp\/v2\/types\/post"}],"author":[{"embeddable":true,"href":"https:\/\/www.mundoacuicola.cl\/new\/wp-json\/wp\/v2\/users\/8"}],"replies":[{"embeddable":true,"href":"https:\/\/www.mundoacuicola.cl\/new\/wp-json\/wp\/v2\/comments?post=78236"}],"version-history":[{"count":0,"href":"https:\/\/www.mundoacuicola.cl\/new\/wp-json\/wp\/v2\/posts\/78236\/revisions"}],"wp:featuredmedia":[{"embeddable":true,"href":"https:\/\/www.mundoacuicola.cl\/new\/wp-json\/wp\/v2\/media\/78242"}],"wp:attachment":[{"href":"https:\/\/www.mundoacuicola.cl\/new\/wp-json\/wp\/v2\/media?parent=78236"}],"wp:term":[{"taxonomy":"category","embeddable":true,"href":"https:\/\/www.mundoacuicola.cl\/new\/wp-json\/wp\/v2\/categories?post=78236"},{"taxonomy":"post_tag","embeddable":true,"href":"https:\/\/www.mundoacuicola.cl\/new\/wp-json\/wp\/v2\/tags?post=78236"}],"curies":[{"name":"wp","href":"https:\/\/api.w.org\/{rel}","templated":true}]}}