{"id":78290,"date":"2025-08-07T14:58:31","date_gmt":"2025-08-07T18:58:31","guid":{"rendered":"https:\/\/www.mundoacuicola.cl\/new\/?p=78290"},"modified":"2025-08-08T10:56:41","modified_gmt":"2025-08-08T14:56:41","slug":"los-lagos-aprueba-fondos-para-inversion-e-innovacion-sostenible","status":"publish","type":"post","link":"https:\/\/www.mundoacuicola.cl\/new\/los-lagos-aprueba-fondos-para-inversion-e-innovacion-sostenible\/","title":{"rendered":"Los Lagos aprueba fondos para inversi\u00f3n e innovaci\u00f3n sostenible"},"content":{"rendered":"<p><span style=\"font-weight: 400;\">Con el objetivo de seguir fortaleciendo el desarrollo econ\u00f3mico regional desde un enfoque territorial, se desarroll\u00f3 la 29\u00aa sesi\u00f3n del Subcomit\u00e9 de Fomento Productivo del Comit\u00e9 de Desarrollo Productivo Regional de Los Lagos. En esta jornada se aprobaron importantes postulaciones a los instrumentos <\/span><b>Bienes P\u00fablicos<\/b><span style=\"font-weight: 400;\"> y <\/span><b>Activa Inversi\u00f3n<\/b><span style=\"font-weight: 400;\">, ambos impulsados por Corfo.<\/span><\/p>\n<p><span style=\"font-weight: 400;\">El instrumento Bienes P\u00fablicos busca abordar las asimetr\u00edas de informaci\u00f3n en los mercados, facilitar nuevos modelos de negocio y aumentar la competitividad de los ecosistemas productivos. En tanto, Activa Inversi\u00f3n est\u00e1 enfocado en cofinanciar infraestructura y equipamiento productivo, promoviendo as\u00ed el crecimiento de ventas y la generaci\u00f3n de empleo.<\/span><\/p>\n<p><b>Luis C\u00e1rdenas Mayorga, seremi de Econom\u00eda, Fomento y Turismo<\/b><span style=\"font-weight: 400;\">, destac\u00f3 que \u201cestos instrumentos son fundamentales para estimular la inversi\u00f3n del sector privado desde recursos p\u00fablicos, mejorar la productividad y eficiencia tecnol\u00f3gica de las empresas, y generar un impacto directo en el empleo. Adem\u00e1s, es clave ampliar su alcance territorial y llegar con fuerza a provincias como Palena, donde a\u00fan persisten importantes brechas\u201d. El seremi tambi\u00e9n subray\u00f3 el compromiso institucional de fortalecer la presencia en el territorio y acompa\u00f1ar a las empresas locales en sus procesos de postulaci\u00f3n.<\/span><\/p>\n<h3><strong>Colaboraci\u00f3n p\u00fablico-privada<\/strong><\/h3>\n<p><span style=\"font-weight: 400;\">Por su parte, el <\/span><b>consejero regional Francisco C\u00e1rcamo, presidente de la Comisi\u00f3n de Fomento Productivo<\/b><span style=\"font-weight: 400;\">, valor\u00f3 el rol del Gobierno Regional como unidad mandante. \u201cAqu\u00ed se ve reflejada la importancia de la alianza p\u00fablico-privada, con el objetivo de mejorar la competitividad y eficiencia del uso de los recursos p\u00fablicos, e incorporar tecnolog\u00eda en los procesos productivos\u201d, se\u00f1al\u00f3.<\/span><\/p>\n<p><span style=\"font-weight: 400;\">C\u00e1rcamo destac\u00f3 especialmente el impacto del instrumento Bienes P\u00fablicos a trav\u00e9s del desarrollo de plataformas tecnol\u00f3gicas para la econom\u00eda circular y servicios sanitarios rurales. \u201cEstas herramientas permitir\u00e1n mejorar la trazabilidad de los residuos industriales y fortalecer la gesti\u00f3n de los comit\u00e9s de agua potable rural, una prioridad regional enmarcada en nuestra pol\u00edtica h\u00eddrica\u201d, agreg\u00f3.<\/span><\/p>\n<p><span style=\"font-weight: 400;\">Respecto al instrumento Activa Inversi\u00f3n, ambas autoridades coincidieron en su alta convocatoria y potencial transformador, reiterando el llamado a fortalecer la difusi\u00f3n en comunas donde a\u00fan se registra baja participaci\u00f3n, como en las provincias de Palena y Chilo\u00e9.<\/span><\/p>\n<h3><strong>Competitividad sostenible<\/strong><\/h3>\n<p><span style=\"font-weight: 400;\">Desde Corfo, el <\/span><b>director regional Eduardo Arancibia<\/b><span style=\"font-weight: 400;\"> subray\u00f3 el sentido estrat\u00e9gico de esta agenda 2025: \u201cDesde el Comit\u00e9 de Desarrollo Productivo Regional estamos impulsando una hoja de ruta centrada en la competitividad sostenible. Apostamos por una econom\u00eda circular avanzada, metas de carbono neutralidad y un turismo regenerativo con identidad local. Para ello, estamos fortaleciendo el apoyo focalizado a los territorios, mediante instrumentos m\u00e1s flexibles, descentralizados y pertinentes a los desaf\u00edos de cada ecosistema productivo\u201d.<\/span><\/p>\n<p><span style=\"font-weight: 400;\">Con esta sesi\u00f3n, Corfo Los Lagos reafirma su compromiso con un desarrollo m\u00e1s equitativo, innovador y sostenible, consolidando un Comit\u00e9 de Desarrollo Productivo Regional articulado, inclusivo y territorialmente pertinente.Con esta sesi\u00f3n, Corfo Los Lagos reafirma su compromiso con un desarrollo m\u00e1s equitativo, innovador y sostenible, consolidando un Comit\u00e9 de Desarrollo Productivo Regional articulado, inclusivo y territorialmente pertinente.<\/span><\/p>\n","protected":false},"excerpt":{"rendered":"<p>Subcomit\u00e9 de Fomento Productivo aprob\u00f3 nuevos instrumentos estrat\u00e9gicos para impulsar inversi\u00f3n, sostenibilidad e innovaci\u00f3n en zonas rezagadas de Los Lagos.<\/p>\n","protected":false},"author":10,"featured_media":78291,"comment_status":"closed","ping_status":"closed","sticky":false,"template":"","format":"standard","meta":{"footnotes":""},"categories":[89],"tags":[19241,17926,11292,4251,2100,9783,3477],"class_list":["post-78290","post","type-post","status-publish","format-standard","has-post-thumbnail","hentry","category-instituciones","tag-alianza-publico-privada","tag-colaboracion-publico-privada","tag-competitividad","tag-economia-circular","tag-innovacion","tag-inversion","tag-sostenibilidad"],"yoast_head":"<!-- This site is optimized with the Yoast SEO plugin v27.5 - https:\/\/yoast.com\/product\/yoast-seo-wordpress\/ -->\n<title>Los Lagos aprueba fondos para inversi\u00f3n e innovaci\u00f3n sostenible - Mundoacuicola<\/title>\n<meta name=\"description\" content=\"Aprueban nuevos instrumentos estrat\u00e9gicos para impulsar inversi\u00f3n, sostenibilidad e innovaci\u00f3n en zonas rezagadas de Los Lagos.\" \/>\n<meta name=\"robots\" content=\"index, follow, max-snippet:-1, max-image-preview:large, max-video-preview:-1\" \/>\n<link rel=\"canonical\" href=\"https:\/\/www.mundoacuicola.cl\/new\/los-lagos-aprueba-fondos-para-inversion-e-innovacion-sostenible\/\" \/>\n<meta property=\"og:locale\" content=\"es_ES\" \/>\n<meta property=\"og:type\" content=\"article\" \/>\n<meta property=\"og:title\" content=\"Los Lagos aprueba fondos para inversi\u00f3n e innovaci\u00f3n sostenible - Mundoacuicola\" \/>\n<meta property=\"og:description\" content=\"Aprueban nuevos instrumentos estrat\u00e9gicos para impulsar inversi\u00f3n, sostenibilidad e innovaci\u00f3n en zonas rezagadas de Los Lagos.\" \/>\n<meta property=\"og:url\" content=\"https:\/\/www.mundoacuicola.cl\/new\/los-lagos-aprueba-fondos-para-inversion-e-innovacion-sostenible\/\" \/>\n<meta property=\"og:site_name\" content=\"Mundoacuicola\" \/>\n<meta property=\"article:publisher\" content=\"https:\/\/www.facebook.com\/mundo.acuicola\/\" \/>\n<meta property=\"article:published_time\" content=\"2025-08-07T18:58:31+00:00\" \/>\n<meta property=\"article:modified_time\" content=\"2025-08-08T14:56:41+00:00\" \/>\n<meta property=\"og:image\" content=\"https:\/\/www.mundoacuicola.cl\/new\/wp-content\/uploads\/2025\/08\/CORFOinstrumentosinnovacion.jpg\" \/>\n\t<meta property=\"og:image:width\" content=\"750\" \/>\n\t<meta property=\"og:image:height\" content=\"400\" \/>\n\t<meta property=\"og:image:type\" content=\"image\/jpeg\" \/>\n<meta name=\"author\" content=\"mbarrueto\" \/>\n<meta name=\"twitter:card\" content=\"summary_large_image\" \/>\n<meta name=\"twitter:creator\" content=\"@mundoacuicola\" \/>\n<meta name=\"twitter:site\" content=\"@mundoacuicola\" \/>\n<meta name=\"twitter:label1\" content=\"Escrito por\" \/>\n\t<meta name=\"twitter:data1\" content=\"mbarrueto\" \/>\n\t<meta name=\"twitter:label2\" content=\"Tiempo de lectura\" \/>\n\t<meta name=\"twitter:data2\" content=\"3 minutos\" \/>\n<script type=\"application\/ld+json\" class=\"yoast-schema-graph\">{\"@context\":\"https:\\\/\\\/schema.org\",\"@graph\":[{\"@type\":\"Article\",\"@id\":\"https:\\\/\\\/www.mundoacuicola.cl\\\/new\\\/los-lagos-aprueba-fondos-para-inversion-e-innovacion-sostenible\\\/#article\",\"isPartOf\":{\"@id\":\"https:\\\/\\\/www.mundoacuicola.cl\\\/new\\\/los-lagos-aprueba-fondos-para-inversion-e-innovacion-sostenible\\\/\"},\"author\":{\"name\":\"mbarrueto\",\"@id\":\"https:\\\/\\\/www.mundoacuicola.cl\\\/new\\\/#\\\/schema\\\/person\\\/c00ffe389abb88bd9254653add139315\"},\"headline\":\"Los Lagos aprueba fondos para inversi\u00f3n e innovaci\u00f3n sostenible\",\"datePublished\":\"2025-08-07T18:58:31+00:00\",\"dateModified\":\"2025-08-08T14:56:41+00:00\",\"mainEntityOfPage\":{\"@id\":\"https:\\\/\\\/www.mundoacuicola.cl\\\/new\\\/los-lagos-aprueba-fondos-para-inversion-e-innovacion-sostenible\\\/\"},\"wordCount\":531,\"publisher\":{\"@id\":\"https:\\\/\\\/www.mundoacuicola.cl\\\/new\\\/#organization\"},\"image\":{\"@id\":\"https:\\\/\\\/www.mundoacuicola.cl\\\/new\\\/los-lagos-aprueba-fondos-para-inversion-e-innovacion-sostenible\\\/#primaryimage\"},\"thumbnailUrl\":\"https:\\\/\\\/www.mundoacuicola.cl\\\/new\\\/wp-content\\\/uploads\\\/2025\\\/08\\\/CORFOinstrumentosinnovacion.jpg\",\"keywords\":[\"alianza p\u00fablico-privada\",\"colaboraci\u00f3n p\u00fablico-privada\",\"competitividad\",\"Econom\u00eda circular\",\"Innovaci\u00f3n\",\"inversi\u00f3n\",\"sostenibilidad\"],\"articleSection\":[\"Instituciones\"],\"inLanguage\":\"es\"},{\"@type\":\"WebPage\",\"@id\":\"https:\\\/\\\/www.mundoacuicola.cl\\\/new\\\/los-lagos-aprueba-fondos-para-inversion-e-innovacion-sostenible\\\/\",\"url\":\"https:\\\/\\\/www.mundoacuicola.cl\\\/new\\\/los-lagos-aprueba-fondos-para-inversion-e-innovacion-sostenible\\\/\",\"name\":\"Los Lagos aprueba fondos para inversi\u00f3n e innovaci\u00f3n sostenible - Mundoacuicola\",\"isPartOf\":{\"@id\":\"https:\\\/\\\/www.mundoacuicola.cl\\\/new\\\/#website\"},\"primaryImageOfPage\":{\"@id\":\"https:\\\/\\\/www.mundoacuicola.cl\\\/new\\\/los-lagos-aprueba-fondos-para-inversion-e-innovacion-sostenible\\\/#primaryimage\"},\"image\":{\"@id\":\"https:\\\/\\\/www.mundoacuicola.cl\\\/new\\\/los-lagos-aprueba-fondos-para-inversion-e-innovacion-sostenible\\\/#primaryimage\"},\"thumbnailUrl\":\"https:\\\/\\\/www.mundoacuicola.cl\\\/new\\\/wp-content\\\/uploads\\\/2025\\\/08\\\/CORFOinstrumentosinnovacion.jpg\",\"datePublished\":\"2025-08-07T18:58:31+00:00\",\"dateModified\":\"2025-08-08T14:56:41+00:00\",\"description\":\"Aprueban nuevos instrumentos estrat\u00e9gicos para impulsar inversi\u00f3n, sostenibilidad e innovaci\u00f3n en zonas rezagadas de Los Lagos.\",\"breadcrumb\":{\"@id\":\"https:\\\/\\\/www.mundoacuicola.cl\\\/new\\\/los-lagos-aprueba-fondos-para-inversion-e-innovacion-sostenible\\\/#breadcrumb\"},\"inLanguage\":\"es\",\"potentialAction\":[{\"@type\":\"ReadAction\",\"target\":[\"https:\\\/\\\/www.mundoacuicola.cl\\\/new\\\/los-lagos-aprueba-fondos-para-inversion-e-innovacion-sostenible\\\/\"]}]},{\"@type\":\"ImageObject\",\"inLanguage\":\"es\",\"@id\":\"https:\\\/\\\/www.mundoacuicola.cl\\\/new\\\/los-lagos-aprueba-fondos-para-inversion-e-innovacion-sostenible\\\/#primaryimage\",\"url\":\"https:\\\/\\\/www.mundoacuicola.cl\\\/new\\\/wp-content\\\/uploads\\\/2025\\\/08\\\/CORFOinstrumentosinnovacion.jpg\",\"contentUrl\":\"https:\\\/\\\/www.mundoacuicola.cl\\\/new\\\/wp-content\\\/uploads\\\/2025\\\/08\\\/CORFOinstrumentosinnovacion.jpg\",\"width\":750,\"height\":400},{\"@type\":\"BreadcrumbList\",\"@id\":\"https:\\\/\\\/www.mundoacuicola.cl\\\/new\\\/los-lagos-aprueba-fondos-para-inversion-e-innovacion-sostenible\\\/#breadcrumb\",\"itemListElement\":[{\"@type\":\"ListItem\",\"position\":1,\"name\":\"Portada\",\"item\":\"https:\\\/\\\/www.mundoacuicola.cl\\\/new\\\/\"},{\"@type\":\"ListItem\",\"position\":2,\"name\":\"Los Lagos aprueba fondos para inversi\u00f3n e innovaci\u00f3n sostenible\"}]},{\"@type\":\"WebSite\",\"@id\":\"https:\\\/\\\/www.mundoacuicola.cl\\\/new\\\/#website\",\"url\":\"https:\\\/\\\/www.mundoacuicola.cl\\\/new\\\/\",\"name\":\"Mundoacuicola\",\"description\":\"Revista de Acuicultura.\",\"publisher\":{\"@id\":\"https:\\\/\\\/www.mundoacuicola.cl\\\/new\\\/#organization\"},\"potentialAction\":[{\"@type\":\"SearchAction\",\"target\":{\"@type\":\"EntryPoint\",\"urlTemplate\":\"https:\\\/\\\/www.mundoacuicola.cl\\\/new\\\/?s={search_term_string}\"},\"query-input\":{\"@type\":\"PropertyValueSpecification\",\"valueRequired\":true,\"valueName\":\"search_term_string\"}}],\"inLanguage\":\"es\"},{\"@type\":\"Organization\",\"@id\":\"https:\\\/\\\/www.mundoacuicola.cl\\\/new\\\/#organization\",\"name\":\"Mundoacuicola\",\"url\":\"https:\\\/\\\/www.mundoacuicola.cl\\\/new\\\/\",\"logo\":{\"@type\":\"ImageObject\",\"inLanguage\":\"es\",\"@id\":\"https:\\\/\\\/www.mundoacuicola.cl\\\/new\\\/#\\\/schema\\\/logo\\\/image\\\/\",\"url\":\"https:\\\/\\\/www.mundoacuicola.cl\\\/new\\\/wp-content\\\/uploads\\\/2026\\\/01\\\/cropped-LOGO-Mundo-Acuicola-2026.png\",\"contentUrl\":\"https:\\\/\\\/www.mundoacuicola.cl\\\/new\\\/wp-content\\\/uploads\\\/2026\\\/01\\\/cropped-LOGO-Mundo-Acuicola-2026.png\",\"width\":1252,\"height\":296,\"caption\":\"Mundoacuicola\"},\"image\":{\"@id\":\"https:\\\/\\\/www.mundoacuicola.cl\\\/new\\\/#\\\/schema\\\/logo\\\/image\\\/\"},\"sameAs\":[\"https:\\\/\\\/www.facebook.com\\\/mundo.acuicola\\\/\",\"https:\\\/\\\/x.com\\\/mundoacuicola\",\"https:\\\/\\\/www.linkedin.com\\\/in\\\/mundo-acuicola\"]},{\"@type\":\"Person\",\"@id\":\"https:\\\/\\\/www.mundoacuicola.cl\\\/new\\\/#\\\/schema\\\/person\\\/c00ffe389abb88bd9254653add139315\",\"name\":\"mbarrueto\",\"url\":\"https:\\\/\\\/www.mundoacuicola.cl\\\/new\\\/author\\\/mbarrueto\\\/\"}]}<\/script>\n<!-- \/ Yoast SEO plugin. -->","yoast_head_json":{"title":"Los Lagos aprueba fondos para inversi\u00f3n e innovaci\u00f3n sostenible - Mundoacuicola","description":"Aprueban nuevos instrumentos estrat\u00e9gicos para impulsar inversi\u00f3n, sostenibilidad e innovaci\u00f3n en zonas rezagadas de Los Lagos.","robots":{"index":"index","follow":"follow","max-snippet":"max-snippet:-1","max-image-preview":"max-image-preview:large","max-video-preview":"max-video-preview:-1"},"canonical":"https:\/\/www.mundoacuicola.cl\/new\/los-lagos-aprueba-fondos-para-inversion-e-innovacion-sostenible\/","og_locale":"es_ES","og_type":"article","og_title":"Los Lagos aprueba fondos para inversi\u00f3n e innovaci\u00f3n sostenible - Mundoacuicola","og_description":"Aprueban nuevos instrumentos estrat\u00e9gicos para impulsar inversi\u00f3n, sostenibilidad e innovaci\u00f3n en zonas rezagadas de Los Lagos.","og_url":"https:\/\/www.mundoacuicola.cl\/new\/los-lagos-aprueba-fondos-para-inversion-e-innovacion-sostenible\/","og_site_name":"Mundoacuicola","article_publisher":"https:\/\/www.facebook.com\/mundo.acuicola\/","article_published_time":"2025-08-07T18:58:31+00:00","article_modified_time":"2025-08-08T14:56:41+00:00","og_image":[{"width":750,"height":400,"url":"https:\/\/www.mundoacuicola.cl\/new\/wp-content\/uploads\/2025\/08\/CORFOinstrumentosinnovacion.jpg","type":"image\/jpeg"}],"author":"mbarrueto","twitter_card":"summary_large_image","twitter_creator":"@mundoacuicola","twitter_site":"@mundoacuicola","twitter_misc":{"Escrito por":"mbarrueto","Tiempo de lectura":"3 minutos"},"schema":{"@context":"https:\/\/schema.org","@graph":[{"@type":"Article","@id":"https:\/\/www.mundoacuicola.cl\/new\/los-lagos-aprueba-fondos-para-inversion-e-innovacion-sostenible\/#article","isPartOf":{"@id":"https:\/\/www.mundoacuicola.cl\/new\/los-lagos-aprueba-fondos-para-inversion-e-innovacion-sostenible\/"},"author":{"name":"mbarrueto","@id":"https:\/\/www.mundoacuicola.cl\/new\/#\/schema\/person\/c00ffe389abb88bd9254653add139315"},"headline":"Los Lagos aprueba fondos para inversi\u00f3n e innovaci\u00f3n sostenible","datePublished":"2025-08-07T18:58:31+00:00","dateModified":"2025-08-08T14:56:41+00:00","mainEntityOfPage":{"@id":"https:\/\/www.mundoacuicola.cl\/new\/los-lagos-aprueba-fondos-para-inversion-e-innovacion-sostenible\/"},"wordCount":531,"publisher":{"@id":"https:\/\/www.mundoacuicola.cl\/new\/#organization"},"image":{"@id":"https:\/\/www.mundoacuicola.cl\/new\/los-lagos-aprueba-fondos-para-inversion-e-innovacion-sostenible\/#primaryimage"},"thumbnailUrl":"https:\/\/www.mundoacuicola.cl\/new\/wp-content\/uploads\/2025\/08\/CORFOinstrumentosinnovacion.jpg","keywords":["alianza p\u00fablico-privada","colaboraci\u00f3n p\u00fablico-privada","competitividad","Econom\u00eda circular","Innovaci\u00f3n","inversi\u00f3n","sostenibilidad"],"articleSection":["Instituciones"],"inLanguage":"es"},{"@type":"WebPage","@id":"https:\/\/www.mundoacuicola.cl\/new\/los-lagos-aprueba-fondos-para-inversion-e-innovacion-sostenible\/","url":"https:\/\/www.mundoacuicola.cl\/new\/los-lagos-aprueba-fondos-para-inversion-e-innovacion-sostenible\/","name":"Los Lagos aprueba fondos para inversi\u00f3n e innovaci\u00f3n sostenible - Mundoacuicola","isPartOf":{"@id":"https:\/\/www.mundoacuicola.cl\/new\/#website"},"primaryImageOfPage":{"@id":"https:\/\/www.mundoacuicola.cl\/new\/los-lagos-aprueba-fondos-para-inversion-e-innovacion-sostenible\/#primaryimage"},"image":{"@id":"https:\/\/www.mundoacuicola.cl\/new\/los-lagos-aprueba-fondos-para-inversion-e-innovacion-sostenible\/#primaryimage"},"thumbnailUrl":"https:\/\/www.mundoacuicola.cl\/new\/wp-content\/uploads\/2025\/08\/CORFOinstrumentosinnovacion.jpg","datePublished":"2025-08-07T18:58:31+00:00","dateModified":"2025-08-08T14:56:41+00:00","description":"Aprueban nuevos instrumentos estrat\u00e9gicos para impulsar inversi\u00f3n, sostenibilidad e innovaci\u00f3n en zonas rezagadas de Los Lagos.","breadcrumb":{"@id":"https:\/\/www.mundoacuicola.cl\/new\/los-lagos-aprueba-fondos-para-inversion-e-innovacion-sostenible\/#breadcrumb"},"inLanguage":"es","potentialAction":[{"@type":"ReadAction","target":["https:\/\/www.mundoacuicola.cl\/new\/los-lagos-aprueba-fondos-para-inversion-e-innovacion-sostenible\/"]}]},{"@type":"ImageObject","inLanguage":"es","@id":"https:\/\/www.mundoacuicola.cl\/new\/los-lagos-aprueba-fondos-para-inversion-e-innovacion-sostenible\/#primaryimage","url":"https:\/\/www.mundoacuicola.cl\/new\/wp-content\/uploads\/2025\/08\/CORFOinstrumentosinnovacion.jpg","contentUrl":"https:\/\/www.mundoacuicola.cl\/new\/wp-content\/uploads\/2025\/08\/CORFOinstrumentosinnovacion.jpg","width":750,"height":400},{"@type":"BreadcrumbList","@id":"https:\/\/www.mundoacuicola.cl\/new\/los-lagos-aprueba-fondos-para-inversion-e-innovacion-sostenible\/#breadcrumb","itemListElement":[{"@type":"ListItem","position":1,"name":"Portada","item":"https:\/\/www.mundoacuicola.cl\/new\/"},{"@type":"ListItem","position":2,"name":"Los Lagos aprueba fondos para inversi\u00f3n e innovaci\u00f3n sostenible"}]},{"@type":"WebSite","@id":"https:\/\/www.mundoacuicola.cl\/new\/#website","url":"https:\/\/www.mundoacuicola.cl\/new\/","name":"Mundoacuicola","description":"Revista de Acuicultura.","publisher":{"@id":"https:\/\/www.mundoacuicola.cl\/new\/#organization"},"potentialAction":[{"@type":"SearchAction","target":{"@type":"EntryPoint","urlTemplate":"https:\/\/www.mundoacuicola.cl\/new\/?s={search_term_string}"},"query-input":{"@type":"PropertyValueSpecification","valueRequired":true,"valueName":"search_term_string"}}],"inLanguage":"es"},{"@type":"Organization","@id":"https:\/\/www.mundoacuicola.cl\/new\/#organization","name":"Mundoacuicola","url":"https:\/\/www.mundoacuicola.cl\/new\/","logo":{"@type":"ImageObject","inLanguage":"es","@id":"https:\/\/www.mundoacuicola.cl\/new\/#\/schema\/logo\/image\/","url":"https:\/\/www.mundoacuicola.cl\/new\/wp-content\/uploads\/2026\/01\/cropped-LOGO-Mundo-Acuicola-2026.png","contentUrl":"https:\/\/www.mundoacuicola.cl\/new\/wp-content\/uploads\/2026\/01\/cropped-LOGO-Mundo-Acuicola-2026.png","width":1252,"height":296,"caption":"Mundoacuicola"},"image":{"@id":"https:\/\/www.mundoacuicola.cl\/new\/#\/schema\/logo\/image\/"},"sameAs":["https:\/\/www.facebook.com\/mundo.acuicola\/","https:\/\/x.com\/mundoacuicola","https:\/\/www.linkedin.com\/in\/mundo-acuicola"]},{"@type":"Person","@id":"https:\/\/www.mundoacuicola.cl\/new\/#\/schema\/person\/c00ffe389abb88bd9254653add139315","name":"mbarrueto","url":"https:\/\/www.mundoacuicola.cl\/new\/author\/mbarrueto\/"}]}},"_links":{"self":[{"href":"https:\/\/www.mundoacuicola.cl\/new\/wp-json\/wp\/v2\/posts\/78290","targetHints":{"allow":["GET"]}}],"collection":[{"href":"https:\/\/www.mundoacuicola.cl\/new\/wp-json\/wp\/v2\/posts"}],"about":[{"href":"https:\/\/www.mundoacuicola.cl\/new\/wp-json\/wp\/v2\/types\/post"}],"author":[{"embeddable":true,"href":"https:\/\/www.mundoacuicola.cl\/new\/wp-json\/wp\/v2\/users\/10"}],"replies":[{"embeddable":true,"href":"https:\/\/www.mundoacuicola.cl\/new\/wp-json\/wp\/v2\/comments?post=78290"}],"version-history":[{"count":0,"href":"https:\/\/www.mundoacuicola.cl\/new\/wp-json\/wp\/v2\/posts\/78290\/revisions"}],"wp:featuredmedia":[{"embeddable":true,"href":"https:\/\/www.mundoacuicola.cl\/new\/wp-json\/wp\/v2\/media\/78291"}],"wp:attachment":[{"href":"https:\/\/www.mundoacuicola.cl\/new\/wp-json\/wp\/v2\/media?parent=78290"}],"wp:term":[{"taxonomy":"category","embeddable":true,"href":"https:\/\/www.mundoacuicola.cl\/new\/wp-json\/wp\/v2\/categories?post=78290"},{"taxonomy":"post_tag","embeddable":true,"href":"https:\/\/www.mundoacuicola.cl\/new\/wp-json\/wp\/v2\/tags?post=78290"}],"curies":[{"name":"wp","href":"https:\/\/api.w.org\/{rel}","templated":true}]}}