{"id":78312,"date":"2025-08-08T10:10:46","date_gmt":"2025-08-08T14:10:46","guid":{"rendered":"https:\/\/www.mundoacuicola.cl\/new\/?p=78312"},"modified":"2025-08-12T08:20:19","modified_gmt":"2025-08-12T12:20:19","slug":"mowi-acerca-su-labor-salmonera-a-ninos-de-aysen-con-jornada-educativa","status":"publish","type":"post","link":"https:\/\/www.mundoacuicola.cl\/new\/mowi-acerca-su-labor-salmonera-a-ninos-de-aysen-con-jornada-educativa\/","title":{"rendered":"Mowi acerca su labor salmonera a ni\u00f1os de Ays\u00e9n con jornada educativa"},"content":{"rendered":"<p>Con el objetivo de acercar la labor productiva a las comunidades locales y fomentar el aprendizaje sobre la industria desde la infancia, Mowi ha puesto en marcha una innovadora jornada educativa en su planta de Ays\u00e9n, que contempl\u00f3 la participaci\u00f3n de m\u00e1s de 50 ni\u00f1os, junto a sus familias y colaboradores.<\/p>\n<p>La actividad incluy\u00f3 un recorrido completo por las instalaciones, charlas de seguridad adaptadas a menores de edad, experiencias de realidad virtual sobre el ciclo del salm\u00f3n y una serie de din\u00e1micas l\u00fadicas que permitieron a los m\u00e1s peque\u00f1os aprender, jugar y compartir en un ambiente seguro y cercano.<\/p>\n<p><em>\u201cEl d\u00eda de hoy quisimos abrir las puertas de Mowi para que las personas se acerquen a la compa\u00f1\u00eda, vean d\u00f3nde trabajan sus pap\u00e1s, sus t\u00edos, sus abuelos, y crear este sentido de pertenencia tan importante. Mostrarles el compromiso que tenemos por lo que hacemos es una forma concreta de vincularnos con nuestras comunidades\u201d<\/em>, destac\u00f3 la subgerente de Gesti\u00f3n de Personas de Mowi, Ximena Salinas.<\/p>\n<p>Durante la jornada, los ni\u00f1os recibieron elementos de seguridad adecuados a su edad, como cubrecalzados, cofias y pecheras pl\u00e1sticas, lo que les permiti\u00f3 ingresar a la planta sin riesgos y con acompa\u00f1amiento permanente de adultos. Adem\u00e1s, participaron en actividades como juegos de destreza, desayunos grupales y almuerzos compartidos.<\/p>\n<h3>Realidad virtual<\/h3>\n<p>Uno de los momentos m\u00e1s llamativos fue la experiencia inmersiva de realidad virtual, donde pudieron conocer los entornos de agua dulce y agua mar en que se desarrolla parte del ciclo del salm\u00f3n. Gracias a lentes VR y una din\u00e1mica de grupos, los participantes recorren en 360\u00b0 el mundo acu\u00edcola, acerc\u00e1ndose de forma innovadora a la actividad que mueve a su regi\u00f3n.<\/p>\n<p><em>\u201cEs bonito ver que se diviertan y puedan conocer el lugar donde uno trabaja. Agradecemos a Mowi por brindarle esta experiencia a los ni\u00f1os, y esperamos que se repita en el futuro\u201d, coment\u00f3 Mar\u00eda Raquel Altamirano, operaria de la planta secundaria de Chacabuco, quien particip\u00f3 junto a su familia.<\/em><\/p>\n<p>En esta l\u00ednea, el subgerente de Procesos de Mowi, Juan Ignacio Aguilera., afirm\u00f3 que \u201c<em>fue muy enriquecedor ver el inter\u00e9s de los ni\u00f1os por conocer lo que hacemos y c\u00f3mo trabajamos. Esta fue una oportunidad para mostrarles el compromiso que tenemos con el bienestar de sus familiares. Quisimos que vieran todo el esfuerzo que hacemos para que cada persona regrese sana y salva a su hogar\u201d.\u00a0<\/em><\/p>\n","protected":false},"excerpt":{"rendered":"<p>M\u00e1s de 50 ni\u00f1os y sus familias participaron en una jornada educativa en la planta de Mowi en Ays\u00e9n, con recorridos, juegos y realidad virtual.<\/p>\n","protected":false},"author":10,"featured_media":78313,"comment_status":"closed","ping_status":"closed","sticky":false,"template":"","format":"standard","meta":{"footnotes":""},"categories":[111],"tags":[1261,143,16292,122,4022,2907,3125,27163,3559,184,2273,6027,137,197],"class_list":["post-78312","post","type-post","status-publish","format-standard","has-post-thumbnail","hentry","category-rse","tag-acuicola","tag-acuicultura","tag-ciclo-del-salmon","tag-industria-acuicola","tag-industria-del-salmon","tag-industria-salmonera","tag-mowi","tag-mowi-aysen","tag-mowi-chile","tag-salmon","tag-salmon-chileno","tag-salmonera","tag-salmones","tag-salmonicultura"],"yoast_head":"<!-- This site is optimized with the Yoast SEO plugin v27.5 - https:\/\/yoast.com\/product\/yoast-seo-wordpress\/ -->\n<title>Mowi acerca su labor salmonera a ni\u00f1os de Ays\u00e9n con jornada educativa - Mundoacuicola<\/title>\n<meta name=\"description\" content=\"M\u00e1s de 50 ni\u00f1os y sus familias participaron en una jornada educativa en la planta de Mowi en Ays\u00e9n, con recorridos, juegos y realidad virtual.\" \/>\n<meta name=\"robots\" content=\"index, follow, max-snippet:-1, max-image-preview:large, max-video-preview:-1\" \/>\n<link rel=\"canonical\" href=\"https:\/\/www.mundoacuicola.cl\/new\/mowi-acerca-su-labor-salmonera-a-ninos-de-aysen-con-jornada-educativa\/\" \/>\n<meta property=\"og:locale\" content=\"es_ES\" \/>\n<meta property=\"og:type\" content=\"article\" \/>\n<meta property=\"og:title\" content=\"Mowi acerca su labor salmonera a ni\u00f1os de Ays\u00e9n con jornada educativa - Mundoacuicola\" \/>\n<meta property=\"og:description\" content=\"M\u00e1s de 50 ni\u00f1os y sus familias participaron en una jornada educativa en la planta de Mowi en Ays\u00e9n, con recorridos, juegos y realidad virtual.\" \/>\n<meta property=\"og:url\" content=\"https:\/\/www.mundoacuicola.cl\/new\/mowi-acerca-su-labor-salmonera-a-ninos-de-aysen-con-jornada-educativa\/\" \/>\n<meta property=\"og:site_name\" content=\"Mundoacuicola\" \/>\n<meta property=\"article:publisher\" content=\"https:\/\/www.facebook.com\/mundo.acuicola\/\" \/>\n<meta property=\"article:published_time\" content=\"2025-08-08T14:10:46+00:00\" \/>\n<meta property=\"article:modified_time\" content=\"2025-08-12T12:20:19+00:00\" \/>\n<meta property=\"og:image\" content=\"https:\/\/www.mundoacuicola.cl\/new\/wp-content\/uploads\/2025\/08\/visitaseducativasMowi.jpg\" \/>\n\t<meta property=\"og:image:width\" content=\"750\" \/>\n\t<meta property=\"og:image:height\" content=\"400\" \/>\n\t<meta property=\"og:image:type\" content=\"image\/jpeg\" \/>\n<meta name=\"author\" content=\"mbarrueto\" \/>\n<meta name=\"twitter:card\" content=\"summary_large_image\" \/>\n<meta name=\"twitter:creator\" content=\"@mundoacuicola\" \/>\n<meta name=\"twitter:site\" content=\"@mundoacuicola\" \/>\n<meta name=\"twitter:label1\" content=\"Escrito por\" \/>\n\t<meta name=\"twitter:data1\" content=\"mbarrueto\" \/>\n\t<meta name=\"twitter:label2\" content=\"Tiempo de lectura\" \/>\n\t<meta name=\"twitter:data2\" content=\"2 minutos\" \/>\n<script type=\"application\/ld+json\" class=\"yoast-schema-graph\">{\"@context\":\"https:\\\/\\\/schema.org\",\"@graph\":[{\"@type\":\"Article\",\"@id\":\"https:\\\/\\\/www.mundoacuicola.cl\\\/new\\\/mowi-acerca-su-labor-salmonera-a-ninos-de-aysen-con-jornada-educativa\\\/#article\",\"isPartOf\":{\"@id\":\"https:\\\/\\\/www.mundoacuicola.cl\\\/new\\\/mowi-acerca-su-labor-salmonera-a-ninos-de-aysen-con-jornada-educativa\\\/\"},\"author\":{\"name\":\"mbarrueto\",\"@id\":\"https:\\\/\\\/www.mundoacuicola.cl\\\/new\\\/#\\\/schema\\\/person\\\/c00ffe389abb88bd9254653add139315\"},\"headline\":\"Mowi acerca su labor salmonera a ni\u00f1os de Ays\u00e9n con jornada educativa\",\"datePublished\":\"2025-08-08T14:10:46+00:00\",\"dateModified\":\"2025-08-12T12:20:19+00:00\",\"mainEntityOfPage\":{\"@id\":\"https:\\\/\\\/www.mundoacuicola.cl\\\/new\\\/mowi-acerca-su-labor-salmonera-a-ninos-de-aysen-con-jornada-educativa\\\/\"},\"wordCount\":434,\"publisher\":{\"@id\":\"https:\\\/\\\/www.mundoacuicola.cl\\\/new\\\/#organization\"},\"image\":{\"@id\":\"https:\\\/\\\/www.mundoacuicola.cl\\\/new\\\/mowi-acerca-su-labor-salmonera-a-ninos-de-aysen-con-jornada-educativa\\\/#primaryimage\"},\"thumbnailUrl\":\"https:\\\/\\\/www.mundoacuicola.cl\\\/new\\\/wp-content\\\/uploads\\\/2025\\\/08\\\/visitaseducativasMowi.jpg\",\"keywords\":[\"Acu\u00edcola\",\"Acuicultura\",\"ciclo del salm\u00f3n\",\"Industria Acu\u00edcola\",\"industria del salm\u00f3n\",\"Industria salmonera\",\"Mowi\",\"Mowi Ays\u00e9n\",\"Mowi Chile\",\"Salm\u00f3n\",\"Salm\u00f3n chileno\",\"salmonera\",\"salmones\",\"salmonicultura\"],\"articleSection\":[\"RSE\"],\"inLanguage\":\"es\"},{\"@type\":\"WebPage\",\"@id\":\"https:\\\/\\\/www.mundoacuicola.cl\\\/new\\\/mowi-acerca-su-labor-salmonera-a-ninos-de-aysen-con-jornada-educativa\\\/\",\"url\":\"https:\\\/\\\/www.mundoacuicola.cl\\\/new\\\/mowi-acerca-su-labor-salmonera-a-ninos-de-aysen-con-jornada-educativa\\\/\",\"name\":\"Mowi acerca su labor salmonera a ni\u00f1os de Ays\u00e9n con jornada educativa - Mundoacuicola\",\"isPartOf\":{\"@id\":\"https:\\\/\\\/www.mundoacuicola.cl\\\/new\\\/#website\"},\"primaryImageOfPage\":{\"@id\":\"https:\\\/\\\/www.mundoacuicola.cl\\\/new\\\/mowi-acerca-su-labor-salmonera-a-ninos-de-aysen-con-jornada-educativa\\\/#primaryimage\"},\"image\":{\"@id\":\"https:\\\/\\\/www.mundoacuicola.cl\\\/new\\\/mowi-acerca-su-labor-salmonera-a-ninos-de-aysen-con-jornada-educativa\\\/#primaryimage\"},\"thumbnailUrl\":\"https:\\\/\\\/www.mundoacuicola.cl\\\/new\\\/wp-content\\\/uploads\\\/2025\\\/08\\\/visitaseducativasMowi.jpg\",\"datePublished\":\"2025-08-08T14:10:46+00:00\",\"dateModified\":\"2025-08-12T12:20:19+00:00\",\"description\":\"M\u00e1s de 50 ni\u00f1os y sus familias participaron en una jornada educativa en la planta de Mowi en Ays\u00e9n, con recorridos, juegos y realidad virtual.\",\"breadcrumb\":{\"@id\":\"https:\\\/\\\/www.mundoacuicola.cl\\\/new\\\/mowi-acerca-su-labor-salmonera-a-ninos-de-aysen-con-jornada-educativa\\\/#breadcrumb\"},\"inLanguage\":\"es\",\"potentialAction\":[{\"@type\":\"ReadAction\",\"target\":[\"https:\\\/\\\/www.mundoacuicola.cl\\\/new\\\/mowi-acerca-su-labor-salmonera-a-ninos-de-aysen-con-jornada-educativa\\\/\"]}]},{\"@type\":\"ImageObject\",\"inLanguage\":\"es\",\"@id\":\"https:\\\/\\\/www.mundoacuicola.cl\\\/new\\\/mowi-acerca-su-labor-salmonera-a-ninos-de-aysen-con-jornada-educativa\\\/#primaryimage\",\"url\":\"https:\\\/\\\/www.mundoacuicola.cl\\\/new\\\/wp-content\\\/uploads\\\/2025\\\/08\\\/visitaseducativasMowi.jpg\",\"contentUrl\":\"https:\\\/\\\/www.mundoacuicola.cl\\\/new\\\/wp-content\\\/uploads\\\/2025\\\/08\\\/visitaseducativasMowi.jpg\",\"width\":750,\"height\":400},{\"@type\":\"BreadcrumbList\",\"@id\":\"https:\\\/\\\/www.mundoacuicola.cl\\\/new\\\/mowi-acerca-su-labor-salmonera-a-ninos-de-aysen-con-jornada-educativa\\\/#breadcrumb\",\"itemListElement\":[{\"@type\":\"ListItem\",\"position\":1,\"name\":\"Portada\",\"item\":\"https:\\\/\\\/www.mundoacuicola.cl\\\/new\\\/\"},{\"@type\":\"ListItem\",\"position\":2,\"name\":\"Mowi acerca su labor salmonera a ni\u00f1os de Ays\u00e9n con jornada educativa\"}]},{\"@type\":\"WebSite\",\"@id\":\"https:\\\/\\\/www.mundoacuicola.cl\\\/new\\\/#website\",\"url\":\"https:\\\/\\\/www.mundoacuicola.cl\\\/new\\\/\",\"name\":\"Mundoacuicola\",\"description\":\"Revista de Acuicultura.\",\"publisher\":{\"@id\":\"https:\\\/\\\/www.mundoacuicola.cl\\\/new\\\/#organization\"},\"potentialAction\":[{\"@type\":\"SearchAction\",\"target\":{\"@type\":\"EntryPoint\",\"urlTemplate\":\"https:\\\/\\\/www.mundoacuicola.cl\\\/new\\\/?s={search_term_string}\"},\"query-input\":{\"@type\":\"PropertyValueSpecification\",\"valueRequired\":true,\"valueName\":\"search_term_string\"}}],\"inLanguage\":\"es\"},{\"@type\":\"Organization\",\"@id\":\"https:\\\/\\\/www.mundoacuicola.cl\\\/new\\\/#organization\",\"name\":\"Mundoacuicola\",\"url\":\"https:\\\/\\\/www.mundoacuicola.cl\\\/new\\\/\",\"logo\":{\"@type\":\"ImageObject\",\"inLanguage\":\"es\",\"@id\":\"https:\\\/\\\/www.mundoacuicola.cl\\\/new\\\/#\\\/schema\\\/logo\\\/image\\\/\",\"url\":\"https:\\\/\\\/www.mundoacuicola.cl\\\/new\\\/wp-content\\\/uploads\\\/2026\\\/01\\\/cropped-LOGO-Mundo-Acuicola-2026.png\",\"contentUrl\":\"https:\\\/\\\/www.mundoacuicola.cl\\\/new\\\/wp-content\\\/uploads\\\/2026\\\/01\\\/cropped-LOGO-Mundo-Acuicola-2026.png\",\"width\":1252,\"height\":296,\"caption\":\"Mundoacuicola\"},\"image\":{\"@id\":\"https:\\\/\\\/www.mundoacuicola.cl\\\/new\\\/#\\\/schema\\\/logo\\\/image\\\/\"},\"sameAs\":[\"https:\\\/\\\/www.facebook.com\\\/mundo.acuicola\\\/\",\"https:\\\/\\\/x.com\\\/mundoacuicola\",\"https:\\\/\\\/www.linkedin.com\\\/in\\\/mundo-acuicola\"]},{\"@type\":\"Person\",\"@id\":\"https:\\\/\\\/www.mundoacuicola.cl\\\/new\\\/#\\\/schema\\\/person\\\/c00ffe389abb88bd9254653add139315\",\"name\":\"mbarrueto\",\"url\":\"https:\\\/\\\/www.mundoacuicola.cl\\\/new\\\/author\\\/mbarrueto\\\/\"}]}<\/script>\n<!-- \/ Yoast SEO plugin. -->","yoast_head_json":{"title":"Mowi acerca su labor salmonera a ni\u00f1os de Ays\u00e9n con jornada educativa - Mundoacuicola","description":"M\u00e1s de 50 ni\u00f1os y sus familias participaron en una jornada educativa en la planta de Mowi en Ays\u00e9n, con recorridos, juegos y realidad virtual.","robots":{"index":"index","follow":"follow","max-snippet":"max-snippet:-1","max-image-preview":"max-image-preview:large","max-video-preview":"max-video-preview:-1"},"canonical":"https:\/\/www.mundoacuicola.cl\/new\/mowi-acerca-su-labor-salmonera-a-ninos-de-aysen-con-jornada-educativa\/","og_locale":"es_ES","og_type":"article","og_title":"Mowi acerca su labor salmonera a ni\u00f1os de Ays\u00e9n con jornada educativa - Mundoacuicola","og_description":"M\u00e1s de 50 ni\u00f1os y sus familias participaron en una jornada educativa en la planta de Mowi en Ays\u00e9n, con recorridos, juegos y realidad virtual.","og_url":"https:\/\/www.mundoacuicola.cl\/new\/mowi-acerca-su-labor-salmonera-a-ninos-de-aysen-con-jornada-educativa\/","og_site_name":"Mundoacuicola","article_publisher":"https:\/\/www.facebook.com\/mundo.acuicola\/","article_published_time":"2025-08-08T14:10:46+00:00","article_modified_time":"2025-08-12T12:20:19+00:00","og_image":[{"width":750,"height":400,"url":"https:\/\/www.mundoacuicola.cl\/new\/wp-content\/uploads\/2025\/08\/visitaseducativasMowi.jpg","type":"image\/jpeg"}],"author":"mbarrueto","twitter_card":"summary_large_image","twitter_creator":"@mundoacuicola","twitter_site":"@mundoacuicola","twitter_misc":{"Escrito por":"mbarrueto","Tiempo de lectura":"2 minutos"},"schema":{"@context":"https:\/\/schema.org","@graph":[{"@type":"Article","@id":"https:\/\/www.mundoacuicola.cl\/new\/mowi-acerca-su-labor-salmonera-a-ninos-de-aysen-con-jornada-educativa\/#article","isPartOf":{"@id":"https:\/\/www.mundoacuicola.cl\/new\/mowi-acerca-su-labor-salmonera-a-ninos-de-aysen-con-jornada-educativa\/"},"author":{"name":"mbarrueto","@id":"https:\/\/www.mundoacuicola.cl\/new\/#\/schema\/person\/c00ffe389abb88bd9254653add139315"},"headline":"Mowi acerca su labor salmonera a ni\u00f1os de Ays\u00e9n con jornada educativa","datePublished":"2025-08-08T14:10:46+00:00","dateModified":"2025-08-12T12:20:19+00:00","mainEntityOfPage":{"@id":"https:\/\/www.mundoacuicola.cl\/new\/mowi-acerca-su-labor-salmonera-a-ninos-de-aysen-con-jornada-educativa\/"},"wordCount":434,"publisher":{"@id":"https:\/\/www.mundoacuicola.cl\/new\/#organization"},"image":{"@id":"https:\/\/www.mundoacuicola.cl\/new\/mowi-acerca-su-labor-salmonera-a-ninos-de-aysen-con-jornada-educativa\/#primaryimage"},"thumbnailUrl":"https:\/\/www.mundoacuicola.cl\/new\/wp-content\/uploads\/2025\/08\/visitaseducativasMowi.jpg","keywords":["Acu\u00edcola","Acuicultura","ciclo del salm\u00f3n","Industria Acu\u00edcola","industria del salm\u00f3n","Industria salmonera","Mowi","Mowi Ays\u00e9n","Mowi Chile","Salm\u00f3n","Salm\u00f3n chileno","salmonera","salmones","salmonicultura"],"articleSection":["RSE"],"inLanguage":"es"},{"@type":"WebPage","@id":"https:\/\/www.mundoacuicola.cl\/new\/mowi-acerca-su-labor-salmonera-a-ninos-de-aysen-con-jornada-educativa\/","url":"https:\/\/www.mundoacuicola.cl\/new\/mowi-acerca-su-labor-salmonera-a-ninos-de-aysen-con-jornada-educativa\/","name":"Mowi acerca su labor salmonera a ni\u00f1os de Ays\u00e9n con jornada educativa - Mundoacuicola","isPartOf":{"@id":"https:\/\/www.mundoacuicola.cl\/new\/#website"},"primaryImageOfPage":{"@id":"https:\/\/www.mundoacuicola.cl\/new\/mowi-acerca-su-labor-salmonera-a-ninos-de-aysen-con-jornada-educativa\/#primaryimage"},"image":{"@id":"https:\/\/www.mundoacuicola.cl\/new\/mowi-acerca-su-labor-salmonera-a-ninos-de-aysen-con-jornada-educativa\/#primaryimage"},"thumbnailUrl":"https:\/\/www.mundoacuicola.cl\/new\/wp-content\/uploads\/2025\/08\/visitaseducativasMowi.jpg","datePublished":"2025-08-08T14:10:46+00:00","dateModified":"2025-08-12T12:20:19+00:00","description":"M\u00e1s de 50 ni\u00f1os y sus familias participaron en una jornada educativa en la planta de Mowi en Ays\u00e9n, con recorridos, juegos y realidad virtual.","breadcrumb":{"@id":"https:\/\/www.mundoacuicola.cl\/new\/mowi-acerca-su-labor-salmonera-a-ninos-de-aysen-con-jornada-educativa\/#breadcrumb"},"inLanguage":"es","potentialAction":[{"@type":"ReadAction","target":["https:\/\/www.mundoacuicola.cl\/new\/mowi-acerca-su-labor-salmonera-a-ninos-de-aysen-con-jornada-educativa\/"]}]},{"@type":"ImageObject","inLanguage":"es","@id":"https:\/\/www.mundoacuicola.cl\/new\/mowi-acerca-su-labor-salmonera-a-ninos-de-aysen-con-jornada-educativa\/#primaryimage","url":"https:\/\/www.mundoacuicola.cl\/new\/wp-content\/uploads\/2025\/08\/visitaseducativasMowi.jpg","contentUrl":"https:\/\/www.mundoacuicola.cl\/new\/wp-content\/uploads\/2025\/08\/visitaseducativasMowi.jpg","width":750,"height":400},{"@type":"BreadcrumbList","@id":"https:\/\/www.mundoacuicola.cl\/new\/mowi-acerca-su-labor-salmonera-a-ninos-de-aysen-con-jornada-educativa\/#breadcrumb","itemListElement":[{"@type":"ListItem","position":1,"name":"Portada","item":"https:\/\/www.mundoacuicola.cl\/new\/"},{"@type":"ListItem","position":2,"name":"Mowi acerca su labor salmonera a ni\u00f1os de Ays\u00e9n con jornada educativa"}]},{"@type":"WebSite","@id":"https:\/\/www.mundoacuicola.cl\/new\/#website","url":"https:\/\/www.mundoacuicola.cl\/new\/","name":"Mundoacuicola","description":"Revista de Acuicultura.","publisher":{"@id":"https:\/\/www.mundoacuicola.cl\/new\/#organization"},"potentialAction":[{"@type":"SearchAction","target":{"@type":"EntryPoint","urlTemplate":"https:\/\/www.mundoacuicola.cl\/new\/?s={search_term_string}"},"query-input":{"@type":"PropertyValueSpecification","valueRequired":true,"valueName":"search_term_string"}}],"inLanguage":"es"},{"@type":"Organization","@id":"https:\/\/www.mundoacuicola.cl\/new\/#organization","name":"Mundoacuicola","url":"https:\/\/www.mundoacuicola.cl\/new\/","logo":{"@type":"ImageObject","inLanguage":"es","@id":"https:\/\/www.mundoacuicola.cl\/new\/#\/schema\/logo\/image\/","url":"https:\/\/www.mundoacuicola.cl\/new\/wp-content\/uploads\/2026\/01\/cropped-LOGO-Mundo-Acuicola-2026.png","contentUrl":"https:\/\/www.mundoacuicola.cl\/new\/wp-content\/uploads\/2026\/01\/cropped-LOGO-Mundo-Acuicola-2026.png","width":1252,"height":296,"caption":"Mundoacuicola"},"image":{"@id":"https:\/\/www.mundoacuicola.cl\/new\/#\/schema\/logo\/image\/"},"sameAs":["https:\/\/www.facebook.com\/mundo.acuicola\/","https:\/\/x.com\/mundoacuicola","https:\/\/www.linkedin.com\/in\/mundo-acuicola"]},{"@type":"Person","@id":"https:\/\/www.mundoacuicola.cl\/new\/#\/schema\/person\/c00ffe389abb88bd9254653add139315","name":"mbarrueto","url":"https:\/\/www.mundoacuicola.cl\/new\/author\/mbarrueto\/"}]}},"_links":{"self":[{"href":"https:\/\/www.mundoacuicola.cl\/new\/wp-json\/wp\/v2\/posts\/78312","targetHints":{"allow":["GET"]}}],"collection":[{"href":"https:\/\/www.mundoacuicola.cl\/new\/wp-json\/wp\/v2\/posts"}],"about":[{"href":"https:\/\/www.mundoacuicola.cl\/new\/wp-json\/wp\/v2\/types\/post"}],"author":[{"embeddable":true,"href":"https:\/\/www.mundoacuicola.cl\/new\/wp-json\/wp\/v2\/users\/10"}],"replies":[{"embeddable":true,"href":"https:\/\/www.mundoacuicola.cl\/new\/wp-json\/wp\/v2\/comments?post=78312"}],"version-history":[{"count":0,"href":"https:\/\/www.mundoacuicola.cl\/new\/wp-json\/wp\/v2\/posts\/78312\/revisions"}],"wp:featuredmedia":[{"embeddable":true,"href":"https:\/\/www.mundoacuicola.cl\/new\/wp-json\/wp\/v2\/media\/78313"}],"wp:attachment":[{"href":"https:\/\/www.mundoacuicola.cl\/new\/wp-json\/wp\/v2\/media?parent=78312"}],"wp:term":[{"taxonomy":"category","embeddable":true,"href":"https:\/\/www.mundoacuicola.cl\/new\/wp-json\/wp\/v2\/categories?post=78312"},{"taxonomy":"post_tag","embeddable":true,"href":"https:\/\/www.mundoacuicola.cl\/new\/wp-json\/wp\/v2\/tags?post=78312"}],"curies":[{"name":"wp","href":"https:\/\/api.w.org\/{rel}","templated":true}]}}