{"id":78408,"date":"2025-08-12T10:54:45","date_gmt":"2025-08-12T14:54:45","guid":{"rendered":"https:\/\/www.mundoacuicola.cl\/new\/?p=78408"},"modified":"2025-08-13T09:11:33","modified_gmt":"2025-08-13T13:11:33","slug":"estudio-indaga-desafios-y-proyecciones-de-los-buzos-en-acuicultura","status":"publish","type":"post","link":"https:\/\/www.mundoacuicola.cl\/new\/estudio-indaga-desafios-y-proyecciones-de-los-buzos-en-acuicultura\/","title":{"rendered":"Estudio indaga desaf\u00edos y proyecciones de los buzos en acuicultura"},"content":{"rendered":"<p>Caracterizar laboralmente ocupaciones de inter\u00e9s regional, mediante la identificaci\u00f3n de habilidades t\u00e9cnicas y socioemocionales requeridas, requisitos de contrataci\u00f3n, necesidades de capacitaci\u00f3n y certificaci\u00f3n laboral, adem\u00e1s de desaf\u00edos futuros relacionados a la ocupaci\u00f3n ante fen\u00f3menos como el cambio clim\u00e1tico y tecnol\u00f3gico, es lo que busca el trabajo que se encuentra realizando el Observatorio Laboral de la Subsecretar\u00eda del Trabajo en la Regi\u00f3n de Los Lagos, a trav\u00e9s del Estudio de Profundizaci\u00f3n de Ocupaciones (POC), espec\u00edficamente en buzos, relacionados a la acuicultura.<\/p>\n<p>\u201cA partir de estos t\u00f3picos se busca hacer una descripci\u00f3n detallada de aspectos de inter\u00e9s sobre los Buzos, en el caso particular de la actividad acu\u00edcola en la regi\u00f3n de Los Lagos. Este estudio considera informaci\u00f3n tanto de actores p\u00fablicos, empleadores, expertos y trabajadores, con el fin de conocer la visi\u00f3n que cada uno tiene respecto de los desaf\u00edos y caracter\u00edsticas que enfrenta esta ocupaci\u00f3n en el contexto laboral regional. Para ello, se realizaron entrevistas a estos informantes, adem\u00e1s de la realizaci\u00f3n de grupos focales con el fin de complementar la informaci\u00f3n recogida\u201d, explica el coordinador del estudio, profesional del Observatorio Laboral, Ignacio Ord\u00f3\u00f1ez.<\/p>\n<p>\u201cPara nosotros, como Ministerio del Trabajo y Previsi\u00f3n Social, es muy relevante contar con informaci\u00f3n actualizada y territorial sobre una ocupaci\u00f3n tan importante como la de los buzos en el sector acu\u00edcola. El Estudio de Profundizaci\u00f3n de Ocupaciones, que desarrolla el Observatorio Laboral de la Subsecretar\u00eda del Trabajo, permitir\u00e1 orientar de mejor manera las pol\u00edticas p\u00fablicas, la capacitaci\u00f3n y la empleabilidad en la regi\u00f3n, considerando adem\u00e1s los desaf\u00edos que impone el cambio clim\u00e1tico y la transformaci\u00f3n tecnol\u00f3gica\u201d, se\u00f1al\u00f3 el Seremi del Trabajo y Previsi\u00f3n Social, Ricardo Ebner.<\/p>\n<h3>Insumo para pol\u00edticas p\u00fablicas<\/h3>\n<p>Seg\u00fan se indica, la informaci\u00f3n levantada en este estudio servir\u00e1 de insumo para orientar la toma de decisiones en materia de capacitaci\u00f3n e intermediaci\u00f3n laboral, tanto para instituciones p\u00fablicas como para otros actores de inter\u00e9s, ya que este producto ser\u00e1 accesible de manera p\u00fablica a trav\u00e9s del cat\u00e1logo de ocupaciones elaborado por la red de Observatorios Laborales a lo largo del pa\u00eds y puesto a disposici\u00f3n por la Subsecretar\u00eda del Trabajo, adem\u00e1s de difundirlo entre actores de inter\u00e9s.<\/p>\n<p>Actualmente el estudio est\u00e1 en fase de elaboraci\u00f3n y se proyecta estar terminado dentro de los pr\u00f3ximos meses, para pasar a formar parte del cat\u00e1logo de ocupaciones a nivel nacional que estar\u00e1 publicado y a disposici\u00f3n de quienes requieran de dicha informaci\u00f3n.<\/p>\n<p>El estudio de Profundizaci\u00f3n de Ocupaciones se realiza anualmente por la red de Observatorios Laborales, en donde cada a\u00f1o se abordan ocupaciones diferentes en las regiones, a partir de criterios de selecci\u00f3n establecidos previamente, en coordinaci\u00f3n con la Subsecretar\u00eda del Trabajo y la red de Observatorios Laborales.<\/p>\n","protected":false},"excerpt":{"rendered":"<p>El Observatorio Laboral analiza la ocupaci\u00f3n de buzos en acuicultura en Los Lagos para orientar pol\u00edticas p\u00fablicas y capacitaci\u00f3n laboral.<\/p>\n","protected":false},"author":10,"featured_media":78410,"comment_status":"closed","ping_status":"closed","sticky":false,"template":"","format":"standard","meta":{"footnotes":""},"categories":[66],"tags":[1261,143,3336,2704,27194,27197,27196,27195,563,2231],"class_list":["post-78408","post","type-post","status-publish","format-standard","has-post-thumbnail","hentry","category-acuicultura","tag-acuicola","tag-acuicultura","tag-buceo","tag-buzos","tag-buzos-acuicolas","tag-ministerio-del-trabajo","tag-mintrab","tag-observatorio-laboral","tag-region-de-los-lagos","tag-subsecretaria-del-trabajo"],"yoast_head":"<!-- This site is optimized with the Yoast SEO plugin v27.4 - https:\/\/yoast.com\/product\/yoast-seo-wordpress\/ -->\n<title>Estudio indaga desaf\u00edos y proyecciones de los buzos en acuicultura - Mundoacuicola<\/title>\n<meta name=\"description\" content=\"El Observatorio Laboral analiza la ocupaci\u00f3n de buzos en acuicultura en Los Lagos para orientar pol\u00edticas p\u00fablicas y capacitaci\u00f3n laboral.\" \/>\n<meta name=\"robots\" content=\"index, follow, max-snippet:-1, max-image-preview:large, max-video-preview:-1\" \/>\n<link rel=\"canonical\" href=\"https:\/\/www.mundoacuicola.cl\/new\/estudio-indaga-desafios-y-proyecciones-de-los-buzos-en-acuicultura\/\" \/>\n<meta property=\"og:locale\" content=\"es_ES\" \/>\n<meta property=\"og:type\" content=\"article\" \/>\n<meta property=\"og:title\" content=\"Estudio indaga desaf\u00edos y proyecciones de los buzos en acuicultura - Mundoacuicola\" \/>\n<meta property=\"og:description\" content=\"El Observatorio Laboral analiza la ocupaci\u00f3n de buzos en acuicultura en Los Lagos para orientar pol\u00edticas p\u00fablicas y capacitaci\u00f3n laboral.\" \/>\n<meta property=\"og:url\" content=\"https:\/\/www.mundoacuicola.cl\/new\/estudio-indaga-desafios-y-proyecciones-de-los-buzos-en-acuicultura\/\" \/>\n<meta property=\"og:site_name\" content=\"Mundoacuicola\" \/>\n<meta property=\"article:publisher\" content=\"https:\/\/www.facebook.com\/mundo.acuicola\/\" \/>\n<meta property=\"article:published_time\" content=\"2025-08-12T14:54:45+00:00\" \/>\n<meta property=\"article:modified_time\" content=\"2025-08-13T13:11:33+00:00\" \/>\n<meta property=\"og:image\" content=\"https:\/\/www.mundoacuicola.cl\/new\/wp-content\/uploads\/2025\/08\/Estudiobuzos.jpg\" \/>\n\t<meta property=\"og:image:width\" content=\"750\" \/>\n\t<meta property=\"og:image:height\" content=\"400\" \/>\n\t<meta property=\"og:image:type\" content=\"image\/jpeg\" \/>\n<meta name=\"author\" content=\"mbarrueto\" \/>\n<meta name=\"twitter:card\" content=\"summary_large_image\" \/>\n<meta name=\"twitter:creator\" content=\"@mundoacuicola\" \/>\n<meta name=\"twitter:site\" content=\"@mundoacuicola\" \/>\n<meta name=\"twitter:label1\" content=\"Escrito por\" \/>\n\t<meta name=\"twitter:data1\" content=\"mbarrueto\" \/>\n\t<meta name=\"twitter:label2\" content=\"Tiempo de lectura\" \/>\n\t<meta name=\"twitter:data2\" content=\"3 minutos\" \/>\n<script type=\"application\/ld+json\" class=\"yoast-schema-graph\">{\"@context\":\"https:\\\/\\\/schema.org\",\"@graph\":[{\"@type\":\"Article\",\"@id\":\"https:\\\/\\\/www.mundoacuicola.cl\\\/new\\\/estudio-indaga-desafios-y-proyecciones-de-los-buzos-en-acuicultura\\\/#article\",\"isPartOf\":{\"@id\":\"https:\\\/\\\/www.mundoacuicola.cl\\\/new\\\/estudio-indaga-desafios-y-proyecciones-de-los-buzos-en-acuicultura\\\/\"},\"author\":{\"name\":\"mbarrueto\",\"@id\":\"https:\\\/\\\/www.mundoacuicola.cl\\\/new\\\/#\\\/schema\\\/person\\\/c00ffe389abb88bd9254653add139315\"},\"headline\":\"Estudio indaga desaf\u00edos y proyecciones de los buzos en acuicultura\",\"datePublished\":\"2025-08-12T14:54:45+00:00\",\"dateModified\":\"2025-08-13T13:11:33+00:00\",\"mainEntityOfPage\":{\"@id\":\"https:\\\/\\\/www.mundoacuicola.cl\\\/new\\\/estudio-indaga-desafios-y-proyecciones-de-los-buzos-en-acuicultura\\\/\"},\"wordCount\":528,\"publisher\":{\"@id\":\"https:\\\/\\\/www.mundoacuicola.cl\\\/new\\\/#organization\"},\"image\":{\"@id\":\"https:\\\/\\\/www.mundoacuicola.cl\\\/new\\\/estudio-indaga-desafios-y-proyecciones-de-los-buzos-en-acuicultura\\\/#primaryimage\"},\"thumbnailUrl\":\"https:\\\/\\\/www.mundoacuicola.cl\\\/new\\\/wp-content\\\/uploads\\\/2025\\\/08\\\/Estudiobuzos.jpg\",\"keywords\":[\"Acu\u00edcola\",\"Acuicultura\",\"buceo\",\"buzos\",\"Buzos acu\u00edcolas\",\"Ministerio del Trabajo\",\"Mintrab\",\"Observatorio Laboral\",\"Regi\u00f3n de Los Lagos\",\"Subsecretar\u00eda del Trabajo\"],\"articleSection\":[\"Acuicultura\"],\"inLanguage\":\"es\"},{\"@type\":\"WebPage\",\"@id\":\"https:\\\/\\\/www.mundoacuicola.cl\\\/new\\\/estudio-indaga-desafios-y-proyecciones-de-los-buzos-en-acuicultura\\\/\",\"url\":\"https:\\\/\\\/www.mundoacuicola.cl\\\/new\\\/estudio-indaga-desafios-y-proyecciones-de-los-buzos-en-acuicultura\\\/\",\"name\":\"Estudio indaga desaf\u00edos y proyecciones de los buzos en acuicultura - Mundoacuicola\",\"isPartOf\":{\"@id\":\"https:\\\/\\\/www.mundoacuicola.cl\\\/new\\\/#website\"},\"primaryImageOfPage\":{\"@id\":\"https:\\\/\\\/www.mundoacuicola.cl\\\/new\\\/estudio-indaga-desafios-y-proyecciones-de-los-buzos-en-acuicultura\\\/#primaryimage\"},\"image\":{\"@id\":\"https:\\\/\\\/www.mundoacuicola.cl\\\/new\\\/estudio-indaga-desafios-y-proyecciones-de-los-buzos-en-acuicultura\\\/#primaryimage\"},\"thumbnailUrl\":\"https:\\\/\\\/www.mundoacuicola.cl\\\/new\\\/wp-content\\\/uploads\\\/2025\\\/08\\\/Estudiobuzos.jpg\",\"datePublished\":\"2025-08-12T14:54:45+00:00\",\"dateModified\":\"2025-08-13T13:11:33+00:00\",\"description\":\"El Observatorio Laboral analiza la ocupaci\u00f3n de buzos en acuicultura en Los Lagos para orientar pol\u00edticas p\u00fablicas y capacitaci\u00f3n laboral.\",\"breadcrumb\":{\"@id\":\"https:\\\/\\\/www.mundoacuicola.cl\\\/new\\\/estudio-indaga-desafios-y-proyecciones-de-los-buzos-en-acuicultura\\\/#breadcrumb\"},\"inLanguage\":\"es\",\"potentialAction\":[{\"@type\":\"ReadAction\",\"target\":[\"https:\\\/\\\/www.mundoacuicola.cl\\\/new\\\/estudio-indaga-desafios-y-proyecciones-de-los-buzos-en-acuicultura\\\/\"]}]},{\"@type\":\"ImageObject\",\"inLanguage\":\"es\",\"@id\":\"https:\\\/\\\/www.mundoacuicola.cl\\\/new\\\/estudio-indaga-desafios-y-proyecciones-de-los-buzos-en-acuicultura\\\/#primaryimage\",\"url\":\"https:\\\/\\\/www.mundoacuicola.cl\\\/new\\\/wp-content\\\/uploads\\\/2025\\\/08\\\/Estudiobuzos.jpg\",\"contentUrl\":\"https:\\\/\\\/www.mundoacuicola.cl\\\/new\\\/wp-content\\\/uploads\\\/2025\\\/08\\\/Estudiobuzos.jpg\",\"width\":750,\"height\":400},{\"@type\":\"BreadcrumbList\",\"@id\":\"https:\\\/\\\/www.mundoacuicola.cl\\\/new\\\/estudio-indaga-desafios-y-proyecciones-de-los-buzos-en-acuicultura\\\/#breadcrumb\",\"itemListElement\":[{\"@type\":\"ListItem\",\"position\":1,\"name\":\"Portada\",\"item\":\"https:\\\/\\\/www.mundoacuicola.cl\\\/new\\\/\"},{\"@type\":\"ListItem\",\"position\":2,\"name\":\"Estudio indaga desaf\u00edos y proyecciones de los buzos en acuicultura\"}]},{\"@type\":\"WebSite\",\"@id\":\"https:\\\/\\\/www.mundoacuicola.cl\\\/new\\\/#website\",\"url\":\"https:\\\/\\\/www.mundoacuicola.cl\\\/new\\\/\",\"name\":\"Mundoacuicola\",\"description\":\"Revista de Acuicultura.\",\"publisher\":{\"@id\":\"https:\\\/\\\/www.mundoacuicola.cl\\\/new\\\/#organization\"},\"potentialAction\":[{\"@type\":\"SearchAction\",\"target\":{\"@type\":\"EntryPoint\",\"urlTemplate\":\"https:\\\/\\\/www.mundoacuicola.cl\\\/new\\\/?s={search_term_string}\"},\"query-input\":{\"@type\":\"PropertyValueSpecification\",\"valueRequired\":true,\"valueName\":\"search_term_string\"}}],\"inLanguage\":\"es\"},{\"@type\":\"Organization\",\"@id\":\"https:\\\/\\\/www.mundoacuicola.cl\\\/new\\\/#organization\",\"name\":\"Mundoacuicola\",\"url\":\"https:\\\/\\\/www.mundoacuicola.cl\\\/new\\\/\",\"logo\":{\"@type\":\"ImageObject\",\"inLanguage\":\"es\",\"@id\":\"https:\\\/\\\/www.mundoacuicola.cl\\\/new\\\/#\\\/schema\\\/logo\\\/image\\\/\",\"url\":\"https:\\\/\\\/www.mundoacuicola.cl\\\/new\\\/wp-content\\\/uploads\\\/2026\\\/01\\\/cropped-LOGO-Mundo-Acuicola-2026.png\",\"contentUrl\":\"https:\\\/\\\/www.mundoacuicola.cl\\\/new\\\/wp-content\\\/uploads\\\/2026\\\/01\\\/cropped-LOGO-Mundo-Acuicola-2026.png\",\"width\":1252,\"height\":296,\"caption\":\"Mundoacuicola\"},\"image\":{\"@id\":\"https:\\\/\\\/www.mundoacuicola.cl\\\/new\\\/#\\\/schema\\\/logo\\\/image\\\/\"},\"sameAs\":[\"https:\\\/\\\/www.facebook.com\\\/mundo.acuicola\\\/\",\"https:\\\/\\\/x.com\\\/mundoacuicola\",\"https:\\\/\\\/www.linkedin.com\\\/in\\\/mundo-acuicola\"]},{\"@type\":\"Person\",\"@id\":\"https:\\\/\\\/www.mundoacuicola.cl\\\/new\\\/#\\\/schema\\\/person\\\/c00ffe389abb88bd9254653add139315\",\"name\":\"mbarrueto\",\"url\":\"https:\\\/\\\/www.mundoacuicola.cl\\\/new\\\/author\\\/mbarrueto\\\/\"}]}<\/script>\n<!-- \/ Yoast SEO plugin. -->","yoast_head_json":{"title":"Estudio indaga desaf\u00edos y proyecciones de los buzos en acuicultura - Mundoacuicola","description":"El Observatorio Laboral analiza la ocupaci\u00f3n de buzos en acuicultura en Los Lagos para orientar pol\u00edticas p\u00fablicas y capacitaci\u00f3n laboral.","robots":{"index":"index","follow":"follow","max-snippet":"max-snippet:-1","max-image-preview":"max-image-preview:large","max-video-preview":"max-video-preview:-1"},"canonical":"https:\/\/www.mundoacuicola.cl\/new\/estudio-indaga-desafios-y-proyecciones-de-los-buzos-en-acuicultura\/","og_locale":"es_ES","og_type":"article","og_title":"Estudio indaga desaf\u00edos y proyecciones de los buzos en acuicultura - Mundoacuicola","og_description":"El Observatorio Laboral analiza la ocupaci\u00f3n de buzos en acuicultura en Los Lagos para orientar pol\u00edticas p\u00fablicas y capacitaci\u00f3n laboral.","og_url":"https:\/\/www.mundoacuicola.cl\/new\/estudio-indaga-desafios-y-proyecciones-de-los-buzos-en-acuicultura\/","og_site_name":"Mundoacuicola","article_publisher":"https:\/\/www.facebook.com\/mundo.acuicola\/","article_published_time":"2025-08-12T14:54:45+00:00","article_modified_time":"2025-08-13T13:11:33+00:00","og_image":[{"width":750,"height":400,"url":"https:\/\/www.mundoacuicola.cl\/new\/wp-content\/uploads\/2025\/08\/Estudiobuzos.jpg","type":"image\/jpeg"}],"author":"mbarrueto","twitter_card":"summary_large_image","twitter_creator":"@mundoacuicola","twitter_site":"@mundoacuicola","twitter_misc":{"Escrito por":"mbarrueto","Tiempo de lectura":"3 minutos"},"schema":{"@context":"https:\/\/schema.org","@graph":[{"@type":"Article","@id":"https:\/\/www.mundoacuicola.cl\/new\/estudio-indaga-desafios-y-proyecciones-de-los-buzos-en-acuicultura\/#article","isPartOf":{"@id":"https:\/\/www.mundoacuicola.cl\/new\/estudio-indaga-desafios-y-proyecciones-de-los-buzos-en-acuicultura\/"},"author":{"name":"mbarrueto","@id":"https:\/\/www.mundoacuicola.cl\/new\/#\/schema\/person\/c00ffe389abb88bd9254653add139315"},"headline":"Estudio indaga desaf\u00edos y proyecciones de los buzos en acuicultura","datePublished":"2025-08-12T14:54:45+00:00","dateModified":"2025-08-13T13:11:33+00:00","mainEntityOfPage":{"@id":"https:\/\/www.mundoacuicola.cl\/new\/estudio-indaga-desafios-y-proyecciones-de-los-buzos-en-acuicultura\/"},"wordCount":528,"publisher":{"@id":"https:\/\/www.mundoacuicola.cl\/new\/#organization"},"image":{"@id":"https:\/\/www.mundoacuicola.cl\/new\/estudio-indaga-desafios-y-proyecciones-de-los-buzos-en-acuicultura\/#primaryimage"},"thumbnailUrl":"https:\/\/www.mundoacuicola.cl\/new\/wp-content\/uploads\/2025\/08\/Estudiobuzos.jpg","keywords":["Acu\u00edcola","Acuicultura","buceo","buzos","Buzos acu\u00edcolas","Ministerio del Trabajo","Mintrab","Observatorio Laboral","Regi\u00f3n de Los Lagos","Subsecretar\u00eda del Trabajo"],"articleSection":["Acuicultura"],"inLanguage":"es"},{"@type":"WebPage","@id":"https:\/\/www.mundoacuicola.cl\/new\/estudio-indaga-desafios-y-proyecciones-de-los-buzos-en-acuicultura\/","url":"https:\/\/www.mundoacuicola.cl\/new\/estudio-indaga-desafios-y-proyecciones-de-los-buzos-en-acuicultura\/","name":"Estudio indaga desaf\u00edos y proyecciones de los buzos en acuicultura - Mundoacuicola","isPartOf":{"@id":"https:\/\/www.mundoacuicola.cl\/new\/#website"},"primaryImageOfPage":{"@id":"https:\/\/www.mundoacuicola.cl\/new\/estudio-indaga-desafios-y-proyecciones-de-los-buzos-en-acuicultura\/#primaryimage"},"image":{"@id":"https:\/\/www.mundoacuicola.cl\/new\/estudio-indaga-desafios-y-proyecciones-de-los-buzos-en-acuicultura\/#primaryimage"},"thumbnailUrl":"https:\/\/www.mundoacuicola.cl\/new\/wp-content\/uploads\/2025\/08\/Estudiobuzos.jpg","datePublished":"2025-08-12T14:54:45+00:00","dateModified":"2025-08-13T13:11:33+00:00","description":"El Observatorio Laboral analiza la ocupaci\u00f3n de buzos en acuicultura en Los Lagos para orientar pol\u00edticas p\u00fablicas y capacitaci\u00f3n laboral.","breadcrumb":{"@id":"https:\/\/www.mundoacuicola.cl\/new\/estudio-indaga-desafios-y-proyecciones-de-los-buzos-en-acuicultura\/#breadcrumb"},"inLanguage":"es","potentialAction":[{"@type":"ReadAction","target":["https:\/\/www.mundoacuicola.cl\/new\/estudio-indaga-desafios-y-proyecciones-de-los-buzos-en-acuicultura\/"]}]},{"@type":"ImageObject","inLanguage":"es","@id":"https:\/\/www.mundoacuicola.cl\/new\/estudio-indaga-desafios-y-proyecciones-de-los-buzos-en-acuicultura\/#primaryimage","url":"https:\/\/www.mundoacuicola.cl\/new\/wp-content\/uploads\/2025\/08\/Estudiobuzos.jpg","contentUrl":"https:\/\/www.mundoacuicola.cl\/new\/wp-content\/uploads\/2025\/08\/Estudiobuzos.jpg","width":750,"height":400},{"@type":"BreadcrumbList","@id":"https:\/\/www.mundoacuicola.cl\/new\/estudio-indaga-desafios-y-proyecciones-de-los-buzos-en-acuicultura\/#breadcrumb","itemListElement":[{"@type":"ListItem","position":1,"name":"Portada","item":"https:\/\/www.mundoacuicola.cl\/new\/"},{"@type":"ListItem","position":2,"name":"Estudio indaga desaf\u00edos y proyecciones de los buzos en acuicultura"}]},{"@type":"WebSite","@id":"https:\/\/www.mundoacuicola.cl\/new\/#website","url":"https:\/\/www.mundoacuicola.cl\/new\/","name":"Mundoacuicola","description":"Revista de Acuicultura.","publisher":{"@id":"https:\/\/www.mundoacuicola.cl\/new\/#organization"},"potentialAction":[{"@type":"SearchAction","target":{"@type":"EntryPoint","urlTemplate":"https:\/\/www.mundoacuicola.cl\/new\/?s={search_term_string}"},"query-input":{"@type":"PropertyValueSpecification","valueRequired":true,"valueName":"search_term_string"}}],"inLanguage":"es"},{"@type":"Organization","@id":"https:\/\/www.mundoacuicola.cl\/new\/#organization","name":"Mundoacuicola","url":"https:\/\/www.mundoacuicola.cl\/new\/","logo":{"@type":"ImageObject","inLanguage":"es","@id":"https:\/\/www.mundoacuicola.cl\/new\/#\/schema\/logo\/image\/","url":"https:\/\/www.mundoacuicola.cl\/new\/wp-content\/uploads\/2026\/01\/cropped-LOGO-Mundo-Acuicola-2026.png","contentUrl":"https:\/\/www.mundoacuicola.cl\/new\/wp-content\/uploads\/2026\/01\/cropped-LOGO-Mundo-Acuicola-2026.png","width":1252,"height":296,"caption":"Mundoacuicola"},"image":{"@id":"https:\/\/www.mundoacuicola.cl\/new\/#\/schema\/logo\/image\/"},"sameAs":["https:\/\/www.facebook.com\/mundo.acuicola\/","https:\/\/x.com\/mundoacuicola","https:\/\/www.linkedin.com\/in\/mundo-acuicola"]},{"@type":"Person","@id":"https:\/\/www.mundoacuicola.cl\/new\/#\/schema\/person\/c00ffe389abb88bd9254653add139315","name":"mbarrueto","url":"https:\/\/www.mundoacuicola.cl\/new\/author\/mbarrueto\/"}]}},"_links":{"self":[{"href":"https:\/\/www.mundoacuicola.cl\/new\/wp-json\/wp\/v2\/posts\/78408","targetHints":{"allow":["GET"]}}],"collection":[{"href":"https:\/\/www.mundoacuicola.cl\/new\/wp-json\/wp\/v2\/posts"}],"about":[{"href":"https:\/\/www.mundoacuicola.cl\/new\/wp-json\/wp\/v2\/types\/post"}],"author":[{"embeddable":true,"href":"https:\/\/www.mundoacuicola.cl\/new\/wp-json\/wp\/v2\/users\/10"}],"replies":[{"embeddable":true,"href":"https:\/\/www.mundoacuicola.cl\/new\/wp-json\/wp\/v2\/comments?post=78408"}],"version-history":[{"count":0,"href":"https:\/\/www.mundoacuicola.cl\/new\/wp-json\/wp\/v2\/posts\/78408\/revisions"}],"wp:featuredmedia":[{"embeddable":true,"href":"https:\/\/www.mundoacuicola.cl\/new\/wp-json\/wp\/v2\/media\/78410"}],"wp:attachment":[{"href":"https:\/\/www.mundoacuicola.cl\/new\/wp-json\/wp\/v2\/media?parent=78408"}],"wp:term":[{"taxonomy":"category","embeddable":true,"href":"https:\/\/www.mundoacuicola.cl\/new\/wp-json\/wp\/v2\/categories?post=78408"},{"taxonomy":"post_tag","embeddable":true,"href":"https:\/\/www.mundoacuicola.cl\/new\/wp-json\/wp\/v2\/tags?post=78408"}],"curies":[{"name":"wp","href":"https:\/\/api.w.org\/{rel}","templated":true}]}}