{"id":78416,"date":"2025-08-12T12:43:00","date_gmt":"2025-08-12T16:43:00","guid":{"rendered":"https:\/\/www.mundoacuicola.cl\/new\/?p=78416"},"modified":"2025-08-12T16:20:08","modified_gmt":"2025-08-12T20:20:08","slug":"aquachile-reconoce-y-celebra-a-dirigentes-sociales-en-aysen","status":"publish","type":"post","link":"https:\/\/www.mundoacuicola.cl\/new\/aquachile-reconoce-y-celebra-a-dirigentes-sociales-en-aysen\/","title":{"rendered":"AquaChile reconoce y celebra a dirigentes sociales en Ays\u00e9n"},"content":{"rendered":"<p>En la comuna de Ays\u00e9n, la empresa productora de salm\u00f3n AquaChile conmemor\u00f3 el D\u00eda del Dirigente Social con una jornada de encuentro, reconocimiento y motivaci\u00f3n, reafirmando su compromiso con el desarrollo local y el fortalecimiento del capital social. La actividad reuni\u00f3 a dirigentes sociales, territoriales y vecinales de la regi\u00f3n, junto a representantes de organizaciones comunitarias vinculadas a AquaChile.<\/p>\n<p>La jornada cont\u00f3 con la participaci\u00f3n de Mario Sep\u00falveda, uno de los 33 mineros rescatados de la mina San Jos\u00e9 en 2010, quien comparti\u00f3 su experiencia de vida y un mensaje de superaci\u00f3n. \u201cQuiero agradecer a AquaChile por la oportunidad de compartir una historia tan maravillosa con los l\u00edderes de la regi\u00f3n. Fue una instancia donde pudimos pensar y ver que el mundo est\u00e1 lleno de oportunidades, solo que saber tocar las puertas para encontrar las adecuadas\u201d, se\u00f1al\u00f3.<\/p>\n<h3>Participaci\u00f3n educativa<\/h3>\n<p>Tambi\u00e9n participaron representantes del \u00e1mbito educativo, como el Liceo Polit\u00e9cnico de Ays\u00e9n, que mantiene un estrecho v\u00ednculo con organizaciones sociales y comunitarias de la zona. Su representante, Edith Riquelme, destac\u00f3 que este tipo de encuentros \u201cnos permite encontrarnos como dirigentes sociales, reflexionar en conjunto y asumir con decisi\u00f3n un liderazgo activo. Es una oportunidad para pensar en c\u00f3mo podemos transformar nuestro entorno, creyendo en nuestra capacidad de crear, cambiar y mejorar la vida en nuestra comunidad\u201d.<\/p>\n<p>En tanto, Bernardita Lazo, L\u00edder Comunidades Ays\u00e9n de AquaChile, coment\u00f3 que estas iniciativas son parte fundamental del rol que la empresa busca cumplir en los territorios donde opera. \u201cReconocer y reunir a los dirigentes sociales es clave para fortalecer lazos y generar confianza. Para nosotros, estas instancias tienen un enorme valor, porque nos permiten escuchar, dialogar y construir, junto a quienes lideran sus comunidades, proyectos que respondan a las necesidades reales de las personas\u201d, dijo Lazo.<\/p>\n<p>La conmemoraci\u00f3n del D\u00eda del Dirigente Social se enmarca en el modelo de vinculaci\u00f3n territorial de AquaChile, que promueve relaciones de largo plazo y fomenta la participaci\u00f3n activa de las comunidades en el desarrollo de iniciativas que impulsen el bienestar y la calidad de vida en la regi\u00f3n de Ays\u00e9n y en todas las zonas donde la empresa est\u00e1 presente.<\/p>\n","protected":false},"excerpt":{"rendered":"<p>AquaChile celebr\u00f3 el D\u00eda del Dirigente Social en Ays\u00e9n con Mario Sep\u00falveda, fomentando liderazgo comunitario y fortaleciendo v\u00ednculos locales.<\/p>\n","protected":false},"author":10,"featured_media":78418,"comment_status":"closed","ping_status":"closed","sticky":false,"template":"","format":"standard","meta":{"footnotes":""},"categories":[60],"tags":[1261,143,423,122,2907,434,184,6027,137,197],"class_list":["post-78416","post","type-post","status-publish","format-standard","has-post-thumbnail","hentry","category-salmonicultura","tag-acuicola","tag-acuicultura","tag-aquachile","tag-industria-acuicola","tag-industria-salmonera","tag-region-de-aysen","tag-salmon","tag-salmonera","tag-salmones","tag-salmonicultura"],"yoast_head":"<!-- This site is optimized with the Yoast SEO plugin v27.4 - https:\/\/yoast.com\/product\/yoast-seo-wordpress\/ -->\n<title>AquaChile reconoce y celebra a dirigentes sociales en Ays\u00e9n - Mundoacuicola<\/title>\n<meta name=\"description\" content=\"AquaChile celebr\u00f3 el D\u00eda del Dirigente Social en Ays\u00e9n, fomentando liderazgo comunitario y fortaleciendo v\u00ednculos locales.\" \/>\n<meta name=\"robots\" content=\"index, follow, max-snippet:-1, max-image-preview:large, max-video-preview:-1\" \/>\n<link rel=\"canonical\" href=\"https:\/\/www.mundoacuicola.cl\/new\/aquachile-reconoce-y-celebra-a-dirigentes-sociales-en-aysen\/\" \/>\n<meta property=\"og:locale\" content=\"es_ES\" \/>\n<meta property=\"og:type\" content=\"article\" \/>\n<meta property=\"og:title\" content=\"AquaChile reconoce y celebra a dirigentes sociales en Ays\u00e9n - Mundoacuicola\" \/>\n<meta property=\"og:description\" content=\"AquaChile celebr\u00f3 el D\u00eda del Dirigente Social en Ays\u00e9n, fomentando liderazgo comunitario y fortaleciendo v\u00ednculos locales.\" \/>\n<meta property=\"og:url\" content=\"https:\/\/www.mundoacuicola.cl\/new\/aquachile-reconoce-y-celebra-a-dirigentes-sociales-en-aysen\/\" \/>\n<meta property=\"og:site_name\" content=\"Mundoacuicola\" \/>\n<meta property=\"article:publisher\" content=\"https:\/\/www.facebook.com\/mundo.acuicola\/\" \/>\n<meta property=\"article:published_time\" content=\"2025-08-12T16:43:00+00:00\" \/>\n<meta property=\"article:modified_time\" content=\"2025-08-12T20:20:08+00:00\" \/>\n<meta property=\"og:image\" content=\"https:\/\/www.mundoacuicola.cl\/new\/wp-content\/uploads\/2025\/08\/AquaChileDiaDirigenteSocial.jpg\" \/>\n\t<meta property=\"og:image:width\" content=\"750\" \/>\n\t<meta property=\"og:image:height\" content=\"400\" \/>\n\t<meta property=\"og:image:type\" content=\"image\/jpeg\" \/>\n<meta name=\"author\" content=\"mbarrueto\" \/>\n<meta name=\"twitter:card\" content=\"summary_large_image\" \/>\n<meta name=\"twitter:creator\" content=\"@mundoacuicola\" \/>\n<meta name=\"twitter:site\" content=\"@mundoacuicola\" \/>\n<meta name=\"twitter:label1\" content=\"Escrito por\" \/>\n\t<meta name=\"twitter:data1\" content=\"mbarrueto\" \/>\n\t<meta name=\"twitter:label2\" content=\"Tiempo de lectura\" \/>\n\t<meta name=\"twitter:data2\" content=\"2 minutos\" \/>\n<script type=\"application\/ld+json\" class=\"yoast-schema-graph\">{\"@context\":\"https:\\\/\\\/schema.org\",\"@graph\":[{\"@type\":\"Article\",\"@id\":\"https:\\\/\\\/www.mundoacuicola.cl\\\/new\\\/aquachile-reconoce-y-celebra-a-dirigentes-sociales-en-aysen\\\/#article\",\"isPartOf\":{\"@id\":\"https:\\\/\\\/www.mundoacuicola.cl\\\/new\\\/aquachile-reconoce-y-celebra-a-dirigentes-sociales-en-aysen\\\/\"},\"author\":{\"name\":\"mbarrueto\",\"@id\":\"https:\\\/\\\/www.mundoacuicola.cl\\\/new\\\/#\\\/schema\\\/person\\\/c00ffe389abb88bd9254653add139315\"},\"headline\":\"AquaChile reconoce y celebra a dirigentes sociales en Ays\u00e9n\",\"datePublished\":\"2025-08-12T16:43:00+00:00\",\"dateModified\":\"2025-08-12T20:20:08+00:00\",\"mainEntityOfPage\":{\"@id\":\"https:\\\/\\\/www.mundoacuicola.cl\\\/new\\\/aquachile-reconoce-y-celebra-a-dirigentes-sociales-en-aysen\\\/\"},\"wordCount\":385,\"publisher\":{\"@id\":\"https:\\\/\\\/www.mundoacuicola.cl\\\/new\\\/#organization\"},\"image\":{\"@id\":\"https:\\\/\\\/www.mundoacuicola.cl\\\/new\\\/aquachile-reconoce-y-celebra-a-dirigentes-sociales-en-aysen\\\/#primaryimage\"},\"thumbnailUrl\":\"https:\\\/\\\/www.mundoacuicola.cl\\\/new\\\/wp-content\\\/uploads\\\/2025\\\/08\\\/AquaChileDiaDirigenteSocial.jpg\",\"keywords\":[\"Acu\u00edcola\",\"Acuicultura\",\"AquaChile\",\"Industria Acu\u00edcola\",\"Industria salmonera\",\"Regi\u00f3n de Ays\u00e9n\",\"Salm\u00f3n\",\"salmonera\",\"salmones\",\"salmonicultura\"],\"articleSection\":[\"Salmonicultura\"],\"inLanguage\":\"es\"},{\"@type\":\"WebPage\",\"@id\":\"https:\\\/\\\/www.mundoacuicola.cl\\\/new\\\/aquachile-reconoce-y-celebra-a-dirigentes-sociales-en-aysen\\\/\",\"url\":\"https:\\\/\\\/www.mundoacuicola.cl\\\/new\\\/aquachile-reconoce-y-celebra-a-dirigentes-sociales-en-aysen\\\/\",\"name\":\"AquaChile reconoce y celebra a dirigentes sociales en Ays\u00e9n - Mundoacuicola\",\"isPartOf\":{\"@id\":\"https:\\\/\\\/www.mundoacuicola.cl\\\/new\\\/#website\"},\"primaryImageOfPage\":{\"@id\":\"https:\\\/\\\/www.mundoacuicola.cl\\\/new\\\/aquachile-reconoce-y-celebra-a-dirigentes-sociales-en-aysen\\\/#primaryimage\"},\"image\":{\"@id\":\"https:\\\/\\\/www.mundoacuicola.cl\\\/new\\\/aquachile-reconoce-y-celebra-a-dirigentes-sociales-en-aysen\\\/#primaryimage\"},\"thumbnailUrl\":\"https:\\\/\\\/www.mundoacuicola.cl\\\/new\\\/wp-content\\\/uploads\\\/2025\\\/08\\\/AquaChileDiaDirigenteSocial.jpg\",\"datePublished\":\"2025-08-12T16:43:00+00:00\",\"dateModified\":\"2025-08-12T20:20:08+00:00\",\"description\":\"AquaChile celebr\u00f3 el D\u00eda del Dirigente Social en Ays\u00e9n, fomentando liderazgo comunitario y fortaleciendo v\u00ednculos locales.\",\"breadcrumb\":{\"@id\":\"https:\\\/\\\/www.mundoacuicola.cl\\\/new\\\/aquachile-reconoce-y-celebra-a-dirigentes-sociales-en-aysen\\\/#breadcrumb\"},\"inLanguage\":\"es\",\"potentialAction\":[{\"@type\":\"ReadAction\",\"target\":[\"https:\\\/\\\/www.mundoacuicola.cl\\\/new\\\/aquachile-reconoce-y-celebra-a-dirigentes-sociales-en-aysen\\\/\"]}]},{\"@type\":\"ImageObject\",\"inLanguage\":\"es\",\"@id\":\"https:\\\/\\\/www.mundoacuicola.cl\\\/new\\\/aquachile-reconoce-y-celebra-a-dirigentes-sociales-en-aysen\\\/#primaryimage\",\"url\":\"https:\\\/\\\/www.mundoacuicola.cl\\\/new\\\/wp-content\\\/uploads\\\/2025\\\/08\\\/AquaChileDiaDirigenteSocial.jpg\",\"contentUrl\":\"https:\\\/\\\/www.mundoacuicola.cl\\\/new\\\/wp-content\\\/uploads\\\/2025\\\/08\\\/AquaChileDiaDirigenteSocial.jpg\",\"width\":750,\"height\":400},{\"@type\":\"BreadcrumbList\",\"@id\":\"https:\\\/\\\/www.mundoacuicola.cl\\\/new\\\/aquachile-reconoce-y-celebra-a-dirigentes-sociales-en-aysen\\\/#breadcrumb\",\"itemListElement\":[{\"@type\":\"ListItem\",\"position\":1,\"name\":\"Portada\",\"item\":\"https:\\\/\\\/www.mundoacuicola.cl\\\/new\\\/\"},{\"@type\":\"ListItem\",\"position\":2,\"name\":\"AquaChile reconoce y celebra a dirigentes sociales en Ays\u00e9n\"}]},{\"@type\":\"WebSite\",\"@id\":\"https:\\\/\\\/www.mundoacuicola.cl\\\/new\\\/#website\",\"url\":\"https:\\\/\\\/www.mundoacuicola.cl\\\/new\\\/\",\"name\":\"Mundoacuicola\",\"description\":\"Revista de Acuicultura.\",\"publisher\":{\"@id\":\"https:\\\/\\\/www.mundoacuicola.cl\\\/new\\\/#organization\"},\"potentialAction\":[{\"@type\":\"SearchAction\",\"target\":{\"@type\":\"EntryPoint\",\"urlTemplate\":\"https:\\\/\\\/www.mundoacuicola.cl\\\/new\\\/?s={search_term_string}\"},\"query-input\":{\"@type\":\"PropertyValueSpecification\",\"valueRequired\":true,\"valueName\":\"search_term_string\"}}],\"inLanguage\":\"es\"},{\"@type\":\"Organization\",\"@id\":\"https:\\\/\\\/www.mundoacuicola.cl\\\/new\\\/#organization\",\"name\":\"Mundoacuicola\",\"url\":\"https:\\\/\\\/www.mundoacuicola.cl\\\/new\\\/\",\"logo\":{\"@type\":\"ImageObject\",\"inLanguage\":\"es\",\"@id\":\"https:\\\/\\\/www.mundoacuicola.cl\\\/new\\\/#\\\/schema\\\/logo\\\/image\\\/\",\"url\":\"https:\\\/\\\/www.mundoacuicola.cl\\\/new\\\/wp-content\\\/uploads\\\/2026\\\/01\\\/cropped-LOGO-Mundo-Acuicola-2026.png\",\"contentUrl\":\"https:\\\/\\\/www.mundoacuicola.cl\\\/new\\\/wp-content\\\/uploads\\\/2026\\\/01\\\/cropped-LOGO-Mundo-Acuicola-2026.png\",\"width\":1252,\"height\":296,\"caption\":\"Mundoacuicola\"},\"image\":{\"@id\":\"https:\\\/\\\/www.mundoacuicola.cl\\\/new\\\/#\\\/schema\\\/logo\\\/image\\\/\"},\"sameAs\":[\"https:\\\/\\\/www.facebook.com\\\/mundo.acuicola\\\/\",\"https:\\\/\\\/x.com\\\/mundoacuicola\",\"https:\\\/\\\/www.linkedin.com\\\/in\\\/mundo-acuicola\"]},{\"@type\":\"Person\",\"@id\":\"https:\\\/\\\/www.mundoacuicola.cl\\\/new\\\/#\\\/schema\\\/person\\\/c00ffe389abb88bd9254653add139315\",\"name\":\"mbarrueto\",\"url\":\"https:\\\/\\\/www.mundoacuicola.cl\\\/new\\\/author\\\/mbarrueto\\\/\"}]}<\/script>\n<!-- \/ Yoast SEO plugin. -->","yoast_head_json":{"title":"AquaChile reconoce y celebra a dirigentes sociales en Ays\u00e9n - Mundoacuicola","description":"AquaChile celebr\u00f3 el D\u00eda del Dirigente Social en Ays\u00e9n, fomentando liderazgo comunitario y fortaleciendo v\u00ednculos locales.","robots":{"index":"index","follow":"follow","max-snippet":"max-snippet:-1","max-image-preview":"max-image-preview:large","max-video-preview":"max-video-preview:-1"},"canonical":"https:\/\/www.mundoacuicola.cl\/new\/aquachile-reconoce-y-celebra-a-dirigentes-sociales-en-aysen\/","og_locale":"es_ES","og_type":"article","og_title":"AquaChile reconoce y celebra a dirigentes sociales en Ays\u00e9n - Mundoacuicola","og_description":"AquaChile celebr\u00f3 el D\u00eda del Dirigente Social en Ays\u00e9n, fomentando liderazgo comunitario y fortaleciendo v\u00ednculos locales.","og_url":"https:\/\/www.mundoacuicola.cl\/new\/aquachile-reconoce-y-celebra-a-dirigentes-sociales-en-aysen\/","og_site_name":"Mundoacuicola","article_publisher":"https:\/\/www.facebook.com\/mundo.acuicola\/","article_published_time":"2025-08-12T16:43:00+00:00","article_modified_time":"2025-08-12T20:20:08+00:00","og_image":[{"width":750,"height":400,"url":"https:\/\/www.mundoacuicola.cl\/new\/wp-content\/uploads\/2025\/08\/AquaChileDiaDirigenteSocial.jpg","type":"image\/jpeg"}],"author":"mbarrueto","twitter_card":"summary_large_image","twitter_creator":"@mundoacuicola","twitter_site":"@mundoacuicola","twitter_misc":{"Escrito por":"mbarrueto","Tiempo de lectura":"2 minutos"},"schema":{"@context":"https:\/\/schema.org","@graph":[{"@type":"Article","@id":"https:\/\/www.mundoacuicola.cl\/new\/aquachile-reconoce-y-celebra-a-dirigentes-sociales-en-aysen\/#article","isPartOf":{"@id":"https:\/\/www.mundoacuicola.cl\/new\/aquachile-reconoce-y-celebra-a-dirigentes-sociales-en-aysen\/"},"author":{"name":"mbarrueto","@id":"https:\/\/www.mundoacuicola.cl\/new\/#\/schema\/person\/c00ffe389abb88bd9254653add139315"},"headline":"AquaChile reconoce y celebra a dirigentes sociales en Ays\u00e9n","datePublished":"2025-08-12T16:43:00+00:00","dateModified":"2025-08-12T20:20:08+00:00","mainEntityOfPage":{"@id":"https:\/\/www.mundoacuicola.cl\/new\/aquachile-reconoce-y-celebra-a-dirigentes-sociales-en-aysen\/"},"wordCount":385,"publisher":{"@id":"https:\/\/www.mundoacuicola.cl\/new\/#organization"},"image":{"@id":"https:\/\/www.mundoacuicola.cl\/new\/aquachile-reconoce-y-celebra-a-dirigentes-sociales-en-aysen\/#primaryimage"},"thumbnailUrl":"https:\/\/www.mundoacuicola.cl\/new\/wp-content\/uploads\/2025\/08\/AquaChileDiaDirigenteSocial.jpg","keywords":["Acu\u00edcola","Acuicultura","AquaChile","Industria Acu\u00edcola","Industria salmonera","Regi\u00f3n de Ays\u00e9n","Salm\u00f3n","salmonera","salmones","salmonicultura"],"articleSection":["Salmonicultura"],"inLanguage":"es"},{"@type":"WebPage","@id":"https:\/\/www.mundoacuicola.cl\/new\/aquachile-reconoce-y-celebra-a-dirigentes-sociales-en-aysen\/","url":"https:\/\/www.mundoacuicola.cl\/new\/aquachile-reconoce-y-celebra-a-dirigentes-sociales-en-aysen\/","name":"AquaChile reconoce y celebra a dirigentes sociales en Ays\u00e9n - Mundoacuicola","isPartOf":{"@id":"https:\/\/www.mundoacuicola.cl\/new\/#website"},"primaryImageOfPage":{"@id":"https:\/\/www.mundoacuicola.cl\/new\/aquachile-reconoce-y-celebra-a-dirigentes-sociales-en-aysen\/#primaryimage"},"image":{"@id":"https:\/\/www.mundoacuicola.cl\/new\/aquachile-reconoce-y-celebra-a-dirigentes-sociales-en-aysen\/#primaryimage"},"thumbnailUrl":"https:\/\/www.mundoacuicola.cl\/new\/wp-content\/uploads\/2025\/08\/AquaChileDiaDirigenteSocial.jpg","datePublished":"2025-08-12T16:43:00+00:00","dateModified":"2025-08-12T20:20:08+00:00","description":"AquaChile celebr\u00f3 el D\u00eda del Dirigente Social en Ays\u00e9n, fomentando liderazgo comunitario y fortaleciendo v\u00ednculos locales.","breadcrumb":{"@id":"https:\/\/www.mundoacuicola.cl\/new\/aquachile-reconoce-y-celebra-a-dirigentes-sociales-en-aysen\/#breadcrumb"},"inLanguage":"es","potentialAction":[{"@type":"ReadAction","target":["https:\/\/www.mundoacuicola.cl\/new\/aquachile-reconoce-y-celebra-a-dirigentes-sociales-en-aysen\/"]}]},{"@type":"ImageObject","inLanguage":"es","@id":"https:\/\/www.mundoacuicola.cl\/new\/aquachile-reconoce-y-celebra-a-dirigentes-sociales-en-aysen\/#primaryimage","url":"https:\/\/www.mundoacuicola.cl\/new\/wp-content\/uploads\/2025\/08\/AquaChileDiaDirigenteSocial.jpg","contentUrl":"https:\/\/www.mundoacuicola.cl\/new\/wp-content\/uploads\/2025\/08\/AquaChileDiaDirigenteSocial.jpg","width":750,"height":400},{"@type":"BreadcrumbList","@id":"https:\/\/www.mundoacuicola.cl\/new\/aquachile-reconoce-y-celebra-a-dirigentes-sociales-en-aysen\/#breadcrumb","itemListElement":[{"@type":"ListItem","position":1,"name":"Portada","item":"https:\/\/www.mundoacuicola.cl\/new\/"},{"@type":"ListItem","position":2,"name":"AquaChile reconoce y celebra a dirigentes sociales en Ays\u00e9n"}]},{"@type":"WebSite","@id":"https:\/\/www.mundoacuicola.cl\/new\/#website","url":"https:\/\/www.mundoacuicola.cl\/new\/","name":"Mundoacuicola","description":"Revista de Acuicultura.","publisher":{"@id":"https:\/\/www.mundoacuicola.cl\/new\/#organization"},"potentialAction":[{"@type":"SearchAction","target":{"@type":"EntryPoint","urlTemplate":"https:\/\/www.mundoacuicola.cl\/new\/?s={search_term_string}"},"query-input":{"@type":"PropertyValueSpecification","valueRequired":true,"valueName":"search_term_string"}}],"inLanguage":"es"},{"@type":"Organization","@id":"https:\/\/www.mundoacuicola.cl\/new\/#organization","name":"Mundoacuicola","url":"https:\/\/www.mundoacuicola.cl\/new\/","logo":{"@type":"ImageObject","inLanguage":"es","@id":"https:\/\/www.mundoacuicola.cl\/new\/#\/schema\/logo\/image\/","url":"https:\/\/www.mundoacuicola.cl\/new\/wp-content\/uploads\/2026\/01\/cropped-LOGO-Mundo-Acuicola-2026.png","contentUrl":"https:\/\/www.mundoacuicola.cl\/new\/wp-content\/uploads\/2026\/01\/cropped-LOGO-Mundo-Acuicola-2026.png","width":1252,"height":296,"caption":"Mundoacuicola"},"image":{"@id":"https:\/\/www.mundoacuicola.cl\/new\/#\/schema\/logo\/image\/"},"sameAs":["https:\/\/www.facebook.com\/mundo.acuicola\/","https:\/\/x.com\/mundoacuicola","https:\/\/www.linkedin.com\/in\/mundo-acuicola"]},{"@type":"Person","@id":"https:\/\/www.mundoacuicola.cl\/new\/#\/schema\/person\/c00ffe389abb88bd9254653add139315","name":"mbarrueto","url":"https:\/\/www.mundoacuicola.cl\/new\/author\/mbarrueto\/"}]}},"_links":{"self":[{"href":"https:\/\/www.mundoacuicola.cl\/new\/wp-json\/wp\/v2\/posts\/78416","targetHints":{"allow":["GET"]}}],"collection":[{"href":"https:\/\/www.mundoacuicola.cl\/new\/wp-json\/wp\/v2\/posts"}],"about":[{"href":"https:\/\/www.mundoacuicola.cl\/new\/wp-json\/wp\/v2\/types\/post"}],"author":[{"embeddable":true,"href":"https:\/\/www.mundoacuicola.cl\/new\/wp-json\/wp\/v2\/users\/10"}],"replies":[{"embeddable":true,"href":"https:\/\/www.mundoacuicola.cl\/new\/wp-json\/wp\/v2\/comments?post=78416"}],"version-history":[{"count":0,"href":"https:\/\/www.mundoacuicola.cl\/new\/wp-json\/wp\/v2\/posts\/78416\/revisions"}],"wp:featuredmedia":[{"embeddable":true,"href":"https:\/\/www.mundoacuicola.cl\/new\/wp-json\/wp\/v2\/media\/78418"}],"wp:attachment":[{"href":"https:\/\/www.mundoacuicola.cl\/new\/wp-json\/wp\/v2\/media?parent=78416"}],"wp:term":[{"taxonomy":"category","embeddable":true,"href":"https:\/\/www.mundoacuicola.cl\/new\/wp-json\/wp\/v2\/categories?post=78416"},{"taxonomy":"post_tag","embeddable":true,"href":"https:\/\/www.mundoacuicola.cl\/new\/wp-json\/wp\/v2\/tags?post=78416"}],"curies":[{"name":"wp","href":"https:\/\/api.w.org\/{rel}","templated":true}]}}