{"id":78421,"date":"2025-08-12T13:35:15","date_gmt":"2025-08-12T17:35:15","guid":{"rendered":"https:\/\/www.mundoacuicola.cl\/new\/?p=78421"},"modified":"2025-08-14T14:31:44","modified_gmt":"2025-08-14T18:31:44","slug":"produccion-pesquera-y-acuicola-en-los-lagos-bajo-09-en-junio","status":"publish","type":"post","link":"https:\/\/www.mundoacuicola.cl\/new\/produccion-pesquera-y-acuicola-en-los-lagos-bajo-09-en-junio\/","title":{"rendered":"Producci\u00f3n pesquera y acu\u00edcola en Los Lagos baj\u00f3 0,9% en junio"},"content":{"rendered":"<p>En junio de 2025, la producci\u00f3n de plantas pesqueras y acu\u00edcolas de la Regi\u00f3n de Los Lagos alcanz\u00f3 88.284 toneladas, lo que signific\u00f3 una disminuci\u00f3n de 0,9% en comparaci\u00f3n con igual mes del a\u00f1o anterior, equivalente a 811 toneladas menos, seg\u00fan datos de la direcci\u00f3n regional del Instituto Nacional de Estad\u00edsticas (INE) basados en informaci\u00f3n de Sernapesca.<\/p>\n<p>La l\u00ednea de enfriado refrigerado registr\u00f3 45.765 toneladas, un 4,7% m\u00e1s que en junio de 2024, y concentr\u00f3 el 51,8% del total regional. La l\u00ednea de congelado alcanz\u00f3 27.533 toneladas, con una baja interanual de 8,2% y una participaci\u00f3n de 31,2%. La l\u00ednea de aceite totaliz\u00f3 9.718 toneladas, con un incremento de 30,8% y una participaci\u00f3n de 11,0%. Las principales ca\u00eddas se observaron en las l\u00edneas de congelado (-8,2%), harina (-31,6%) y conserva (-39,1%).<\/p>\n<h3>Por especie<\/h3>\n<p>En el an\u00e1lisis por especie, el salm\u00f3n del Atl\u00e1ntico registr\u00f3 64.039 toneladas, con un aumento interanual de 22,9%. El chorito alcanz\u00f3 9.609 toneladas, con una baja de 47,5%, mientras que la trucha arco\u00edris lleg\u00f3 a 7.269 toneladas, con una disminuci\u00f3n de 34,5%. La jibia o calamar rojo registr\u00f3 un aumento interanual de 194,1%, alcanzando 1.015 toneladas.<\/p>\n<p>Por comuna, Puerto Montt registr\u00f3 26.591 toneladas, con una ca\u00edda interanual de 6,8%. Quell\u00f3n produjo 23.240 toneladas, con un aumento de 11,2%, y Calbuco alcanz\u00f3 17.263 toneladas, con un alza de 2,8%. Las mayores bajas se dieron en Dalcahue (-56,4%), Ancud (-46,5%) y Puerto Montt, mientras que Castro present\u00f3 un aumento de 67,9%.<\/p>\n","protected":false},"excerpt":{"rendered":"<p>En junio de 2025, la producci\u00f3n pesquera y acu\u00edcola en Los Lagos baj\u00f3 0,9%, con ca\u00edda del chorito y alza del salm\u00f3n del Atl\u00e1ntico, seg\u00fan INE.<\/p>\n","protected":false},"author":10,"featured_media":78423,"comment_status":"closed","ping_status":"closed","sticky":false,"template":"","format":"standard","meta":{"footnotes":""},"categories":[66],"tags":[1261,143,122,2907,184,2273,6027,137,197],"class_list":["post-78421","post","type-post","status-publish","format-standard","has-post-thumbnail","hentry","category-acuicultura","tag-acuicola","tag-acuicultura","tag-industria-acuicola","tag-industria-salmonera","tag-salmon","tag-salmon-chileno","tag-salmonera","tag-salmones","tag-salmonicultura"],"yoast_head":"<!-- This site is optimized with the Yoast SEO plugin v27.4 - https:\/\/yoast.com\/product\/yoast-seo-wordpress\/ -->\n<title>Producci\u00f3n pesquera y acu\u00edcola en Los Lagos baj\u00f3 0,9% en junio - Mundoacuicola<\/title>\n<meta name=\"description\" content=\"En junio de 2025, la producci\u00f3n pesquera y acu\u00edcola en Los Lagos baj\u00f3 0,9%, con ca\u00edda del chorito y alza del salm\u00f3n del Atl\u00e1ntico, seg\u00fan INE.\" \/>\n<meta name=\"robots\" content=\"index, follow, max-snippet:-1, max-image-preview:large, max-video-preview:-1\" \/>\n<link rel=\"canonical\" href=\"https:\/\/www.mundoacuicola.cl\/new\/produccion-pesquera-y-acuicola-en-los-lagos-bajo-09-en-junio\/\" \/>\n<meta property=\"og:locale\" content=\"es_ES\" \/>\n<meta property=\"og:type\" content=\"article\" \/>\n<meta property=\"og:title\" content=\"Producci\u00f3n pesquera y acu\u00edcola en Los Lagos baj\u00f3 0,9% en junio - Mundoacuicola\" \/>\n<meta property=\"og:description\" content=\"En junio de 2025, la producci\u00f3n pesquera y acu\u00edcola en Los Lagos baj\u00f3 0,9%, con ca\u00edda del chorito y alza del salm\u00f3n del Atl\u00e1ntico, seg\u00fan INE.\" \/>\n<meta property=\"og:url\" content=\"https:\/\/www.mundoacuicola.cl\/new\/produccion-pesquera-y-acuicola-en-los-lagos-bajo-09-en-junio\/\" \/>\n<meta property=\"og:site_name\" content=\"Mundoacuicola\" \/>\n<meta property=\"article:publisher\" content=\"https:\/\/www.facebook.com\/mundo.acuicola\/\" \/>\n<meta property=\"article:published_time\" content=\"2025-08-12T17:35:15+00:00\" \/>\n<meta property=\"article:modified_time\" content=\"2025-08-14T18:31:44+00:00\" \/>\n<meta property=\"og:image\" content=\"https:\/\/www.mundoacuicola.cl\/new\/wp-content\/uploads\/2025\/08\/Produccionpesquerayacuicola.jpg\" \/>\n\t<meta property=\"og:image:width\" content=\"750\" \/>\n\t<meta property=\"og:image:height\" content=\"400\" \/>\n\t<meta property=\"og:image:type\" content=\"image\/jpeg\" \/>\n<meta name=\"author\" content=\"mbarrueto\" \/>\n<meta name=\"twitter:card\" content=\"summary_large_image\" \/>\n<meta name=\"twitter:creator\" content=\"@mundoacuicola\" \/>\n<meta name=\"twitter:site\" content=\"@mundoacuicola\" \/>\n<meta name=\"twitter:label1\" content=\"Escrito por\" \/>\n\t<meta name=\"twitter:data1\" content=\"mbarrueto\" \/>\n\t<meta name=\"twitter:label2\" content=\"Tiempo de lectura\" \/>\n\t<meta name=\"twitter:data2\" content=\"2 minutos\" \/>\n<script type=\"application\/ld+json\" class=\"yoast-schema-graph\">{\"@context\":\"https:\\\/\\\/schema.org\",\"@graph\":[{\"@type\":\"Article\",\"@id\":\"https:\\\/\\\/www.mundoacuicola.cl\\\/new\\\/produccion-pesquera-y-acuicola-en-los-lagos-bajo-09-en-junio\\\/#article\",\"isPartOf\":{\"@id\":\"https:\\\/\\\/www.mundoacuicola.cl\\\/new\\\/produccion-pesquera-y-acuicola-en-los-lagos-bajo-09-en-junio\\\/\"},\"author\":{\"name\":\"mbarrueto\",\"@id\":\"https:\\\/\\\/www.mundoacuicola.cl\\\/new\\\/#\\\/schema\\\/person\\\/c00ffe389abb88bd9254653add139315\"},\"headline\":\"Producci\u00f3n pesquera y acu\u00edcola en Los Lagos baj\u00f3 0,9% en junio\",\"datePublished\":\"2025-08-12T17:35:15+00:00\",\"dateModified\":\"2025-08-14T18:31:44+00:00\",\"mainEntityOfPage\":{\"@id\":\"https:\\\/\\\/www.mundoacuicola.cl\\\/new\\\/produccion-pesquera-y-acuicola-en-los-lagos-bajo-09-en-junio\\\/\"},\"wordCount\":250,\"publisher\":{\"@id\":\"https:\\\/\\\/www.mundoacuicola.cl\\\/new\\\/#organization\"},\"image\":{\"@id\":\"https:\\\/\\\/www.mundoacuicola.cl\\\/new\\\/produccion-pesquera-y-acuicola-en-los-lagos-bajo-09-en-junio\\\/#primaryimage\"},\"thumbnailUrl\":\"https:\\\/\\\/www.mundoacuicola.cl\\\/new\\\/wp-content\\\/uploads\\\/2025\\\/08\\\/Produccionpesquerayacuicola.jpg\",\"keywords\":[\"Acu\u00edcola\",\"Acuicultura\",\"Industria Acu\u00edcola\",\"Industria salmonera\",\"Salm\u00f3n\",\"Salm\u00f3n chileno\",\"salmonera\",\"salmones\",\"salmonicultura\"],\"articleSection\":[\"Acuicultura\"],\"inLanguage\":\"es\"},{\"@type\":\"WebPage\",\"@id\":\"https:\\\/\\\/www.mundoacuicola.cl\\\/new\\\/produccion-pesquera-y-acuicola-en-los-lagos-bajo-09-en-junio\\\/\",\"url\":\"https:\\\/\\\/www.mundoacuicola.cl\\\/new\\\/produccion-pesquera-y-acuicola-en-los-lagos-bajo-09-en-junio\\\/\",\"name\":\"Producci\u00f3n pesquera y acu\u00edcola en Los Lagos baj\u00f3 0,9% en junio - Mundoacuicola\",\"isPartOf\":{\"@id\":\"https:\\\/\\\/www.mundoacuicola.cl\\\/new\\\/#website\"},\"primaryImageOfPage\":{\"@id\":\"https:\\\/\\\/www.mundoacuicola.cl\\\/new\\\/produccion-pesquera-y-acuicola-en-los-lagos-bajo-09-en-junio\\\/#primaryimage\"},\"image\":{\"@id\":\"https:\\\/\\\/www.mundoacuicola.cl\\\/new\\\/produccion-pesquera-y-acuicola-en-los-lagos-bajo-09-en-junio\\\/#primaryimage\"},\"thumbnailUrl\":\"https:\\\/\\\/www.mundoacuicola.cl\\\/new\\\/wp-content\\\/uploads\\\/2025\\\/08\\\/Produccionpesquerayacuicola.jpg\",\"datePublished\":\"2025-08-12T17:35:15+00:00\",\"dateModified\":\"2025-08-14T18:31:44+00:00\",\"description\":\"En junio de 2025, la producci\u00f3n pesquera y acu\u00edcola en Los Lagos baj\u00f3 0,9%, con ca\u00edda del chorito y alza del salm\u00f3n del Atl\u00e1ntico, seg\u00fan INE.\",\"breadcrumb\":{\"@id\":\"https:\\\/\\\/www.mundoacuicola.cl\\\/new\\\/produccion-pesquera-y-acuicola-en-los-lagos-bajo-09-en-junio\\\/#breadcrumb\"},\"inLanguage\":\"es\",\"potentialAction\":[{\"@type\":\"ReadAction\",\"target\":[\"https:\\\/\\\/www.mundoacuicola.cl\\\/new\\\/produccion-pesquera-y-acuicola-en-los-lagos-bajo-09-en-junio\\\/\"]}]},{\"@type\":\"ImageObject\",\"inLanguage\":\"es\",\"@id\":\"https:\\\/\\\/www.mundoacuicola.cl\\\/new\\\/produccion-pesquera-y-acuicola-en-los-lagos-bajo-09-en-junio\\\/#primaryimage\",\"url\":\"https:\\\/\\\/www.mundoacuicola.cl\\\/new\\\/wp-content\\\/uploads\\\/2025\\\/08\\\/Produccionpesquerayacuicola.jpg\",\"contentUrl\":\"https:\\\/\\\/www.mundoacuicola.cl\\\/new\\\/wp-content\\\/uploads\\\/2025\\\/08\\\/Produccionpesquerayacuicola.jpg\",\"width\":750,\"height\":400},{\"@type\":\"BreadcrumbList\",\"@id\":\"https:\\\/\\\/www.mundoacuicola.cl\\\/new\\\/produccion-pesquera-y-acuicola-en-los-lagos-bajo-09-en-junio\\\/#breadcrumb\",\"itemListElement\":[{\"@type\":\"ListItem\",\"position\":1,\"name\":\"Portada\",\"item\":\"https:\\\/\\\/www.mundoacuicola.cl\\\/new\\\/\"},{\"@type\":\"ListItem\",\"position\":2,\"name\":\"Producci\u00f3n pesquera y acu\u00edcola en Los Lagos baj\u00f3 0,9% en junio\"}]},{\"@type\":\"WebSite\",\"@id\":\"https:\\\/\\\/www.mundoacuicola.cl\\\/new\\\/#website\",\"url\":\"https:\\\/\\\/www.mundoacuicola.cl\\\/new\\\/\",\"name\":\"Mundoacuicola\",\"description\":\"Revista de Acuicultura.\",\"publisher\":{\"@id\":\"https:\\\/\\\/www.mundoacuicola.cl\\\/new\\\/#organization\"},\"potentialAction\":[{\"@type\":\"SearchAction\",\"target\":{\"@type\":\"EntryPoint\",\"urlTemplate\":\"https:\\\/\\\/www.mundoacuicola.cl\\\/new\\\/?s={search_term_string}\"},\"query-input\":{\"@type\":\"PropertyValueSpecification\",\"valueRequired\":true,\"valueName\":\"search_term_string\"}}],\"inLanguage\":\"es\"},{\"@type\":\"Organization\",\"@id\":\"https:\\\/\\\/www.mundoacuicola.cl\\\/new\\\/#organization\",\"name\":\"Mundoacuicola\",\"url\":\"https:\\\/\\\/www.mundoacuicola.cl\\\/new\\\/\",\"logo\":{\"@type\":\"ImageObject\",\"inLanguage\":\"es\",\"@id\":\"https:\\\/\\\/www.mundoacuicola.cl\\\/new\\\/#\\\/schema\\\/logo\\\/image\\\/\",\"url\":\"https:\\\/\\\/www.mundoacuicola.cl\\\/new\\\/wp-content\\\/uploads\\\/2026\\\/01\\\/cropped-LOGO-Mundo-Acuicola-2026.png\",\"contentUrl\":\"https:\\\/\\\/www.mundoacuicola.cl\\\/new\\\/wp-content\\\/uploads\\\/2026\\\/01\\\/cropped-LOGO-Mundo-Acuicola-2026.png\",\"width\":1252,\"height\":296,\"caption\":\"Mundoacuicola\"},\"image\":{\"@id\":\"https:\\\/\\\/www.mundoacuicola.cl\\\/new\\\/#\\\/schema\\\/logo\\\/image\\\/\"},\"sameAs\":[\"https:\\\/\\\/www.facebook.com\\\/mundo.acuicola\\\/\",\"https:\\\/\\\/x.com\\\/mundoacuicola\",\"https:\\\/\\\/www.linkedin.com\\\/in\\\/mundo-acuicola\"]},{\"@type\":\"Person\",\"@id\":\"https:\\\/\\\/www.mundoacuicola.cl\\\/new\\\/#\\\/schema\\\/person\\\/c00ffe389abb88bd9254653add139315\",\"name\":\"mbarrueto\",\"url\":\"https:\\\/\\\/www.mundoacuicola.cl\\\/new\\\/author\\\/mbarrueto\\\/\"}]}<\/script>\n<!-- \/ Yoast SEO plugin. -->","yoast_head_json":{"title":"Producci\u00f3n pesquera y acu\u00edcola en Los Lagos baj\u00f3 0,9% en junio - Mundoacuicola","description":"En junio de 2025, la producci\u00f3n pesquera y acu\u00edcola en Los Lagos baj\u00f3 0,9%, con ca\u00edda del chorito y alza del salm\u00f3n del Atl\u00e1ntico, seg\u00fan INE.","robots":{"index":"index","follow":"follow","max-snippet":"max-snippet:-1","max-image-preview":"max-image-preview:large","max-video-preview":"max-video-preview:-1"},"canonical":"https:\/\/www.mundoacuicola.cl\/new\/produccion-pesquera-y-acuicola-en-los-lagos-bajo-09-en-junio\/","og_locale":"es_ES","og_type":"article","og_title":"Producci\u00f3n pesquera y acu\u00edcola en Los Lagos baj\u00f3 0,9% en junio - Mundoacuicola","og_description":"En junio de 2025, la producci\u00f3n pesquera y acu\u00edcola en Los Lagos baj\u00f3 0,9%, con ca\u00edda del chorito y alza del salm\u00f3n del Atl\u00e1ntico, seg\u00fan INE.","og_url":"https:\/\/www.mundoacuicola.cl\/new\/produccion-pesquera-y-acuicola-en-los-lagos-bajo-09-en-junio\/","og_site_name":"Mundoacuicola","article_publisher":"https:\/\/www.facebook.com\/mundo.acuicola\/","article_published_time":"2025-08-12T17:35:15+00:00","article_modified_time":"2025-08-14T18:31:44+00:00","og_image":[{"width":750,"height":400,"url":"https:\/\/www.mundoacuicola.cl\/new\/wp-content\/uploads\/2025\/08\/Produccionpesquerayacuicola.jpg","type":"image\/jpeg"}],"author":"mbarrueto","twitter_card":"summary_large_image","twitter_creator":"@mundoacuicola","twitter_site":"@mundoacuicola","twitter_misc":{"Escrito por":"mbarrueto","Tiempo de lectura":"2 minutos"},"schema":{"@context":"https:\/\/schema.org","@graph":[{"@type":"Article","@id":"https:\/\/www.mundoacuicola.cl\/new\/produccion-pesquera-y-acuicola-en-los-lagos-bajo-09-en-junio\/#article","isPartOf":{"@id":"https:\/\/www.mundoacuicola.cl\/new\/produccion-pesquera-y-acuicola-en-los-lagos-bajo-09-en-junio\/"},"author":{"name":"mbarrueto","@id":"https:\/\/www.mundoacuicola.cl\/new\/#\/schema\/person\/c00ffe389abb88bd9254653add139315"},"headline":"Producci\u00f3n pesquera y acu\u00edcola en Los Lagos baj\u00f3 0,9% en junio","datePublished":"2025-08-12T17:35:15+00:00","dateModified":"2025-08-14T18:31:44+00:00","mainEntityOfPage":{"@id":"https:\/\/www.mundoacuicola.cl\/new\/produccion-pesquera-y-acuicola-en-los-lagos-bajo-09-en-junio\/"},"wordCount":250,"publisher":{"@id":"https:\/\/www.mundoacuicola.cl\/new\/#organization"},"image":{"@id":"https:\/\/www.mundoacuicola.cl\/new\/produccion-pesquera-y-acuicola-en-los-lagos-bajo-09-en-junio\/#primaryimage"},"thumbnailUrl":"https:\/\/www.mundoacuicola.cl\/new\/wp-content\/uploads\/2025\/08\/Produccionpesquerayacuicola.jpg","keywords":["Acu\u00edcola","Acuicultura","Industria Acu\u00edcola","Industria salmonera","Salm\u00f3n","Salm\u00f3n chileno","salmonera","salmones","salmonicultura"],"articleSection":["Acuicultura"],"inLanguage":"es"},{"@type":"WebPage","@id":"https:\/\/www.mundoacuicola.cl\/new\/produccion-pesquera-y-acuicola-en-los-lagos-bajo-09-en-junio\/","url":"https:\/\/www.mundoacuicola.cl\/new\/produccion-pesquera-y-acuicola-en-los-lagos-bajo-09-en-junio\/","name":"Producci\u00f3n pesquera y acu\u00edcola en Los Lagos baj\u00f3 0,9% en junio - Mundoacuicola","isPartOf":{"@id":"https:\/\/www.mundoacuicola.cl\/new\/#website"},"primaryImageOfPage":{"@id":"https:\/\/www.mundoacuicola.cl\/new\/produccion-pesquera-y-acuicola-en-los-lagos-bajo-09-en-junio\/#primaryimage"},"image":{"@id":"https:\/\/www.mundoacuicola.cl\/new\/produccion-pesquera-y-acuicola-en-los-lagos-bajo-09-en-junio\/#primaryimage"},"thumbnailUrl":"https:\/\/www.mundoacuicola.cl\/new\/wp-content\/uploads\/2025\/08\/Produccionpesquerayacuicola.jpg","datePublished":"2025-08-12T17:35:15+00:00","dateModified":"2025-08-14T18:31:44+00:00","description":"En junio de 2025, la producci\u00f3n pesquera y acu\u00edcola en Los Lagos baj\u00f3 0,9%, con ca\u00edda del chorito y alza del salm\u00f3n del Atl\u00e1ntico, seg\u00fan INE.","breadcrumb":{"@id":"https:\/\/www.mundoacuicola.cl\/new\/produccion-pesquera-y-acuicola-en-los-lagos-bajo-09-en-junio\/#breadcrumb"},"inLanguage":"es","potentialAction":[{"@type":"ReadAction","target":["https:\/\/www.mundoacuicola.cl\/new\/produccion-pesquera-y-acuicola-en-los-lagos-bajo-09-en-junio\/"]}]},{"@type":"ImageObject","inLanguage":"es","@id":"https:\/\/www.mundoacuicola.cl\/new\/produccion-pesquera-y-acuicola-en-los-lagos-bajo-09-en-junio\/#primaryimage","url":"https:\/\/www.mundoacuicola.cl\/new\/wp-content\/uploads\/2025\/08\/Produccionpesquerayacuicola.jpg","contentUrl":"https:\/\/www.mundoacuicola.cl\/new\/wp-content\/uploads\/2025\/08\/Produccionpesquerayacuicola.jpg","width":750,"height":400},{"@type":"BreadcrumbList","@id":"https:\/\/www.mundoacuicola.cl\/new\/produccion-pesquera-y-acuicola-en-los-lagos-bajo-09-en-junio\/#breadcrumb","itemListElement":[{"@type":"ListItem","position":1,"name":"Portada","item":"https:\/\/www.mundoacuicola.cl\/new\/"},{"@type":"ListItem","position":2,"name":"Producci\u00f3n pesquera y acu\u00edcola en Los Lagos baj\u00f3 0,9% en junio"}]},{"@type":"WebSite","@id":"https:\/\/www.mundoacuicola.cl\/new\/#website","url":"https:\/\/www.mundoacuicola.cl\/new\/","name":"Mundoacuicola","description":"Revista de Acuicultura.","publisher":{"@id":"https:\/\/www.mundoacuicola.cl\/new\/#organization"},"potentialAction":[{"@type":"SearchAction","target":{"@type":"EntryPoint","urlTemplate":"https:\/\/www.mundoacuicola.cl\/new\/?s={search_term_string}"},"query-input":{"@type":"PropertyValueSpecification","valueRequired":true,"valueName":"search_term_string"}}],"inLanguage":"es"},{"@type":"Organization","@id":"https:\/\/www.mundoacuicola.cl\/new\/#organization","name":"Mundoacuicola","url":"https:\/\/www.mundoacuicola.cl\/new\/","logo":{"@type":"ImageObject","inLanguage":"es","@id":"https:\/\/www.mundoacuicola.cl\/new\/#\/schema\/logo\/image\/","url":"https:\/\/www.mundoacuicola.cl\/new\/wp-content\/uploads\/2026\/01\/cropped-LOGO-Mundo-Acuicola-2026.png","contentUrl":"https:\/\/www.mundoacuicola.cl\/new\/wp-content\/uploads\/2026\/01\/cropped-LOGO-Mundo-Acuicola-2026.png","width":1252,"height":296,"caption":"Mundoacuicola"},"image":{"@id":"https:\/\/www.mundoacuicola.cl\/new\/#\/schema\/logo\/image\/"},"sameAs":["https:\/\/www.facebook.com\/mundo.acuicola\/","https:\/\/x.com\/mundoacuicola","https:\/\/www.linkedin.com\/in\/mundo-acuicola"]},{"@type":"Person","@id":"https:\/\/www.mundoacuicola.cl\/new\/#\/schema\/person\/c00ffe389abb88bd9254653add139315","name":"mbarrueto","url":"https:\/\/www.mundoacuicola.cl\/new\/author\/mbarrueto\/"}]}},"_links":{"self":[{"href":"https:\/\/www.mundoacuicola.cl\/new\/wp-json\/wp\/v2\/posts\/78421","targetHints":{"allow":["GET"]}}],"collection":[{"href":"https:\/\/www.mundoacuicola.cl\/new\/wp-json\/wp\/v2\/posts"}],"about":[{"href":"https:\/\/www.mundoacuicola.cl\/new\/wp-json\/wp\/v2\/types\/post"}],"author":[{"embeddable":true,"href":"https:\/\/www.mundoacuicola.cl\/new\/wp-json\/wp\/v2\/users\/10"}],"replies":[{"embeddable":true,"href":"https:\/\/www.mundoacuicola.cl\/new\/wp-json\/wp\/v2\/comments?post=78421"}],"version-history":[{"count":0,"href":"https:\/\/www.mundoacuicola.cl\/new\/wp-json\/wp\/v2\/posts\/78421\/revisions"}],"wp:featuredmedia":[{"embeddable":true,"href":"https:\/\/www.mundoacuicola.cl\/new\/wp-json\/wp\/v2\/media\/78423"}],"wp:attachment":[{"href":"https:\/\/www.mundoacuicola.cl\/new\/wp-json\/wp\/v2\/media?parent=78421"}],"wp:term":[{"taxonomy":"category","embeddable":true,"href":"https:\/\/www.mundoacuicola.cl\/new\/wp-json\/wp\/v2\/categories?post=78421"},{"taxonomy":"post_tag","embeddable":true,"href":"https:\/\/www.mundoacuicola.cl\/new\/wp-json\/wp\/v2\/tags?post=78421"}],"curies":[{"name":"wp","href":"https:\/\/api.w.org\/{rel}","templated":true}]}}