{"id":78445,"date":"2025-08-13T05:03:19","date_gmt":"2025-08-13T09:03:19","guid":{"rendered":"https:\/\/www.mundoacuicola.cl\/new\/?p=78445"},"modified":"2025-08-14T14:31:34","modified_gmt":"2025-08-14T18:31:34","slug":"salmonchile-y-municipalidad-de-puerto-montt-conecto-a-chefs-del-sur-con-les-toques-blanches","status":"publish","type":"post","link":"https:\/\/www.mundoacuicola.cl\/new\/salmonchile-y-municipalidad-de-puerto-montt-conecto-a-chefs-del-sur-con-les-toques-blanches\/","title":{"rendered":"SalmonChile y Municipalidad de Puerto Montt conect\u00f3 a chefs del sur con Les Toques Blanches"},"content":{"rendered":"<p data-start=\"294\" data-end=\"673\">En un ambiente distendido, cargado de aromas y sabores del sur de Chile, SalmonChile y la reconocida asociaci\u00f3n gastron\u00f3mica Les Toques Blanches celebraron un encuentro en el restaurante El Tabl\u00f3n del Ancla de Puerto Montt, reuniendo a chefs internacionales y cocineros de la regi\u00f3n en una jornada orientada a compartir experiencias y potenciar la cocina con productos del mar.<\/p>\n<p data-start=\"675\" data-end=\"1172\">La actividad, que convoc\u00f3 a autoridades, chefs locales, chefs de la asociaci\u00f3n Les Toques Blanches, tour operadores, entre otros , tuvo como eje la articulaci\u00f3n entre los integrantes de Les Toques Blanches y la gastronom\u00eda regional, destacando la calidad y versatilidad de materias primas como el salm\u00f3n chileno y otros productos del mar. El encuentro permiti\u00f3 dar cierre a un dpia donde los chefs locales pudieran intercambiar t\u00e9cnicas, tendencias y propuestas culinarias con colegas de Les Toques Blanches, generando un espacio de aprendizaje mutuo y proyecci\u00f3n conjunta.<\/p>\n<p data-start=\"1174\" data-end=\"1589\">Desde SalmonChile destacaron que esta alianza busca, adem\u00e1s de fortalecer la identidad gastron\u00f3mica de la zona, impulsar el desarrollo de nuevas preparaciones que pongan en valor el trabajo de pescadores, acuicultores y productores locales.<\/p>\n<p data-start=\"748\" data-end=\"1272\">Eugenio Melo, presidente de Les Toques Blanches, destac\u00f3 que esta visita a la regi\u00f3n de Los Lagos \u2014que se extendi\u00f3 por tres d\u00edas\u2014 fue \u201cs\u00faper fruct\u00edfera, mejor de lo que esper\u00e1bamos incluso\u201d. Explic\u00f3 que la iniciativa naci\u00f3 en 2023 con el prop\u00f3sito de \u201cinstalar en esta regi\u00f3n las becas de Les Toques Blanche, donde entregamos oportunidades a los j\u00f3venes estudiantes de los colegios t\u00e9cnicos, para mejorar sus capacidades de formaci\u00f3n y adem\u00e1s entregarles recursos para poder continuar su estudios en educaci\u00f3n superior\u201d.<\/p>\n<p data-start=\"1274\" data-end=\"1533\">El chef valor\u00f3 que, por segundo a\u00f1o consecutivo, este programa ya est\u00e9 consolidado, y subray\u00f3 que en 2024 sumaron un nuevo elemento: \u201cEste v\u00ednculo con SalmonChile, que es nuestro partner local, la empresa que nos ha ayudado a desarrollar este trabajo\u201d.<\/p>\n<p data-start=\"1535\" data-end=\"2054\">Seg\u00fan Melo, el encuentro no solo se enfoc\u00f3 en la formaci\u00f3n t\u00e9cnica de estudiantes, sino tambi\u00e9n en un trabajo colaborativo con restaurantes locales \u201cpara poder diversificar el uso culinario del salm\u00f3n\u201d, al tiempo que se rescatan ingredientes de la zona. \u201cSabemos que es un recurso valioso en la regi\u00f3n y hemos venido a instalar no solamente capacidades t\u00e9cnicas para que eso ocurra, sino tambi\u00e9n a poner en valor los productos del territorio que muchas veces est\u00e1n tan cerca que a veces no los ven los chefs\u201d, se\u00f1al\u00f3.<\/p>\n<p data-start=\"2056\" data-end=\"2312\">En sus palabras, esta alianza permite proyectar la gastronom\u00eda regional hacia el futuro: \u201cEstamos nosotros tambi\u00e9n enamorados de esta oportunidad que nos permite SalmonChile y Les Toques Blanches para potenciar la gastronom\u00eda y el futuro de esta regi\u00f3n\u201d.<\/p>\n","protected":false},"excerpt":{"rendered":"<p>SalmonChile y Les Toques Blanches unieron a chefs locales e internacionales en Puerto Montt para potenciar la cocina con productos del mar.<\/p>\n","protected":false},"author":8,"featured_media":78446,"comment_status":"closed","ping_status":"closed","sticky":false,"template":"","format":"standard","meta":{"footnotes":""},"categories":[60],"tags":[24477,27210,27209,19187,20038,22093,1492,772,2273,170],"class_list":["post-78445","post","type-post","status-publish","format-standard","has-post-thumbnail","hentry","category-salmonicultura","tag-chefs-internacionales","tag-cocina-del-sur-de-chile","tag-eugenio-melo","tag-gastronomia-regional","tag-gastronomia-sostenible","tag-les-toques-blanches","tag-productos-del-mar","tag-puerto-montt","tag-salmon-chileno","tag-salmonchile"],"yoast_head":"<!-- This site is optimized with the Yoast SEO plugin v27.5 - https:\/\/yoast.com\/product\/yoast-seo-wordpress\/ -->\n<title>SalmonChile y Municipalidad de Puerto Montt conect\u00f3 a chefs del sur con Les Toques Blanches - Mundoacuicola<\/title>\n<meta name=\"description\" content=\"SalmonChile y Les Toques Blanches unieron a chefs locales e internacionales en Puerto Montt para potenciar la cocina con productos del mar.\" \/>\n<meta name=\"robots\" content=\"index, follow, max-snippet:-1, max-image-preview:large, max-video-preview:-1\" \/>\n<link rel=\"canonical\" href=\"https:\/\/www.mundoacuicola.cl\/new\/salmonchile-y-municipalidad-de-puerto-montt-conecto-a-chefs-del-sur-con-les-toques-blanches\/\" \/>\n<meta property=\"og:locale\" content=\"es_ES\" \/>\n<meta property=\"og:type\" content=\"article\" \/>\n<meta property=\"og:title\" content=\"SalmonChile y Municipalidad de Puerto Montt conect\u00f3 a chefs del sur con Les Toques Blanches - Mundoacuicola\" \/>\n<meta property=\"og:description\" content=\"SalmonChile y Les Toques Blanches unieron a chefs locales e internacionales en Puerto Montt para potenciar la cocina con productos del mar.\" \/>\n<meta property=\"og:url\" content=\"https:\/\/www.mundoacuicola.cl\/new\/salmonchile-y-municipalidad-de-puerto-montt-conecto-a-chefs-del-sur-con-les-toques-blanches\/\" \/>\n<meta property=\"og:site_name\" content=\"Mundoacuicola\" \/>\n<meta property=\"article:publisher\" content=\"https:\/\/www.facebook.com\/mundo.acuicola\/\" \/>\n<meta property=\"article:published_time\" content=\"2025-08-13T09:03:19+00:00\" \/>\n<meta property=\"article:modified_time\" content=\"2025-08-14T18:31:34+00:00\" \/>\n<meta property=\"og:image\" content=\"https:\/\/www.mundoacuicola.cl\/new\/wp-content\/uploads\/2025\/08\/LesToquesBlanche2.jpg\" \/>\n\t<meta property=\"og:image:width\" content=\"750\" \/>\n\t<meta property=\"og:image:height\" content=\"400\" \/>\n\t<meta property=\"og:image:type\" content=\"image\/jpeg\" \/>\n<meta name=\"author\" content=\"Ricardo Alvarez\" \/>\n<meta name=\"twitter:card\" content=\"summary_large_image\" \/>\n<meta name=\"twitter:creator\" content=\"@mundoacuicola\" \/>\n<meta name=\"twitter:site\" content=\"@mundoacuicola\" \/>\n<meta name=\"twitter:label1\" content=\"Escrito por\" \/>\n\t<meta name=\"twitter:data1\" content=\"Ricardo Alvarez\" \/>\n\t<meta name=\"twitter:label2\" content=\"Tiempo de lectura\" \/>\n\t<meta name=\"twitter:data2\" content=\"3 minutos\" \/>\n<script type=\"application\/ld+json\" class=\"yoast-schema-graph\">{\"@context\":\"https:\\\/\\\/schema.org\",\"@graph\":[{\"@type\":\"Article\",\"@id\":\"https:\\\/\\\/www.mundoacuicola.cl\\\/new\\\/salmonchile-y-municipalidad-de-puerto-montt-conecto-a-chefs-del-sur-con-les-toques-blanches\\\/#article\",\"isPartOf\":{\"@id\":\"https:\\\/\\\/www.mundoacuicola.cl\\\/new\\\/salmonchile-y-municipalidad-de-puerto-montt-conecto-a-chefs-del-sur-con-les-toques-blanches\\\/\"},\"author\":{\"name\":\"Ricardo Alvarez\",\"@id\":\"https:\\\/\\\/www.mundoacuicola.cl\\\/new\\\/#\\\/schema\\\/person\\\/52cfe7e461eb2d30484965350ee34bdd\"},\"headline\":\"SalmonChile y Municipalidad de Puerto Montt conect\u00f3 a chefs del sur con Les Toques Blanches\",\"datePublished\":\"2025-08-13T09:03:19+00:00\",\"dateModified\":\"2025-08-14T18:31:34+00:00\",\"mainEntityOfPage\":{\"@id\":\"https:\\\/\\\/www.mundoacuicola.cl\\\/new\\\/salmonchile-y-municipalidad-de-puerto-montt-conecto-a-chefs-del-sur-con-les-toques-blanches\\\/\"},\"wordCount\":480,\"publisher\":{\"@id\":\"https:\\\/\\\/www.mundoacuicola.cl\\\/new\\\/#organization\"},\"image\":{\"@id\":\"https:\\\/\\\/www.mundoacuicola.cl\\\/new\\\/salmonchile-y-municipalidad-de-puerto-montt-conecto-a-chefs-del-sur-con-les-toques-blanches\\\/#primaryimage\"},\"thumbnailUrl\":\"https:\\\/\\\/www.mundoacuicola.cl\\\/new\\\/wp-content\\\/uploads\\\/2025\\\/08\\\/LesToquesBlanche2.jpg\",\"keywords\":[\"chefs internacionales\",\"cocina del sur de Chile\",\"Eugenio Melo\",\"gastronom\u00eda regional\",\"Gastronom\u00eda Sostenible\",\"Les Toques Blanches\",\"Productos del mar\",\"Puerto Montt\",\"Salm\u00f3n chileno\",\"Salmonchile\"],\"articleSection\":[\"Salmonicultura\"],\"inLanguage\":\"es\"},{\"@type\":\"WebPage\",\"@id\":\"https:\\\/\\\/www.mundoacuicola.cl\\\/new\\\/salmonchile-y-municipalidad-de-puerto-montt-conecto-a-chefs-del-sur-con-les-toques-blanches\\\/\",\"url\":\"https:\\\/\\\/www.mundoacuicola.cl\\\/new\\\/salmonchile-y-municipalidad-de-puerto-montt-conecto-a-chefs-del-sur-con-les-toques-blanches\\\/\",\"name\":\"SalmonChile y Municipalidad de Puerto Montt conect\u00f3 a chefs del sur con Les Toques Blanches - Mundoacuicola\",\"isPartOf\":{\"@id\":\"https:\\\/\\\/www.mundoacuicola.cl\\\/new\\\/#website\"},\"primaryImageOfPage\":{\"@id\":\"https:\\\/\\\/www.mundoacuicola.cl\\\/new\\\/salmonchile-y-municipalidad-de-puerto-montt-conecto-a-chefs-del-sur-con-les-toques-blanches\\\/#primaryimage\"},\"image\":{\"@id\":\"https:\\\/\\\/www.mundoacuicola.cl\\\/new\\\/salmonchile-y-municipalidad-de-puerto-montt-conecto-a-chefs-del-sur-con-les-toques-blanches\\\/#primaryimage\"},\"thumbnailUrl\":\"https:\\\/\\\/www.mundoacuicola.cl\\\/new\\\/wp-content\\\/uploads\\\/2025\\\/08\\\/LesToquesBlanche2.jpg\",\"datePublished\":\"2025-08-13T09:03:19+00:00\",\"dateModified\":\"2025-08-14T18:31:34+00:00\",\"description\":\"SalmonChile y Les Toques Blanches unieron a chefs locales e internacionales en Puerto Montt para potenciar la cocina con productos del mar.\",\"breadcrumb\":{\"@id\":\"https:\\\/\\\/www.mundoacuicola.cl\\\/new\\\/salmonchile-y-municipalidad-de-puerto-montt-conecto-a-chefs-del-sur-con-les-toques-blanches\\\/#breadcrumb\"},\"inLanguage\":\"es\",\"potentialAction\":[{\"@type\":\"ReadAction\",\"target\":[\"https:\\\/\\\/www.mundoacuicola.cl\\\/new\\\/salmonchile-y-municipalidad-de-puerto-montt-conecto-a-chefs-del-sur-con-les-toques-blanches\\\/\"]}]},{\"@type\":\"ImageObject\",\"inLanguage\":\"es\",\"@id\":\"https:\\\/\\\/www.mundoacuicola.cl\\\/new\\\/salmonchile-y-municipalidad-de-puerto-montt-conecto-a-chefs-del-sur-con-les-toques-blanches\\\/#primaryimage\",\"url\":\"https:\\\/\\\/www.mundoacuicola.cl\\\/new\\\/wp-content\\\/uploads\\\/2025\\\/08\\\/LesToquesBlanche2.jpg\",\"contentUrl\":\"https:\\\/\\\/www.mundoacuicola.cl\\\/new\\\/wp-content\\\/uploads\\\/2025\\\/08\\\/LesToquesBlanche2.jpg\",\"width\":750,\"height\":400},{\"@type\":\"BreadcrumbList\",\"@id\":\"https:\\\/\\\/www.mundoacuicola.cl\\\/new\\\/salmonchile-y-municipalidad-de-puerto-montt-conecto-a-chefs-del-sur-con-les-toques-blanches\\\/#breadcrumb\",\"itemListElement\":[{\"@type\":\"ListItem\",\"position\":1,\"name\":\"Portada\",\"item\":\"https:\\\/\\\/www.mundoacuicola.cl\\\/new\\\/\"},{\"@type\":\"ListItem\",\"position\":2,\"name\":\"SalmonChile y Municipalidad de Puerto Montt conect\u00f3 a chefs del sur con Les Toques Blanches\"}]},{\"@type\":\"WebSite\",\"@id\":\"https:\\\/\\\/www.mundoacuicola.cl\\\/new\\\/#website\",\"url\":\"https:\\\/\\\/www.mundoacuicola.cl\\\/new\\\/\",\"name\":\"Mundoacuicola\",\"description\":\"Revista de Acuicultura.\",\"publisher\":{\"@id\":\"https:\\\/\\\/www.mundoacuicola.cl\\\/new\\\/#organization\"},\"potentialAction\":[{\"@type\":\"SearchAction\",\"target\":{\"@type\":\"EntryPoint\",\"urlTemplate\":\"https:\\\/\\\/www.mundoacuicola.cl\\\/new\\\/?s={search_term_string}\"},\"query-input\":{\"@type\":\"PropertyValueSpecification\",\"valueRequired\":true,\"valueName\":\"search_term_string\"}}],\"inLanguage\":\"es\"},{\"@type\":\"Organization\",\"@id\":\"https:\\\/\\\/www.mundoacuicola.cl\\\/new\\\/#organization\",\"name\":\"Mundoacuicola\",\"url\":\"https:\\\/\\\/www.mundoacuicola.cl\\\/new\\\/\",\"logo\":{\"@type\":\"ImageObject\",\"inLanguage\":\"es\",\"@id\":\"https:\\\/\\\/www.mundoacuicola.cl\\\/new\\\/#\\\/schema\\\/logo\\\/image\\\/\",\"url\":\"https:\\\/\\\/www.mundoacuicola.cl\\\/new\\\/wp-content\\\/uploads\\\/2026\\\/01\\\/cropped-LOGO-Mundo-Acuicola-2026.png\",\"contentUrl\":\"https:\\\/\\\/www.mundoacuicola.cl\\\/new\\\/wp-content\\\/uploads\\\/2026\\\/01\\\/cropped-LOGO-Mundo-Acuicola-2026.png\",\"width\":1252,\"height\":296,\"caption\":\"Mundoacuicola\"},\"image\":{\"@id\":\"https:\\\/\\\/www.mundoacuicola.cl\\\/new\\\/#\\\/schema\\\/logo\\\/image\\\/\"},\"sameAs\":[\"https:\\\/\\\/www.facebook.com\\\/mundo.acuicola\\\/\",\"https:\\\/\\\/x.com\\\/mundoacuicola\",\"https:\\\/\\\/www.linkedin.com\\\/in\\\/mundo-acuicola\"]},{\"@type\":\"Person\",\"@id\":\"https:\\\/\\\/www.mundoacuicola.cl\\\/new\\\/#\\\/schema\\\/person\\\/52cfe7e461eb2d30484965350ee34bdd\",\"name\":\"Ricardo Alvarez\",\"url\":\"https:\\\/\\\/www.mundoacuicola.cl\\\/new\\\/author\\\/ricardo\\\/\"}]}<\/script>\n<!-- \/ Yoast SEO plugin. -->","yoast_head_json":{"title":"SalmonChile y Municipalidad de Puerto Montt conect\u00f3 a chefs del sur con Les Toques Blanches - Mundoacuicola","description":"SalmonChile y Les Toques Blanches unieron a chefs locales e internacionales en Puerto Montt para potenciar la cocina con productos del mar.","robots":{"index":"index","follow":"follow","max-snippet":"max-snippet:-1","max-image-preview":"max-image-preview:large","max-video-preview":"max-video-preview:-1"},"canonical":"https:\/\/www.mundoacuicola.cl\/new\/salmonchile-y-municipalidad-de-puerto-montt-conecto-a-chefs-del-sur-con-les-toques-blanches\/","og_locale":"es_ES","og_type":"article","og_title":"SalmonChile y Municipalidad de Puerto Montt conect\u00f3 a chefs del sur con Les Toques Blanches - Mundoacuicola","og_description":"SalmonChile y Les Toques Blanches unieron a chefs locales e internacionales en Puerto Montt para potenciar la cocina con productos del mar.","og_url":"https:\/\/www.mundoacuicola.cl\/new\/salmonchile-y-municipalidad-de-puerto-montt-conecto-a-chefs-del-sur-con-les-toques-blanches\/","og_site_name":"Mundoacuicola","article_publisher":"https:\/\/www.facebook.com\/mundo.acuicola\/","article_published_time":"2025-08-13T09:03:19+00:00","article_modified_time":"2025-08-14T18:31:34+00:00","og_image":[{"width":750,"height":400,"url":"https:\/\/www.mundoacuicola.cl\/new\/wp-content\/uploads\/2025\/08\/LesToquesBlanche2.jpg","type":"image\/jpeg"}],"author":"Ricardo Alvarez","twitter_card":"summary_large_image","twitter_creator":"@mundoacuicola","twitter_site":"@mundoacuicola","twitter_misc":{"Escrito por":"Ricardo Alvarez","Tiempo de lectura":"3 minutos"},"schema":{"@context":"https:\/\/schema.org","@graph":[{"@type":"Article","@id":"https:\/\/www.mundoacuicola.cl\/new\/salmonchile-y-municipalidad-de-puerto-montt-conecto-a-chefs-del-sur-con-les-toques-blanches\/#article","isPartOf":{"@id":"https:\/\/www.mundoacuicola.cl\/new\/salmonchile-y-municipalidad-de-puerto-montt-conecto-a-chefs-del-sur-con-les-toques-blanches\/"},"author":{"name":"Ricardo Alvarez","@id":"https:\/\/www.mundoacuicola.cl\/new\/#\/schema\/person\/52cfe7e461eb2d30484965350ee34bdd"},"headline":"SalmonChile y Municipalidad de Puerto Montt conect\u00f3 a chefs del sur con Les Toques Blanches","datePublished":"2025-08-13T09:03:19+00:00","dateModified":"2025-08-14T18:31:34+00:00","mainEntityOfPage":{"@id":"https:\/\/www.mundoacuicola.cl\/new\/salmonchile-y-municipalidad-de-puerto-montt-conecto-a-chefs-del-sur-con-les-toques-blanches\/"},"wordCount":480,"publisher":{"@id":"https:\/\/www.mundoacuicola.cl\/new\/#organization"},"image":{"@id":"https:\/\/www.mundoacuicola.cl\/new\/salmonchile-y-municipalidad-de-puerto-montt-conecto-a-chefs-del-sur-con-les-toques-blanches\/#primaryimage"},"thumbnailUrl":"https:\/\/www.mundoacuicola.cl\/new\/wp-content\/uploads\/2025\/08\/LesToquesBlanche2.jpg","keywords":["chefs internacionales","cocina del sur de Chile","Eugenio Melo","gastronom\u00eda regional","Gastronom\u00eda Sostenible","Les Toques Blanches","Productos del mar","Puerto Montt","Salm\u00f3n chileno","Salmonchile"],"articleSection":["Salmonicultura"],"inLanguage":"es"},{"@type":"WebPage","@id":"https:\/\/www.mundoacuicola.cl\/new\/salmonchile-y-municipalidad-de-puerto-montt-conecto-a-chefs-del-sur-con-les-toques-blanches\/","url":"https:\/\/www.mundoacuicola.cl\/new\/salmonchile-y-municipalidad-de-puerto-montt-conecto-a-chefs-del-sur-con-les-toques-blanches\/","name":"SalmonChile y Municipalidad de Puerto Montt conect\u00f3 a chefs del sur con Les Toques Blanches - Mundoacuicola","isPartOf":{"@id":"https:\/\/www.mundoacuicola.cl\/new\/#website"},"primaryImageOfPage":{"@id":"https:\/\/www.mundoacuicola.cl\/new\/salmonchile-y-municipalidad-de-puerto-montt-conecto-a-chefs-del-sur-con-les-toques-blanches\/#primaryimage"},"image":{"@id":"https:\/\/www.mundoacuicola.cl\/new\/salmonchile-y-municipalidad-de-puerto-montt-conecto-a-chefs-del-sur-con-les-toques-blanches\/#primaryimage"},"thumbnailUrl":"https:\/\/www.mundoacuicola.cl\/new\/wp-content\/uploads\/2025\/08\/LesToquesBlanche2.jpg","datePublished":"2025-08-13T09:03:19+00:00","dateModified":"2025-08-14T18:31:34+00:00","description":"SalmonChile y Les Toques Blanches unieron a chefs locales e internacionales en Puerto Montt para potenciar la cocina con productos del mar.","breadcrumb":{"@id":"https:\/\/www.mundoacuicola.cl\/new\/salmonchile-y-municipalidad-de-puerto-montt-conecto-a-chefs-del-sur-con-les-toques-blanches\/#breadcrumb"},"inLanguage":"es","potentialAction":[{"@type":"ReadAction","target":["https:\/\/www.mundoacuicola.cl\/new\/salmonchile-y-municipalidad-de-puerto-montt-conecto-a-chefs-del-sur-con-les-toques-blanches\/"]}]},{"@type":"ImageObject","inLanguage":"es","@id":"https:\/\/www.mundoacuicola.cl\/new\/salmonchile-y-municipalidad-de-puerto-montt-conecto-a-chefs-del-sur-con-les-toques-blanches\/#primaryimage","url":"https:\/\/www.mundoacuicola.cl\/new\/wp-content\/uploads\/2025\/08\/LesToquesBlanche2.jpg","contentUrl":"https:\/\/www.mundoacuicola.cl\/new\/wp-content\/uploads\/2025\/08\/LesToquesBlanche2.jpg","width":750,"height":400},{"@type":"BreadcrumbList","@id":"https:\/\/www.mundoacuicola.cl\/new\/salmonchile-y-municipalidad-de-puerto-montt-conecto-a-chefs-del-sur-con-les-toques-blanches\/#breadcrumb","itemListElement":[{"@type":"ListItem","position":1,"name":"Portada","item":"https:\/\/www.mundoacuicola.cl\/new\/"},{"@type":"ListItem","position":2,"name":"SalmonChile y Municipalidad de Puerto Montt conect\u00f3 a chefs del sur con Les Toques Blanches"}]},{"@type":"WebSite","@id":"https:\/\/www.mundoacuicola.cl\/new\/#website","url":"https:\/\/www.mundoacuicola.cl\/new\/","name":"Mundoacuicola","description":"Revista de Acuicultura.","publisher":{"@id":"https:\/\/www.mundoacuicola.cl\/new\/#organization"},"potentialAction":[{"@type":"SearchAction","target":{"@type":"EntryPoint","urlTemplate":"https:\/\/www.mundoacuicola.cl\/new\/?s={search_term_string}"},"query-input":{"@type":"PropertyValueSpecification","valueRequired":true,"valueName":"search_term_string"}}],"inLanguage":"es"},{"@type":"Organization","@id":"https:\/\/www.mundoacuicola.cl\/new\/#organization","name":"Mundoacuicola","url":"https:\/\/www.mundoacuicola.cl\/new\/","logo":{"@type":"ImageObject","inLanguage":"es","@id":"https:\/\/www.mundoacuicola.cl\/new\/#\/schema\/logo\/image\/","url":"https:\/\/www.mundoacuicola.cl\/new\/wp-content\/uploads\/2026\/01\/cropped-LOGO-Mundo-Acuicola-2026.png","contentUrl":"https:\/\/www.mundoacuicola.cl\/new\/wp-content\/uploads\/2026\/01\/cropped-LOGO-Mundo-Acuicola-2026.png","width":1252,"height":296,"caption":"Mundoacuicola"},"image":{"@id":"https:\/\/www.mundoacuicola.cl\/new\/#\/schema\/logo\/image\/"},"sameAs":["https:\/\/www.facebook.com\/mundo.acuicola\/","https:\/\/x.com\/mundoacuicola","https:\/\/www.linkedin.com\/in\/mundo-acuicola"]},{"@type":"Person","@id":"https:\/\/www.mundoacuicola.cl\/new\/#\/schema\/person\/52cfe7e461eb2d30484965350ee34bdd","name":"Ricardo Alvarez","url":"https:\/\/www.mundoacuicola.cl\/new\/author\/ricardo\/"}]}},"_links":{"self":[{"href":"https:\/\/www.mundoacuicola.cl\/new\/wp-json\/wp\/v2\/posts\/78445","targetHints":{"allow":["GET"]}}],"collection":[{"href":"https:\/\/www.mundoacuicola.cl\/new\/wp-json\/wp\/v2\/posts"}],"about":[{"href":"https:\/\/www.mundoacuicola.cl\/new\/wp-json\/wp\/v2\/types\/post"}],"author":[{"embeddable":true,"href":"https:\/\/www.mundoacuicola.cl\/new\/wp-json\/wp\/v2\/users\/8"}],"replies":[{"embeddable":true,"href":"https:\/\/www.mundoacuicola.cl\/new\/wp-json\/wp\/v2\/comments?post=78445"}],"version-history":[{"count":0,"href":"https:\/\/www.mundoacuicola.cl\/new\/wp-json\/wp\/v2\/posts\/78445\/revisions"}],"wp:featuredmedia":[{"embeddable":true,"href":"https:\/\/www.mundoacuicola.cl\/new\/wp-json\/wp\/v2\/media\/78446"}],"wp:attachment":[{"href":"https:\/\/www.mundoacuicola.cl\/new\/wp-json\/wp\/v2\/media?parent=78445"}],"wp:term":[{"taxonomy":"category","embeddable":true,"href":"https:\/\/www.mundoacuicola.cl\/new\/wp-json\/wp\/v2\/categories?post=78445"},{"taxonomy":"post_tag","embeddable":true,"href":"https:\/\/www.mundoacuicola.cl\/new\/wp-json\/wp\/v2\/tags?post=78445"}],"curies":[{"name":"wp","href":"https:\/\/api.w.org\/{rel}","templated":true}]}}