{"id":78478,"date":"2025-08-13T15:12:11","date_gmt":"2025-08-13T19:12:11","guid":{"rendered":"https:\/\/www.mundoacuicola.cl\/new\/?p=78478"},"modified":"2025-08-14T14:30:53","modified_gmt":"2025-08-14T18:30:53","slug":"condepp-llama-a-ignorar-las-caricaturas-de-la-pesca-industrial-que-busca-desacreditar-la-ley-de-fraccionamiento","status":"publish","type":"post","link":"https:\/\/www.mundoacuicola.cl\/new\/condepp-llama-a-ignorar-las-caricaturas-de-la-pesca-industrial-que-busca-desacreditar-la-ley-de-fraccionamiento\/","title":{"rendered":"Condepp llama a ignorar las\u00a0 \u201ccaricaturas\u201d de la pesca industrial que busca desacreditar la Ley de Fraccionamiento"},"content":{"rendered":"<p><span style=\"font-weight: 400;\">Las \u00faltimas semanas representantes de la pesca industrial y emisarios de su sector han salido a cuestionar los eventuales efectos de la Ley de Fraccionamiento, afirmando que se trata de una redistribuci\u00f3n apresurada que debilitar\u00e1\u00a0 al pa\u00eds.<\/span><\/p>\n<p><span style=\"font-weight: 400;\">Para dirigentes del sector artesanal dicha afirmaci\u00f3n est\u00e1 lejos de la realidad, pues se\u00f1alan que el cambio legislativo tuvo como finalidad corregir una profunda injusticia hist\u00f3rica, revitalizando las costas chilenas, y m\u00e1s importante a\u00fan busca generar\u00a0 riqueza comunitaria y distribuida equitativamente.<\/span><\/p>\n<p><span style=\"font-weight: 400;\">Hern\u00e1n Cort\u00e9s, presidente de la CONDEPP hizo ver que la\u00a0 disminuci\u00f3n de los vol\u00famenes de pesca a la que hace referencia la industria, no es un fen\u00f3meno del presente, sino que es resultado de una sobreexplotaci\u00f3n hist\u00f3rica por parte de la pesca industrial, \u201cfavorecida por un regalo regulatorio obtenido mediante corrupci\u00f3n al amparo de la llamada Ley Longueira\u201d.\u00a0<\/span><\/p>\n<p><span style=\"font-weight: 400;\">En ese sentido, record\u00f3 que dicha normativa concentr\u00f3 cerca del 70<\/span><span style=\"font-weight: 400;\">\u202f<\/span><span style=\"font-weight: 400;\">% de la cuota, controlada por menos de cien embarcaciones industriales, mientras apenas el 30<\/span><span style=\"font-weight: 400;\">\u202f<\/span><span style=\"font-weight: 400;\">% quedaba para m\u00e1s de cien mil pescadores artesanales y sus familias.<\/span><\/p>\n<p><span style=\"font-weight: 400;\">\u201cEllos usaron y abusaron de una legislaci\u00f3n que fue redactada para ellos. Con el nuevo fraccionamiento eso cambi\u00f3 y eso los tiene descolocados\u201d, subray\u00f3.\u00a0<\/span><\/p>\n<h2>Fin al veto artesanal<\/h2>\n<p><span style=\"font-weight: 400;\">Cort\u00e9s precis\u00f3 que el nuevo fraccionamiento subsana un veto para las peque\u00f1as y medianas empresas (PYMEs) elaboradoras de productos de consumo humano, que antes no ten\u00edan acceso a materia prima y hoy s\u00ed lo tendr\u00e1n, tal como ellas mismas han manifestado p\u00fablicamente. \u201cEste cambio permite que valor agregado se genere localmente, dinamizando la econom\u00eda y el empleo regional\u201d.<\/span><\/p>\n<p><span style=\"font-weight: 400;\">\u201cEl impacto social tambi\u00e9n es profundo porque antes muchas caletas se estaban despoblando, perdiendo su vitalidad cultural y fuerza econ\u00f3mica, provocando migraci\u00f3n hacia las ciudades y hoy, con recursos disponibles, las familias tienen razones culturales y econ\u00f3micas para permanecer en sus territorios, fortaleciendo el sentido de pertenencia, la continuidad generacional y la identidad regional\u201d, dijo el dirigente.<\/span><\/p>\n<p><span style=\"font-weight: 400;\">En ese marco, Cort\u00e9s se\u00f1al\u00f3 que los hechos hablan por s\u00ed solos, \u201cporque desde que se prohibi\u00f3 la pesca de arrastre en la jibia, la pesca artesanal y las PYMEs han logrado multiplicar el valor de su producci\u00f3n, consolidando un modelo de pesca sostenible y de altos retornos sociales y culturales\u201d.<\/span><\/p>\n<p><span style=\"font-weight: 400;\">Para la pesca industrial la nueva ley de fraccionamiento no empobrece, sino que viene a corregir desigualdades, promueve la justicia distributiva, revitaliza las caletas, genera empleo local y rescata un modelo de pesca que pone en el centro a las comunidades artesanales, dando paso hacia una pesca m\u00e1s equitativa, sostenible y verdaderamente nacional.<\/span><\/p>\n","protected":false},"excerpt":{"rendered":"<p>CONDEPP defiende la Ley de Fraccionamiento, se\u00f1alando que corrige desigualdades hist\u00f3ricas y fortalece la pesca artesanal y las comunidades costeras.<\/p>\n","protected":false},"author":8,"featured_media":74750,"comment_status":"closed","ping_status":"closed","sticky":false,"template":"","format":"standard","meta":{"footnotes":""},"categories":[62],"tags":[15612,27219,27217,27218,24253,3309,27149,555,24191,15987],"class_list":["post-78478","post","type-post","status-publish","format-standard","has-post-thumbnail","hentry","category-pesca","tag-caletas-chilenas","tag-economia-costera","tag-hernan-cortes-condepp","tag-justicia-distributiva","tag-ley-de-fraccionamiento","tag-ley-longueira","tag-pesca-artesanal-chile","tag-pesca-industrial","tag-pymes-pesqueras","tag-sostenibilidad-pesquera"],"yoast_head":"<!-- This site is optimized with the Yoast SEO plugin v27.4 - https:\/\/yoast.com\/product\/yoast-seo-wordpress\/ -->\n<title>Condepp llama a ignorar las\u00a0 \u201ccaricaturas\u201d de la pesca industrial que busca desacreditar la Ley de Fraccionamiento - Mundoacuicola<\/title>\n<meta name=\"description\" content=\"CONDEPP defiende la Ley de Fraccionamiento, se\u00f1alando que corrige desigualdades hist\u00f3ricas y fortalece la pesca artesanal.\" \/>\n<meta name=\"robots\" content=\"index, follow, max-snippet:-1, max-image-preview:large, max-video-preview:-1\" \/>\n<link rel=\"canonical\" href=\"https:\/\/www.mundoacuicola.cl\/new\/condepp-llama-a-ignorar-las-caricaturas-de-la-pesca-industrial-que-busca-desacreditar-la-ley-de-fraccionamiento\/\" \/>\n<meta property=\"og:locale\" content=\"es_ES\" \/>\n<meta property=\"og:type\" content=\"article\" \/>\n<meta property=\"og:title\" content=\"Condepp llama a ignorar las\u00a0 \u201ccaricaturas\u201d de la pesca industrial que busca desacreditar la Ley de Fraccionamiento - Mundoacuicola\" \/>\n<meta property=\"og:description\" content=\"CONDEPP defiende la Ley de Fraccionamiento, se\u00f1alando que corrige desigualdades hist\u00f3ricas y fortalece la pesca artesanal.\" \/>\n<meta property=\"og:url\" content=\"https:\/\/www.mundoacuicola.cl\/new\/condepp-llama-a-ignorar-las-caricaturas-de-la-pesca-industrial-que-busca-desacreditar-la-ley-de-fraccionamiento\/\" \/>\n<meta property=\"og:site_name\" content=\"Mundoacuicola\" \/>\n<meta property=\"article:publisher\" content=\"https:\/\/www.facebook.com\/mundo.acuicola\/\" \/>\n<meta property=\"article:published_time\" content=\"2025-08-13T19:12:11+00:00\" \/>\n<meta property=\"article:modified_time\" content=\"2025-08-14T18:30:53+00:00\" \/>\n<meta property=\"og:image\" content=\"https:\/\/www.mundoacuicola.cl\/new\/wp-content\/uploads\/2025\/04\/pesca.jpg\" \/>\n\t<meta property=\"og:image:width\" content=\"750\" \/>\n\t<meta property=\"og:image:height\" content=\"400\" \/>\n\t<meta property=\"og:image:type\" content=\"image\/jpeg\" \/>\n<meta name=\"author\" content=\"Ricardo Alvarez\" \/>\n<meta name=\"twitter:card\" content=\"summary_large_image\" \/>\n<meta name=\"twitter:creator\" content=\"@mundoacuicola\" \/>\n<meta name=\"twitter:site\" content=\"@mundoacuicola\" \/>\n<meta name=\"twitter:label1\" content=\"Escrito por\" \/>\n\t<meta name=\"twitter:data1\" content=\"Ricardo Alvarez\" \/>\n\t<meta name=\"twitter:label2\" content=\"Tiempo de lectura\" \/>\n\t<meta name=\"twitter:data2\" content=\"3 minutos\" \/>\n<script type=\"application\/ld+json\" class=\"yoast-schema-graph\">{\"@context\":\"https:\\\/\\\/schema.org\",\"@graph\":[{\"@type\":\"Article\",\"@id\":\"https:\\\/\\\/www.mundoacuicola.cl\\\/new\\\/condepp-llama-a-ignorar-las-caricaturas-de-la-pesca-industrial-que-busca-desacreditar-la-ley-de-fraccionamiento\\\/#article\",\"isPartOf\":{\"@id\":\"https:\\\/\\\/www.mundoacuicola.cl\\\/new\\\/condepp-llama-a-ignorar-las-caricaturas-de-la-pesca-industrial-que-busca-desacreditar-la-ley-de-fraccionamiento\\\/\"},\"author\":{\"name\":\"Ricardo Alvarez\",\"@id\":\"https:\\\/\\\/www.mundoacuicola.cl\\\/new\\\/#\\\/schema\\\/person\\\/52cfe7e461eb2d30484965350ee34bdd\"},\"headline\":\"Condepp llama a ignorar las\u00a0 \u201ccaricaturas\u201d de la pesca industrial que busca desacreditar la Ley de Fraccionamiento\",\"datePublished\":\"2025-08-13T19:12:11+00:00\",\"dateModified\":\"2025-08-14T18:30:53+00:00\",\"mainEntityOfPage\":{\"@id\":\"https:\\\/\\\/www.mundoacuicola.cl\\\/new\\\/condepp-llama-a-ignorar-las-caricaturas-de-la-pesca-industrial-que-busca-desacreditar-la-ley-de-fraccionamiento\\\/\"},\"wordCount\":465,\"publisher\":{\"@id\":\"https:\\\/\\\/www.mundoacuicola.cl\\\/new\\\/#organization\"},\"image\":{\"@id\":\"https:\\\/\\\/www.mundoacuicola.cl\\\/new\\\/condepp-llama-a-ignorar-las-caricaturas-de-la-pesca-industrial-que-busca-desacreditar-la-ley-de-fraccionamiento\\\/#primaryimage\"},\"thumbnailUrl\":\"https:\\\/\\\/www.mundoacuicola.cl\\\/new\\\/wp-content\\\/uploads\\\/2025\\\/04\\\/pesca.jpg\",\"keywords\":[\"caletas chilenas\",\"econom\u00eda costera\",\"Hern\u00e1n Cort\u00e9s CONDEPP\",\"justicia distributiva\",\"Ley de Fraccionamiento\",\"Ley Longueira\",\"pesca artesanal Chile\",\"Pesca industrial\",\"PYME\u2019s pesqueras\",\"Sostenibilidad Pesquera\"],\"articleSection\":[\"Pesca\"],\"inLanguage\":\"es\"},{\"@type\":\"WebPage\",\"@id\":\"https:\\\/\\\/www.mundoacuicola.cl\\\/new\\\/condepp-llama-a-ignorar-las-caricaturas-de-la-pesca-industrial-que-busca-desacreditar-la-ley-de-fraccionamiento\\\/\",\"url\":\"https:\\\/\\\/www.mundoacuicola.cl\\\/new\\\/condepp-llama-a-ignorar-las-caricaturas-de-la-pesca-industrial-que-busca-desacreditar-la-ley-de-fraccionamiento\\\/\",\"name\":\"Condepp llama a ignorar las\u00a0 \u201ccaricaturas\u201d de la pesca industrial que busca desacreditar la Ley de Fraccionamiento - Mundoacuicola\",\"isPartOf\":{\"@id\":\"https:\\\/\\\/www.mundoacuicola.cl\\\/new\\\/#website\"},\"primaryImageOfPage\":{\"@id\":\"https:\\\/\\\/www.mundoacuicola.cl\\\/new\\\/condepp-llama-a-ignorar-las-caricaturas-de-la-pesca-industrial-que-busca-desacreditar-la-ley-de-fraccionamiento\\\/#primaryimage\"},\"image\":{\"@id\":\"https:\\\/\\\/www.mundoacuicola.cl\\\/new\\\/condepp-llama-a-ignorar-las-caricaturas-de-la-pesca-industrial-que-busca-desacreditar-la-ley-de-fraccionamiento\\\/#primaryimage\"},\"thumbnailUrl\":\"https:\\\/\\\/www.mundoacuicola.cl\\\/new\\\/wp-content\\\/uploads\\\/2025\\\/04\\\/pesca.jpg\",\"datePublished\":\"2025-08-13T19:12:11+00:00\",\"dateModified\":\"2025-08-14T18:30:53+00:00\",\"description\":\"CONDEPP defiende la Ley de Fraccionamiento, se\u00f1alando que corrige desigualdades hist\u00f3ricas y fortalece la pesca artesanal.\",\"breadcrumb\":{\"@id\":\"https:\\\/\\\/www.mundoacuicola.cl\\\/new\\\/condepp-llama-a-ignorar-las-caricaturas-de-la-pesca-industrial-que-busca-desacreditar-la-ley-de-fraccionamiento\\\/#breadcrumb\"},\"inLanguage\":\"es\",\"potentialAction\":[{\"@type\":\"ReadAction\",\"target\":[\"https:\\\/\\\/www.mundoacuicola.cl\\\/new\\\/condepp-llama-a-ignorar-las-caricaturas-de-la-pesca-industrial-que-busca-desacreditar-la-ley-de-fraccionamiento\\\/\"]}]},{\"@type\":\"ImageObject\",\"inLanguage\":\"es\",\"@id\":\"https:\\\/\\\/www.mundoacuicola.cl\\\/new\\\/condepp-llama-a-ignorar-las-caricaturas-de-la-pesca-industrial-que-busca-desacreditar-la-ley-de-fraccionamiento\\\/#primaryimage\",\"url\":\"https:\\\/\\\/www.mundoacuicola.cl\\\/new\\\/wp-content\\\/uploads\\\/2025\\\/04\\\/pesca.jpg\",\"contentUrl\":\"https:\\\/\\\/www.mundoacuicola.cl\\\/new\\\/wp-content\\\/uploads\\\/2025\\\/04\\\/pesca.jpg\",\"width\":750,\"height\":400},{\"@type\":\"BreadcrumbList\",\"@id\":\"https:\\\/\\\/www.mundoacuicola.cl\\\/new\\\/condepp-llama-a-ignorar-las-caricaturas-de-la-pesca-industrial-que-busca-desacreditar-la-ley-de-fraccionamiento\\\/#breadcrumb\",\"itemListElement\":[{\"@type\":\"ListItem\",\"position\":1,\"name\":\"Portada\",\"item\":\"https:\\\/\\\/www.mundoacuicola.cl\\\/new\\\/\"},{\"@type\":\"ListItem\",\"position\":2,\"name\":\"Condepp llama a ignorar las\u00a0 \u201ccaricaturas\u201d de la pesca industrial que busca desacreditar la Ley de Fraccionamiento\"}]},{\"@type\":\"WebSite\",\"@id\":\"https:\\\/\\\/www.mundoacuicola.cl\\\/new\\\/#website\",\"url\":\"https:\\\/\\\/www.mundoacuicola.cl\\\/new\\\/\",\"name\":\"Mundoacuicola\",\"description\":\"Revista de Acuicultura.\",\"publisher\":{\"@id\":\"https:\\\/\\\/www.mundoacuicola.cl\\\/new\\\/#organization\"},\"potentialAction\":[{\"@type\":\"SearchAction\",\"target\":{\"@type\":\"EntryPoint\",\"urlTemplate\":\"https:\\\/\\\/www.mundoacuicola.cl\\\/new\\\/?s={search_term_string}\"},\"query-input\":{\"@type\":\"PropertyValueSpecification\",\"valueRequired\":true,\"valueName\":\"search_term_string\"}}],\"inLanguage\":\"es\"},{\"@type\":\"Organization\",\"@id\":\"https:\\\/\\\/www.mundoacuicola.cl\\\/new\\\/#organization\",\"name\":\"Mundoacuicola\",\"url\":\"https:\\\/\\\/www.mundoacuicola.cl\\\/new\\\/\",\"logo\":{\"@type\":\"ImageObject\",\"inLanguage\":\"es\",\"@id\":\"https:\\\/\\\/www.mundoacuicola.cl\\\/new\\\/#\\\/schema\\\/logo\\\/image\\\/\",\"url\":\"https:\\\/\\\/www.mundoacuicola.cl\\\/new\\\/wp-content\\\/uploads\\\/2026\\\/01\\\/cropped-LOGO-Mundo-Acuicola-2026.png\",\"contentUrl\":\"https:\\\/\\\/www.mundoacuicola.cl\\\/new\\\/wp-content\\\/uploads\\\/2026\\\/01\\\/cropped-LOGO-Mundo-Acuicola-2026.png\",\"width\":1252,\"height\":296,\"caption\":\"Mundoacuicola\"},\"image\":{\"@id\":\"https:\\\/\\\/www.mundoacuicola.cl\\\/new\\\/#\\\/schema\\\/logo\\\/image\\\/\"},\"sameAs\":[\"https:\\\/\\\/www.facebook.com\\\/mundo.acuicola\\\/\",\"https:\\\/\\\/x.com\\\/mundoacuicola\",\"https:\\\/\\\/www.linkedin.com\\\/in\\\/mundo-acuicola\"]},{\"@type\":\"Person\",\"@id\":\"https:\\\/\\\/www.mundoacuicola.cl\\\/new\\\/#\\\/schema\\\/person\\\/52cfe7e461eb2d30484965350ee34bdd\",\"name\":\"Ricardo Alvarez\",\"url\":\"https:\\\/\\\/www.mundoacuicola.cl\\\/new\\\/author\\\/ricardo\\\/\"}]}<\/script>\n<!-- \/ Yoast SEO plugin. -->","yoast_head_json":{"title":"Condepp llama a ignorar las\u00a0 \u201ccaricaturas\u201d de la pesca industrial que busca desacreditar la Ley de Fraccionamiento - Mundoacuicola","description":"CONDEPP defiende la Ley de Fraccionamiento, se\u00f1alando que corrige desigualdades hist\u00f3ricas y fortalece la pesca artesanal.","robots":{"index":"index","follow":"follow","max-snippet":"max-snippet:-1","max-image-preview":"max-image-preview:large","max-video-preview":"max-video-preview:-1"},"canonical":"https:\/\/www.mundoacuicola.cl\/new\/condepp-llama-a-ignorar-las-caricaturas-de-la-pesca-industrial-que-busca-desacreditar-la-ley-de-fraccionamiento\/","og_locale":"es_ES","og_type":"article","og_title":"Condepp llama a ignorar las\u00a0 \u201ccaricaturas\u201d de la pesca industrial que busca desacreditar la Ley de Fraccionamiento - Mundoacuicola","og_description":"CONDEPP defiende la Ley de Fraccionamiento, se\u00f1alando que corrige desigualdades hist\u00f3ricas y fortalece la pesca artesanal.","og_url":"https:\/\/www.mundoacuicola.cl\/new\/condepp-llama-a-ignorar-las-caricaturas-de-la-pesca-industrial-que-busca-desacreditar-la-ley-de-fraccionamiento\/","og_site_name":"Mundoacuicola","article_publisher":"https:\/\/www.facebook.com\/mundo.acuicola\/","article_published_time":"2025-08-13T19:12:11+00:00","article_modified_time":"2025-08-14T18:30:53+00:00","og_image":[{"width":750,"height":400,"url":"https:\/\/www.mundoacuicola.cl\/new\/wp-content\/uploads\/2025\/04\/pesca.jpg","type":"image\/jpeg"}],"author":"Ricardo Alvarez","twitter_card":"summary_large_image","twitter_creator":"@mundoacuicola","twitter_site":"@mundoacuicola","twitter_misc":{"Escrito por":"Ricardo Alvarez","Tiempo de lectura":"3 minutos"},"schema":{"@context":"https:\/\/schema.org","@graph":[{"@type":"Article","@id":"https:\/\/www.mundoacuicola.cl\/new\/condepp-llama-a-ignorar-las-caricaturas-de-la-pesca-industrial-que-busca-desacreditar-la-ley-de-fraccionamiento\/#article","isPartOf":{"@id":"https:\/\/www.mundoacuicola.cl\/new\/condepp-llama-a-ignorar-las-caricaturas-de-la-pesca-industrial-que-busca-desacreditar-la-ley-de-fraccionamiento\/"},"author":{"name":"Ricardo Alvarez","@id":"https:\/\/www.mundoacuicola.cl\/new\/#\/schema\/person\/52cfe7e461eb2d30484965350ee34bdd"},"headline":"Condepp llama a ignorar las\u00a0 \u201ccaricaturas\u201d de la pesca industrial que busca desacreditar la Ley de Fraccionamiento","datePublished":"2025-08-13T19:12:11+00:00","dateModified":"2025-08-14T18:30:53+00:00","mainEntityOfPage":{"@id":"https:\/\/www.mundoacuicola.cl\/new\/condepp-llama-a-ignorar-las-caricaturas-de-la-pesca-industrial-que-busca-desacreditar-la-ley-de-fraccionamiento\/"},"wordCount":465,"publisher":{"@id":"https:\/\/www.mundoacuicola.cl\/new\/#organization"},"image":{"@id":"https:\/\/www.mundoacuicola.cl\/new\/condepp-llama-a-ignorar-las-caricaturas-de-la-pesca-industrial-que-busca-desacreditar-la-ley-de-fraccionamiento\/#primaryimage"},"thumbnailUrl":"https:\/\/www.mundoacuicola.cl\/new\/wp-content\/uploads\/2025\/04\/pesca.jpg","keywords":["caletas chilenas","econom\u00eda costera","Hern\u00e1n Cort\u00e9s CONDEPP","justicia distributiva","Ley de Fraccionamiento","Ley Longueira","pesca artesanal Chile","Pesca industrial","PYME\u2019s pesqueras","Sostenibilidad Pesquera"],"articleSection":["Pesca"],"inLanguage":"es"},{"@type":"WebPage","@id":"https:\/\/www.mundoacuicola.cl\/new\/condepp-llama-a-ignorar-las-caricaturas-de-la-pesca-industrial-que-busca-desacreditar-la-ley-de-fraccionamiento\/","url":"https:\/\/www.mundoacuicola.cl\/new\/condepp-llama-a-ignorar-las-caricaturas-de-la-pesca-industrial-que-busca-desacreditar-la-ley-de-fraccionamiento\/","name":"Condepp llama a ignorar las\u00a0 \u201ccaricaturas\u201d de la pesca industrial que busca desacreditar la Ley de Fraccionamiento - Mundoacuicola","isPartOf":{"@id":"https:\/\/www.mundoacuicola.cl\/new\/#website"},"primaryImageOfPage":{"@id":"https:\/\/www.mundoacuicola.cl\/new\/condepp-llama-a-ignorar-las-caricaturas-de-la-pesca-industrial-que-busca-desacreditar-la-ley-de-fraccionamiento\/#primaryimage"},"image":{"@id":"https:\/\/www.mundoacuicola.cl\/new\/condepp-llama-a-ignorar-las-caricaturas-de-la-pesca-industrial-que-busca-desacreditar-la-ley-de-fraccionamiento\/#primaryimage"},"thumbnailUrl":"https:\/\/www.mundoacuicola.cl\/new\/wp-content\/uploads\/2025\/04\/pesca.jpg","datePublished":"2025-08-13T19:12:11+00:00","dateModified":"2025-08-14T18:30:53+00:00","description":"CONDEPP defiende la Ley de Fraccionamiento, se\u00f1alando que corrige desigualdades hist\u00f3ricas y fortalece la pesca artesanal.","breadcrumb":{"@id":"https:\/\/www.mundoacuicola.cl\/new\/condepp-llama-a-ignorar-las-caricaturas-de-la-pesca-industrial-que-busca-desacreditar-la-ley-de-fraccionamiento\/#breadcrumb"},"inLanguage":"es","potentialAction":[{"@type":"ReadAction","target":["https:\/\/www.mundoacuicola.cl\/new\/condepp-llama-a-ignorar-las-caricaturas-de-la-pesca-industrial-que-busca-desacreditar-la-ley-de-fraccionamiento\/"]}]},{"@type":"ImageObject","inLanguage":"es","@id":"https:\/\/www.mundoacuicola.cl\/new\/condepp-llama-a-ignorar-las-caricaturas-de-la-pesca-industrial-que-busca-desacreditar-la-ley-de-fraccionamiento\/#primaryimage","url":"https:\/\/www.mundoacuicola.cl\/new\/wp-content\/uploads\/2025\/04\/pesca.jpg","contentUrl":"https:\/\/www.mundoacuicola.cl\/new\/wp-content\/uploads\/2025\/04\/pesca.jpg","width":750,"height":400},{"@type":"BreadcrumbList","@id":"https:\/\/www.mundoacuicola.cl\/new\/condepp-llama-a-ignorar-las-caricaturas-de-la-pesca-industrial-que-busca-desacreditar-la-ley-de-fraccionamiento\/#breadcrumb","itemListElement":[{"@type":"ListItem","position":1,"name":"Portada","item":"https:\/\/www.mundoacuicola.cl\/new\/"},{"@type":"ListItem","position":2,"name":"Condepp llama a ignorar las\u00a0 \u201ccaricaturas\u201d de la pesca industrial que busca desacreditar la Ley de Fraccionamiento"}]},{"@type":"WebSite","@id":"https:\/\/www.mundoacuicola.cl\/new\/#website","url":"https:\/\/www.mundoacuicola.cl\/new\/","name":"Mundoacuicola","description":"Revista de Acuicultura.","publisher":{"@id":"https:\/\/www.mundoacuicola.cl\/new\/#organization"},"potentialAction":[{"@type":"SearchAction","target":{"@type":"EntryPoint","urlTemplate":"https:\/\/www.mundoacuicola.cl\/new\/?s={search_term_string}"},"query-input":{"@type":"PropertyValueSpecification","valueRequired":true,"valueName":"search_term_string"}}],"inLanguage":"es"},{"@type":"Organization","@id":"https:\/\/www.mundoacuicola.cl\/new\/#organization","name":"Mundoacuicola","url":"https:\/\/www.mundoacuicola.cl\/new\/","logo":{"@type":"ImageObject","inLanguage":"es","@id":"https:\/\/www.mundoacuicola.cl\/new\/#\/schema\/logo\/image\/","url":"https:\/\/www.mundoacuicola.cl\/new\/wp-content\/uploads\/2026\/01\/cropped-LOGO-Mundo-Acuicola-2026.png","contentUrl":"https:\/\/www.mundoacuicola.cl\/new\/wp-content\/uploads\/2026\/01\/cropped-LOGO-Mundo-Acuicola-2026.png","width":1252,"height":296,"caption":"Mundoacuicola"},"image":{"@id":"https:\/\/www.mundoacuicola.cl\/new\/#\/schema\/logo\/image\/"},"sameAs":["https:\/\/www.facebook.com\/mundo.acuicola\/","https:\/\/x.com\/mundoacuicola","https:\/\/www.linkedin.com\/in\/mundo-acuicola"]},{"@type":"Person","@id":"https:\/\/www.mundoacuicola.cl\/new\/#\/schema\/person\/52cfe7e461eb2d30484965350ee34bdd","name":"Ricardo Alvarez","url":"https:\/\/www.mundoacuicola.cl\/new\/author\/ricardo\/"}]}},"_links":{"self":[{"href":"https:\/\/www.mundoacuicola.cl\/new\/wp-json\/wp\/v2\/posts\/78478","targetHints":{"allow":["GET"]}}],"collection":[{"href":"https:\/\/www.mundoacuicola.cl\/new\/wp-json\/wp\/v2\/posts"}],"about":[{"href":"https:\/\/www.mundoacuicola.cl\/new\/wp-json\/wp\/v2\/types\/post"}],"author":[{"embeddable":true,"href":"https:\/\/www.mundoacuicola.cl\/new\/wp-json\/wp\/v2\/users\/8"}],"replies":[{"embeddable":true,"href":"https:\/\/www.mundoacuicola.cl\/new\/wp-json\/wp\/v2\/comments?post=78478"}],"version-history":[{"count":0,"href":"https:\/\/www.mundoacuicola.cl\/new\/wp-json\/wp\/v2\/posts\/78478\/revisions"}],"wp:featuredmedia":[{"embeddable":true,"href":"https:\/\/www.mundoacuicola.cl\/new\/wp-json\/wp\/v2\/media\/74750"}],"wp:attachment":[{"href":"https:\/\/www.mundoacuicola.cl\/new\/wp-json\/wp\/v2\/media?parent=78478"}],"wp:term":[{"taxonomy":"category","embeddable":true,"href":"https:\/\/www.mundoacuicola.cl\/new\/wp-json\/wp\/v2\/categories?post=78478"},{"taxonomy":"post_tag","embeddable":true,"href":"https:\/\/www.mundoacuicola.cl\/new\/wp-json\/wp\/v2\/tags?post=78478"}],"curies":[{"name":"wp","href":"https:\/\/api.w.org\/{rel}","templated":true}]}}