{"id":78532,"date":"2025-08-14T12:31:06","date_gmt":"2025-08-14T16:31:06","guid":{"rendered":"https:\/\/www.mundoacuicola.cl\/new\/?p=78532"},"modified":"2025-08-14T17:45:48","modified_gmt":"2025-08-14T21:45:48","slug":"mesa-comex-de-los-lagos-refuerza-comercio-exterior-e-internacionalizacion","status":"publish","type":"post","link":"https:\/\/www.mundoacuicola.cl\/new\/mesa-comex-de-los-lagos-refuerza-comercio-exterior-e-internacionalizacion\/","title":{"rendered":"Mesa Comex de Los Lagos refuerza comercio exterior e internacionalizaci\u00f3n"},"content":{"rendered":"<p>Con la participaci\u00f3n de treinta representantes del mundo p\u00fablico y privado, ProChile coordin\u00f3 y reactiv\u00f3 la Mesa de Comercio Exterior (Mesa Comex), instancia que busca incentivar las relaciones entre instituciones, empresas y actores relevantes a nivel regional, para fortalecer el comercio exterior, y asimismo, trabajar en conjunto para la facilitaci\u00f3n de nuevos negocios.<u><\/u><u><\/u><\/p>\n<p>En la reuni\u00f3n estuvieron representados sectores relevantes de la econom\u00eda regional, como la acuicultura, el agropecuario, la industria maderera y el comercio, junto a gremios y entidades como AmiChile, SalmonChile, Corporaci\u00f3n de la Carne, Corma Araucan\u00eda\u2013Los R\u00edos\u2013Los Lagos, C\u00e1mara de Comercio de Puerto Montt, Multi-X, Cermaq Chile y PER Mejill\u00f3n de Chile. Desde el \u00e1mbito p\u00fablico, particip\u00f3 el Gobierno Regional de Los Lagos, ProChile, Sernapesca, Aduanas, SAG, Seremi de Econom\u00eda, PDI y Sernatur.<u><\/u><u><\/u><\/p>\n<p>Ricardo Mayer, Director Bilateral de la Subsecretar\u00eda de Relaciones Econ\u00f3micas Internacionales (SUBREI), realiz\u00f3 una exposici\u00f3n en la que present\u00f3 el escenario del comercio exterior chileno, las oportunidades para la macrozona sur y los desaf\u00edos que se presentan en los mercados internacionales.<u><\/u><u><\/u><\/p>\n<p>En la oportunidad, se defini\u00f3 la nueva directiva de la Mesa Comex, que estar\u00e1 presidida por Rodrigo Carrasco, director ejecutivo de AmiChile, la vicepresidencia que asume Marcela Bravo, Gerente de Estudios y Proyectos de SalmonChile, y la secretar\u00eda que estar\u00e1 a cargo de Ricardo Arriagada, director regional de ProChile Los Lagos.<u><\/u><u><\/u><\/p>\n<p>\u201cEste es un espacio que por excelencia ayuda a identificar brechas y dificultades que enfrentan las empresas, y articular soluciones. La convergencia del mundo p\u00fablico y privado es clave: el sector privado nos ayuda a identificar alertas y prioridades, y desde el sector p\u00fablico buscamos responder a esas demandas para potenciar las exportaciones y el desarrollo de la regi\u00f3n\u201d, se\u00f1al\u00f3 el director regional de ProChile Los Lagos, Ricardo Arriagada.<u><\/u><u><\/u><\/p>\n<h3>\u201cDos tercios de lo que aqu\u00ed se produce se exporta\u201d<\/h3>\n<p>Desde SUBREI se subray\u00f3 la relevancia estrat\u00e9gica del comercio exterior para la zona. \u201cEn la Regi\u00f3n de Los Lagos, el comercio exterior es el doble de importante que en el promedio nacional: dos tercios de lo que aqu\u00ed se produce se exporta. Hoy, una de sus principales industrias, los productos del mar, enfrenta un escenario desafiante por cambios en Estados Unidos y otros mercados internacionales. Para diversificar y agregar valor, debemos actuar con agilidad y fortalecer la colaboraci\u00f3n p\u00fablico-privada; por eso, la reactivaci\u00f3n de la Mesa Comex es una oportunidad clave para impulsar el desarrollo exportador regional\u201d, afirm\u00f3 Ricardo Mayer.<u><\/u><u><\/u><\/p>\n<p>\u00abLa reactivaci\u00f3n de la Mesa Comex es una buena oportunidad para fortalecer la coordinaci\u00f3n entre el sector p\u00fablico y privado, y trabajar en conjunto en los desaf\u00edos que enfrentan nuestras exportaciones. Este espacio nos permite compartir informaci\u00f3n y buscar soluciones que beneficien a toda la Regi\u00f3n de Los Lagos\u00bb, destac\u00f3 Marcela Bravo, Gerenta de Estudios y Proyectos de SalmonChile.<u><\/u><u><\/u><\/p>\n<p>Por su parte, Carlos Recondo, del Gobierno Regional de Los Lagos, destac\u00f3 la importancia de descentralizar las exportaciones: \u201cLa reactivaci\u00f3n de la Mesa Comex es un hito importante, donde la participaci\u00f3n del sector privado es clave. Desde el Gobierno Regional seremos colaboradores activos, participaremos directamente y pondremos a disposici\u00f3n todos nuestros instrumentos y herramientas para que esta mesa tenga cada vez m\u00e1s participaci\u00f3n y logremos consolidar a la Regi\u00f3n de Los Lagos como un referente exportador\u201d.<\/p>\n","protected":false},"excerpt":{"rendered":"<p>Con presencia de SalmonChile y AmiChile, ProChile reactiv\u00f3 la Mesa Comex de Los Lagos, sumando a entidades p\u00fablicas y privadas para fortalecer exportaciones y diversificar mercados.<\/p>\n","protected":false},"author":10,"featured_media":78533,"comment_status":"closed","ping_status":"closed","sticky":false,"template":"","format":"standard","meta":{"footnotes":""},"categories":[89],"tags":[1261,143,3259,775,2443,946,27230,27229,8197,122,2907,769,27228,27227,9408,5571,2659,601,2557,184,2273,170,6027,137,197,482,125,1141],"class_list":["post-78532","post","type-post","status-publish","format-standard","has-post-thumbnail","hentry","category-instituciones","tag-acuicola","tag-acuicultura","tag-aduanas","tag-amichile","tag-camara-de-comercio-de-puerto-montt","tag-cermaq-chile","tag-corma-araucania-los-rios-los-lagos","tag-corporacion-de-la-carne","tag-gobierno-regional-de-los-lagos","tag-industria-acuicola","tag-industria-salmonera","tag-mejillon-de-chile","tag-mesa-comex","tag-mesa-de-comercio-exterior","tag-multi-x","tag-pdi-2","tag-per-mejillon-de-chile","tag-prochile","tag-sag","tag-salmon","tag-salmon-chileno","tag-salmonchile","tag-salmonera","tag-salmones","tag-salmonicultura","tag-seremi-de-economia","tag-sernapesca","tag-sernatur"],"yoast_head":"<!-- This site is optimized with the Yoast SEO plugin v27.5 - https:\/\/yoast.com\/product\/yoast-seo-wordpress\/ -->\n<title>Mesa Comex de Los Lagos refuerza comercio exterior e internacionalizaci\u00f3n - Mundoacuicola<\/title>\n<meta name=\"description\" content=\"Con presencia de SalmonChile y AmiChile, ProChile reactiv\u00f3 la Mesa Comex de Los Lagos, para fortalecer exportaciones y diversificar mercados.\" \/>\n<meta name=\"robots\" content=\"index, follow, max-snippet:-1, max-image-preview:large, max-video-preview:-1\" \/>\n<link rel=\"canonical\" href=\"https:\/\/www.mundoacuicola.cl\/new\/mesa-comex-de-los-lagos-refuerza-comercio-exterior-e-internacionalizacion\/\" \/>\n<meta property=\"og:locale\" content=\"es_ES\" \/>\n<meta property=\"og:type\" content=\"article\" \/>\n<meta property=\"og:title\" content=\"Mesa Comex de Los Lagos refuerza comercio exterior e internacionalizaci\u00f3n - Mundoacuicola\" \/>\n<meta property=\"og:description\" content=\"Con presencia de SalmonChile y AmiChile, ProChile reactiv\u00f3 la Mesa Comex de Los Lagos, para fortalecer exportaciones y diversificar mercados.\" \/>\n<meta property=\"og:url\" content=\"https:\/\/www.mundoacuicola.cl\/new\/mesa-comex-de-los-lagos-refuerza-comercio-exterior-e-internacionalizacion\/\" \/>\n<meta property=\"og:site_name\" content=\"Mundoacuicola\" \/>\n<meta property=\"article:publisher\" content=\"https:\/\/www.facebook.com\/mundo.acuicola\/\" \/>\n<meta property=\"article:published_time\" content=\"2025-08-14T16:31:06+00:00\" \/>\n<meta property=\"article:modified_time\" content=\"2025-08-14T21:45:48+00:00\" \/>\n<meta property=\"og:image\" content=\"https:\/\/www.mundoacuicola.cl\/new\/wp-content\/uploads\/2025\/08\/MesaComexdeLosLagos.jpg\" \/>\n\t<meta property=\"og:image:width\" content=\"750\" \/>\n\t<meta property=\"og:image:height\" content=\"400\" \/>\n\t<meta property=\"og:image:type\" content=\"image\/jpeg\" \/>\n<meta name=\"author\" content=\"mbarrueto\" \/>\n<meta name=\"twitter:card\" content=\"summary_large_image\" \/>\n<meta name=\"twitter:creator\" content=\"@mundoacuicola\" \/>\n<meta name=\"twitter:site\" content=\"@mundoacuicola\" \/>\n<meta name=\"twitter:label1\" content=\"Escrito por\" \/>\n\t<meta name=\"twitter:data1\" content=\"mbarrueto\" \/>\n\t<meta name=\"twitter:label2\" content=\"Tiempo de lectura\" \/>\n\t<meta name=\"twitter:data2\" content=\"3 minutos\" \/>\n<script type=\"application\/ld+json\" class=\"yoast-schema-graph\">{\"@context\":\"https:\\\/\\\/schema.org\",\"@graph\":[{\"@type\":\"Article\",\"@id\":\"https:\\\/\\\/www.mundoacuicola.cl\\\/new\\\/mesa-comex-de-los-lagos-refuerza-comercio-exterior-e-internacionalizacion\\\/#article\",\"isPartOf\":{\"@id\":\"https:\\\/\\\/www.mundoacuicola.cl\\\/new\\\/mesa-comex-de-los-lagos-refuerza-comercio-exterior-e-internacionalizacion\\\/\"},\"author\":{\"name\":\"mbarrueto\",\"@id\":\"https:\\\/\\\/www.mundoacuicola.cl\\\/new\\\/#\\\/schema\\\/person\\\/c00ffe389abb88bd9254653add139315\"},\"headline\":\"Mesa Comex de Los Lagos refuerza comercio exterior e internacionalizaci\u00f3n\",\"datePublished\":\"2025-08-14T16:31:06+00:00\",\"dateModified\":\"2025-08-14T21:45:48+00:00\",\"mainEntityOfPage\":{\"@id\":\"https:\\\/\\\/www.mundoacuicola.cl\\\/new\\\/mesa-comex-de-los-lagos-refuerza-comercio-exterior-e-internacionalizacion\\\/\"},\"wordCount\":583,\"publisher\":{\"@id\":\"https:\\\/\\\/www.mundoacuicola.cl\\\/new\\\/#organization\"},\"image\":{\"@id\":\"https:\\\/\\\/www.mundoacuicola.cl\\\/new\\\/mesa-comex-de-los-lagos-refuerza-comercio-exterior-e-internacionalizacion\\\/#primaryimage\"},\"thumbnailUrl\":\"https:\\\/\\\/www.mundoacuicola.cl\\\/new\\\/wp-content\\\/uploads\\\/2025\\\/08\\\/MesaComexdeLosLagos.jpg\",\"keywords\":[\"Acu\u00edcola\",\"Acuicultura\",\"Aduanas\",\"AmiChile\",\"C\u00e1mara de Comercio de Puerto Montt\",\"Cermaq Chile\",\"Corma Araucan\u00eda\u2013Los R\u00edos\u2013Los Lagos\",\"Corporaci\u00f3n de la Carne\",\"Gobierno Regional de Los Lagos\",\"Industria Acu\u00edcola\",\"Industria salmonera\",\"Mejill\u00f3n de Chile\",\"Mesa Comex\",\"Mesa de Comercio Exterior\",\"Multi X\",\"PDI\",\"PER Mejill\u00f3n de Chile\",\"ProChile\",\"SAG\",\"Salm\u00f3n\",\"Salm\u00f3n chileno\",\"Salmonchile\",\"salmonera\",\"salmones\",\"salmonicultura\",\"Seremi de Econom\u00eda\",\"Sernapesca\",\"Sernatur\"],\"articleSection\":[\"Instituciones\"],\"inLanguage\":\"es\"},{\"@type\":\"WebPage\",\"@id\":\"https:\\\/\\\/www.mundoacuicola.cl\\\/new\\\/mesa-comex-de-los-lagos-refuerza-comercio-exterior-e-internacionalizacion\\\/\",\"url\":\"https:\\\/\\\/www.mundoacuicola.cl\\\/new\\\/mesa-comex-de-los-lagos-refuerza-comercio-exterior-e-internacionalizacion\\\/\",\"name\":\"Mesa Comex de Los Lagos refuerza comercio exterior e internacionalizaci\u00f3n - Mundoacuicola\",\"isPartOf\":{\"@id\":\"https:\\\/\\\/www.mundoacuicola.cl\\\/new\\\/#website\"},\"primaryImageOfPage\":{\"@id\":\"https:\\\/\\\/www.mundoacuicola.cl\\\/new\\\/mesa-comex-de-los-lagos-refuerza-comercio-exterior-e-internacionalizacion\\\/#primaryimage\"},\"image\":{\"@id\":\"https:\\\/\\\/www.mundoacuicola.cl\\\/new\\\/mesa-comex-de-los-lagos-refuerza-comercio-exterior-e-internacionalizacion\\\/#primaryimage\"},\"thumbnailUrl\":\"https:\\\/\\\/www.mundoacuicola.cl\\\/new\\\/wp-content\\\/uploads\\\/2025\\\/08\\\/MesaComexdeLosLagos.jpg\",\"datePublished\":\"2025-08-14T16:31:06+00:00\",\"dateModified\":\"2025-08-14T21:45:48+00:00\",\"description\":\"Con presencia de SalmonChile y AmiChile, ProChile reactiv\u00f3 la Mesa Comex de Los Lagos, para fortalecer exportaciones y diversificar mercados.\",\"breadcrumb\":{\"@id\":\"https:\\\/\\\/www.mundoacuicola.cl\\\/new\\\/mesa-comex-de-los-lagos-refuerza-comercio-exterior-e-internacionalizacion\\\/#breadcrumb\"},\"inLanguage\":\"es\",\"potentialAction\":[{\"@type\":\"ReadAction\",\"target\":[\"https:\\\/\\\/www.mundoacuicola.cl\\\/new\\\/mesa-comex-de-los-lagos-refuerza-comercio-exterior-e-internacionalizacion\\\/\"]}]},{\"@type\":\"ImageObject\",\"inLanguage\":\"es\",\"@id\":\"https:\\\/\\\/www.mundoacuicola.cl\\\/new\\\/mesa-comex-de-los-lagos-refuerza-comercio-exterior-e-internacionalizacion\\\/#primaryimage\",\"url\":\"https:\\\/\\\/www.mundoacuicola.cl\\\/new\\\/wp-content\\\/uploads\\\/2025\\\/08\\\/MesaComexdeLosLagos.jpg\",\"contentUrl\":\"https:\\\/\\\/www.mundoacuicola.cl\\\/new\\\/wp-content\\\/uploads\\\/2025\\\/08\\\/MesaComexdeLosLagos.jpg\",\"width\":750,\"height\":400},{\"@type\":\"BreadcrumbList\",\"@id\":\"https:\\\/\\\/www.mundoacuicola.cl\\\/new\\\/mesa-comex-de-los-lagos-refuerza-comercio-exterior-e-internacionalizacion\\\/#breadcrumb\",\"itemListElement\":[{\"@type\":\"ListItem\",\"position\":1,\"name\":\"Portada\",\"item\":\"https:\\\/\\\/www.mundoacuicola.cl\\\/new\\\/\"},{\"@type\":\"ListItem\",\"position\":2,\"name\":\"Mesa Comex de Los Lagos refuerza comercio exterior e internacionalizaci\u00f3n\"}]},{\"@type\":\"WebSite\",\"@id\":\"https:\\\/\\\/www.mundoacuicola.cl\\\/new\\\/#website\",\"url\":\"https:\\\/\\\/www.mundoacuicola.cl\\\/new\\\/\",\"name\":\"Mundoacuicola\",\"description\":\"Revista de Acuicultura.\",\"publisher\":{\"@id\":\"https:\\\/\\\/www.mundoacuicola.cl\\\/new\\\/#organization\"},\"potentialAction\":[{\"@type\":\"SearchAction\",\"target\":{\"@type\":\"EntryPoint\",\"urlTemplate\":\"https:\\\/\\\/www.mundoacuicola.cl\\\/new\\\/?s={search_term_string}\"},\"query-input\":{\"@type\":\"PropertyValueSpecification\",\"valueRequired\":true,\"valueName\":\"search_term_string\"}}],\"inLanguage\":\"es\"},{\"@type\":\"Organization\",\"@id\":\"https:\\\/\\\/www.mundoacuicola.cl\\\/new\\\/#organization\",\"name\":\"Mundoacuicola\",\"url\":\"https:\\\/\\\/www.mundoacuicola.cl\\\/new\\\/\",\"logo\":{\"@type\":\"ImageObject\",\"inLanguage\":\"es\",\"@id\":\"https:\\\/\\\/www.mundoacuicola.cl\\\/new\\\/#\\\/schema\\\/logo\\\/image\\\/\",\"url\":\"https:\\\/\\\/www.mundoacuicola.cl\\\/new\\\/wp-content\\\/uploads\\\/2026\\\/01\\\/cropped-LOGO-Mundo-Acuicola-2026.png\",\"contentUrl\":\"https:\\\/\\\/www.mundoacuicola.cl\\\/new\\\/wp-content\\\/uploads\\\/2026\\\/01\\\/cropped-LOGO-Mundo-Acuicola-2026.png\",\"width\":1252,\"height\":296,\"caption\":\"Mundoacuicola\"},\"image\":{\"@id\":\"https:\\\/\\\/www.mundoacuicola.cl\\\/new\\\/#\\\/schema\\\/logo\\\/image\\\/\"},\"sameAs\":[\"https:\\\/\\\/www.facebook.com\\\/mundo.acuicola\\\/\",\"https:\\\/\\\/x.com\\\/mundoacuicola\",\"https:\\\/\\\/www.linkedin.com\\\/in\\\/mundo-acuicola\"]},{\"@type\":\"Person\",\"@id\":\"https:\\\/\\\/www.mundoacuicola.cl\\\/new\\\/#\\\/schema\\\/person\\\/c00ffe389abb88bd9254653add139315\",\"name\":\"mbarrueto\",\"url\":\"https:\\\/\\\/www.mundoacuicola.cl\\\/new\\\/author\\\/mbarrueto\\\/\"}]}<\/script>\n<!-- \/ Yoast SEO plugin. -->","yoast_head_json":{"title":"Mesa Comex de Los Lagos refuerza comercio exterior e internacionalizaci\u00f3n - Mundoacuicola","description":"Con presencia de SalmonChile y AmiChile, ProChile reactiv\u00f3 la Mesa Comex de Los Lagos, para fortalecer exportaciones y diversificar mercados.","robots":{"index":"index","follow":"follow","max-snippet":"max-snippet:-1","max-image-preview":"max-image-preview:large","max-video-preview":"max-video-preview:-1"},"canonical":"https:\/\/www.mundoacuicola.cl\/new\/mesa-comex-de-los-lagos-refuerza-comercio-exterior-e-internacionalizacion\/","og_locale":"es_ES","og_type":"article","og_title":"Mesa Comex de Los Lagos refuerza comercio exterior e internacionalizaci\u00f3n - Mundoacuicola","og_description":"Con presencia de SalmonChile y AmiChile, ProChile reactiv\u00f3 la Mesa Comex de Los Lagos, para fortalecer exportaciones y diversificar mercados.","og_url":"https:\/\/www.mundoacuicola.cl\/new\/mesa-comex-de-los-lagos-refuerza-comercio-exterior-e-internacionalizacion\/","og_site_name":"Mundoacuicola","article_publisher":"https:\/\/www.facebook.com\/mundo.acuicola\/","article_published_time":"2025-08-14T16:31:06+00:00","article_modified_time":"2025-08-14T21:45:48+00:00","og_image":[{"width":750,"height":400,"url":"https:\/\/www.mundoacuicola.cl\/new\/wp-content\/uploads\/2025\/08\/MesaComexdeLosLagos.jpg","type":"image\/jpeg"}],"author":"mbarrueto","twitter_card":"summary_large_image","twitter_creator":"@mundoacuicola","twitter_site":"@mundoacuicola","twitter_misc":{"Escrito por":"mbarrueto","Tiempo de lectura":"3 minutos"},"schema":{"@context":"https:\/\/schema.org","@graph":[{"@type":"Article","@id":"https:\/\/www.mundoacuicola.cl\/new\/mesa-comex-de-los-lagos-refuerza-comercio-exterior-e-internacionalizacion\/#article","isPartOf":{"@id":"https:\/\/www.mundoacuicola.cl\/new\/mesa-comex-de-los-lagos-refuerza-comercio-exterior-e-internacionalizacion\/"},"author":{"name":"mbarrueto","@id":"https:\/\/www.mundoacuicola.cl\/new\/#\/schema\/person\/c00ffe389abb88bd9254653add139315"},"headline":"Mesa Comex de Los Lagos refuerza comercio exterior e internacionalizaci\u00f3n","datePublished":"2025-08-14T16:31:06+00:00","dateModified":"2025-08-14T21:45:48+00:00","mainEntityOfPage":{"@id":"https:\/\/www.mundoacuicola.cl\/new\/mesa-comex-de-los-lagos-refuerza-comercio-exterior-e-internacionalizacion\/"},"wordCount":583,"publisher":{"@id":"https:\/\/www.mundoacuicola.cl\/new\/#organization"},"image":{"@id":"https:\/\/www.mundoacuicola.cl\/new\/mesa-comex-de-los-lagos-refuerza-comercio-exterior-e-internacionalizacion\/#primaryimage"},"thumbnailUrl":"https:\/\/www.mundoacuicola.cl\/new\/wp-content\/uploads\/2025\/08\/MesaComexdeLosLagos.jpg","keywords":["Acu\u00edcola","Acuicultura","Aduanas","AmiChile","C\u00e1mara de Comercio de Puerto Montt","Cermaq Chile","Corma Araucan\u00eda\u2013Los R\u00edos\u2013Los Lagos","Corporaci\u00f3n de la Carne","Gobierno Regional de Los Lagos","Industria Acu\u00edcola","Industria salmonera","Mejill\u00f3n de Chile","Mesa Comex","Mesa de Comercio Exterior","Multi X","PDI","PER Mejill\u00f3n de Chile","ProChile","SAG","Salm\u00f3n","Salm\u00f3n chileno","Salmonchile","salmonera","salmones","salmonicultura","Seremi de Econom\u00eda","Sernapesca","Sernatur"],"articleSection":["Instituciones"],"inLanguage":"es"},{"@type":"WebPage","@id":"https:\/\/www.mundoacuicola.cl\/new\/mesa-comex-de-los-lagos-refuerza-comercio-exterior-e-internacionalizacion\/","url":"https:\/\/www.mundoacuicola.cl\/new\/mesa-comex-de-los-lagos-refuerza-comercio-exterior-e-internacionalizacion\/","name":"Mesa Comex de Los Lagos refuerza comercio exterior e internacionalizaci\u00f3n - Mundoacuicola","isPartOf":{"@id":"https:\/\/www.mundoacuicola.cl\/new\/#website"},"primaryImageOfPage":{"@id":"https:\/\/www.mundoacuicola.cl\/new\/mesa-comex-de-los-lagos-refuerza-comercio-exterior-e-internacionalizacion\/#primaryimage"},"image":{"@id":"https:\/\/www.mundoacuicola.cl\/new\/mesa-comex-de-los-lagos-refuerza-comercio-exterior-e-internacionalizacion\/#primaryimage"},"thumbnailUrl":"https:\/\/www.mundoacuicola.cl\/new\/wp-content\/uploads\/2025\/08\/MesaComexdeLosLagos.jpg","datePublished":"2025-08-14T16:31:06+00:00","dateModified":"2025-08-14T21:45:48+00:00","description":"Con presencia de SalmonChile y AmiChile, ProChile reactiv\u00f3 la Mesa Comex de Los Lagos, para fortalecer exportaciones y diversificar mercados.","breadcrumb":{"@id":"https:\/\/www.mundoacuicola.cl\/new\/mesa-comex-de-los-lagos-refuerza-comercio-exterior-e-internacionalizacion\/#breadcrumb"},"inLanguage":"es","potentialAction":[{"@type":"ReadAction","target":["https:\/\/www.mundoacuicola.cl\/new\/mesa-comex-de-los-lagos-refuerza-comercio-exterior-e-internacionalizacion\/"]}]},{"@type":"ImageObject","inLanguage":"es","@id":"https:\/\/www.mundoacuicola.cl\/new\/mesa-comex-de-los-lagos-refuerza-comercio-exterior-e-internacionalizacion\/#primaryimage","url":"https:\/\/www.mundoacuicola.cl\/new\/wp-content\/uploads\/2025\/08\/MesaComexdeLosLagos.jpg","contentUrl":"https:\/\/www.mundoacuicola.cl\/new\/wp-content\/uploads\/2025\/08\/MesaComexdeLosLagos.jpg","width":750,"height":400},{"@type":"BreadcrumbList","@id":"https:\/\/www.mundoacuicola.cl\/new\/mesa-comex-de-los-lagos-refuerza-comercio-exterior-e-internacionalizacion\/#breadcrumb","itemListElement":[{"@type":"ListItem","position":1,"name":"Portada","item":"https:\/\/www.mundoacuicola.cl\/new\/"},{"@type":"ListItem","position":2,"name":"Mesa Comex de Los Lagos refuerza comercio exterior e internacionalizaci\u00f3n"}]},{"@type":"WebSite","@id":"https:\/\/www.mundoacuicola.cl\/new\/#website","url":"https:\/\/www.mundoacuicola.cl\/new\/","name":"Mundoacuicola","description":"Revista de Acuicultura.","publisher":{"@id":"https:\/\/www.mundoacuicola.cl\/new\/#organization"},"potentialAction":[{"@type":"SearchAction","target":{"@type":"EntryPoint","urlTemplate":"https:\/\/www.mundoacuicola.cl\/new\/?s={search_term_string}"},"query-input":{"@type":"PropertyValueSpecification","valueRequired":true,"valueName":"search_term_string"}}],"inLanguage":"es"},{"@type":"Organization","@id":"https:\/\/www.mundoacuicola.cl\/new\/#organization","name":"Mundoacuicola","url":"https:\/\/www.mundoacuicola.cl\/new\/","logo":{"@type":"ImageObject","inLanguage":"es","@id":"https:\/\/www.mundoacuicola.cl\/new\/#\/schema\/logo\/image\/","url":"https:\/\/www.mundoacuicola.cl\/new\/wp-content\/uploads\/2026\/01\/cropped-LOGO-Mundo-Acuicola-2026.png","contentUrl":"https:\/\/www.mundoacuicola.cl\/new\/wp-content\/uploads\/2026\/01\/cropped-LOGO-Mundo-Acuicola-2026.png","width":1252,"height":296,"caption":"Mundoacuicola"},"image":{"@id":"https:\/\/www.mundoacuicola.cl\/new\/#\/schema\/logo\/image\/"},"sameAs":["https:\/\/www.facebook.com\/mundo.acuicola\/","https:\/\/x.com\/mundoacuicola","https:\/\/www.linkedin.com\/in\/mundo-acuicola"]},{"@type":"Person","@id":"https:\/\/www.mundoacuicola.cl\/new\/#\/schema\/person\/c00ffe389abb88bd9254653add139315","name":"mbarrueto","url":"https:\/\/www.mundoacuicola.cl\/new\/author\/mbarrueto\/"}]}},"_links":{"self":[{"href":"https:\/\/www.mundoacuicola.cl\/new\/wp-json\/wp\/v2\/posts\/78532","targetHints":{"allow":["GET"]}}],"collection":[{"href":"https:\/\/www.mundoacuicola.cl\/new\/wp-json\/wp\/v2\/posts"}],"about":[{"href":"https:\/\/www.mundoacuicola.cl\/new\/wp-json\/wp\/v2\/types\/post"}],"author":[{"embeddable":true,"href":"https:\/\/www.mundoacuicola.cl\/new\/wp-json\/wp\/v2\/users\/10"}],"replies":[{"embeddable":true,"href":"https:\/\/www.mundoacuicola.cl\/new\/wp-json\/wp\/v2\/comments?post=78532"}],"version-history":[{"count":0,"href":"https:\/\/www.mundoacuicola.cl\/new\/wp-json\/wp\/v2\/posts\/78532\/revisions"}],"wp:featuredmedia":[{"embeddable":true,"href":"https:\/\/www.mundoacuicola.cl\/new\/wp-json\/wp\/v2\/media\/78533"}],"wp:attachment":[{"href":"https:\/\/www.mundoacuicola.cl\/new\/wp-json\/wp\/v2\/media?parent=78532"}],"wp:term":[{"taxonomy":"category","embeddable":true,"href":"https:\/\/www.mundoacuicola.cl\/new\/wp-json\/wp\/v2\/categories?post=78532"},{"taxonomy":"post_tag","embeddable":true,"href":"https:\/\/www.mundoacuicola.cl\/new\/wp-json\/wp\/v2\/tags?post=78532"}],"curies":[{"name":"wp","href":"https:\/\/api.w.org\/{rel}","templated":true}]}}