{"id":78571,"date":"2025-08-18T13:16:44","date_gmt":"2025-08-18T17:16:44","guid":{"rendered":"https:\/\/www.mundoacuicola.cl\/new\/?p=78571"},"modified":"2025-08-19T08:30:54","modified_gmt":"2025-08-19T12:30:54","slug":"sii-presenta-denuncia-por-comercializacion-ilegal-de-salmon","status":"publish","type":"post","link":"https:\/\/www.mundoacuicola.cl\/new\/sii-presenta-denuncia-por-comercializacion-ilegal-de-salmon\/","title":{"rendered":"SII presenta denuncia por comercializaci\u00f3n ilegal de salm\u00f3n"},"content":{"rendered":"<p data-start=\"336\" data-end=\"590\">El Servicio de Impuestos Internos (SII) comunic\u00f3 el pasado jueves que present\u00f3 una denuncia ante el Ministerio P\u00fablico por la comercializaci\u00f3n ilegal de salm\u00f3n. Adem\u00e1s, inform\u00f3 que est\u00e1 preparando tres acciones judiciales adicionales en la misma l\u00ednea.<\/p>\n<p data-start=\"592\" data-end=\"906\">Carolina Saravia, directora (s) del SII, coment\u00f3: \u201cya presentamos una denuncia ante el Ministerio P\u00fablico para que investigue a un contribuyente que durante 2024 registr\u00f3 ventas por m\u00e1s de 83 toneladas de salm\u00f3n, por $679 millones, adem\u00e1s de otros productos del mar, y que presentaba diversas irregularidades\u201d.<\/p>\n<p data-start=\"908\" data-end=\"1207\">Entre las irregularidades detectadas, Saravia detall\u00f3 \u201cel no pago de IVA; inconsistencias entre la cantidad de salm\u00f3n que vende y el que aparece comprando previamente; y la falta de recursos suficientes, como activos fijos, veh\u00edculos o trabajadores, necesarios para comercializar estos productos\u201d.<\/p>\n<p data-start=\"1209\" data-end=\"1715\">El organismo precis\u00f3 que, \u201cEn paralelo -a\u00f1adi\u00f3- estamos preparando tres acciones judiciales por irregularidades similares. As\u00ed, por ejemplo, los an\u00e1lisis patrimoniales realizados por el SII a agrupaciones delictivas vinculadas al robo de camiones con salm\u00f3n, detectados por la PDI, permitieron evidenciar lavado de activos, lo que contribuy\u00f3 a que los responsables ya fueran detenidos por este delito, a lo que se sumar\u00e1 pr\u00f3ximamente una nueva acci\u00f3n penal del SII por los delitos tributarios asociados\u201d.<\/p>\n<p data-start=\"1717\" data-end=\"1928\">Tambi\u00e9n se agreg\u00f3 que \u201cestamos trabajando en el an\u00e1lisis y monitoreo de otros 33 casos, a nivel nacional, que presentan indicios de estar vinculados a estas redes de robo y comercializaci\u00f3n ilegal del salm\u00f3n\u201d.<\/p>\n<h3 data-start=\"1717\" data-end=\"1928\">Adulteraci\u00f3n de registros<\/h3>\n<p data-start=\"1930\" data-end=\"2446\">La entidad inform\u00f3 que ha identificado a empresas que venden salm\u00f3n a comercios establecidos sin registrar la compra previa correspondiente, lo que impide respaldar estas operaciones. En estos casos, los contribuyentes emiten factura por las ventas de salm\u00f3n, pero al solicitar el documento de compra original, este no existe, por lo que podr\u00eda tratarse de salm\u00f3n robado o de contrabando. Adem\u00e1s, se han detectado situaciones en que se declaran compras peque\u00f1as de salm\u00f3n y ventas muy superiores a esas cantidades.<\/p>\n<p data-start=\"2448\" data-end=\"2887\">El SII indic\u00f3 que, en controles carreteros y en terreno, como en Angostura y en el Terminal Pesquero Metropolitano, junto a funcionarios de las Direcciones Regionales Metropolitanas, se han detectado inconsistencias en documentos tributarios. Un ejemplo es una carga de toneladas de salm\u00f3n que aparece con punto de origen en Puerto Montt y destino dentro de la misma regi\u00f3n, pero que en realidad fue trasladada a la Regi\u00f3n Metropolitana.<\/p>\n<p data-start=\"2889\" data-end=\"3107\">Otra anomal\u00eda registrada es el fraccionamiento de precios, donde en facturas se registran ventas de salm\u00f3n a valores de $10 el kilo o incluso $0, mientras que el valor comercial promedio alcanza los $12.000 por kilo.<\/p>\n","protected":false},"excerpt":{"rendered":"<p>El SII present\u00f3 una denuncia ante el Ministerio P\u00fablico por ventas irregulares de salm\u00f3n y analiza 33 casos en distintas regiones vinculados a redes il\u00edcitas.<\/p>\n","protected":false},"author":10,"featured_media":78573,"comment_status":"closed","ping_status":"closed","sticky":false,"template":"","format":"standard","meta":{"footnotes":""},"categories":[60],"tags":[1261,143,122,2907,10012,184,2273,6027,137,197,1545,4199,1543],"class_list":["post-78571","post","type-post","status-publish","format-standard","has-post-thumbnail","hentry","category-salmonicultura","tag-acuicola","tag-acuicultura","tag-industria-acuicola","tag-industria-salmonera","tag-robo-de-salmon","tag-salmon","tag-salmon-chileno","tag-salmonera","tag-salmones","tag-salmonicultura","tag-servicio-de-impuestos-internos","tag-sii","tag-terminal-pesquero-metropolitano"],"yoast_head":"<!-- This site is optimized with the Yoast SEO plugin v27.4 - https:\/\/yoast.com\/product\/yoast-seo-wordpress\/ -->\n<title>SII presenta denuncia por comercializaci\u00f3n ilegal de salm\u00f3n - Mundoacuicola<\/title>\n<meta name=\"description\" content=\"El SII present\u00f3 una denuncia ante el Ministerio P\u00fablico por ventas irregulares de salm\u00f3n y prepara nuevas acciones judiciales.\" \/>\n<meta name=\"robots\" content=\"index, follow, max-snippet:-1, max-image-preview:large, max-video-preview:-1\" \/>\n<link rel=\"canonical\" href=\"https:\/\/www.mundoacuicola.cl\/new\/sii-presenta-denuncia-por-comercializacion-ilegal-de-salmon\/\" \/>\n<meta property=\"og:locale\" content=\"es_ES\" \/>\n<meta property=\"og:type\" content=\"article\" \/>\n<meta property=\"og:title\" content=\"SII presenta denuncia por comercializaci\u00f3n ilegal de salm\u00f3n - Mundoacuicola\" \/>\n<meta property=\"og:description\" content=\"El SII present\u00f3 una denuncia ante el Ministerio P\u00fablico por ventas irregulares de salm\u00f3n y prepara nuevas acciones judiciales.\" \/>\n<meta property=\"og:url\" content=\"https:\/\/www.mundoacuicola.cl\/new\/sii-presenta-denuncia-por-comercializacion-ilegal-de-salmon\/\" \/>\n<meta property=\"og:site_name\" content=\"Mundoacuicola\" \/>\n<meta property=\"article:publisher\" content=\"https:\/\/www.facebook.com\/mundo.acuicola\/\" \/>\n<meta property=\"article:published_time\" content=\"2025-08-18T17:16:44+00:00\" \/>\n<meta property=\"article:modified_time\" content=\"2025-08-19T12:30:54+00:00\" \/>\n<meta property=\"og:image\" content=\"https:\/\/www.mundoacuicola.cl\/new\/wp-content\/uploads\/2025\/08\/SIIRoboSalmon.jpg\" \/>\n\t<meta property=\"og:image:width\" content=\"750\" \/>\n\t<meta property=\"og:image:height\" content=\"400\" \/>\n\t<meta property=\"og:image:type\" content=\"image\/jpeg\" \/>\n<meta name=\"author\" content=\"mbarrueto\" \/>\n<meta name=\"twitter:card\" content=\"summary_large_image\" \/>\n<meta name=\"twitter:creator\" content=\"@mundoacuicola\" \/>\n<meta name=\"twitter:site\" content=\"@mundoacuicola\" \/>\n<meta name=\"twitter:label1\" content=\"Escrito por\" \/>\n\t<meta name=\"twitter:data1\" content=\"mbarrueto\" \/>\n\t<meta name=\"twitter:label2\" content=\"Tiempo de lectura\" \/>\n\t<meta name=\"twitter:data2\" content=\"3 minutos\" \/>\n<script type=\"application\/ld+json\" class=\"yoast-schema-graph\">{\"@context\":\"https:\\\/\\\/schema.org\",\"@graph\":[{\"@type\":\"Article\",\"@id\":\"https:\\\/\\\/www.mundoacuicola.cl\\\/new\\\/sii-presenta-denuncia-por-comercializacion-ilegal-de-salmon\\\/#article\",\"isPartOf\":{\"@id\":\"https:\\\/\\\/www.mundoacuicola.cl\\\/new\\\/sii-presenta-denuncia-por-comercializacion-ilegal-de-salmon\\\/\"},\"author\":{\"name\":\"mbarrueto\",\"@id\":\"https:\\\/\\\/www.mundoacuicola.cl\\\/new\\\/#\\\/schema\\\/person\\\/c00ffe389abb88bd9254653add139315\"},\"headline\":\"SII presenta denuncia por comercializaci\u00f3n ilegal de salm\u00f3n\",\"datePublished\":\"2025-08-18T17:16:44+00:00\",\"dateModified\":\"2025-08-19T12:30:54+00:00\",\"mainEntityOfPage\":{\"@id\":\"https:\\\/\\\/www.mundoacuicola.cl\\\/new\\\/sii-presenta-denuncia-por-comercializacion-ilegal-de-salmon\\\/\"},\"wordCount\":459,\"publisher\":{\"@id\":\"https:\\\/\\\/www.mundoacuicola.cl\\\/new\\\/#organization\"},\"image\":{\"@id\":\"https:\\\/\\\/www.mundoacuicola.cl\\\/new\\\/sii-presenta-denuncia-por-comercializacion-ilegal-de-salmon\\\/#primaryimage\"},\"thumbnailUrl\":\"https:\\\/\\\/www.mundoacuicola.cl\\\/new\\\/wp-content\\\/uploads\\\/2025\\\/08\\\/SIIRoboSalmon.jpg\",\"keywords\":[\"Acu\u00edcola\",\"Acuicultura\",\"Industria Acu\u00edcola\",\"Industria salmonera\",\"robo de salm\u00f3n\",\"Salm\u00f3n\",\"Salm\u00f3n chileno\",\"salmonera\",\"salmones\",\"salmonicultura\",\"Servicio de Impuestos Internos\",\"SII\",\"Terminal Pesquero Metropolitano\"],\"articleSection\":[\"Salmonicultura\"],\"inLanguage\":\"es\"},{\"@type\":\"WebPage\",\"@id\":\"https:\\\/\\\/www.mundoacuicola.cl\\\/new\\\/sii-presenta-denuncia-por-comercializacion-ilegal-de-salmon\\\/\",\"url\":\"https:\\\/\\\/www.mundoacuicola.cl\\\/new\\\/sii-presenta-denuncia-por-comercializacion-ilegal-de-salmon\\\/\",\"name\":\"SII presenta denuncia por comercializaci\u00f3n ilegal de salm\u00f3n - Mundoacuicola\",\"isPartOf\":{\"@id\":\"https:\\\/\\\/www.mundoacuicola.cl\\\/new\\\/#website\"},\"primaryImageOfPage\":{\"@id\":\"https:\\\/\\\/www.mundoacuicola.cl\\\/new\\\/sii-presenta-denuncia-por-comercializacion-ilegal-de-salmon\\\/#primaryimage\"},\"image\":{\"@id\":\"https:\\\/\\\/www.mundoacuicola.cl\\\/new\\\/sii-presenta-denuncia-por-comercializacion-ilegal-de-salmon\\\/#primaryimage\"},\"thumbnailUrl\":\"https:\\\/\\\/www.mundoacuicola.cl\\\/new\\\/wp-content\\\/uploads\\\/2025\\\/08\\\/SIIRoboSalmon.jpg\",\"datePublished\":\"2025-08-18T17:16:44+00:00\",\"dateModified\":\"2025-08-19T12:30:54+00:00\",\"description\":\"El SII present\u00f3 una denuncia ante el Ministerio P\u00fablico por ventas irregulares de salm\u00f3n y prepara nuevas acciones judiciales.\",\"breadcrumb\":{\"@id\":\"https:\\\/\\\/www.mundoacuicola.cl\\\/new\\\/sii-presenta-denuncia-por-comercializacion-ilegal-de-salmon\\\/#breadcrumb\"},\"inLanguage\":\"es\",\"potentialAction\":[{\"@type\":\"ReadAction\",\"target\":[\"https:\\\/\\\/www.mundoacuicola.cl\\\/new\\\/sii-presenta-denuncia-por-comercializacion-ilegal-de-salmon\\\/\"]}]},{\"@type\":\"ImageObject\",\"inLanguage\":\"es\",\"@id\":\"https:\\\/\\\/www.mundoacuicola.cl\\\/new\\\/sii-presenta-denuncia-por-comercializacion-ilegal-de-salmon\\\/#primaryimage\",\"url\":\"https:\\\/\\\/www.mundoacuicola.cl\\\/new\\\/wp-content\\\/uploads\\\/2025\\\/08\\\/SIIRoboSalmon.jpg\",\"contentUrl\":\"https:\\\/\\\/www.mundoacuicola.cl\\\/new\\\/wp-content\\\/uploads\\\/2025\\\/08\\\/SIIRoboSalmon.jpg\",\"width\":750,\"height\":400},{\"@type\":\"BreadcrumbList\",\"@id\":\"https:\\\/\\\/www.mundoacuicola.cl\\\/new\\\/sii-presenta-denuncia-por-comercializacion-ilegal-de-salmon\\\/#breadcrumb\",\"itemListElement\":[{\"@type\":\"ListItem\",\"position\":1,\"name\":\"Portada\",\"item\":\"https:\\\/\\\/www.mundoacuicola.cl\\\/new\\\/\"},{\"@type\":\"ListItem\",\"position\":2,\"name\":\"SII presenta denuncia por comercializaci\u00f3n ilegal de salm\u00f3n\"}]},{\"@type\":\"WebSite\",\"@id\":\"https:\\\/\\\/www.mundoacuicola.cl\\\/new\\\/#website\",\"url\":\"https:\\\/\\\/www.mundoacuicola.cl\\\/new\\\/\",\"name\":\"Mundoacuicola\",\"description\":\"Revista de Acuicultura.\",\"publisher\":{\"@id\":\"https:\\\/\\\/www.mundoacuicola.cl\\\/new\\\/#organization\"},\"potentialAction\":[{\"@type\":\"SearchAction\",\"target\":{\"@type\":\"EntryPoint\",\"urlTemplate\":\"https:\\\/\\\/www.mundoacuicola.cl\\\/new\\\/?s={search_term_string}\"},\"query-input\":{\"@type\":\"PropertyValueSpecification\",\"valueRequired\":true,\"valueName\":\"search_term_string\"}}],\"inLanguage\":\"es\"},{\"@type\":\"Organization\",\"@id\":\"https:\\\/\\\/www.mundoacuicola.cl\\\/new\\\/#organization\",\"name\":\"Mundoacuicola\",\"url\":\"https:\\\/\\\/www.mundoacuicola.cl\\\/new\\\/\",\"logo\":{\"@type\":\"ImageObject\",\"inLanguage\":\"es\",\"@id\":\"https:\\\/\\\/www.mundoacuicola.cl\\\/new\\\/#\\\/schema\\\/logo\\\/image\\\/\",\"url\":\"https:\\\/\\\/www.mundoacuicola.cl\\\/new\\\/wp-content\\\/uploads\\\/2026\\\/01\\\/cropped-LOGO-Mundo-Acuicola-2026.png\",\"contentUrl\":\"https:\\\/\\\/www.mundoacuicola.cl\\\/new\\\/wp-content\\\/uploads\\\/2026\\\/01\\\/cropped-LOGO-Mundo-Acuicola-2026.png\",\"width\":1252,\"height\":296,\"caption\":\"Mundoacuicola\"},\"image\":{\"@id\":\"https:\\\/\\\/www.mundoacuicola.cl\\\/new\\\/#\\\/schema\\\/logo\\\/image\\\/\"},\"sameAs\":[\"https:\\\/\\\/www.facebook.com\\\/mundo.acuicola\\\/\",\"https:\\\/\\\/x.com\\\/mundoacuicola\",\"https:\\\/\\\/www.linkedin.com\\\/in\\\/mundo-acuicola\"]},{\"@type\":\"Person\",\"@id\":\"https:\\\/\\\/www.mundoacuicola.cl\\\/new\\\/#\\\/schema\\\/person\\\/c00ffe389abb88bd9254653add139315\",\"name\":\"mbarrueto\",\"url\":\"https:\\\/\\\/www.mundoacuicola.cl\\\/new\\\/author\\\/mbarrueto\\\/\"}]}<\/script>\n<!-- \/ Yoast SEO plugin. -->","yoast_head_json":{"title":"SII presenta denuncia por comercializaci\u00f3n ilegal de salm\u00f3n - Mundoacuicola","description":"El SII present\u00f3 una denuncia ante el Ministerio P\u00fablico por ventas irregulares de salm\u00f3n y prepara nuevas acciones judiciales.","robots":{"index":"index","follow":"follow","max-snippet":"max-snippet:-1","max-image-preview":"max-image-preview:large","max-video-preview":"max-video-preview:-1"},"canonical":"https:\/\/www.mundoacuicola.cl\/new\/sii-presenta-denuncia-por-comercializacion-ilegal-de-salmon\/","og_locale":"es_ES","og_type":"article","og_title":"SII presenta denuncia por comercializaci\u00f3n ilegal de salm\u00f3n - Mundoacuicola","og_description":"El SII present\u00f3 una denuncia ante el Ministerio P\u00fablico por ventas irregulares de salm\u00f3n y prepara nuevas acciones judiciales.","og_url":"https:\/\/www.mundoacuicola.cl\/new\/sii-presenta-denuncia-por-comercializacion-ilegal-de-salmon\/","og_site_name":"Mundoacuicola","article_publisher":"https:\/\/www.facebook.com\/mundo.acuicola\/","article_published_time":"2025-08-18T17:16:44+00:00","article_modified_time":"2025-08-19T12:30:54+00:00","og_image":[{"width":750,"height":400,"url":"https:\/\/www.mundoacuicola.cl\/new\/wp-content\/uploads\/2025\/08\/SIIRoboSalmon.jpg","type":"image\/jpeg"}],"author":"mbarrueto","twitter_card":"summary_large_image","twitter_creator":"@mundoacuicola","twitter_site":"@mundoacuicola","twitter_misc":{"Escrito por":"mbarrueto","Tiempo de lectura":"3 minutos"},"schema":{"@context":"https:\/\/schema.org","@graph":[{"@type":"Article","@id":"https:\/\/www.mundoacuicola.cl\/new\/sii-presenta-denuncia-por-comercializacion-ilegal-de-salmon\/#article","isPartOf":{"@id":"https:\/\/www.mundoacuicola.cl\/new\/sii-presenta-denuncia-por-comercializacion-ilegal-de-salmon\/"},"author":{"name":"mbarrueto","@id":"https:\/\/www.mundoacuicola.cl\/new\/#\/schema\/person\/c00ffe389abb88bd9254653add139315"},"headline":"SII presenta denuncia por comercializaci\u00f3n ilegal de salm\u00f3n","datePublished":"2025-08-18T17:16:44+00:00","dateModified":"2025-08-19T12:30:54+00:00","mainEntityOfPage":{"@id":"https:\/\/www.mundoacuicola.cl\/new\/sii-presenta-denuncia-por-comercializacion-ilegal-de-salmon\/"},"wordCount":459,"publisher":{"@id":"https:\/\/www.mundoacuicola.cl\/new\/#organization"},"image":{"@id":"https:\/\/www.mundoacuicola.cl\/new\/sii-presenta-denuncia-por-comercializacion-ilegal-de-salmon\/#primaryimage"},"thumbnailUrl":"https:\/\/www.mundoacuicola.cl\/new\/wp-content\/uploads\/2025\/08\/SIIRoboSalmon.jpg","keywords":["Acu\u00edcola","Acuicultura","Industria Acu\u00edcola","Industria salmonera","robo de salm\u00f3n","Salm\u00f3n","Salm\u00f3n chileno","salmonera","salmones","salmonicultura","Servicio de Impuestos Internos","SII","Terminal Pesquero Metropolitano"],"articleSection":["Salmonicultura"],"inLanguage":"es"},{"@type":"WebPage","@id":"https:\/\/www.mundoacuicola.cl\/new\/sii-presenta-denuncia-por-comercializacion-ilegal-de-salmon\/","url":"https:\/\/www.mundoacuicola.cl\/new\/sii-presenta-denuncia-por-comercializacion-ilegal-de-salmon\/","name":"SII presenta denuncia por comercializaci\u00f3n ilegal de salm\u00f3n - Mundoacuicola","isPartOf":{"@id":"https:\/\/www.mundoacuicola.cl\/new\/#website"},"primaryImageOfPage":{"@id":"https:\/\/www.mundoacuicola.cl\/new\/sii-presenta-denuncia-por-comercializacion-ilegal-de-salmon\/#primaryimage"},"image":{"@id":"https:\/\/www.mundoacuicola.cl\/new\/sii-presenta-denuncia-por-comercializacion-ilegal-de-salmon\/#primaryimage"},"thumbnailUrl":"https:\/\/www.mundoacuicola.cl\/new\/wp-content\/uploads\/2025\/08\/SIIRoboSalmon.jpg","datePublished":"2025-08-18T17:16:44+00:00","dateModified":"2025-08-19T12:30:54+00:00","description":"El SII present\u00f3 una denuncia ante el Ministerio P\u00fablico por ventas irregulares de salm\u00f3n y prepara nuevas acciones judiciales.","breadcrumb":{"@id":"https:\/\/www.mundoacuicola.cl\/new\/sii-presenta-denuncia-por-comercializacion-ilegal-de-salmon\/#breadcrumb"},"inLanguage":"es","potentialAction":[{"@type":"ReadAction","target":["https:\/\/www.mundoacuicola.cl\/new\/sii-presenta-denuncia-por-comercializacion-ilegal-de-salmon\/"]}]},{"@type":"ImageObject","inLanguage":"es","@id":"https:\/\/www.mundoacuicola.cl\/new\/sii-presenta-denuncia-por-comercializacion-ilegal-de-salmon\/#primaryimage","url":"https:\/\/www.mundoacuicola.cl\/new\/wp-content\/uploads\/2025\/08\/SIIRoboSalmon.jpg","contentUrl":"https:\/\/www.mundoacuicola.cl\/new\/wp-content\/uploads\/2025\/08\/SIIRoboSalmon.jpg","width":750,"height":400},{"@type":"BreadcrumbList","@id":"https:\/\/www.mundoacuicola.cl\/new\/sii-presenta-denuncia-por-comercializacion-ilegal-de-salmon\/#breadcrumb","itemListElement":[{"@type":"ListItem","position":1,"name":"Portada","item":"https:\/\/www.mundoacuicola.cl\/new\/"},{"@type":"ListItem","position":2,"name":"SII presenta denuncia por comercializaci\u00f3n ilegal de salm\u00f3n"}]},{"@type":"WebSite","@id":"https:\/\/www.mundoacuicola.cl\/new\/#website","url":"https:\/\/www.mundoacuicola.cl\/new\/","name":"Mundoacuicola","description":"Revista de Acuicultura.","publisher":{"@id":"https:\/\/www.mundoacuicola.cl\/new\/#organization"},"potentialAction":[{"@type":"SearchAction","target":{"@type":"EntryPoint","urlTemplate":"https:\/\/www.mundoacuicola.cl\/new\/?s={search_term_string}"},"query-input":{"@type":"PropertyValueSpecification","valueRequired":true,"valueName":"search_term_string"}}],"inLanguage":"es"},{"@type":"Organization","@id":"https:\/\/www.mundoacuicola.cl\/new\/#organization","name":"Mundoacuicola","url":"https:\/\/www.mundoacuicola.cl\/new\/","logo":{"@type":"ImageObject","inLanguage":"es","@id":"https:\/\/www.mundoacuicola.cl\/new\/#\/schema\/logo\/image\/","url":"https:\/\/www.mundoacuicola.cl\/new\/wp-content\/uploads\/2026\/01\/cropped-LOGO-Mundo-Acuicola-2026.png","contentUrl":"https:\/\/www.mundoacuicola.cl\/new\/wp-content\/uploads\/2026\/01\/cropped-LOGO-Mundo-Acuicola-2026.png","width":1252,"height":296,"caption":"Mundoacuicola"},"image":{"@id":"https:\/\/www.mundoacuicola.cl\/new\/#\/schema\/logo\/image\/"},"sameAs":["https:\/\/www.facebook.com\/mundo.acuicola\/","https:\/\/x.com\/mundoacuicola","https:\/\/www.linkedin.com\/in\/mundo-acuicola"]},{"@type":"Person","@id":"https:\/\/www.mundoacuicola.cl\/new\/#\/schema\/person\/c00ffe389abb88bd9254653add139315","name":"mbarrueto","url":"https:\/\/www.mundoacuicola.cl\/new\/author\/mbarrueto\/"}]}},"_links":{"self":[{"href":"https:\/\/www.mundoacuicola.cl\/new\/wp-json\/wp\/v2\/posts\/78571","targetHints":{"allow":["GET"]}}],"collection":[{"href":"https:\/\/www.mundoacuicola.cl\/new\/wp-json\/wp\/v2\/posts"}],"about":[{"href":"https:\/\/www.mundoacuicola.cl\/new\/wp-json\/wp\/v2\/types\/post"}],"author":[{"embeddable":true,"href":"https:\/\/www.mundoacuicola.cl\/new\/wp-json\/wp\/v2\/users\/10"}],"replies":[{"embeddable":true,"href":"https:\/\/www.mundoacuicola.cl\/new\/wp-json\/wp\/v2\/comments?post=78571"}],"version-history":[{"count":0,"href":"https:\/\/www.mundoacuicola.cl\/new\/wp-json\/wp\/v2\/posts\/78571\/revisions"}],"wp:featuredmedia":[{"embeddable":true,"href":"https:\/\/www.mundoacuicola.cl\/new\/wp-json\/wp\/v2\/media\/78573"}],"wp:attachment":[{"href":"https:\/\/www.mundoacuicola.cl\/new\/wp-json\/wp\/v2\/media?parent=78571"}],"wp:term":[{"taxonomy":"category","embeddable":true,"href":"https:\/\/www.mundoacuicola.cl\/new\/wp-json\/wp\/v2\/categories?post=78571"},{"taxonomy":"post_tag","embeddable":true,"href":"https:\/\/www.mundoacuicola.cl\/new\/wp-json\/wp\/v2\/tags?post=78571"}],"curies":[{"name":"wp","href":"https:\/\/api.w.org\/{rel}","templated":true}]}}