{"id":78745,"date":"2025-08-22T12:02:24","date_gmt":"2025-08-22T16:02:24","guid":{"rendered":"https:\/\/www.mundoacuicola.cl\/new\/?p=78745"},"modified":"2025-08-25T09:14:34","modified_gmt":"2025-08-25T13:14:34","slug":"ministerio-de-transportes-y-uach-impulsan-la-electromovilidad-maritima-en-chile","status":"publish","type":"post","link":"https:\/\/www.mundoacuicola.cl\/new\/ministerio-de-transportes-y-uach-impulsan-la-electromovilidad-maritima-en-chile\/","title":{"rendered":"Ministerio de Transportes y UACh impulsan la electromovilidad mar\u00edtima"},"content":{"rendered":"<p>La Divisi\u00f3n de Transporte P\u00fablico Regional (DTPR) del Ministerio de Transportes y Telecomunicaciones (MTT) ha iniciado un hist\u00f3rico camino en la b\u00fasqueda de nuevas formas de movilidad sostenible, ya que junto a acad\u00e9micos de la Universidad Austral de Valdivia y de su spin-off THEMS, ha comenzado a explorar la electromovilidad mar\u00edtima como soluci\u00f3n hacia la descarbonizaci\u00f3n del sector, y as\u00ed responder al compromiso adquirido con la agenda Energ\u00eda 2050 y con la Estrategia Nacional de Electromovilidad.<\/p>\n<p>Un equipo especializado de la DTPR encabezado por su jefe, Crist\u00f3bal Pineda, viaj\u00f3 hasta Valdivia para conocer el trabajo que se desarrolla en el Instituto de Ciencias Navales y Mar\u00edtimas de la Universidad Austral de Chile (UACh), donde investigadores especializan sus estudios en buscar las mejores formas de descarbonizar el transporte mar\u00edtimo, espec\u00edficamente a trav\u00e9s de la electrificaci\u00f3n total de embarcaciones que hoy operan con di\u00e9sel, o de su transici\u00f3n a tecnolog\u00edas y energ\u00edas h\u00edbridas y combustibles alternativos, contribuyendo notoriamente a la descontaminaci\u00f3n de la industria.<\/p>\n<h3>Navegaci\u00f3n sostenible<\/h3>\n<p>Para el jefe de la DTPR, Crist\u00f3bal Pineda, \u201cestudios pioneros en el pa\u00eds, como los que lidera la Universidad Austral, nos invitan a pensar para nuestro mar, lagos y r\u00edos lo que ya hemos concretado en tierra con la masiva llegada de buses el\u00e9ctricos a regiones: contar en el futuro con barcazas, lanchas, buques o transbordadores de transporte de pasajeros completamente electrom\u00f3viles, cuya emisi\u00f3n de contaminantes se reduzca a cero, y los costos de operaci\u00f3n y mantenimiento disminuyan hasta en un 40%, como han demostrado las experiencias de pa\u00edses como Noruega, Pa\u00edses Bajos, Alemania, Corea del Sur, Singapur y China\u201d.<\/p>\n<p>Adem\u00e1s, indic\u00f3 que la electromovilidad mar\u00edtima \u201cresolver\u00eda, en parte, los altos incrementos de costos de mantenci\u00f3n por importaci\u00f3n de repuestos, mano de obra y combustible que se vienen presentando hace ya varios a\u00f1os en la industria del trasporte mar\u00edtimo, as\u00ed como la descarbonizaci\u00f3n del ambiente, que es lo que m\u00e1s nos lleva a querer seguir profundizando como MTT esta iniciativa, tanto en el rubro del transporte de pasajeros, como en astilleros y otros relacionados con la industria. Como DTPR nos comprometemos a seguir explorando formas de apoyar las acciones que se realicen en este sentido desde la ciencia y la academia\u201d.<\/p>\n<h3>Infraestructura in\u00e9dita en Latinoam\u00e9rica<\/h3>\n<p>Los esfuerzos de la UACh se concretan en el Laboratorio de M\u00e1quinas Marinas y Electromovilidad Mar\u00edtimas emplazado dentro del Campus Miraflores de Valdivia, una planta capaz de evaluar configuraciones h\u00edbridas y el\u00e9ctricas de embarcaciones, convirti\u00e9ndose en una infraestructura in\u00e9dita en Latinoam\u00e9rica, y clave para demostrar a los armadores la viabilidad de incorporar este tipo de soluciones en sus flotas.<\/p>\n<p>\u201cEl laboratorio es \u00fanico en el cono sur, y para nosotros es un honor acercarlo a la DPTR, y que sepan que cuentan con \u00e9ste, y nosotros, para lograr desarrollar un transporte mar\u00edtimo y fluvial eficiente. Esperamos con ansias concretar las propuestas conversadas y consensuadas para demostrar que podemos lograr la ansiada descarbonizaci\u00f3n y transici\u00f3n energ\u00e9tica de nuestro transporte mar\u00edtimo, desde Valdivia\u201d, se\u00f1al\u00f3 Joel P\u00e9rez Osses, acad\u00e9mico, investigador y director del Laboratorio de M\u00e1quinas Marinas y Electromovilidad Mar\u00edtima de la UACh, y fundador de THEMS.<\/p>\n<p>En tanto, para el Decano de la Facultad de Ciencias de la Ingenier\u00eda de la UACh, Dr. Enrique Su\u00e1rez, el encuentro \u201cnos permite articular nuestras capacidades cient\u00edficas y formativas con los desaf\u00edos del territorio. La vinculaci\u00f3n y colaboraci\u00f3n con actores p\u00fablicos y privados no solo fortalece la investigaci\u00f3n aplicada, sino que contribuye a una formaci\u00f3n profesional con pertinencia regional y a un desarrollo tecnol\u00f3gico sostenible para nuestro pa\u00eds en el \u00e1rea del transporte\u201d.<\/p>\n<h3>Alianza estrat\u00e9gica<\/h3>\n<p>Una de las misiones de DTPR es impulsar el desarrollo de innovaci\u00f3n y tecnolog\u00eda regional para ponerlo al servicio de sus comunidades, con profesionales y acad\u00e9micos locales, lo que fue relevado por el seremi de Transportes y Telecomunicaciones de Los R\u00edos, Jean Pierre Ugarte: \u201cque el futuro del transporte mar\u00edtimo y fluvial del pa\u00eds se est\u00e9 desarrollando desde nuestra regi\u00f3n, es un motivo de orgullo, pero tambi\u00e9n una importante responsabilidad. Esta iniciativa es el reflejo de una alianza estrat\u00e9gica fundamental, que involucra el conocimiento acad\u00e9mico y las necesidades de nuestro territorio. Con ella nace la posibilidad de brindar conectividad m\u00e1s eficiente y sostenible, especialmente en servicios mar\u00edtimos y fluviales subsidiados. Estamos demostrando el enorme potencial que tenemos en Los R\u00edos para liderar la transici\u00f3n energ\u00e9tica en movilidad que nos queda por concretar, desde el sur\u201d.<\/p>\n<p>Con todo, uno de los pr\u00f3ximos pasos para DTPR ser\u00e1 trabajar para contar con la asesor\u00eda de entidades como la UACh y THEMS para fortalecer sus bases y procesos de licitaci\u00f3n de transporte p\u00fablico mar\u00edtimo, lacustre y fluvial venideros, y as\u00ed incorporar innovaciones y nuevas tecnolog\u00edas en los requisitos a concursar, que respondan a la descarbonizaci\u00f3n del sector comprometida.<\/p>\n<h3>Spin Off THEMS<\/h3>\n<p>Es una iniciativa tipo \u201cspin-off\u201d del Instituto de Ciencias Navales y Mar\u00edtimas de la UACh que naci\u00f3 en 2023, fundada por el acad\u00e9mico del mismo instituto, Joel P\u00e9rez, y los investigadores Carlos Reusser (PUCV), Marcelo P\u00e9rez (UTFSM) y H\u00e9ctor Young (UFRO). El grupo se adjudic\u00f3 el proyecto FONDEF IT20I0017: \u201cDesarrollo de una planta de propulsi\u00f3n h\u00edbrida escalable para promover la electromovilidad mar\u00edtima y el control y reducci\u00f3n de emisiones\u201d, que actualmente se aloja en dependencias del Laboratorio de M\u00e1quinas Marinas de la casa de estudios, donde dan curso a su objetivo de \u201ctransformar la industria naval chilena hacia un futuro m\u00e1s limpio y eficiente, a trav\u00e9s del desarrollo de proyectos de propulsi\u00f3n h\u00edbrida, electrificaci\u00f3n de buques y combustibles alternativos\u201d.<\/p>\n","protected":false},"excerpt":{"rendered":"<p>El MTT y la UACh avanzan en la electromovilidad mar\u00edtima desde Valdivia, buscando descarbonizar transporte en r\u00edos, lagos y costas de Chile.<\/p>\n","protected":false},"author":10,"featured_media":78746,"comment_status":"closed","ping_status":"closed","sticky":false,"template":"","format":"standard","meta":{"footnotes":""},"categories":[12],"tags":[27318,27317,27043,27316,27315,1569,578,1072],"class_list":["post-78745","post","type-post","status-publish","format-standard","has-post-thumbnail","hentry","category-maritimo","tag-descarbonizar-el-transporte-maritimo","tag-electromovilidad-maritima","tag-ministerio-de-transportes","tag-movilidad-sostenible","tag-mtt","tag-transporte-maritimo","tag-uach","tag-universidad-austral-de-chile"],"yoast_head":"<!-- This site is optimized with the Yoast SEO plugin v27.4 - https:\/\/yoast.com\/product\/yoast-seo-wordpress\/ -->\n<title>Ministerio de Transportes y UACh impulsan la electromovilidad mar\u00edtima - Mundoacuicola<\/title>\n<meta name=\"description\" content=\"El MTT y la UACh avanzan en la electromovilidad mar\u00edtima desde Valdivia, buscando descarbonizar transporte en r\u00edos, lagos y costas de Chile.\" \/>\n<meta name=\"robots\" content=\"index, follow, max-snippet:-1, max-image-preview:large, max-video-preview:-1\" \/>\n<link rel=\"canonical\" href=\"https:\/\/www.mundoacuicola.cl\/new\/ministerio-de-transportes-y-uach-impulsan-la-electromovilidad-maritima-en-chile\/\" \/>\n<meta property=\"og:locale\" content=\"es_ES\" \/>\n<meta property=\"og:type\" content=\"article\" \/>\n<meta property=\"og:title\" content=\"Ministerio de Transportes y UACh impulsan la electromovilidad mar\u00edtima - Mundoacuicola\" \/>\n<meta property=\"og:description\" content=\"El MTT y la UACh avanzan en la electromovilidad mar\u00edtima desde Valdivia, buscando descarbonizar transporte en r\u00edos, lagos y costas de Chile.\" \/>\n<meta property=\"og:url\" content=\"https:\/\/www.mundoacuicola.cl\/new\/ministerio-de-transportes-y-uach-impulsan-la-electromovilidad-maritima-en-chile\/\" \/>\n<meta property=\"og:site_name\" content=\"Mundoacuicola\" \/>\n<meta property=\"article:publisher\" content=\"https:\/\/www.facebook.com\/mundo.acuicola\/\" \/>\n<meta property=\"article:published_time\" content=\"2025-08-22T16:02:24+00:00\" \/>\n<meta property=\"article:modified_time\" content=\"2025-08-25T13:14:34+00:00\" \/>\n<meta property=\"og:image\" content=\"https:\/\/www.mundoacuicola.cl\/new\/wp-content\/uploads\/2025\/08\/MinisteriodeTransportesElectromovilidadMaritima.jpg\" \/>\n\t<meta property=\"og:image:width\" content=\"750\" \/>\n\t<meta property=\"og:image:height\" content=\"400\" \/>\n\t<meta property=\"og:image:type\" content=\"image\/jpeg\" \/>\n<meta name=\"author\" content=\"mbarrueto\" \/>\n<meta name=\"twitter:card\" content=\"summary_large_image\" \/>\n<meta name=\"twitter:creator\" content=\"@mundoacuicola\" \/>\n<meta name=\"twitter:site\" content=\"@mundoacuicola\" \/>\n<meta name=\"twitter:label1\" content=\"Escrito por\" \/>\n\t<meta name=\"twitter:data1\" content=\"mbarrueto\" \/>\n\t<meta name=\"twitter:label2\" content=\"Tiempo de lectura\" \/>\n\t<meta name=\"twitter:data2\" content=\"5 minutos\" \/>\n<script type=\"application\/ld+json\" class=\"yoast-schema-graph\">{\"@context\":\"https:\\\/\\\/schema.org\",\"@graph\":[{\"@type\":\"Article\",\"@id\":\"https:\\\/\\\/www.mundoacuicola.cl\\\/new\\\/ministerio-de-transportes-y-uach-impulsan-la-electromovilidad-maritima-en-chile\\\/#article\",\"isPartOf\":{\"@id\":\"https:\\\/\\\/www.mundoacuicola.cl\\\/new\\\/ministerio-de-transportes-y-uach-impulsan-la-electromovilidad-maritima-en-chile\\\/\"},\"author\":{\"name\":\"mbarrueto\",\"@id\":\"https:\\\/\\\/www.mundoacuicola.cl\\\/new\\\/#\\\/schema\\\/person\\\/c00ffe389abb88bd9254653add139315\"},\"headline\":\"Ministerio de Transportes y UACh impulsan la electromovilidad mar\u00edtima\",\"datePublished\":\"2025-08-22T16:02:24+00:00\",\"dateModified\":\"2025-08-25T13:14:34+00:00\",\"mainEntityOfPage\":{\"@id\":\"https:\\\/\\\/www.mundoacuicola.cl\\\/new\\\/ministerio-de-transportes-y-uach-impulsan-la-electromovilidad-maritima-en-chile\\\/\"},\"wordCount\":1020,\"publisher\":{\"@id\":\"https:\\\/\\\/www.mundoacuicola.cl\\\/new\\\/#organization\"},\"image\":{\"@id\":\"https:\\\/\\\/www.mundoacuicola.cl\\\/new\\\/ministerio-de-transportes-y-uach-impulsan-la-electromovilidad-maritima-en-chile\\\/#primaryimage\"},\"thumbnailUrl\":\"https:\\\/\\\/www.mundoacuicola.cl\\\/new\\\/wp-content\\\/uploads\\\/2025\\\/08\\\/MinisteriodeTransportesElectromovilidadMaritima.jpg\",\"keywords\":[\"descarbonizar el transporte mar\u00edtimo\",\"electromovilidad mar\u00edtima\",\"Ministerio de Transportes\",\"movilidad sostenible\",\"MTT\",\"Transporte mar\u00edtimo\",\"UACh\",\"Universidad Austral de Chile\"],\"articleSection\":[\"Mar\u00edtimo\"],\"inLanguage\":\"es\"},{\"@type\":\"WebPage\",\"@id\":\"https:\\\/\\\/www.mundoacuicola.cl\\\/new\\\/ministerio-de-transportes-y-uach-impulsan-la-electromovilidad-maritima-en-chile\\\/\",\"url\":\"https:\\\/\\\/www.mundoacuicola.cl\\\/new\\\/ministerio-de-transportes-y-uach-impulsan-la-electromovilidad-maritima-en-chile\\\/\",\"name\":\"Ministerio de Transportes y UACh impulsan la electromovilidad mar\u00edtima - Mundoacuicola\",\"isPartOf\":{\"@id\":\"https:\\\/\\\/www.mundoacuicola.cl\\\/new\\\/#website\"},\"primaryImageOfPage\":{\"@id\":\"https:\\\/\\\/www.mundoacuicola.cl\\\/new\\\/ministerio-de-transportes-y-uach-impulsan-la-electromovilidad-maritima-en-chile\\\/#primaryimage\"},\"image\":{\"@id\":\"https:\\\/\\\/www.mundoacuicola.cl\\\/new\\\/ministerio-de-transportes-y-uach-impulsan-la-electromovilidad-maritima-en-chile\\\/#primaryimage\"},\"thumbnailUrl\":\"https:\\\/\\\/www.mundoacuicola.cl\\\/new\\\/wp-content\\\/uploads\\\/2025\\\/08\\\/MinisteriodeTransportesElectromovilidadMaritima.jpg\",\"datePublished\":\"2025-08-22T16:02:24+00:00\",\"dateModified\":\"2025-08-25T13:14:34+00:00\",\"description\":\"El MTT y la UACh avanzan en la electromovilidad mar\u00edtima desde Valdivia, buscando descarbonizar transporte en r\u00edos, lagos y costas de Chile.\",\"breadcrumb\":{\"@id\":\"https:\\\/\\\/www.mundoacuicola.cl\\\/new\\\/ministerio-de-transportes-y-uach-impulsan-la-electromovilidad-maritima-en-chile\\\/#breadcrumb\"},\"inLanguage\":\"es\",\"potentialAction\":[{\"@type\":\"ReadAction\",\"target\":[\"https:\\\/\\\/www.mundoacuicola.cl\\\/new\\\/ministerio-de-transportes-y-uach-impulsan-la-electromovilidad-maritima-en-chile\\\/\"]}]},{\"@type\":\"ImageObject\",\"inLanguage\":\"es\",\"@id\":\"https:\\\/\\\/www.mundoacuicola.cl\\\/new\\\/ministerio-de-transportes-y-uach-impulsan-la-electromovilidad-maritima-en-chile\\\/#primaryimage\",\"url\":\"https:\\\/\\\/www.mundoacuicola.cl\\\/new\\\/wp-content\\\/uploads\\\/2025\\\/08\\\/MinisteriodeTransportesElectromovilidadMaritima.jpg\",\"contentUrl\":\"https:\\\/\\\/www.mundoacuicola.cl\\\/new\\\/wp-content\\\/uploads\\\/2025\\\/08\\\/MinisteriodeTransportesElectromovilidadMaritima.jpg\",\"width\":750,\"height\":400},{\"@type\":\"BreadcrumbList\",\"@id\":\"https:\\\/\\\/www.mundoacuicola.cl\\\/new\\\/ministerio-de-transportes-y-uach-impulsan-la-electromovilidad-maritima-en-chile\\\/#breadcrumb\",\"itemListElement\":[{\"@type\":\"ListItem\",\"position\":1,\"name\":\"Portada\",\"item\":\"https:\\\/\\\/www.mundoacuicola.cl\\\/new\\\/\"},{\"@type\":\"ListItem\",\"position\":2,\"name\":\"Ministerio de Transportes y UACh impulsan la electromovilidad mar\u00edtima\"}]},{\"@type\":\"WebSite\",\"@id\":\"https:\\\/\\\/www.mundoacuicola.cl\\\/new\\\/#website\",\"url\":\"https:\\\/\\\/www.mundoacuicola.cl\\\/new\\\/\",\"name\":\"Mundoacuicola\",\"description\":\"Revista de Acuicultura.\",\"publisher\":{\"@id\":\"https:\\\/\\\/www.mundoacuicola.cl\\\/new\\\/#organization\"},\"potentialAction\":[{\"@type\":\"SearchAction\",\"target\":{\"@type\":\"EntryPoint\",\"urlTemplate\":\"https:\\\/\\\/www.mundoacuicola.cl\\\/new\\\/?s={search_term_string}\"},\"query-input\":{\"@type\":\"PropertyValueSpecification\",\"valueRequired\":true,\"valueName\":\"search_term_string\"}}],\"inLanguage\":\"es\"},{\"@type\":\"Organization\",\"@id\":\"https:\\\/\\\/www.mundoacuicola.cl\\\/new\\\/#organization\",\"name\":\"Mundoacuicola\",\"url\":\"https:\\\/\\\/www.mundoacuicola.cl\\\/new\\\/\",\"logo\":{\"@type\":\"ImageObject\",\"inLanguage\":\"es\",\"@id\":\"https:\\\/\\\/www.mundoacuicola.cl\\\/new\\\/#\\\/schema\\\/logo\\\/image\\\/\",\"url\":\"https:\\\/\\\/www.mundoacuicola.cl\\\/new\\\/wp-content\\\/uploads\\\/2026\\\/01\\\/cropped-LOGO-Mundo-Acuicola-2026.png\",\"contentUrl\":\"https:\\\/\\\/www.mundoacuicola.cl\\\/new\\\/wp-content\\\/uploads\\\/2026\\\/01\\\/cropped-LOGO-Mundo-Acuicola-2026.png\",\"width\":1252,\"height\":296,\"caption\":\"Mundoacuicola\"},\"image\":{\"@id\":\"https:\\\/\\\/www.mundoacuicola.cl\\\/new\\\/#\\\/schema\\\/logo\\\/image\\\/\"},\"sameAs\":[\"https:\\\/\\\/www.facebook.com\\\/mundo.acuicola\\\/\",\"https:\\\/\\\/x.com\\\/mundoacuicola\",\"https:\\\/\\\/www.linkedin.com\\\/in\\\/mundo-acuicola\"]},{\"@type\":\"Person\",\"@id\":\"https:\\\/\\\/www.mundoacuicola.cl\\\/new\\\/#\\\/schema\\\/person\\\/c00ffe389abb88bd9254653add139315\",\"name\":\"mbarrueto\",\"url\":\"https:\\\/\\\/www.mundoacuicola.cl\\\/new\\\/author\\\/mbarrueto\\\/\"}]}<\/script>\n<!-- \/ Yoast SEO plugin. -->","yoast_head_json":{"title":"Ministerio de Transportes y UACh impulsan la electromovilidad mar\u00edtima - Mundoacuicola","description":"El MTT y la UACh avanzan en la electromovilidad mar\u00edtima desde Valdivia, buscando descarbonizar transporte en r\u00edos, lagos y costas de Chile.","robots":{"index":"index","follow":"follow","max-snippet":"max-snippet:-1","max-image-preview":"max-image-preview:large","max-video-preview":"max-video-preview:-1"},"canonical":"https:\/\/www.mundoacuicola.cl\/new\/ministerio-de-transportes-y-uach-impulsan-la-electromovilidad-maritima-en-chile\/","og_locale":"es_ES","og_type":"article","og_title":"Ministerio de Transportes y UACh impulsan la electromovilidad mar\u00edtima - Mundoacuicola","og_description":"El MTT y la UACh avanzan en la electromovilidad mar\u00edtima desde Valdivia, buscando descarbonizar transporte en r\u00edos, lagos y costas de Chile.","og_url":"https:\/\/www.mundoacuicola.cl\/new\/ministerio-de-transportes-y-uach-impulsan-la-electromovilidad-maritima-en-chile\/","og_site_name":"Mundoacuicola","article_publisher":"https:\/\/www.facebook.com\/mundo.acuicola\/","article_published_time":"2025-08-22T16:02:24+00:00","article_modified_time":"2025-08-25T13:14:34+00:00","og_image":[{"width":750,"height":400,"url":"https:\/\/www.mundoacuicola.cl\/new\/wp-content\/uploads\/2025\/08\/MinisteriodeTransportesElectromovilidadMaritima.jpg","type":"image\/jpeg"}],"author":"mbarrueto","twitter_card":"summary_large_image","twitter_creator":"@mundoacuicola","twitter_site":"@mundoacuicola","twitter_misc":{"Escrito por":"mbarrueto","Tiempo de lectura":"5 minutos"},"schema":{"@context":"https:\/\/schema.org","@graph":[{"@type":"Article","@id":"https:\/\/www.mundoacuicola.cl\/new\/ministerio-de-transportes-y-uach-impulsan-la-electromovilidad-maritima-en-chile\/#article","isPartOf":{"@id":"https:\/\/www.mundoacuicola.cl\/new\/ministerio-de-transportes-y-uach-impulsan-la-electromovilidad-maritima-en-chile\/"},"author":{"name":"mbarrueto","@id":"https:\/\/www.mundoacuicola.cl\/new\/#\/schema\/person\/c00ffe389abb88bd9254653add139315"},"headline":"Ministerio de Transportes y UACh impulsan la electromovilidad mar\u00edtima","datePublished":"2025-08-22T16:02:24+00:00","dateModified":"2025-08-25T13:14:34+00:00","mainEntityOfPage":{"@id":"https:\/\/www.mundoacuicola.cl\/new\/ministerio-de-transportes-y-uach-impulsan-la-electromovilidad-maritima-en-chile\/"},"wordCount":1020,"publisher":{"@id":"https:\/\/www.mundoacuicola.cl\/new\/#organization"},"image":{"@id":"https:\/\/www.mundoacuicola.cl\/new\/ministerio-de-transportes-y-uach-impulsan-la-electromovilidad-maritima-en-chile\/#primaryimage"},"thumbnailUrl":"https:\/\/www.mundoacuicola.cl\/new\/wp-content\/uploads\/2025\/08\/MinisteriodeTransportesElectromovilidadMaritima.jpg","keywords":["descarbonizar el transporte mar\u00edtimo","electromovilidad mar\u00edtima","Ministerio de Transportes","movilidad sostenible","MTT","Transporte mar\u00edtimo","UACh","Universidad Austral de Chile"],"articleSection":["Mar\u00edtimo"],"inLanguage":"es"},{"@type":"WebPage","@id":"https:\/\/www.mundoacuicola.cl\/new\/ministerio-de-transportes-y-uach-impulsan-la-electromovilidad-maritima-en-chile\/","url":"https:\/\/www.mundoacuicola.cl\/new\/ministerio-de-transportes-y-uach-impulsan-la-electromovilidad-maritima-en-chile\/","name":"Ministerio de Transportes y UACh impulsan la electromovilidad mar\u00edtima - Mundoacuicola","isPartOf":{"@id":"https:\/\/www.mundoacuicola.cl\/new\/#website"},"primaryImageOfPage":{"@id":"https:\/\/www.mundoacuicola.cl\/new\/ministerio-de-transportes-y-uach-impulsan-la-electromovilidad-maritima-en-chile\/#primaryimage"},"image":{"@id":"https:\/\/www.mundoacuicola.cl\/new\/ministerio-de-transportes-y-uach-impulsan-la-electromovilidad-maritima-en-chile\/#primaryimage"},"thumbnailUrl":"https:\/\/www.mundoacuicola.cl\/new\/wp-content\/uploads\/2025\/08\/MinisteriodeTransportesElectromovilidadMaritima.jpg","datePublished":"2025-08-22T16:02:24+00:00","dateModified":"2025-08-25T13:14:34+00:00","description":"El MTT y la UACh avanzan en la electromovilidad mar\u00edtima desde Valdivia, buscando descarbonizar transporte en r\u00edos, lagos y costas de Chile.","breadcrumb":{"@id":"https:\/\/www.mundoacuicola.cl\/new\/ministerio-de-transportes-y-uach-impulsan-la-electromovilidad-maritima-en-chile\/#breadcrumb"},"inLanguage":"es","potentialAction":[{"@type":"ReadAction","target":["https:\/\/www.mundoacuicola.cl\/new\/ministerio-de-transportes-y-uach-impulsan-la-electromovilidad-maritima-en-chile\/"]}]},{"@type":"ImageObject","inLanguage":"es","@id":"https:\/\/www.mundoacuicola.cl\/new\/ministerio-de-transportes-y-uach-impulsan-la-electromovilidad-maritima-en-chile\/#primaryimage","url":"https:\/\/www.mundoacuicola.cl\/new\/wp-content\/uploads\/2025\/08\/MinisteriodeTransportesElectromovilidadMaritima.jpg","contentUrl":"https:\/\/www.mundoacuicola.cl\/new\/wp-content\/uploads\/2025\/08\/MinisteriodeTransportesElectromovilidadMaritima.jpg","width":750,"height":400},{"@type":"BreadcrumbList","@id":"https:\/\/www.mundoacuicola.cl\/new\/ministerio-de-transportes-y-uach-impulsan-la-electromovilidad-maritima-en-chile\/#breadcrumb","itemListElement":[{"@type":"ListItem","position":1,"name":"Portada","item":"https:\/\/www.mundoacuicola.cl\/new\/"},{"@type":"ListItem","position":2,"name":"Ministerio de Transportes y UACh impulsan la electromovilidad mar\u00edtima"}]},{"@type":"WebSite","@id":"https:\/\/www.mundoacuicola.cl\/new\/#website","url":"https:\/\/www.mundoacuicola.cl\/new\/","name":"Mundoacuicola","description":"Revista de Acuicultura.","publisher":{"@id":"https:\/\/www.mundoacuicola.cl\/new\/#organization"},"potentialAction":[{"@type":"SearchAction","target":{"@type":"EntryPoint","urlTemplate":"https:\/\/www.mundoacuicola.cl\/new\/?s={search_term_string}"},"query-input":{"@type":"PropertyValueSpecification","valueRequired":true,"valueName":"search_term_string"}}],"inLanguage":"es"},{"@type":"Organization","@id":"https:\/\/www.mundoacuicola.cl\/new\/#organization","name":"Mundoacuicola","url":"https:\/\/www.mundoacuicola.cl\/new\/","logo":{"@type":"ImageObject","inLanguage":"es","@id":"https:\/\/www.mundoacuicola.cl\/new\/#\/schema\/logo\/image\/","url":"https:\/\/www.mundoacuicola.cl\/new\/wp-content\/uploads\/2026\/01\/cropped-LOGO-Mundo-Acuicola-2026.png","contentUrl":"https:\/\/www.mundoacuicola.cl\/new\/wp-content\/uploads\/2026\/01\/cropped-LOGO-Mundo-Acuicola-2026.png","width":1252,"height":296,"caption":"Mundoacuicola"},"image":{"@id":"https:\/\/www.mundoacuicola.cl\/new\/#\/schema\/logo\/image\/"},"sameAs":["https:\/\/www.facebook.com\/mundo.acuicola\/","https:\/\/x.com\/mundoacuicola","https:\/\/www.linkedin.com\/in\/mundo-acuicola"]},{"@type":"Person","@id":"https:\/\/www.mundoacuicola.cl\/new\/#\/schema\/person\/c00ffe389abb88bd9254653add139315","name":"mbarrueto","url":"https:\/\/www.mundoacuicola.cl\/new\/author\/mbarrueto\/"}]}},"_links":{"self":[{"href":"https:\/\/www.mundoacuicola.cl\/new\/wp-json\/wp\/v2\/posts\/78745","targetHints":{"allow":["GET"]}}],"collection":[{"href":"https:\/\/www.mundoacuicola.cl\/new\/wp-json\/wp\/v2\/posts"}],"about":[{"href":"https:\/\/www.mundoacuicola.cl\/new\/wp-json\/wp\/v2\/types\/post"}],"author":[{"embeddable":true,"href":"https:\/\/www.mundoacuicola.cl\/new\/wp-json\/wp\/v2\/users\/10"}],"replies":[{"embeddable":true,"href":"https:\/\/www.mundoacuicola.cl\/new\/wp-json\/wp\/v2\/comments?post=78745"}],"version-history":[{"count":0,"href":"https:\/\/www.mundoacuicola.cl\/new\/wp-json\/wp\/v2\/posts\/78745\/revisions"}],"wp:featuredmedia":[{"embeddable":true,"href":"https:\/\/www.mundoacuicola.cl\/new\/wp-json\/wp\/v2\/media\/78746"}],"wp:attachment":[{"href":"https:\/\/www.mundoacuicola.cl\/new\/wp-json\/wp\/v2\/media?parent=78745"}],"wp:term":[{"taxonomy":"category","embeddable":true,"href":"https:\/\/www.mundoacuicola.cl\/new\/wp-json\/wp\/v2\/categories?post=78745"},{"taxonomy":"post_tag","embeddable":true,"href":"https:\/\/www.mundoacuicola.cl\/new\/wp-json\/wp\/v2\/tags?post=78745"}],"curies":[{"name":"wp","href":"https:\/\/api.w.org\/{rel}","templated":true}]}}