{"id":79204,"date":"2025-08-26T17:02:37","date_gmt":"2025-08-26T21:02:37","guid":{"rendered":"https:\/\/www.mundoacuicola.cl\/new\/?p=79204"},"modified":"2025-08-27T19:01:12","modified_gmt":"2025-08-27T23:01:12","slug":"salmonchile-participa-en-guia-nacional-de-zonificacion-del-borde-costero-en-aysen","status":"publish","type":"post","link":"https:\/\/www.mundoacuicola.cl\/new\/salmonchile-participa-en-guia-nacional-de-zonificacion-del-borde-costero-en-aysen\/","title":{"rendered":"SalmonChile participa en Gu\u00eda Nacional de Zonificaci\u00f3n del Borde Costero en Ays\u00e9n"},"content":{"rendered":"<p><span style=\"font-weight: 400;\">SalmonChile particip\u00f3 en un importante taller participativo realizado en la localidad de Puerto Cisnes, Regi\u00f3n de Ays\u00e9n, como parte del proceso de elaboraci\u00f3n de la Gu\u00eda Nacional de Zonificaci\u00f3n de Usos del Borde Costero con Evaluaci\u00f3n Ambiental Estrat\u00e9gica.<\/span><\/p>\n<p><span style=\"font-weight: 400;\">La iniciativa, liderada conjuntamente por la Subsecretar\u00eda para las Fuerzas Armadas, la Subsecretar\u00eda de Desarrollo Regional y Administrativo (SUBDERE) y el Ministerio del Medio Ambiente, cuenta con el apoyo del Proyecto GEF Gobernanza Marino Costera, implementado por la FAO. El objetivo principal fue recopilar aprendizajes y experiencias previas en procesos de zonificaci\u00f3n del borde costero en la Regi\u00f3n de Ays\u00e9n, con especial \u00e9nfasis en la comuna de Cisnes, para contribuir al dise\u00f1o de una metodolog\u00eda que refleje las realidades locales.<\/span><\/p>\n<p><span style=\"font-weight: 400;\">Durante su intervenci\u00f3n, el representante territorial de SalmonChile en la regi\u00f3n de Ays\u00e9n, Fernando Camiruaga, destac\u00f3 la importancia de la participaci\u00f3n ciudadana en estos procesos. \u00abSe solicit\u00f3 que en la confecci\u00f3n de esta Gu\u00eda Nacional se fortalezca la validaci\u00f3n territorial en los procesos de participaci\u00f3n ciudadana, incorporando actores externos que ayuden a garantizar transparencia y representatividad en la planificaci\u00f3n del borde costero\u00bb, coment\u00f3 al respecto.<\/span><\/p>\n<h3 data-start=\"75\" data-end=\"112\"><strong data-start=\"75\" data-end=\"110\">Conflictos de representatividad<\/strong><\/h3>\n<p><span style=\"font-weight: 400;\">La asociaci\u00f3n gremial enfatiz\u00f3 que estos aspectos son particularmente relevantes para la regi\u00f3n de Ays\u00e9n, considerando que en a\u00f1os recientes se han generado conflictos por falta de representatividad en procesos como el plan de manejo de la Reserva Nacional Las Guaitecas o las solicitudes ECMPO, que inicialmente abarcaban cerca de un mill\u00f3n de hect\u00e1reas.<\/span><\/p>\n<p><span style=\"font-weight: 400;\">Posteriormente, SalmonChile particip\u00f3 en la convocatoria de la Comisi\u00f3n Regional de Uso de Borde Costero, donde la Subsecretar\u00eda para las Fuerzas Armadas present\u00f3 la nueva pol\u00edtica de Uso de Borde Costero, aunque la sesi\u00f3n oficial no pudo realizarse por falta de qu\u00f3rum.<\/span><\/p>\n<p><span style=\"font-weight: 400;\">\u00abEn distintas instancias, tanto a trav\u00e9s de solicitudes por Ley de Transparencia como en espacios p\u00fablicos, hemos planteado la importancia de que los plazos del proceso sean adecuados\u201d, afirm\u00f3 Tom\u00e1s Monge, gerente de Asuntos P\u00fablicos de SalmonChile. \u201cEsto, porque actualmente se encuentran en tramitaci\u00f3n proyectos de ley relevantes, como la creaci\u00f3n del SBAP, la transferencia de competencias sobre concesiones desde las Fuerzas Armadas a Bienes Nacionales, y posibles modificaciones a la Ley Lafkenche, entre otros. Si estos elementos no son considerados, se corre el riesgo de que la nueva pol\u00edtica no logre armonizar el uso del borde costero, que es precisamente su objetivo principal\u00bb, explic\u00f3.<\/span><\/p>\n<p><span style=\"font-weight: 400;\">La participaci\u00f3n activa de SalmonChile en estos espacios de di\u00e1logo refleja el compromiso del sector con el desarrollo sostenible del territorio y la b\u00fasqueda de una planificaci\u00f3n costera que armonice los intereses productivos, ambientales y sociales de la regi\u00f3n, contribuyendo as\u00ed a la construcci\u00f3n de pol\u00edticas p\u00fablicas m\u00e1s representativas e inclusivas.<\/span><\/p>\n","protected":false},"excerpt":{"rendered":"<p>SalmonChile particip\u00f3 en Puerto Cisnes en el taller para la Gu\u00eda Nacional de Zonificaci\u00f3n del Borde Costero, con \u00e9nfasis en la realidad territorial de Ays\u00e9n.<\/p>\n","protected":false},"author":10,"featured_media":79205,"comment_status":"closed","ping_status":"closed","sticky":false,"template":"","format":"standard","meta":{"footnotes":""},"categories":[60],"tags":[2958,27383,176,653,948,434,170,2328,27384,23399,16994],"class_list":["post-79204","post","type-post","status-publish","format-standard","has-post-thumbnail","hentry","category-salmonicultura","tag-aysen","tag-guia-nacional-de-zonificacion-del-borde-costero","tag-ley-lafkenche","tag-ministerio-del-medio-ambiente","tag-puerto-cisnes","tag-region-de-aysen","tag-salmonchile","tag-subdere","tag-subsecretaria-de-desarrollo-regional-y-administrativo","tag-subsecretaria-para-las-fuerzas-armadas","tag-uso-del-borde-costero"],"yoast_head":"<!-- This site is optimized with the Yoast SEO plugin v27.5 - https:\/\/yoast.com\/product\/yoast-seo-wordpress\/ -->\n<title>SalmonChile participa en Gu\u00eda Nacional de Zonificaci\u00f3n del Borde Costero en Ays\u00e9n - Mundoacuicola<\/title>\n<meta name=\"description\" content=\"SalmonChile particip\u00f3 en Puerto Cisnes en taller para la Gu\u00eda de Zonificaci\u00f3n del Borde Costero, con \u00e9nfasis en la realidad regional.\" \/>\n<meta name=\"robots\" content=\"index, follow, max-snippet:-1, max-image-preview:large, max-video-preview:-1\" \/>\n<link rel=\"canonical\" href=\"https:\/\/www.mundoacuicola.cl\/new\/salmonchile-participa-en-guia-nacional-de-zonificacion-del-borde-costero-en-aysen\/\" \/>\n<meta property=\"og:locale\" content=\"es_ES\" \/>\n<meta property=\"og:type\" content=\"article\" \/>\n<meta property=\"og:title\" content=\"SalmonChile participa en Gu\u00eda Nacional de Zonificaci\u00f3n del Borde Costero en Ays\u00e9n - Mundoacuicola\" \/>\n<meta property=\"og:description\" content=\"SalmonChile particip\u00f3 en Puerto Cisnes en taller para la Gu\u00eda de Zonificaci\u00f3n del Borde Costero, con \u00e9nfasis en la realidad regional.\" \/>\n<meta property=\"og:url\" content=\"https:\/\/www.mundoacuicola.cl\/new\/salmonchile-participa-en-guia-nacional-de-zonificacion-del-borde-costero-en-aysen\/\" \/>\n<meta property=\"og:site_name\" content=\"Mundoacuicola\" \/>\n<meta property=\"article:publisher\" content=\"https:\/\/www.facebook.com\/mundo.acuicola\/\" \/>\n<meta property=\"article:published_time\" content=\"2025-08-26T21:02:37+00:00\" \/>\n<meta property=\"article:modified_time\" content=\"2025-08-27T23:01:12+00:00\" \/>\n<meta property=\"og:image\" content=\"https:\/\/www.mundoacuicola.cl\/new\/wp-content\/uploads\/2025\/08\/SalmonChileUsoBordeCostero.jpg\" \/>\n\t<meta property=\"og:image:width\" content=\"750\" \/>\n\t<meta property=\"og:image:height\" content=\"400\" \/>\n\t<meta property=\"og:image:type\" content=\"image\/jpeg\" \/>\n<meta name=\"author\" content=\"mbarrueto\" \/>\n<meta name=\"twitter:card\" content=\"summary_large_image\" \/>\n<meta name=\"twitter:creator\" content=\"@mundoacuicola\" \/>\n<meta name=\"twitter:site\" content=\"@mundoacuicola\" \/>\n<meta name=\"twitter:label1\" content=\"Escrito por\" \/>\n\t<meta name=\"twitter:data1\" content=\"mbarrueto\" \/>\n\t<meta name=\"twitter:label2\" content=\"Tiempo de lectura\" \/>\n\t<meta name=\"twitter:data2\" content=\"3 minutos\" \/>\n<script type=\"application\/ld+json\" class=\"yoast-schema-graph\">{\"@context\":\"https:\\\/\\\/schema.org\",\"@graph\":[{\"@type\":\"Article\",\"@id\":\"https:\\\/\\\/www.mundoacuicola.cl\\\/new\\\/salmonchile-participa-en-guia-nacional-de-zonificacion-del-borde-costero-en-aysen\\\/#article\",\"isPartOf\":{\"@id\":\"https:\\\/\\\/www.mundoacuicola.cl\\\/new\\\/salmonchile-participa-en-guia-nacional-de-zonificacion-del-borde-costero-en-aysen\\\/\"},\"author\":{\"name\":\"mbarrueto\",\"@id\":\"https:\\\/\\\/www.mundoacuicola.cl\\\/new\\\/#\\\/schema\\\/person\\\/c00ffe389abb88bd9254653add139315\"},\"headline\":\"SalmonChile participa en Gu\u00eda Nacional de Zonificaci\u00f3n del Borde Costero en Ays\u00e9n\",\"datePublished\":\"2025-08-26T21:02:37+00:00\",\"dateModified\":\"2025-08-27T23:01:12+00:00\",\"mainEntityOfPage\":{\"@id\":\"https:\\\/\\\/www.mundoacuicola.cl\\\/new\\\/salmonchile-participa-en-guia-nacional-de-zonificacion-del-borde-costero-en-aysen\\\/\"},\"wordCount\":503,\"publisher\":{\"@id\":\"https:\\\/\\\/www.mundoacuicola.cl\\\/new\\\/#organization\"},\"image\":{\"@id\":\"https:\\\/\\\/www.mundoacuicola.cl\\\/new\\\/salmonchile-participa-en-guia-nacional-de-zonificacion-del-borde-costero-en-aysen\\\/#primaryimage\"},\"thumbnailUrl\":\"https:\\\/\\\/www.mundoacuicola.cl\\\/new\\\/wp-content\\\/uploads\\\/2025\\\/08\\\/SalmonChileUsoBordeCostero.jpg\",\"keywords\":[\"Ays\u00e9n\",\"Gu\u00eda Nacional de Zonificaci\u00f3n del Borde Costero\",\"Ley Lafkenche\",\"Ministerio del Medio Ambiente\",\"Puerto Cisnes\",\"Regi\u00f3n de Ays\u00e9n\",\"Salmonchile\",\"Subdere\",\"Subsecretar\u00eda de Desarrollo Regional y Administrativo\",\"Subsecretar\u00eda para las Fuerzas Armadas\",\"Uso del Borde Costero\"],\"articleSection\":[\"Salmonicultura\"],\"inLanguage\":\"es\"},{\"@type\":\"WebPage\",\"@id\":\"https:\\\/\\\/www.mundoacuicola.cl\\\/new\\\/salmonchile-participa-en-guia-nacional-de-zonificacion-del-borde-costero-en-aysen\\\/\",\"url\":\"https:\\\/\\\/www.mundoacuicola.cl\\\/new\\\/salmonchile-participa-en-guia-nacional-de-zonificacion-del-borde-costero-en-aysen\\\/\",\"name\":\"SalmonChile participa en Gu\u00eda Nacional de Zonificaci\u00f3n del Borde Costero en Ays\u00e9n - Mundoacuicola\",\"isPartOf\":{\"@id\":\"https:\\\/\\\/www.mundoacuicola.cl\\\/new\\\/#website\"},\"primaryImageOfPage\":{\"@id\":\"https:\\\/\\\/www.mundoacuicola.cl\\\/new\\\/salmonchile-participa-en-guia-nacional-de-zonificacion-del-borde-costero-en-aysen\\\/#primaryimage\"},\"image\":{\"@id\":\"https:\\\/\\\/www.mundoacuicola.cl\\\/new\\\/salmonchile-participa-en-guia-nacional-de-zonificacion-del-borde-costero-en-aysen\\\/#primaryimage\"},\"thumbnailUrl\":\"https:\\\/\\\/www.mundoacuicola.cl\\\/new\\\/wp-content\\\/uploads\\\/2025\\\/08\\\/SalmonChileUsoBordeCostero.jpg\",\"datePublished\":\"2025-08-26T21:02:37+00:00\",\"dateModified\":\"2025-08-27T23:01:12+00:00\",\"description\":\"SalmonChile particip\u00f3 en Puerto Cisnes en taller para la Gu\u00eda de Zonificaci\u00f3n del Borde Costero, con \u00e9nfasis en la realidad regional.\",\"breadcrumb\":{\"@id\":\"https:\\\/\\\/www.mundoacuicola.cl\\\/new\\\/salmonchile-participa-en-guia-nacional-de-zonificacion-del-borde-costero-en-aysen\\\/#breadcrumb\"},\"inLanguage\":\"es\",\"potentialAction\":[{\"@type\":\"ReadAction\",\"target\":[\"https:\\\/\\\/www.mundoacuicola.cl\\\/new\\\/salmonchile-participa-en-guia-nacional-de-zonificacion-del-borde-costero-en-aysen\\\/\"]}]},{\"@type\":\"ImageObject\",\"inLanguage\":\"es\",\"@id\":\"https:\\\/\\\/www.mundoacuicola.cl\\\/new\\\/salmonchile-participa-en-guia-nacional-de-zonificacion-del-borde-costero-en-aysen\\\/#primaryimage\",\"url\":\"https:\\\/\\\/www.mundoacuicola.cl\\\/new\\\/wp-content\\\/uploads\\\/2025\\\/08\\\/SalmonChileUsoBordeCostero.jpg\",\"contentUrl\":\"https:\\\/\\\/www.mundoacuicola.cl\\\/new\\\/wp-content\\\/uploads\\\/2025\\\/08\\\/SalmonChileUsoBordeCostero.jpg\",\"width\":750,\"height\":400},{\"@type\":\"BreadcrumbList\",\"@id\":\"https:\\\/\\\/www.mundoacuicola.cl\\\/new\\\/salmonchile-participa-en-guia-nacional-de-zonificacion-del-borde-costero-en-aysen\\\/#breadcrumb\",\"itemListElement\":[{\"@type\":\"ListItem\",\"position\":1,\"name\":\"Portada\",\"item\":\"https:\\\/\\\/www.mundoacuicola.cl\\\/new\\\/\"},{\"@type\":\"ListItem\",\"position\":2,\"name\":\"SalmonChile participa en Gu\u00eda Nacional de Zonificaci\u00f3n del Borde Costero en Ays\u00e9n\"}]},{\"@type\":\"WebSite\",\"@id\":\"https:\\\/\\\/www.mundoacuicola.cl\\\/new\\\/#website\",\"url\":\"https:\\\/\\\/www.mundoacuicola.cl\\\/new\\\/\",\"name\":\"Mundoacuicola\",\"description\":\"Revista de Acuicultura.\",\"publisher\":{\"@id\":\"https:\\\/\\\/www.mundoacuicola.cl\\\/new\\\/#organization\"},\"potentialAction\":[{\"@type\":\"SearchAction\",\"target\":{\"@type\":\"EntryPoint\",\"urlTemplate\":\"https:\\\/\\\/www.mundoacuicola.cl\\\/new\\\/?s={search_term_string}\"},\"query-input\":{\"@type\":\"PropertyValueSpecification\",\"valueRequired\":true,\"valueName\":\"search_term_string\"}}],\"inLanguage\":\"es\"},{\"@type\":\"Organization\",\"@id\":\"https:\\\/\\\/www.mundoacuicola.cl\\\/new\\\/#organization\",\"name\":\"Mundoacuicola\",\"url\":\"https:\\\/\\\/www.mundoacuicola.cl\\\/new\\\/\",\"logo\":{\"@type\":\"ImageObject\",\"inLanguage\":\"es\",\"@id\":\"https:\\\/\\\/www.mundoacuicola.cl\\\/new\\\/#\\\/schema\\\/logo\\\/image\\\/\",\"url\":\"https:\\\/\\\/www.mundoacuicola.cl\\\/new\\\/wp-content\\\/uploads\\\/2026\\\/01\\\/cropped-LOGO-Mundo-Acuicola-2026.png\",\"contentUrl\":\"https:\\\/\\\/www.mundoacuicola.cl\\\/new\\\/wp-content\\\/uploads\\\/2026\\\/01\\\/cropped-LOGO-Mundo-Acuicola-2026.png\",\"width\":1252,\"height\":296,\"caption\":\"Mundoacuicola\"},\"image\":{\"@id\":\"https:\\\/\\\/www.mundoacuicola.cl\\\/new\\\/#\\\/schema\\\/logo\\\/image\\\/\"},\"sameAs\":[\"https:\\\/\\\/www.facebook.com\\\/mundo.acuicola\\\/\",\"https:\\\/\\\/x.com\\\/mundoacuicola\",\"https:\\\/\\\/www.linkedin.com\\\/in\\\/mundo-acuicola\"]},{\"@type\":\"Person\",\"@id\":\"https:\\\/\\\/www.mundoacuicola.cl\\\/new\\\/#\\\/schema\\\/person\\\/c00ffe389abb88bd9254653add139315\",\"name\":\"mbarrueto\",\"url\":\"https:\\\/\\\/www.mundoacuicola.cl\\\/new\\\/author\\\/mbarrueto\\\/\"}]}<\/script>\n<!-- \/ Yoast SEO plugin. -->","yoast_head_json":{"title":"SalmonChile participa en Gu\u00eda Nacional de Zonificaci\u00f3n del Borde Costero en Ays\u00e9n - Mundoacuicola","description":"SalmonChile particip\u00f3 en Puerto Cisnes en taller para la Gu\u00eda de Zonificaci\u00f3n del Borde Costero, con \u00e9nfasis en la realidad regional.","robots":{"index":"index","follow":"follow","max-snippet":"max-snippet:-1","max-image-preview":"max-image-preview:large","max-video-preview":"max-video-preview:-1"},"canonical":"https:\/\/www.mundoacuicola.cl\/new\/salmonchile-participa-en-guia-nacional-de-zonificacion-del-borde-costero-en-aysen\/","og_locale":"es_ES","og_type":"article","og_title":"SalmonChile participa en Gu\u00eda Nacional de Zonificaci\u00f3n del Borde Costero en Ays\u00e9n - Mundoacuicola","og_description":"SalmonChile particip\u00f3 en Puerto Cisnes en taller para la Gu\u00eda de Zonificaci\u00f3n del Borde Costero, con \u00e9nfasis en la realidad regional.","og_url":"https:\/\/www.mundoacuicola.cl\/new\/salmonchile-participa-en-guia-nacional-de-zonificacion-del-borde-costero-en-aysen\/","og_site_name":"Mundoacuicola","article_publisher":"https:\/\/www.facebook.com\/mundo.acuicola\/","article_published_time":"2025-08-26T21:02:37+00:00","article_modified_time":"2025-08-27T23:01:12+00:00","og_image":[{"width":750,"height":400,"url":"https:\/\/www.mundoacuicola.cl\/new\/wp-content\/uploads\/2025\/08\/SalmonChileUsoBordeCostero.jpg","type":"image\/jpeg"}],"author":"mbarrueto","twitter_card":"summary_large_image","twitter_creator":"@mundoacuicola","twitter_site":"@mundoacuicola","twitter_misc":{"Escrito por":"mbarrueto","Tiempo de lectura":"3 minutos"},"schema":{"@context":"https:\/\/schema.org","@graph":[{"@type":"Article","@id":"https:\/\/www.mundoacuicola.cl\/new\/salmonchile-participa-en-guia-nacional-de-zonificacion-del-borde-costero-en-aysen\/#article","isPartOf":{"@id":"https:\/\/www.mundoacuicola.cl\/new\/salmonchile-participa-en-guia-nacional-de-zonificacion-del-borde-costero-en-aysen\/"},"author":{"name":"mbarrueto","@id":"https:\/\/www.mundoacuicola.cl\/new\/#\/schema\/person\/c00ffe389abb88bd9254653add139315"},"headline":"SalmonChile participa en Gu\u00eda Nacional de Zonificaci\u00f3n del Borde Costero en Ays\u00e9n","datePublished":"2025-08-26T21:02:37+00:00","dateModified":"2025-08-27T23:01:12+00:00","mainEntityOfPage":{"@id":"https:\/\/www.mundoacuicola.cl\/new\/salmonchile-participa-en-guia-nacional-de-zonificacion-del-borde-costero-en-aysen\/"},"wordCount":503,"publisher":{"@id":"https:\/\/www.mundoacuicola.cl\/new\/#organization"},"image":{"@id":"https:\/\/www.mundoacuicola.cl\/new\/salmonchile-participa-en-guia-nacional-de-zonificacion-del-borde-costero-en-aysen\/#primaryimage"},"thumbnailUrl":"https:\/\/www.mundoacuicola.cl\/new\/wp-content\/uploads\/2025\/08\/SalmonChileUsoBordeCostero.jpg","keywords":["Ays\u00e9n","Gu\u00eda Nacional de Zonificaci\u00f3n del Borde Costero","Ley Lafkenche","Ministerio del Medio Ambiente","Puerto Cisnes","Regi\u00f3n de Ays\u00e9n","Salmonchile","Subdere","Subsecretar\u00eda de Desarrollo Regional y Administrativo","Subsecretar\u00eda para las Fuerzas Armadas","Uso del Borde Costero"],"articleSection":["Salmonicultura"],"inLanguage":"es"},{"@type":"WebPage","@id":"https:\/\/www.mundoacuicola.cl\/new\/salmonchile-participa-en-guia-nacional-de-zonificacion-del-borde-costero-en-aysen\/","url":"https:\/\/www.mundoacuicola.cl\/new\/salmonchile-participa-en-guia-nacional-de-zonificacion-del-borde-costero-en-aysen\/","name":"SalmonChile participa en Gu\u00eda Nacional de Zonificaci\u00f3n del Borde Costero en Ays\u00e9n - Mundoacuicola","isPartOf":{"@id":"https:\/\/www.mundoacuicola.cl\/new\/#website"},"primaryImageOfPage":{"@id":"https:\/\/www.mundoacuicola.cl\/new\/salmonchile-participa-en-guia-nacional-de-zonificacion-del-borde-costero-en-aysen\/#primaryimage"},"image":{"@id":"https:\/\/www.mundoacuicola.cl\/new\/salmonchile-participa-en-guia-nacional-de-zonificacion-del-borde-costero-en-aysen\/#primaryimage"},"thumbnailUrl":"https:\/\/www.mundoacuicola.cl\/new\/wp-content\/uploads\/2025\/08\/SalmonChileUsoBordeCostero.jpg","datePublished":"2025-08-26T21:02:37+00:00","dateModified":"2025-08-27T23:01:12+00:00","description":"SalmonChile particip\u00f3 en Puerto Cisnes en taller para la Gu\u00eda de Zonificaci\u00f3n del Borde Costero, con \u00e9nfasis en la realidad regional.","breadcrumb":{"@id":"https:\/\/www.mundoacuicola.cl\/new\/salmonchile-participa-en-guia-nacional-de-zonificacion-del-borde-costero-en-aysen\/#breadcrumb"},"inLanguage":"es","potentialAction":[{"@type":"ReadAction","target":["https:\/\/www.mundoacuicola.cl\/new\/salmonchile-participa-en-guia-nacional-de-zonificacion-del-borde-costero-en-aysen\/"]}]},{"@type":"ImageObject","inLanguage":"es","@id":"https:\/\/www.mundoacuicola.cl\/new\/salmonchile-participa-en-guia-nacional-de-zonificacion-del-borde-costero-en-aysen\/#primaryimage","url":"https:\/\/www.mundoacuicola.cl\/new\/wp-content\/uploads\/2025\/08\/SalmonChileUsoBordeCostero.jpg","contentUrl":"https:\/\/www.mundoacuicola.cl\/new\/wp-content\/uploads\/2025\/08\/SalmonChileUsoBordeCostero.jpg","width":750,"height":400},{"@type":"BreadcrumbList","@id":"https:\/\/www.mundoacuicola.cl\/new\/salmonchile-participa-en-guia-nacional-de-zonificacion-del-borde-costero-en-aysen\/#breadcrumb","itemListElement":[{"@type":"ListItem","position":1,"name":"Portada","item":"https:\/\/www.mundoacuicola.cl\/new\/"},{"@type":"ListItem","position":2,"name":"SalmonChile participa en Gu\u00eda Nacional de Zonificaci\u00f3n del Borde Costero en Ays\u00e9n"}]},{"@type":"WebSite","@id":"https:\/\/www.mundoacuicola.cl\/new\/#website","url":"https:\/\/www.mundoacuicola.cl\/new\/","name":"Mundoacuicola","description":"Revista de Acuicultura.","publisher":{"@id":"https:\/\/www.mundoacuicola.cl\/new\/#organization"},"potentialAction":[{"@type":"SearchAction","target":{"@type":"EntryPoint","urlTemplate":"https:\/\/www.mundoacuicola.cl\/new\/?s={search_term_string}"},"query-input":{"@type":"PropertyValueSpecification","valueRequired":true,"valueName":"search_term_string"}}],"inLanguage":"es"},{"@type":"Organization","@id":"https:\/\/www.mundoacuicola.cl\/new\/#organization","name":"Mundoacuicola","url":"https:\/\/www.mundoacuicola.cl\/new\/","logo":{"@type":"ImageObject","inLanguage":"es","@id":"https:\/\/www.mundoacuicola.cl\/new\/#\/schema\/logo\/image\/","url":"https:\/\/www.mundoacuicola.cl\/new\/wp-content\/uploads\/2026\/01\/cropped-LOGO-Mundo-Acuicola-2026.png","contentUrl":"https:\/\/www.mundoacuicola.cl\/new\/wp-content\/uploads\/2026\/01\/cropped-LOGO-Mundo-Acuicola-2026.png","width":1252,"height":296,"caption":"Mundoacuicola"},"image":{"@id":"https:\/\/www.mundoacuicola.cl\/new\/#\/schema\/logo\/image\/"},"sameAs":["https:\/\/www.facebook.com\/mundo.acuicola\/","https:\/\/x.com\/mundoacuicola","https:\/\/www.linkedin.com\/in\/mundo-acuicola"]},{"@type":"Person","@id":"https:\/\/www.mundoacuicola.cl\/new\/#\/schema\/person\/c00ffe389abb88bd9254653add139315","name":"mbarrueto","url":"https:\/\/www.mundoacuicola.cl\/new\/author\/mbarrueto\/"}]}},"_links":{"self":[{"href":"https:\/\/www.mundoacuicola.cl\/new\/wp-json\/wp\/v2\/posts\/79204","targetHints":{"allow":["GET"]}}],"collection":[{"href":"https:\/\/www.mundoacuicola.cl\/new\/wp-json\/wp\/v2\/posts"}],"about":[{"href":"https:\/\/www.mundoacuicola.cl\/new\/wp-json\/wp\/v2\/types\/post"}],"author":[{"embeddable":true,"href":"https:\/\/www.mundoacuicola.cl\/new\/wp-json\/wp\/v2\/users\/10"}],"replies":[{"embeddable":true,"href":"https:\/\/www.mundoacuicola.cl\/new\/wp-json\/wp\/v2\/comments?post=79204"}],"version-history":[{"count":0,"href":"https:\/\/www.mundoacuicola.cl\/new\/wp-json\/wp\/v2\/posts\/79204\/revisions"}],"wp:featuredmedia":[{"embeddable":true,"href":"https:\/\/www.mundoacuicola.cl\/new\/wp-json\/wp\/v2\/media\/79205"}],"wp:attachment":[{"href":"https:\/\/www.mundoacuicola.cl\/new\/wp-json\/wp\/v2\/media?parent=79204"}],"wp:term":[{"taxonomy":"category","embeddable":true,"href":"https:\/\/www.mundoacuicola.cl\/new\/wp-json\/wp\/v2\/categories?post=79204"},{"taxonomy":"post_tag","embeddable":true,"href":"https:\/\/www.mundoacuicola.cl\/new\/wp-json\/wp\/v2\/tags?post=79204"}],"curies":[{"name":"wp","href":"https:\/\/api.w.org\/{rel}","templated":true}]}}