{"id":79240,"date":"2025-08-27T18:18:05","date_gmt":"2025-08-27T22:18:05","guid":{"rendered":"https:\/\/www.mundoacuicola.cl\/new\/?p=79240"},"modified":"2025-08-29T09:23:57","modified_gmt":"2025-08-29T13:23:57","slug":"edigen-organiza-primer-encuentro-sobre-edicion-genetica-en-chile","status":"publish","type":"post","link":"https:\/\/www.mundoacuicola.cl\/new\/edigen-organiza-primer-encuentro-sobre-edicion-genetica-en-chile\/","title":{"rendered":"EDIGEN organiza primer encuentro sobre edici\u00f3n gen\u00e9tica en Chile"},"content":{"rendered":"<p><span style=\"font-weight: 400;\">El encuentro se realizar\u00e1 los d\u00edas 19 y 20 de noviembre en la ciudad de Puerto Varas, contar\u00e1 con importantes exponentes nacionales e internacionales en edici\u00f3n gen\u00e9tica, incluyendo a los conferencistas invitados: Dra. Alison Van Eenennaam, especialista en Extensi\u00f3n Cooperativa en Gen\u00f3mica y Bioetecnolog\u00eda Animal de la University of California-Davis (Estados Unidos); y Dr. Nick Robinson, investigador de NOFIMA (Noruega) y l\u00edder de la iniciativa CrispResist orientada a generar un salm\u00f3n del Atl\u00e1ntico m\u00e1s resistente al piojo de mar utilizando la base gen\u00f3mica de coho.<\/span><\/p>\n<p><span style=\"font-weight: 400;\">El congreso se constituir\u00e1 como una plataforma clave para dar a conocer estudios actuales en la edici\u00f3n gen\u00e9tica en especies acu\u00edcolas, ya que se dispondr\u00e1 de servicio de streaming y traducci\u00f3n simult\u00e1nea para quienes deseen sumarse desde cualquier punto del mundo.<\/span><\/p>\n<p><span style=\"font-weight: 400;\">Las inscripciones se encuentran abiertas tanto para participar como asistente, as\u00ed como tambi\u00e9n para postular enviando un abstract con resultados de investigaci\u00f3n, experiencias normativas o evaluaciones comerciales, el cual ser\u00e1 evaluado y considerado para presentar en formato p\u00f3ster\u00a0o\u00a0presentaci\u00f3n oral. El plazo para env\u00edo de res\u00famenes vence el 26 de septiembre. Toda la informaci\u00f3n se encuentra disponible en el sitio web www.edigen.uchile.cl<\/span><\/p>\n<p><span style=\"font-weight: 400;\">\u00a0\u201cLa edici\u00f3n gen\u00e9tica es una tecnolog\u00eda con un potencial transformador para la competitividad, eficiencia y sostenibilidad de la acuicultura. Sin embargo, su adopci\u00f3n responsable requiere de un marco normativo actualizado, una discusi\u00f3n abierta y la participaci\u00f3n activa de todos los actores del ecosistema. Es muy necesario que las decisiones regulatorias y productivas futuras se generen sobre la base de evidencia cient\u00edfica s\u00f3lida y conocimiento de frontera. En este contexto, <\/span><b>1st International Meeting on Gene Editing in Aquaculture<\/b><span style=\"font-weight: 400;\"> no solo ser\u00e1 un espacio para presentar los \u00faltimos avances cient\u00edficos, sino tambi\u00e9n una instancia clave para articular visiones desde la academia, la industria y el sector p\u00fablico\u201d, sostuvo el Dr. Jos\u00e9 Manuel Y\u00e1\u00f1ez, Decano de la Facultad de Ciencias Veterinarias y Pecuarias (Favet) de la Universidad de Chile y director de la iniciativa EDIGEN.<\/span><\/p>\n<h3><strong>Invitaci\u00f3n a enviar res\u00famenes<\/strong><\/h3>\n<p><span style=\"font-weight: 400;\">El Dr.Y\u00e1\u00f1ez, quien tambi\u00e9n es acad\u00e9mico e investigador en gen\u00f3mica y gen\u00e9tica acu\u00edcola de amplia trayectoria,\u00a0 hace un llamado a la comunidad cient\u00edfica nacional e internacional a enviar sus res\u00famenes y ser parte de este encuentro, se\u00f1alando que \u201cmarcar\u00e1 un hito en la conversaci\u00f3n sobre biotecnolog\u00eda y futuro productivo desde el sur global\u201d.<\/span><\/p>\n<p><span style=\"font-weight: 400;\">Durante el congreso \u201cFirst International Meeting on Genome Editing in Aquaculture\u201d se abordar\u00e1n las siguientes tem\u00e1ticas: estudios de asociaci\u00f3n gen\u00f3mica y genes candidatos; variantes estructurales y pangenomas; fundamentos de CRISPR-Cas9 y otras herramientas de edici\u00f3n gen\u00e9tica; casos pr\u00e1cticos de edici\u00f3n gen\u00e9tica in vitro o in vivo; ingenier\u00eda gen\u00e9tica del microbioma y mejoramiento gen\u00e9tico de precisi\u00f3n.<\/span><\/p>\n<p><span style=\"font-weight: 400;\">Desaf\u00edos regulatorios y bio\u00e9ticos respecto a las Nuevas T\u00e9cnicas Gen\u00f3micas (NGTs). Evaluaci\u00f3n de riesgos y beneficios; aspectos comerciales y escenarios de mercado; herramientas bioinform\u00e1ticas aplicadas; y percepci\u00f3n del consumidor y trazabilidad de sus productos derivados.<\/span><\/p>\n<p><span style=\"font-weight: 400;\">La adhesi\u00f3n para asistir al congreso internacional tiene un valor especial hasta el 18 de octubre.<\/span><\/p>\n<p><span style=\"font-weight: 400;\">M\u00e1s informaci\u00f3n al correo <a href=\"mailto:edigen-favet@uchile.cl\">edigen-favet@uchile.cl<\/a><\/span><\/p>\n","protected":false},"excerpt":{"rendered":"<p>Este Congreso Internacional busca reunir investigadores, organizaciones del sector p\u00fablico, estudiantes, empresas de base tecnol\u00f3gica y productores del sector acu\u00edcola para compartir y discutir sobre los \u00faltimos avances en gen\u00f3mica funcional, gen\u00e9tica de precisi\u00f3n, edici\u00f3n gen\u00e9tica y nuevas t\u00e9cnicas gen\u00f3micas (NGTs) aplicadas a especies acu\u00edcolas. Las postulaciones para presentar res\u00famenes se cierran el 26 de septiembre.<\/p>\n","protected":false},"author":10,"featured_media":79247,"comment_status":"closed","ping_status":"closed","sticky":false,"template":"","format":"standard","meta":{"footnotes":""},"categories":[112],"tags":[1261,143,27395,27396,24523,26130,2567,122,1859,3477,27394],"class_list":["post-79240","post","type-post","status-publish","format-standard","has-post-thumbnail","hentry","category-eventos","tag-acuicola","tag-acuicultura","tag-bioetecnologia","tag-bioetecnologia-animal","tag-edicion-genetica","tag-edigen","tag-genomica","tag-industria-acuicola","tag-investigacion","tag-sostenibilidad","tag-university-of-california"],"yoast_head":"<!-- This site is optimized with the Yoast SEO plugin v27.5 - https:\/\/yoast.com\/product\/yoast-seo-wordpress\/ -->\n<title>EDIGEN organiza primer encuentro sobre edici\u00f3n gen\u00e9tica en Chile - Mundoacuicola<\/title>\n<meta name=\"description\" content=\"El Congreso Internacional busca reunir a investigadores, organizaciones del sector p\u00fablico y productores del sector acu\u00edcola entre otros.\" \/>\n<meta name=\"robots\" content=\"index, follow, max-snippet:-1, max-image-preview:large, max-video-preview:-1\" \/>\n<link rel=\"canonical\" href=\"https:\/\/www.mundoacuicola.cl\/new\/edigen-organiza-primer-encuentro-sobre-edicion-genetica-en-chile\/\" \/>\n<meta property=\"og:locale\" content=\"es_ES\" \/>\n<meta property=\"og:type\" content=\"article\" \/>\n<meta property=\"og:title\" content=\"EDIGEN organiza primer encuentro sobre edici\u00f3n gen\u00e9tica en Chile - Mundoacuicola\" \/>\n<meta property=\"og:description\" content=\"El Congreso Internacional busca reunir a investigadores, organizaciones del sector p\u00fablico y productores del sector acu\u00edcola entre otros.\" \/>\n<meta property=\"og:url\" content=\"https:\/\/www.mundoacuicola.cl\/new\/edigen-organiza-primer-encuentro-sobre-edicion-genetica-en-chile\/\" \/>\n<meta property=\"og:site_name\" content=\"Mundoacuicola\" \/>\n<meta property=\"article:publisher\" content=\"https:\/\/www.facebook.com\/mundo.acuicola\/\" \/>\n<meta property=\"article:published_time\" content=\"2025-08-27T22:18:05+00:00\" \/>\n<meta property=\"article:modified_time\" content=\"2025-08-29T13:23:57+00:00\" \/>\n<meta property=\"og:image\" content=\"https:\/\/www.mundoacuicola.cl\/new\/wp-content\/uploads\/2025\/08\/EDIGENEvento.jpg\" \/>\n\t<meta property=\"og:image:width\" content=\"750\" \/>\n\t<meta property=\"og:image:height\" content=\"400\" \/>\n\t<meta property=\"og:image:type\" content=\"image\/jpeg\" \/>\n<meta name=\"author\" content=\"mbarrueto\" \/>\n<meta name=\"twitter:card\" content=\"summary_large_image\" \/>\n<meta name=\"twitter:creator\" content=\"@mundoacuicola\" \/>\n<meta name=\"twitter:site\" content=\"@mundoacuicola\" \/>\n<meta name=\"twitter:label1\" content=\"Escrito por\" \/>\n\t<meta name=\"twitter:data1\" content=\"mbarrueto\" \/>\n\t<meta name=\"twitter:label2\" content=\"Tiempo de lectura\" \/>\n\t<meta name=\"twitter:data2\" content=\"3 minutos\" \/>\n<script type=\"application\/ld+json\" class=\"yoast-schema-graph\">{\"@context\":\"https:\\\/\\\/schema.org\",\"@graph\":[{\"@type\":\"Article\",\"@id\":\"https:\\\/\\\/www.mundoacuicola.cl\\\/new\\\/edigen-organiza-primer-encuentro-sobre-edicion-genetica-en-chile\\\/#article\",\"isPartOf\":{\"@id\":\"https:\\\/\\\/www.mundoacuicola.cl\\\/new\\\/edigen-organiza-primer-encuentro-sobre-edicion-genetica-en-chile\\\/\"},\"author\":{\"name\":\"mbarrueto\",\"@id\":\"https:\\\/\\\/www.mundoacuicola.cl\\\/new\\\/#\\\/schema\\\/person\\\/c00ffe389abb88bd9254653add139315\"},\"headline\":\"EDIGEN organiza primer encuentro sobre edici\u00f3n gen\u00e9tica en Chile\",\"datePublished\":\"2025-08-27T22:18:05+00:00\",\"dateModified\":\"2025-08-29T13:23:57+00:00\",\"mainEntityOfPage\":{\"@id\":\"https:\\\/\\\/www.mundoacuicola.cl\\\/new\\\/edigen-organiza-primer-encuentro-sobre-edicion-genetica-en-chile\\\/\"},\"wordCount\":573,\"publisher\":{\"@id\":\"https:\\\/\\\/www.mundoacuicola.cl\\\/new\\\/#organization\"},\"image\":{\"@id\":\"https:\\\/\\\/www.mundoacuicola.cl\\\/new\\\/edigen-organiza-primer-encuentro-sobre-edicion-genetica-en-chile\\\/#primaryimage\"},\"thumbnailUrl\":\"https:\\\/\\\/www.mundoacuicola.cl\\\/new\\\/wp-content\\\/uploads\\\/2025\\\/08\\\/EDIGENEvento.jpg\",\"keywords\":[\"Acu\u00edcola\",\"Acuicultura\",\"Bioetecnolog\u00eda\",\"Bioetecnolog\u00eda Animal\",\"edici\u00f3n gen\u00e9tica\",\"EDIGEN\",\"gen\u00f3mica\",\"Industria Acu\u00edcola\",\"Investigaci\u00f3n\",\"sostenibilidad\",\"University of California\"],\"articleSection\":[\"Eventos\"],\"inLanguage\":\"es\"},{\"@type\":\"WebPage\",\"@id\":\"https:\\\/\\\/www.mundoacuicola.cl\\\/new\\\/edigen-organiza-primer-encuentro-sobre-edicion-genetica-en-chile\\\/\",\"url\":\"https:\\\/\\\/www.mundoacuicola.cl\\\/new\\\/edigen-organiza-primer-encuentro-sobre-edicion-genetica-en-chile\\\/\",\"name\":\"EDIGEN organiza primer encuentro sobre edici\u00f3n gen\u00e9tica en Chile - Mundoacuicola\",\"isPartOf\":{\"@id\":\"https:\\\/\\\/www.mundoacuicola.cl\\\/new\\\/#website\"},\"primaryImageOfPage\":{\"@id\":\"https:\\\/\\\/www.mundoacuicola.cl\\\/new\\\/edigen-organiza-primer-encuentro-sobre-edicion-genetica-en-chile\\\/#primaryimage\"},\"image\":{\"@id\":\"https:\\\/\\\/www.mundoacuicola.cl\\\/new\\\/edigen-organiza-primer-encuentro-sobre-edicion-genetica-en-chile\\\/#primaryimage\"},\"thumbnailUrl\":\"https:\\\/\\\/www.mundoacuicola.cl\\\/new\\\/wp-content\\\/uploads\\\/2025\\\/08\\\/EDIGENEvento.jpg\",\"datePublished\":\"2025-08-27T22:18:05+00:00\",\"dateModified\":\"2025-08-29T13:23:57+00:00\",\"description\":\"El Congreso Internacional busca reunir a investigadores, organizaciones del sector p\u00fablico y productores del sector acu\u00edcola entre otros.\",\"breadcrumb\":{\"@id\":\"https:\\\/\\\/www.mundoacuicola.cl\\\/new\\\/edigen-organiza-primer-encuentro-sobre-edicion-genetica-en-chile\\\/#breadcrumb\"},\"inLanguage\":\"es\",\"potentialAction\":[{\"@type\":\"ReadAction\",\"target\":[\"https:\\\/\\\/www.mundoacuicola.cl\\\/new\\\/edigen-organiza-primer-encuentro-sobre-edicion-genetica-en-chile\\\/\"]}]},{\"@type\":\"ImageObject\",\"inLanguage\":\"es\",\"@id\":\"https:\\\/\\\/www.mundoacuicola.cl\\\/new\\\/edigen-organiza-primer-encuentro-sobre-edicion-genetica-en-chile\\\/#primaryimage\",\"url\":\"https:\\\/\\\/www.mundoacuicola.cl\\\/new\\\/wp-content\\\/uploads\\\/2025\\\/08\\\/EDIGENEvento.jpg\",\"contentUrl\":\"https:\\\/\\\/www.mundoacuicola.cl\\\/new\\\/wp-content\\\/uploads\\\/2025\\\/08\\\/EDIGENEvento.jpg\",\"width\":750,\"height\":400},{\"@type\":\"BreadcrumbList\",\"@id\":\"https:\\\/\\\/www.mundoacuicola.cl\\\/new\\\/edigen-organiza-primer-encuentro-sobre-edicion-genetica-en-chile\\\/#breadcrumb\",\"itemListElement\":[{\"@type\":\"ListItem\",\"position\":1,\"name\":\"Portada\",\"item\":\"https:\\\/\\\/www.mundoacuicola.cl\\\/new\\\/\"},{\"@type\":\"ListItem\",\"position\":2,\"name\":\"EDIGEN organiza primer encuentro sobre edici\u00f3n gen\u00e9tica en Chile\"}]},{\"@type\":\"WebSite\",\"@id\":\"https:\\\/\\\/www.mundoacuicola.cl\\\/new\\\/#website\",\"url\":\"https:\\\/\\\/www.mundoacuicola.cl\\\/new\\\/\",\"name\":\"Mundoacuicola\",\"description\":\"Revista de Acuicultura.\",\"publisher\":{\"@id\":\"https:\\\/\\\/www.mundoacuicola.cl\\\/new\\\/#organization\"},\"potentialAction\":[{\"@type\":\"SearchAction\",\"target\":{\"@type\":\"EntryPoint\",\"urlTemplate\":\"https:\\\/\\\/www.mundoacuicola.cl\\\/new\\\/?s={search_term_string}\"},\"query-input\":{\"@type\":\"PropertyValueSpecification\",\"valueRequired\":true,\"valueName\":\"search_term_string\"}}],\"inLanguage\":\"es\"},{\"@type\":\"Organization\",\"@id\":\"https:\\\/\\\/www.mundoacuicola.cl\\\/new\\\/#organization\",\"name\":\"Mundoacuicola\",\"url\":\"https:\\\/\\\/www.mundoacuicola.cl\\\/new\\\/\",\"logo\":{\"@type\":\"ImageObject\",\"inLanguage\":\"es\",\"@id\":\"https:\\\/\\\/www.mundoacuicola.cl\\\/new\\\/#\\\/schema\\\/logo\\\/image\\\/\",\"url\":\"https:\\\/\\\/www.mundoacuicola.cl\\\/new\\\/wp-content\\\/uploads\\\/2026\\\/01\\\/cropped-LOGO-Mundo-Acuicola-2026.png\",\"contentUrl\":\"https:\\\/\\\/www.mundoacuicola.cl\\\/new\\\/wp-content\\\/uploads\\\/2026\\\/01\\\/cropped-LOGO-Mundo-Acuicola-2026.png\",\"width\":1252,\"height\":296,\"caption\":\"Mundoacuicola\"},\"image\":{\"@id\":\"https:\\\/\\\/www.mundoacuicola.cl\\\/new\\\/#\\\/schema\\\/logo\\\/image\\\/\"},\"sameAs\":[\"https:\\\/\\\/www.facebook.com\\\/mundo.acuicola\\\/\",\"https:\\\/\\\/x.com\\\/mundoacuicola\",\"https:\\\/\\\/www.linkedin.com\\\/in\\\/mundo-acuicola\"]},{\"@type\":\"Person\",\"@id\":\"https:\\\/\\\/www.mundoacuicola.cl\\\/new\\\/#\\\/schema\\\/person\\\/c00ffe389abb88bd9254653add139315\",\"name\":\"mbarrueto\",\"url\":\"https:\\\/\\\/www.mundoacuicola.cl\\\/new\\\/author\\\/mbarrueto\\\/\"}]}<\/script>\n<!-- \/ Yoast SEO plugin. -->","yoast_head_json":{"title":"EDIGEN organiza primer encuentro sobre edici\u00f3n gen\u00e9tica en Chile - Mundoacuicola","description":"El Congreso Internacional busca reunir a investigadores, organizaciones del sector p\u00fablico y productores del sector acu\u00edcola entre otros.","robots":{"index":"index","follow":"follow","max-snippet":"max-snippet:-1","max-image-preview":"max-image-preview:large","max-video-preview":"max-video-preview:-1"},"canonical":"https:\/\/www.mundoacuicola.cl\/new\/edigen-organiza-primer-encuentro-sobre-edicion-genetica-en-chile\/","og_locale":"es_ES","og_type":"article","og_title":"EDIGEN organiza primer encuentro sobre edici\u00f3n gen\u00e9tica en Chile - Mundoacuicola","og_description":"El Congreso Internacional busca reunir a investigadores, organizaciones del sector p\u00fablico y productores del sector acu\u00edcola entre otros.","og_url":"https:\/\/www.mundoacuicola.cl\/new\/edigen-organiza-primer-encuentro-sobre-edicion-genetica-en-chile\/","og_site_name":"Mundoacuicola","article_publisher":"https:\/\/www.facebook.com\/mundo.acuicola\/","article_published_time":"2025-08-27T22:18:05+00:00","article_modified_time":"2025-08-29T13:23:57+00:00","og_image":[{"width":750,"height":400,"url":"https:\/\/www.mundoacuicola.cl\/new\/wp-content\/uploads\/2025\/08\/EDIGENEvento.jpg","type":"image\/jpeg"}],"author":"mbarrueto","twitter_card":"summary_large_image","twitter_creator":"@mundoacuicola","twitter_site":"@mundoacuicola","twitter_misc":{"Escrito por":"mbarrueto","Tiempo de lectura":"3 minutos"},"schema":{"@context":"https:\/\/schema.org","@graph":[{"@type":"Article","@id":"https:\/\/www.mundoacuicola.cl\/new\/edigen-organiza-primer-encuentro-sobre-edicion-genetica-en-chile\/#article","isPartOf":{"@id":"https:\/\/www.mundoacuicola.cl\/new\/edigen-organiza-primer-encuentro-sobre-edicion-genetica-en-chile\/"},"author":{"name":"mbarrueto","@id":"https:\/\/www.mundoacuicola.cl\/new\/#\/schema\/person\/c00ffe389abb88bd9254653add139315"},"headline":"EDIGEN organiza primer encuentro sobre edici\u00f3n gen\u00e9tica en Chile","datePublished":"2025-08-27T22:18:05+00:00","dateModified":"2025-08-29T13:23:57+00:00","mainEntityOfPage":{"@id":"https:\/\/www.mundoacuicola.cl\/new\/edigen-organiza-primer-encuentro-sobre-edicion-genetica-en-chile\/"},"wordCount":573,"publisher":{"@id":"https:\/\/www.mundoacuicola.cl\/new\/#organization"},"image":{"@id":"https:\/\/www.mundoacuicola.cl\/new\/edigen-organiza-primer-encuentro-sobre-edicion-genetica-en-chile\/#primaryimage"},"thumbnailUrl":"https:\/\/www.mundoacuicola.cl\/new\/wp-content\/uploads\/2025\/08\/EDIGENEvento.jpg","keywords":["Acu\u00edcola","Acuicultura","Bioetecnolog\u00eda","Bioetecnolog\u00eda Animal","edici\u00f3n gen\u00e9tica","EDIGEN","gen\u00f3mica","Industria Acu\u00edcola","Investigaci\u00f3n","sostenibilidad","University of California"],"articleSection":["Eventos"],"inLanguage":"es"},{"@type":"WebPage","@id":"https:\/\/www.mundoacuicola.cl\/new\/edigen-organiza-primer-encuentro-sobre-edicion-genetica-en-chile\/","url":"https:\/\/www.mundoacuicola.cl\/new\/edigen-organiza-primer-encuentro-sobre-edicion-genetica-en-chile\/","name":"EDIGEN organiza primer encuentro sobre edici\u00f3n gen\u00e9tica en Chile - Mundoacuicola","isPartOf":{"@id":"https:\/\/www.mundoacuicola.cl\/new\/#website"},"primaryImageOfPage":{"@id":"https:\/\/www.mundoacuicola.cl\/new\/edigen-organiza-primer-encuentro-sobre-edicion-genetica-en-chile\/#primaryimage"},"image":{"@id":"https:\/\/www.mundoacuicola.cl\/new\/edigen-organiza-primer-encuentro-sobre-edicion-genetica-en-chile\/#primaryimage"},"thumbnailUrl":"https:\/\/www.mundoacuicola.cl\/new\/wp-content\/uploads\/2025\/08\/EDIGENEvento.jpg","datePublished":"2025-08-27T22:18:05+00:00","dateModified":"2025-08-29T13:23:57+00:00","description":"El Congreso Internacional busca reunir a investigadores, organizaciones del sector p\u00fablico y productores del sector acu\u00edcola entre otros.","breadcrumb":{"@id":"https:\/\/www.mundoacuicola.cl\/new\/edigen-organiza-primer-encuentro-sobre-edicion-genetica-en-chile\/#breadcrumb"},"inLanguage":"es","potentialAction":[{"@type":"ReadAction","target":["https:\/\/www.mundoacuicola.cl\/new\/edigen-organiza-primer-encuentro-sobre-edicion-genetica-en-chile\/"]}]},{"@type":"ImageObject","inLanguage":"es","@id":"https:\/\/www.mundoacuicola.cl\/new\/edigen-organiza-primer-encuentro-sobre-edicion-genetica-en-chile\/#primaryimage","url":"https:\/\/www.mundoacuicola.cl\/new\/wp-content\/uploads\/2025\/08\/EDIGENEvento.jpg","contentUrl":"https:\/\/www.mundoacuicola.cl\/new\/wp-content\/uploads\/2025\/08\/EDIGENEvento.jpg","width":750,"height":400},{"@type":"BreadcrumbList","@id":"https:\/\/www.mundoacuicola.cl\/new\/edigen-organiza-primer-encuentro-sobre-edicion-genetica-en-chile\/#breadcrumb","itemListElement":[{"@type":"ListItem","position":1,"name":"Portada","item":"https:\/\/www.mundoacuicola.cl\/new\/"},{"@type":"ListItem","position":2,"name":"EDIGEN organiza primer encuentro sobre edici\u00f3n gen\u00e9tica en Chile"}]},{"@type":"WebSite","@id":"https:\/\/www.mundoacuicola.cl\/new\/#website","url":"https:\/\/www.mundoacuicola.cl\/new\/","name":"Mundoacuicola","description":"Revista de Acuicultura.","publisher":{"@id":"https:\/\/www.mundoacuicola.cl\/new\/#organization"},"potentialAction":[{"@type":"SearchAction","target":{"@type":"EntryPoint","urlTemplate":"https:\/\/www.mundoacuicola.cl\/new\/?s={search_term_string}"},"query-input":{"@type":"PropertyValueSpecification","valueRequired":true,"valueName":"search_term_string"}}],"inLanguage":"es"},{"@type":"Organization","@id":"https:\/\/www.mundoacuicola.cl\/new\/#organization","name":"Mundoacuicola","url":"https:\/\/www.mundoacuicola.cl\/new\/","logo":{"@type":"ImageObject","inLanguage":"es","@id":"https:\/\/www.mundoacuicola.cl\/new\/#\/schema\/logo\/image\/","url":"https:\/\/www.mundoacuicola.cl\/new\/wp-content\/uploads\/2026\/01\/cropped-LOGO-Mundo-Acuicola-2026.png","contentUrl":"https:\/\/www.mundoacuicola.cl\/new\/wp-content\/uploads\/2026\/01\/cropped-LOGO-Mundo-Acuicola-2026.png","width":1252,"height":296,"caption":"Mundoacuicola"},"image":{"@id":"https:\/\/www.mundoacuicola.cl\/new\/#\/schema\/logo\/image\/"},"sameAs":["https:\/\/www.facebook.com\/mundo.acuicola\/","https:\/\/x.com\/mundoacuicola","https:\/\/www.linkedin.com\/in\/mundo-acuicola"]},{"@type":"Person","@id":"https:\/\/www.mundoacuicola.cl\/new\/#\/schema\/person\/c00ffe389abb88bd9254653add139315","name":"mbarrueto","url":"https:\/\/www.mundoacuicola.cl\/new\/author\/mbarrueto\/"}]}},"_links":{"self":[{"href":"https:\/\/www.mundoacuicola.cl\/new\/wp-json\/wp\/v2\/posts\/79240","targetHints":{"allow":["GET"]}}],"collection":[{"href":"https:\/\/www.mundoacuicola.cl\/new\/wp-json\/wp\/v2\/posts"}],"about":[{"href":"https:\/\/www.mundoacuicola.cl\/new\/wp-json\/wp\/v2\/types\/post"}],"author":[{"embeddable":true,"href":"https:\/\/www.mundoacuicola.cl\/new\/wp-json\/wp\/v2\/users\/10"}],"replies":[{"embeddable":true,"href":"https:\/\/www.mundoacuicola.cl\/new\/wp-json\/wp\/v2\/comments?post=79240"}],"version-history":[{"count":0,"href":"https:\/\/www.mundoacuicola.cl\/new\/wp-json\/wp\/v2\/posts\/79240\/revisions"}],"wp:featuredmedia":[{"embeddable":true,"href":"https:\/\/www.mundoacuicola.cl\/new\/wp-json\/wp\/v2\/media\/79247"}],"wp:attachment":[{"href":"https:\/\/www.mundoacuicola.cl\/new\/wp-json\/wp\/v2\/media?parent=79240"}],"wp:term":[{"taxonomy":"category","embeddable":true,"href":"https:\/\/www.mundoacuicola.cl\/new\/wp-json\/wp\/v2\/categories?post=79240"},{"taxonomy":"post_tag","embeddable":true,"href":"https:\/\/www.mundoacuicola.cl\/new\/wp-json\/wp\/v2\/tags?post=79240"}],"curies":[{"name":"wp","href":"https:\/\/api.w.org\/{rel}","templated":true}]}}