{"id":79243,"date":"2025-08-27T18:29:28","date_gmt":"2025-08-27T22:29:28","guid":{"rendered":"https:\/\/www.mundoacuicola.cl\/new\/?p=79243"},"modified":"2025-08-29T09:23:25","modified_gmt":"2025-08-29T13:23:25","slug":"denuncian-a-naviera-por-practicas-antisindicales","status":"publish","type":"post","link":"https:\/\/www.mundoacuicola.cl\/new\/denuncian-a-naviera-por-practicas-antisindicales\/","title":{"rendered":"Denuncian a naviera por pr\u00e1cticas antisindicales"},"content":{"rendered":"<p>La Inspecci\u00f3n Provincial del Trabajo de Puerto Montt present\u00f3 ante el Juzgado de Letras del Trabajo de la ciudad una denuncia por pr\u00e1cticas antisindicales en contra de la empresa Naviera Quellonina SpA, <strong>tras constatarse el reemplazo ilegal de trabajadores en huelga.<\/strong><\/p>\n<p>La acci\u00f3n judicial fue ingresada el 8 de agosto de 2025 y se encuentra en tramitaci\u00f3n bajo el RIT S-4-2025. El caso se origin\u00f3 a partir de los antecedentes entregados por el Sindicato de Empresa Naviera Paredes, que re\u00fane a 42 trabajadores, quienes iniciaron una huelga legal el 1 de agosto de este a\u00f1o.<\/p>\n<p>Mediante un proceso de investigaci\u00f3n realizado por su Fiscal\u00eda Laboral, la Inspecci\u00f3n Provincial de Puerto Montt verific\u00f3 en terreno que, en distintas embarcaciones de la empresa, trabajadores en huelga hab\u00edan sido sustituidos por otros, situaci\u00f3n que constituye una infracci\u00f3n grave a la libertad sindical y al derecho de huelga.<\/p>\n<p>El Inspector Provincial del Trabajo, Cristian Espejo Villarreal, subray\u00f3 que la legislaci\u00f3n laboral proh\u00edbe expresamente el reemplazo de trabajadores en huelga y recalc\u00f3 que la Inspecci\u00f3n Provincial del Trabajo tiene el mandato legal de actuar con firmeza frente a estas pr\u00e1cticas, como garante de la libertad sindical.<\/p>\n<h3>Reemplazo de huelguistas<\/h3>\n<p>En su presentaci\u00f3n judicial, la Inspecci\u00f3n solicit\u00f3 al tribunal que se apliquen las sanciones que contempla el art\u00edculo 406 del C\u00f3digo del Trabajo para la pr\u00e1ctica desleal de reemplazo de huelguistas, que establecen multas de 10 a 100 unidades tributarias mensuales por cada trabajador reemplazado en grandes empresas, adem\u00e1s de medidas de reparaci\u00f3n. Asimismo, conforme al art\u00edculo 4 de la Ley N\u00b0 19.886, las empresas condenadas por pr\u00e1cticas antisindicales quedan inhabilitadas para contratar con organismos del Estado por un per\u00edodo de dos a\u00f1os, sanci\u00f3n que refuerza el car\u00e1cter disuasivo de la normativa y vincula la libertad sindical con la probidad en el uso de recursos p\u00fablicos.<\/p>\n<p>Cabe se\u00f1alar que la Ley 20.940, vigente desde 2017, reforz\u00f3 la protecci\u00f3n del derecho a huelga al incorporar de manera expresa la prohibici\u00f3n del reemplazo de trabajadores, tipificando esta conducta como una pr\u00e1ctica desleal grave. En concordancia, la Direcci\u00f3n del Trabajo, a trav\u00e9s de sus dict\u00e1menes, ha precisado que cualquier acci\u00f3n destinada a sustituir a huelguistas \u2014ya sea mediante trabajadores externos, internos o mecanismos alternativos\u2014 constituye una vulneraci\u00f3n a la libertad sindical y faculta al tribunal a ordenar el retiro inmediato de los reemplazantes en su primera resoluci\u00f3n.<\/p>\n<p>El Director Regional del Trabajo, Claudio Salas, destac\u00f3 que \u00abvaloramos la actuaci\u00f3n de la Inspecci\u00f3n Provincial de Puerto Montt en este caso, porque ha jugado un papel decisivo en la defensa de los derechos laborales y ha reafirmado que la Direcci\u00f3n del Trabajo mantendr\u00e1 su compromiso de proteger la libertad sindical como pilar de unas relaciones laborales democr\u00e1ticas y justas\u201d.<\/p>\n","protected":false},"excerpt":{"rendered":"<p>La Inspecci\u00f3n del Trabajo denunci\u00f3 pr\u00e1cticas antisindicales tras constatar el reemplazo ilegal de huelguistas durante una fiscalizaci\u00f3n en Puerto Montt.<\/p>\n","protected":false},"author":10,"featured_media":79244,"comment_status":"closed","ping_status":"closed","sticky":false,"template":"","format":"standard","meta":{"footnotes":""},"categories":[12],"tags":[14236,27397,8203],"class_list":["post-79243","post","type-post","status-publish","format-standard","has-post-thumbnail","hentry","category-maritimo","tag-naviera-paredes","tag-naviera-quellonina","tag-navieras"],"yoast_head":"<!-- This site is optimized with the Yoast SEO plugin v27.5 - https:\/\/yoast.com\/product\/yoast-seo-wordpress\/ -->\n<title>Denuncian a naviera por pr\u00e1cticas antisindicales - Mundoacuicola<\/title>\n<meta name=\"description\" content=\"La Inspecci\u00f3n present\u00f3 una acci\u00f3n judicial luego de que se constat\u00f3 el reemplazo ilegal de trabajadores en huelga.\" \/>\n<meta name=\"robots\" content=\"index, follow, max-snippet:-1, max-image-preview:large, max-video-preview:-1\" \/>\n<link rel=\"canonical\" href=\"https:\/\/www.mundoacuicola.cl\/new\/denuncian-a-naviera-por-practicas-antisindicales\/\" \/>\n<meta property=\"og:locale\" content=\"es_ES\" \/>\n<meta property=\"og:type\" content=\"article\" \/>\n<meta property=\"og:title\" content=\"Denuncian a naviera por pr\u00e1cticas antisindicales - Mundoacuicola\" \/>\n<meta property=\"og:description\" content=\"La Inspecci\u00f3n present\u00f3 una acci\u00f3n judicial luego de que se constat\u00f3 el reemplazo ilegal de trabajadores en huelga.\" \/>\n<meta property=\"og:url\" content=\"https:\/\/www.mundoacuicola.cl\/new\/denuncian-a-naviera-por-practicas-antisindicales\/\" \/>\n<meta property=\"og:site_name\" content=\"Mundoacuicola\" \/>\n<meta property=\"article:publisher\" content=\"https:\/\/www.facebook.com\/mundo.acuicola\/\" \/>\n<meta property=\"article:published_time\" content=\"2025-08-27T22:29:28+00:00\" \/>\n<meta property=\"article:modified_time\" content=\"2025-08-29T13:23:25+00:00\" \/>\n<meta property=\"og:image\" content=\"https:\/\/www.mundoacuicola.cl\/new\/wp-content\/uploads\/2025\/08\/NavieraHuelga.jpg\" \/>\n\t<meta property=\"og:image:width\" content=\"750\" \/>\n\t<meta property=\"og:image:height\" content=\"400\" \/>\n\t<meta property=\"og:image:type\" content=\"image\/jpeg\" \/>\n<meta name=\"author\" content=\"mbarrueto\" \/>\n<meta name=\"twitter:card\" content=\"summary_large_image\" \/>\n<meta name=\"twitter:creator\" content=\"@mundoacuicola\" \/>\n<meta name=\"twitter:site\" content=\"@mundoacuicola\" \/>\n<meta name=\"twitter:label1\" content=\"Escrito por\" \/>\n\t<meta name=\"twitter:data1\" content=\"mbarrueto\" \/>\n\t<meta name=\"twitter:label2\" content=\"Tiempo de lectura\" \/>\n\t<meta name=\"twitter:data2\" content=\"3 minutos\" \/>\n<script type=\"application\/ld+json\" class=\"yoast-schema-graph\">{\"@context\":\"https:\\\/\\\/schema.org\",\"@graph\":[{\"@type\":\"Article\",\"@id\":\"https:\\\/\\\/www.mundoacuicola.cl\\\/new\\\/denuncian-a-naviera-por-practicas-antisindicales\\\/#article\",\"isPartOf\":{\"@id\":\"https:\\\/\\\/www.mundoacuicola.cl\\\/new\\\/denuncian-a-naviera-por-practicas-antisindicales\\\/\"},\"author\":{\"name\":\"mbarrueto\",\"@id\":\"https:\\\/\\\/www.mundoacuicola.cl\\\/new\\\/#\\\/schema\\\/person\\\/c00ffe389abb88bd9254653add139315\"},\"headline\":\"Denuncian a naviera por pr\u00e1cticas antisindicales\",\"datePublished\":\"2025-08-27T22:29:28+00:00\",\"dateModified\":\"2025-08-29T13:23:25+00:00\",\"mainEntityOfPage\":{\"@id\":\"https:\\\/\\\/www.mundoacuicola.cl\\\/new\\\/denuncian-a-naviera-por-practicas-antisindicales\\\/\"},\"wordCount\":489,\"publisher\":{\"@id\":\"https:\\\/\\\/www.mundoacuicola.cl\\\/new\\\/#organization\"},\"image\":{\"@id\":\"https:\\\/\\\/www.mundoacuicola.cl\\\/new\\\/denuncian-a-naviera-por-practicas-antisindicales\\\/#primaryimage\"},\"thumbnailUrl\":\"https:\\\/\\\/www.mundoacuicola.cl\\\/new\\\/wp-content\\\/uploads\\\/2025\\\/08\\\/NavieraHuelga.jpg\",\"keywords\":[\"Naviera Paredes\",\"Naviera Quellonina\",\"navieras\"],\"articleSection\":[\"Mar\u00edtimo\"],\"inLanguage\":\"es\"},{\"@type\":\"WebPage\",\"@id\":\"https:\\\/\\\/www.mundoacuicola.cl\\\/new\\\/denuncian-a-naviera-por-practicas-antisindicales\\\/\",\"url\":\"https:\\\/\\\/www.mundoacuicola.cl\\\/new\\\/denuncian-a-naviera-por-practicas-antisindicales\\\/\",\"name\":\"Denuncian a naviera por pr\u00e1cticas antisindicales - Mundoacuicola\",\"isPartOf\":{\"@id\":\"https:\\\/\\\/www.mundoacuicola.cl\\\/new\\\/#website\"},\"primaryImageOfPage\":{\"@id\":\"https:\\\/\\\/www.mundoacuicola.cl\\\/new\\\/denuncian-a-naviera-por-practicas-antisindicales\\\/#primaryimage\"},\"image\":{\"@id\":\"https:\\\/\\\/www.mundoacuicola.cl\\\/new\\\/denuncian-a-naviera-por-practicas-antisindicales\\\/#primaryimage\"},\"thumbnailUrl\":\"https:\\\/\\\/www.mundoacuicola.cl\\\/new\\\/wp-content\\\/uploads\\\/2025\\\/08\\\/NavieraHuelga.jpg\",\"datePublished\":\"2025-08-27T22:29:28+00:00\",\"dateModified\":\"2025-08-29T13:23:25+00:00\",\"description\":\"La Inspecci\u00f3n present\u00f3 una acci\u00f3n judicial luego de que se constat\u00f3 el reemplazo ilegal de trabajadores en huelga.\",\"breadcrumb\":{\"@id\":\"https:\\\/\\\/www.mundoacuicola.cl\\\/new\\\/denuncian-a-naviera-por-practicas-antisindicales\\\/#breadcrumb\"},\"inLanguage\":\"es\",\"potentialAction\":[{\"@type\":\"ReadAction\",\"target\":[\"https:\\\/\\\/www.mundoacuicola.cl\\\/new\\\/denuncian-a-naviera-por-practicas-antisindicales\\\/\"]}]},{\"@type\":\"ImageObject\",\"inLanguage\":\"es\",\"@id\":\"https:\\\/\\\/www.mundoacuicola.cl\\\/new\\\/denuncian-a-naviera-por-practicas-antisindicales\\\/#primaryimage\",\"url\":\"https:\\\/\\\/www.mundoacuicola.cl\\\/new\\\/wp-content\\\/uploads\\\/2025\\\/08\\\/NavieraHuelga.jpg\",\"contentUrl\":\"https:\\\/\\\/www.mundoacuicola.cl\\\/new\\\/wp-content\\\/uploads\\\/2025\\\/08\\\/NavieraHuelga.jpg\",\"width\":750,\"height\":400},{\"@type\":\"BreadcrumbList\",\"@id\":\"https:\\\/\\\/www.mundoacuicola.cl\\\/new\\\/denuncian-a-naviera-por-practicas-antisindicales\\\/#breadcrumb\",\"itemListElement\":[{\"@type\":\"ListItem\",\"position\":1,\"name\":\"Portada\",\"item\":\"https:\\\/\\\/www.mundoacuicola.cl\\\/new\\\/\"},{\"@type\":\"ListItem\",\"position\":2,\"name\":\"Denuncian a naviera por pr\u00e1cticas antisindicales\"}]},{\"@type\":\"WebSite\",\"@id\":\"https:\\\/\\\/www.mundoacuicola.cl\\\/new\\\/#website\",\"url\":\"https:\\\/\\\/www.mundoacuicola.cl\\\/new\\\/\",\"name\":\"Mundoacuicola\",\"description\":\"Revista de Acuicultura.\",\"publisher\":{\"@id\":\"https:\\\/\\\/www.mundoacuicola.cl\\\/new\\\/#organization\"},\"potentialAction\":[{\"@type\":\"SearchAction\",\"target\":{\"@type\":\"EntryPoint\",\"urlTemplate\":\"https:\\\/\\\/www.mundoacuicola.cl\\\/new\\\/?s={search_term_string}\"},\"query-input\":{\"@type\":\"PropertyValueSpecification\",\"valueRequired\":true,\"valueName\":\"search_term_string\"}}],\"inLanguage\":\"es\"},{\"@type\":\"Organization\",\"@id\":\"https:\\\/\\\/www.mundoacuicola.cl\\\/new\\\/#organization\",\"name\":\"Mundoacuicola\",\"url\":\"https:\\\/\\\/www.mundoacuicola.cl\\\/new\\\/\",\"logo\":{\"@type\":\"ImageObject\",\"inLanguage\":\"es\",\"@id\":\"https:\\\/\\\/www.mundoacuicola.cl\\\/new\\\/#\\\/schema\\\/logo\\\/image\\\/\",\"url\":\"https:\\\/\\\/www.mundoacuicola.cl\\\/new\\\/wp-content\\\/uploads\\\/2026\\\/01\\\/cropped-LOGO-Mundo-Acuicola-2026.png\",\"contentUrl\":\"https:\\\/\\\/www.mundoacuicola.cl\\\/new\\\/wp-content\\\/uploads\\\/2026\\\/01\\\/cropped-LOGO-Mundo-Acuicola-2026.png\",\"width\":1252,\"height\":296,\"caption\":\"Mundoacuicola\"},\"image\":{\"@id\":\"https:\\\/\\\/www.mundoacuicola.cl\\\/new\\\/#\\\/schema\\\/logo\\\/image\\\/\"},\"sameAs\":[\"https:\\\/\\\/www.facebook.com\\\/mundo.acuicola\\\/\",\"https:\\\/\\\/x.com\\\/mundoacuicola\",\"https:\\\/\\\/www.linkedin.com\\\/in\\\/mundo-acuicola\"]},{\"@type\":\"Person\",\"@id\":\"https:\\\/\\\/www.mundoacuicola.cl\\\/new\\\/#\\\/schema\\\/person\\\/c00ffe389abb88bd9254653add139315\",\"name\":\"mbarrueto\",\"url\":\"https:\\\/\\\/www.mundoacuicola.cl\\\/new\\\/author\\\/mbarrueto\\\/\"}]}<\/script>\n<!-- \/ Yoast SEO plugin. -->","yoast_head_json":{"title":"Denuncian a naviera por pr\u00e1cticas antisindicales - Mundoacuicola","description":"La Inspecci\u00f3n present\u00f3 una acci\u00f3n judicial luego de que se constat\u00f3 el reemplazo ilegal de trabajadores en huelga.","robots":{"index":"index","follow":"follow","max-snippet":"max-snippet:-1","max-image-preview":"max-image-preview:large","max-video-preview":"max-video-preview:-1"},"canonical":"https:\/\/www.mundoacuicola.cl\/new\/denuncian-a-naviera-por-practicas-antisindicales\/","og_locale":"es_ES","og_type":"article","og_title":"Denuncian a naviera por pr\u00e1cticas antisindicales - Mundoacuicola","og_description":"La Inspecci\u00f3n present\u00f3 una acci\u00f3n judicial luego de que se constat\u00f3 el reemplazo ilegal de trabajadores en huelga.","og_url":"https:\/\/www.mundoacuicola.cl\/new\/denuncian-a-naviera-por-practicas-antisindicales\/","og_site_name":"Mundoacuicola","article_publisher":"https:\/\/www.facebook.com\/mundo.acuicola\/","article_published_time":"2025-08-27T22:29:28+00:00","article_modified_time":"2025-08-29T13:23:25+00:00","og_image":[{"width":750,"height":400,"url":"https:\/\/www.mundoacuicola.cl\/new\/wp-content\/uploads\/2025\/08\/NavieraHuelga.jpg","type":"image\/jpeg"}],"author":"mbarrueto","twitter_card":"summary_large_image","twitter_creator":"@mundoacuicola","twitter_site":"@mundoacuicola","twitter_misc":{"Escrito por":"mbarrueto","Tiempo de lectura":"3 minutos"},"schema":{"@context":"https:\/\/schema.org","@graph":[{"@type":"Article","@id":"https:\/\/www.mundoacuicola.cl\/new\/denuncian-a-naviera-por-practicas-antisindicales\/#article","isPartOf":{"@id":"https:\/\/www.mundoacuicola.cl\/new\/denuncian-a-naviera-por-practicas-antisindicales\/"},"author":{"name":"mbarrueto","@id":"https:\/\/www.mundoacuicola.cl\/new\/#\/schema\/person\/c00ffe389abb88bd9254653add139315"},"headline":"Denuncian a naviera por pr\u00e1cticas antisindicales","datePublished":"2025-08-27T22:29:28+00:00","dateModified":"2025-08-29T13:23:25+00:00","mainEntityOfPage":{"@id":"https:\/\/www.mundoacuicola.cl\/new\/denuncian-a-naviera-por-practicas-antisindicales\/"},"wordCount":489,"publisher":{"@id":"https:\/\/www.mundoacuicola.cl\/new\/#organization"},"image":{"@id":"https:\/\/www.mundoacuicola.cl\/new\/denuncian-a-naviera-por-practicas-antisindicales\/#primaryimage"},"thumbnailUrl":"https:\/\/www.mundoacuicola.cl\/new\/wp-content\/uploads\/2025\/08\/NavieraHuelga.jpg","keywords":["Naviera Paredes","Naviera Quellonina","navieras"],"articleSection":["Mar\u00edtimo"],"inLanguage":"es"},{"@type":"WebPage","@id":"https:\/\/www.mundoacuicola.cl\/new\/denuncian-a-naviera-por-practicas-antisindicales\/","url":"https:\/\/www.mundoacuicola.cl\/new\/denuncian-a-naviera-por-practicas-antisindicales\/","name":"Denuncian a naviera por pr\u00e1cticas antisindicales - Mundoacuicola","isPartOf":{"@id":"https:\/\/www.mundoacuicola.cl\/new\/#website"},"primaryImageOfPage":{"@id":"https:\/\/www.mundoacuicola.cl\/new\/denuncian-a-naviera-por-practicas-antisindicales\/#primaryimage"},"image":{"@id":"https:\/\/www.mundoacuicola.cl\/new\/denuncian-a-naviera-por-practicas-antisindicales\/#primaryimage"},"thumbnailUrl":"https:\/\/www.mundoacuicola.cl\/new\/wp-content\/uploads\/2025\/08\/NavieraHuelga.jpg","datePublished":"2025-08-27T22:29:28+00:00","dateModified":"2025-08-29T13:23:25+00:00","description":"La Inspecci\u00f3n present\u00f3 una acci\u00f3n judicial luego de que se constat\u00f3 el reemplazo ilegal de trabajadores en huelga.","breadcrumb":{"@id":"https:\/\/www.mundoacuicola.cl\/new\/denuncian-a-naviera-por-practicas-antisindicales\/#breadcrumb"},"inLanguage":"es","potentialAction":[{"@type":"ReadAction","target":["https:\/\/www.mundoacuicola.cl\/new\/denuncian-a-naviera-por-practicas-antisindicales\/"]}]},{"@type":"ImageObject","inLanguage":"es","@id":"https:\/\/www.mundoacuicola.cl\/new\/denuncian-a-naviera-por-practicas-antisindicales\/#primaryimage","url":"https:\/\/www.mundoacuicola.cl\/new\/wp-content\/uploads\/2025\/08\/NavieraHuelga.jpg","contentUrl":"https:\/\/www.mundoacuicola.cl\/new\/wp-content\/uploads\/2025\/08\/NavieraHuelga.jpg","width":750,"height":400},{"@type":"BreadcrumbList","@id":"https:\/\/www.mundoacuicola.cl\/new\/denuncian-a-naviera-por-practicas-antisindicales\/#breadcrumb","itemListElement":[{"@type":"ListItem","position":1,"name":"Portada","item":"https:\/\/www.mundoacuicola.cl\/new\/"},{"@type":"ListItem","position":2,"name":"Denuncian a naviera por pr\u00e1cticas antisindicales"}]},{"@type":"WebSite","@id":"https:\/\/www.mundoacuicola.cl\/new\/#website","url":"https:\/\/www.mundoacuicola.cl\/new\/","name":"Mundoacuicola","description":"Revista de Acuicultura.","publisher":{"@id":"https:\/\/www.mundoacuicola.cl\/new\/#organization"},"potentialAction":[{"@type":"SearchAction","target":{"@type":"EntryPoint","urlTemplate":"https:\/\/www.mundoacuicola.cl\/new\/?s={search_term_string}"},"query-input":{"@type":"PropertyValueSpecification","valueRequired":true,"valueName":"search_term_string"}}],"inLanguage":"es"},{"@type":"Organization","@id":"https:\/\/www.mundoacuicola.cl\/new\/#organization","name":"Mundoacuicola","url":"https:\/\/www.mundoacuicola.cl\/new\/","logo":{"@type":"ImageObject","inLanguage":"es","@id":"https:\/\/www.mundoacuicola.cl\/new\/#\/schema\/logo\/image\/","url":"https:\/\/www.mundoacuicola.cl\/new\/wp-content\/uploads\/2026\/01\/cropped-LOGO-Mundo-Acuicola-2026.png","contentUrl":"https:\/\/www.mundoacuicola.cl\/new\/wp-content\/uploads\/2026\/01\/cropped-LOGO-Mundo-Acuicola-2026.png","width":1252,"height":296,"caption":"Mundoacuicola"},"image":{"@id":"https:\/\/www.mundoacuicola.cl\/new\/#\/schema\/logo\/image\/"},"sameAs":["https:\/\/www.facebook.com\/mundo.acuicola\/","https:\/\/x.com\/mundoacuicola","https:\/\/www.linkedin.com\/in\/mundo-acuicola"]},{"@type":"Person","@id":"https:\/\/www.mundoacuicola.cl\/new\/#\/schema\/person\/c00ffe389abb88bd9254653add139315","name":"mbarrueto","url":"https:\/\/www.mundoacuicola.cl\/new\/author\/mbarrueto\/"}]}},"_links":{"self":[{"href":"https:\/\/www.mundoacuicola.cl\/new\/wp-json\/wp\/v2\/posts\/79243","targetHints":{"allow":["GET"]}}],"collection":[{"href":"https:\/\/www.mundoacuicola.cl\/new\/wp-json\/wp\/v2\/posts"}],"about":[{"href":"https:\/\/www.mundoacuicola.cl\/new\/wp-json\/wp\/v2\/types\/post"}],"author":[{"embeddable":true,"href":"https:\/\/www.mundoacuicola.cl\/new\/wp-json\/wp\/v2\/users\/10"}],"replies":[{"embeddable":true,"href":"https:\/\/www.mundoacuicola.cl\/new\/wp-json\/wp\/v2\/comments?post=79243"}],"version-history":[{"count":0,"href":"https:\/\/www.mundoacuicola.cl\/new\/wp-json\/wp\/v2\/posts\/79243\/revisions"}],"wp:featuredmedia":[{"embeddable":true,"href":"https:\/\/www.mundoacuicola.cl\/new\/wp-json\/wp\/v2\/media\/79244"}],"wp:attachment":[{"href":"https:\/\/www.mundoacuicola.cl\/new\/wp-json\/wp\/v2\/media?parent=79243"}],"wp:term":[{"taxonomy":"category","embeddable":true,"href":"https:\/\/www.mundoacuicola.cl\/new\/wp-json\/wp\/v2\/categories?post=79243"},{"taxonomy":"post_tag","embeddable":true,"href":"https:\/\/www.mundoacuicola.cl\/new\/wp-json\/wp\/v2\/tags?post=79243"}],"curies":[{"name":"wp","href":"https:\/\/api.w.org\/{rel}","templated":true}]}}