{"id":80414,"date":"2025-09-10T17:34:08","date_gmt":"2025-09-10T21:34:08","guid":{"rendered":"https:\/\/www.mundoacuicola.cl\/new\/?p=80414"},"modified":"2025-09-12T14:50:27","modified_gmt":"2025-09-12T18:50:27","slug":"trabajadores-del-salmon-reclaman-incertidumbre-laboral-en-el-senado","status":"publish","type":"post","link":"https:\/\/www.mundoacuicola.cl\/new\/trabajadores-del-salmon-reclaman-incertidumbre-laboral-en-el-senado\/","title":{"rendered":"Trabajadores del salm\u00f3n reclaman incertidumbre laboral"},"content":{"rendered":"<p data-start=\"249\" data-end=\"504\">En la Comisi\u00f3n de Intereses Mar\u00edtimos, Pesca y Acuicultura del Senado, la Multisindical de Trabajadores Salmoneros, Pesquer\u00edas y Ramas Afines expuso la falta de certezas jur\u00eddicas que amenaza la estabilidad de miles de empleos vinculados a la industria.<\/p>\n<p data-start=\"506\" data-end=\"854\"><img fetchpriority=\"high\" decoding=\"async\" class=\"size-medium wp-image-80419 alignright\" src=\"https:\/\/www.mundoacuicola.cl\/new\/wp-content\/uploads\/2025\/09\/Plantilla-estandar-mundo-acuicola-2025-09-10T140808.066-420x225.jpg\" alt=\"\" width=\"420\" height=\"225\" srcset=\"https:\/\/www.mundoacuicola.cl\/new\/wp-content\/uploads\/2025\/09\/Plantilla-estandar-mundo-acuicola-2025-09-10T140808.066-420x225.jpg 420w, https:\/\/www.mundoacuicola.cl\/new\/wp-content\/uploads\/2025\/09\/Plantilla-estandar-mundo-acuicola-2025-09-10T140808.066-500x267.jpg 500w, https:\/\/www.mundoacuicola.cl\/new\/wp-content\/uploads\/2025\/09\/Plantilla-estandar-mundo-acuicola-2025-09-10T140808.066-167x89.jpg 167w, https:\/\/www.mundoacuicola.cl\/new\/wp-content\/uploads\/2025\/09\/Plantilla-estandar-mundo-acuicola-2025-09-10T140808.066.jpg 750w\" sizes=\"(max-width: 420px) 100vw, 420px\" \/>Alejandro Santib\u00e1\u00f1ez, presidente de la organizaci\u00f3n, advirti\u00f3 que la situaci\u00f3n se traduce en un clima laboral cada vez m\u00e1s complejo. \u201cExiste un estancamiento de la industria y de la cadena de valor. Hay inversiones retenidas, cierres temporales de plantas y retrasos en pagos a proveedores, lo que afecta directamente a los trabajadores\u201d, se\u00f1al\u00f3.<\/p>\n<p data-start=\"856\" data-end=\"1140\">Los dirigentes cuestionaron el impacto de la Ley Lafkenche, los planes de manejo de reservas nacionales como Kaw\u00e9sqar y Guaitecas, y los reglamentos derivados del SBAP. Seg\u00fan afirmaron, estas normativas generan incertidumbre, paralizan relocalizaciones y frenan nuevas inversiones.<\/p>\n<p data-start=\"1142\" data-end=\"1293\">\u201cCuando los capitales no ven rentabilidad, se mueven a otras \u00e1reas y somos los trabajadores quienes quedamos en los territorios\u201d, plante\u00f3 Santib\u00e1\u00f1ez.<\/p>\n<p data-start=\"1295\" data-end=\"1674\">Desde la multisindical insistieron en que la actividad salmonera debe contar con un marco jur\u00eddico estable que garantice su continuidad. En palabras de la dirigenta Miriam Ch\u00e1vez: \u201cMarchamos para que nuestras fuentes de empleo se mantuvieran, pero somos los primeros interesados en que el ecosistema se mantenga en \u00f3ptimas condiciones. Nuestra actividad se sustenta en el mar\u201d.<\/p>\n<h3 data-start=\"1295\" data-end=\"1674\">Proyectando un D\u00eda Nacional de la Acuicultura<\/h3>\n<p data-start=\"1676\" data-end=\"2041\"><img decoding=\"async\" class=\"size-medium wp-image-80416 alignleft\" src=\"https:\/\/www.mundoacuicola.cl\/new\/wp-content\/uploads\/2025\/09\/MarceloCampos-420x225.jpg\" alt=\"\" width=\"420\" height=\"225\" srcset=\"https:\/\/www.mundoacuicola.cl\/new\/wp-content\/uploads\/2025\/09\/MarceloCampos-420x225.jpg 420w, https:\/\/www.mundoacuicola.cl\/new\/wp-content\/uploads\/2025\/09\/MarceloCampos-500x267.jpg 500w, https:\/\/www.mundoacuicola.cl\/new\/wp-content\/uploads\/2025\/09\/MarceloCampos-167x89.jpg 167w, https:\/\/www.mundoacuicola.cl\/new\/wp-content\/uploads\/2025\/09\/MarceloCampos.jpg 750w\" sizes=\"(max-width: 420px) 100vw, 420px\" \/>En la misma sesi\u00f3n intervino Marcelo Campos, presidente del Grupo de Trabajo Acuicultura (GT ACU) del Comit\u00e9 Oceanogr\u00e1fico Nacional (CONA), quien present\u00f3 la idea de instaurar un D\u00eda Nacional de la Acuicultura cada 30 de noviembre. La propuesta busca dar mayor reconocimiento a una actividad que, seg\u00fan dijo, ha sido clave en el desarrollo regional y la seguridad alimentaria.<\/p>\n<p data-start=\"2043\" data-end=\"2357\">\u201cAcuicultura evidentemente no es salmonicultura, es mucho m\u00e1s amplio. Ha generado empleo, ha permitido el desarrollo de regiones australes y ha contribuido a la soberan\u00eda nacional. Por eso creemos que Chile merece que legalmente se reconozca un d\u00eda al a\u00f1o como el D\u00eda Nacional de la Acuicultura\u201d, expres\u00f3 Campos.<\/p>\n<p data-start=\"2359\" data-end=\"2779\">El especialista sostuvo que el reconocimiento oficial dar\u00eda visibilidad a una actividad que se desarrolla en mar, r\u00edos y lagos, y que ha permitido diversificar la producci\u00f3n de prote\u00ednas para un mundo en crecimiento. Enfatiz\u00f3 que, m\u00e1s all\u00e1 de las cr\u00edticas y regulaciones que enfrenta la industria, la acuicultura ha sido determinante en la transformaci\u00f3n econ\u00f3mica y social de zonas como Los Lagos, Ays\u00e9n y Magallanes.<\/p>\n","protected":false},"excerpt":{"rendered":"<p>En la Comisi\u00f3n de Pesca, la Multisindical de Trabajadores Salmoneros expuso la falta de certezas jur\u00eddicas que amenaza la estabilidad laboral del sector. Adem\u00e1s, Marcelo Campos propuso instaurar el D\u00eda Nacional de la Acuicultura.<\/p>\n","protected":false},"author":10,"featured_media":80415,"comment_status":"closed","ping_status":"closed","sticky":false,"template":"","format":"standard","meta":{"footnotes":""},"categories":[60],"tags":[10686,1743,23667,3196,26986,176,17193,10845,10683,26068,1744,197,2433],"class_list":["post-80414","post","type-post","status-publish","format-standard","has-post-thumbnail","hentry","category-salmonicultura","tag-alejandro-santibanez","tag-comision-de-intereses-maritimos","tag-comite-oceanografico-nacional","tag-cona","tag-gt-acu","tag-ley-lafkenche","tag-ley-sbap","tag-miriam-chavez","tag-multisindical","tag-multisindical-de-trabajadores-salmoneros","tag-pesca-y-acuicultura","tag-salmonicultura","tag-trabajadores-del-salmon"],"yoast_head":"<!-- This site is optimized with the Yoast SEO plugin v27.5 - https:\/\/yoast.com\/product\/yoast-seo-wordpress\/ -->\n<title>Trabajadores del salm\u00f3n reclaman incertidumbre laboral - Mundoacuicola<\/title>\n<meta name=\"description\" content=\"La Multisindical de Trabajadores Salmoneros denunci\u00f3 ante el Senado la incertidumbre laboral que afecta a miles de empleos en la industria.\" \/>\n<meta name=\"robots\" content=\"index, follow, max-snippet:-1, max-image-preview:large, max-video-preview:-1\" \/>\n<link rel=\"canonical\" href=\"https:\/\/www.mundoacuicola.cl\/new\/trabajadores-del-salmon-reclaman-incertidumbre-laboral-en-el-senado\/\" \/>\n<meta property=\"og:locale\" content=\"es_ES\" \/>\n<meta property=\"og:type\" content=\"article\" \/>\n<meta property=\"og:title\" content=\"Trabajadores del salm\u00f3n reclaman incertidumbre laboral - Mundoacuicola\" \/>\n<meta property=\"og:description\" content=\"La Multisindical de Trabajadores Salmoneros denunci\u00f3 ante el Senado la incertidumbre laboral que afecta a miles de empleos en la industria.\" \/>\n<meta property=\"og:url\" content=\"https:\/\/www.mundoacuicola.cl\/new\/trabajadores-del-salmon-reclaman-incertidumbre-laboral-en-el-senado\/\" \/>\n<meta property=\"og:site_name\" content=\"Mundoacuicola\" \/>\n<meta property=\"article:publisher\" content=\"https:\/\/www.facebook.com\/mundo.acuicola\/\" \/>\n<meta property=\"article:published_time\" content=\"2025-09-10T21:34:08+00:00\" \/>\n<meta property=\"article:modified_time\" content=\"2025-09-12T18:50:27+00:00\" \/>\n<meta property=\"og:image\" content=\"https:\/\/www.mundoacuicola.cl\/new\/wp-content\/uploads\/2025\/09\/TrabajadoresSalmonIncertidumbre.jpg\" \/>\n\t<meta property=\"og:image:width\" content=\"750\" \/>\n\t<meta property=\"og:image:height\" content=\"400\" \/>\n\t<meta property=\"og:image:type\" content=\"image\/jpeg\" \/>\n<meta name=\"author\" content=\"mbarrueto\" \/>\n<meta name=\"twitter:card\" content=\"summary_large_image\" \/>\n<meta name=\"twitter:creator\" content=\"@mundoacuicola\" \/>\n<meta name=\"twitter:site\" content=\"@mundoacuicola\" \/>\n<meta name=\"twitter:label1\" content=\"Escrito por\" \/>\n\t<meta name=\"twitter:data1\" content=\"mbarrueto\" \/>\n\t<meta name=\"twitter:label2\" content=\"Tiempo de lectura\" \/>\n\t<meta name=\"twitter:data2\" content=\"3 minutos\" \/>\n<script type=\"application\/ld+json\" class=\"yoast-schema-graph\">{\"@context\":\"https:\\\/\\\/schema.org\",\"@graph\":[{\"@type\":\"Article\",\"@id\":\"https:\\\/\\\/www.mundoacuicola.cl\\\/new\\\/trabajadores-del-salmon-reclaman-incertidumbre-laboral-en-el-senado\\\/#article\",\"isPartOf\":{\"@id\":\"https:\\\/\\\/www.mundoacuicola.cl\\\/new\\\/trabajadores-del-salmon-reclaman-incertidumbre-laboral-en-el-senado\\\/\"},\"author\":{\"name\":\"mbarrueto\",\"@id\":\"https:\\\/\\\/www.mundoacuicola.cl\\\/new\\\/#\\\/schema\\\/person\\\/c00ffe389abb88bd9254653add139315\"},\"headline\":\"Trabajadores del salm\u00f3n reclaman incertidumbre laboral\",\"datePublished\":\"2025-09-10T21:34:08+00:00\",\"dateModified\":\"2025-09-12T18:50:27+00:00\",\"mainEntityOfPage\":{\"@id\":\"https:\\\/\\\/www.mundoacuicola.cl\\\/new\\\/trabajadores-del-salmon-reclaman-incertidumbre-laboral-en-el-senado\\\/\"},\"wordCount\":428,\"publisher\":{\"@id\":\"https:\\\/\\\/www.mundoacuicola.cl\\\/new\\\/#organization\"},\"image\":{\"@id\":\"https:\\\/\\\/www.mundoacuicola.cl\\\/new\\\/trabajadores-del-salmon-reclaman-incertidumbre-laboral-en-el-senado\\\/#primaryimage\"},\"thumbnailUrl\":\"https:\\\/\\\/www.mundoacuicola.cl\\\/new\\\/wp-content\\\/uploads\\\/2025\\\/09\\\/TrabajadoresSalmonIncertidumbre.jpg\",\"keywords\":[\"Alejandro Santib\u00e1\u00f1ez\",\"Comisi\u00f3n de Intereses Mar\u00edtimos\",\"Comit\u00e9 Oceanogr\u00e1fico Nacional\",\"CONA\",\"GT ACU\",\"Ley Lafkenche\",\"Ley SBAP\",\"Miriam Ch\u00e1vez\",\"Multisindical\",\"Multisindical de Trabajadores Salmoneros\",\"Pesca y Acuicultura\",\"salmonicultura\",\"Trabajadores del salm\u00f3n\"],\"articleSection\":[\"Salmonicultura\"],\"inLanguage\":\"es\"},{\"@type\":\"WebPage\",\"@id\":\"https:\\\/\\\/www.mundoacuicola.cl\\\/new\\\/trabajadores-del-salmon-reclaman-incertidumbre-laboral-en-el-senado\\\/\",\"url\":\"https:\\\/\\\/www.mundoacuicola.cl\\\/new\\\/trabajadores-del-salmon-reclaman-incertidumbre-laboral-en-el-senado\\\/\",\"name\":\"Trabajadores del salm\u00f3n reclaman incertidumbre laboral - Mundoacuicola\",\"isPartOf\":{\"@id\":\"https:\\\/\\\/www.mundoacuicola.cl\\\/new\\\/#website\"},\"primaryImageOfPage\":{\"@id\":\"https:\\\/\\\/www.mundoacuicola.cl\\\/new\\\/trabajadores-del-salmon-reclaman-incertidumbre-laboral-en-el-senado\\\/#primaryimage\"},\"image\":{\"@id\":\"https:\\\/\\\/www.mundoacuicola.cl\\\/new\\\/trabajadores-del-salmon-reclaman-incertidumbre-laboral-en-el-senado\\\/#primaryimage\"},\"thumbnailUrl\":\"https:\\\/\\\/www.mundoacuicola.cl\\\/new\\\/wp-content\\\/uploads\\\/2025\\\/09\\\/TrabajadoresSalmonIncertidumbre.jpg\",\"datePublished\":\"2025-09-10T21:34:08+00:00\",\"dateModified\":\"2025-09-12T18:50:27+00:00\",\"description\":\"La Multisindical de Trabajadores Salmoneros denunci\u00f3 ante el Senado la incertidumbre laboral que afecta a miles de empleos en la industria.\",\"breadcrumb\":{\"@id\":\"https:\\\/\\\/www.mundoacuicola.cl\\\/new\\\/trabajadores-del-salmon-reclaman-incertidumbre-laboral-en-el-senado\\\/#breadcrumb\"},\"inLanguage\":\"es\",\"potentialAction\":[{\"@type\":\"ReadAction\",\"target\":[\"https:\\\/\\\/www.mundoacuicola.cl\\\/new\\\/trabajadores-del-salmon-reclaman-incertidumbre-laboral-en-el-senado\\\/\"]}]},{\"@type\":\"ImageObject\",\"inLanguage\":\"es\",\"@id\":\"https:\\\/\\\/www.mundoacuicola.cl\\\/new\\\/trabajadores-del-salmon-reclaman-incertidumbre-laboral-en-el-senado\\\/#primaryimage\",\"url\":\"https:\\\/\\\/www.mundoacuicola.cl\\\/new\\\/wp-content\\\/uploads\\\/2025\\\/09\\\/TrabajadoresSalmonIncertidumbre.jpg\",\"contentUrl\":\"https:\\\/\\\/www.mundoacuicola.cl\\\/new\\\/wp-content\\\/uploads\\\/2025\\\/09\\\/TrabajadoresSalmonIncertidumbre.jpg\",\"width\":750,\"height\":400},{\"@type\":\"BreadcrumbList\",\"@id\":\"https:\\\/\\\/www.mundoacuicola.cl\\\/new\\\/trabajadores-del-salmon-reclaman-incertidumbre-laboral-en-el-senado\\\/#breadcrumb\",\"itemListElement\":[{\"@type\":\"ListItem\",\"position\":1,\"name\":\"Portada\",\"item\":\"https:\\\/\\\/www.mundoacuicola.cl\\\/new\\\/\"},{\"@type\":\"ListItem\",\"position\":2,\"name\":\"Trabajadores del salm\u00f3n reclaman incertidumbre laboral\"}]},{\"@type\":\"WebSite\",\"@id\":\"https:\\\/\\\/www.mundoacuicola.cl\\\/new\\\/#website\",\"url\":\"https:\\\/\\\/www.mundoacuicola.cl\\\/new\\\/\",\"name\":\"Mundoacuicola\",\"description\":\"Revista de Acuicultura.\",\"publisher\":{\"@id\":\"https:\\\/\\\/www.mundoacuicola.cl\\\/new\\\/#organization\"},\"potentialAction\":[{\"@type\":\"SearchAction\",\"target\":{\"@type\":\"EntryPoint\",\"urlTemplate\":\"https:\\\/\\\/www.mundoacuicola.cl\\\/new\\\/?s={search_term_string}\"},\"query-input\":{\"@type\":\"PropertyValueSpecification\",\"valueRequired\":true,\"valueName\":\"search_term_string\"}}],\"inLanguage\":\"es\"},{\"@type\":\"Organization\",\"@id\":\"https:\\\/\\\/www.mundoacuicola.cl\\\/new\\\/#organization\",\"name\":\"Mundoacuicola\",\"url\":\"https:\\\/\\\/www.mundoacuicola.cl\\\/new\\\/\",\"logo\":{\"@type\":\"ImageObject\",\"inLanguage\":\"es\",\"@id\":\"https:\\\/\\\/www.mundoacuicola.cl\\\/new\\\/#\\\/schema\\\/logo\\\/image\\\/\",\"url\":\"https:\\\/\\\/www.mundoacuicola.cl\\\/new\\\/wp-content\\\/uploads\\\/2026\\\/01\\\/cropped-LOGO-Mundo-Acuicola-2026.png\",\"contentUrl\":\"https:\\\/\\\/www.mundoacuicola.cl\\\/new\\\/wp-content\\\/uploads\\\/2026\\\/01\\\/cropped-LOGO-Mundo-Acuicola-2026.png\",\"width\":1252,\"height\":296,\"caption\":\"Mundoacuicola\"},\"image\":{\"@id\":\"https:\\\/\\\/www.mundoacuicola.cl\\\/new\\\/#\\\/schema\\\/logo\\\/image\\\/\"},\"sameAs\":[\"https:\\\/\\\/www.facebook.com\\\/mundo.acuicola\\\/\",\"https:\\\/\\\/x.com\\\/mundoacuicola\",\"https:\\\/\\\/www.linkedin.com\\\/in\\\/mundo-acuicola\"]},{\"@type\":\"Person\",\"@id\":\"https:\\\/\\\/www.mundoacuicola.cl\\\/new\\\/#\\\/schema\\\/person\\\/c00ffe389abb88bd9254653add139315\",\"name\":\"mbarrueto\",\"url\":\"https:\\\/\\\/www.mundoacuicola.cl\\\/new\\\/author\\\/mbarrueto\\\/\"}]}<\/script>\n<!-- \/ Yoast SEO plugin. -->","yoast_head_json":{"title":"Trabajadores del salm\u00f3n reclaman incertidumbre laboral - Mundoacuicola","description":"La Multisindical de Trabajadores Salmoneros denunci\u00f3 ante el Senado la incertidumbre laboral que afecta a miles de empleos en la industria.","robots":{"index":"index","follow":"follow","max-snippet":"max-snippet:-1","max-image-preview":"max-image-preview:large","max-video-preview":"max-video-preview:-1"},"canonical":"https:\/\/www.mundoacuicola.cl\/new\/trabajadores-del-salmon-reclaman-incertidumbre-laboral-en-el-senado\/","og_locale":"es_ES","og_type":"article","og_title":"Trabajadores del salm\u00f3n reclaman incertidumbre laboral - Mundoacuicola","og_description":"La Multisindical de Trabajadores Salmoneros denunci\u00f3 ante el Senado la incertidumbre laboral que afecta a miles de empleos en la industria.","og_url":"https:\/\/www.mundoacuicola.cl\/new\/trabajadores-del-salmon-reclaman-incertidumbre-laboral-en-el-senado\/","og_site_name":"Mundoacuicola","article_publisher":"https:\/\/www.facebook.com\/mundo.acuicola\/","article_published_time":"2025-09-10T21:34:08+00:00","article_modified_time":"2025-09-12T18:50:27+00:00","og_image":[{"width":750,"height":400,"url":"https:\/\/www.mundoacuicola.cl\/new\/wp-content\/uploads\/2025\/09\/TrabajadoresSalmonIncertidumbre.jpg","type":"image\/jpeg"}],"author":"mbarrueto","twitter_card":"summary_large_image","twitter_creator":"@mundoacuicola","twitter_site":"@mundoacuicola","twitter_misc":{"Escrito por":"mbarrueto","Tiempo de lectura":"3 minutos"},"schema":{"@context":"https:\/\/schema.org","@graph":[{"@type":"Article","@id":"https:\/\/www.mundoacuicola.cl\/new\/trabajadores-del-salmon-reclaman-incertidumbre-laboral-en-el-senado\/#article","isPartOf":{"@id":"https:\/\/www.mundoacuicola.cl\/new\/trabajadores-del-salmon-reclaman-incertidumbre-laboral-en-el-senado\/"},"author":{"name":"mbarrueto","@id":"https:\/\/www.mundoacuicola.cl\/new\/#\/schema\/person\/c00ffe389abb88bd9254653add139315"},"headline":"Trabajadores del salm\u00f3n reclaman incertidumbre laboral","datePublished":"2025-09-10T21:34:08+00:00","dateModified":"2025-09-12T18:50:27+00:00","mainEntityOfPage":{"@id":"https:\/\/www.mundoacuicola.cl\/new\/trabajadores-del-salmon-reclaman-incertidumbre-laboral-en-el-senado\/"},"wordCount":428,"publisher":{"@id":"https:\/\/www.mundoacuicola.cl\/new\/#organization"},"image":{"@id":"https:\/\/www.mundoacuicola.cl\/new\/trabajadores-del-salmon-reclaman-incertidumbre-laboral-en-el-senado\/#primaryimage"},"thumbnailUrl":"https:\/\/www.mundoacuicola.cl\/new\/wp-content\/uploads\/2025\/09\/TrabajadoresSalmonIncertidumbre.jpg","keywords":["Alejandro Santib\u00e1\u00f1ez","Comisi\u00f3n de Intereses Mar\u00edtimos","Comit\u00e9 Oceanogr\u00e1fico Nacional","CONA","GT ACU","Ley Lafkenche","Ley SBAP","Miriam Ch\u00e1vez","Multisindical","Multisindical de Trabajadores Salmoneros","Pesca y Acuicultura","salmonicultura","Trabajadores del salm\u00f3n"],"articleSection":["Salmonicultura"],"inLanguage":"es"},{"@type":"WebPage","@id":"https:\/\/www.mundoacuicola.cl\/new\/trabajadores-del-salmon-reclaman-incertidumbre-laboral-en-el-senado\/","url":"https:\/\/www.mundoacuicola.cl\/new\/trabajadores-del-salmon-reclaman-incertidumbre-laboral-en-el-senado\/","name":"Trabajadores del salm\u00f3n reclaman incertidumbre laboral - Mundoacuicola","isPartOf":{"@id":"https:\/\/www.mundoacuicola.cl\/new\/#website"},"primaryImageOfPage":{"@id":"https:\/\/www.mundoacuicola.cl\/new\/trabajadores-del-salmon-reclaman-incertidumbre-laboral-en-el-senado\/#primaryimage"},"image":{"@id":"https:\/\/www.mundoacuicola.cl\/new\/trabajadores-del-salmon-reclaman-incertidumbre-laboral-en-el-senado\/#primaryimage"},"thumbnailUrl":"https:\/\/www.mundoacuicola.cl\/new\/wp-content\/uploads\/2025\/09\/TrabajadoresSalmonIncertidumbre.jpg","datePublished":"2025-09-10T21:34:08+00:00","dateModified":"2025-09-12T18:50:27+00:00","description":"La Multisindical de Trabajadores Salmoneros denunci\u00f3 ante el Senado la incertidumbre laboral que afecta a miles de empleos en la industria.","breadcrumb":{"@id":"https:\/\/www.mundoacuicola.cl\/new\/trabajadores-del-salmon-reclaman-incertidumbre-laboral-en-el-senado\/#breadcrumb"},"inLanguage":"es","potentialAction":[{"@type":"ReadAction","target":["https:\/\/www.mundoacuicola.cl\/new\/trabajadores-del-salmon-reclaman-incertidumbre-laboral-en-el-senado\/"]}]},{"@type":"ImageObject","inLanguage":"es","@id":"https:\/\/www.mundoacuicola.cl\/new\/trabajadores-del-salmon-reclaman-incertidumbre-laboral-en-el-senado\/#primaryimage","url":"https:\/\/www.mundoacuicola.cl\/new\/wp-content\/uploads\/2025\/09\/TrabajadoresSalmonIncertidumbre.jpg","contentUrl":"https:\/\/www.mundoacuicola.cl\/new\/wp-content\/uploads\/2025\/09\/TrabajadoresSalmonIncertidumbre.jpg","width":750,"height":400},{"@type":"BreadcrumbList","@id":"https:\/\/www.mundoacuicola.cl\/new\/trabajadores-del-salmon-reclaman-incertidumbre-laboral-en-el-senado\/#breadcrumb","itemListElement":[{"@type":"ListItem","position":1,"name":"Portada","item":"https:\/\/www.mundoacuicola.cl\/new\/"},{"@type":"ListItem","position":2,"name":"Trabajadores del salm\u00f3n reclaman incertidumbre laboral"}]},{"@type":"WebSite","@id":"https:\/\/www.mundoacuicola.cl\/new\/#website","url":"https:\/\/www.mundoacuicola.cl\/new\/","name":"Mundoacuicola","description":"Revista de Acuicultura.","publisher":{"@id":"https:\/\/www.mundoacuicola.cl\/new\/#organization"},"potentialAction":[{"@type":"SearchAction","target":{"@type":"EntryPoint","urlTemplate":"https:\/\/www.mundoacuicola.cl\/new\/?s={search_term_string}"},"query-input":{"@type":"PropertyValueSpecification","valueRequired":true,"valueName":"search_term_string"}}],"inLanguage":"es"},{"@type":"Organization","@id":"https:\/\/www.mundoacuicola.cl\/new\/#organization","name":"Mundoacuicola","url":"https:\/\/www.mundoacuicola.cl\/new\/","logo":{"@type":"ImageObject","inLanguage":"es","@id":"https:\/\/www.mundoacuicola.cl\/new\/#\/schema\/logo\/image\/","url":"https:\/\/www.mundoacuicola.cl\/new\/wp-content\/uploads\/2026\/01\/cropped-LOGO-Mundo-Acuicola-2026.png","contentUrl":"https:\/\/www.mundoacuicola.cl\/new\/wp-content\/uploads\/2026\/01\/cropped-LOGO-Mundo-Acuicola-2026.png","width":1252,"height":296,"caption":"Mundoacuicola"},"image":{"@id":"https:\/\/www.mundoacuicola.cl\/new\/#\/schema\/logo\/image\/"},"sameAs":["https:\/\/www.facebook.com\/mundo.acuicola\/","https:\/\/x.com\/mundoacuicola","https:\/\/www.linkedin.com\/in\/mundo-acuicola"]},{"@type":"Person","@id":"https:\/\/www.mundoacuicola.cl\/new\/#\/schema\/person\/c00ffe389abb88bd9254653add139315","name":"mbarrueto","url":"https:\/\/www.mundoacuicola.cl\/new\/author\/mbarrueto\/"}]}},"_links":{"self":[{"href":"https:\/\/www.mundoacuicola.cl\/new\/wp-json\/wp\/v2\/posts\/80414","targetHints":{"allow":["GET"]}}],"collection":[{"href":"https:\/\/www.mundoacuicola.cl\/new\/wp-json\/wp\/v2\/posts"}],"about":[{"href":"https:\/\/www.mundoacuicola.cl\/new\/wp-json\/wp\/v2\/types\/post"}],"author":[{"embeddable":true,"href":"https:\/\/www.mundoacuicola.cl\/new\/wp-json\/wp\/v2\/users\/10"}],"replies":[{"embeddable":true,"href":"https:\/\/www.mundoacuicola.cl\/new\/wp-json\/wp\/v2\/comments?post=80414"}],"version-history":[{"count":0,"href":"https:\/\/www.mundoacuicola.cl\/new\/wp-json\/wp\/v2\/posts\/80414\/revisions"}],"wp:featuredmedia":[{"embeddable":true,"href":"https:\/\/www.mundoacuicola.cl\/new\/wp-json\/wp\/v2\/media\/80415"}],"wp:attachment":[{"href":"https:\/\/www.mundoacuicola.cl\/new\/wp-json\/wp\/v2\/media?parent=80414"}],"wp:term":[{"taxonomy":"category","embeddable":true,"href":"https:\/\/www.mundoacuicola.cl\/new\/wp-json\/wp\/v2\/categories?post=80414"},{"taxonomy":"post_tag","embeddable":true,"href":"https:\/\/www.mundoacuicola.cl\/new\/wp-json\/wp\/v2\/tags?post=80414"}],"curies":[{"name":"wp","href":"https:\/\/api.w.org\/{rel}","templated":true}]}}