{"id":80496,"date":"2025-09-12T10:31:36","date_gmt":"2025-09-12T14:31:36","guid":{"rendered":"https:\/\/www.mundoacuicola.cl\/new\/?p=80496"},"modified":"2025-09-15T08:43:17","modified_gmt":"2025-09-15T12:43:17","slug":"produccion-pesquera-y-acuicola-de-los-lagos-retrocede-186-en-julio","status":"publish","type":"post","link":"https:\/\/www.mundoacuicola.cl\/new\/produccion-pesquera-y-acuicola-de-los-lagos-retrocede-186-en-julio\/","title":{"rendered":"Producci\u00f3n pesquera y acu\u00edcola de Los Lagos retrocede 18,6 % en julio"},"content":{"rendered":"<p data-start=\"347\" data-end=\"730\">La Regi\u00f3n de Los Lagos registr\u00f3 en julio de 2025 una disminuci\u00f3n interanual de 18,6 % en la producci\u00f3n de plantas pesqueras y acu\u00edcolas, seg\u00fan el bolet\u00edn del Instituto Nacional de Estad\u00edsticas (INE), elaborado a partir de informaci\u00f3n de Sernapesca. El total procesado alcanz\u00f3 91.901 toneladas, lo que equivale a 20.974 toneladas menos en comparaci\u00f3n con igual mes del a\u00f1o anterior.<\/p>\n<p data-start=\"732\" data-end=\"1106\">El reporte detalla que la baja se reflej\u00f3 en casi todas las l\u00edneas de elaboraci\u00f3n. El producto congelado retrocedi\u00f3 28,1 %, mientras que el enfriado-refrigerado cay\u00f3 16,9 %. La harina de pescado tambi\u00e9n present\u00f3 un descenso de 27,8 %. En contraste, se observaron alzas en aceite, con un 22,1 % de crecimiento, y en productos ahumados, que aumentaron 116,2 % en el per\u00edodo.<\/p>\n<p data-start=\"1108\" data-end=\"1482\">En cuanto a especies, el salm\u00f3n del Atl\u00e1ntico se mantuvo como el principal recurso de la regi\u00f3n, con una participaci\u00f3n de 71,5 % del total procesado, aunque anot\u00f3 una leve baja de 1,6 %. El informe se\u00f1ala descensos m\u00e1s pronunciados en el chorito (-62,1 %) y el salm\u00f3n plateado o coho (-57,6 %). Una excepci\u00f3n la marc\u00f3 el erizo, cuya producci\u00f3n creci\u00f3 80,8 % en doce meses.<\/p>\n<p data-start=\"1484\" data-end=\"1834\">Por comunas, Puerto Montt encabez\u00f3 la producci\u00f3n regional con 28.045 toneladas, equivalente al 30,5 % del total. No obstante, esta cifra signific\u00f3 una ca\u00edda de 22,2 % en relaci\u00f3n con julio de 2024. En contraste, Calbuco aument\u00f3 39,0 % y Castro 23,3 %, mientras que Quell\u00f3n y Ancud registraron fuertes retrocesos de 45,4 % y 86,6 %, respectivamente.<\/p>\n","protected":false},"excerpt":{"rendered":"<p>INE report\u00f3 que la producci\u00f3n pesquera y acu\u00edcola de Los Lagos cay\u00f3 18,6 % en julio, con bajas en chorito, salm\u00f3n coho y productos congelados.<\/p>\n","protected":false},"author":10,"featured_media":80498,"comment_status":"closed","ping_status":"closed","sticky":false,"template":"","format":"standard","meta":{"footnotes":""},"categories":[62],"tags":[1261,143,1721,1522,22392,206,1477,256],"class_list":["post-80496","post","type-post","status-publish","format-standard","has-post-thumbnail","hentry","category-pesca","tag-acuicola","tag-acuicultura","tag-chorito","tag-ine-los-lagos","tag-instituto-nacional-de-estadisticas","tag-pesca","tag-salmon-coho","tag-salmon-del-atlantico"],"yoast_head":"<!-- This site is optimized with the Yoast SEO plugin v27.5 - https:\/\/yoast.com\/product\/yoast-seo-wordpress\/ -->\n<title>Producci\u00f3n pesquera y acu\u00edcola de Los Lagos retrocede 18,6 % en julio - Mundoacuicola<\/title>\n<meta name=\"description\" content=\"INE report\u00f3 que la producci\u00f3n pesquera y acu\u00edcola de Los Lagos cay\u00f3 18,6 % en julio, con bajas en chorito, coho y productos congelados.\" \/>\n<meta name=\"robots\" content=\"index, follow, max-snippet:-1, max-image-preview:large, max-video-preview:-1\" \/>\n<link rel=\"canonical\" href=\"https:\/\/www.mundoacuicola.cl\/new\/produccion-pesquera-y-acuicola-de-los-lagos-retrocede-186-en-julio\/\" \/>\n<meta property=\"og:locale\" content=\"es_ES\" \/>\n<meta property=\"og:type\" content=\"article\" \/>\n<meta property=\"og:title\" content=\"Producci\u00f3n pesquera y acu\u00edcola de Los Lagos retrocede 18,6 % en julio - Mundoacuicola\" \/>\n<meta property=\"og:description\" content=\"INE report\u00f3 que la producci\u00f3n pesquera y acu\u00edcola de Los Lagos cay\u00f3 18,6 % en julio, con bajas en chorito, coho y productos congelados.\" \/>\n<meta property=\"og:url\" content=\"https:\/\/www.mundoacuicola.cl\/new\/produccion-pesquera-y-acuicola-de-los-lagos-retrocede-186-en-julio\/\" \/>\n<meta property=\"og:site_name\" content=\"Mundoacuicola\" \/>\n<meta property=\"article:publisher\" content=\"https:\/\/www.facebook.com\/mundo.acuicola\/\" \/>\n<meta property=\"article:published_time\" content=\"2025-09-12T14:31:36+00:00\" \/>\n<meta property=\"article:modified_time\" content=\"2025-09-15T12:43:17+00:00\" \/>\n<meta property=\"og:image\" content=\"https:\/\/www.mundoacuicola.cl\/new\/wp-content\/uploads\/2025\/09\/Produccionpesquerayacuicola.jpg\" \/>\n\t<meta property=\"og:image:width\" content=\"750\" \/>\n\t<meta property=\"og:image:height\" content=\"400\" \/>\n\t<meta property=\"og:image:type\" content=\"image\/jpeg\" \/>\n<meta name=\"author\" content=\"mbarrueto\" \/>\n<meta name=\"twitter:card\" content=\"summary_large_image\" \/>\n<meta name=\"twitter:creator\" content=\"@mundoacuicola\" \/>\n<meta name=\"twitter:site\" content=\"@mundoacuicola\" \/>\n<meta name=\"twitter:label1\" content=\"Escrito por\" \/>\n\t<meta name=\"twitter:data1\" content=\"mbarrueto\" \/>\n\t<meta name=\"twitter:label2\" content=\"Tiempo de lectura\" \/>\n\t<meta name=\"twitter:data2\" content=\"2 minutos\" \/>\n<script type=\"application\/ld+json\" class=\"yoast-schema-graph\">{\"@context\":\"https:\\\/\\\/schema.org\",\"@graph\":[{\"@type\":\"Article\",\"@id\":\"https:\\\/\\\/www.mundoacuicola.cl\\\/new\\\/produccion-pesquera-y-acuicola-de-los-lagos-retrocede-186-en-julio\\\/#article\",\"isPartOf\":{\"@id\":\"https:\\\/\\\/www.mundoacuicola.cl\\\/new\\\/produccion-pesquera-y-acuicola-de-los-lagos-retrocede-186-en-julio\\\/\"},\"author\":{\"name\":\"mbarrueto\",\"@id\":\"https:\\\/\\\/www.mundoacuicola.cl\\\/new\\\/#\\\/schema\\\/person\\\/c00ffe389abb88bd9254653add139315\"},\"headline\":\"Producci\u00f3n pesquera y acu\u00edcola de Los Lagos retrocede 18,6 % en julio\",\"datePublished\":\"2025-09-12T14:31:36+00:00\",\"dateModified\":\"2025-09-15T12:43:17+00:00\",\"mainEntityOfPage\":{\"@id\":\"https:\\\/\\\/www.mundoacuicola.cl\\\/new\\\/produccion-pesquera-y-acuicola-de-los-lagos-retrocede-186-en-julio\\\/\"},\"wordCount\":251,\"publisher\":{\"@id\":\"https:\\\/\\\/www.mundoacuicola.cl\\\/new\\\/#organization\"},\"image\":{\"@id\":\"https:\\\/\\\/www.mundoacuicola.cl\\\/new\\\/produccion-pesquera-y-acuicola-de-los-lagos-retrocede-186-en-julio\\\/#primaryimage\"},\"thumbnailUrl\":\"https:\\\/\\\/www.mundoacuicola.cl\\\/new\\\/wp-content\\\/uploads\\\/2025\\\/09\\\/Produccionpesquerayacuicola.jpg\",\"keywords\":[\"Acu\u00edcola\",\"Acuicultura\",\"Chorito\",\"INE Los Lagos\",\"Instituto Nacional de Estad\u00edsticas\",\"Pesca\",\"Salm\u00f3n Coho\",\"salm\u00f3n del Atl\u00e1ntico\"],\"articleSection\":[\"Pesca\"],\"inLanguage\":\"es\"},{\"@type\":\"WebPage\",\"@id\":\"https:\\\/\\\/www.mundoacuicola.cl\\\/new\\\/produccion-pesquera-y-acuicola-de-los-lagos-retrocede-186-en-julio\\\/\",\"url\":\"https:\\\/\\\/www.mundoacuicola.cl\\\/new\\\/produccion-pesquera-y-acuicola-de-los-lagos-retrocede-186-en-julio\\\/\",\"name\":\"Producci\u00f3n pesquera y acu\u00edcola de Los Lagos retrocede 18,6 % en julio - Mundoacuicola\",\"isPartOf\":{\"@id\":\"https:\\\/\\\/www.mundoacuicola.cl\\\/new\\\/#website\"},\"primaryImageOfPage\":{\"@id\":\"https:\\\/\\\/www.mundoacuicola.cl\\\/new\\\/produccion-pesquera-y-acuicola-de-los-lagos-retrocede-186-en-julio\\\/#primaryimage\"},\"image\":{\"@id\":\"https:\\\/\\\/www.mundoacuicola.cl\\\/new\\\/produccion-pesquera-y-acuicola-de-los-lagos-retrocede-186-en-julio\\\/#primaryimage\"},\"thumbnailUrl\":\"https:\\\/\\\/www.mundoacuicola.cl\\\/new\\\/wp-content\\\/uploads\\\/2025\\\/09\\\/Produccionpesquerayacuicola.jpg\",\"datePublished\":\"2025-09-12T14:31:36+00:00\",\"dateModified\":\"2025-09-15T12:43:17+00:00\",\"description\":\"INE report\u00f3 que la producci\u00f3n pesquera y acu\u00edcola de Los Lagos cay\u00f3 18,6 % en julio, con bajas en chorito, coho y productos congelados.\",\"breadcrumb\":{\"@id\":\"https:\\\/\\\/www.mundoacuicola.cl\\\/new\\\/produccion-pesquera-y-acuicola-de-los-lagos-retrocede-186-en-julio\\\/#breadcrumb\"},\"inLanguage\":\"es\",\"potentialAction\":[{\"@type\":\"ReadAction\",\"target\":[\"https:\\\/\\\/www.mundoacuicola.cl\\\/new\\\/produccion-pesquera-y-acuicola-de-los-lagos-retrocede-186-en-julio\\\/\"]}]},{\"@type\":\"ImageObject\",\"inLanguage\":\"es\",\"@id\":\"https:\\\/\\\/www.mundoacuicola.cl\\\/new\\\/produccion-pesquera-y-acuicola-de-los-lagos-retrocede-186-en-julio\\\/#primaryimage\",\"url\":\"https:\\\/\\\/www.mundoacuicola.cl\\\/new\\\/wp-content\\\/uploads\\\/2025\\\/09\\\/Produccionpesquerayacuicola.jpg\",\"contentUrl\":\"https:\\\/\\\/www.mundoacuicola.cl\\\/new\\\/wp-content\\\/uploads\\\/2025\\\/09\\\/Produccionpesquerayacuicola.jpg\",\"width\":750,\"height\":400},{\"@type\":\"BreadcrumbList\",\"@id\":\"https:\\\/\\\/www.mundoacuicola.cl\\\/new\\\/produccion-pesquera-y-acuicola-de-los-lagos-retrocede-186-en-julio\\\/#breadcrumb\",\"itemListElement\":[{\"@type\":\"ListItem\",\"position\":1,\"name\":\"Portada\",\"item\":\"https:\\\/\\\/www.mundoacuicola.cl\\\/new\\\/\"},{\"@type\":\"ListItem\",\"position\":2,\"name\":\"Producci\u00f3n pesquera y acu\u00edcola de Los Lagos retrocede 18,6 % en julio\"}]},{\"@type\":\"WebSite\",\"@id\":\"https:\\\/\\\/www.mundoacuicola.cl\\\/new\\\/#website\",\"url\":\"https:\\\/\\\/www.mundoacuicola.cl\\\/new\\\/\",\"name\":\"Mundoacuicola\",\"description\":\"Revista de Acuicultura.\",\"publisher\":{\"@id\":\"https:\\\/\\\/www.mundoacuicola.cl\\\/new\\\/#organization\"},\"potentialAction\":[{\"@type\":\"SearchAction\",\"target\":{\"@type\":\"EntryPoint\",\"urlTemplate\":\"https:\\\/\\\/www.mundoacuicola.cl\\\/new\\\/?s={search_term_string}\"},\"query-input\":{\"@type\":\"PropertyValueSpecification\",\"valueRequired\":true,\"valueName\":\"search_term_string\"}}],\"inLanguage\":\"es\"},{\"@type\":\"Organization\",\"@id\":\"https:\\\/\\\/www.mundoacuicola.cl\\\/new\\\/#organization\",\"name\":\"Mundoacuicola\",\"url\":\"https:\\\/\\\/www.mundoacuicola.cl\\\/new\\\/\",\"logo\":{\"@type\":\"ImageObject\",\"inLanguage\":\"es\",\"@id\":\"https:\\\/\\\/www.mundoacuicola.cl\\\/new\\\/#\\\/schema\\\/logo\\\/image\\\/\",\"url\":\"https:\\\/\\\/www.mundoacuicola.cl\\\/new\\\/wp-content\\\/uploads\\\/2026\\\/01\\\/cropped-LOGO-Mundo-Acuicola-2026.png\",\"contentUrl\":\"https:\\\/\\\/www.mundoacuicola.cl\\\/new\\\/wp-content\\\/uploads\\\/2026\\\/01\\\/cropped-LOGO-Mundo-Acuicola-2026.png\",\"width\":1252,\"height\":296,\"caption\":\"Mundoacuicola\"},\"image\":{\"@id\":\"https:\\\/\\\/www.mundoacuicola.cl\\\/new\\\/#\\\/schema\\\/logo\\\/image\\\/\"},\"sameAs\":[\"https:\\\/\\\/www.facebook.com\\\/mundo.acuicola\\\/\",\"https:\\\/\\\/x.com\\\/mundoacuicola\",\"https:\\\/\\\/www.linkedin.com\\\/in\\\/mundo-acuicola\"]},{\"@type\":\"Person\",\"@id\":\"https:\\\/\\\/www.mundoacuicola.cl\\\/new\\\/#\\\/schema\\\/person\\\/c00ffe389abb88bd9254653add139315\",\"name\":\"mbarrueto\",\"url\":\"https:\\\/\\\/www.mundoacuicola.cl\\\/new\\\/author\\\/mbarrueto\\\/\"}]}<\/script>\n<!-- \/ Yoast SEO plugin. -->","yoast_head_json":{"title":"Producci\u00f3n pesquera y acu\u00edcola de Los Lagos retrocede 18,6 % en julio - Mundoacuicola","description":"INE report\u00f3 que la producci\u00f3n pesquera y acu\u00edcola de Los Lagos cay\u00f3 18,6 % en julio, con bajas en chorito, coho y productos congelados.","robots":{"index":"index","follow":"follow","max-snippet":"max-snippet:-1","max-image-preview":"max-image-preview:large","max-video-preview":"max-video-preview:-1"},"canonical":"https:\/\/www.mundoacuicola.cl\/new\/produccion-pesquera-y-acuicola-de-los-lagos-retrocede-186-en-julio\/","og_locale":"es_ES","og_type":"article","og_title":"Producci\u00f3n pesquera y acu\u00edcola de Los Lagos retrocede 18,6 % en julio - Mundoacuicola","og_description":"INE report\u00f3 que la producci\u00f3n pesquera y acu\u00edcola de Los Lagos cay\u00f3 18,6 % en julio, con bajas en chorito, coho y productos congelados.","og_url":"https:\/\/www.mundoacuicola.cl\/new\/produccion-pesquera-y-acuicola-de-los-lagos-retrocede-186-en-julio\/","og_site_name":"Mundoacuicola","article_publisher":"https:\/\/www.facebook.com\/mundo.acuicola\/","article_published_time":"2025-09-12T14:31:36+00:00","article_modified_time":"2025-09-15T12:43:17+00:00","og_image":[{"width":750,"height":400,"url":"https:\/\/www.mundoacuicola.cl\/new\/wp-content\/uploads\/2025\/09\/Produccionpesquerayacuicola.jpg","type":"image\/jpeg"}],"author":"mbarrueto","twitter_card":"summary_large_image","twitter_creator":"@mundoacuicola","twitter_site":"@mundoacuicola","twitter_misc":{"Escrito por":"mbarrueto","Tiempo de lectura":"2 minutos"},"schema":{"@context":"https:\/\/schema.org","@graph":[{"@type":"Article","@id":"https:\/\/www.mundoacuicola.cl\/new\/produccion-pesquera-y-acuicola-de-los-lagos-retrocede-186-en-julio\/#article","isPartOf":{"@id":"https:\/\/www.mundoacuicola.cl\/new\/produccion-pesquera-y-acuicola-de-los-lagos-retrocede-186-en-julio\/"},"author":{"name":"mbarrueto","@id":"https:\/\/www.mundoacuicola.cl\/new\/#\/schema\/person\/c00ffe389abb88bd9254653add139315"},"headline":"Producci\u00f3n pesquera y acu\u00edcola de Los Lagos retrocede 18,6 % en julio","datePublished":"2025-09-12T14:31:36+00:00","dateModified":"2025-09-15T12:43:17+00:00","mainEntityOfPage":{"@id":"https:\/\/www.mundoacuicola.cl\/new\/produccion-pesquera-y-acuicola-de-los-lagos-retrocede-186-en-julio\/"},"wordCount":251,"publisher":{"@id":"https:\/\/www.mundoacuicola.cl\/new\/#organization"},"image":{"@id":"https:\/\/www.mundoacuicola.cl\/new\/produccion-pesquera-y-acuicola-de-los-lagos-retrocede-186-en-julio\/#primaryimage"},"thumbnailUrl":"https:\/\/www.mundoacuicola.cl\/new\/wp-content\/uploads\/2025\/09\/Produccionpesquerayacuicola.jpg","keywords":["Acu\u00edcola","Acuicultura","Chorito","INE Los Lagos","Instituto Nacional de Estad\u00edsticas","Pesca","Salm\u00f3n Coho","salm\u00f3n del Atl\u00e1ntico"],"articleSection":["Pesca"],"inLanguage":"es"},{"@type":"WebPage","@id":"https:\/\/www.mundoacuicola.cl\/new\/produccion-pesquera-y-acuicola-de-los-lagos-retrocede-186-en-julio\/","url":"https:\/\/www.mundoacuicola.cl\/new\/produccion-pesquera-y-acuicola-de-los-lagos-retrocede-186-en-julio\/","name":"Producci\u00f3n pesquera y acu\u00edcola de Los Lagos retrocede 18,6 % en julio - Mundoacuicola","isPartOf":{"@id":"https:\/\/www.mundoacuicola.cl\/new\/#website"},"primaryImageOfPage":{"@id":"https:\/\/www.mundoacuicola.cl\/new\/produccion-pesquera-y-acuicola-de-los-lagos-retrocede-186-en-julio\/#primaryimage"},"image":{"@id":"https:\/\/www.mundoacuicola.cl\/new\/produccion-pesquera-y-acuicola-de-los-lagos-retrocede-186-en-julio\/#primaryimage"},"thumbnailUrl":"https:\/\/www.mundoacuicola.cl\/new\/wp-content\/uploads\/2025\/09\/Produccionpesquerayacuicola.jpg","datePublished":"2025-09-12T14:31:36+00:00","dateModified":"2025-09-15T12:43:17+00:00","description":"INE report\u00f3 que la producci\u00f3n pesquera y acu\u00edcola de Los Lagos cay\u00f3 18,6 % en julio, con bajas en chorito, coho y productos congelados.","breadcrumb":{"@id":"https:\/\/www.mundoacuicola.cl\/new\/produccion-pesquera-y-acuicola-de-los-lagos-retrocede-186-en-julio\/#breadcrumb"},"inLanguage":"es","potentialAction":[{"@type":"ReadAction","target":["https:\/\/www.mundoacuicola.cl\/new\/produccion-pesquera-y-acuicola-de-los-lagos-retrocede-186-en-julio\/"]}]},{"@type":"ImageObject","inLanguage":"es","@id":"https:\/\/www.mundoacuicola.cl\/new\/produccion-pesquera-y-acuicola-de-los-lagos-retrocede-186-en-julio\/#primaryimage","url":"https:\/\/www.mundoacuicola.cl\/new\/wp-content\/uploads\/2025\/09\/Produccionpesquerayacuicola.jpg","contentUrl":"https:\/\/www.mundoacuicola.cl\/new\/wp-content\/uploads\/2025\/09\/Produccionpesquerayacuicola.jpg","width":750,"height":400},{"@type":"BreadcrumbList","@id":"https:\/\/www.mundoacuicola.cl\/new\/produccion-pesquera-y-acuicola-de-los-lagos-retrocede-186-en-julio\/#breadcrumb","itemListElement":[{"@type":"ListItem","position":1,"name":"Portada","item":"https:\/\/www.mundoacuicola.cl\/new\/"},{"@type":"ListItem","position":2,"name":"Producci\u00f3n pesquera y acu\u00edcola de Los Lagos retrocede 18,6 % en julio"}]},{"@type":"WebSite","@id":"https:\/\/www.mundoacuicola.cl\/new\/#website","url":"https:\/\/www.mundoacuicola.cl\/new\/","name":"Mundoacuicola","description":"Revista de Acuicultura.","publisher":{"@id":"https:\/\/www.mundoacuicola.cl\/new\/#organization"},"potentialAction":[{"@type":"SearchAction","target":{"@type":"EntryPoint","urlTemplate":"https:\/\/www.mundoacuicola.cl\/new\/?s={search_term_string}"},"query-input":{"@type":"PropertyValueSpecification","valueRequired":true,"valueName":"search_term_string"}}],"inLanguage":"es"},{"@type":"Organization","@id":"https:\/\/www.mundoacuicola.cl\/new\/#organization","name":"Mundoacuicola","url":"https:\/\/www.mundoacuicola.cl\/new\/","logo":{"@type":"ImageObject","inLanguage":"es","@id":"https:\/\/www.mundoacuicola.cl\/new\/#\/schema\/logo\/image\/","url":"https:\/\/www.mundoacuicola.cl\/new\/wp-content\/uploads\/2026\/01\/cropped-LOGO-Mundo-Acuicola-2026.png","contentUrl":"https:\/\/www.mundoacuicola.cl\/new\/wp-content\/uploads\/2026\/01\/cropped-LOGO-Mundo-Acuicola-2026.png","width":1252,"height":296,"caption":"Mundoacuicola"},"image":{"@id":"https:\/\/www.mundoacuicola.cl\/new\/#\/schema\/logo\/image\/"},"sameAs":["https:\/\/www.facebook.com\/mundo.acuicola\/","https:\/\/x.com\/mundoacuicola","https:\/\/www.linkedin.com\/in\/mundo-acuicola"]},{"@type":"Person","@id":"https:\/\/www.mundoacuicola.cl\/new\/#\/schema\/person\/c00ffe389abb88bd9254653add139315","name":"mbarrueto","url":"https:\/\/www.mundoacuicola.cl\/new\/author\/mbarrueto\/"}]}},"_links":{"self":[{"href":"https:\/\/www.mundoacuicola.cl\/new\/wp-json\/wp\/v2\/posts\/80496","targetHints":{"allow":["GET"]}}],"collection":[{"href":"https:\/\/www.mundoacuicola.cl\/new\/wp-json\/wp\/v2\/posts"}],"about":[{"href":"https:\/\/www.mundoacuicola.cl\/new\/wp-json\/wp\/v2\/types\/post"}],"author":[{"embeddable":true,"href":"https:\/\/www.mundoacuicola.cl\/new\/wp-json\/wp\/v2\/users\/10"}],"replies":[{"embeddable":true,"href":"https:\/\/www.mundoacuicola.cl\/new\/wp-json\/wp\/v2\/comments?post=80496"}],"version-history":[{"count":0,"href":"https:\/\/www.mundoacuicola.cl\/new\/wp-json\/wp\/v2\/posts\/80496\/revisions"}],"wp:featuredmedia":[{"embeddable":true,"href":"https:\/\/www.mundoacuicola.cl\/new\/wp-json\/wp\/v2\/media\/80498"}],"wp:attachment":[{"href":"https:\/\/www.mundoacuicola.cl\/new\/wp-json\/wp\/v2\/media?parent=80496"}],"wp:term":[{"taxonomy":"category","embeddable":true,"href":"https:\/\/www.mundoacuicola.cl\/new\/wp-json\/wp\/v2\/categories?post=80496"},{"taxonomy":"post_tag","embeddable":true,"href":"https:\/\/www.mundoacuicola.cl\/new\/wp-json\/wp\/v2\/tags?post=80496"}],"curies":[{"name":"wp","href":"https:\/\/api.w.org\/{rel}","templated":true}]}}