{"id":80500,"date":"2025-09-12T10:49:11","date_gmt":"2025-09-12T14:49:11","guid":{"rendered":"https:\/\/www.mundoacuicola.cl\/new\/?p=80500"},"modified":"2025-09-15T15:51:54","modified_gmt":"2025-09-15T19:51:54","slug":"incar-convoca-a-seminario-latinoamericano-2025-sobre-vacunas-acuicolas","status":"publish","type":"post","link":"https:\/\/www.mundoacuicola.cl\/new\/incar-convoca-a-seminario-latinoamericano-2025-sobre-vacunas-acuicolas\/","title":{"rendered":"INCAR convoca a Seminario Latinoamericano 2025 sobre vacunas acu\u00edcolas"},"content":{"rendered":"<p><span style=\"font-weight: 400;\">El Centro Interdisciplinario para la Investigaci\u00f3n Acu\u00edcola (INCAR) confirm\u00f3 la segunda edici\u00f3n del Seminario Latinoamericano en Enfermedades en Acuicultura, que en esta oportunidad abordar\u00e1 el t\u00f3pico \u201cDesarrollo de Vacunas para Prevenir Enfermedades Bacterianas y Parasitarias en Acuicultura: Lecciones y Experiencias\u201d. El evento se celebrar\u00e1 en octubre de 2025.\u00a0<\/span><\/p>\n<p><span style=\"font-weight: 400;\">Tras su exitoso debut en 2023, el encuentro regresa con un enfoque especializado en el desarrollo y aplicaci\u00f3n de vacunas para combatir enfermedades bacterianas y virales que afectan a especies acu\u00edcolas cultivadas.<\/span><\/p>\n<p><span style=\"font-weight: 400;\">La iniciativa, liderada por el Investigador Principal de la l\u00ednea \u00abSalud animal en estadios de vida de agua dulce de salm\u00f3nidos\u00bb del centro y Acad\u00e9mico de la Universidad Andr\u00e9s Bello (UNAB), Dr. Ruben Avenda\u00f1o-Herrera congregar\u00e1 a 8 especialistas de 6 pa\u00edses en dos jornadas virtuales que se llevar\u00e1n a cabo el 20 y 22 de octubre pr\u00f3ximo.<\/span><\/p>\n<h3>Contenidos<\/h3>\n<p><span style=\"font-weight: 400;\">El programa preliminar de la sesi\u00f3n del 20 de octubre contempla las presentaciones \u00ab\u00bbVacunas contra piscirickettsiosis: una enfermedad de potencial impacto global\u00bb, del Dr. Jaime Tobar, R&amp;D and Business Development Director para Vaxxinova (Noruega); \u201cVacunaci\u00f3n por inmersi\u00f3n en salmonicultura chilena: de la estrategia a los resultados\u00bb, del Dr. Mat\u00edas Poblete, Subgerente T\u00e9cnico Biol\u00f3gicos para Veterqu\u00edmica (Chile); \u201cExperiencias en Vacunaci\u00f3n de Peces en Per\u00fa: Evidencia de Campo con Especies de Peces Nativas y Ex\u00f3ticas\u201d, del Dr. Jefferson Yunis Aguinaga, Investigador Laboratorio de Patolog\u00eda Acu\u00e1tica del Instituto del Mar del Per\u00fa (IMARPE, Per\u00fa) y \u201cVaccine Strategies Against Piscine Lactococcosis\u201d, del Dr. Esteban Soto Morales, Associate Professor of School of Veterinary Medicine University of California-Davis (Estados Unidos)<\/span><\/p>\n<p><span style=\"font-weight: 400;\">En tanto, la sesi\u00f3n del 22 de octubre contar\u00e1 con las presentaciones \u201cCaligus y su impacto en la salmonicultura\u201d, del Dr. Cristian Gallardo-Esc\u00e1rate, Subdirector del Centro INCAR (Chile); \u201cPrime-boost vaccination with chimeric antigens confers protection against experimental Lepeophtheirus salmonis infestation in Atlantic salmon (Salmo salar L.)\u201d, del Dr. Mario Pablo Estrada Garc\u00eda, Director de Investigaciones Agropecuarias del Centro de Ingenier\u00eda Gen\u00e9tica y Biotecnolog\u00eda (CIGB, Cuba); \u00abExperiencia exitosa de cooperaci\u00f3n interinstitucional con aproximaci\u00f3n de Una Salud en el manejo de la estreptococosis en tilapia en Colombia\u00bb, de la Dra. Paola Barato, Fundadora, Directora Ejecutiva y Directora Cient\u00edfica de Corpavet (Colombia) y \u201cDesarrollo de una vacuna experimental para prevenir la tenacibaculosis causada por Tenacibaculum dicentrarchi en salm\u00f3n del Atl\u00e1ntico \u201d, del Dr. Ruben Avenda\u00f1o-Herrera, Investigador Principal de INCAR (Chile).<\/span><\/p>\n<p><span style=\"font-weight: 400;\">Las sesiones se realizar\u00e1n v\u00eda zoom y el registro es gratuito. Consultas e inscripciones al mail edgarvera@udec.cl.<\/span><\/p>\n","protected":false},"excerpt":{"rendered":"<p>El 20 y 22 de octubre, INCAR realizar\u00e1 un webinar gratuito v\u00eda Zoom sobre desarrollo de vacunas para enfermedades acu\u00edcolas, con 8 expertos de 6 pa\u00edses<\/p>\n","protected":false},"author":10,"featured_media":80501,"comment_status":"closed","ping_status":"closed","sticky":false,"template":"","format":"standard","meta":{"footnotes":""},"categories":[112],"tags":[1261,143,20814,473,122,2907,471,13273,6027,137,197,1779,764],"class_list":["post-80500","post","type-post","status-publish","format-standard","has-post-thumbnail","hentry","category-eventos","tag-acuicola","tag-acuicultura","tag-centro-interdisciplinario-para-la-investigacion-acuicola","tag-incar","tag-industria-acuicola","tag-industria-salmonera","tag-piscirickettsiosis","tag-ruben-avendano","tag-salmonera","tag-salmones","tag-salmonicultura","tag-unab","tag-universidad-andres-bello"],"yoast_head":"<!-- This site is optimized with the Yoast SEO plugin v27.5 - https:\/\/yoast.com\/product\/yoast-seo-wordpress\/ -->\n<title>INCAR convoca a Seminario Latinoamericano 2025 sobre vacunas acu\u00edcolas - Mundoacuicola<\/title>\n<meta name=\"description\" content=\"El 20 y 22 de octubre, INCAR realizar\u00e1 un webinar gratuito sobre desarrollo de vacunas para enfermedades acu\u00edcolas.\" \/>\n<meta name=\"robots\" content=\"index, follow, max-snippet:-1, max-image-preview:large, max-video-preview:-1\" \/>\n<link rel=\"canonical\" href=\"https:\/\/www.mundoacuicola.cl\/new\/incar-convoca-a-seminario-latinoamericano-2025-sobre-vacunas-acuicolas\/\" \/>\n<meta property=\"og:locale\" content=\"es_ES\" \/>\n<meta property=\"og:type\" content=\"article\" \/>\n<meta property=\"og:title\" content=\"INCAR convoca a Seminario Latinoamericano 2025 sobre vacunas acu\u00edcolas - Mundoacuicola\" \/>\n<meta property=\"og:description\" content=\"El 20 y 22 de octubre, INCAR realizar\u00e1 un webinar gratuito sobre desarrollo de vacunas para enfermedades acu\u00edcolas.\" \/>\n<meta property=\"og:url\" content=\"https:\/\/www.mundoacuicola.cl\/new\/incar-convoca-a-seminario-latinoamericano-2025-sobre-vacunas-acuicolas\/\" \/>\n<meta property=\"og:site_name\" content=\"Mundoacuicola\" \/>\n<meta property=\"article:publisher\" content=\"https:\/\/www.facebook.com\/mundo.acuicola\/\" \/>\n<meta property=\"article:published_time\" content=\"2025-09-12T14:49:11+00:00\" \/>\n<meta property=\"article:modified_time\" content=\"2025-09-15T19:51:54+00:00\" \/>\n<meta property=\"og:image\" content=\"https:\/\/www.mundoacuicola.cl\/new\/wp-content\/uploads\/2025\/09\/VacunasINCAR.jpg\" \/>\n\t<meta property=\"og:image:width\" content=\"750\" \/>\n\t<meta property=\"og:image:height\" content=\"400\" \/>\n\t<meta property=\"og:image:type\" content=\"image\/jpeg\" \/>\n<meta name=\"author\" content=\"mbarrueto\" \/>\n<meta name=\"twitter:card\" content=\"summary_large_image\" \/>\n<meta name=\"twitter:creator\" content=\"@mundoacuicola\" \/>\n<meta name=\"twitter:site\" content=\"@mundoacuicola\" \/>\n<meta name=\"twitter:label1\" content=\"Escrito por\" \/>\n\t<meta name=\"twitter:data1\" content=\"mbarrueto\" \/>\n\t<meta name=\"twitter:label2\" content=\"Tiempo de lectura\" \/>\n\t<meta name=\"twitter:data2\" content=\"3 minutos\" \/>\n<script type=\"application\/ld+json\" class=\"yoast-schema-graph\">{\"@context\":\"https:\\\/\\\/schema.org\",\"@graph\":[{\"@type\":\"Article\",\"@id\":\"https:\\\/\\\/www.mundoacuicola.cl\\\/new\\\/incar-convoca-a-seminario-latinoamericano-2025-sobre-vacunas-acuicolas\\\/#article\",\"isPartOf\":{\"@id\":\"https:\\\/\\\/www.mundoacuicola.cl\\\/new\\\/incar-convoca-a-seminario-latinoamericano-2025-sobre-vacunas-acuicolas\\\/\"},\"author\":{\"name\":\"mbarrueto\",\"@id\":\"https:\\\/\\\/www.mundoacuicola.cl\\\/new\\\/#\\\/schema\\\/person\\\/c00ffe389abb88bd9254653add139315\"},\"headline\":\"INCAR convoca a Seminario Latinoamericano 2025 sobre vacunas acu\u00edcolas\",\"datePublished\":\"2025-09-12T14:49:11+00:00\",\"dateModified\":\"2025-09-15T19:51:54+00:00\",\"mainEntityOfPage\":{\"@id\":\"https:\\\/\\\/www.mundoacuicola.cl\\\/new\\\/incar-convoca-a-seminario-latinoamericano-2025-sobre-vacunas-acuicolas\\\/\"},\"wordCount\":439,\"publisher\":{\"@id\":\"https:\\\/\\\/www.mundoacuicola.cl\\\/new\\\/#organization\"},\"image\":{\"@id\":\"https:\\\/\\\/www.mundoacuicola.cl\\\/new\\\/incar-convoca-a-seminario-latinoamericano-2025-sobre-vacunas-acuicolas\\\/#primaryimage\"},\"thumbnailUrl\":\"https:\\\/\\\/www.mundoacuicola.cl\\\/new\\\/wp-content\\\/uploads\\\/2025\\\/09\\\/VacunasINCAR.jpg\",\"keywords\":[\"Acu\u00edcola\",\"Acuicultura\",\"Centro Interdisciplinario para la Investigaci\u00f3n Acu\u00edcola\",\"Incar\",\"Industria Acu\u00edcola\",\"Industria salmonera\",\"Piscirickettsiosis\",\"Ruben Avenda\u00f1o\",\"salmonera\",\"salmones\",\"salmonicultura\",\"UNAB\",\"Universidad Andr\u00e9s Bello\"],\"articleSection\":[\"Eventos\"],\"inLanguage\":\"es\"},{\"@type\":\"WebPage\",\"@id\":\"https:\\\/\\\/www.mundoacuicola.cl\\\/new\\\/incar-convoca-a-seminario-latinoamericano-2025-sobre-vacunas-acuicolas\\\/\",\"url\":\"https:\\\/\\\/www.mundoacuicola.cl\\\/new\\\/incar-convoca-a-seminario-latinoamericano-2025-sobre-vacunas-acuicolas\\\/\",\"name\":\"INCAR convoca a Seminario Latinoamericano 2025 sobre vacunas acu\u00edcolas - Mundoacuicola\",\"isPartOf\":{\"@id\":\"https:\\\/\\\/www.mundoacuicola.cl\\\/new\\\/#website\"},\"primaryImageOfPage\":{\"@id\":\"https:\\\/\\\/www.mundoacuicola.cl\\\/new\\\/incar-convoca-a-seminario-latinoamericano-2025-sobre-vacunas-acuicolas\\\/#primaryimage\"},\"image\":{\"@id\":\"https:\\\/\\\/www.mundoacuicola.cl\\\/new\\\/incar-convoca-a-seminario-latinoamericano-2025-sobre-vacunas-acuicolas\\\/#primaryimage\"},\"thumbnailUrl\":\"https:\\\/\\\/www.mundoacuicola.cl\\\/new\\\/wp-content\\\/uploads\\\/2025\\\/09\\\/VacunasINCAR.jpg\",\"datePublished\":\"2025-09-12T14:49:11+00:00\",\"dateModified\":\"2025-09-15T19:51:54+00:00\",\"description\":\"El 20 y 22 de octubre, INCAR realizar\u00e1 un webinar gratuito sobre desarrollo de vacunas para enfermedades acu\u00edcolas.\",\"breadcrumb\":{\"@id\":\"https:\\\/\\\/www.mundoacuicola.cl\\\/new\\\/incar-convoca-a-seminario-latinoamericano-2025-sobre-vacunas-acuicolas\\\/#breadcrumb\"},\"inLanguage\":\"es\",\"potentialAction\":[{\"@type\":\"ReadAction\",\"target\":[\"https:\\\/\\\/www.mundoacuicola.cl\\\/new\\\/incar-convoca-a-seminario-latinoamericano-2025-sobre-vacunas-acuicolas\\\/\"]}]},{\"@type\":\"ImageObject\",\"inLanguage\":\"es\",\"@id\":\"https:\\\/\\\/www.mundoacuicola.cl\\\/new\\\/incar-convoca-a-seminario-latinoamericano-2025-sobre-vacunas-acuicolas\\\/#primaryimage\",\"url\":\"https:\\\/\\\/www.mundoacuicola.cl\\\/new\\\/wp-content\\\/uploads\\\/2025\\\/09\\\/VacunasINCAR.jpg\",\"contentUrl\":\"https:\\\/\\\/www.mundoacuicola.cl\\\/new\\\/wp-content\\\/uploads\\\/2025\\\/09\\\/VacunasINCAR.jpg\",\"width\":750,\"height\":400},{\"@type\":\"BreadcrumbList\",\"@id\":\"https:\\\/\\\/www.mundoacuicola.cl\\\/new\\\/incar-convoca-a-seminario-latinoamericano-2025-sobre-vacunas-acuicolas\\\/#breadcrumb\",\"itemListElement\":[{\"@type\":\"ListItem\",\"position\":1,\"name\":\"Portada\",\"item\":\"https:\\\/\\\/www.mundoacuicola.cl\\\/new\\\/\"},{\"@type\":\"ListItem\",\"position\":2,\"name\":\"INCAR convoca a Seminario Latinoamericano 2025 sobre vacunas acu\u00edcolas\"}]},{\"@type\":\"WebSite\",\"@id\":\"https:\\\/\\\/www.mundoacuicola.cl\\\/new\\\/#website\",\"url\":\"https:\\\/\\\/www.mundoacuicola.cl\\\/new\\\/\",\"name\":\"Mundoacuicola\",\"description\":\"Revista de Acuicultura.\",\"publisher\":{\"@id\":\"https:\\\/\\\/www.mundoacuicola.cl\\\/new\\\/#organization\"},\"potentialAction\":[{\"@type\":\"SearchAction\",\"target\":{\"@type\":\"EntryPoint\",\"urlTemplate\":\"https:\\\/\\\/www.mundoacuicola.cl\\\/new\\\/?s={search_term_string}\"},\"query-input\":{\"@type\":\"PropertyValueSpecification\",\"valueRequired\":true,\"valueName\":\"search_term_string\"}}],\"inLanguage\":\"es\"},{\"@type\":\"Organization\",\"@id\":\"https:\\\/\\\/www.mundoacuicola.cl\\\/new\\\/#organization\",\"name\":\"Mundoacuicola\",\"url\":\"https:\\\/\\\/www.mundoacuicola.cl\\\/new\\\/\",\"logo\":{\"@type\":\"ImageObject\",\"inLanguage\":\"es\",\"@id\":\"https:\\\/\\\/www.mundoacuicola.cl\\\/new\\\/#\\\/schema\\\/logo\\\/image\\\/\",\"url\":\"https:\\\/\\\/www.mundoacuicola.cl\\\/new\\\/wp-content\\\/uploads\\\/2026\\\/01\\\/cropped-LOGO-Mundo-Acuicola-2026.png\",\"contentUrl\":\"https:\\\/\\\/www.mundoacuicola.cl\\\/new\\\/wp-content\\\/uploads\\\/2026\\\/01\\\/cropped-LOGO-Mundo-Acuicola-2026.png\",\"width\":1252,\"height\":296,\"caption\":\"Mundoacuicola\"},\"image\":{\"@id\":\"https:\\\/\\\/www.mundoacuicola.cl\\\/new\\\/#\\\/schema\\\/logo\\\/image\\\/\"},\"sameAs\":[\"https:\\\/\\\/www.facebook.com\\\/mundo.acuicola\\\/\",\"https:\\\/\\\/x.com\\\/mundoacuicola\",\"https:\\\/\\\/www.linkedin.com\\\/in\\\/mundo-acuicola\"]},{\"@type\":\"Person\",\"@id\":\"https:\\\/\\\/www.mundoacuicola.cl\\\/new\\\/#\\\/schema\\\/person\\\/c00ffe389abb88bd9254653add139315\",\"name\":\"mbarrueto\",\"url\":\"https:\\\/\\\/www.mundoacuicola.cl\\\/new\\\/author\\\/mbarrueto\\\/\"}]}<\/script>\n<!-- \/ Yoast SEO plugin. -->","yoast_head_json":{"title":"INCAR convoca a Seminario Latinoamericano 2025 sobre vacunas acu\u00edcolas - Mundoacuicola","description":"El 20 y 22 de octubre, INCAR realizar\u00e1 un webinar gratuito sobre desarrollo de vacunas para enfermedades acu\u00edcolas.","robots":{"index":"index","follow":"follow","max-snippet":"max-snippet:-1","max-image-preview":"max-image-preview:large","max-video-preview":"max-video-preview:-1"},"canonical":"https:\/\/www.mundoacuicola.cl\/new\/incar-convoca-a-seminario-latinoamericano-2025-sobre-vacunas-acuicolas\/","og_locale":"es_ES","og_type":"article","og_title":"INCAR convoca a Seminario Latinoamericano 2025 sobre vacunas acu\u00edcolas - Mundoacuicola","og_description":"El 20 y 22 de octubre, INCAR realizar\u00e1 un webinar gratuito sobre desarrollo de vacunas para enfermedades acu\u00edcolas.","og_url":"https:\/\/www.mundoacuicola.cl\/new\/incar-convoca-a-seminario-latinoamericano-2025-sobre-vacunas-acuicolas\/","og_site_name":"Mundoacuicola","article_publisher":"https:\/\/www.facebook.com\/mundo.acuicola\/","article_published_time":"2025-09-12T14:49:11+00:00","article_modified_time":"2025-09-15T19:51:54+00:00","og_image":[{"width":750,"height":400,"url":"https:\/\/www.mundoacuicola.cl\/new\/wp-content\/uploads\/2025\/09\/VacunasINCAR.jpg","type":"image\/jpeg"}],"author":"mbarrueto","twitter_card":"summary_large_image","twitter_creator":"@mundoacuicola","twitter_site":"@mundoacuicola","twitter_misc":{"Escrito por":"mbarrueto","Tiempo de lectura":"3 minutos"},"schema":{"@context":"https:\/\/schema.org","@graph":[{"@type":"Article","@id":"https:\/\/www.mundoacuicola.cl\/new\/incar-convoca-a-seminario-latinoamericano-2025-sobre-vacunas-acuicolas\/#article","isPartOf":{"@id":"https:\/\/www.mundoacuicola.cl\/new\/incar-convoca-a-seminario-latinoamericano-2025-sobre-vacunas-acuicolas\/"},"author":{"name":"mbarrueto","@id":"https:\/\/www.mundoacuicola.cl\/new\/#\/schema\/person\/c00ffe389abb88bd9254653add139315"},"headline":"INCAR convoca a Seminario Latinoamericano 2025 sobre vacunas acu\u00edcolas","datePublished":"2025-09-12T14:49:11+00:00","dateModified":"2025-09-15T19:51:54+00:00","mainEntityOfPage":{"@id":"https:\/\/www.mundoacuicola.cl\/new\/incar-convoca-a-seminario-latinoamericano-2025-sobre-vacunas-acuicolas\/"},"wordCount":439,"publisher":{"@id":"https:\/\/www.mundoacuicola.cl\/new\/#organization"},"image":{"@id":"https:\/\/www.mundoacuicola.cl\/new\/incar-convoca-a-seminario-latinoamericano-2025-sobre-vacunas-acuicolas\/#primaryimage"},"thumbnailUrl":"https:\/\/www.mundoacuicola.cl\/new\/wp-content\/uploads\/2025\/09\/VacunasINCAR.jpg","keywords":["Acu\u00edcola","Acuicultura","Centro Interdisciplinario para la Investigaci\u00f3n Acu\u00edcola","Incar","Industria Acu\u00edcola","Industria salmonera","Piscirickettsiosis","Ruben Avenda\u00f1o","salmonera","salmones","salmonicultura","UNAB","Universidad Andr\u00e9s Bello"],"articleSection":["Eventos"],"inLanguage":"es"},{"@type":"WebPage","@id":"https:\/\/www.mundoacuicola.cl\/new\/incar-convoca-a-seminario-latinoamericano-2025-sobre-vacunas-acuicolas\/","url":"https:\/\/www.mundoacuicola.cl\/new\/incar-convoca-a-seminario-latinoamericano-2025-sobre-vacunas-acuicolas\/","name":"INCAR convoca a Seminario Latinoamericano 2025 sobre vacunas acu\u00edcolas - Mundoacuicola","isPartOf":{"@id":"https:\/\/www.mundoacuicola.cl\/new\/#website"},"primaryImageOfPage":{"@id":"https:\/\/www.mundoacuicola.cl\/new\/incar-convoca-a-seminario-latinoamericano-2025-sobre-vacunas-acuicolas\/#primaryimage"},"image":{"@id":"https:\/\/www.mundoacuicola.cl\/new\/incar-convoca-a-seminario-latinoamericano-2025-sobre-vacunas-acuicolas\/#primaryimage"},"thumbnailUrl":"https:\/\/www.mundoacuicola.cl\/new\/wp-content\/uploads\/2025\/09\/VacunasINCAR.jpg","datePublished":"2025-09-12T14:49:11+00:00","dateModified":"2025-09-15T19:51:54+00:00","description":"El 20 y 22 de octubre, INCAR realizar\u00e1 un webinar gratuito sobre desarrollo de vacunas para enfermedades acu\u00edcolas.","breadcrumb":{"@id":"https:\/\/www.mundoacuicola.cl\/new\/incar-convoca-a-seminario-latinoamericano-2025-sobre-vacunas-acuicolas\/#breadcrumb"},"inLanguage":"es","potentialAction":[{"@type":"ReadAction","target":["https:\/\/www.mundoacuicola.cl\/new\/incar-convoca-a-seminario-latinoamericano-2025-sobre-vacunas-acuicolas\/"]}]},{"@type":"ImageObject","inLanguage":"es","@id":"https:\/\/www.mundoacuicola.cl\/new\/incar-convoca-a-seminario-latinoamericano-2025-sobre-vacunas-acuicolas\/#primaryimage","url":"https:\/\/www.mundoacuicola.cl\/new\/wp-content\/uploads\/2025\/09\/VacunasINCAR.jpg","contentUrl":"https:\/\/www.mundoacuicola.cl\/new\/wp-content\/uploads\/2025\/09\/VacunasINCAR.jpg","width":750,"height":400},{"@type":"BreadcrumbList","@id":"https:\/\/www.mundoacuicola.cl\/new\/incar-convoca-a-seminario-latinoamericano-2025-sobre-vacunas-acuicolas\/#breadcrumb","itemListElement":[{"@type":"ListItem","position":1,"name":"Portada","item":"https:\/\/www.mundoacuicola.cl\/new\/"},{"@type":"ListItem","position":2,"name":"INCAR convoca a Seminario Latinoamericano 2025 sobre vacunas acu\u00edcolas"}]},{"@type":"WebSite","@id":"https:\/\/www.mundoacuicola.cl\/new\/#website","url":"https:\/\/www.mundoacuicola.cl\/new\/","name":"Mundoacuicola","description":"Revista de Acuicultura.","publisher":{"@id":"https:\/\/www.mundoacuicola.cl\/new\/#organization"},"potentialAction":[{"@type":"SearchAction","target":{"@type":"EntryPoint","urlTemplate":"https:\/\/www.mundoacuicola.cl\/new\/?s={search_term_string}"},"query-input":{"@type":"PropertyValueSpecification","valueRequired":true,"valueName":"search_term_string"}}],"inLanguage":"es"},{"@type":"Organization","@id":"https:\/\/www.mundoacuicola.cl\/new\/#organization","name":"Mundoacuicola","url":"https:\/\/www.mundoacuicola.cl\/new\/","logo":{"@type":"ImageObject","inLanguage":"es","@id":"https:\/\/www.mundoacuicola.cl\/new\/#\/schema\/logo\/image\/","url":"https:\/\/www.mundoacuicola.cl\/new\/wp-content\/uploads\/2026\/01\/cropped-LOGO-Mundo-Acuicola-2026.png","contentUrl":"https:\/\/www.mundoacuicola.cl\/new\/wp-content\/uploads\/2026\/01\/cropped-LOGO-Mundo-Acuicola-2026.png","width":1252,"height":296,"caption":"Mundoacuicola"},"image":{"@id":"https:\/\/www.mundoacuicola.cl\/new\/#\/schema\/logo\/image\/"},"sameAs":["https:\/\/www.facebook.com\/mundo.acuicola\/","https:\/\/x.com\/mundoacuicola","https:\/\/www.linkedin.com\/in\/mundo-acuicola"]},{"@type":"Person","@id":"https:\/\/www.mundoacuicola.cl\/new\/#\/schema\/person\/c00ffe389abb88bd9254653add139315","name":"mbarrueto","url":"https:\/\/www.mundoacuicola.cl\/new\/author\/mbarrueto\/"}]}},"_links":{"self":[{"href":"https:\/\/www.mundoacuicola.cl\/new\/wp-json\/wp\/v2\/posts\/80500","targetHints":{"allow":["GET"]}}],"collection":[{"href":"https:\/\/www.mundoacuicola.cl\/new\/wp-json\/wp\/v2\/posts"}],"about":[{"href":"https:\/\/www.mundoacuicola.cl\/new\/wp-json\/wp\/v2\/types\/post"}],"author":[{"embeddable":true,"href":"https:\/\/www.mundoacuicola.cl\/new\/wp-json\/wp\/v2\/users\/10"}],"replies":[{"embeddable":true,"href":"https:\/\/www.mundoacuicola.cl\/new\/wp-json\/wp\/v2\/comments?post=80500"}],"version-history":[{"count":0,"href":"https:\/\/www.mundoacuicola.cl\/new\/wp-json\/wp\/v2\/posts\/80500\/revisions"}],"wp:featuredmedia":[{"embeddable":true,"href":"https:\/\/www.mundoacuicola.cl\/new\/wp-json\/wp\/v2\/media\/80501"}],"wp:attachment":[{"href":"https:\/\/www.mundoacuicola.cl\/new\/wp-json\/wp\/v2\/media?parent=80500"}],"wp:term":[{"taxonomy":"category","embeddable":true,"href":"https:\/\/www.mundoacuicola.cl\/new\/wp-json\/wp\/v2\/categories?post=80500"},{"taxonomy":"post_tag","embeddable":true,"href":"https:\/\/www.mundoacuicola.cl\/new\/wp-json\/wp\/v2\/tags?post=80500"}],"curies":[{"name":"wp","href":"https:\/\/api.w.org\/{rel}","templated":true}]}}