{"id":80686,"date":"2025-09-15T09:19:57","date_gmt":"2025-09-15T13:19:57","guid":{"rendered":"https:\/\/www.mundoacuicola.cl\/new\/?p=80686"},"modified":"2025-10-16T16:26:40","modified_gmt":"2025-10-16T20:26:40","slug":"samuel-valdebenito-cuatro-decadas-al-servicio-de-la-salmonicultura-chilena","status":"publish","type":"post","link":"https:\/\/www.mundoacuicola.cl\/new\/samuel-valdebenito-cuatro-decadas-al-servicio-de-la-salmonicultura-chilena\/","title":{"rendered":"Samuel Valdebenito: cuatro d\u00e9cadas al servicio de la salmonicultura chilena"},"content":{"rendered":"<p><img fetchpriority=\"high\" decoding=\"async\" class=\"alignright wp-image-80687 \" src=\"https:\/\/www.mundoacuicola.cl\/new\/wp-content\/uploads\/2025\/09\/Samuel-Valdebenito2-300x400.jpeg\" alt=\"\" width=\"224\" height=\"306\" \/>Samuel Valdebenito es un referente hist\u00f3rico de la salmonicultura chilena. Qu\u00edmico de formaci\u00f3n, traslad\u00f3 en los a\u00f1os 80 conocimientos de la producci\u00f3n animal terrestre a un sector acu\u00edcola a\u00fan incipiente, enfrentando las primeras crisis sanitarias como la BKD y el descubrimiento de Piscirickettsia salmonis. Desde Veterquimica y luego Biovac (fundado en 1996), introdujo t\u00e9cnicas pioneras como la PCR en acuicultura, desarroll\u00f3 vacunas adaptadas a las condiciones locales y apoy\u00f3 al sector durante la crisis del virus ISA. Destaca la necesidad de sistemas productivos m\u00e1s bioseguros y de planes sanitarios dise\u00f1ados para las particularidades del salm\u00f3n y su entorno. Valdebenito recuerda que la salmonicultura chilena naci\u00f3 como industria exportadora y que los desaf\u00edos sanitarios y ambientales no se han detenido. Hoy, tras cerrar su ciclo como gerente t\u00e9cnico, act\u00faa como asesor y articulador entre ciencia, innovaci\u00f3n y mercado, colaborando con startups y centros de investigaci\u00f3n para convertir ideas en soluciones escalables, sostenibles y ajustadas a las exigencias regulatorias. Su visi\u00f3n cr\u00edtica y su experiencia lo mantienen como voz clave en la evoluci\u00f3n del sector.<\/p>\n<p><a href=\"https:\/\/revista.mundoacuicola.cl\/e\/174\/28\">Lea la entrevista completa aqui<\/a><\/p>\n","protected":false},"excerpt":{"rendered":"<p>El pionero de la salud y nutrici\u00f3n en salmones, repasa su trayectoria y aborda el desaf\u00edo de conectar ciencia e innovaci\u00f3n en una nueva etapa profesional.<\/p>\n","protected":false},"author":2,"featured_media":80688,"comment_status":"closed","ping_status":"closed","sticky":false,"template":"","format":"standard","meta":{"footnotes":""},"categories":[86],"tags":[1261,143,2907,184,2273,3447,27808,17118,27807,27809,1762],"class_list":["post-80686","post","type-post","status-publish","format-standard","has-post-thumbnail","hentry","category-entrevistas","tag-acuicola","tag-acuicultura","tag-industria-salmonera","tag-salmon","tag-salmon-chileno","tag-salmonicultura-chilena","tag-samuel","tag-samuel-valdebenito","tag-samuelvaldebenito","tag-valdebenito","tag-veterquimica"],"yoast_head":"<!-- This site is optimized with the Yoast SEO plugin v27.5 - https:\/\/yoast.com\/product\/yoast-seo-wordpress\/ -->\n<title>Samuel Valdebenito: cuatro d\u00e9cadas al servicio de la salmonicultura chilena - Mundoacuicola<\/title>\n<meta name=\"description\" content=\"El pionero de la salud en salmones, repasa su trayectoria y aborda el desaf\u00edo de conectar ciencia e innovaci\u00f3n en nueva etapa profesional.\" \/>\n<meta name=\"robots\" content=\"index, follow, max-snippet:-1, max-image-preview:large, max-video-preview:-1\" \/>\n<link rel=\"canonical\" href=\"https:\/\/www.mundoacuicola.cl\/new\/samuel-valdebenito-cuatro-decadas-al-servicio-de-la-salmonicultura-chilena\/\" \/>\n<meta property=\"og:locale\" content=\"es_ES\" \/>\n<meta property=\"og:type\" content=\"article\" \/>\n<meta property=\"og:title\" content=\"Samuel Valdebenito: cuatro d\u00e9cadas al servicio de la salmonicultura chilena - Mundoacuicola\" \/>\n<meta property=\"og:description\" content=\"El pionero de la salud en salmones, repasa su trayectoria y aborda el desaf\u00edo de conectar ciencia e innovaci\u00f3n en nueva etapa profesional.\" \/>\n<meta property=\"og:url\" content=\"https:\/\/www.mundoacuicola.cl\/new\/samuel-valdebenito-cuatro-decadas-al-servicio-de-la-salmonicultura-chilena\/\" \/>\n<meta property=\"og:site_name\" content=\"Mundoacuicola\" \/>\n<meta property=\"article:publisher\" content=\"https:\/\/www.facebook.com\/mundo.acuicola\/\" \/>\n<meta property=\"article:published_time\" content=\"2025-09-15T13:19:57+00:00\" \/>\n<meta property=\"article:modified_time\" content=\"2025-10-16T20:26:40+00:00\" \/>\n<meta property=\"og:image\" content=\"https:\/\/www.mundoacuicola.cl\/new\/wp-content\/uploads\/2025\/09\/Samuel-Valdebenito.jpeg\" \/>\n\t<meta property=\"og:image:width\" content=\"1000\" \/>\n\t<meta property=\"og:image:height\" content=\"571\" \/>\n\t<meta property=\"og:image:type\" content=\"image\/jpeg\" \/>\n<meta name=\"author\" content=\"mundo\" \/>\n<meta name=\"twitter:card\" content=\"summary_large_image\" \/>\n<meta name=\"twitter:creator\" content=\"@mundoacuicola\" \/>\n<meta name=\"twitter:site\" content=\"@mundoacuicola\" \/>\n<meta name=\"twitter:label1\" content=\"Escrito por\" \/>\n\t<meta name=\"twitter:data1\" content=\"mundo\" \/>\n\t<meta name=\"twitter:label2\" content=\"Tiempo de lectura\" \/>\n\t<meta name=\"twitter:data2\" content=\"2 minutos\" \/>\n<script type=\"application\/ld+json\" class=\"yoast-schema-graph\">{\"@context\":\"https:\\\/\\\/schema.org\",\"@graph\":[{\"@type\":\"Article\",\"@id\":\"https:\\\/\\\/www.mundoacuicola.cl\\\/new\\\/samuel-valdebenito-cuatro-decadas-al-servicio-de-la-salmonicultura-chilena\\\/#article\",\"isPartOf\":{\"@id\":\"https:\\\/\\\/www.mundoacuicola.cl\\\/new\\\/samuel-valdebenito-cuatro-decadas-al-servicio-de-la-salmonicultura-chilena\\\/\"},\"author\":{\"name\":\"mundo\",\"@id\":\"https:\\\/\\\/www.mundoacuicola.cl\\\/new\\\/#\\\/schema\\\/person\\\/4e9f74a82a7dac260eb1c44b7eebeb18\"},\"headline\":\"Samuel Valdebenito: cuatro d\u00e9cadas al servicio de la salmonicultura chilena\",\"datePublished\":\"2025-09-15T13:19:57+00:00\",\"dateModified\":\"2025-10-16T20:26:40+00:00\",\"mainEntityOfPage\":{\"@id\":\"https:\\\/\\\/www.mundoacuicola.cl\\\/new\\\/samuel-valdebenito-cuatro-decadas-al-servicio-de-la-salmonicultura-chilena\\\/\"},\"wordCount\":206,\"publisher\":{\"@id\":\"https:\\\/\\\/www.mundoacuicola.cl\\\/new\\\/#organization\"},\"image\":{\"@id\":\"https:\\\/\\\/www.mundoacuicola.cl\\\/new\\\/samuel-valdebenito-cuatro-decadas-al-servicio-de-la-salmonicultura-chilena\\\/#primaryimage\"},\"thumbnailUrl\":\"https:\\\/\\\/www.mundoacuicola.cl\\\/new\\\/wp-content\\\/uploads\\\/2025\\\/09\\\/Samuel-Valdebenito.jpeg\",\"keywords\":[\"Acu\u00edcola\",\"Acuicultura\",\"Industria salmonera\",\"Salm\u00f3n\",\"Salm\u00f3n chileno\",\"salmonicultura chilena\",\"Samuel\",\"Samuel Valdebenito\",\"SamuelValdebenito\",\"Valdebenito\",\"Veterqu\u00edmica\"],\"articleSection\":[\"Entrevistas\"],\"inLanguage\":\"es\"},{\"@type\":\"WebPage\",\"@id\":\"https:\\\/\\\/www.mundoacuicola.cl\\\/new\\\/samuel-valdebenito-cuatro-decadas-al-servicio-de-la-salmonicultura-chilena\\\/\",\"url\":\"https:\\\/\\\/www.mundoacuicola.cl\\\/new\\\/samuel-valdebenito-cuatro-decadas-al-servicio-de-la-salmonicultura-chilena\\\/\",\"name\":\"Samuel Valdebenito: cuatro d\u00e9cadas al servicio de la salmonicultura chilena - Mundoacuicola\",\"isPartOf\":{\"@id\":\"https:\\\/\\\/www.mundoacuicola.cl\\\/new\\\/#website\"},\"primaryImageOfPage\":{\"@id\":\"https:\\\/\\\/www.mundoacuicola.cl\\\/new\\\/samuel-valdebenito-cuatro-decadas-al-servicio-de-la-salmonicultura-chilena\\\/#primaryimage\"},\"image\":{\"@id\":\"https:\\\/\\\/www.mundoacuicola.cl\\\/new\\\/samuel-valdebenito-cuatro-decadas-al-servicio-de-la-salmonicultura-chilena\\\/#primaryimage\"},\"thumbnailUrl\":\"https:\\\/\\\/www.mundoacuicola.cl\\\/new\\\/wp-content\\\/uploads\\\/2025\\\/09\\\/Samuel-Valdebenito.jpeg\",\"datePublished\":\"2025-09-15T13:19:57+00:00\",\"dateModified\":\"2025-10-16T20:26:40+00:00\",\"description\":\"El pionero de la salud en salmones, repasa su trayectoria y aborda el desaf\u00edo de conectar ciencia e innovaci\u00f3n en nueva etapa profesional.\",\"breadcrumb\":{\"@id\":\"https:\\\/\\\/www.mundoacuicola.cl\\\/new\\\/samuel-valdebenito-cuatro-decadas-al-servicio-de-la-salmonicultura-chilena\\\/#breadcrumb\"},\"inLanguage\":\"es\",\"potentialAction\":[{\"@type\":\"ReadAction\",\"target\":[\"https:\\\/\\\/www.mundoacuicola.cl\\\/new\\\/samuel-valdebenito-cuatro-decadas-al-servicio-de-la-salmonicultura-chilena\\\/\"]}]},{\"@type\":\"ImageObject\",\"inLanguage\":\"es\",\"@id\":\"https:\\\/\\\/www.mundoacuicola.cl\\\/new\\\/samuel-valdebenito-cuatro-decadas-al-servicio-de-la-salmonicultura-chilena\\\/#primaryimage\",\"url\":\"https:\\\/\\\/www.mundoacuicola.cl\\\/new\\\/wp-content\\\/uploads\\\/2025\\\/09\\\/Samuel-Valdebenito.jpeg\",\"contentUrl\":\"https:\\\/\\\/www.mundoacuicola.cl\\\/new\\\/wp-content\\\/uploads\\\/2025\\\/09\\\/Samuel-Valdebenito.jpeg\",\"width\":1000,\"height\":571},{\"@type\":\"BreadcrumbList\",\"@id\":\"https:\\\/\\\/www.mundoacuicola.cl\\\/new\\\/samuel-valdebenito-cuatro-decadas-al-servicio-de-la-salmonicultura-chilena\\\/#breadcrumb\",\"itemListElement\":[{\"@type\":\"ListItem\",\"position\":1,\"name\":\"Portada\",\"item\":\"https:\\\/\\\/www.mundoacuicola.cl\\\/new\\\/\"},{\"@type\":\"ListItem\",\"position\":2,\"name\":\"Samuel Valdebenito: cuatro d\u00e9cadas al servicio de la salmonicultura chilena\"}]},{\"@type\":\"WebSite\",\"@id\":\"https:\\\/\\\/www.mundoacuicola.cl\\\/new\\\/#website\",\"url\":\"https:\\\/\\\/www.mundoacuicola.cl\\\/new\\\/\",\"name\":\"Mundoacuicola\",\"description\":\"Revista de Acuicultura.\",\"publisher\":{\"@id\":\"https:\\\/\\\/www.mundoacuicola.cl\\\/new\\\/#organization\"},\"potentialAction\":[{\"@type\":\"SearchAction\",\"target\":{\"@type\":\"EntryPoint\",\"urlTemplate\":\"https:\\\/\\\/www.mundoacuicola.cl\\\/new\\\/?s={search_term_string}\"},\"query-input\":{\"@type\":\"PropertyValueSpecification\",\"valueRequired\":true,\"valueName\":\"search_term_string\"}}],\"inLanguage\":\"es\"},{\"@type\":\"Organization\",\"@id\":\"https:\\\/\\\/www.mundoacuicola.cl\\\/new\\\/#organization\",\"name\":\"Mundoacuicola\",\"url\":\"https:\\\/\\\/www.mundoacuicola.cl\\\/new\\\/\",\"logo\":{\"@type\":\"ImageObject\",\"inLanguage\":\"es\",\"@id\":\"https:\\\/\\\/www.mundoacuicola.cl\\\/new\\\/#\\\/schema\\\/logo\\\/image\\\/\",\"url\":\"https:\\\/\\\/www.mundoacuicola.cl\\\/new\\\/wp-content\\\/uploads\\\/2026\\\/01\\\/cropped-LOGO-Mundo-Acuicola-2026.png\",\"contentUrl\":\"https:\\\/\\\/www.mundoacuicola.cl\\\/new\\\/wp-content\\\/uploads\\\/2026\\\/01\\\/cropped-LOGO-Mundo-Acuicola-2026.png\",\"width\":1252,\"height\":296,\"caption\":\"Mundoacuicola\"},\"image\":{\"@id\":\"https:\\\/\\\/www.mundoacuicola.cl\\\/new\\\/#\\\/schema\\\/logo\\\/image\\\/\"},\"sameAs\":[\"https:\\\/\\\/www.facebook.com\\\/mundo.acuicola\\\/\",\"https:\\\/\\\/x.com\\\/mundoacuicola\",\"https:\\\/\\\/www.linkedin.com\\\/in\\\/mundo-acuicola\"]},{\"@type\":\"Person\",\"@id\":\"https:\\\/\\\/www.mundoacuicola.cl\\\/new\\\/#\\\/schema\\\/person\\\/4e9f74a82a7dac260eb1c44b7eebeb18\",\"name\":\"mundo\",\"url\":\"https:\\\/\\\/www.mundoacuicola.cl\\\/new\\\/author\\\/mundo\\\/\"}]}<\/script>\n<!-- \/ Yoast SEO plugin. -->","yoast_head_json":{"title":"Samuel Valdebenito: cuatro d\u00e9cadas al servicio de la salmonicultura chilena - Mundoacuicola","description":"El pionero de la salud en salmones, repasa su trayectoria y aborda el desaf\u00edo de conectar ciencia e innovaci\u00f3n en nueva etapa profesional.","robots":{"index":"index","follow":"follow","max-snippet":"max-snippet:-1","max-image-preview":"max-image-preview:large","max-video-preview":"max-video-preview:-1"},"canonical":"https:\/\/www.mundoacuicola.cl\/new\/samuel-valdebenito-cuatro-decadas-al-servicio-de-la-salmonicultura-chilena\/","og_locale":"es_ES","og_type":"article","og_title":"Samuel Valdebenito: cuatro d\u00e9cadas al servicio de la salmonicultura chilena - Mundoacuicola","og_description":"El pionero de la salud en salmones, repasa su trayectoria y aborda el desaf\u00edo de conectar ciencia e innovaci\u00f3n en nueva etapa profesional.","og_url":"https:\/\/www.mundoacuicola.cl\/new\/samuel-valdebenito-cuatro-decadas-al-servicio-de-la-salmonicultura-chilena\/","og_site_name":"Mundoacuicola","article_publisher":"https:\/\/www.facebook.com\/mundo.acuicola\/","article_published_time":"2025-09-15T13:19:57+00:00","article_modified_time":"2025-10-16T20:26:40+00:00","og_image":[{"width":1000,"height":571,"url":"https:\/\/www.mundoacuicola.cl\/new\/wp-content\/uploads\/2025\/09\/Samuel-Valdebenito.jpeg","type":"image\/jpeg"}],"author":"mundo","twitter_card":"summary_large_image","twitter_creator":"@mundoacuicola","twitter_site":"@mundoacuicola","twitter_misc":{"Escrito por":"mundo","Tiempo de lectura":"2 minutos"},"schema":{"@context":"https:\/\/schema.org","@graph":[{"@type":"Article","@id":"https:\/\/www.mundoacuicola.cl\/new\/samuel-valdebenito-cuatro-decadas-al-servicio-de-la-salmonicultura-chilena\/#article","isPartOf":{"@id":"https:\/\/www.mundoacuicola.cl\/new\/samuel-valdebenito-cuatro-decadas-al-servicio-de-la-salmonicultura-chilena\/"},"author":{"name":"mundo","@id":"https:\/\/www.mundoacuicola.cl\/new\/#\/schema\/person\/4e9f74a82a7dac260eb1c44b7eebeb18"},"headline":"Samuel Valdebenito: cuatro d\u00e9cadas al servicio de la salmonicultura chilena","datePublished":"2025-09-15T13:19:57+00:00","dateModified":"2025-10-16T20:26:40+00:00","mainEntityOfPage":{"@id":"https:\/\/www.mundoacuicola.cl\/new\/samuel-valdebenito-cuatro-decadas-al-servicio-de-la-salmonicultura-chilena\/"},"wordCount":206,"publisher":{"@id":"https:\/\/www.mundoacuicola.cl\/new\/#organization"},"image":{"@id":"https:\/\/www.mundoacuicola.cl\/new\/samuel-valdebenito-cuatro-decadas-al-servicio-de-la-salmonicultura-chilena\/#primaryimage"},"thumbnailUrl":"https:\/\/www.mundoacuicola.cl\/new\/wp-content\/uploads\/2025\/09\/Samuel-Valdebenito.jpeg","keywords":["Acu\u00edcola","Acuicultura","Industria salmonera","Salm\u00f3n","Salm\u00f3n chileno","salmonicultura chilena","Samuel","Samuel Valdebenito","SamuelValdebenito","Valdebenito","Veterqu\u00edmica"],"articleSection":["Entrevistas"],"inLanguage":"es"},{"@type":"WebPage","@id":"https:\/\/www.mundoacuicola.cl\/new\/samuel-valdebenito-cuatro-decadas-al-servicio-de-la-salmonicultura-chilena\/","url":"https:\/\/www.mundoacuicola.cl\/new\/samuel-valdebenito-cuatro-decadas-al-servicio-de-la-salmonicultura-chilena\/","name":"Samuel Valdebenito: cuatro d\u00e9cadas al servicio de la salmonicultura chilena - Mundoacuicola","isPartOf":{"@id":"https:\/\/www.mundoacuicola.cl\/new\/#website"},"primaryImageOfPage":{"@id":"https:\/\/www.mundoacuicola.cl\/new\/samuel-valdebenito-cuatro-decadas-al-servicio-de-la-salmonicultura-chilena\/#primaryimage"},"image":{"@id":"https:\/\/www.mundoacuicola.cl\/new\/samuel-valdebenito-cuatro-decadas-al-servicio-de-la-salmonicultura-chilena\/#primaryimage"},"thumbnailUrl":"https:\/\/www.mundoacuicola.cl\/new\/wp-content\/uploads\/2025\/09\/Samuel-Valdebenito.jpeg","datePublished":"2025-09-15T13:19:57+00:00","dateModified":"2025-10-16T20:26:40+00:00","description":"El pionero de la salud en salmones, repasa su trayectoria y aborda el desaf\u00edo de conectar ciencia e innovaci\u00f3n en nueva etapa profesional.","breadcrumb":{"@id":"https:\/\/www.mundoacuicola.cl\/new\/samuel-valdebenito-cuatro-decadas-al-servicio-de-la-salmonicultura-chilena\/#breadcrumb"},"inLanguage":"es","potentialAction":[{"@type":"ReadAction","target":["https:\/\/www.mundoacuicola.cl\/new\/samuel-valdebenito-cuatro-decadas-al-servicio-de-la-salmonicultura-chilena\/"]}]},{"@type":"ImageObject","inLanguage":"es","@id":"https:\/\/www.mundoacuicola.cl\/new\/samuel-valdebenito-cuatro-decadas-al-servicio-de-la-salmonicultura-chilena\/#primaryimage","url":"https:\/\/www.mundoacuicola.cl\/new\/wp-content\/uploads\/2025\/09\/Samuel-Valdebenito.jpeg","contentUrl":"https:\/\/www.mundoacuicola.cl\/new\/wp-content\/uploads\/2025\/09\/Samuel-Valdebenito.jpeg","width":1000,"height":571},{"@type":"BreadcrumbList","@id":"https:\/\/www.mundoacuicola.cl\/new\/samuel-valdebenito-cuatro-decadas-al-servicio-de-la-salmonicultura-chilena\/#breadcrumb","itemListElement":[{"@type":"ListItem","position":1,"name":"Portada","item":"https:\/\/www.mundoacuicola.cl\/new\/"},{"@type":"ListItem","position":2,"name":"Samuel Valdebenito: cuatro d\u00e9cadas al servicio de la salmonicultura chilena"}]},{"@type":"WebSite","@id":"https:\/\/www.mundoacuicola.cl\/new\/#website","url":"https:\/\/www.mundoacuicola.cl\/new\/","name":"Mundoacuicola","description":"Revista de Acuicultura.","publisher":{"@id":"https:\/\/www.mundoacuicola.cl\/new\/#organization"},"potentialAction":[{"@type":"SearchAction","target":{"@type":"EntryPoint","urlTemplate":"https:\/\/www.mundoacuicola.cl\/new\/?s={search_term_string}"},"query-input":{"@type":"PropertyValueSpecification","valueRequired":true,"valueName":"search_term_string"}}],"inLanguage":"es"},{"@type":"Organization","@id":"https:\/\/www.mundoacuicola.cl\/new\/#organization","name":"Mundoacuicola","url":"https:\/\/www.mundoacuicola.cl\/new\/","logo":{"@type":"ImageObject","inLanguage":"es","@id":"https:\/\/www.mundoacuicola.cl\/new\/#\/schema\/logo\/image\/","url":"https:\/\/www.mundoacuicola.cl\/new\/wp-content\/uploads\/2026\/01\/cropped-LOGO-Mundo-Acuicola-2026.png","contentUrl":"https:\/\/www.mundoacuicola.cl\/new\/wp-content\/uploads\/2026\/01\/cropped-LOGO-Mundo-Acuicola-2026.png","width":1252,"height":296,"caption":"Mundoacuicola"},"image":{"@id":"https:\/\/www.mundoacuicola.cl\/new\/#\/schema\/logo\/image\/"},"sameAs":["https:\/\/www.facebook.com\/mundo.acuicola\/","https:\/\/x.com\/mundoacuicola","https:\/\/www.linkedin.com\/in\/mundo-acuicola"]},{"@type":"Person","@id":"https:\/\/www.mundoacuicola.cl\/new\/#\/schema\/person\/4e9f74a82a7dac260eb1c44b7eebeb18","name":"mundo","url":"https:\/\/www.mundoacuicola.cl\/new\/author\/mundo\/"}]}},"_links":{"self":[{"href":"https:\/\/www.mundoacuicola.cl\/new\/wp-json\/wp\/v2\/posts\/80686","targetHints":{"allow":["GET"]}}],"collection":[{"href":"https:\/\/www.mundoacuicola.cl\/new\/wp-json\/wp\/v2\/posts"}],"about":[{"href":"https:\/\/www.mundoacuicola.cl\/new\/wp-json\/wp\/v2\/types\/post"}],"author":[{"embeddable":true,"href":"https:\/\/www.mundoacuicola.cl\/new\/wp-json\/wp\/v2\/users\/2"}],"replies":[{"embeddable":true,"href":"https:\/\/www.mundoacuicola.cl\/new\/wp-json\/wp\/v2\/comments?post=80686"}],"version-history":[{"count":0,"href":"https:\/\/www.mundoacuicola.cl\/new\/wp-json\/wp\/v2\/posts\/80686\/revisions"}],"wp:featuredmedia":[{"embeddable":true,"href":"https:\/\/www.mundoacuicola.cl\/new\/wp-json\/wp\/v2\/media\/80688"}],"wp:attachment":[{"href":"https:\/\/www.mundoacuicola.cl\/new\/wp-json\/wp\/v2\/media?parent=80686"}],"wp:term":[{"taxonomy":"category","embeddable":true,"href":"https:\/\/www.mundoacuicola.cl\/new\/wp-json\/wp\/v2\/categories?post=80686"},{"taxonomy":"post_tag","embeddable":true,"href":"https:\/\/www.mundoacuicola.cl\/new\/wp-json\/wp\/v2\/tags?post=80686"}],"curies":[{"name":"wp","href":"https:\/\/api.w.org\/{rel}","templated":true}]}}