{"id":80984,"date":"2025-09-24T15:28:17","date_gmt":"2025-09-24T19:28:17","guid":{"rendered":"https:\/\/www.mundoacuicola.cl\/new\/?p=80984"},"modified":"2025-09-30T19:49:51","modified_gmt":"2025-09-30T23:49:51","slug":"consejo-del-salmon-despliega-intensa-agenda-territorial-en-aysen","status":"publish","type":"post","link":"https:\/\/www.mundoacuicola.cl\/new\/consejo-del-salmon-despliega-intensa-agenda-territorial-en-aysen\/","title":{"rendered":"Consejo del Salm\u00f3n despliega intensa agenda territorial en Ays\u00e9n"},"content":{"rendered":"<div>\n<div>\n<p><span lang=\"ES-MX\">Esta semana, la presidenta ejecutiva del Consejo del Salm\u00f3n, Loreto Seguel, comenz\u00f3 una\u00a0intensa\u00a0gira estrat\u00e9gica por\u00a0Ays\u00e9n\u00a0con el objetivo de reforzar v\u00ednculos entre la industria salmonicultura e instituciones clave para el desarrollo regional de esta actividad, donde Chile es el segundo exportador mundial.\u00a0<\/span><\/p>\n<\/div>\n<div>\n<p><span lang=\"ES-MX\">La primera parada fue en\u00a0Coyhaique, donde est\u00e1n agendadas diversas actividades. El lunes 22 se realiz\u00f3 un encuentro con Claudia Bunster,\u00a0Directora Regional\u00a0Ays\u00e9n de la ONG Canales, organismo encargado\u00a0acercar a la\u00a0educaci\u00f3n t\u00e9cnico profesional y\u00a0al\u00a0sector empresarial, creando v\u00ednculos s\u00f3lidos y fomentando un compromiso colaborativo para aportar al desarrollo de los territorios y la movilidad social desde la macrozona sur austral. Durante la noche se concret\u00f3 una cena en Coyhaique, como antesala del encuentro del d\u00eda siguiente con SOFOFA.<\/span><\/p>\n<\/div>\n<div>\n<h3><span lang=\"ES-MX\">Resultados IPOM: Cifras alentadoras que confirman la relevancia de la salmonicultura\u00a0<\/span><\/h3>\n<\/div>\n<div>\n<p><span lang=\"ES-MX\">El martes 23, Loreto Seguel asisti\u00f3 a la presentaci\u00f3n del Informe de Pol\u00edtica Monetaria (IPoM) del Banco Central, publicaci\u00f3n trimestral que detalla la visi\u00f3n del Banco sobre la econom\u00eda, sus proyecciones a futuro y la meta de inflaci\u00f3n. En esta ocasi\u00f3n, los datos presentados reafirmaron el impacto positivo que tiene la salmonicultura en la econom\u00eda de las regiones del sur.<\/span><\/p>\n<\/div>\n<div>\n<p><span lang=\"ES-MX\">En efecto, el Banco Central inform\u00f3 que la Regi\u00f3n de Los Lagos creci\u00f3 un 5,1%, la Regi\u00f3n\u00a0de\u00a0 Ays\u00e9n, el PIB se expandi\u00f3 un 8,9% mientras\u00a0que\u00a0en Magallanes, por su parte, registr\u00f3 un alza de 7,5%. Estos resultados confirman c\u00f3mo la salmonicultura act\u00faa como motor econ\u00f3mico en las regiones australes, aportando al empleo, al consumo de los hogares y a un encadenamiento productivo que beneficia a m\u00faltiples sectores, desde los servicios hasta la industria manufacturera.<\/span><\/p>\n<\/div>\n<div>\n<h3><span lang=\"ES-CL\">Alianza con proveedores locales y visita de representantes de EE.UU.\u00a0<\/span><\/h3>\n<\/div>\n<div>\n<p><span lang=\"ES-MX\">El mi\u00e9rcoles 24 la agenda comenz\u00f3 con la firma del acuerdo con proveedores de\u00a0AquaChile, donde acudieron representantes de los gremios de prestadores de servicios acu\u00edcolas de\u00a0AquaChile\u00a0en Ays\u00e9n. Un hito que permite seguir contribuyendo al crecimiento y desarrollo sostenible de la regi\u00f3n.<\/span><\/p>\n<\/div>\n<div>\n<p><span lang=\"ES-MX\">Con el foco puesto en reforzar de manera estrat\u00e9gica los lazos de cooperaci\u00f3n entre Chile y Estados Unidos, Loreto Seguel acompa\u00f1\u00f3 a la delegaci\u00f3n de la Embajada de Estados Unidos en Chile, integrada por Amanda\u00a0Hinkle, Agregada Agr\u00edcola (USDA\/FAS) y Sergio Gonz\u00e1lez, Especialista Agr\u00edcola (USDA), en una visita al centro de engorda en mar de\u00a0Mowi.\u00a0La visita tuvo un car\u00e1cter in\u00e9dito para ambos representantes, ya que era su primera vez conociendo un centro de cultivo en Ays\u00e9n.<\/span><\/p>\n<\/div>\n<div>\n<p><span lang=\"ES-MX\">Sumado a esto, la comitiva se traslad\u00f3 a la planta de proceso de la misma compa\u00f1\u00eda. Ambas actividades\u00a0fueron un \u00e9xito,\u00a0pues mostrar\u00a0en terreno la\u00a0innovaci\u00f3n y sostenibilidad\u00a0de\u00a0la industria a\u00a0s<\/span><span lang=\"ES-MX\">takeholder<\/span><span lang=\"ES-MX\">\u00a0de\u00a0alta\u00a0relevancia diplom\u00e1tica, es uno de los ejes estrat\u00e9gicos\u00a0que\u00a0promueve\u00a0el\u00a0gremio.<\/span><\/p>\n<\/div>\n<div>\n<p><span lang=\"ES-MX\">Finalmente, por\u00a0la tarde se\u00a0sostuvieron reuniones\u00a0con la Corporaci\u00f3n de Desarrollo Social del Sector Rural (Codesser) y con miembros del Gore de Ays\u00e9n para abordar el proyecto Red de Extensionismo Tecnol\u00f3gico para una Acuicultura Sostenible (REAS), en el que el Consejo participar\u00e1 como colaborador, apoyando el desarrollo de la acuicultura sostenible en la regi\u00f3n.<\/span><\/p>\n<\/div>\n<div>\n<h3><span lang=\"ES-MX\">Balance de la gira<\/span><\/h3>\n<\/div>\n<div>\n<p><span lang=\"ES-MX\">La Presidenta Ejecutiva del Consejo del Salm\u00f3n destac\u00f3 que todas las actividades son sumamente relevantes para fortalecer el desarrollo regional a trav\u00e9s de la salmonicultura: \u201cLas reuniones y visitas a terreno con altas autoridades de la misi\u00f3n diplom\u00e1tica estadounidense en Chile, adem\u00e1s de la firma del acuerdo de proveedores, son hitos que nos permite seguir contribuyendo al posicionamiento de la regi\u00f3n de Ays\u00e9n y a su desarrollo sostenible\u201d. Asimismo, Seguel se\u00f1al\u00f3 la relevancia que tiene la industria en el crecimiento del pa\u00eds \u00abSabemos que la salmonicultura es una actividad econ\u00f3mica fundamental, y eso lo reafirmaron nuevamente los indicadores presentados por el Banco Central, pero m\u00e1s all\u00e1 de los n\u00fameros, esto lo vivencian miles de familias que, a trav\u00e9s del encadenamiento productivo y empleo directo, se han hecho parte de esta enorme cadena valor\u201d.\u00a0<\/span><\/p>\n<\/div>\n<\/div>\n","protected":false},"excerpt":{"rendered":"<p>Loreto Seguel lidera gira del Consejo del Salm\u00f3n en Ays\u00e9n, con reuniones, alianzas y visitas que refuerzan el desarrollo regional y sostenible.<\/p>\n","protected":false},"author":10,"featured_media":80985,"comment_status":"closed","ping_status":"closed","sticky":false,"template":"","format":"image","meta":{"footnotes":""},"categories":[60],"tags":[5625,15858,434],"class_list":["post-80984","post","type-post","status-publish","format-image","has-post-thumbnail","hentry","category-salmonicultura","tag-consejo-del-salmon","tag-loreto-seguel","tag-region-de-aysen","post_format-post-format-image"],"yoast_head":"<!-- This site is optimized with the Yoast SEO plugin v27.5 - https:\/\/yoast.com\/product\/yoast-seo-wordpress\/ -->\n<title>Consejo del Salm\u00f3n despliega intensa agenda territorial en Ays\u00e9n - Mundoacuicola<\/title>\n<meta name=\"description\" content=\"Loreto Seguel lidera gira del Consejo del Salm\u00f3n en Ays\u00e9n, con reuniones, alianzas y visitas que refuerzan el desarrollo regional.\" \/>\n<meta name=\"robots\" content=\"index, follow, max-snippet:-1, max-image-preview:large, max-video-preview:-1\" \/>\n<link rel=\"canonical\" href=\"https:\/\/www.mundoacuicola.cl\/new\/consejo-del-salmon-despliega-intensa-agenda-territorial-en-aysen\/\" \/>\n<meta property=\"og:locale\" content=\"es_ES\" \/>\n<meta property=\"og:type\" content=\"article\" \/>\n<meta property=\"og:title\" content=\"Consejo del Salm\u00f3n despliega intensa agenda territorial en Ays\u00e9n - Mundoacuicola\" \/>\n<meta property=\"og:description\" content=\"Loreto Seguel lidera gira del Consejo del Salm\u00f3n en Ays\u00e9n, con reuniones, alianzas y visitas que refuerzan el desarrollo regional.\" \/>\n<meta property=\"og:url\" content=\"https:\/\/www.mundoacuicola.cl\/new\/consejo-del-salmon-despliega-intensa-agenda-territorial-en-aysen\/\" \/>\n<meta property=\"og:site_name\" content=\"Mundoacuicola\" \/>\n<meta property=\"article:publisher\" content=\"https:\/\/www.facebook.com\/mundo.acuicola\/\" \/>\n<meta property=\"article:published_time\" content=\"2025-09-24T19:28:17+00:00\" \/>\n<meta property=\"article:modified_time\" content=\"2025-09-30T23:49:51+00:00\" \/>\n<meta property=\"og:image\" content=\"https:\/\/www.mundoacuicola.cl\/new\/wp-content\/uploads\/2025\/09\/ConsejodelSalmonenAysen.jpg\" \/>\n\t<meta property=\"og:image:width\" content=\"750\" \/>\n\t<meta property=\"og:image:height\" content=\"400\" \/>\n\t<meta property=\"og:image:type\" content=\"image\/jpeg\" \/>\n<meta name=\"author\" content=\"mbarrueto\" \/>\n<meta name=\"twitter:card\" content=\"summary_large_image\" \/>\n<meta name=\"twitter:creator\" content=\"@mundoacuicola\" \/>\n<meta name=\"twitter:site\" content=\"@mundoacuicola\" \/>\n<meta name=\"twitter:label1\" content=\"Escrito por\" \/>\n\t<meta name=\"twitter:data1\" content=\"mbarrueto\" \/>\n\t<meta name=\"twitter:label2\" content=\"Tiempo de lectura\" \/>\n\t<meta name=\"twitter:data2\" content=\"4 minutos\" \/>\n<script type=\"application\/ld+json\" class=\"yoast-schema-graph\">{\"@context\":\"https:\\\/\\\/schema.org\",\"@graph\":[{\"@type\":\"Article\",\"@id\":\"https:\\\/\\\/www.mundoacuicola.cl\\\/new\\\/consejo-del-salmon-despliega-intensa-agenda-territorial-en-aysen\\\/#article\",\"isPartOf\":{\"@id\":\"https:\\\/\\\/www.mundoacuicola.cl\\\/new\\\/consejo-del-salmon-despliega-intensa-agenda-territorial-en-aysen\\\/\"},\"author\":{\"name\":\"mbarrueto\",\"@id\":\"https:\\\/\\\/www.mundoacuicola.cl\\\/new\\\/#\\\/schema\\\/person\\\/c00ffe389abb88bd9254653add139315\"},\"headline\":\"Consejo del Salm\u00f3n despliega intensa agenda territorial en Ays\u00e9n\",\"datePublished\":\"2025-09-24T19:28:17+00:00\",\"dateModified\":\"2025-09-30T23:49:51+00:00\",\"mainEntityOfPage\":{\"@id\":\"https:\\\/\\\/www.mundoacuicola.cl\\\/new\\\/consejo-del-salmon-despliega-intensa-agenda-territorial-en-aysen\\\/\"},\"wordCount\":714,\"publisher\":{\"@id\":\"https:\\\/\\\/www.mundoacuicola.cl\\\/new\\\/#organization\"},\"image\":{\"@id\":\"https:\\\/\\\/www.mundoacuicola.cl\\\/new\\\/consejo-del-salmon-despliega-intensa-agenda-territorial-en-aysen\\\/#primaryimage\"},\"thumbnailUrl\":\"https:\\\/\\\/www.mundoacuicola.cl\\\/new\\\/wp-content\\\/uploads\\\/2025\\\/09\\\/ConsejodelSalmonenAysen.jpg\",\"keywords\":[\"Consejo del Salm\u00f3n\",\"Loreto Seguel\",\"Regi\u00f3n de Ays\u00e9n\"],\"articleSection\":[\"Salmonicultura\"],\"inLanguage\":\"es\"},{\"@type\":\"WebPage\",\"@id\":\"https:\\\/\\\/www.mundoacuicola.cl\\\/new\\\/consejo-del-salmon-despliega-intensa-agenda-territorial-en-aysen\\\/\",\"url\":\"https:\\\/\\\/www.mundoacuicola.cl\\\/new\\\/consejo-del-salmon-despliega-intensa-agenda-territorial-en-aysen\\\/\",\"name\":\"Consejo del Salm\u00f3n despliega intensa agenda territorial en Ays\u00e9n - Mundoacuicola\",\"isPartOf\":{\"@id\":\"https:\\\/\\\/www.mundoacuicola.cl\\\/new\\\/#website\"},\"primaryImageOfPage\":{\"@id\":\"https:\\\/\\\/www.mundoacuicola.cl\\\/new\\\/consejo-del-salmon-despliega-intensa-agenda-territorial-en-aysen\\\/#primaryimage\"},\"image\":{\"@id\":\"https:\\\/\\\/www.mundoacuicola.cl\\\/new\\\/consejo-del-salmon-despliega-intensa-agenda-territorial-en-aysen\\\/#primaryimage\"},\"thumbnailUrl\":\"https:\\\/\\\/www.mundoacuicola.cl\\\/new\\\/wp-content\\\/uploads\\\/2025\\\/09\\\/ConsejodelSalmonenAysen.jpg\",\"datePublished\":\"2025-09-24T19:28:17+00:00\",\"dateModified\":\"2025-09-30T23:49:51+00:00\",\"description\":\"Loreto Seguel lidera gira del Consejo del Salm\u00f3n en Ays\u00e9n, con reuniones, alianzas y visitas que refuerzan el desarrollo regional.\",\"breadcrumb\":{\"@id\":\"https:\\\/\\\/www.mundoacuicola.cl\\\/new\\\/consejo-del-salmon-despliega-intensa-agenda-territorial-en-aysen\\\/#breadcrumb\"},\"inLanguage\":\"es\",\"potentialAction\":[{\"@type\":\"ReadAction\",\"target\":[\"https:\\\/\\\/www.mundoacuicola.cl\\\/new\\\/consejo-del-salmon-despliega-intensa-agenda-territorial-en-aysen\\\/\"]}]},{\"@type\":\"ImageObject\",\"inLanguage\":\"es\",\"@id\":\"https:\\\/\\\/www.mundoacuicola.cl\\\/new\\\/consejo-del-salmon-despliega-intensa-agenda-territorial-en-aysen\\\/#primaryimage\",\"url\":\"https:\\\/\\\/www.mundoacuicola.cl\\\/new\\\/wp-content\\\/uploads\\\/2025\\\/09\\\/ConsejodelSalmonenAysen.jpg\",\"contentUrl\":\"https:\\\/\\\/www.mundoacuicola.cl\\\/new\\\/wp-content\\\/uploads\\\/2025\\\/09\\\/ConsejodelSalmonenAysen.jpg\",\"width\":750,\"height\":400},{\"@type\":\"BreadcrumbList\",\"@id\":\"https:\\\/\\\/www.mundoacuicola.cl\\\/new\\\/consejo-del-salmon-despliega-intensa-agenda-territorial-en-aysen\\\/#breadcrumb\",\"itemListElement\":[{\"@type\":\"ListItem\",\"position\":1,\"name\":\"Portada\",\"item\":\"https:\\\/\\\/www.mundoacuicola.cl\\\/new\\\/\"},{\"@type\":\"ListItem\",\"position\":2,\"name\":\"Consejo del Salm\u00f3n despliega intensa agenda territorial en Ays\u00e9n\"}]},{\"@type\":\"WebSite\",\"@id\":\"https:\\\/\\\/www.mundoacuicola.cl\\\/new\\\/#website\",\"url\":\"https:\\\/\\\/www.mundoacuicola.cl\\\/new\\\/\",\"name\":\"Mundoacuicola\",\"description\":\"Revista de Acuicultura.\",\"publisher\":{\"@id\":\"https:\\\/\\\/www.mundoacuicola.cl\\\/new\\\/#organization\"},\"potentialAction\":[{\"@type\":\"SearchAction\",\"target\":{\"@type\":\"EntryPoint\",\"urlTemplate\":\"https:\\\/\\\/www.mundoacuicola.cl\\\/new\\\/?s={search_term_string}\"},\"query-input\":{\"@type\":\"PropertyValueSpecification\",\"valueRequired\":true,\"valueName\":\"search_term_string\"}}],\"inLanguage\":\"es\"},{\"@type\":\"Organization\",\"@id\":\"https:\\\/\\\/www.mundoacuicola.cl\\\/new\\\/#organization\",\"name\":\"Mundoacuicola\",\"url\":\"https:\\\/\\\/www.mundoacuicola.cl\\\/new\\\/\",\"logo\":{\"@type\":\"ImageObject\",\"inLanguage\":\"es\",\"@id\":\"https:\\\/\\\/www.mundoacuicola.cl\\\/new\\\/#\\\/schema\\\/logo\\\/image\\\/\",\"url\":\"https:\\\/\\\/www.mundoacuicola.cl\\\/new\\\/wp-content\\\/uploads\\\/2026\\\/01\\\/cropped-LOGO-Mundo-Acuicola-2026.png\",\"contentUrl\":\"https:\\\/\\\/www.mundoacuicola.cl\\\/new\\\/wp-content\\\/uploads\\\/2026\\\/01\\\/cropped-LOGO-Mundo-Acuicola-2026.png\",\"width\":1252,\"height\":296,\"caption\":\"Mundoacuicola\"},\"image\":{\"@id\":\"https:\\\/\\\/www.mundoacuicola.cl\\\/new\\\/#\\\/schema\\\/logo\\\/image\\\/\"},\"sameAs\":[\"https:\\\/\\\/www.facebook.com\\\/mundo.acuicola\\\/\",\"https:\\\/\\\/x.com\\\/mundoacuicola\",\"https:\\\/\\\/www.linkedin.com\\\/in\\\/mundo-acuicola\"]},{\"@type\":\"Person\",\"@id\":\"https:\\\/\\\/www.mundoacuicola.cl\\\/new\\\/#\\\/schema\\\/person\\\/c00ffe389abb88bd9254653add139315\",\"name\":\"mbarrueto\",\"url\":\"https:\\\/\\\/www.mundoacuicola.cl\\\/new\\\/author\\\/mbarrueto\\\/\"}]}<\/script>\n<!-- \/ Yoast SEO plugin. -->","yoast_head_json":{"title":"Consejo del Salm\u00f3n despliega intensa agenda territorial en Ays\u00e9n - Mundoacuicola","description":"Loreto Seguel lidera gira del Consejo del Salm\u00f3n en Ays\u00e9n, con reuniones, alianzas y visitas que refuerzan el desarrollo regional.","robots":{"index":"index","follow":"follow","max-snippet":"max-snippet:-1","max-image-preview":"max-image-preview:large","max-video-preview":"max-video-preview:-1"},"canonical":"https:\/\/www.mundoacuicola.cl\/new\/consejo-del-salmon-despliega-intensa-agenda-territorial-en-aysen\/","og_locale":"es_ES","og_type":"article","og_title":"Consejo del Salm\u00f3n despliega intensa agenda territorial en Ays\u00e9n - Mundoacuicola","og_description":"Loreto Seguel lidera gira del Consejo del Salm\u00f3n en Ays\u00e9n, con reuniones, alianzas y visitas que refuerzan el desarrollo regional.","og_url":"https:\/\/www.mundoacuicola.cl\/new\/consejo-del-salmon-despliega-intensa-agenda-territorial-en-aysen\/","og_site_name":"Mundoacuicola","article_publisher":"https:\/\/www.facebook.com\/mundo.acuicola\/","article_published_time":"2025-09-24T19:28:17+00:00","article_modified_time":"2025-09-30T23:49:51+00:00","og_image":[{"width":750,"height":400,"url":"https:\/\/www.mundoacuicola.cl\/new\/wp-content\/uploads\/2025\/09\/ConsejodelSalmonenAysen.jpg","type":"image\/jpeg"}],"author":"mbarrueto","twitter_card":"summary_large_image","twitter_creator":"@mundoacuicola","twitter_site":"@mundoacuicola","twitter_misc":{"Escrito por":"mbarrueto","Tiempo de lectura":"4 minutos"},"schema":{"@context":"https:\/\/schema.org","@graph":[{"@type":"Article","@id":"https:\/\/www.mundoacuicola.cl\/new\/consejo-del-salmon-despliega-intensa-agenda-territorial-en-aysen\/#article","isPartOf":{"@id":"https:\/\/www.mundoacuicola.cl\/new\/consejo-del-salmon-despliega-intensa-agenda-territorial-en-aysen\/"},"author":{"name":"mbarrueto","@id":"https:\/\/www.mundoacuicola.cl\/new\/#\/schema\/person\/c00ffe389abb88bd9254653add139315"},"headline":"Consejo del Salm\u00f3n despliega intensa agenda territorial en Ays\u00e9n","datePublished":"2025-09-24T19:28:17+00:00","dateModified":"2025-09-30T23:49:51+00:00","mainEntityOfPage":{"@id":"https:\/\/www.mundoacuicola.cl\/new\/consejo-del-salmon-despliega-intensa-agenda-territorial-en-aysen\/"},"wordCount":714,"publisher":{"@id":"https:\/\/www.mundoacuicola.cl\/new\/#organization"},"image":{"@id":"https:\/\/www.mundoacuicola.cl\/new\/consejo-del-salmon-despliega-intensa-agenda-territorial-en-aysen\/#primaryimage"},"thumbnailUrl":"https:\/\/www.mundoacuicola.cl\/new\/wp-content\/uploads\/2025\/09\/ConsejodelSalmonenAysen.jpg","keywords":["Consejo del Salm\u00f3n","Loreto Seguel","Regi\u00f3n de Ays\u00e9n"],"articleSection":["Salmonicultura"],"inLanguage":"es"},{"@type":"WebPage","@id":"https:\/\/www.mundoacuicola.cl\/new\/consejo-del-salmon-despliega-intensa-agenda-territorial-en-aysen\/","url":"https:\/\/www.mundoacuicola.cl\/new\/consejo-del-salmon-despliega-intensa-agenda-territorial-en-aysen\/","name":"Consejo del Salm\u00f3n despliega intensa agenda territorial en Ays\u00e9n - Mundoacuicola","isPartOf":{"@id":"https:\/\/www.mundoacuicola.cl\/new\/#website"},"primaryImageOfPage":{"@id":"https:\/\/www.mundoacuicola.cl\/new\/consejo-del-salmon-despliega-intensa-agenda-territorial-en-aysen\/#primaryimage"},"image":{"@id":"https:\/\/www.mundoacuicola.cl\/new\/consejo-del-salmon-despliega-intensa-agenda-territorial-en-aysen\/#primaryimage"},"thumbnailUrl":"https:\/\/www.mundoacuicola.cl\/new\/wp-content\/uploads\/2025\/09\/ConsejodelSalmonenAysen.jpg","datePublished":"2025-09-24T19:28:17+00:00","dateModified":"2025-09-30T23:49:51+00:00","description":"Loreto Seguel lidera gira del Consejo del Salm\u00f3n en Ays\u00e9n, con reuniones, alianzas y visitas que refuerzan el desarrollo regional.","breadcrumb":{"@id":"https:\/\/www.mundoacuicola.cl\/new\/consejo-del-salmon-despliega-intensa-agenda-territorial-en-aysen\/#breadcrumb"},"inLanguage":"es","potentialAction":[{"@type":"ReadAction","target":["https:\/\/www.mundoacuicola.cl\/new\/consejo-del-salmon-despliega-intensa-agenda-territorial-en-aysen\/"]}]},{"@type":"ImageObject","inLanguage":"es","@id":"https:\/\/www.mundoacuicola.cl\/new\/consejo-del-salmon-despliega-intensa-agenda-territorial-en-aysen\/#primaryimage","url":"https:\/\/www.mundoacuicola.cl\/new\/wp-content\/uploads\/2025\/09\/ConsejodelSalmonenAysen.jpg","contentUrl":"https:\/\/www.mundoacuicola.cl\/new\/wp-content\/uploads\/2025\/09\/ConsejodelSalmonenAysen.jpg","width":750,"height":400},{"@type":"BreadcrumbList","@id":"https:\/\/www.mundoacuicola.cl\/new\/consejo-del-salmon-despliega-intensa-agenda-territorial-en-aysen\/#breadcrumb","itemListElement":[{"@type":"ListItem","position":1,"name":"Portada","item":"https:\/\/www.mundoacuicola.cl\/new\/"},{"@type":"ListItem","position":2,"name":"Consejo del Salm\u00f3n despliega intensa agenda territorial en Ays\u00e9n"}]},{"@type":"WebSite","@id":"https:\/\/www.mundoacuicola.cl\/new\/#website","url":"https:\/\/www.mundoacuicola.cl\/new\/","name":"Mundoacuicola","description":"Revista de Acuicultura.","publisher":{"@id":"https:\/\/www.mundoacuicola.cl\/new\/#organization"},"potentialAction":[{"@type":"SearchAction","target":{"@type":"EntryPoint","urlTemplate":"https:\/\/www.mundoacuicola.cl\/new\/?s={search_term_string}"},"query-input":{"@type":"PropertyValueSpecification","valueRequired":true,"valueName":"search_term_string"}}],"inLanguage":"es"},{"@type":"Organization","@id":"https:\/\/www.mundoacuicola.cl\/new\/#organization","name":"Mundoacuicola","url":"https:\/\/www.mundoacuicola.cl\/new\/","logo":{"@type":"ImageObject","inLanguage":"es","@id":"https:\/\/www.mundoacuicola.cl\/new\/#\/schema\/logo\/image\/","url":"https:\/\/www.mundoacuicola.cl\/new\/wp-content\/uploads\/2026\/01\/cropped-LOGO-Mundo-Acuicola-2026.png","contentUrl":"https:\/\/www.mundoacuicola.cl\/new\/wp-content\/uploads\/2026\/01\/cropped-LOGO-Mundo-Acuicola-2026.png","width":1252,"height":296,"caption":"Mundoacuicola"},"image":{"@id":"https:\/\/www.mundoacuicola.cl\/new\/#\/schema\/logo\/image\/"},"sameAs":["https:\/\/www.facebook.com\/mundo.acuicola\/","https:\/\/x.com\/mundoacuicola","https:\/\/www.linkedin.com\/in\/mundo-acuicola"]},{"@type":"Person","@id":"https:\/\/www.mundoacuicola.cl\/new\/#\/schema\/person\/c00ffe389abb88bd9254653add139315","name":"mbarrueto","url":"https:\/\/www.mundoacuicola.cl\/new\/author\/mbarrueto\/"}]}},"_links":{"self":[{"href":"https:\/\/www.mundoacuicola.cl\/new\/wp-json\/wp\/v2\/posts\/80984","targetHints":{"allow":["GET"]}}],"collection":[{"href":"https:\/\/www.mundoacuicola.cl\/new\/wp-json\/wp\/v2\/posts"}],"about":[{"href":"https:\/\/www.mundoacuicola.cl\/new\/wp-json\/wp\/v2\/types\/post"}],"author":[{"embeddable":true,"href":"https:\/\/www.mundoacuicola.cl\/new\/wp-json\/wp\/v2\/users\/10"}],"replies":[{"embeddable":true,"href":"https:\/\/www.mundoacuicola.cl\/new\/wp-json\/wp\/v2\/comments?post=80984"}],"version-history":[{"count":0,"href":"https:\/\/www.mundoacuicola.cl\/new\/wp-json\/wp\/v2\/posts\/80984\/revisions"}],"wp:featuredmedia":[{"embeddable":true,"href":"https:\/\/www.mundoacuicola.cl\/new\/wp-json\/wp\/v2\/media\/80985"}],"wp:attachment":[{"href":"https:\/\/www.mundoacuicola.cl\/new\/wp-json\/wp\/v2\/media?parent=80984"}],"wp:term":[{"taxonomy":"category","embeddable":true,"href":"https:\/\/www.mundoacuicola.cl\/new\/wp-json\/wp\/v2\/categories?post=80984"},{"taxonomy":"post_tag","embeddable":true,"href":"https:\/\/www.mundoacuicola.cl\/new\/wp-json\/wp\/v2\/tags?post=80984"}],"curies":[{"name":"wp","href":"https:\/\/api.w.org\/{rel}","templated":true}]}}