{"id":81157,"date":"2025-10-01T08:54:13","date_gmt":"2025-10-01T12:54:13","guid":{"rendered":"https:\/\/www.mundoacuicola.cl\/new\/?p=81157"},"modified":"2025-10-02T14:18:33","modified_gmt":"2025-10-02T18:18:33","slug":"scaleaq-chile-crea-gerencia-tecnica-y-nombra-a-cesar-navarrete","status":"publish","type":"post","link":"https:\/\/www.mundoacuicola.cl\/new\/scaleaq-chile-crea-gerencia-tecnica-y-nombra-a-cesar-navarrete\/","title":{"rendered":"ScaleAQ Chile crea Gerencia T\u00e9cnica y nombra a C\u00e9sar Navarrete"},"content":{"rendered":"<p>Cesar es Ingeniero Naval de la Universidad Austral de Chile y con un Mag\u00edster en Direcci\u00f3n General de Empresas<br \/>\n(MBA Executive USS), cuenta con m\u00e1s de ocho a\u00f1os de trayectoria en ScaleAQ Chile, donde hasta ahora se<br \/>\ndesempe\u00f1aba como jefe Comercial del \u00e1rea de Infraestructura, liderando proyectos de jaulas, pontones, equipos<br \/>\nde ensilaje, entre otros.<\/p>\n<p>Con una destacada experiencia en la industria de la acuicultura y una s\u00f3lida formaci\u00f3n en ingenier\u00eda, C\u00e9sar ha<br \/>\nimpulsado proyectos de gran envergadura, coordinando equipos de trabajo en terreno y gestionando obras<br \/>\ncomplejas de infraestructura para la salmonicultura chilena. Su liderazgo, capacidad para generar sinergias y<br \/>\ncompromiso con la innovaci\u00f3n lo han posicionado como un referente dentro de la compa\u00f1\u00eda.<\/p>\n<p>En su nueva responsabilidad, Navarrete encabezar\u00e1 la Gerencia T\u00e9cnica, que tendr\u00e1 a su cargo el \u00e1rea de<br \/>\nIngenier\u00eda y Proyectos T\u00e9cnicos, con foco en el desarrollo de jaulas circulares y de acero de nueva generaci\u00f3n,<br \/>\njunto con otras soluciones que refuercen el liderazgo tecnol\u00f3gico de ScaleAQ en Chile.<\/p>\n<h3>Estrategia<\/h3>\n<p>Esta nueva estructura es parte de la estrategia de crecimiento de ScaleAQ en Chile, orientada a responder a una<br \/>\nindustria que demanda cada vez m\u00e1s innovaci\u00f3n. La creaci\u00f3n de la Gerencia T\u00e9cnica permitir\u00e1 tomar decisiones<br \/>\nm\u00e1s \u00e1giles, con foco en nuestros clientes, asegurando un acompa\u00f1amiento cercano y soluciones de alto valor.<\/p>\n<p>Para ScaleAQ, el desarrollo profesional y el crecimiento interno de sus colaboradores son pilares fundamentales<br \/>\nde su cultura organizacional. La designaci\u00f3n de C\u00e9sar Navarrete refleja este compromiso, potenciando a los<br \/>\ntalentos que han demostrado excelencia, innovaci\u00f3n y vocaci\u00f3n de servicio al cliente.<\/p>\n<p>Con esta nueva \u00e1rea t\u00e9cnica, ScaleAQ refuerza su visi\u00f3n de entregar soluciones de vanguardia a la industria<br \/>\nacu\u00edcola, acompa\u00f1ando a sus clientes en los desaf\u00edos actuales y futuros.<\/p>\n","protected":false},"excerpt":{"rendered":"<p>ScaleAQ Chile refuerza su estructura con la creaci\u00f3n de la Gerencia T\u00e9cnica, liderada por C\u00e9sar Navarrete, para impulsar innovaci\u00f3n en acuicultura.<\/p>\n","protected":false},"author":10,"featured_media":81161,"comment_status":"closed","ping_status":"closed","sticky":false,"template":"","format":"standard","meta":{"footnotes":""},"categories":[27390],"tags":[1261,143,122,2907,6027,137,197,7302,15927],"class_list":["post-81157","post","type-post","status-publish","format-standard","has-post-thumbnail","hentry","category-empresas","tag-acuicola","tag-acuicultura","tag-industria-acuicola","tag-industria-salmonera","tag-salmonera","tag-salmones","tag-salmonicultura","tag-scaleaq","tag-scaleaq-chile"],"yoast_head":"<!-- This site is optimized with the Yoast SEO plugin v27.5 - https:\/\/yoast.com\/product\/yoast-seo-wordpress\/ -->\n<title>ScaleAQ Chile crea Gerencia T\u00e9cnica y nombra a C\u00e9sar Navarrete - Mundoacuicola<\/title>\n<meta name=\"description\" content=\"ScaleAQ Chile refuerza su estructura con la creaci\u00f3n de la Gerencia T\u00e9cnica, liderada por C\u00e9sar Navarrete, para impulsar innovaci\u00f3n acu\u00edcola.\" \/>\n<meta name=\"robots\" content=\"index, follow, max-snippet:-1, max-image-preview:large, max-video-preview:-1\" \/>\n<link rel=\"canonical\" href=\"https:\/\/www.mundoacuicola.cl\/new\/scaleaq-chile-crea-gerencia-tecnica-y-nombra-a-cesar-navarrete\/\" \/>\n<meta property=\"og:locale\" content=\"es_ES\" \/>\n<meta property=\"og:type\" content=\"article\" \/>\n<meta property=\"og:title\" content=\"ScaleAQ Chile crea Gerencia T\u00e9cnica y nombra a C\u00e9sar Navarrete - Mundoacuicola\" \/>\n<meta property=\"og:description\" content=\"ScaleAQ Chile refuerza su estructura con la creaci\u00f3n de la Gerencia T\u00e9cnica, liderada por C\u00e9sar Navarrete, para impulsar innovaci\u00f3n acu\u00edcola.\" \/>\n<meta property=\"og:url\" content=\"https:\/\/www.mundoacuicola.cl\/new\/scaleaq-chile-crea-gerencia-tecnica-y-nombra-a-cesar-navarrete\/\" \/>\n<meta property=\"og:site_name\" content=\"Mundoacuicola\" \/>\n<meta property=\"article:publisher\" content=\"https:\/\/www.facebook.com\/mundo.acuicola\/\" \/>\n<meta property=\"article:published_time\" content=\"2025-10-01T12:54:13+00:00\" \/>\n<meta property=\"article:modified_time\" content=\"2025-10-02T18:18:33+00:00\" \/>\n<meta property=\"og:image\" content=\"https:\/\/www.mundoacuicola.cl\/new\/wp-content\/uploads\/2025\/10\/ScaleAQ.jpg\" \/>\n\t<meta property=\"og:image:width\" content=\"750\" \/>\n\t<meta property=\"og:image:height\" content=\"400\" \/>\n\t<meta property=\"og:image:type\" content=\"image\/jpeg\" \/>\n<meta name=\"author\" content=\"mbarrueto\" \/>\n<meta name=\"twitter:card\" content=\"summary_large_image\" \/>\n<meta name=\"twitter:creator\" content=\"@mundoacuicola\" \/>\n<meta name=\"twitter:site\" content=\"@mundoacuicola\" \/>\n<meta name=\"twitter:label1\" content=\"Escrito por\" \/>\n\t<meta name=\"twitter:data1\" content=\"mbarrueto\" \/>\n\t<meta name=\"twitter:label2\" content=\"Tiempo de lectura\" \/>\n\t<meta name=\"twitter:data2\" content=\"2 minutos\" \/>\n<script type=\"application\/ld+json\" class=\"yoast-schema-graph\">{\"@context\":\"https:\\\/\\\/schema.org\",\"@graph\":[{\"@type\":\"Article\",\"@id\":\"https:\\\/\\\/www.mundoacuicola.cl\\\/new\\\/scaleaq-chile-crea-gerencia-tecnica-y-nombra-a-cesar-navarrete\\\/#article\",\"isPartOf\":{\"@id\":\"https:\\\/\\\/www.mundoacuicola.cl\\\/new\\\/scaleaq-chile-crea-gerencia-tecnica-y-nombra-a-cesar-navarrete\\\/\"},\"author\":{\"name\":\"mbarrueto\",\"@id\":\"https:\\\/\\\/www.mundoacuicola.cl\\\/new\\\/#\\\/schema\\\/person\\\/c00ffe389abb88bd9254653add139315\"},\"headline\":\"ScaleAQ Chile crea Gerencia T\u00e9cnica y nombra a C\u00e9sar Navarrete\",\"datePublished\":\"2025-10-01T12:54:13+00:00\",\"dateModified\":\"2025-10-02T18:18:33+00:00\",\"mainEntityOfPage\":{\"@id\":\"https:\\\/\\\/www.mundoacuicola.cl\\\/new\\\/scaleaq-chile-crea-gerencia-tecnica-y-nombra-a-cesar-navarrete\\\/\"},\"wordCount\":328,\"publisher\":{\"@id\":\"https:\\\/\\\/www.mundoacuicola.cl\\\/new\\\/#organization\"},\"image\":{\"@id\":\"https:\\\/\\\/www.mundoacuicola.cl\\\/new\\\/scaleaq-chile-crea-gerencia-tecnica-y-nombra-a-cesar-navarrete\\\/#primaryimage\"},\"thumbnailUrl\":\"https:\\\/\\\/www.mundoacuicola.cl\\\/new\\\/wp-content\\\/uploads\\\/2025\\\/10\\\/ScaleAQ.jpg\",\"keywords\":[\"Acu\u00edcola\",\"Acuicultura\",\"Industria Acu\u00edcola\",\"Industria salmonera\",\"salmonera\",\"salmones\",\"salmonicultura\",\"ScaleAQ\",\"ScaleAQ Chile\"],\"articleSection\":[\"Empresas\"],\"inLanguage\":\"es\"},{\"@type\":\"WebPage\",\"@id\":\"https:\\\/\\\/www.mundoacuicola.cl\\\/new\\\/scaleaq-chile-crea-gerencia-tecnica-y-nombra-a-cesar-navarrete\\\/\",\"url\":\"https:\\\/\\\/www.mundoacuicola.cl\\\/new\\\/scaleaq-chile-crea-gerencia-tecnica-y-nombra-a-cesar-navarrete\\\/\",\"name\":\"ScaleAQ Chile crea Gerencia T\u00e9cnica y nombra a C\u00e9sar Navarrete - Mundoacuicola\",\"isPartOf\":{\"@id\":\"https:\\\/\\\/www.mundoacuicola.cl\\\/new\\\/#website\"},\"primaryImageOfPage\":{\"@id\":\"https:\\\/\\\/www.mundoacuicola.cl\\\/new\\\/scaleaq-chile-crea-gerencia-tecnica-y-nombra-a-cesar-navarrete\\\/#primaryimage\"},\"image\":{\"@id\":\"https:\\\/\\\/www.mundoacuicola.cl\\\/new\\\/scaleaq-chile-crea-gerencia-tecnica-y-nombra-a-cesar-navarrete\\\/#primaryimage\"},\"thumbnailUrl\":\"https:\\\/\\\/www.mundoacuicola.cl\\\/new\\\/wp-content\\\/uploads\\\/2025\\\/10\\\/ScaleAQ.jpg\",\"datePublished\":\"2025-10-01T12:54:13+00:00\",\"dateModified\":\"2025-10-02T18:18:33+00:00\",\"description\":\"ScaleAQ Chile refuerza su estructura con la creaci\u00f3n de la Gerencia T\u00e9cnica, liderada por C\u00e9sar Navarrete, para impulsar innovaci\u00f3n acu\u00edcola.\",\"breadcrumb\":{\"@id\":\"https:\\\/\\\/www.mundoacuicola.cl\\\/new\\\/scaleaq-chile-crea-gerencia-tecnica-y-nombra-a-cesar-navarrete\\\/#breadcrumb\"},\"inLanguage\":\"es\",\"potentialAction\":[{\"@type\":\"ReadAction\",\"target\":[\"https:\\\/\\\/www.mundoacuicola.cl\\\/new\\\/scaleaq-chile-crea-gerencia-tecnica-y-nombra-a-cesar-navarrete\\\/\"]}]},{\"@type\":\"ImageObject\",\"inLanguage\":\"es\",\"@id\":\"https:\\\/\\\/www.mundoacuicola.cl\\\/new\\\/scaleaq-chile-crea-gerencia-tecnica-y-nombra-a-cesar-navarrete\\\/#primaryimage\",\"url\":\"https:\\\/\\\/www.mundoacuicola.cl\\\/new\\\/wp-content\\\/uploads\\\/2025\\\/10\\\/ScaleAQ.jpg\",\"contentUrl\":\"https:\\\/\\\/www.mundoacuicola.cl\\\/new\\\/wp-content\\\/uploads\\\/2025\\\/10\\\/ScaleAQ.jpg\",\"width\":750,\"height\":400},{\"@type\":\"BreadcrumbList\",\"@id\":\"https:\\\/\\\/www.mundoacuicola.cl\\\/new\\\/scaleaq-chile-crea-gerencia-tecnica-y-nombra-a-cesar-navarrete\\\/#breadcrumb\",\"itemListElement\":[{\"@type\":\"ListItem\",\"position\":1,\"name\":\"Portada\",\"item\":\"https:\\\/\\\/www.mundoacuicola.cl\\\/new\\\/\"},{\"@type\":\"ListItem\",\"position\":2,\"name\":\"ScaleAQ Chile crea Gerencia T\u00e9cnica y nombra a C\u00e9sar Navarrete\"}]},{\"@type\":\"WebSite\",\"@id\":\"https:\\\/\\\/www.mundoacuicola.cl\\\/new\\\/#website\",\"url\":\"https:\\\/\\\/www.mundoacuicola.cl\\\/new\\\/\",\"name\":\"Mundoacuicola\",\"description\":\"Revista de Acuicultura.\",\"publisher\":{\"@id\":\"https:\\\/\\\/www.mundoacuicola.cl\\\/new\\\/#organization\"},\"potentialAction\":[{\"@type\":\"SearchAction\",\"target\":{\"@type\":\"EntryPoint\",\"urlTemplate\":\"https:\\\/\\\/www.mundoacuicola.cl\\\/new\\\/?s={search_term_string}\"},\"query-input\":{\"@type\":\"PropertyValueSpecification\",\"valueRequired\":true,\"valueName\":\"search_term_string\"}}],\"inLanguage\":\"es\"},{\"@type\":\"Organization\",\"@id\":\"https:\\\/\\\/www.mundoacuicola.cl\\\/new\\\/#organization\",\"name\":\"Mundoacuicola\",\"url\":\"https:\\\/\\\/www.mundoacuicola.cl\\\/new\\\/\",\"logo\":{\"@type\":\"ImageObject\",\"inLanguage\":\"es\",\"@id\":\"https:\\\/\\\/www.mundoacuicola.cl\\\/new\\\/#\\\/schema\\\/logo\\\/image\\\/\",\"url\":\"https:\\\/\\\/www.mundoacuicola.cl\\\/new\\\/wp-content\\\/uploads\\\/2026\\\/01\\\/cropped-LOGO-Mundo-Acuicola-2026.png\",\"contentUrl\":\"https:\\\/\\\/www.mundoacuicola.cl\\\/new\\\/wp-content\\\/uploads\\\/2026\\\/01\\\/cropped-LOGO-Mundo-Acuicola-2026.png\",\"width\":1252,\"height\":296,\"caption\":\"Mundoacuicola\"},\"image\":{\"@id\":\"https:\\\/\\\/www.mundoacuicola.cl\\\/new\\\/#\\\/schema\\\/logo\\\/image\\\/\"},\"sameAs\":[\"https:\\\/\\\/www.facebook.com\\\/mundo.acuicola\\\/\",\"https:\\\/\\\/x.com\\\/mundoacuicola\",\"https:\\\/\\\/www.linkedin.com\\\/in\\\/mundo-acuicola\"]},{\"@type\":\"Person\",\"@id\":\"https:\\\/\\\/www.mundoacuicola.cl\\\/new\\\/#\\\/schema\\\/person\\\/c00ffe389abb88bd9254653add139315\",\"name\":\"mbarrueto\",\"url\":\"https:\\\/\\\/www.mundoacuicola.cl\\\/new\\\/author\\\/mbarrueto\\\/\"}]}<\/script>\n<!-- \/ Yoast SEO plugin. -->","yoast_head_json":{"title":"ScaleAQ Chile crea Gerencia T\u00e9cnica y nombra a C\u00e9sar Navarrete - Mundoacuicola","description":"ScaleAQ Chile refuerza su estructura con la creaci\u00f3n de la Gerencia T\u00e9cnica, liderada por C\u00e9sar Navarrete, para impulsar innovaci\u00f3n acu\u00edcola.","robots":{"index":"index","follow":"follow","max-snippet":"max-snippet:-1","max-image-preview":"max-image-preview:large","max-video-preview":"max-video-preview:-1"},"canonical":"https:\/\/www.mundoacuicola.cl\/new\/scaleaq-chile-crea-gerencia-tecnica-y-nombra-a-cesar-navarrete\/","og_locale":"es_ES","og_type":"article","og_title":"ScaleAQ Chile crea Gerencia T\u00e9cnica y nombra a C\u00e9sar Navarrete - Mundoacuicola","og_description":"ScaleAQ Chile refuerza su estructura con la creaci\u00f3n de la Gerencia T\u00e9cnica, liderada por C\u00e9sar Navarrete, para impulsar innovaci\u00f3n acu\u00edcola.","og_url":"https:\/\/www.mundoacuicola.cl\/new\/scaleaq-chile-crea-gerencia-tecnica-y-nombra-a-cesar-navarrete\/","og_site_name":"Mundoacuicola","article_publisher":"https:\/\/www.facebook.com\/mundo.acuicola\/","article_published_time":"2025-10-01T12:54:13+00:00","article_modified_time":"2025-10-02T18:18:33+00:00","og_image":[{"width":750,"height":400,"url":"https:\/\/www.mundoacuicola.cl\/new\/wp-content\/uploads\/2025\/10\/ScaleAQ.jpg","type":"image\/jpeg"}],"author":"mbarrueto","twitter_card":"summary_large_image","twitter_creator":"@mundoacuicola","twitter_site":"@mundoacuicola","twitter_misc":{"Escrito por":"mbarrueto","Tiempo de lectura":"2 minutos"},"schema":{"@context":"https:\/\/schema.org","@graph":[{"@type":"Article","@id":"https:\/\/www.mundoacuicola.cl\/new\/scaleaq-chile-crea-gerencia-tecnica-y-nombra-a-cesar-navarrete\/#article","isPartOf":{"@id":"https:\/\/www.mundoacuicola.cl\/new\/scaleaq-chile-crea-gerencia-tecnica-y-nombra-a-cesar-navarrete\/"},"author":{"name":"mbarrueto","@id":"https:\/\/www.mundoacuicola.cl\/new\/#\/schema\/person\/c00ffe389abb88bd9254653add139315"},"headline":"ScaleAQ Chile crea Gerencia T\u00e9cnica y nombra a C\u00e9sar Navarrete","datePublished":"2025-10-01T12:54:13+00:00","dateModified":"2025-10-02T18:18:33+00:00","mainEntityOfPage":{"@id":"https:\/\/www.mundoacuicola.cl\/new\/scaleaq-chile-crea-gerencia-tecnica-y-nombra-a-cesar-navarrete\/"},"wordCount":328,"publisher":{"@id":"https:\/\/www.mundoacuicola.cl\/new\/#organization"},"image":{"@id":"https:\/\/www.mundoacuicola.cl\/new\/scaleaq-chile-crea-gerencia-tecnica-y-nombra-a-cesar-navarrete\/#primaryimage"},"thumbnailUrl":"https:\/\/www.mundoacuicola.cl\/new\/wp-content\/uploads\/2025\/10\/ScaleAQ.jpg","keywords":["Acu\u00edcola","Acuicultura","Industria Acu\u00edcola","Industria salmonera","salmonera","salmones","salmonicultura","ScaleAQ","ScaleAQ Chile"],"articleSection":["Empresas"],"inLanguage":"es"},{"@type":"WebPage","@id":"https:\/\/www.mundoacuicola.cl\/new\/scaleaq-chile-crea-gerencia-tecnica-y-nombra-a-cesar-navarrete\/","url":"https:\/\/www.mundoacuicola.cl\/new\/scaleaq-chile-crea-gerencia-tecnica-y-nombra-a-cesar-navarrete\/","name":"ScaleAQ Chile crea Gerencia T\u00e9cnica y nombra a C\u00e9sar Navarrete - Mundoacuicola","isPartOf":{"@id":"https:\/\/www.mundoacuicola.cl\/new\/#website"},"primaryImageOfPage":{"@id":"https:\/\/www.mundoacuicola.cl\/new\/scaleaq-chile-crea-gerencia-tecnica-y-nombra-a-cesar-navarrete\/#primaryimage"},"image":{"@id":"https:\/\/www.mundoacuicola.cl\/new\/scaleaq-chile-crea-gerencia-tecnica-y-nombra-a-cesar-navarrete\/#primaryimage"},"thumbnailUrl":"https:\/\/www.mundoacuicola.cl\/new\/wp-content\/uploads\/2025\/10\/ScaleAQ.jpg","datePublished":"2025-10-01T12:54:13+00:00","dateModified":"2025-10-02T18:18:33+00:00","description":"ScaleAQ Chile refuerza su estructura con la creaci\u00f3n de la Gerencia T\u00e9cnica, liderada por C\u00e9sar Navarrete, para impulsar innovaci\u00f3n acu\u00edcola.","breadcrumb":{"@id":"https:\/\/www.mundoacuicola.cl\/new\/scaleaq-chile-crea-gerencia-tecnica-y-nombra-a-cesar-navarrete\/#breadcrumb"},"inLanguage":"es","potentialAction":[{"@type":"ReadAction","target":["https:\/\/www.mundoacuicola.cl\/new\/scaleaq-chile-crea-gerencia-tecnica-y-nombra-a-cesar-navarrete\/"]}]},{"@type":"ImageObject","inLanguage":"es","@id":"https:\/\/www.mundoacuicola.cl\/new\/scaleaq-chile-crea-gerencia-tecnica-y-nombra-a-cesar-navarrete\/#primaryimage","url":"https:\/\/www.mundoacuicola.cl\/new\/wp-content\/uploads\/2025\/10\/ScaleAQ.jpg","contentUrl":"https:\/\/www.mundoacuicola.cl\/new\/wp-content\/uploads\/2025\/10\/ScaleAQ.jpg","width":750,"height":400},{"@type":"BreadcrumbList","@id":"https:\/\/www.mundoacuicola.cl\/new\/scaleaq-chile-crea-gerencia-tecnica-y-nombra-a-cesar-navarrete\/#breadcrumb","itemListElement":[{"@type":"ListItem","position":1,"name":"Portada","item":"https:\/\/www.mundoacuicola.cl\/new\/"},{"@type":"ListItem","position":2,"name":"ScaleAQ Chile crea Gerencia T\u00e9cnica y nombra a C\u00e9sar Navarrete"}]},{"@type":"WebSite","@id":"https:\/\/www.mundoacuicola.cl\/new\/#website","url":"https:\/\/www.mundoacuicola.cl\/new\/","name":"Mundoacuicola","description":"Revista de Acuicultura.","publisher":{"@id":"https:\/\/www.mundoacuicola.cl\/new\/#organization"},"potentialAction":[{"@type":"SearchAction","target":{"@type":"EntryPoint","urlTemplate":"https:\/\/www.mundoacuicola.cl\/new\/?s={search_term_string}"},"query-input":{"@type":"PropertyValueSpecification","valueRequired":true,"valueName":"search_term_string"}}],"inLanguage":"es"},{"@type":"Organization","@id":"https:\/\/www.mundoacuicola.cl\/new\/#organization","name":"Mundoacuicola","url":"https:\/\/www.mundoacuicola.cl\/new\/","logo":{"@type":"ImageObject","inLanguage":"es","@id":"https:\/\/www.mundoacuicola.cl\/new\/#\/schema\/logo\/image\/","url":"https:\/\/www.mundoacuicola.cl\/new\/wp-content\/uploads\/2026\/01\/cropped-LOGO-Mundo-Acuicola-2026.png","contentUrl":"https:\/\/www.mundoacuicola.cl\/new\/wp-content\/uploads\/2026\/01\/cropped-LOGO-Mundo-Acuicola-2026.png","width":1252,"height":296,"caption":"Mundoacuicola"},"image":{"@id":"https:\/\/www.mundoacuicola.cl\/new\/#\/schema\/logo\/image\/"},"sameAs":["https:\/\/www.facebook.com\/mundo.acuicola\/","https:\/\/x.com\/mundoacuicola","https:\/\/www.linkedin.com\/in\/mundo-acuicola"]},{"@type":"Person","@id":"https:\/\/www.mundoacuicola.cl\/new\/#\/schema\/person\/c00ffe389abb88bd9254653add139315","name":"mbarrueto","url":"https:\/\/www.mundoacuicola.cl\/new\/author\/mbarrueto\/"}]}},"_links":{"self":[{"href":"https:\/\/www.mundoacuicola.cl\/new\/wp-json\/wp\/v2\/posts\/81157","targetHints":{"allow":["GET"]}}],"collection":[{"href":"https:\/\/www.mundoacuicola.cl\/new\/wp-json\/wp\/v2\/posts"}],"about":[{"href":"https:\/\/www.mundoacuicola.cl\/new\/wp-json\/wp\/v2\/types\/post"}],"author":[{"embeddable":true,"href":"https:\/\/www.mundoacuicola.cl\/new\/wp-json\/wp\/v2\/users\/10"}],"replies":[{"embeddable":true,"href":"https:\/\/www.mundoacuicola.cl\/new\/wp-json\/wp\/v2\/comments?post=81157"}],"version-history":[{"count":0,"href":"https:\/\/www.mundoacuicola.cl\/new\/wp-json\/wp\/v2\/posts\/81157\/revisions"}],"wp:featuredmedia":[{"embeddable":true,"href":"https:\/\/www.mundoacuicola.cl\/new\/wp-json\/wp\/v2\/media\/81161"}],"wp:attachment":[{"href":"https:\/\/www.mundoacuicola.cl\/new\/wp-json\/wp\/v2\/media?parent=81157"}],"wp:term":[{"taxonomy":"category","embeddable":true,"href":"https:\/\/www.mundoacuicola.cl\/new\/wp-json\/wp\/v2\/categories?post=81157"},{"taxonomy":"post_tag","embeddable":true,"href":"https:\/\/www.mundoacuicola.cl\/new\/wp-json\/wp\/v2\/tags?post=81157"}],"curies":[{"name":"wp","href":"https:\/\/api.w.org\/{rel}","templated":true}]}}