{"id":81268,"date":"2025-10-03T14:09:53","date_gmt":"2025-10-03T18:09:53","guid":{"rendered":"https:\/\/www.mundoacuicola.cl\/new\/?p=81268"},"modified":"2025-10-07T10:24:38","modified_gmt":"2025-10-07T14:24:38","slug":"efe-proyecta-inicio-de-plan-ferroviario-para-transporte-de-salmon-desde-frutillar","status":"publish","type":"post","link":"https:\/\/www.mundoacuicola.cl\/new\/efe-proyecta-inicio-de-plan-ferroviario-para-transporte-de-salmon-desde-frutillar\/","title":{"rendered":"EFE proyecta inicio de plan ferroviario para transporte de salm\u00f3n desde Frutillar"},"content":{"rendered":"<p><span style=\"font-weight: 400;\">Como exitoso fue catalogado por la Empresa de Ferrocarriles del Estado (EFE) el piloto del Plan Bimodal Ferroviario para carga de la Industria del Salm\u00f3n desde Puerto Montt a la Regi\u00f3n del B\u00edo B\u00edo y que tiene a Frutillar como punto estrat\u00e9gico para la descarga y carga de los productos.\u00a0\u00a0\u00a0<\/span><\/p>\n<p><span style=\"font-weight: 400;\">As\u00ed lo indic\u00f3 el gestor comercial log\u00edstico de EFE, Emilio Far\u00edas, quien la tarde del jueves se reuni\u00f3 en dependencias del municipio con el Alcalde de la comuna Javier Arismendi, a quien junto con comunicarle los resultados de esta evaluaci\u00f3n, solicit\u00f3 todo el apoyo para que a fines de este a\u00f1o o durante el primer trimestre de 2026 pueda comenzar a operar este proyecto, en un comienzo, dos veces por semana.<\/span><\/p>\n<p><span style=\"font-weight: 400;\">En la reuni\u00f3n, donde adem\u00e1s estuvo presente de manera telem\u00e1tica el gerente comercial de Ferrocarriles del Pac\u00edfico S.A (Fepasa), la autoridad comunal indic\u00f3 que el municipio va a apoyar en todo lo necesario para poner en marcha y cuanto antes esta iniciativa.<\/span><\/p>\n<p><span style=\"font-weight: 400;\">En un comienzo el punto estrat\u00e9gico de funcionamiento de este puerto de carga y descarga de la industria de salmones ser\u00e1 a un costado de la Cubierta Productiva y Cultural donde se realiz\u00f3 este lanzamiento del plan piloto el pasado 23 de julio en nuestra comuna.<\/span><\/p>\n<h3><strong>Licitaci\u00f3n definitiva en 2026<\/strong><\/h3>\n<p><span style=\"font-weight: 400;\"><img fetchpriority=\"high\" decoding=\"async\" class=\"size-medium wp-image-81273 alignleft\" src=\"https:\/\/www.mundoacuicola.cl\/new\/wp-content\/uploads\/2025\/10\/Plantilla-estandar-mundo-acuicola-2025-10-03T152132.580-420x225.jpg\" alt=\"\" width=\"420\" height=\"225\" srcset=\"https:\/\/www.mundoacuicola.cl\/new\/wp-content\/uploads\/2025\/10\/Plantilla-estandar-mundo-acuicola-2025-10-03T152132.580-420x225.jpg 420w, https:\/\/www.mundoacuicola.cl\/new\/wp-content\/uploads\/2025\/10\/Plantilla-estandar-mundo-acuicola-2025-10-03T152132.580-500x267.jpg 500w, https:\/\/www.mundoacuicola.cl\/new\/wp-content\/uploads\/2025\/10\/Plantilla-estandar-mundo-acuicola-2025-10-03T152132.580-167x89.jpg 167w, https:\/\/www.mundoacuicola.cl\/new\/wp-content\/uploads\/2025\/10\/Plantilla-estandar-mundo-acuicola-2025-10-03T152132.580.jpg 750w\" sizes=\"(max-width: 420px) 100vw, 420px\" \/>Sobre esta informaci\u00f3n, el Alcalde Javier Arismendi se mostr\u00f3 conforme no solo por los resultados del plan piloto sino tambi\u00e9n con la proyecci\u00f3n que significa para la comuna, el inicio de este Plan Bimodal de Transporte de carga de la Industria del Salm\u00f3n.<\/span><\/p>\n<p><span style=\"font-weight: 400;\">Al respecto, la autoridad comunal indic\u00f3 que \u201crecibimos la visita de ejecutivos de Log\u00edstica de EFE y nos indicaron que el plan piloto realizado hace unos meses result\u00f3 todo un \u00e9xito por ende estiman que entre diciembre de este a\u00f1o y el primer trimestre del pr\u00f3ximo van a comenzar a operar en un principio con dos cargas semanales.\u00a0 Esta es una tremenda noticia para la comuna; tendremos el centro de acopio en el recinto estaci\u00f3n mientras se realiza la licitaci\u00f3n definitiva que ser\u00e1 en el transcurso del 2026. Esto tambi\u00e9n nos abre a\u00fan m\u00e1s la puerta para la llegada del tren de pasajeros\u201d.\u00a0\u00a0<\/span><\/p>\n<p><span style=\"font-weight: 400;\">Por su parte la Empresa de Ferrocarriles del Estado (EFE) que ya hab\u00eda invertido unos 70 millones de pesos en la rehabilitaci\u00f3n de las v\u00edas f\u00e9rreas, se compromete a efectuar obras de compactaci\u00f3n de terreno, cierre perimetral y otras medidas de seguridad en el lugar. Adem\u00e1s, la idea es que la mano de obra que significar\u00e1 la operatividad de este sistema, sea de la comuna de Frutillar.<\/span><\/p>\n","protected":false},"excerpt":{"rendered":"<p>Tras un piloto exitoso, EFE proyecta operar en Frutillar su plan ferroviario para carga de salm\u00f3n hacia el B\u00edo B\u00edo, con inicio esperado en los pr\u00f3ximos meses.<\/p>\n","protected":false},"author":10,"featured_media":81269,"comment_status":"closed","ping_status":"closed","sticky":false,"template":"","format":"standard","meta":{"footnotes":""},"categories":[60],"tags":[1261,143,27018,27678,122,2907,184,2273,6027,137,197],"class_list":["post-81268","post","type-post","status-publish","format-standard","has-post-thumbnail","hentry","category-salmonicultura","tag-acuicola","tag-acuicultura","tag-efe","tag-empresa-de-ferrocarriles-del-estado","tag-industria-acuicola","tag-industria-salmonera","tag-salmon","tag-salmon-chileno","tag-salmonera","tag-salmones","tag-salmonicultura"],"yoast_head":"<!-- This site is optimized with the Yoast SEO plugin v27.5 - https:\/\/yoast.com\/product\/yoast-seo-wordpress\/ -->\n<title>EFE proyecta inicio de plan ferroviario para transporte de salm\u00f3n desde Frutillar - Mundoacuicola<\/title>\n<meta name=\"robots\" content=\"index, follow, max-snippet:-1, max-image-preview:large, max-video-preview:-1\" \/>\n<link rel=\"canonical\" href=\"https:\/\/www.mundoacuicola.cl\/new\/efe-proyecta-inicio-de-plan-ferroviario-para-transporte-de-salmon-desde-frutillar\/\" \/>\n<meta property=\"og:locale\" content=\"es_ES\" \/>\n<meta property=\"og:type\" content=\"article\" \/>\n<meta property=\"og:title\" content=\"EFE proyecta inicio de plan ferroviario para transporte de salm\u00f3n desde Frutillar - Mundoacuicola\" \/>\n<meta property=\"og:description\" content=\"Tras un piloto exitoso, EFE proyecta operar en Frutillar su plan ferroviario para carga de salm\u00f3n hacia el B\u00edo B\u00edo, con inicio esperado en los pr\u00f3ximos meses.\" \/>\n<meta property=\"og:url\" content=\"https:\/\/www.mundoacuicola.cl\/new\/efe-proyecta-inicio-de-plan-ferroviario-para-transporte-de-salmon-desde-frutillar\/\" \/>\n<meta property=\"og:site_name\" content=\"Mundoacuicola\" \/>\n<meta property=\"article:publisher\" content=\"https:\/\/www.facebook.com\/mundo.acuicola\/\" \/>\n<meta property=\"article:published_time\" content=\"2025-10-03T18:09:53+00:00\" \/>\n<meta property=\"article:modified_time\" content=\"2025-10-07T14:24:38+00:00\" \/>\n<meta property=\"og:image\" content=\"https:\/\/www.mundoacuicola.cl\/new\/wp-content\/uploads\/2025\/10\/EFETrenSalmonFrutillar.jpg\" \/>\n\t<meta property=\"og:image:width\" content=\"750\" \/>\n\t<meta property=\"og:image:height\" content=\"400\" \/>\n\t<meta property=\"og:image:type\" content=\"image\/jpeg\" \/>\n<meta name=\"author\" content=\"mbarrueto\" \/>\n<meta name=\"twitter:card\" content=\"summary_large_image\" \/>\n<meta name=\"twitter:creator\" content=\"@mundoacuicola\" \/>\n<meta name=\"twitter:site\" content=\"@mundoacuicola\" \/>\n<meta name=\"twitter:label1\" content=\"Escrito por\" \/>\n\t<meta name=\"twitter:data1\" content=\"mbarrueto\" \/>\n\t<meta name=\"twitter:label2\" content=\"Tiempo de lectura\" \/>\n\t<meta name=\"twitter:data2\" content=\"2 minutos\" \/>\n<script type=\"application\/ld+json\" class=\"yoast-schema-graph\">{\"@context\":\"https:\\\/\\\/schema.org\",\"@graph\":[{\"@type\":\"Article\",\"@id\":\"https:\\\/\\\/www.mundoacuicola.cl\\\/new\\\/efe-proyecta-inicio-de-plan-ferroviario-para-transporte-de-salmon-desde-frutillar\\\/#article\",\"isPartOf\":{\"@id\":\"https:\\\/\\\/www.mundoacuicola.cl\\\/new\\\/efe-proyecta-inicio-de-plan-ferroviario-para-transporte-de-salmon-desde-frutillar\\\/\"},\"author\":{\"name\":\"mbarrueto\",\"@id\":\"https:\\\/\\\/www.mundoacuicola.cl\\\/new\\\/#\\\/schema\\\/person\\\/c00ffe389abb88bd9254653add139315\"},\"headline\":\"EFE proyecta inicio de plan ferroviario para transporte de salm\u00f3n desde Frutillar\",\"datePublished\":\"2025-10-03T18:09:53+00:00\",\"dateModified\":\"2025-10-07T14:24:38+00:00\",\"mainEntityOfPage\":{\"@id\":\"https:\\\/\\\/www.mundoacuicola.cl\\\/new\\\/efe-proyecta-inicio-de-plan-ferroviario-para-transporte-de-salmon-desde-frutillar\\\/\"},\"wordCount\":468,\"publisher\":{\"@id\":\"https:\\\/\\\/www.mundoacuicola.cl\\\/new\\\/#organization\"},\"image\":{\"@id\":\"https:\\\/\\\/www.mundoacuicola.cl\\\/new\\\/efe-proyecta-inicio-de-plan-ferroviario-para-transporte-de-salmon-desde-frutillar\\\/#primaryimage\"},\"thumbnailUrl\":\"https:\\\/\\\/www.mundoacuicola.cl\\\/new\\\/wp-content\\\/uploads\\\/2025\\\/10\\\/EFETrenSalmonFrutillar.jpg\",\"keywords\":[\"Acu\u00edcola\",\"Acuicultura\",\"EFE\",\"Empresa de Ferrocarriles del Estado\",\"Industria Acu\u00edcola\",\"Industria salmonera\",\"Salm\u00f3n\",\"Salm\u00f3n chileno\",\"salmonera\",\"salmones\",\"salmonicultura\"],\"articleSection\":[\"Salmonicultura\"],\"inLanguage\":\"es\"},{\"@type\":\"WebPage\",\"@id\":\"https:\\\/\\\/www.mundoacuicola.cl\\\/new\\\/efe-proyecta-inicio-de-plan-ferroviario-para-transporte-de-salmon-desde-frutillar\\\/\",\"url\":\"https:\\\/\\\/www.mundoacuicola.cl\\\/new\\\/efe-proyecta-inicio-de-plan-ferroviario-para-transporte-de-salmon-desde-frutillar\\\/\",\"name\":\"EFE proyecta inicio de plan ferroviario para transporte de salm\u00f3n desde Frutillar - Mundoacuicola\",\"isPartOf\":{\"@id\":\"https:\\\/\\\/www.mundoacuicola.cl\\\/new\\\/#website\"},\"primaryImageOfPage\":{\"@id\":\"https:\\\/\\\/www.mundoacuicola.cl\\\/new\\\/efe-proyecta-inicio-de-plan-ferroviario-para-transporte-de-salmon-desde-frutillar\\\/#primaryimage\"},\"image\":{\"@id\":\"https:\\\/\\\/www.mundoacuicola.cl\\\/new\\\/efe-proyecta-inicio-de-plan-ferroviario-para-transporte-de-salmon-desde-frutillar\\\/#primaryimage\"},\"thumbnailUrl\":\"https:\\\/\\\/www.mundoacuicola.cl\\\/new\\\/wp-content\\\/uploads\\\/2025\\\/10\\\/EFETrenSalmonFrutillar.jpg\",\"datePublished\":\"2025-10-03T18:09:53+00:00\",\"dateModified\":\"2025-10-07T14:24:38+00:00\",\"breadcrumb\":{\"@id\":\"https:\\\/\\\/www.mundoacuicola.cl\\\/new\\\/efe-proyecta-inicio-de-plan-ferroviario-para-transporte-de-salmon-desde-frutillar\\\/#breadcrumb\"},\"inLanguage\":\"es\",\"potentialAction\":[{\"@type\":\"ReadAction\",\"target\":[\"https:\\\/\\\/www.mundoacuicola.cl\\\/new\\\/efe-proyecta-inicio-de-plan-ferroviario-para-transporte-de-salmon-desde-frutillar\\\/\"]}]},{\"@type\":\"ImageObject\",\"inLanguage\":\"es\",\"@id\":\"https:\\\/\\\/www.mundoacuicola.cl\\\/new\\\/efe-proyecta-inicio-de-plan-ferroviario-para-transporte-de-salmon-desde-frutillar\\\/#primaryimage\",\"url\":\"https:\\\/\\\/www.mundoacuicola.cl\\\/new\\\/wp-content\\\/uploads\\\/2025\\\/10\\\/EFETrenSalmonFrutillar.jpg\",\"contentUrl\":\"https:\\\/\\\/www.mundoacuicola.cl\\\/new\\\/wp-content\\\/uploads\\\/2025\\\/10\\\/EFETrenSalmonFrutillar.jpg\",\"width\":750,\"height\":400},{\"@type\":\"BreadcrumbList\",\"@id\":\"https:\\\/\\\/www.mundoacuicola.cl\\\/new\\\/efe-proyecta-inicio-de-plan-ferroviario-para-transporte-de-salmon-desde-frutillar\\\/#breadcrumb\",\"itemListElement\":[{\"@type\":\"ListItem\",\"position\":1,\"name\":\"Portada\",\"item\":\"https:\\\/\\\/www.mundoacuicola.cl\\\/new\\\/\"},{\"@type\":\"ListItem\",\"position\":2,\"name\":\"EFE proyecta inicio de plan ferroviario para transporte de salm\u00f3n desde Frutillar\"}]},{\"@type\":\"WebSite\",\"@id\":\"https:\\\/\\\/www.mundoacuicola.cl\\\/new\\\/#website\",\"url\":\"https:\\\/\\\/www.mundoacuicola.cl\\\/new\\\/\",\"name\":\"Mundoacuicola\",\"description\":\"Revista de Acuicultura.\",\"publisher\":{\"@id\":\"https:\\\/\\\/www.mundoacuicola.cl\\\/new\\\/#organization\"},\"potentialAction\":[{\"@type\":\"SearchAction\",\"target\":{\"@type\":\"EntryPoint\",\"urlTemplate\":\"https:\\\/\\\/www.mundoacuicola.cl\\\/new\\\/?s={search_term_string}\"},\"query-input\":{\"@type\":\"PropertyValueSpecification\",\"valueRequired\":true,\"valueName\":\"search_term_string\"}}],\"inLanguage\":\"es\"},{\"@type\":\"Organization\",\"@id\":\"https:\\\/\\\/www.mundoacuicola.cl\\\/new\\\/#organization\",\"name\":\"Mundoacuicola\",\"url\":\"https:\\\/\\\/www.mundoacuicola.cl\\\/new\\\/\",\"logo\":{\"@type\":\"ImageObject\",\"inLanguage\":\"es\",\"@id\":\"https:\\\/\\\/www.mundoacuicola.cl\\\/new\\\/#\\\/schema\\\/logo\\\/image\\\/\",\"url\":\"https:\\\/\\\/www.mundoacuicola.cl\\\/new\\\/wp-content\\\/uploads\\\/2026\\\/01\\\/cropped-LOGO-Mundo-Acuicola-2026.png\",\"contentUrl\":\"https:\\\/\\\/www.mundoacuicola.cl\\\/new\\\/wp-content\\\/uploads\\\/2026\\\/01\\\/cropped-LOGO-Mundo-Acuicola-2026.png\",\"width\":1252,\"height\":296,\"caption\":\"Mundoacuicola\"},\"image\":{\"@id\":\"https:\\\/\\\/www.mundoacuicola.cl\\\/new\\\/#\\\/schema\\\/logo\\\/image\\\/\"},\"sameAs\":[\"https:\\\/\\\/www.facebook.com\\\/mundo.acuicola\\\/\",\"https:\\\/\\\/x.com\\\/mundoacuicola\",\"https:\\\/\\\/www.linkedin.com\\\/in\\\/mundo-acuicola\"]},{\"@type\":\"Person\",\"@id\":\"https:\\\/\\\/www.mundoacuicola.cl\\\/new\\\/#\\\/schema\\\/person\\\/c00ffe389abb88bd9254653add139315\",\"name\":\"mbarrueto\",\"url\":\"https:\\\/\\\/www.mundoacuicola.cl\\\/new\\\/author\\\/mbarrueto\\\/\"}]}<\/script>\n<!-- \/ Yoast SEO plugin. -->","yoast_head_json":{"title":"EFE proyecta inicio de plan ferroviario para transporte de salm\u00f3n desde Frutillar - Mundoacuicola","robots":{"index":"index","follow":"follow","max-snippet":"max-snippet:-1","max-image-preview":"max-image-preview:large","max-video-preview":"max-video-preview:-1"},"canonical":"https:\/\/www.mundoacuicola.cl\/new\/efe-proyecta-inicio-de-plan-ferroviario-para-transporte-de-salmon-desde-frutillar\/","og_locale":"es_ES","og_type":"article","og_title":"EFE proyecta inicio de plan ferroviario para transporte de salm\u00f3n desde Frutillar - Mundoacuicola","og_description":"Tras un piloto exitoso, EFE proyecta operar en Frutillar su plan ferroviario para carga de salm\u00f3n hacia el B\u00edo B\u00edo, con inicio esperado en los pr\u00f3ximos meses.","og_url":"https:\/\/www.mundoacuicola.cl\/new\/efe-proyecta-inicio-de-plan-ferroviario-para-transporte-de-salmon-desde-frutillar\/","og_site_name":"Mundoacuicola","article_publisher":"https:\/\/www.facebook.com\/mundo.acuicola\/","article_published_time":"2025-10-03T18:09:53+00:00","article_modified_time":"2025-10-07T14:24:38+00:00","og_image":[{"width":750,"height":400,"url":"https:\/\/www.mundoacuicola.cl\/new\/wp-content\/uploads\/2025\/10\/EFETrenSalmonFrutillar.jpg","type":"image\/jpeg"}],"author":"mbarrueto","twitter_card":"summary_large_image","twitter_creator":"@mundoacuicola","twitter_site":"@mundoacuicola","twitter_misc":{"Escrito por":"mbarrueto","Tiempo de lectura":"2 minutos"},"schema":{"@context":"https:\/\/schema.org","@graph":[{"@type":"Article","@id":"https:\/\/www.mundoacuicola.cl\/new\/efe-proyecta-inicio-de-plan-ferroviario-para-transporte-de-salmon-desde-frutillar\/#article","isPartOf":{"@id":"https:\/\/www.mundoacuicola.cl\/new\/efe-proyecta-inicio-de-plan-ferroviario-para-transporte-de-salmon-desde-frutillar\/"},"author":{"name":"mbarrueto","@id":"https:\/\/www.mundoacuicola.cl\/new\/#\/schema\/person\/c00ffe389abb88bd9254653add139315"},"headline":"EFE proyecta inicio de plan ferroviario para transporte de salm\u00f3n desde Frutillar","datePublished":"2025-10-03T18:09:53+00:00","dateModified":"2025-10-07T14:24:38+00:00","mainEntityOfPage":{"@id":"https:\/\/www.mundoacuicola.cl\/new\/efe-proyecta-inicio-de-plan-ferroviario-para-transporte-de-salmon-desde-frutillar\/"},"wordCount":468,"publisher":{"@id":"https:\/\/www.mundoacuicola.cl\/new\/#organization"},"image":{"@id":"https:\/\/www.mundoacuicola.cl\/new\/efe-proyecta-inicio-de-plan-ferroviario-para-transporte-de-salmon-desde-frutillar\/#primaryimage"},"thumbnailUrl":"https:\/\/www.mundoacuicola.cl\/new\/wp-content\/uploads\/2025\/10\/EFETrenSalmonFrutillar.jpg","keywords":["Acu\u00edcola","Acuicultura","EFE","Empresa de Ferrocarriles del Estado","Industria Acu\u00edcola","Industria salmonera","Salm\u00f3n","Salm\u00f3n chileno","salmonera","salmones","salmonicultura"],"articleSection":["Salmonicultura"],"inLanguage":"es"},{"@type":"WebPage","@id":"https:\/\/www.mundoacuicola.cl\/new\/efe-proyecta-inicio-de-plan-ferroviario-para-transporte-de-salmon-desde-frutillar\/","url":"https:\/\/www.mundoacuicola.cl\/new\/efe-proyecta-inicio-de-plan-ferroviario-para-transporte-de-salmon-desde-frutillar\/","name":"EFE proyecta inicio de plan ferroviario para transporte de salm\u00f3n desde Frutillar - Mundoacuicola","isPartOf":{"@id":"https:\/\/www.mundoacuicola.cl\/new\/#website"},"primaryImageOfPage":{"@id":"https:\/\/www.mundoacuicola.cl\/new\/efe-proyecta-inicio-de-plan-ferroviario-para-transporte-de-salmon-desde-frutillar\/#primaryimage"},"image":{"@id":"https:\/\/www.mundoacuicola.cl\/new\/efe-proyecta-inicio-de-plan-ferroviario-para-transporte-de-salmon-desde-frutillar\/#primaryimage"},"thumbnailUrl":"https:\/\/www.mundoacuicola.cl\/new\/wp-content\/uploads\/2025\/10\/EFETrenSalmonFrutillar.jpg","datePublished":"2025-10-03T18:09:53+00:00","dateModified":"2025-10-07T14:24:38+00:00","breadcrumb":{"@id":"https:\/\/www.mundoacuicola.cl\/new\/efe-proyecta-inicio-de-plan-ferroviario-para-transporte-de-salmon-desde-frutillar\/#breadcrumb"},"inLanguage":"es","potentialAction":[{"@type":"ReadAction","target":["https:\/\/www.mundoacuicola.cl\/new\/efe-proyecta-inicio-de-plan-ferroviario-para-transporte-de-salmon-desde-frutillar\/"]}]},{"@type":"ImageObject","inLanguage":"es","@id":"https:\/\/www.mundoacuicola.cl\/new\/efe-proyecta-inicio-de-plan-ferroviario-para-transporte-de-salmon-desde-frutillar\/#primaryimage","url":"https:\/\/www.mundoacuicola.cl\/new\/wp-content\/uploads\/2025\/10\/EFETrenSalmonFrutillar.jpg","contentUrl":"https:\/\/www.mundoacuicola.cl\/new\/wp-content\/uploads\/2025\/10\/EFETrenSalmonFrutillar.jpg","width":750,"height":400},{"@type":"BreadcrumbList","@id":"https:\/\/www.mundoacuicola.cl\/new\/efe-proyecta-inicio-de-plan-ferroviario-para-transporte-de-salmon-desde-frutillar\/#breadcrumb","itemListElement":[{"@type":"ListItem","position":1,"name":"Portada","item":"https:\/\/www.mundoacuicola.cl\/new\/"},{"@type":"ListItem","position":2,"name":"EFE proyecta inicio de plan ferroviario para transporte de salm\u00f3n desde Frutillar"}]},{"@type":"WebSite","@id":"https:\/\/www.mundoacuicola.cl\/new\/#website","url":"https:\/\/www.mundoacuicola.cl\/new\/","name":"Mundoacuicola","description":"Revista de Acuicultura.","publisher":{"@id":"https:\/\/www.mundoacuicola.cl\/new\/#organization"},"potentialAction":[{"@type":"SearchAction","target":{"@type":"EntryPoint","urlTemplate":"https:\/\/www.mundoacuicola.cl\/new\/?s={search_term_string}"},"query-input":{"@type":"PropertyValueSpecification","valueRequired":true,"valueName":"search_term_string"}}],"inLanguage":"es"},{"@type":"Organization","@id":"https:\/\/www.mundoacuicola.cl\/new\/#organization","name":"Mundoacuicola","url":"https:\/\/www.mundoacuicola.cl\/new\/","logo":{"@type":"ImageObject","inLanguage":"es","@id":"https:\/\/www.mundoacuicola.cl\/new\/#\/schema\/logo\/image\/","url":"https:\/\/www.mundoacuicola.cl\/new\/wp-content\/uploads\/2026\/01\/cropped-LOGO-Mundo-Acuicola-2026.png","contentUrl":"https:\/\/www.mundoacuicola.cl\/new\/wp-content\/uploads\/2026\/01\/cropped-LOGO-Mundo-Acuicola-2026.png","width":1252,"height":296,"caption":"Mundoacuicola"},"image":{"@id":"https:\/\/www.mundoacuicola.cl\/new\/#\/schema\/logo\/image\/"},"sameAs":["https:\/\/www.facebook.com\/mundo.acuicola\/","https:\/\/x.com\/mundoacuicola","https:\/\/www.linkedin.com\/in\/mundo-acuicola"]},{"@type":"Person","@id":"https:\/\/www.mundoacuicola.cl\/new\/#\/schema\/person\/c00ffe389abb88bd9254653add139315","name":"mbarrueto","url":"https:\/\/www.mundoacuicola.cl\/new\/author\/mbarrueto\/"}]}},"_links":{"self":[{"href":"https:\/\/www.mundoacuicola.cl\/new\/wp-json\/wp\/v2\/posts\/81268","targetHints":{"allow":["GET"]}}],"collection":[{"href":"https:\/\/www.mundoacuicola.cl\/new\/wp-json\/wp\/v2\/posts"}],"about":[{"href":"https:\/\/www.mundoacuicola.cl\/new\/wp-json\/wp\/v2\/types\/post"}],"author":[{"embeddable":true,"href":"https:\/\/www.mundoacuicola.cl\/new\/wp-json\/wp\/v2\/users\/10"}],"replies":[{"embeddable":true,"href":"https:\/\/www.mundoacuicola.cl\/new\/wp-json\/wp\/v2\/comments?post=81268"}],"version-history":[{"count":0,"href":"https:\/\/www.mundoacuicola.cl\/new\/wp-json\/wp\/v2\/posts\/81268\/revisions"}],"wp:featuredmedia":[{"embeddable":true,"href":"https:\/\/www.mundoacuicola.cl\/new\/wp-json\/wp\/v2\/media\/81269"}],"wp:attachment":[{"href":"https:\/\/www.mundoacuicola.cl\/new\/wp-json\/wp\/v2\/media?parent=81268"}],"wp:term":[{"taxonomy":"category","embeddable":true,"href":"https:\/\/www.mundoacuicola.cl\/new\/wp-json\/wp\/v2\/categories?post=81268"},{"taxonomy":"post_tag","embeddable":true,"href":"https:\/\/www.mundoacuicola.cl\/new\/wp-json\/wp\/v2\/tags?post=81268"}],"curies":[{"name":"wp","href":"https:\/\/api.w.org\/{rel}","templated":true}]}}