{"id":81298,"date":"2025-10-06T09:13:17","date_gmt":"2025-10-06T13:13:17","guid":{"rendered":"https:\/\/www.mundoacuicola.cl\/new\/?p=81298"},"modified":"2025-10-07T10:20:51","modified_gmt":"2025-10-07T14:20:51","slug":"investigan-presunta-red-organizada-tras-fuga-de-salmones-en-calbuco","status":"publish","type":"post","link":"https:\/\/www.mundoacuicola.cl\/new\/investigan-presunta-red-organizada-tras-fuga-de-salmones-en-calbuco\/","title":{"rendered":"Denuncian presunta \u201cred organizada\u201d tras fuga de salmones en Calbuco"},"content":{"rendered":"<article class=\"text-token-text-primary w-full focus:outline-none scroll-mt-[calc(var(--header-height)+min(200px,max(70px,20svh)))]\" dir=\"auto\" tabindex=\"-1\" data-turn-id=\"request-WEB:85d900b5-81fc-4027-aa87-f4cf410f2536-1\" data-testid=\"conversation-turn-4\" data-scroll-anchor=\"false\" data-turn=\"assistant\">\n<div class=\"text-base my-auto mx-auto [--thread-content-margin:--spacing(4)] thread-sm:[--thread-content-margin:--spacing(6)] thread-lg:[--thread-content-margin:--spacing(16)] px-(--thread-content-margin)\">\n<div class=\"[--thread-content-max-width:40rem] thread-lg:[--thread-content-max-width:48rem] mx-auto max-w-(--thread-content-max-width) flex-1 group\/turn-messages focus-visible:outline-hidden relative flex w-full min-w-0 flex-col agent-turn\" tabindex=\"-1\">\n<div class=\"flex max-w-full flex-col grow\">\n<div class=\"min-h-8 text-message relative flex w-full flex-col items-end gap-2 text-start break-words whitespace-normal [.text-message+&amp;]:mt-5\" dir=\"auto\" data-message-author-role=\"assistant\" data-message-id=\"df36a2c2-2fc0-4dd6-8de7-d968f9ea7753\" data-message-model-slug=\"gpt-5\">\n<div class=\"flex w-full flex-col gap-1 empty:hidden first:pt-[1px]\">\n<div class=\"markdown prose dark:prose-invert w-full break-words light markdown-new-styling\">\n<p data-start=\"104\" data-end=\"442\">La comuna de Calbuco se encuentra en alerta tras un nuevo episodio que involucra la presunta intervenci\u00f3n de terceros en un escape masivo de salmones. El hecho, ocurrido el viernes 3 de octubre en el sector San Antonio, afect\u00f3 a la empresa Marine Farm y motiv\u00f3 la apertura de una investigaci\u00f3n por parte de la Fiscal\u00eda Local de Calbuco.<\/p>\n<p data-start=\"444\" data-end=\"874\">Seg\u00fan la informaci\u00f3n entregada por la compa\u00f1\u00eda, el incidente habr\u00eda ocurrido durante la jornada del viernes, cuando se detect\u00f3 la fuga de peces desde dos jaulas del centro San Antonio. El gerente general de Marine Farm, <strong data-start=\"664\" data-end=\"687\">Roberto Riethm\u00fcller<\/strong>, inform\u00f3 que el hecho <strong data-start=\"710\" data-end=\"873\">\u201cser\u00eda atribuible a terceras personas, situaci\u00f3n que ya fue denunciada ante las autoridades competentes y actualmente se encuentra en proceso de investigaci\u00f3n\u201d<\/strong>.<\/p>\n<p data-start=\"876\" data-end=\"1415\">De acuerdo con la denuncia interpuesta esa misma noche en la <strong data-start=\"937\" data-end=\"968\">Cuarta Comisar\u00eda de Calbuco<\/strong>, el propio Riethm\u00fcller se present\u00f3 alrededor de las 20:00 horas para informar <strong data-start=\"1047\" data-end=\"1077\">da\u00f1os en las instalaciones<\/strong>, espec\u00edficamente <strong data-start=\"1095\" data-end=\"1133\">dos jaulas con cortes en sus redes<\/strong>, los cuales se extend\u00edan <strong data-start=\"1159\" data-end=\"1195\">hasta tres metros de profundidad<\/strong>. La causa fue derivada a la Fiscal\u00eda local, aunque en el parte policial <strong data-start=\"1268\" data-end=\"1332\">no se estableci\u00f3 a\u00fan el volumen ni el aval\u00fao de las p\u00e9rdidas<\/strong>, pues era necesario realizar una inspecci\u00f3n completa de las estructuras afectadas.<\/p>\n<p data-start=\"1417\" data-end=\"1851\">La empresa cifr\u00f3 el n\u00famero estimado de salmones escapados en <strong data-start=\"1478\" data-end=\"1508\">al menos 20 mil ejemplares<\/strong> y asegur\u00f3 haber activado sus protocolos internos. <strong data-start=\"1559\" data-end=\"1828\">\u201cComo compa\u00f1\u00eda, activamos de inmediato nuestros protocolos y planes de contingencia establecidos para este tipo de situaciones. Actualmente, nos encontramos trabajando activamente en el proceso de recaptura, bajo supervisi\u00f3n directa de la autoridad correspondiente\u201d<\/strong>, se\u00f1al\u00f3 Riethm\u00fcller.<\/p>\n<p data-start=\"1853\" data-end=\"2083\">El ejecutivo lament\u00f3 lo ocurrido y expres\u00f3 que <strong data-start=\"1900\" data-end=\"2080\">\u201creiteramos nuestro compromiso con la transparencia y el cumplimiento normativo, priorizando siempre la seguridad ambiental y la responsabilidad que conlleva nuestra operaci\u00f3n\u201d<\/strong>.<\/p>\n<h3 data-start=\"1853\" data-end=\"2083\"><strong data-start=\"2381\" data-end=\"2401\">Red delictual<\/strong><\/h3>\n<p data-start=\"2085\" data-end=\"2436\">En paralelo, el alcalde de Calbuco, <strong data-start=\"2121\" data-end=\"2143\">Marco Andr\u00e9s Silva<\/strong>, manifest\u00f3 una fuerte preocupaci\u00f3n por lo sucedido y denunci\u00f3 p\u00fablicamente que se tratar\u00eda de un acto intencional. Seg\u00fan dijo, <strong data-start=\"2271\" data-end=\"2308\">\u201cno se trata de un hecho aislado\u201d<\/strong> ni de un <strong data-start=\"2318\" data-end=\"2338\">\u201cescape natural\u201d<\/strong>, apuntando a la posible existencia de una <strong data-start=\"2381\" data-end=\"2401\">\u201cred organizada\u201d<\/strong> que estar\u00eda operando en la zona.<\/p>\n<p data-start=\"2438\" data-end=\"2883\">El jefe comunal asegur\u00f3 que el suceso <strong data-start=\"2476\" data-end=\"2649\">\u201cse suma a otros registrados recientemente en la comuna, generando una creciente preocupaci\u00f3n por la seguridad de los centros productivos y de los pescadores en general\u201d<\/strong>. En esa l\u00ednea, explic\u00f3 que los antecedentes recopilados hasta ahora <strong data-start=\"2718\" data-end=\"2882\">\u201cindican que no se trata de un hecho aislado, sino de acciones coordinadas que evidencian la existencia de una red organizada que facilita este tipo de delitos\u201d<\/strong>.<\/p>\n<p data-start=\"2885\" data-end=\"3312\">Silva detall\u00f3 adem\u00e1s que en el sitio del suceso <strong data-start=\"2933\" data-end=\"3100\">\u201cse encontraron cuchillos y mallas cercenadas en m\u00e1s de 15 metros, lo que confirma que no fue un escape natural, provocando la p\u00e9rdida de al menos 20 mil especies\u201d<\/strong>. Por ello, subray\u00f3 que <strong data-start=\"3124\" data-end=\"3311\">\u201cla situaci\u00f3n debe ser investigada en profundidad, ya que afecta directamente la econom\u00eda local y la confianza que las empresas deben tener para desarrollar su trabajo con normalidad\u201d<\/strong>.<\/p>\n<p data-start=\"3314\" data-end=\"3561\">Mientras la investigaci\u00f3n avanza, Marine Farm mantiene operativo su plan de contingencia y el proceso de recaptura de los ejemplares. Hasta ahora, las autoridades no han informado sobre peces recuperados ni sobre posibles sospechosos del sabotaje.<\/p>\n<p data-start=\"3563\" data-end=\"4155\">El hecho revive la preocupaci\u00f3n por los ataques a la infraestructura salmonera ocurridos en la zona durante los \u00faltimos a\u00f1os. En <strong data-start=\"3692\" data-end=\"3709\">enero de 2024<\/strong>, un <strong data-start=\"3714\" data-end=\"3781\">ataque intencional en la planta San Jos\u00e9 de Salmones Camanchaca<\/strong>, tambi\u00e9n en Calbuco, provoc\u00f3 el escape de <strong data-start=\"3824\" data-end=\"3849\">m\u00e1s de 2.000 salmones<\/strong> durante la noche del 1 al 2 de enero. De igual modo, en <strong data-start=\"3906\" data-end=\"3923\">marzo de 2023<\/strong>, el <strong data-start=\"3928\" data-end=\"3966\">Ministerio P\u00fablico de Puerto Varas<\/strong> dirigi\u00f3 una <strong data-start=\"3979\" data-end=\"4055\">investigaci\u00f3n por el ataque a las instalaciones de la empresa Caleta Bay<\/strong>, ubicadas en el <strong data-start=\"4072\" data-end=\"4091\">lago Llanquihue<\/strong>, que result\u00f3 en la <strong data-start=\"4111\" data-end=\"4154\">fuga de aproximadamente 60 mil salmones<\/strong>.<\/p>\n<\/div>\n<\/div>\n<\/div>\n<\/div>\n<\/div>\n<\/div>\n<\/article>\n","protected":false},"excerpt":{"rendered":"<p>La Fiscal\u00eda de Calbuco indaga la posible intervenci\u00f3n de terceros en la fuga de 20 mil salmones desde un centro de Marine Farm, hecho que el alcalde calific\u00f3 como parte de una \u201cred organizada\u201d.<\/p>\n","protected":false},"author":10,"featured_media":81299,"comment_status":"closed","ping_status":"closed","sticky":false,"template":"","format":"standard","meta":{"footnotes":""},"categories":[60],"tags":[1027,2239,2907,5479,6027,137,197,3447],"class_list":["post-81298","post","type-post","status-publish","format-standard","has-post-thumbnail","hentry","category-salmonicultura","tag-calbuco","tag-escape-de-salmones","tag-industria-salmonera","tag-marine-farm","tag-salmonera","tag-salmones","tag-salmonicultura","tag-salmonicultura-chilena"],"yoast_head":"<!-- This site is optimized with the Yoast SEO plugin v27.4 - https:\/\/yoast.com\/product\/yoast-seo-wordpress\/ -->\n<title>Denuncian presunta \u201cred organizada\u201d tras fuga de salmones en Calbuco - Mundoacuicola<\/title>\n<meta name=\"robots\" content=\"index, follow, max-snippet:-1, max-image-preview:large, max-video-preview:-1\" \/>\n<link rel=\"canonical\" href=\"https:\/\/www.mundoacuicola.cl\/new\/investigan-presunta-red-organizada-tras-fuga-de-salmones-en-calbuco\/\" \/>\n<meta property=\"og:locale\" content=\"es_ES\" \/>\n<meta property=\"og:type\" content=\"article\" \/>\n<meta property=\"og:title\" content=\"Denuncian presunta \u201cred organizada\u201d tras fuga de salmones en Calbuco - Mundoacuicola\" \/>\n<meta property=\"og:description\" content=\"La Fiscal\u00eda de Calbuco indaga la posible intervenci\u00f3n de terceros en la fuga de 20 mil salmones desde un centro de Marine Farm, hecho que el alcalde calific\u00f3 como parte de una \u201cred organizada\u201d.\" \/>\n<meta property=\"og:url\" content=\"https:\/\/www.mundoacuicola.cl\/new\/investigan-presunta-red-organizada-tras-fuga-de-salmones-en-calbuco\/\" \/>\n<meta property=\"og:site_name\" content=\"Mundoacuicola\" \/>\n<meta property=\"article:publisher\" content=\"https:\/\/www.facebook.com\/mundo.acuicola\/\" \/>\n<meta property=\"article:published_time\" content=\"2025-10-06T13:13:17+00:00\" \/>\n<meta property=\"article:modified_time\" content=\"2025-10-07T14:20:51+00:00\" \/>\n<meta property=\"og:image\" content=\"https:\/\/www.mundoacuicola.cl\/new\/wp-content\/uploads\/2025\/10\/MarineFarmEscapeSalmones.jpg\" \/>\n\t<meta property=\"og:image:width\" content=\"750\" \/>\n\t<meta property=\"og:image:height\" content=\"400\" \/>\n\t<meta property=\"og:image:type\" content=\"image\/jpeg\" \/>\n<meta name=\"author\" content=\"mbarrueto\" \/>\n<meta name=\"twitter:card\" content=\"summary_large_image\" \/>\n<meta name=\"twitter:creator\" content=\"@mundoacuicola\" \/>\n<meta name=\"twitter:site\" content=\"@mundoacuicola\" \/>\n<meta name=\"twitter:label1\" content=\"Escrito por\" \/>\n\t<meta name=\"twitter:data1\" content=\"mbarrueto\" \/>\n\t<meta name=\"twitter:label2\" content=\"Tiempo de lectura\" \/>\n\t<meta name=\"twitter:data2\" content=\"3 minutos\" \/>\n<script type=\"application\/ld+json\" class=\"yoast-schema-graph\">{\"@context\":\"https:\\\/\\\/schema.org\",\"@graph\":[{\"@type\":\"Article\",\"@id\":\"https:\\\/\\\/www.mundoacuicola.cl\\\/new\\\/investigan-presunta-red-organizada-tras-fuga-de-salmones-en-calbuco\\\/#article\",\"isPartOf\":{\"@id\":\"https:\\\/\\\/www.mundoacuicola.cl\\\/new\\\/investigan-presunta-red-organizada-tras-fuga-de-salmones-en-calbuco\\\/\"},\"author\":{\"name\":\"mbarrueto\",\"@id\":\"https:\\\/\\\/www.mundoacuicola.cl\\\/new\\\/#\\\/schema\\\/person\\\/c00ffe389abb88bd9254653add139315\"},\"headline\":\"Denuncian presunta \u201cred organizada\u201d tras fuga de salmones en Calbuco\",\"datePublished\":\"2025-10-06T13:13:17+00:00\",\"dateModified\":\"2025-10-07T14:20:51+00:00\",\"mainEntityOfPage\":{\"@id\":\"https:\\\/\\\/www.mundoacuicola.cl\\\/new\\\/investigan-presunta-red-organizada-tras-fuga-de-salmones-en-calbuco\\\/\"},\"wordCount\":671,\"publisher\":{\"@id\":\"https:\\\/\\\/www.mundoacuicola.cl\\\/new\\\/#organization\"},\"image\":{\"@id\":\"https:\\\/\\\/www.mundoacuicola.cl\\\/new\\\/investigan-presunta-red-organizada-tras-fuga-de-salmones-en-calbuco\\\/#primaryimage\"},\"thumbnailUrl\":\"https:\\\/\\\/www.mundoacuicola.cl\\\/new\\\/wp-content\\\/uploads\\\/2025\\\/10\\\/MarineFarmEscapeSalmones.jpg\",\"keywords\":[\"Calbuco\",\"Escape de salmones\",\"Industria salmonera\",\"Marine Farm\",\"salmonera\",\"salmones\",\"salmonicultura\",\"salmonicultura chilena\"],\"articleSection\":[\"Salmonicultura\"],\"inLanguage\":\"es\"},{\"@type\":\"WebPage\",\"@id\":\"https:\\\/\\\/www.mundoacuicola.cl\\\/new\\\/investigan-presunta-red-organizada-tras-fuga-de-salmones-en-calbuco\\\/\",\"url\":\"https:\\\/\\\/www.mundoacuicola.cl\\\/new\\\/investigan-presunta-red-organizada-tras-fuga-de-salmones-en-calbuco\\\/\",\"name\":\"Denuncian presunta \u201cred organizada\u201d tras fuga de salmones en Calbuco - Mundoacuicola\",\"isPartOf\":{\"@id\":\"https:\\\/\\\/www.mundoacuicola.cl\\\/new\\\/#website\"},\"primaryImageOfPage\":{\"@id\":\"https:\\\/\\\/www.mundoacuicola.cl\\\/new\\\/investigan-presunta-red-organizada-tras-fuga-de-salmones-en-calbuco\\\/#primaryimage\"},\"image\":{\"@id\":\"https:\\\/\\\/www.mundoacuicola.cl\\\/new\\\/investigan-presunta-red-organizada-tras-fuga-de-salmones-en-calbuco\\\/#primaryimage\"},\"thumbnailUrl\":\"https:\\\/\\\/www.mundoacuicola.cl\\\/new\\\/wp-content\\\/uploads\\\/2025\\\/10\\\/MarineFarmEscapeSalmones.jpg\",\"datePublished\":\"2025-10-06T13:13:17+00:00\",\"dateModified\":\"2025-10-07T14:20:51+00:00\",\"breadcrumb\":{\"@id\":\"https:\\\/\\\/www.mundoacuicola.cl\\\/new\\\/investigan-presunta-red-organizada-tras-fuga-de-salmones-en-calbuco\\\/#breadcrumb\"},\"inLanguage\":\"es\",\"potentialAction\":[{\"@type\":\"ReadAction\",\"target\":[\"https:\\\/\\\/www.mundoacuicola.cl\\\/new\\\/investigan-presunta-red-organizada-tras-fuga-de-salmones-en-calbuco\\\/\"]}]},{\"@type\":\"ImageObject\",\"inLanguage\":\"es\",\"@id\":\"https:\\\/\\\/www.mundoacuicola.cl\\\/new\\\/investigan-presunta-red-organizada-tras-fuga-de-salmones-en-calbuco\\\/#primaryimage\",\"url\":\"https:\\\/\\\/www.mundoacuicola.cl\\\/new\\\/wp-content\\\/uploads\\\/2025\\\/10\\\/MarineFarmEscapeSalmones.jpg\",\"contentUrl\":\"https:\\\/\\\/www.mundoacuicola.cl\\\/new\\\/wp-content\\\/uploads\\\/2025\\\/10\\\/MarineFarmEscapeSalmones.jpg\",\"width\":750,\"height\":400},{\"@type\":\"BreadcrumbList\",\"@id\":\"https:\\\/\\\/www.mundoacuicola.cl\\\/new\\\/investigan-presunta-red-organizada-tras-fuga-de-salmones-en-calbuco\\\/#breadcrumb\",\"itemListElement\":[{\"@type\":\"ListItem\",\"position\":1,\"name\":\"Portada\",\"item\":\"https:\\\/\\\/www.mundoacuicola.cl\\\/new\\\/\"},{\"@type\":\"ListItem\",\"position\":2,\"name\":\"Denuncian presunta \u201cred organizada\u201d tras fuga de salmones en Calbuco\"}]},{\"@type\":\"WebSite\",\"@id\":\"https:\\\/\\\/www.mundoacuicola.cl\\\/new\\\/#website\",\"url\":\"https:\\\/\\\/www.mundoacuicola.cl\\\/new\\\/\",\"name\":\"Mundoacuicola\",\"description\":\"Revista de Acuicultura.\",\"publisher\":{\"@id\":\"https:\\\/\\\/www.mundoacuicola.cl\\\/new\\\/#organization\"},\"potentialAction\":[{\"@type\":\"SearchAction\",\"target\":{\"@type\":\"EntryPoint\",\"urlTemplate\":\"https:\\\/\\\/www.mundoacuicola.cl\\\/new\\\/?s={search_term_string}\"},\"query-input\":{\"@type\":\"PropertyValueSpecification\",\"valueRequired\":true,\"valueName\":\"search_term_string\"}}],\"inLanguage\":\"es\"},{\"@type\":\"Organization\",\"@id\":\"https:\\\/\\\/www.mundoacuicola.cl\\\/new\\\/#organization\",\"name\":\"Mundoacuicola\",\"url\":\"https:\\\/\\\/www.mundoacuicola.cl\\\/new\\\/\",\"logo\":{\"@type\":\"ImageObject\",\"inLanguage\":\"es\",\"@id\":\"https:\\\/\\\/www.mundoacuicola.cl\\\/new\\\/#\\\/schema\\\/logo\\\/image\\\/\",\"url\":\"https:\\\/\\\/www.mundoacuicola.cl\\\/new\\\/wp-content\\\/uploads\\\/2026\\\/01\\\/cropped-LOGO-Mundo-Acuicola-2026.png\",\"contentUrl\":\"https:\\\/\\\/www.mundoacuicola.cl\\\/new\\\/wp-content\\\/uploads\\\/2026\\\/01\\\/cropped-LOGO-Mundo-Acuicola-2026.png\",\"width\":1252,\"height\":296,\"caption\":\"Mundoacuicola\"},\"image\":{\"@id\":\"https:\\\/\\\/www.mundoacuicola.cl\\\/new\\\/#\\\/schema\\\/logo\\\/image\\\/\"},\"sameAs\":[\"https:\\\/\\\/www.facebook.com\\\/mundo.acuicola\\\/\",\"https:\\\/\\\/x.com\\\/mundoacuicola\",\"https:\\\/\\\/www.linkedin.com\\\/in\\\/mundo-acuicola\"]},{\"@type\":\"Person\",\"@id\":\"https:\\\/\\\/www.mundoacuicola.cl\\\/new\\\/#\\\/schema\\\/person\\\/c00ffe389abb88bd9254653add139315\",\"name\":\"mbarrueto\",\"url\":\"https:\\\/\\\/www.mundoacuicola.cl\\\/new\\\/author\\\/mbarrueto\\\/\"}]}<\/script>\n<!-- \/ Yoast SEO plugin. -->","yoast_head_json":{"title":"Denuncian presunta \u201cred organizada\u201d tras fuga de salmones en Calbuco - Mundoacuicola","robots":{"index":"index","follow":"follow","max-snippet":"max-snippet:-1","max-image-preview":"max-image-preview:large","max-video-preview":"max-video-preview:-1"},"canonical":"https:\/\/www.mundoacuicola.cl\/new\/investigan-presunta-red-organizada-tras-fuga-de-salmones-en-calbuco\/","og_locale":"es_ES","og_type":"article","og_title":"Denuncian presunta \u201cred organizada\u201d tras fuga de salmones en Calbuco - Mundoacuicola","og_description":"La Fiscal\u00eda de Calbuco indaga la posible intervenci\u00f3n de terceros en la fuga de 20 mil salmones desde un centro de Marine Farm, hecho que el alcalde calific\u00f3 como parte de una \u201cred organizada\u201d.","og_url":"https:\/\/www.mundoacuicola.cl\/new\/investigan-presunta-red-organizada-tras-fuga-de-salmones-en-calbuco\/","og_site_name":"Mundoacuicola","article_publisher":"https:\/\/www.facebook.com\/mundo.acuicola\/","article_published_time":"2025-10-06T13:13:17+00:00","article_modified_time":"2025-10-07T14:20:51+00:00","og_image":[{"width":750,"height":400,"url":"https:\/\/www.mundoacuicola.cl\/new\/wp-content\/uploads\/2025\/10\/MarineFarmEscapeSalmones.jpg","type":"image\/jpeg"}],"author":"mbarrueto","twitter_card":"summary_large_image","twitter_creator":"@mundoacuicola","twitter_site":"@mundoacuicola","twitter_misc":{"Escrito por":"mbarrueto","Tiempo de lectura":"3 minutos"},"schema":{"@context":"https:\/\/schema.org","@graph":[{"@type":"Article","@id":"https:\/\/www.mundoacuicola.cl\/new\/investigan-presunta-red-organizada-tras-fuga-de-salmones-en-calbuco\/#article","isPartOf":{"@id":"https:\/\/www.mundoacuicola.cl\/new\/investigan-presunta-red-organizada-tras-fuga-de-salmones-en-calbuco\/"},"author":{"name":"mbarrueto","@id":"https:\/\/www.mundoacuicola.cl\/new\/#\/schema\/person\/c00ffe389abb88bd9254653add139315"},"headline":"Denuncian presunta \u201cred organizada\u201d tras fuga de salmones en Calbuco","datePublished":"2025-10-06T13:13:17+00:00","dateModified":"2025-10-07T14:20:51+00:00","mainEntityOfPage":{"@id":"https:\/\/www.mundoacuicola.cl\/new\/investigan-presunta-red-organizada-tras-fuga-de-salmones-en-calbuco\/"},"wordCount":671,"publisher":{"@id":"https:\/\/www.mundoacuicola.cl\/new\/#organization"},"image":{"@id":"https:\/\/www.mundoacuicola.cl\/new\/investigan-presunta-red-organizada-tras-fuga-de-salmones-en-calbuco\/#primaryimage"},"thumbnailUrl":"https:\/\/www.mundoacuicola.cl\/new\/wp-content\/uploads\/2025\/10\/MarineFarmEscapeSalmones.jpg","keywords":["Calbuco","Escape de salmones","Industria salmonera","Marine Farm","salmonera","salmones","salmonicultura","salmonicultura chilena"],"articleSection":["Salmonicultura"],"inLanguage":"es"},{"@type":"WebPage","@id":"https:\/\/www.mundoacuicola.cl\/new\/investigan-presunta-red-organizada-tras-fuga-de-salmones-en-calbuco\/","url":"https:\/\/www.mundoacuicola.cl\/new\/investigan-presunta-red-organizada-tras-fuga-de-salmones-en-calbuco\/","name":"Denuncian presunta \u201cred organizada\u201d tras fuga de salmones en Calbuco - Mundoacuicola","isPartOf":{"@id":"https:\/\/www.mundoacuicola.cl\/new\/#website"},"primaryImageOfPage":{"@id":"https:\/\/www.mundoacuicola.cl\/new\/investigan-presunta-red-organizada-tras-fuga-de-salmones-en-calbuco\/#primaryimage"},"image":{"@id":"https:\/\/www.mundoacuicola.cl\/new\/investigan-presunta-red-organizada-tras-fuga-de-salmones-en-calbuco\/#primaryimage"},"thumbnailUrl":"https:\/\/www.mundoacuicola.cl\/new\/wp-content\/uploads\/2025\/10\/MarineFarmEscapeSalmones.jpg","datePublished":"2025-10-06T13:13:17+00:00","dateModified":"2025-10-07T14:20:51+00:00","breadcrumb":{"@id":"https:\/\/www.mundoacuicola.cl\/new\/investigan-presunta-red-organizada-tras-fuga-de-salmones-en-calbuco\/#breadcrumb"},"inLanguage":"es","potentialAction":[{"@type":"ReadAction","target":["https:\/\/www.mundoacuicola.cl\/new\/investigan-presunta-red-organizada-tras-fuga-de-salmones-en-calbuco\/"]}]},{"@type":"ImageObject","inLanguage":"es","@id":"https:\/\/www.mundoacuicola.cl\/new\/investigan-presunta-red-organizada-tras-fuga-de-salmones-en-calbuco\/#primaryimage","url":"https:\/\/www.mundoacuicola.cl\/new\/wp-content\/uploads\/2025\/10\/MarineFarmEscapeSalmones.jpg","contentUrl":"https:\/\/www.mundoacuicola.cl\/new\/wp-content\/uploads\/2025\/10\/MarineFarmEscapeSalmones.jpg","width":750,"height":400},{"@type":"BreadcrumbList","@id":"https:\/\/www.mundoacuicola.cl\/new\/investigan-presunta-red-organizada-tras-fuga-de-salmones-en-calbuco\/#breadcrumb","itemListElement":[{"@type":"ListItem","position":1,"name":"Portada","item":"https:\/\/www.mundoacuicola.cl\/new\/"},{"@type":"ListItem","position":2,"name":"Denuncian presunta \u201cred organizada\u201d tras fuga de salmones en Calbuco"}]},{"@type":"WebSite","@id":"https:\/\/www.mundoacuicola.cl\/new\/#website","url":"https:\/\/www.mundoacuicola.cl\/new\/","name":"Mundoacuicola","description":"Revista de Acuicultura.","publisher":{"@id":"https:\/\/www.mundoacuicola.cl\/new\/#organization"},"potentialAction":[{"@type":"SearchAction","target":{"@type":"EntryPoint","urlTemplate":"https:\/\/www.mundoacuicola.cl\/new\/?s={search_term_string}"},"query-input":{"@type":"PropertyValueSpecification","valueRequired":true,"valueName":"search_term_string"}}],"inLanguage":"es"},{"@type":"Organization","@id":"https:\/\/www.mundoacuicola.cl\/new\/#organization","name":"Mundoacuicola","url":"https:\/\/www.mundoacuicola.cl\/new\/","logo":{"@type":"ImageObject","inLanguage":"es","@id":"https:\/\/www.mundoacuicola.cl\/new\/#\/schema\/logo\/image\/","url":"https:\/\/www.mundoacuicola.cl\/new\/wp-content\/uploads\/2026\/01\/cropped-LOGO-Mundo-Acuicola-2026.png","contentUrl":"https:\/\/www.mundoacuicola.cl\/new\/wp-content\/uploads\/2026\/01\/cropped-LOGO-Mundo-Acuicola-2026.png","width":1252,"height":296,"caption":"Mundoacuicola"},"image":{"@id":"https:\/\/www.mundoacuicola.cl\/new\/#\/schema\/logo\/image\/"},"sameAs":["https:\/\/www.facebook.com\/mundo.acuicola\/","https:\/\/x.com\/mundoacuicola","https:\/\/www.linkedin.com\/in\/mundo-acuicola"]},{"@type":"Person","@id":"https:\/\/www.mundoacuicola.cl\/new\/#\/schema\/person\/c00ffe389abb88bd9254653add139315","name":"mbarrueto","url":"https:\/\/www.mundoacuicola.cl\/new\/author\/mbarrueto\/"}]}},"_links":{"self":[{"href":"https:\/\/www.mundoacuicola.cl\/new\/wp-json\/wp\/v2\/posts\/81298","targetHints":{"allow":["GET"]}}],"collection":[{"href":"https:\/\/www.mundoacuicola.cl\/new\/wp-json\/wp\/v2\/posts"}],"about":[{"href":"https:\/\/www.mundoacuicola.cl\/new\/wp-json\/wp\/v2\/types\/post"}],"author":[{"embeddable":true,"href":"https:\/\/www.mundoacuicola.cl\/new\/wp-json\/wp\/v2\/users\/10"}],"replies":[{"embeddable":true,"href":"https:\/\/www.mundoacuicola.cl\/new\/wp-json\/wp\/v2\/comments?post=81298"}],"version-history":[{"count":0,"href":"https:\/\/www.mundoacuicola.cl\/new\/wp-json\/wp\/v2\/posts\/81298\/revisions"}],"wp:featuredmedia":[{"embeddable":true,"href":"https:\/\/www.mundoacuicola.cl\/new\/wp-json\/wp\/v2\/media\/81299"}],"wp:attachment":[{"href":"https:\/\/www.mundoacuicola.cl\/new\/wp-json\/wp\/v2\/media?parent=81298"}],"wp:term":[{"taxonomy":"category","embeddable":true,"href":"https:\/\/www.mundoacuicola.cl\/new\/wp-json\/wp\/v2\/categories?post=81298"},{"taxonomy":"post_tag","embeddable":true,"href":"https:\/\/www.mundoacuicola.cl\/new\/wp-json\/wp\/v2\/tags?post=81298"}],"curies":[{"name":"wp","href":"https:\/\/api.w.org\/{rel}","templated":true}]}}