{"id":81719,"date":"2025-10-16T14:59:52","date_gmt":"2025-10-16T18:59:52","guid":{"rendered":"https:\/\/www.mundoacuicola.cl\/new\/?p=81719"},"modified":"2025-10-17T15:03:40","modified_gmt":"2025-10-17T19:03:40","slug":"pesca-artesanal-celebra-aprobacion-plataforma-social-en-comision-de-pesca","status":"publish","type":"post","link":"https:\/\/www.mundoacuicola.cl\/new\/pesca-artesanal-celebra-aprobacion-plataforma-social-en-comision-de-pesca\/","title":{"rendered":"Pesca Artesanal celebra aprobaci\u00f3n de Plataforma Social en Comisi\u00f3n de Pesca"},"content":{"rendered":"<p><span style=\"font-weight: 400;\">El Consejo Nacional por la Defensa del Patrimonio Pesquero (CONDEPP) valor\u00f3 la aprobaci\u00f3n ayer de una Plataforma Social para la pesca artesanal en el marco de la tramitaci\u00f3n de la\u00a0 Ley General de Pesca en la comisi\u00f3n de pesca de la C\u00e1mara Baja.<\/span><\/p>\n<p><span style=\"font-weight: 400;\">En ese sentido, desde la organizaci\u00f3n se destac\u00f3 el apoyo e impulso que el gobierno dio para sacar a adelante esta iniciativa, que busca ser financiada mediante licitaciones industriales (LTP-B). \u201cEsta ha sido por m\u00e1s de 10 a\u00f1os una bandera de lucha de la CONDEPP, es un avance, pero a\u00fan quedan temas pendientes que agregar a esta llamada Plataforma Social como el reconocimiento de enfermedades laborales y un mecanismo de estabilizaci\u00f3n de las pesquer\u00edas, entre muchas otras necesidades\u201d afirm\u00f3 Hern\u00e1n Cort\u00e9s, presidente de la agrupaci\u00f3n.<\/span><\/p>\n<p><span style=\"font-weight: 400;\">Para los dirigentes de la pesca artesanal la postura expuesta por el subsecretario de Pesca, Julio Salas fue una se\u00f1al del compromiso que el Ejecutivo tiene con el sector artesanal.\u00a0<\/span><\/p>\n<p><span style=\"font-weight: 400;\">Cort\u00e9s, presidente de la CONDEPP destac\u00f3 que el subsecretario fue muy claro en explicar que el cambio de las licitaciones no busca perjudicar a la pesca industrial. \u201cSalas fue claro en que el gobierno no se opone a la protecci\u00f3n social de los trabajadores de la pesca industrial, precisando que el objetivo del art\u00edculo 67 no es castigar a ning\u00fan sector, sino equilibrar la balanza hist\u00f3rica entre quienes han tenido beneficios permanentes y quienes hoy carecen de cualquier red de seguridad social\u201d.<\/span><\/p>\n<p><span style=\"font-weight: 400;\">\u201cEl gobierno lo dijo y es bueno que todas las personas sepan que los pescadores artesanales tendr\u00e1n el mismo nivel de protecci\u00f3n social que otros trabajadores chilenos corrigiendo una desigualdad hist\u00f3rica.\u201d, dijo.<\/span><\/p>\n<p><span style=\"font-weight: 400;\">Por otro lado, Cort\u00e9s cuestion\u00f3 el rol que jug\u00f3 el diputado UDI, Sergio Bobadilla durante la sesi\u00f3n de este mi\u00e9rcoles.<\/span><\/p>\n<p><span style=\"font-weight: 400;\">\u201cNuevamente minti\u00f3 al se\u00f1alar que la propuesta tiene como objetivo meterle la mano a la industria. Aqu\u00ed no hay una dicotom\u00eda entre la pesca artesanal y la pesca industrial, todos nos necesitamos, pero lo justo es que a trav\u00e9s de las licitaciones se financie la Plataforma Social\u201d, subray\u00f3.<\/span><\/p>\n<p><span style=\"font-weight: 400;\">Con todo, Cort\u00e9s valor\u00f3 la postura asumida por el diputado independiente, Le\u00f3nidas Romero quien apoy\u00f3 las medidas a favor del sector artesanal<\/span><\/p>\n<p><span style=\"font-weight: 400;\">\u00a0\u201cLo que qued\u00f3 en evidencia ayer es que los parlamentarios de oposici\u00f3n se mostraron reticente a aprobar los art\u00edculos que fortalecen la plataforma social y esto refleja una fractura pol\u00edtica entre quienes defienden los privilegios hist\u00f3ricos de la industria pesquera y quienes reconocen la necesidad de una reparaci\u00f3n estructural\u201d, sentenci\u00f3 Cort\u00e9s.\u00a0<\/span><\/p>\n","protected":false},"excerpt":{"rendered":"<p>CONDEPP valora Plataforma Social en la nueva Ley de Pesca y pide m\u00e1s protecci\u00f3n para la pesca artesanal. <\/p>\n","protected":false},"author":8,"featured_media":52856,"comment_status":"closed","ping_status":"closed","sticky":false,"template":"","format":"standard","meta":{"footnotes":""},"categories":[62],"tags":[27799,1771,171,1819,11579,7388,27798,441,555,17947],"class_list":["post-81719","post","type-post","status-publish","format-standard","has-post-thumbnail","hentry","category-pesca","tag-articulo-67","tag-camara-de-diputados","tag-condepp","tag-hernan-cortes","tag-julio-salas","tag-ley-general-de-pesca","tag-licitaciones-ltp-b","tag-pesca-artesanal","tag-pesca-industrial","tag-plataforma-social"],"yoast_head":"<!-- This site is optimized with the Yoast SEO plugin v27.5 - https:\/\/yoast.com\/product\/yoast-seo-wordpress\/ -->\n<title>Pesca Artesanal celebra aprobaci\u00f3n de Plataforma Social en Comisi\u00f3n de Pesca - Mundoacuicola<\/title>\n<meta name=\"description\" content=\"CONDEPP valora Plataforma Social en la nueva Ley de Pesca y pide m\u00e1s protecci\u00f3n para la pesca artesanal.\" \/>\n<meta name=\"robots\" content=\"index, follow, max-snippet:-1, max-image-preview:large, max-video-preview:-1\" \/>\n<link rel=\"canonical\" href=\"https:\/\/www.mundoacuicola.cl\/new\/pesca-artesanal-celebra-aprobacion-plataforma-social-en-comision-de-pesca\/\" \/>\n<meta property=\"og:locale\" content=\"es_ES\" \/>\n<meta property=\"og:type\" content=\"article\" \/>\n<meta property=\"og:title\" content=\"Pesca Artesanal celebra aprobaci\u00f3n de Plataforma Social en Comisi\u00f3n de Pesca - Mundoacuicola\" \/>\n<meta property=\"og:description\" content=\"CONDEPP valora Plataforma Social en la nueva Ley de Pesca y pide m\u00e1s protecci\u00f3n para la pesca artesanal.\" \/>\n<meta property=\"og:url\" content=\"https:\/\/www.mundoacuicola.cl\/new\/pesca-artesanal-celebra-aprobacion-plataforma-social-en-comision-de-pesca\/\" \/>\n<meta property=\"og:site_name\" content=\"Mundoacuicola\" \/>\n<meta property=\"article:publisher\" content=\"https:\/\/www.facebook.com\/mundo.acuicola\/\" \/>\n<meta property=\"article:published_time\" content=\"2025-10-16T18:59:52+00:00\" \/>\n<meta property=\"article:modified_time\" content=\"2025-10-17T19:03:40+00:00\" \/>\n<meta property=\"og:image\" content=\"https:\/\/www.mundoacuicola.cl\/new\/wp-content\/uploads\/2023\/06\/CondeppMarchaConcepcionPescadores.jpg\" \/>\n\t<meta property=\"og:image:width\" content=\"750\" \/>\n\t<meta property=\"og:image:height\" content=\"400\" \/>\n\t<meta property=\"og:image:type\" content=\"image\/jpeg\" \/>\n<meta name=\"author\" content=\"Ricardo Alvarez\" \/>\n<meta name=\"twitter:card\" content=\"summary_large_image\" \/>\n<meta name=\"twitter:creator\" content=\"@mundoacuicola\" \/>\n<meta name=\"twitter:site\" content=\"@mundoacuicola\" \/>\n<meta name=\"twitter:label1\" content=\"Escrito por\" \/>\n\t<meta name=\"twitter:data1\" content=\"Ricardo Alvarez\" \/>\n\t<meta name=\"twitter:label2\" content=\"Tiempo de lectura\" \/>\n\t<meta name=\"twitter:data2\" content=\"3 minutos\" \/>\n<script type=\"application\/ld+json\" class=\"yoast-schema-graph\">{\"@context\":\"https:\\\/\\\/schema.org\",\"@graph\":[{\"@type\":\"Article\",\"@id\":\"https:\\\/\\\/www.mundoacuicola.cl\\\/new\\\/pesca-artesanal-celebra-aprobacion-plataforma-social-en-comision-de-pesca\\\/#article\",\"isPartOf\":{\"@id\":\"https:\\\/\\\/www.mundoacuicola.cl\\\/new\\\/pesca-artesanal-celebra-aprobacion-plataforma-social-en-comision-de-pesca\\\/\"},\"author\":{\"name\":\"Ricardo Alvarez\",\"@id\":\"https:\\\/\\\/www.mundoacuicola.cl\\\/new\\\/#\\\/schema\\\/person\\\/52cfe7e461eb2d30484965350ee34bdd\"},\"headline\":\"Pesca Artesanal celebra aprobaci\u00f3n de Plataforma Social en Comisi\u00f3n de Pesca\",\"datePublished\":\"2025-10-16T18:59:52+00:00\",\"dateModified\":\"2025-10-17T19:03:40+00:00\",\"mainEntityOfPage\":{\"@id\":\"https:\\\/\\\/www.mundoacuicola.cl\\\/new\\\/pesca-artesanal-celebra-aprobacion-plataforma-social-en-comision-de-pesca\\\/\"},\"wordCount\":460,\"publisher\":{\"@id\":\"https:\\\/\\\/www.mundoacuicola.cl\\\/new\\\/#organization\"},\"image\":{\"@id\":\"https:\\\/\\\/www.mundoacuicola.cl\\\/new\\\/pesca-artesanal-celebra-aprobacion-plataforma-social-en-comision-de-pesca\\\/#primaryimage\"},\"thumbnailUrl\":\"https:\\\/\\\/www.mundoacuicola.cl\\\/new\\\/wp-content\\\/uploads\\\/2023\\\/06\\\/CondeppMarchaConcepcionPescadores.jpg\",\"keywords\":[\"art\u00edculo 67\",\"C\u00e1mara de Diputados\",\"Condepp\",\"Hern\u00e1n Cort\u00e9s\",\"Julio Salas\",\"Ley General de Pesca\",\"licitaciones LTP-B\",\"Pesca artesanal\",\"Pesca industrial\",\"plataforma social\"],\"articleSection\":[\"Pesca\"],\"inLanguage\":\"es\"},{\"@type\":\"WebPage\",\"@id\":\"https:\\\/\\\/www.mundoacuicola.cl\\\/new\\\/pesca-artesanal-celebra-aprobacion-plataforma-social-en-comision-de-pesca\\\/\",\"url\":\"https:\\\/\\\/www.mundoacuicola.cl\\\/new\\\/pesca-artesanal-celebra-aprobacion-plataforma-social-en-comision-de-pesca\\\/\",\"name\":\"Pesca Artesanal celebra aprobaci\u00f3n de Plataforma Social en Comisi\u00f3n de Pesca - Mundoacuicola\",\"isPartOf\":{\"@id\":\"https:\\\/\\\/www.mundoacuicola.cl\\\/new\\\/#website\"},\"primaryImageOfPage\":{\"@id\":\"https:\\\/\\\/www.mundoacuicola.cl\\\/new\\\/pesca-artesanal-celebra-aprobacion-plataforma-social-en-comision-de-pesca\\\/#primaryimage\"},\"image\":{\"@id\":\"https:\\\/\\\/www.mundoacuicola.cl\\\/new\\\/pesca-artesanal-celebra-aprobacion-plataforma-social-en-comision-de-pesca\\\/#primaryimage\"},\"thumbnailUrl\":\"https:\\\/\\\/www.mundoacuicola.cl\\\/new\\\/wp-content\\\/uploads\\\/2023\\\/06\\\/CondeppMarchaConcepcionPescadores.jpg\",\"datePublished\":\"2025-10-16T18:59:52+00:00\",\"dateModified\":\"2025-10-17T19:03:40+00:00\",\"description\":\"CONDEPP valora Plataforma Social en la nueva Ley de Pesca y pide m\u00e1s protecci\u00f3n para la pesca artesanal.\",\"breadcrumb\":{\"@id\":\"https:\\\/\\\/www.mundoacuicola.cl\\\/new\\\/pesca-artesanal-celebra-aprobacion-plataforma-social-en-comision-de-pesca\\\/#breadcrumb\"},\"inLanguage\":\"es\",\"potentialAction\":[{\"@type\":\"ReadAction\",\"target\":[\"https:\\\/\\\/www.mundoacuicola.cl\\\/new\\\/pesca-artesanal-celebra-aprobacion-plataforma-social-en-comision-de-pesca\\\/\"]}]},{\"@type\":\"ImageObject\",\"inLanguage\":\"es\",\"@id\":\"https:\\\/\\\/www.mundoacuicola.cl\\\/new\\\/pesca-artesanal-celebra-aprobacion-plataforma-social-en-comision-de-pesca\\\/#primaryimage\",\"url\":\"https:\\\/\\\/www.mundoacuicola.cl\\\/new\\\/wp-content\\\/uploads\\\/2023\\\/06\\\/CondeppMarchaConcepcionPescadores.jpg\",\"contentUrl\":\"https:\\\/\\\/www.mundoacuicola.cl\\\/new\\\/wp-content\\\/uploads\\\/2023\\\/06\\\/CondeppMarchaConcepcionPescadores.jpg\",\"width\":750,\"height\":400},{\"@type\":\"BreadcrumbList\",\"@id\":\"https:\\\/\\\/www.mundoacuicola.cl\\\/new\\\/pesca-artesanal-celebra-aprobacion-plataforma-social-en-comision-de-pesca\\\/#breadcrumb\",\"itemListElement\":[{\"@type\":\"ListItem\",\"position\":1,\"name\":\"Portada\",\"item\":\"https:\\\/\\\/www.mundoacuicola.cl\\\/new\\\/\"},{\"@type\":\"ListItem\",\"position\":2,\"name\":\"Pesca Artesanal celebra aprobaci\u00f3n de Plataforma Social en Comisi\u00f3n de Pesca\"}]},{\"@type\":\"WebSite\",\"@id\":\"https:\\\/\\\/www.mundoacuicola.cl\\\/new\\\/#website\",\"url\":\"https:\\\/\\\/www.mundoacuicola.cl\\\/new\\\/\",\"name\":\"Mundoacuicola\",\"description\":\"Revista de Acuicultura.\",\"publisher\":{\"@id\":\"https:\\\/\\\/www.mundoacuicola.cl\\\/new\\\/#organization\"},\"potentialAction\":[{\"@type\":\"SearchAction\",\"target\":{\"@type\":\"EntryPoint\",\"urlTemplate\":\"https:\\\/\\\/www.mundoacuicola.cl\\\/new\\\/?s={search_term_string}\"},\"query-input\":{\"@type\":\"PropertyValueSpecification\",\"valueRequired\":true,\"valueName\":\"search_term_string\"}}],\"inLanguage\":\"es\"},{\"@type\":\"Organization\",\"@id\":\"https:\\\/\\\/www.mundoacuicola.cl\\\/new\\\/#organization\",\"name\":\"Mundoacuicola\",\"url\":\"https:\\\/\\\/www.mundoacuicola.cl\\\/new\\\/\",\"logo\":{\"@type\":\"ImageObject\",\"inLanguage\":\"es\",\"@id\":\"https:\\\/\\\/www.mundoacuicola.cl\\\/new\\\/#\\\/schema\\\/logo\\\/image\\\/\",\"url\":\"https:\\\/\\\/www.mundoacuicola.cl\\\/new\\\/wp-content\\\/uploads\\\/2026\\\/01\\\/cropped-LOGO-Mundo-Acuicola-2026.png\",\"contentUrl\":\"https:\\\/\\\/www.mundoacuicola.cl\\\/new\\\/wp-content\\\/uploads\\\/2026\\\/01\\\/cropped-LOGO-Mundo-Acuicola-2026.png\",\"width\":1252,\"height\":296,\"caption\":\"Mundoacuicola\"},\"image\":{\"@id\":\"https:\\\/\\\/www.mundoacuicola.cl\\\/new\\\/#\\\/schema\\\/logo\\\/image\\\/\"},\"sameAs\":[\"https:\\\/\\\/www.facebook.com\\\/mundo.acuicola\\\/\",\"https:\\\/\\\/x.com\\\/mundoacuicola\",\"https:\\\/\\\/www.linkedin.com\\\/in\\\/mundo-acuicola\"]},{\"@type\":\"Person\",\"@id\":\"https:\\\/\\\/www.mundoacuicola.cl\\\/new\\\/#\\\/schema\\\/person\\\/52cfe7e461eb2d30484965350ee34bdd\",\"name\":\"Ricardo Alvarez\",\"url\":\"https:\\\/\\\/www.mundoacuicola.cl\\\/new\\\/author\\\/ricardo\\\/\"}]}<\/script>\n<!-- \/ Yoast SEO plugin. -->","yoast_head_json":{"title":"Pesca Artesanal celebra aprobaci\u00f3n de Plataforma Social en Comisi\u00f3n de Pesca - Mundoacuicola","description":"CONDEPP valora Plataforma Social en la nueva Ley de Pesca y pide m\u00e1s protecci\u00f3n para la pesca artesanal.","robots":{"index":"index","follow":"follow","max-snippet":"max-snippet:-1","max-image-preview":"max-image-preview:large","max-video-preview":"max-video-preview:-1"},"canonical":"https:\/\/www.mundoacuicola.cl\/new\/pesca-artesanal-celebra-aprobacion-plataforma-social-en-comision-de-pesca\/","og_locale":"es_ES","og_type":"article","og_title":"Pesca Artesanal celebra aprobaci\u00f3n de Plataforma Social en Comisi\u00f3n de Pesca - Mundoacuicola","og_description":"CONDEPP valora Plataforma Social en la nueva Ley de Pesca y pide m\u00e1s protecci\u00f3n para la pesca artesanal.","og_url":"https:\/\/www.mundoacuicola.cl\/new\/pesca-artesanal-celebra-aprobacion-plataforma-social-en-comision-de-pesca\/","og_site_name":"Mundoacuicola","article_publisher":"https:\/\/www.facebook.com\/mundo.acuicola\/","article_published_time":"2025-10-16T18:59:52+00:00","article_modified_time":"2025-10-17T19:03:40+00:00","og_image":[{"width":750,"height":400,"url":"https:\/\/www.mundoacuicola.cl\/new\/wp-content\/uploads\/2023\/06\/CondeppMarchaConcepcionPescadores.jpg","type":"image\/jpeg"}],"author":"Ricardo Alvarez","twitter_card":"summary_large_image","twitter_creator":"@mundoacuicola","twitter_site":"@mundoacuicola","twitter_misc":{"Escrito por":"Ricardo Alvarez","Tiempo de lectura":"3 minutos"},"schema":{"@context":"https:\/\/schema.org","@graph":[{"@type":"Article","@id":"https:\/\/www.mundoacuicola.cl\/new\/pesca-artesanal-celebra-aprobacion-plataforma-social-en-comision-de-pesca\/#article","isPartOf":{"@id":"https:\/\/www.mundoacuicola.cl\/new\/pesca-artesanal-celebra-aprobacion-plataforma-social-en-comision-de-pesca\/"},"author":{"name":"Ricardo Alvarez","@id":"https:\/\/www.mundoacuicola.cl\/new\/#\/schema\/person\/52cfe7e461eb2d30484965350ee34bdd"},"headline":"Pesca Artesanal celebra aprobaci\u00f3n de Plataforma Social en Comisi\u00f3n de Pesca","datePublished":"2025-10-16T18:59:52+00:00","dateModified":"2025-10-17T19:03:40+00:00","mainEntityOfPage":{"@id":"https:\/\/www.mundoacuicola.cl\/new\/pesca-artesanal-celebra-aprobacion-plataforma-social-en-comision-de-pesca\/"},"wordCount":460,"publisher":{"@id":"https:\/\/www.mundoacuicola.cl\/new\/#organization"},"image":{"@id":"https:\/\/www.mundoacuicola.cl\/new\/pesca-artesanal-celebra-aprobacion-plataforma-social-en-comision-de-pesca\/#primaryimage"},"thumbnailUrl":"https:\/\/www.mundoacuicola.cl\/new\/wp-content\/uploads\/2023\/06\/CondeppMarchaConcepcionPescadores.jpg","keywords":["art\u00edculo 67","C\u00e1mara de Diputados","Condepp","Hern\u00e1n Cort\u00e9s","Julio Salas","Ley General de Pesca","licitaciones LTP-B","Pesca artesanal","Pesca industrial","plataforma social"],"articleSection":["Pesca"],"inLanguage":"es"},{"@type":"WebPage","@id":"https:\/\/www.mundoacuicola.cl\/new\/pesca-artesanal-celebra-aprobacion-plataforma-social-en-comision-de-pesca\/","url":"https:\/\/www.mundoacuicola.cl\/new\/pesca-artesanal-celebra-aprobacion-plataforma-social-en-comision-de-pesca\/","name":"Pesca Artesanal celebra aprobaci\u00f3n de Plataforma Social en Comisi\u00f3n de Pesca - Mundoacuicola","isPartOf":{"@id":"https:\/\/www.mundoacuicola.cl\/new\/#website"},"primaryImageOfPage":{"@id":"https:\/\/www.mundoacuicola.cl\/new\/pesca-artesanal-celebra-aprobacion-plataforma-social-en-comision-de-pesca\/#primaryimage"},"image":{"@id":"https:\/\/www.mundoacuicola.cl\/new\/pesca-artesanal-celebra-aprobacion-plataforma-social-en-comision-de-pesca\/#primaryimage"},"thumbnailUrl":"https:\/\/www.mundoacuicola.cl\/new\/wp-content\/uploads\/2023\/06\/CondeppMarchaConcepcionPescadores.jpg","datePublished":"2025-10-16T18:59:52+00:00","dateModified":"2025-10-17T19:03:40+00:00","description":"CONDEPP valora Plataforma Social en la nueva Ley de Pesca y pide m\u00e1s protecci\u00f3n para la pesca artesanal.","breadcrumb":{"@id":"https:\/\/www.mundoacuicola.cl\/new\/pesca-artesanal-celebra-aprobacion-plataforma-social-en-comision-de-pesca\/#breadcrumb"},"inLanguage":"es","potentialAction":[{"@type":"ReadAction","target":["https:\/\/www.mundoacuicola.cl\/new\/pesca-artesanal-celebra-aprobacion-plataforma-social-en-comision-de-pesca\/"]}]},{"@type":"ImageObject","inLanguage":"es","@id":"https:\/\/www.mundoacuicola.cl\/new\/pesca-artesanal-celebra-aprobacion-plataforma-social-en-comision-de-pesca\/#primaryimage","url":"https:\/\/www.mundoacuicola.cl\/new\/wp-content\/uploads\/2023\/06\/CondeppMarchaConcepcionPescadores.jpg","contentUrl":"https:\/\/www.mundoacuicola.cl\/new\/wp-content\/uploads\/2023\/06\/CondeppMarchaConcepcionPescadores.jpg","width":750,"height":400},{"@type":"BreadcrumbList","@id":"https:\/\/www.mundoacuicola.cl\/new\/pesca-artesanal-celebra-aprobacion-plataforma-social-en-comision-de-pesca\/#breadcrumb","itemListElement":[{"@type":"ListItem","position":1,"name":"Portada","item":"https:\/\/www.mundoacuicola.cl\/new\/"},{"@type":"ListItem","position":2,"name":"Pesca Artesanal celebra aprobaci\u00f3n de Plataforma Social en Comisi\u00f3n de Pesca"}]},{"@type":"WebSite","@id":"https:\/\/www.mundoacuicola.cl\/new\/#website","url":"https:\/\/www.mundoacuicola.cl\/new\/","name":"Mundoacuicola","description":"Revista de Acuicultura.","publisher":{"@id":"https:\/\/www.mundoacuicola.cl\/new\/#organization"},"potentialAction":[{"@type":"SearchAction","target":{"@type":"EntryPoint","urlTemplate":"https:\/\/www.mundoacuicola.cl\/new\/?s={search_term_string}"},"query-input":{"@type":"PropertyValueSpecification","valueRequired":true,"valueName":"search_term_string"}}],"inLanguage":"es"},{"@type":"Organization","@id":"https:\/\/www.mundoacuicola.cl\/new\/#organization","name":"Mundoacuicola","url":"https:\/\/www.mundoacuicola.cl\/new\/","logo":{"@type":"ImageObject","inLanguage":"es","@id":"https:\/\/www.mundoacuicola.cl\/new\/#\/schema\/logo\/image\/","url":"https:\/\/www.mundoacuicola.cl\/new\/wp-content\/uploads\/2026\/01\/cropped-LOGO-Mundo-Acuicola-2026.png","contentUrl":"https:\/\/www.mundoacuicola.cl\/new\/wp-content\/uploads\/2026\/01\/cropped-LOGO-Mundo-Acuicola-2026.png","width":1252,"height":296,"caption":"Mundoacuicola"},"image":{"@id":"https:\/\/www.mundoacuicola.cl\/new\/#\/schema\/logo\/image\/"},"sameAs":["https:\/\/www.facebook.com\/mundo.acuicola\/","https:\/\/x.com\/mundoacuicola","https:\/\/www.linkedin.com\/in\/mundo-acuicola"]},{"@type":"Person","@id":"https:\/\/www.mundoacuicola.cl\/new\/#\/schema\/person\/52cfe7e461eb2d30484965350ee34bdd","name":"Ricardo Alvarez","url":"https:\/\/www.mundoacuicola.cl\/new\/author\/ricardo\/"}]}},"_links":{"self":[{"href":"https:\/\/www.mundoacuicola.cl\/new\/wp-json\/wp\/v2\/posts\/81719","targetHints":{"allow":["GET"]}}],"collection":[{"href":"https:\/\/www.mundoacuicola.cl\/new\/wp-json\/wp\/v2\/posts"}],"about":[{"href":"https:\/\/www.mundoacuicola.cl\/new\/wp-json\/wp\/v2\/types\/post"}],"author":[{"embeddable":true,"href":"https:\/\/www.mundoacuicola.cl\/new\/wp-json\/wp\/v2\/users\/8"}],"replies":[{"embeddable":true,"href":"https:\/\/www.mundoacuicola.cl\/new\/wp-json\/wp\/v2\/comments?post=81719"}],"version-history":[{"count":0,"href":"https:\/\/www.mundoacuicola.cl\/new\/wp-json\/wp\/v2\/posts\/81719\/revisions"}],"wp:featuredmedia":[{"embeddable":true,"href":"https:\/\/www.mundoacuicola.cl\/new\/wp-json\/wp\/v2\/media\/52856"}],"wp:attachment":[{"href":"https:\/\/www.mundoacuicola.cl\/new\/wp-json\/wp\/v2\/media?parent=81719"}],"wp:term":[{"taxonomy":"category","embeddable":true,"href":"https:\/\/www.mundoacuicola.cl\/new\/wp-json\/wp\/v2\/categories?post=81719"},{"taxonomy":"post_tag","embeddable":true,"href":"https:\/\/www.mundoacuicola.cl\/new\/wp-json\/wp\/v2\/tags?post=81719"}],"curies":[{"name":"wp","href":"https:\/\/api.w.org\/{rel}","templated":true}]}}