{"id":81958,"date":"2025-10-22T14:26:34","date_gmt":"2025-10-22T18:26:34","guid":{"rendered":"https:\/\/www.mundoacuicola.cl\/new\/?p=81958"},"modified":"2025-10-24T05:37:13","modified_gmt":"2025-10-24T09:37:13","slug":"presidente-de-salmonchile-inaugura-seafood-show-latin-america-2025","status":"publish","type":"post","link":"https:\/\/www.mundoacuicola.cl\/new\/presidente-de-salmonchile-inaugura-seafood-show-latin-america-2025\/","title":{"rendered":"Presidente de SalmonChile inaugura Seafood Show Latin America 2025"},"content":{"rendered":"<p>El Presidente de SalmonChile, Arturo Clement, particip\u00f3 en la ceremonia de inauguraci\u00f3n de la cuarta edici\u00f3n de Seafood Show Latin America, realizada en S\u00e3o Paulo, Brasil, junto al embajador de Chile en ese pa\u00eds, Sebasti\u00e1n Depolo. Durante el evento, el l\u00edder gremial acompa\u00f1\u00f3 a las empresas socias de SalmonChile que exhiben sus productos en uno de los encuentros m\u00e1s importantes del sector pesquero y acu\u00edcola del continente.<\/p>\n<p>El Seafood Show Latin America 2025, que se realiza entre el 22 y el 24 de octubre en S\u00e3o Paulo, se ha consolidado como uno de los principales eventos de comercializaci\u00f3n de productos del mar de la regi\u00f3n, reuniendo a productores, proveedores, distribuidores, food services, importadores y exportadores, creando un ambiente propicio para la generaci\u00f3n de negocios y el fortalecimiento de la cadena productiva regional.<\/p>\n<p>En su participaci\u00f3n en el panel inaugural, Arturo Clement destac\u00f3 la importancia estrat\u00e9gica que representa Brasil para el sector salmonicultor chileno. \u201cBrasil se ha consolidado como el tercer mercado m\u00e1s importante para nuestro salm\u00f3n, con cifras hist\u00f3ricas de exportaci\u00f3n que demuestran el creciente inter\u00e9s de los consumidores brasile\u00f1os por productos de alta calidad nutricional como el nuestro\u201d, se\u00f1al\u00f3.<\/p>\n<p>\u201cParticipar en esta feria es fundamental para la salmonicultura chilena ya que nos permite estrechar lazos comerciales con socios regionales y mostrar la calidad y sostenibilidad de nuestra producci\u00f3n. El mercado latinoamericano es cada vez m\u00e1s relevante en nuestra estrategia de diversificaci\u00f3n\u201d, agreg\u00f3 Clement.<\/p>\n<p>Durante los tres d\u00edas del evento, las empresas socias de SalmonChile presentan sus productos y servicios, adem\u00e1s de participar en rondas de negocios con potenciales compradores de toda Latinoam\u00e9rica.<\/p>\n","protected":false},"excerpt":{"rendered":"<p>Brasil se posiciona como tercer destino m\u00e1s importante para el salm\u00f3n chileno, consolidando la relevancia estrat\u00e9gica de la feria para el sector acu\u00edcola nacional.<\/p>\n","protected":false},"author":8,"featured_media":81959,"comment_status":"closed","ping_status":"closed","sticky":false,"template":"","format":"standard","meta":{"footnotes":""},"categories":[60],"tags":[277,2330,27884,1105,15344,2273,170,10618,27882,27883],"class_list":["post-81958","post","type-post","status-publish","format-standard","has-post-thumbnail","hentry","category-salmonicultura","tag-arturo-clement","tag-brasil","tag-diversificacion-comercial","tag-exportaciones","tag-mercado-brasileno","tag-salmon-chileno","tag-salmonchile","tag-sao-paulo","tag-seafood-show-latin-america-2025","tag-sebastian-depolo"],"yoast_head":"<!-- This site is optimized with the Yoast SEO plugin v27.4 - https:\/\/yoast.com\/product\/yoast-seo-wordpress\/ -->\n<title>Presidente de SalmonChile inaugura Seafood Show Latin America 2025 - Mundoacuicola<\/title>\n<meta name=\"description\" content=\"Brasil se posiciona como tercer destino m\u00e1s importante para el salm\u00f3n chileno, consolidando la relevancia estrat\u00e9gica de la feria.\" \/>\n<meta name=\"robots\" content=\"index, follow, max-snippet:-1, max-image-preview:large, max-video-preview:-1\" \/>\n<link rel=\"canonical\" href=\"https:\/\/www.mundoacuicola.cl\/new\/presidente-de-salmonchile-inaugura-seafood-show-latin-america-2025\/\" \/>\n<meta property=\"og:locale\" content=\"es_ES\" \/>\n<meta property=\"og:type\" content=\"article\" \/>\n<meta property=\"og:title\" content=\"Presidente de SalmonChile inaugura Seafood Show Latin America 2025 - Mundoacuicola\" \/>\n<meta property=\"og:description\" content=\"Brasil se posiciona como tercer destino m\u00e1s importante para el salm\u00f3n chileno, consolidando la relevancia estrat\u00e9gica de la feria.\" \/>\n<meta property=\"og:url\" content=\"https:\/\/www.mundoacuicola.cl\/new\/presidente-de-salmonchile-inaugura-seafood-show-latin-america-2025\/\" \/>\n<meta property=\"og:site_name\" content=\"Mundoacuicola\" \/>\n<meta property=\"article:publisher\" content=\"https:\/\/www.facebook.com\/mundo.acuicola\/\" \/>\n<meta property=\"article:published_time\" content=\"2025-10-22T18:26:34+00:00\" \/>\n<meta property=\"article:modified_time\" content=\"2025-10-24T09:37:13+00:00\" \/>\n<meta property=\"og:image\" content=\"https:\/\/www.mundoacuicola.cl\/new\/wp-content\/uploads\/2025\/10\/FeriaSaoPauloSalmonChile.jpeg\" \/>\n\t<meta property=\"og:image:width\" content=\"750\" \/>\n\t<meta property=\"og:image:height\" content=\"400\" \/>\n\t<meta property=\"og:image:type\" content=\"image\/jpeg\" \/>\n<meta name=\"author\" content=\"Ricardo Alvarez\" \/>\n<meta name=\"twitter:card\" content=\"summary_large_image\" \/>\n<meta name=\"twitter:creator\" content=\"@mundoacuicola\" \/>\n<meta name=\"twitter:site\" content=\"@mundoacuicola\" \/>\n<meta name=\"twitter:label1\" content=\"Escrito por\" \/>\n\t<meta name=\"twitter:data1\" content=\"Ricardo Alvarez\" \/>\n\t<meta name=\"twitter:label2\" content=\"Tiempo de lectura\" \/>\n\t<meta name=\"twitter:data2\" content=\"2 minutos\" \/>\n<script type=\"application\/ld+json\" class=\"yoast-schema-graph\">{\"@context\":\"https:\\\/\\\/schema.org\",\"@graph\":[{\"@type\":\"Article\",\"@id\":\"https:\\\/\\\/www.mundoacuicola.cl\\\/new\\\/presidente-de-salmonchile-inaugura-seafood-show-latin-america-2025\\\/#article\",\"isPartOf\":{\"@id\":\"https:\\\/\\\/www.mundoacuicola.cl\\\/new\\\/presidente-de-salmonchile-inaugura-seafood-show-latin-america-2025\\\/\"},\"author\":{\"name\":\"Ricardo Alvarez\",\"@id\":\"https:\\\/\\\/www.mundoacuicola.cl\\\/new\\\/#\\\/schema\\\/person\\\/52cfe7e461eb2d30484965350ee34bdd\"},\"headline\":\"Presidente de SalmonChile inaugura Seafood Show Latin America 2025\",\"datePublished\":\"2025-10-22T18:26:34+00:00\",\"dateModified\":\"2025-10-24T09:37:13+00:00\",\"mainEntityOfPage\":{\"@id\":\"https:\\\/\\\/www.mundoacuicola.cl\\\/new\\\/presidente-de-salmonchile-inaugura-seafood-show-latin-america-2025\\\/\"},\"wordCount\":295,\"publisher\":{\"@id\":\"https:\\\/\\\/www.mundoacuicola.cl\\\/new\\\/#organization\"},\"image\":{\"@id\":\"https:\\\/\\\/www.mundoacuicola.cl\\\/new\\\/presidente-de-salmonchile-inaugura-seafood-show-latin-america-2025\\\/#primaryimage\"},\"thumbnailUrl\":\"https:\\\/\\\/www.mundoacuicola.cl\\\/new\\\/wp-content\\\/uploads\\\/2025\\\/10\\\/FeriaSaoPauloSalmonChile.jpeg\",\"keywords\":[\"Arturo Cl\u00e9ment\",\"Brasil\",\"diversificaci\u00f3n comercial\",\"Exportaciones\",\"mercado brasile\u00f1o\",\"Salm\u00f3n chileno\",\"Salmonchile\",\"Sao Paulo\",\"Seafood Show Latin America 2025\",\"Sebasti\u00e1n Depolo\"],\"articleSection\":[\"Salmonicultura\"],\"inLanguage\":\"es\"},{\"@type\":\"WebPage\",\"@id\":\"https:\\\/\\\/www.mundoacuicola.cl\\\/new\\\/presidente-de-salmonchile-inaugura-seafood-show-latin-america-2025\\\/\",\"url\":\"https:\\\/\\\/www.mundoacuicola.cl\\\/new\\\/presidente-de-salmonchile-inaugura-seafood-show-latin-america-2025\\\/\",\"name\":\"Presidente de SalmonChile inaugura Seafood Show Latin America 2025 - Mundoacuicola\",\"isPartOf\":{\"@id\":\"https:\\\/\\\/www.mundoacuicola.cl\\\/new\\\/#website\"},\"primaryImageOfPage\":{\"@id\":\"https:\\\/\\\/www.mundoacuicola.cl\\\/new\\\/presidente-de-salmonchile-inaugura-seafood-show-latin-america-2025\\\/#primaryimage\"},\"image\":{\"@id\":\"https:\\\/\\\/www.mundoacuicola.cl\\\/new\\\/presidente-de-salmonchile-inaugura-seafood-show-latin-america-2025\\\/#primaryimage\"},\"thumbnailUrl\":\"https:\\\/\\\/www.mundoacuicola.cl\\\/new\\\/wp-content\\\/uploads\\\/2025\\\/10\\\/FeriaSaoPauloSalmonChile.jpeg\",\"datePublished\":\"2025-10-22T18:26:34+00:00\",\"dateModified\":\"2025-10-24T09:37:13+00:00\",\"description\":\"Brasil se posiciona como tercer destino m\u00e1s importante para el salm\u00f3n chileno, consolidando la relevancia estrat\u00e9gica de la feria.\",\"breadcrumb\":{\"@id\":\"https:\\\/\\\/www.mundoacuicola.cl\\\/new\\\/presidente-de-salmonchile-inaugura-seafood-show-latin-america-2025\\\/#breadcrumb\"},\"inLanguage\":\"es\",\"potentialAction\":[{\"@type\":\"ReadAction\",\"target\":[\"https:\\\/\\\/www.mundoacuicola.cl\\\/new\\\/presidente-de-salmonchile-inaugura-seafood-show-latin-america-2025\\\/\"]}]},{\"@type\":\"ImageObject\",\"inLanguage\":\"es\",\"@id\":\"https:\\\/\\\/www.mundoacuicola.cl\\\/new\\\/presidente-de-salmonchile-inaugura-seafood-show-latin-america-2025\\\/#primaryimage\",\"url\":\"https:\\\/\\\/www.mundoacuicola.cl\\\/new\\\/wp-content\\\/uploads\\\/2025\\\/10\\\/FeriaSaoPauloSalmonChile.jpeg\",\"contentUrl\":\"https:\\\/\\\/www.mundoacuicola.cl\\\/new\\\/wp-content\\\/uploads\\\/2025\\\/10\\\/FeriaSaoPauloSalmonChile.jpeg\",\"width\":750,\"height\":400},{\"@type\":\"BreadcrumbList\",\"@id\":\"https:\\\/\\\/www.mundoacuicola.cl\\\/new\\\/presidente-de-salmonchile-inaugura-seafood-show-latin-america-2025\\\/#breadcrumb\",\"itemListElement\":[{\"@type\":\"ListItem\",\"position\":1,\"name\":\"Portada\",\"item\":\"https:\\\/\\\/www.mundoacuicola.cl\\\/new\\\/\"},{\"@type\":\"ListItem\",\"position\":2,\"name\":\"Presidente de SalmonChile inaugura Seafood Show Latin America 2025\"}]},{\"@type\":\"WebSite\",\"@id\":\"https:\\\/\\\/www.mundoacuicola.cl\\\/new\\\/#website\",\"url\":\"https:\\\/\\\/www.mundoacuicola.cl\\\/new\\\/\",\"name\":\"Mundoacuicola\",\"description\":\"Revista de Acuicultura.\",\"publisher\":{\"@id\":\"https:\\\/\\\/www.mundoacuicola.cl\\\/new\\\/#organization\"},\"potentialAction\":[{\"@type\":\"SearchAction\",\"target\":{\"@type\":\"EntryPoint\",\"urlTemplate\":\"https:\\\/\\\/www.mundoacuicola.cl\\\/new\\\/?s={search_term_string}\"},\"query-input\":{\"@type\":\"PropertyValueSpecification\",\"valueRequired\":true,\"valueName\":\"search_term_string\"}}],\"inLanguage\":\"es\"},{\"@type\":\"Organization\",\"@id\":\"https:\\\/\\\/www.mundoacuicola.cl\\\/new\\\/#organization\",\"name\":\"Mundoacuicola\",\"url\":\"https:\\\/\\\/www.mundoacuicola.cl\\\/new\\\/\",\"logo\":{\"@type\":\"ImageObject\",\"inLanguage\":\"es\",\"@id\":\"https:\\\/\\\/www.mundoacuicola.cl\\\/new\\\/#\\\/schema\\\/logo\\\/image\\\/\",\"url\":\"https:\\\/\\\/www.mundoacuicola.cl\\\/new\\\/wp-content\\\/uploads\\\/2026\\\/01\\\/cropped-LOGO-Mundo-Acuicola-2026.png\",\"contentUrl\":\"https:\\\/\\\/www.mundoacuicola.cl\\\/new\\\/wp-content\\\/uploads\\\/2026\\\/01\\\/cropped-LOGO-Mundo-Acuicola-2026.png\",\"width\":1252,\"height\":296,\"caption\":\"Mundoacuicola\"},\"image\":{\"@id\":\"https:\\\/\\\/www.mundoacuicola.cl\\\/new\\\/#\\\/schema\\\/logo\\\/image\\\/\"},\"sameAs\":[\"https:\\\/\\\/www.facebook.com\\\/mundo.acuicola\\\/\",\"https:\\\/\\\/x.com\\\/mundoacuicola\",\"https:\\\/\\\/www.linkedin.com\\\/in\\\/mundo-acuicola\"]},{\"@type\":\"Person\",\"@id\":\"https:\\\/\\\/www.mundoacuicola.cl\\\/new\\\/#\\\/schema\\\/person\\\/52cfe7e461eb2d30484965350ee34bdd\",\"name\":\"Ricardo Alvarez\",\"url\":\"https:\\\/\\\/www.mundoacuicola.cl\\\/new\\\/author\\\/ricardo\\\/\"}]}<\/script>\n<!-- \/ Yoast SEO plugin. -->","yoast_head_json":{"title":"Presidente de SalmonChile inaugura Seafood Show Latin America 2025 - Mundoacuicola","description":"Brasil se posiciona como tercer destino m\u00e1s importante para el salm\u00f3n chileno, consolidando la relevancia estrat\u00e9gica de la feria.","robots":{"index":"index","follow":"follow","max-snippet":"max-snippet:-1","max-image-preview":"max-image-preview:large","max-video-preview":"max-video-preview:-1"},"canonical":"https:\/\/www.mundoacuicola.cl\/new\/presidente-de-salmonchile-inaugura-seafood-show-latin-america-2025\/","og_locale":"es_ES","og_type":"article","og_title":"Presidente de SalmonChile inaugura Seafood Show Latin America 2025 - Mundoacuicola","og_description":"Brasil se posiciona como tercer destino m\u00e1s importante para el salm\u00f3n chileno, consolidando la relevancia estrat\u00e9gica de la feria.","og_url":"https:\/\/www.mundoacuicola.cl\/new\/presidente-de-salmonchile-inaugura-seafood-show-latin-america-2025\/","og_site_name":"Mundoacuicola","article_publisher":"https:\/\/www.facebook.com\/mundo.acuicola\/","article_published_time":"2025-10-22T18:26:34+00:00","article_modified_time":"2025-10-24T09:37:13+00:00","og_image":[{"width":750,"height":400,"url":"https:\/\/www.mundoacuicola.cl\/new\/wp-content\/uploads\/2025\/10\/FeriaSaoPauloSalmonChile.jpeg","type":"image\/jpeg"}],"author":"Ricardo Alvarez","twitter_card":"summary_large_image","twitter_creator":"@mundoacuicola","twitter_site":"@mundoacuicola","twitter_misc":{"Escrito por":"Ricardo Alvarez","Tiempo de lectura":"2 minutos"},"schema":{"@context":"https:\/\/schema.org","@graph":[{"@type":"Article","@id":"https:\/\/www.mundoacuicola.cl\/new\/presidente-de-salmonchile-inaugura-seafood-show-latin-america-2025\/#article","isPartOf":{"@id":"https:\/\/www.mundoacuicola.cl\/new\/presidente-de-salmonchile-inaugura-seafood-show-latin-america-2025\/"},"author":{"name":"Ricardo Alvarez","@id":"https:\/\/www.mundoacuicola.cl\/new\/#\/schema\/person\/52cfe7e461eb2d30484965350ee34bdd"},"headline":"Presidente de SalmonChile inaugura Seafood Show Latin America 2025","datePublished":"2025-10-22T18:26:34+00:00","dateModified":"2025-10-24T09:37:13+00:00","mainEntityOfPage":{"@id":"https:\/\/www.mundoacuicola.cl\/new\/presidente-de-salmonchile-inaugura-seafood-show-latin-america-2025\/"},"wordCount":295,"publisher":{"@id":"https:\/\/www.mundoacuicola.cl\/new\/#organization"},"image":{"@id":"https:\/\/www.mundoacuicola.cl\/new\/presidente-de-salmonchile-inaugura-seafood-show-latin-america-2025\/#primaryimage"},"thumbnailUrl":"https:\/\/www.mundoacuicola.cl\/new\/wp-content\/uploads\/2025\/10\/FeriaSaoPauloSalmonChile.jpeg","keywords":["Arturo Cl\u00e9ment","Brasil","diversificaci\u00f3n comercial","Exportaciones","mercado brasile\u00f1o","Salm\u00f3n chileno","Salmonchile","Sao Paulo","Seafood Show Latin America 2025","Sebasti\u00e1n Depolo"],"articleSection":["Salmonicultura"],"inLanguage":"es"},{"@type":"WebPage","@id":"https:\/\/www.mundoacuicola.cl\/new\/presidente-de-salmonchile-inaugura-seafood-show-latin-america-2025\/","url":"https:\/\/www.mundoacuicola.cl\/new\/presidente-de-salmonchile-inaugura-seafood-show-latin-america-2025\/","name":"Presidente de SalmonChile inaugura Seafood Show Latin America 2025 - Mundoacuicola","isPartOf":{"@id":"https:\/\/www.mundoacuicola.cl\/new\/#website"},"primaryImageOfPage":{"@id":"https:\/\/www.mundoacuicola.cl\/new\/presidente-de-salmonchile-inaugura-seafood-show-latin-america-2025\/#primaryimage"},"image":{"@id":"https:\/\/www.mundoacuicola.cl\/new\/presidente-de-salmonchile-inaugura-seafood-show-latin-america-2025\/#primaryimage"},"thumbnailUrl":"https:\/\/www.mundoacuicola.cl\/new\/wp-content\/uploads\/2025\/10\/FeriaSaoPauloSalmonChile.jpeg","datePublished":"2025-10-22T18:26:34+00:00","dateModified":"2025-10-24T09:37:13+00:00","description":"Brasil se posiciona como tercer destino m\u00e1s importante para el salm\u00f3n chileno, consolidando la relevancia estrat\u00e9gica de la feria.","breadcrumb":{"@id":"https:\/\/www.mundoacuicola.cl\/new\/presidente-de-salmonchile-inaugura-seafood-show-latin-america-2025\/#breadcrumb"},"inLanguage":"es","potentialAction":[{"@type":"ReadAction","target":["https:\/\/www.mundoacuicola.cl\/new\/presidente-de-salmonchile-inaugura-seafood-show-latin-america-2025\/"]}]},{"@type":"ImageObject","inLanguage":"es","@id":"https:\/\/www.mundoacuicola.cl\/new\/presidente-de-salmonchile-inaugura-seafood-show-latin-america-2025\/#primaryimage","url":"https:\/\/www.mundoacuicola.cl\/new\/wp-content\/uploads\/2025\/10\/FeriaSaoPauloSalmonChile.jpeg","contentUrl":"https:\/\/www.mundoacuicola.cl\/new\/wp-content\/uploads\/2025\/10\/FeriaSaoPauloSalmonChile.jpeg","width":750,"height":400},{"@type":"BreadcrumbList","@id":"https:\/\/www.mundoacuicola.cl\/new\/presidente-de-salmonchile-inaugura-seafood-show-latin-america-2025\/#breadcrumb","itemListElement":[{"@type":"ListItem","position":1,"name":"Portada","item":"https:\/\/www.mundoacuicola.cl\/new\/"},{"@type":"ListItem","position":2,"name":"Presidente de SalmonChile inaugura Seafood Show Latin America 2025"}]},{"@type":"WebSite","@id":"https:\/\/www.mundoacuicola.cl\/new\/#website","url":"https:\/\/www.mundoacuicola.cl\/new\/","name":"Mundoacuicola","description":"Revista de Acuicultura.","publisher":{"@id":"https:\/\/www.mundoacuicola.cl\/new\/#organization"},"potentialAction":[{"@type":"SearchAction","target":{"@type":"EntryPoint","urlTemplate":"https:\/\/www.mundoacuicola.cl\/new\/?s={search_term_string}"},"query-input":{"@type":"PropertyValueSpecification","valueRequired":true,"valueName":"search_term_string"}}],"inLanguage":"es"},{"@type":"Organization","@id":"https:\/\/www.mundoacuicola.cl\/new\/#organization","name":"Mundoacuicola","url":"https:\/\/www.mundoacuicola.cl\/new\/","logo":{"@type":"ImageObject","inLanguage":"es","@id":"https:\/\/www.mundoacuicola.cl\/new\/#\/schema\/logo\/image\/","url":"https:\/\/www.mundoacuicola.cl\/new\/wp-content\/uploads\/2026\/01\/cropped-LOGO-Mundo-Acuicola-2026.png","contentUrl":"https:\/\/www.mundoacuicola.cl\/new\/wp-content\/uploads\/2026\/01\/cropped-LOGO-Mundo-Acuicola-2026.png","width":1252,"height":296,"caption":"Mundoacuicola"},"image":{"@id":"https:\/\/www.mundoacuicola.cl\/new\/#\/schema\/logo\/image\/"},"sameAs":["https:\/\/www.facebook.com\/mundo.acuicola\/","https:\/\/x.com\/mundoacuicola","https:\/\/www.linkedin.com\/in\/mundo-acuicola"]},{"@type":"Person","@id":"https:\/\/www.mundoacuicola.cl\/new\/#\/schema\/person\/52cfe7e461eb2d30484965350ee34bdd","name":"Ricardo Alvarez","url":"https:\/\/www.mundoacuicola.cl\/new\/author\/ricardo\/"}]}},"_links":{"self":[{"href":"https:\/\/www.mundoacuicola.cl\/new\/wp-json\/wp\/v2\/posts\/81958","targetHints":{"allow":["GET"]}}],"collection":[{"href":"https:\/\/www.mundoacuicola.cl\/new\/wp-json\/wp\/v2\/posts"}],"about":[{"href":"https:\/\/www.mundoacuicola.cl\/new\/wp-json\/wp\/v2\/types\/post"}],"author":[{"embeddable":true,"href":"https:\/\/www.mundoacuicola.cl\/new\/wp-json\/wp\/v2\/users\/8"}],"replies":[{"embeddable":true,"href":"https:\/\/www.mundoacuicola.cl\/new\/wp-json\/wp\/v2\/comments?post=81958"}],"version-history":[{"count":0,"href":"https:\/\/www.mundoacuicola.cl\/new\/wp-json\/wp\/v2\/posts\/81958\/revisions"}],"wp:featuredmedia":[{"embeddable":true,"href":"https:\/\/www.mundoacuicola.cl\/new\/wp-json\/wp\/v2\/media\/81959"}],"wp:attachment":[{"href":"https:\/\/www.mundoacuicola.cl\/new\/wp-json\/wp\/v2\/media?parent=81958"}],"wp:term":[{"taxonomy":"category","embeddable":true,"href":"https:\/\/www.mundoacuicola.cl\/new\/wp-json\/wp\/v2\/categories?post=81958"},{"taxonomy":"post_tag","embeddable":true,"href":"https:\/\/www.mundoacuicola.cl\/new\/wp-json\/wp\/v2\/tags?post=81958"}],"curies":[{"name":"wp","href":"https:\/\/api.w.org\/{rel}","templated":true}]}}