{"id":82321,"date":"2025-10-30T16:26:00","date_gmt":"2025-10-30T20:26:00","guid":{"rendered":"https:\/\/www.mundoacuicola.cl\/new\/?p=82321"},"modified":"2025-11-03T14:37:28","modified_gmt":"2025-11-03T18:37:28","slug":"funcionarios-de-sernapesca-emplazan-a-presidenciables-por-la-ley-de-pesca","status":"publish","type":"post","link":"https:\/\/www.mundoacuicola.cl\/new\/funcionarios-de-sernapesca-emplazan-a-presidenciables-por-la-ley-de-pesca\/","title":{"rendered":"Funcionarios de Sernapesca emplazan a presidenciables por la Ley de Pesca"},"content":{"rendered":"<p data-start=\"373\" data-end=\"762\">En el marco de su aniversario n\u00famero 30, la Asociaci\u00f3n de Funcionarios y Funcionarias del Servicio Nacional de Pesca y Acuicultura (AFUS) manifest\u00f3 su preocupaci\u00f3n ante la falta de propuestas claras en materia pesquera y acu\u00edcola por parte de las candidaturas presidenciales, as\u00ed como por la ausencia de avances del actual Gobierno en la implementaci\u00f3n efectiva de la nueva Ley de Pesca.<\/p>\n<p data-start=\"764\" data-end=\"1310\">Durante los \u00faltimos dos a\u00f1os, la AFUS, que agrupa a casi 800 asociados a nivel nacional, representando al 70 % de la dotaci\u00f3n del Servicio, ha sostenido una veintena de reuniones con autoridades de Gobierno para presentar las necesidades de fortalecimiento institucional y proponer un aumento en la recaudaci\u00f3n fiscal que permita que la labor fiscalizadora est\u00e9 a la altura de las demandas del sector. Sin embargo, denunciaron que a\u00fan no existen se\u00f1ales claras de compromiso pol\u00edtico para robustecer al Servicio Nacional de Pesca y Acuicultura.<\/p>\n<p data-start=\"1312\" data-end=\"1698\">\u201cEl debilitamiento de Sernapesca no solo impacta nuestras condiciones de trabajo; pone en riesgo el resguardo de los recursos marinos, la sostenibilidad de la actividad. La ausencia de definiciones pol\u00edticas claras no es una omisi\u00f3n t\u00e9cnica: es una se\u00f1al de desinter\u00e9s hacia la soberan\u00eda alimentaria y la sustentabilidad del pa\u00eds\u201d, expres\u00f3 el presidente nacional de AFUS, C\u00e9sar Acu\u00f1a.<\/p>\n<h3 data-start=\"1312\" data-end=\"1698\"><strong>En cifras<\/strong><\/h3>\n<p data-start=\"1700\" data-end=\"2018\">De acuerdo con cifras del gremio calificadas como \u00abalarmantes\u00bb, el presupuesto anual destinado al control y vigilancia representa apenas el 0,6 % de los ingresos de la industria fiscalizada. Esto se traduce en un fiscalizador cada 72 kil\u00f3metros de costa y menos de dos funcionarios por cada uno de los 585 puntos de desembarque pesquero del pa\u00eds.<\/p>\n<p data-start=\"2020\" data-end=\"2311\">Desde AFUS se\u00f1alaron que Chile necesita una pol\u00edtica pesquera y acu\u00edcola acorde con los desaf\u00edos actuales, reiterando su llamado al Gobierno y a quienes aspiran a gobernar a otorgar prioridad al fortalecimiento del Sernapesca y garantizar que la nueva Ley de Pesca se cumpla efectivamente.<\/p>\n<p data-start=\"2313\" data-end=\"2520\">\u00abSin recursos suficientes, personal id\u00f3neo y herramientas tecnol\u00f3gicas, se continuar\u00e1 favoreciendo a quienes lucran con la pesca ilegal y afectando la seguridad alimentaria del pa\u00eds\u00bb, concluy\u00f3 C\u00e9sar Acu\u00f1a.<\/p>\n","protected":false},"excerpt":{"rendered":"<p>El gremio de funcionarios pidi\u00f3 a los presidenciables definir compromisos claros con la Ley de Pesca y el fortalecimiento del Sernapesca.<\/p>\n","protected":false},"author":10,"featured_media":82322,"comment_status":"closed","ping_status":"closed","sticky":false,"template":"","format":"standard","meta":{"footnotes":""},"categories":[89],"tags":[143,27987,287,206,125,1766],"class_list":["post-82321","post","type-post","status-publish","format-standard","has-post-thumbnail","hentry","category-instituciones","tag-acuicultura","tag-afus","tag-ley-de-pesca","tag-pesca","tag-sernapesca","tag-servicio-nacional-de-pesca-y-acuicultura"],"yoast_head":"<!-- This site is optimized with the Yoast SEO plugin v27.5 - https:\/\/yoast.com\/product\/yoast-seo-wordpress\/ -->\n<title>Funcionarios de Sernapesca emplazan a presidenciables por la Ley de Pesca - Mundoacuicola<\/title>\n<meta name=\"description\" content=\"El gremio de funcionarios pidi\u00f3 a los presidenciables definir compromisos claros con la Ley de Pesca y el fortalecimiento del Sernapesca.\" \/>\n<meta name=\"robots\" content=\"index, follow, max-snippet:-1, max-image-preview:large, max-video-preview:-1\" \/>\n<link rel=\"canonical\" href=\"https:\/\/www.mundoacuicola.cl\/new\/funcionarios-de-sernapesca-emplazan-a-presidenciables-por-la-ley-de-pesca\/\" \/>\n<meta property=\"og:locale\" content=\"es_ES\" \/>\n<meta property=\"og:type\" content=\"article\" \/>\n<meta property=\"og:title\" content=\"Funcionarios de Sernapesca emplazan a presidenciables por la Ley de Pesca - Mundoacuicola\" \/>\n<meta property=\"og:description\" content=\"El gremio de funcionarios pidi\u00f3 a los presidenciables definir compromisos claros con la Ley de Pesca y el fortalecimiento del Sernapesca.\" \/>\n<meta property=\"og:url\" content=\"https:\/\/www.mundoacuicola.cl\/new\/funcionarios-de-sernapesca-emplazan-a-presidenciables-por-la-ley-de-pesca\/\" \/>\n<meta property=\"og:site_name\" content=\"Mundoacuicola\" \/>\n<meta property=\"article:publisher\" content=\"https:\/\/www.facebook.com\/mundo.acuicola\/\" \/>\n<meta property=\"article:published_time\" content=\"2025-10-30T20:26:00+00:00\" \/>\n<meta property=\"article:modified_time\" content=\"2025-11-03T18:37:28+00:00\" \/>\n<meta property=\"og:image\" content=\"https:\/\/www.mundoacuicola.cl\/new\/wp-content\/uploads\/2025\/10\/SernapescaFuncionarios.jpg\" \/>\n\t<meta property=\"og:image:width\" content=\"750\" \/>\n\t<meta property=\"og:image:height\" content=\"400\" \/>\n\t<meta property=\"og:image:type\" content=\"image\/jpeg\" \/>\n<meta name=\"author\" content=\"mbarrueto\" \/>\n<meta name=\"twitter:card\" content=\"summary_large_image\" \/>\n<meta name=\"twitter:creator\" content=\"@mundoacuicola\" \/>\n<meta name=\"twitter:site\" content=\"@mundoacuicola\" \/>\n<meta name=\"twitter:label1\" content=\"Escrito por\" \/>\n\t<meta name=\"twitter:data1\" content=\"mbarrueto\" \/>\n\t<meta name=\"twitter:label2\" content=\"Tiempo de lectura\" \/>\n\t<meta name=\"twitter:data2\" content=\"2 minutos\" \/>\n<script type=\"application\/ld+json\" class=\"yoast-schema-graph\">{\"@context\":\"https:\\\/\\\/schema.org\",\"@graph\":[{\"@type\":\"Article\",\"@id\":\"https:\\\/\\\/www.mundoacuicola.cl\\\/new\\\/funcionarios-de-sernapesca-emplazan-a-presidenciables-por-la-ley-de-pesca\\\/#article\",\"isPartOf\":{\"@id\":\"https:\\\/\\\/www.mundoacuicola.cl\\\/new\\\/funcionarios-de-sernapesca-emplazan-a-presidenciables-por-la-ley-de-pesca\\\/\"},\"author\":{\"name\":\"mbarrueto\",\"@id\":\"https:\\\/\\\/www.mundoacuicola.cl\\\/new\\\/#\\\/schema\\\/person\\\/c00ffe389abb88bd9254653add139315\"},\"headline\":\"Funcionarios de Sernapesca emplazan a presidenciables por la Ley de Pesca\",\"datePublished\":\"2025-10-30T20:26:00+00:00\",\"dateModified\":\"2025-11-03T18:37:28+00:00\",\"mainEntityOfPage\":{\"@id\":\"https:\\\/\\\/www.mundoacuicola.cl\\\/new\\\/funcionarios-de-sernapesca-emplazan-a-presidenciables-por-la-ley-de-pesca\\\/\"},\"wordCount\":372,\"publisher\":{\"@id\":\"https:\\\/\\\/www.mundoacuicola.cl\\\/new\\\/#organization\"},\"image\":{\"@id\":\"https:\\\/\\\/www.mundoacuicola.cl\\\/new\\\/funcionarios-de-sernapesca-emplazan-a-presidenciables-por-la-ley-de-pesca\\\/#primaryimage\"},\"thumbnailUrl\":\"https:\\\/\\\/www.mundoacuicola.cl\\\/new\\\/wp-content\\\/uploads\\\/2025\\\/10\\\/SernapescaFuncionarios.jpg\",\"keywords\":[\"Acuicultura\",\"AFUS\",\"Ley de Pesca\",\"Pesca\",\"Sernapesca\",\"Servicio Nacional de Pesca y Acuicultura\"],\"articleSection\":[\"Instituciones\"],\"inLanguage\":\"es\"},{\"@type\":\"WebPage\",\"@id\":\"https:\\\/\\\/www.mundoacuicola.cl\\\/new\\\/funcionarios-de-sernapesca-emplazan-a-presidenciables-por-la-ley-de-pesca\\\/\",\"url\":\"https:\\\/\\\/www.mundoacuicola.cl\\\/new\\\/funcionarios-de-sernapesca-emplazan-a-presidenciables-por-la-ley-de-pesca\\\/\",\"name\":\"Funcionarios de Sernapesca emplazan a presidenciables por la Ley de Pesca - Mundoacuicola\",\"isPartOf\":{\"@id\":\"https:\\\/\\\/www.mundoacuicola.cl\\\/new\\\/#website\"},\"primaryImageOfPage\":{\"@id\":\"https:\\\/\\\/www.mundoacuicola.cl\\\/new\\\/funcionarios-de-sernapesca-emplazan-a-presidenciables-por-la-ley-de-pesca\\\/#primaryimage\"},\"image\":{\"@id\":\"https:\\\/\\\/www.mundoacuicola.cl\\\/new\\\/funcionarios-de-sernapesca-emplazan-a-presidenciables-por-la-ley-de-pesca\\\/#primaryimage\"},\"thumbnailUrl\":\"https:\\\/\\\/www.mundoacuicola.cl\\\/new\\\/wp-content\\\/uploads\\\/2025\\\/10\\\/SernapescaFuncionarios.jpg\",\"datePublished\":\"2025-10-30T20:26:00+00:00\",\"dateModified\":\"2025-11-03T18:37:28+00:00\",\"description\":\"El gremio de funcionarios pidi\u00f3 a los presidenciables definir compromisos claros con la Ley de Pesca y el fortalecimiento del Sernapesca.\",\"breadcrumb\":{\"@id\":\"https:\\\/\\\/www.mundoacuicola.cl\\\/new\\\/funcionarios-de-sernapesca-emplazan-a-presidenciables-por-la-ley-de-pesca\\\/#breadcrumb\"},\"inLanguage\":\"es\",\"potentialAction\":[{\"@type\":\"ReadAction\",\"target\":[\"https:\\\/\\\/www.mundoacuicola.cl\\\/new\\\/funcionarios-de-sernapesca-emplazan-a-presidenciables-por-la-ley-de-pesca\\\/\"]}]},{\"@type\":\"ImageObject\",\"inLanguage\":\"es\",\"@id\":\"https:\\\/\\\/www.mundoacuicola.cl\\\/new\\\/funcionarios-de-sernapesca-emplazan-a-presidenciables-por-la-ley-de-pesca\\\/#primaryimage\",\"url\":\"https:\\\/\\\/www.mundoacuicola.cl\\\/new\\\/wp-content\\\/uploads\\\/2025\\\/10\\\/SernapescaFuncionarios.jpg\",\"contentUrl\":\"https:\\\/\\\/www.mundoacuicola.cl\\\/new\\\/wp-content\\\/uploads\\\/2025\\\/10\\\/SernapescaFuncionarios.jpg\",\"width\":750,\"height\":400},{\"@type\":\"BreadcrumbList\",\"@id\":\"https:\\\/\\\/www.mundoacuicola.cl\\\/new\\\/funcionarios-de-sernapesca-emplazan-a-presidenciables-por-la-ley-de-pesca\\\/#breadcrumb\",\"itemListElement\":[{\"@type\":\"ListItem\",\"position\":1,\"name\":\"Portada\",\"item\":\"https:\\\/\\\/www.mundoacuicola.cl\\\/new\\\/\"},{\"@type\":\"ListItem\",\"position\":2,\"name\":\"Funcionarios de Sernapesca emplazan a presidenciables por la Ley de Pesca\"}]},{\"@type\":\"WebSite\",\"@id\":\"https:\\\/\\\/www.mundoacuicola.cl\\\/new\\\/#website\",\"url\":\"https:\\\/\\\/www.mundoacuicola.cl\\\/new\\\/\",\"name\":\"Mundoacuicola\",\"description\":\"Revista de Acuicultura.\",\"publisher\":{\"@id\":\"https:\\\/\\\/www.mundoacuicola.cl\\\/new\\\/#organization\"},\"potentialAction\":[{\"@type\":\"SearchAction\",\"target\":{\"@type\":\"EntryPoint\",\"urlTemplate\":\"https:\\\/\\\/www.mundoacuicola.cl\\\/new\\\/?s={search_term_string}\"},\"query-input\":{\"@type\":\"PropertyValueSpecification\",\"valueRequired\":true,\"valueName\":\"search_term_string\"}}],\"inLanguage\":\"es\"},{\"@type\":\"Organization\",\"@id\":\"https:\\\/\\\/www.mundoacuicola.cl\\\/new\\\/#organization\",\"name\":\"Mundoacuicola\",\"url\":\"https:\\\/\\\/www.mundoacuicola.cl\\\/new\\\/\",\"logo\":{\"@type\":\"ImageObject\",\"inLanguage\":\"es\",\"@id\":\"https:\\\/\\\/www.mundoacuicola.cl\\\/new\\\/#\\\/schema\\\/logo\\\/image\\\/\",\"url\":\"https:\\\/\\\/www.mundoacuicola.cl\\\/new\\\/wp-content\\\/uploads\\\/2026\\\/01\\\/cropped-LOGO-Mundo-Acuicola-2026.png\",\"contentUrl\":\"https:\\\/\\\/www.mundoacuicola.cl\\\/new\\\/wp-content\\\/uploads\\\/2026\\\/01\\\/cropped-LOGO-Mundo-Acuicola-2026.png\",\"width\":1252,\"height\":296,\"caption\":\"Mundoacuicola\"},\"image\":{\"@id\":\"https:\\\/\\\/www.mundoacuicola.cl\\\/new\\\/#\\\/schema\\\/logo\\\/image\\\/\"},\"sameAs\":[\"https:\\\/\\\/www.facebook.com\\\/mundo.acuicola\\\/\",\"https:\\\/\\\/x.com\\\/mundoacuicola\",\"https:\\\/\\\/www.linkedin.com\\\/in\\\/mundo-acuicola\"]},{\"@type\":\"Person\",\"@id\":\"https:\\\/\\\/www.mundoacuicola.cl\\\/new\\\/#\\\/schema\\\/person\\\/c00ffe389abb88bd9254653add139315\",\"name\":\"mbarrueto\",\"url\":\"https:\\\/\\\/www.mundoacuicola.cl\\\/new\\\/author\\\/mbarrueto\\\/\"}]}<\/script>\n<!-- \/ Yoast SEO plugin. -->","yoast_head_json":{"title":"Funcionarios de Sernapesca emplazan a presidenciables por la Ley de Pesca - Mundoacuicola","description":"El gremio de funcionarios pidi\u00f3 a los presidenciables definir compromisos claros con la Ley de Pesca y el fortalecimiento del Sernapesca.","robots":{"index":"index","follow":"follow","max-snippet":"max-snippet:-1","max-image-preview":"max-image-preview:large","max-video-preview":"max-video-preview:-1"},"canonical":"https:\/\/www.mundoacuicola.cl\/new\/funcionarios-de-sernapesca-emplazan-a-presidenciables-por-la-ley-de-pesca\/","og_locale":"es_ES","og_type":"article","og_title":"Funcionarios de Sernapesca emplazan a presidenciables por la Ley de Pesca - Mundoacuicola","og_description":"El gremio de funcionarios pidi\u00f3 a los presidenciables definir compromisos claros con la Ley de Pesca y el fortalecimiento del Sernapesca.","og_url":"https:\/\/www.mundoacuicola.cl\/new\/funcionarios-de-sernapesca-emplazan-a-presidenciables-por-la-ley-de-pesca\/","og_site_name":"Mundoacuicola","article_publisher":"https:\/\/www.facebook.com\/mundo.acuicola\/","article_published_time":"2025-10-30T20:26:00+00:00","article_modified_time":"2025-11-03T18:37:28+00:00","og_image":[{"width":750,"height":400,"url":"https:\/\/www.mundoacuicola.cl\/new\/wp-content\/uploads\/2025\/10\/SernapescaFuncionarios.jpg","type":"image\/jpeg"}],"author":"mbarrueto","twitter_card":"summary_large_image","twitter_creator":"@mundoacuicola","twitter_site":"@mundoacuicola","twitter_misc":{"Escrito por":"mbarrueto","Tiempo de lectura":"2 minutos"},"schema":{"@context":"https:\/\/schema.org","@graph":[{"@type":"Article","@id":"https:\/\/www.mundoacuicola.cl\/new\/funcionarios-de-sernapesca-emplazan-a-presidenciables-por-la-ley-de-pesca\/#article","isPartOf":{"@id":"https:\/\/www.mundoacuicola.cl\/new\/funcionarios-de-sernapesca-emplazan-a-presidenciables-por-la-ley-de-pesca\/"},"author":{"name":"mbarrueto","@id":"https:\/\/www.mundoacuicola.cl\/new\/#\/schema\/person\/c00ffe389abb88bd9254653add139315"},"headline":"Funcionarios de Sernapesca emplazan a presidenciables por la Ley de Pesca","datePublished":"2025-10-30T20:26:00+00:00","dateModified":"2025-11-03T18:37:28+00:00","mainEntityOfPage":{"@id":"https:\/\/www.mundoacuicola.cl\/new\/funcionarios-de-sernapesca-emplazan-a-presidenciables-por-la-ley-de-pesca\/"},"wordCount":372,"publisher":{"@id":"https:\/\/www.mundoacuicola.cl\/new\/#organization"},"image":{"@id":"https:\/\/www.mundoacuicola.cl\/new\/funcionarios-de-sernapesca-emplazan-a-presidenciables-por-la-ley-de-pesca\/#primaryimage"},"thumbnailUrl":"https:\/\/www.mundoacuicola.cl\/new\/wp-content\/uploads\/2025\/10\/SernapescaFuncionarios.jpg","keywords":["Acuicultura","AFUS","Ley de Pesca","Pesca","Sernapesca","Servicio Nacional de Pesca y Acuicultura"],"articleSection":["Instituciones"],"inLanguage":"es"},{"@type":"WebPage","@id":"https:\/\/www.mundoacuicola.cl\/new\/funcionarios-de-sernapesca-emplazan-a-presidenciables-por-la-ley-de-pesca\/","url":"https:\/\/www.mundoacuicola.cl\/new\/funcionarios-de-sernapesca-emplazan-a-presidenciables-por-la-ley-de-pesca\/","name":"Funcionarios de Sernapesca emplazan a presidenciables por la Ley de Pesca - Mundoacuicola","isPartOf":{"@id":"https:\/\/www.mundoacuicola.cl\/new\/#website"},"primaryImageOfPage":{"@id":"https:\/\/www.mundoacuicola.cl\/new\/funcionarios-de-sernapesca-emplazan-a-presidenciables-por-la-ley-de-pesca\/#primaryimage"},"image":{"@id":"https:\/\/www.mundoacuicola.cl\/new\/funcionarios-de-sernapesca-emplazan-a-presidenciables-por-la-ley-de-pesca\/#primaryimage"},"thumbnailUrl":"https:\/\/www.mundoacuicola.cl\/new\/wp-content\/uploads\/2025\/10\/SernapescaFuncionarios.jpg","datePublished":"2025-10-30T20:26:00+00:00","dateModified":"2025-11-03T18:37:28+00:00","description":"El gremio de funcionarios pidi\u00f3 a los presidenciables definir compromisos claros con la Ley de Pesca y el fortalecimiento del Sernapesca.","breadcrumb":{"@id":"https:\/\/www.mundoacuicola.cl\/new\/funcionarios-de-sernapesca-emplazan-a-presidenciables-por-la-ley-de-pesca\/#breadcrumb"},"inLanguage":"es","potentialAction":[{"@type":"ReadAction","target":["https:\/\/www.mundoacuicola.cl\/new\/funcionarios-de-sernapesca-emplazan-a-presidenciables-por-la-ley-de-pesca\/"]}]},{"@type":"ImageObject","inLanguage":"es","@id":"https:\/\/www.mundoacuicola.cl\/new\/funcionarios-de-sernapesca-emplazan-a-presidenciables-por-la-ley-de-pesca\/#primaryimage","url":"https:\/\/www.mundoacuicola.cl\/new\/wp-content\/uploads\/2025\/10\/SernapescaFuncionarios.jpg","contentUrl":"https:\/\/www.mundoacuicola.cl\/new\/wp-content\/uploads\/2025\/10\/SernapescaFuncionarios.jpg","width":750,"height":400},{"@type":"BreadcrumbList","@id":"https:\/\/www.mundoacuicola.cl\/new\/funcionarios-de-sernapesca-emplazan-a-presidenciables-por-la-ley-de-pesca\/#breadcrumb","itemListElement":[{"@type":"ListItem","position":1,"name":"Portada","item":"https:\/\/www.mundoacuicola.cl\/new\/"},{"@type":"ListItem","position":2,"name":"Funcionarios de Sernapesca emplazan a presidenciables por la Ley de Pesca"}]},{"@type":"WebSite","@id":"https:\/\/www.mundoacuicola.cl\/new\/#website","url":"https:\/\/www.mundoacuicola.cl\/new\/","name":"Mundoacuicola","description":"Revista de Acuicultura.","publisher":{"@id":"https:\/\/www.mundoacuicola.cl\/new\/#organization"},"potentialAction":[{"@type":"SearchAction","target":{"@type":"EntryPoint","urlTemplate":"https:\/\/www.mundoacuicola.cl\/new\/?s={search_term_string}"},"query-input":{"@type":"PropertyValueSpecification","valueRequired":true,"valueName":"search_term_string"}}],"inLanguage":"es"},{"@type":"Organization","@id":"https:\/\/www.mundoacuicola.cl\/new\/#organization","name":"Mundoacuicola","url":"https:\/\/www.mundoacuicola.cl\/new\/","logo":{"@type":"ImageObject","inLanguage":"es","@id":"https:\/\/www.mundoacuicola.cl\/new\/#\/schema\/logo\/image\/","url":"https:\/\/www.mundoacuicola.cl\/new\/wp-content\/uploads\/2026\/01\/cropped-LOGO-Mundo-Acuicola-2026.png","contentUrl":"https:\/\/www.mundoacuicola.cl\/new\/wp-content\/uploads\/2026\/01\/cropped-LOGO-Mundo-Acuicola-2026.png","width":1252,"height":296,"caption":"Mundoacuicola"},"image":{"@id":"https:\/\/www.mundoacuicola.cl\/new\/#\/schema\/logo\/image\/"},"sameAs":["https:\/\/www.facebook.com\/mundo.acuicola\/","https:\/\/x.com\/mundoacuicola","https:\/\/www.linkedin.com\/in\/mundo-acuicola"]},{"@type":"Person","@id":"https:\/\/www.mundoacuicola.cl\/new\/#\/schema\/person\/c00ffe389abb88bd9254653add139315","name":"mbarrueto","url":"https:\/\/www.mundoacuicola.cl\/new\/author\/mbarrueto\/"}]}},"_links":{"self":[{"href":"https:\/\/www.mundoacuicola.cl\/new\/wp-json\/wp\/v2\/posts\/82321","targetHints":{"allow":["GET"]}}],"collection":[{"href":"https:\/\/www.mundoacuicola.cl\/new\/wp-json\/wp\/v2\/posts"}],"about":[{"href":"https:\/\/www.mundoacuicola.cl\/new\/wp-json\/wp\/v2\/types\/post"}],"author":[{"embeddable":true,"href":"https:\/\/www.mundoacuicola.cl\/new\/wp-json\/wp\/v2\/users\/10"}],"replies":[{"embeddable":true,"href":"https:\/\/www.mundoacuicola.cl\/new\/wp-json\/wp\/v2\/comments?post=82321"}],"version-history":[{"count":0,"href":"https:\/\/www.mundoacuicola.cl\/new\/wp-json\/wp\/v2\/posts\/82321\/revisions"}],"wp:featuredmedia":[{"embeddable":true,"href":"https:\/\/www.mundoacuicola.cl\/new\/wp-json\/wp\/v2\/media\/82322"}],"wp:attachment":[{"href":"https:\/\/www.mundoacuicola.cl\/new\/wp-json\/wp\/v2\/media?parent=82321"}],"wp:term":[{"taxonomy":"category","embeddable":true,"href":"https:\/\/www.mundoacuicola.cl\/new\/wp-json\/wp\/v2\/categories?post=82321"},{"taxonomy":"post_tag","embeddable":true,"href":"https:\/\/www.mundoacuicola.cl\/new\/wp-json\/wp\/v2\/tags?post=82321"}],"curies":[{"name":"wp","href":"https:\/\/api.w.org\/{rel}","templated":true}]}}